{"id":227930,"date":"2024-01-19T09:01:58","date_gmt":"2024-01-19T08:01:58","guid":{"rendered":"https:\/\/tuzlainfo.ba\/?p=227930"},"modified":"2024-01-19T08:31:06","modified_gmt":"2024-01-19T07:31:06","slug":"savjetnik-ambasade-sad-u-bih-posjetio-muftiju-tuzlanskog","status":"publish","type":"post","link":"https:\/\/tuzlainfo.ba\/index.php\/novosti\/item\/227930-savjetnik-ambasade-sad-u-bih-posjetio-muftiju-tuzlanskog\/","title":{"rendered":"Savjetnik Ambasade SAD u BiH posjetio muftiju tuzlanskog"},"content":{"rendered":"<p>Muftiju tuzlanskog dr. Vahid-ef. Fazlovi\u0107a u srijedu, 17. januara ove godine, posjetio je gospodin Jeremy Spector, savjetnik za ljudska prava i vjerske slobode u Ambasadi Sjedinjenih Ameri\u010dkih Dr\u017eava u BiH.<\/p>\n<p>Razgovarano je o temeljnim ljudskim pravima i pote\u0161ko\u0107ama koje u njihovom ostvarivanju imaju Bo\u0161njaci u Podrinju, zna\u010daju me\u0111ureligijskog dijaloga u Bosni i Hercegovini i ulozi vjerskih zajednica u izgradnji povjerenja me\u0111u ljudima.<\/p>\n<p>Muftija Fazlovi\u0107 je ovom prilikom istakao uspje\u0161nu saradnja Muftijstva tuzlanskog i Ambasade SAD u BiH na nekoliko obrazovnih programa koji se ve\u0107 dvije decenije realiziraju u Behram-begovoj medresi.<\/p>\n","protected":false},"excerpt":{"rendered":"<p>Muftiju tuzlanskog dr. Vahid-ef. Fazlovi\u0107a u srijedu, 17. januara ove godine, posjetio je gospodin Jeremy Spector, savjetnik za ljudska prava i vjerske slobode u Ambasadi Sjedinjenih Ameri\u010dkih Dr\u017eava u BiH. Razgovarano je o temeljnim ljudskim pravima i pote\u0161ko\u0107ama koje u njihovom ostvarivanju imaju Bo\u0161njaci u Podrinju, zna\u010daju me\u0111ureligijskog dijaloga u Bosni i Hercegovini i ulozi [&hellip;]<\/p>\n","protected":false},"author":2,"featured_media":227931,"comment_status":"closed","ping_status":"closed","sticky":false,"template":"","format":"standard","meta":{"footnotes":""},"categories":[12],"tags":[9426,2018],"class_list":["post-227930","post","type-post","status-publish","format-standard","has-post-thumbnail","hentry","category-novosti","tag-americka-ambasada-u-bih","tag-muftija-tuzlanski"],"yoast_head":"<!-- This site is optimized with the Yoast SEO plugin v28.4 - https:\/\/yoast.com\/product\/yoast-seo-wordpress\/ -->\n<title>Savjetnik Ambasade SAD u BiH posjetio muftiju tuzlanskog<\/title>\n<meta name=\"robots\" content=\"index, follow, max-snippet:-1, max-image-preview:large, max-video-preview:-1\" \/>\n<link rel=\"canonical\" href=\"https:\/\/tuzlainfo.ba\/index.php\/novosti\/item\/227930-savjetnik-ambasade-sad-u-bih-posjetio-muftiju-tuzlanskog\/\" \/>\n<meta property=\"og:locale\" content=\"bs_BA\" \/>\n<meta property=\"og:type\" content=\"article\" \/>\n<meta property=\"og:title\" content=\"Savjetnik Ambasade SAD u BiH posjetio muftiju tuzlanskog\" \/>\n<meta property=\"og:description\" content=\"Muftiju tuzlanskog dr. Vahid-ef. Fazlovi\u0107a u srijedu, 17. januara ove godine, posjetio je gospodin Jeremy Spector, savjetnik za ljudska prava i vjerske slobode u Ambasadi Sjedinjenih Ameri\u010dkih Dr\u017eava u BiH. Razgovarano je o temeljnim ljudskim pravima i pote\u0161ko\u0107ama koje u njihovom ostvarivanju imaju Bo\u0161njaci u Podrinju, zna\u010daju me\u0111ureligijskog dijaloga u Bosni i Hercegovini i ulozi [&hellip;]\" \/>\n<meta property=\"og:url\" content=\"https:\/\/tuzlainfo.ba\/index.php\/novosti\/item\/227930-savjetnik-ambasade-sad-u-bih-posjetio-muftiju-tuzlanskog\/\" \/>\n<meta property=\"og:site_name\" content=\"TuzlaInfo.ba\" \/>\n<meta property=\"article:publisher\" content=\"https:\/\/www.facebook.com\/tuzlainfo.ba\/\" \/>\n<meta property=\"article:published_time\" content=\"2024-01-19T08:01:58+00:00\" \/>\n<meta property=\"og:image\" content=\"https:\/\/tuzlainfo.ba\/wp-content\/uploads\/2024\/01\/1901_muft.jpg\" \/>\n\t<meta property=\"og:image:width\" content=\"1000\" \/>\n\t<meta property=\"og:image:height\" content=\"641\" \/>\n\t<meta property=\"og:image:type\" content=\"image\/jpeg\" \/>\n<meta name=\"author\" content=\"nedim\" \/>\n<meta name=\"twitter:card\" content=\"summary_large_image\" \/>\n<meta name=\"twitter:label1\" content=\"Written by\" \/>\n\t<meta name=\"twitter:data1\" content=\"nedim\" \/>\n\t<meta name=\"twitter:label2\" content=\"Est. reading time\" \/>\n\t<meta name=\"twitter:data2\" content=\"1 minuta\" \/>\n<script type=\"application\/ld+json\" class=\"yoast-schema-graph\">{\"@context\":\"https:\\\/\\\/schema.org\",\"@graph\":[{\"@type\":\"Article\",\"@id\":\"https:\\\/\\\/tuzlainfo.ba\\\/index.php\\\/novosti\\\/item\\\/227930-savjetnik-ambasade-sad-u-bih-posjetio-muftiju-tuzlanskog\\\/#article\",\"isPartOf\":{\"@id\":\"https:\\\/\\\/tuzlainfo.ba\\\/index.php\\\/novosti\\\/item\\\/227930-savjetnik-ambasade-sad-u-bih-posjetio-muftiju-tuzlanskog\\\/\"},\"author\":{\"name\":\"nedim\",\"@id\":\"https:\\\/\\\/tuzlainfo.ba\\\/#\\\/schema\\\/person\\\/f434e20dc27ea133923aab08451b7f7f\"},\"headline\":\"Savjetnik Ambasade SAD u BiH posjetio muftiju tuzlanskog\",\"datePublished\":\"2024-01-19T08:01:58+00:00\",\"mainEntityOfPage\":{\"@id\":\"https:\\\/\\\/tuzlainfo.ba\\\/index.php\\\/novosti\\\/item\\\/227930-savjetnik-ambasade-sad-u-bih-posjetio-muftiju-tuzlanskog\\\/\"},\"wordCount\":107,\"publisher\":{\"@id\":\"https:\\\/\\\/tuzlainfo.ba\\\/#organization\"},\"image\":{\"@id\":\"https:\\\/\\\/tuzlainfo.ba\\\/index.php\\\/novosti\\\/item\\\/227930-savjetnik-ambasade-sad-u-bih-posjetio-muftiju-tuzlanskog\\\/#primaryimage\"},\"thumbnailUrl\":\"https:\\\/\\\/tuzlainfo.ba\\\/wp-content\\\/uploads\\\/2024\\\/01\\\/1901_muft.jpg\",\"keywords\":[\"ameri\u010dka ambasada u bih\",\"muftija tuzlanski\"],\"articleSection\":[\"Novosti\"],\"inLanguage\":\"bs-BA\",\"copyrightYear\":\"2024\",\"copyrightHolder\":{\"@id\":\"https:\\\/\\\/tuzlainfo.ba\\\/#organization\"}},{\"@type\":\"WebPage\",\"@id\":\"https:\\\/\\\/tuzlainfo.ba\\\/index.php\\\/novosti\\\/item\\\/227930-savjetnik-ambasade-sad-u-bih-posjetio-muftiju-tuzlanskog\\\/\",\"url\":\"https:\\\/\\\/tuzlainfo.ba\\\/index.php\\\/novosti\\\/item\\\/227930-savjetnik-ambasade-sad-u-bih-posjetio-muftiju-tuzlanskog\\\/\",\"name\":\"Savjetnik Ambasade SAD u BiH posjetio muftiju tuzlanskog\",\"isPartOf\":{\"@id\":\"https:\\\/\\\/tuzlainfo.ba\\\/#website\"},\"primaryImageOfPage\":{\"@id\":\"https:\\\/\\\/tuzlainfo.ba\\\/index.php\\\/novosti\\\/item\\\/227930-savjetnik-ambasade-sad-u-bih-posjetio-muftiju-tuzlanskog\\\/#primaryimage\"},\"image\":{\"@id\":\"https:\\\/\\\/tuzlainfo.ba\\\/index.php\\\/novosti\\\/item\\\/227930-savjetnik-ambasade-sad-u-bih-posjetio-muftiju-tuzlanskog\\\/#primaryimage\"},\"thumbnailUrl\":\"https:\\\/\\\/tuzlainfo.ba\\\/wp-content\\\/uploads\\\/2024\\\/01\\\/1901_muft.jpg\",\"datePublished\":\"2024-01-19T08:01:58+00:00\",\"breadcrumb\":{\"@id\":\"https:\\\/\\\/tuzlainfo.ba\\\/index.php\\\/novosti\\\/item\\\/227930-savjetnik-ambasade-sad-u-bih-posjetio-muftiju-tuzlanskog\\\/#breadcrumb\"},\"inLanguage\":\"bs-BA\",\"potentialAction\":[{\"@type\":\"ReadAction\",\"target\":[\"https:\\\/\\\/tuzlainfo.ba\\\/index.php\\\/novosti\\\/item\\\/227930-savjetnik-ambasade-sad-u-bih-posjetio-muftiju-tuzlanskog\\\/\"]}]},{\"@type\":\"ImageObject\",\"inLanguage\":\"bs-BA\",\"@id\":\"https:\\\/\\\/tuzlainfo.ba\\\/index.php\\\/novosti\\\/item\\\/227930-savjetnik-ambasade-sad-u-bih-posjetio-muftiju-tuzlanskog\\\/#primaryimage\",\"url\":\"https:\\\/\\\/tuzlainfo.ba\\\/wp-content\\\/uploads\\\/2024\\\/01\\\/1901_muft.jpg\",\"contentUrl\":\"https:\\\/\\\/tuzlainfo.ba\\\/wp-content\\\/uploads\\\/2024\\\/01\\\/1901_muft.jpg\",\"width\":1000,\"height\":641},{\"@type\":\"BreadcrumbList\",\"@id\":\"https:\\\/\\\/tuzlainfo.ba\\\/index.php\\\/novosti\\\/item\\\/227930-savjetnik-ambasade-sad-u-bih-posjetio-muftiju-tuzlanskog\\\/#breadcrumb\",\"itemListElement\":[{\"@type\":\"ListItem\",\"position\":1,\"name\":\"Home\",\"item\":\"https:\\\/\\\/tuzlainfo.ba\\\/\"},{\"@type\":\"ListItem\",\"position\":2,\"name\":\"Savjetnik Ambasade SAD u BiH posjetio muftiju tuzlanskog\"}]},{\"@type\":\"WebSite\",\"@id\":\"https:\\\/\\\/tuzlainfo.ba\\\/#website\",\"url\":\"https:\\\/\\\/tuzlainfo.ba\\\/\",\"name\":\"TuzlaInfo.ba\",\"description\":\"Tuzla info, gradski informator - Tuzla na dlanu\",\"publisher\":{\"@id\":\"https:\\\/\\\/tuzlainfo.ba\\\/#organization\"},\"potentialAction\":[{\"@type\":\"SearchAction\",\"target\":{\"@type\":\"EntryPoint\",\"urlTemplate\":\"https:\\\/\\\/tuzlainfo.ba\\\/?s={search_term_string}\"},\"query-input\":{\"@type\":\"PropertyValueSpecification\",\"valueRequired\":true,\"valueName\":\"search_term_string\"}}],\"inLanguage\":\"bs-BA\"},{\"@type\":\"Organization\",\"@id\":\"https:\\\/\\\/tuzlainfo.ba\\\/#organization\",\"name\":\"TuzlaInfo.ba\",\"url\":\"https:\\\/\\\/tuzlainfo.ba\\\/\",\"logo\":{\"@type\":\"ImageObject\",\"inLanguage\":\"bs-BA\",\"@id\":\"https:\\\/\\\/tuzlainfo.ba\\\/#\\\/schema\\\/logo\\\/image\\\/\",\"url\":\"https:\\\/\\\/tuzlainfo.ba\\\/wp-content\\\/uploads\\\/2021\\\/03\\\/logo-ver-3-1.png\",\"contentUrl\":\"https:\\\/\\\/tuzlainfo.ba\\\/wp-content\\\/uploads\\\/2021\\\/03\\\/logo-ver-3-1.png\",\"width\":350,\"height\":95,\"caption\":\"TuzlaInfo.ba\"},\"image\":{\"@id\":\"https:\\\/\\\/tuzlainfo.ba\\\/#\\\/schema\\\/logo\\\/image\\\/\"},\"sameAs\":[\"https:\\\/\\\/www.facebook.com\\\/tuzlainfo.ba\\\/\"]},{\"@type\":\"Person\",\"@id\":\"https:\\\/\\\/tuzlainfo.ba\\\/#\\\/schema\\\/person\\\/f434e20dc27ea133923aab08451b7f7f\",\"name\":\"nedim\",\"image\":{\"@type\":\"ImageObject\",\"inLanguage\":\"bs-BA\",\"@id\":\"https:\\\/\\\/secure.gravatar.com\\\/avatar\\\/5b928a2e7e70a54208d2eb6c1edcb75a5350d6ae97d5f0a701203d456823f6f3?s=96&d=mm&r=g\",\"url\":\"https:\\\/\\\/secure.gravatar.com\\\/avatar\\\/5b928a2e7e70a54208d2eb6c1edcb75a5350d6ae97d5f0a701203d456823f6f3?s=96&d=mm&r=g\",\"contentUrl\":\"https:\\\/\\\/secure.gravatar.com\\\/avatar\\\/5b928a2e7e70a54208d2eb6c1edcb75a5350d6ae97d5f0a701203d456823f6f3?s=96&d=mm&r=g\",\"caption\":\"nedim\"},\"description\":\"Tuzlainfo.ba pratite na dru\u0161tvenim mre\u017eama: Facebook, Instagram i Youtube. Svoje pri\u010de, upite i fotografije \u0161aljite na na\u0161u e-mail adresu.\"}]}<\/script>\n<!-- \/ Yoast SEO plugin. -->","yoast_head_json":{"title":"Savjetnik Ambasade SAD u BiH posjetio muftiju tuzlanskog","robots":{"index":"index","follow":"follow","max-snippet":"max-snippet:-1","max-image-preview":"max-image-preview:large","max-video-preview":"max-video-preview:-1"},"canonical":"https:\/\/tuzlainfo.ba\/index.php\/novosti\/item\/227930-savjetnik-ambasade-sad-u-bih-posjetio-muftiju-tuzlanskog\/","og_locale":"bs_BA","og_type":"article","og_title":"Savjetnik Ambasade SAD u BiH posjetio muftiju tuzlanskog","og_description":"Muftiju tuzlanskog dr. Vahid-ef. Fazlovi\u0107a u srijedu, 17. januara ove godine, posjetio je gospodin Jeremy Spector, savjetnik za ljudska prava i vjerske slobode u Ambasadi Sjedinjenih Ameri\u010dkih Dr\u017eava u BiH. Razgovarano je o temeljnim ljudskim pravima i pote\u0161ko\u0107ama koje u njihovom ostvarivanju imaju Bo\u0161njaci u Podrinju, zna\u010daju me\u0111ureligijskog dijaloga u Bosni i Hercegovini i ulozi [&hellip;]","og_url":"https:\/\/tuzlainfo.ba\/index.php\/novosti\/item\/227930-savjetnik-ambasade-sad-u-bih-posjetio-muftiju-tuzlanskog\/","og_site_name":"TuzlaInfo.ba","article_publisher":"https:\/\/www.facebook.com\/tuzlainfo.ba\/","article_published_time":"2024-01-19T08:01:58+00:00","og_image":[{"width":1000,"height":641,"url":"https:\/\/tuzlainfo.ba\/wp-content\/uploads\/2024\/01\/1901_muft.jpg","type":"image\/jpeg"}],"author":"nedim","twitter_card":"summary_large_image","twitter_misc":{"Written by":"nedim","Est. reading time":"1 minuta"},"schema":{"@context":"https:\/\/schema.org","@graph":[{"@type":"Article","@id":"https:\/\/tuzlainfo.ba\/index.php\/novosti\/item\/227930-savjetnik-ambasade-sad-u-bih-posjetio-muftiju-tuzlanskog\/#article","isPartOf":{"@id":"https:\/\/tuzlainfo.ba\/index.php\/novosti\/item\/227930-savjetnik-ambasade-sad-u-bih-posjetio-muftiju-tuzlanskog\/"},"author":{"name":"nedim","@id":"https:\/\/tuzlainfo.ba\/#\/schema\/person\/f434e20dc27ea133923aab08451b7f7f"},"headline":"Savjetnik Ambasade SAD u BiH posjetio muftiju tuzlanskog","datePublished":"2024-01-19T08:01:58+00:00","mainEntityOfPage":{"@id":"https:\/\/tuzlainfo.ba\/index.php\/novosti\/item\/227930-savjetnik-ambasade-sad-u-bih-posjetio-muftiju-tuzlanskog\/"},"wordCount":107,"publisher":{"@id":"https:\/\/tuzlainfo.ba\/#organization"},"image":{"@id":"https:\/\/tuzlainfo.ba\/index.php\/novosti\/item\/227930-savjetnik-ambasade-sad-u-bih-posjetio-muftiju-tuzlanskog\/#primaryimage"},"thumbnailUrl":"https:\/\/tuzlainfo.ba\/wp-content\/uploads\/2024\/01\/1901_muft.jpg","keywords":["ameri\u010dka ambasada u bih","muftija tuzlanski"],"articleSection":["Novosti"],"inLanguage":"bs-BA","copyrightYear":"2024","copyrightHolder":{"@id":"https:\/\/tuzlainfo.ba\/#organization"}},{"@type":"WebPage","@id":"https:\/\/tuzlainfo.ba\/index.php\/novosti\/item\/227930-savjetnik-ambasade-sad-u-bih-posjetio-muftiju-tuzlanskog\/","url":"https:\/\/tuzlainfo.ba\/index.php\/novosti\/item\/227930-savjetnik-ambasade-sad-u-bih-posjetio-muftiju-tuzlanskog\/","name":"Savjetnik Ambasade SAD u BiH posjetio muftiju tuzlanskog","isPartOf":{"@id":"https:\/\/tuzlainfo.ba\/#website"},"primaryImageOfPage":{"@id":"https:\/\/tuzlainfo.ba\/index.php\/novosti\/item\/227930-savjetnik-ambasade-sad-u-bih-posjetio-muftiju-tuzlanskog\/#primaryimage"},"image":{"@id":"https:\/\/tuzlainfo.ba\/index.php\/novosti\/item\/227930-savjetnik-ambasade-sad-u-bih-posjetio-muftiju-tuzlanskog\/#primaryimage"},"thumbnailUrl":"https:\/\/tuzlainfo.ba\/wp-content\/uploads\/2024\/01\/1901_muft.jpg","datePublished":"2024-01-19T08:01:58+00:00","breadcrumb":{"@id":"https:\/\/tuzlainfo.ba\/index.php\/novosti\/item\/227930-savjetnik-ambasade-sad-u-bih-posjetio-muftiju-tuzlanskog\/#breadcrumb"},"inLanguage":"bs-BA","potentialAction":[{"@type":"ReadAction","target":["https:\/\/tuzlainfo.ba\/index.php\/novosti\/item\/227930-savjetnik-ambasade-sad-u-bih-posjetio-muftiju-tuzlanskog\/"]}]},{"@type":"ImageObject","inLanguage":"bs-BA","@id":"https:\/\/tuzlainfo.ba\/index.php\/novosti\/item\/227930-savjetnik-ambasade-sad-u-bih-posjetio-muftiju-tuzlanskog\/#primaryimage","url":"https:\/\/tuzlainfo.ba\/wp-content\/uploads\/2024\/01\/1901_muft.jpg","contentUrl":"https:\/\/tuzlainfo.ba\/wp-content\/uploads\/2024\/01\/1901_muft.jpg","width":1000,"height":641},{"@type":"BreadcrumbList","@id":"https:\/\/tuzlainfo.ba\/index.php\/novosti\/item\/227930-savjetnik-ambasade-sad-u-bih-posjetio-muftiju-tuzlanskog\/#breadcrumb","itemListElement":[{"@type":"ListItem","position":1,"name":"Home","item":"https:\/\/tuzlainfo.ba\/"},{"@type":"ListItem","position":2,"name":"Savjetnik Ambasade SAD u BiH posjetio muftiju tuzlanskog"}]},{"@type":"WebSite","@id":"https:\/\/tuzlainfo.ba\/#website","url":"https:\/\/tuzlainfo.ba\/","name":"TuzlaInfo.ba","description":"Tuzla info, gradski informator - Tuzla na dlanu","publisher":{"@id":"https:\/\/tuzlainfo.ba\/#organization"},"potentialAction":[{"@type":"SearchAction","target":{"@type":"EntryPoint","urlTemplate":"https:\/\/tuzlainfo.ba\/?s={search_term_string}"},"query-input":{"@type":"PropertyValueSpecification","valueRequired":true,"valueName":"search_term_string"}}],"inLanguage":"bs-BA"},{"@type":"Organization","@id":"https:\/\/tuzlainfo.ba\/#organization","name":"TuzlaInfo.ba","url":"https:\/\/tuzlainfo.ba\/","logo":{"@type":"ImageObject","inLanguage":"bs-BA","@id":"https:\/\/tuzlainfo.ba\/#\/schema\/logo\/image\/","url":"https:\/\/tuzlainfo.ba\/wp-content\/uploads\/2021\/03\/logo-ver-3-1.png","contentUrl":"https:\/\/tuzlainfo.ba\/wp-content\/uploads\/2021\/03\/logo-ver-3-1.png","width":350,"height":95,"caption":"TuzlaInfo.ba"},"image":{"@id":"https:\/\/tuzlainfo.ba\/#\/schema\/logo\/image\/"},"sameAs":["https:\/\/www.facebook.com\/tuzlainfo.ba\/"]},{"@type":"Person","@id":"https:\/\/tuzlainfo.ba\/#\/schema\/person\/f434e20dc27ea133923aab08451b7f7f","name":"nedim","image":{"@type":"ImageObject","inLanguage":"bs-BA","@id":"https:\/\/secure.gravatar.com\/avatar\/5b928a2e7e70a54208d2eb6c1edcb75a5350d6ae97d5f0a701203d456823f6f3?s=96&d=mm&r=g","url":"https:\/\/secure.gravatar.com\/avatar\/5b928a2e7e70a54208d2eb6c1edcb75a5350d6ae97d5f0a701203d456823f6f3?s=96&d=mm&r=g","contentUrl":"https:\/\/secure.gravatar.com\/avatar\/5b928a2e7e70a54208d2eb6c1edcb75a5350d6ae97d5f0a701203d456823f6f3?s=96&d=mm&r=g","caption":"nedim"},"description":"Tuzlainfo.ba pratite na dru\u0161tvenim mre\u017eama: Facebook, Instagram i Youtube. Svoje pri\u010de, upite i fotografije \u0161aljite na na\u0161u e-mail adresu."}]}},"_links":{"self":[{"href":"https:\/\/tuzlainfo.ba\/index.php\/wp-json\/wp\/v2\/posts\/227930","targetHints":{"allow":["GET"]}}],"collection":[{"href":"https:\/\/tuzlainfo.ba\/index.php\/wp-json\/wp\/v2\/posts"}],"about":[{"href":"https:\/\/tuzlainfo.ba\/index.php\/wp-json\/wp\/v2\/types\/post"}],"author":[{"embeddable":true,"href":"https:\/\/tuzlainfo.ba\/index.php\/wp-json\/wp\/v2\/users\/2"}],"replies":[{"embeddable":true,"href":"https:\/\/tuzlainfo.ba\/index.php\/wp-json\/wp\/v2\/comments?post=227930"}],"version-history":[{"count":2,"href":"https:\/\/tuzlainfo.ba\/index.php\/wp-json\/wp\/v2\/posts\/227930\/revisions"}],"predecessor-version":[{"id":227940,"href":"https:\/\/tuzlainfo.ba\/index.php\/wp-json\/wp\/v2\/posts\/227930\/revisions\/227940"}],"wp:featuredmedia":[{"embeddable":true,"href":"https:\/\/tuzlainfo.ba\/index.php\/wp-json\/wp\/v2\/media\/227931"}],"wp:attachment":[{"href":"https:\/\/tuzlainfo.ba\/index.php\/wp-json\/wp\/v2\/media?parent=227930"}],"wp:term":[{"taxonomy":"category","embeddable":true,"href":"https:\/\/tuzlainfo.ba\/index.php\/wp-json\/wp\/v2\/categories?post=227930"},{"taxonomy":"post_tag","embeddable":true,"href":"https:\/\/tuzlainfo.ba\/index.php\/wp-json\/wp\/v2\/tags?post=227930"}],"curies":[{"name":"wp","href":"https:\/\/api.w.org\/{rel}","templated":true}]}}