{"id":227888,"date":"2024-01-18T13:05:48","date_gmt":"2024-01-18T12:05:48","guid":{"rendered":"https:\/\/tuzlainfo.ba\/?p=227888"},"modified":"2024-01-18T13:38:37","modified_gmt":"2024-01-18T12:38:37","slug":"human-gest-buregdzinice-iz-tuzle-odredili-termin-kada-ce-besplatno-dijeliti-pitu","status":"publish","type":"post","link":"https:\/\/tuzlainfo.ba\/index.php\/novosti\/item\/227888-human-gest-buregdzinice-iz-tuzle-odredili-termin-kada-ce-besplatno-dijeliti-pitu\/","title":{"rendered":"Human gest buregd\u017einice iz Tuzle: Odredili termin kada \u0107e besplatno dijeliti pitu!"},"content":{"rendered":"<div class=\"x11i5rnm xat24cr x1mh8g0r x1vvkbs xtlvy1s\">\n<p dir=\"auto\">Kolektiv\u00a0<a class=\"x1i10hfl xjbqb8w x6umtig x1b1mbwd xaqea5y xav7gou x9f619 x1ypdohk xt0psk2 xe8uvvx xdj266r x11i5rnm xat24cr x1mh8g0r xexx8yu x4uap5 x18d9i69 xkhd6sd x16tdsg8 x1hl2dhg xggy1nq x1a2a7pz xt0b8zv xzsf02u x1s688f\" tabindex=\"0\" role=\"link\" href=\"https:\/\/www.facebook.com\/profile.php?id=100089840765886&amp;__tn__=-]K\">Buregd\u017einica i Fast food &#8220;AS Sanin&#8221;<\/a> odlu\u010dio se da u ovim zimskim danima pru\u017ei podr\u0161ku gra\u0111anima Tuzle koji su u potrebi i kako su naveli u svojoj obavijesti, da ne dozvole da na\u0161 najbli\u017ei kom\u0161ija ili prijatelj zano\u0107i gladan sa svojom porodicom!<\/p>\n<\/div>\n<p dir=\"auto\">&#8211; Na\u0161 tim je odlu\u010dio da svakim danom u periodu od 18:30 do 19:00 omogu\u0107imo svakome ko nije u mogu\u0107nosti da priu\u0161ti, isproba na\u0161 najbolji proizvod PITU! Halal &#8211; istakli su iz \u00a0Buregd\u017einice i Fast fooda &#8220;AS Sanin&#8221; Tuzla.<\/p>\n<p>Pozvali su sve sugra\u0111ane da im pomognu tako \u0161to \u0107ete obavijestit poznanika ili nekoga ko je u potrebi za njihovu akciju, ili podijeliti njihov poziv putem dru\u0161tvenih mre\u017ea.<\/p>\n<p dir=\"auto\"><img fetchpriority=\"high\" decoding=\"async\" class=\"alignnone wp-image-218735 size-full\" src=\"https:\/\/tuzlainfo.ba\/wp-content\/uploads\/2023\/10\/0310_AS_sanin.jpg\" alt=\"\" width=\"1000\" height=\"590\" srcset=\"https:\/\/tuzlainfo.ba\/wp-content\/uploads\/2023\/10\/0310_AS_sanin.jpg 1000w, https:\/\/tuzlainfo.ba\/wp-content\/uploads\/2023\/10\/0310_AS_sanin-300x177.jpg 300w, https:\/\/tuzlainfo.ba\/wp-content\/uploads\/2023\/10\/0310_AS_sanin-768x453.jpg 768w, https:\/\/tuzlainfo.ba\/wp-content\/uploads\/2023\/10\/0310_AS_sanin-585x345.jpg 585w, https:\/\/tuzlainfo.ba\/wp-content\/uploads\/2023\/10\/0310_AS_sanin-150x89.jpg 150w, https:\/\/tuzlainfo.ba\/wp-content\/uploads\/2023\/10\/0310_AS_sanin-500x295.jpg 500w\" sizes=\"(max-width: 1000px) 100vw, 1000px\" \/><\/p>\n<div class=\"x11i5rnm xat24cr x1mh8g0r x1vvkbs xtlvy1s\">\n<p dir=\"auto\">Podsje\u0107amo, hahal buregd\u017einica i fast food \u201cAS Sanin\u201d je otvorena u oktobru pro\u0161le godine, a nalazi se u ulici Franje Markovi\u0107a bb, u tuzlanskom naselju Slavinovi\u0107i.<strong>\/Tuzlainfo\/<\/strong><\/p>\n<p dir=\"auto\">\n<\/div>\n","protected":false},"excerpt":{"rendered":"<p>Kolektiv\u00a0Buregd\u017einica i Fast food &#8220;AS Sanin&#8221; odlu\u010dio se da u ovim zimskim danima pru\u017ei podr\u0161ku&hellip;<\/p>\n","protected":false},"author":2,"featured_media":227889,"comment_status":"closed","ping_status":"closed","sticky":false,"template":"","format":"standard","meta":{"_acf_changed":false,"footnotes":""},"categories":[304,12,306],"tags":[9420,8391],"acf":[],"yoast_head":"<!-- This site is optimized with the Yoast SEO plugin v23.5 - https:\/\/yoast.com\/wordpress\/plugins\/seo\/ -->\n<title>Human gest buregd\u017einice iz Tuzle: Odredili termin kada \u0107e besplatno dijeliti pitu! - TuzlaInfo.ba<\/title>\n<meta name=\"robots\" content=\"index, follow, max-snippet:-1, max-image-preview:large, max-video-preview:-1\" \/>\n<link rel=\"canonical\" href=\"https:\/\/tuzlainfo.ba\/index.php\/novosti\/item\/227888-human-gest-buregdzinice-iz-tuzle-odredili-termin-kada-ce-besplatno-dijeliti-pitu\/\" \/>\n<meta property=\"og:locale\" content=\"bs_BA\" \/>\n<meta property=\"og:type\" content=\"article\" \/>\n<meta property=\"og:title\" content=\"Human gest buregd\u017einice iz Tuzle: Odredili termin kada \u0107e besplatno dijeliti pitu! - TuzlaInfo.ba\" \/>\n<meta property=\"og:description\" content=\"Kolektiv\u00a0Buregd\u017einica i Fast food &#8220;AS Sanin&#8221; odlu\u010dio se da u ovim zimskim danima pru\u017ei podr\u0161ku&hellip;\" \/>\n<meta property=\"og:url\" content=\"https:\/\/tuzlainfo.ba\/index.php\/novosti\/item\/227888-human-gest-buregdzinice-iz-tuzle-odredili-termin-kada-ce-besplatno-dijeliti-pitu\/\" \/>\n<meta property=\"og:site_name\" content=\"TuzlaInfo.ba\" \/>\n<meta property=\"article:publisher\" content=\"https:\/\/www.facebook.com\/tuzlainfo.ba\/\" \/>\n<meta property=\"article:published_time\" content=\"2024-01-18T12:05:48+00:00\" \/>\n<meta property=\"article:modified_time\" content=\"2024-01-18T12:38:37+00:00\" \/>\n<meta property=\"og:image\" content=\"https:\/\/tuzlainfo.ba\/wp-content\/uploads\/2024\/01\/1801_burek_pita.jpg\" \/>\n\t<meta property=\"og:image:width\" content=\"1000\" \/>\n\t<meta property=\"og:image:height\" content=\"796\" \/>\n\t<meta property=\"og:image:type\" content=\"image\/jpeg\" \/>\n<meta name=\"author\" content=\"nedim\" \/>\n<meta name=\"twitter:card\" content=\"summary_large_image\" \/>\n<meta name=\"twitter:label1\" content=\"Written by\" \/>\n\t<meta name=\"twitter:data1\" content=\"nedim\" \/>\n\t<meta name=\"twitter:label2\" content=\"Est. reading time\" \/>\n\t<meta name=\"twitter:data2\" content=\"1 minuta\" \/>\n<script type=\"application\/ld+json\" class=\"yoast-schema-graph\">{\"@context\":\"https:\/\/schema.org\",\"@graph\":[{\"@type\":\"Article\",\"@id\":\"https:\/\/tuzlainfo.ba\/index.php\/novosti\/item\/227888-human-gest-buregdzinice-iz-tuzle-odredili-termin-kada-ce-besplatno-dijeliti-pitu\/#article\",\"isPartOf\":{\"@id\":\"https:\/\/tuzlainfo.ba\/index.php\/novosti\/item\/227888-human-gest-buregdzinice-iz-tuzle-odredili-termin-kada-ce-besplatno-dijeliti-pitu\/\"},\"author\":{\"name\":\"nedim\",\"@id\":\"https:\/\/tuzlainfo.ba\/#\/schema\/person\/f434e20dc27ea133923aab08451b7f7f\"},\"headline\":\"Human gest buregd\u017einice iz Tuzle: Odredili termin kada \u0107e besplatno dijeliti pitu!\",\"datePublished\":\"2024-01-18T12:05:48+00:00\",\"dateModified\":\"2024-01-18T12:38:37+00:00\",\"mainEntityOfPage\":{\"@id\":\"https:\/\/tuzlainfo.ba\/index.php\/novosti\/item\/227888-human-gest-buregdzinice-iz-tuzle-odredili-termin-kada-ce-besplatno-dijeliti-pitu\/\"},\"wordCount\":169,\"publisher\":{\"@id\":\"https:\/\/tuzlainfo.ba\/#organization\"},\"image\":{\"@id\":\"https:\/\/tuzlainfo.ba\/index.php\/novosti\/item\/227888-human-gest-buregdzinice-iz-tuzle-odredili-termin-kada-ce-besplatno-dijeliti-pitu\/#primaryimage\"},\"thumbnailUrl\":\"https:\/\/tuzlainfo.ba\/wp-content\/uploads\/2024\/01\/1801_burek_pita.jpg\",\"keywords\":[\"buregd\u017einica sanin\",\"halal tuzla\"],\"articleSection\":[\"Istaknuto\",\"Novosti\",\"Preporu\u010dujemo\"],\"inLanguage\":\"bs-BA\"},{\"@type\":\"WebPage\",\"@id\":\"https:\/\/tuzlainfo.ba\/index.php\/novosti\/item\/227888-human-gest-buregdzinice-iz-tuzle-odredili-termin-kada-ce-besplatno-dijeliti-pitu\/\",\"url\":\"https:\/\/tuzlainfo.ba\/index.php\/novosti\/item\/227888-human-gest-buregdzinice-iz-tuzle-odredili-termin-kada-ce-besplatno-dijeliti-pitu\/\",\"name\":\"Human gest buregd\u017einice iz Tuzle: Odredili termin kada \u0107e besplatno dijeliti pitu! - TuzlaInfo.ba\",\"isPartOf\":{\"@id\":\"https:\/\/tuzlainfo.ba\/#website\"},\"primaryImageOfPage\":{\"@id\":\"https:\/\/tuzlainfo.ba\/index.php\/novosti\/item\/227888-human-gest-buregdzinice-iz-tuzle-odredili-termin-kada-ce-besplatno-dijeliti-pitu\/#primaryimage\"},\"image\":{\"@id\":\"https:\/\/tuzlainfo.ba\/index.php\/novosti\/item\/227888-human-gest-buregdzinice-iz-tuzle-odredili-termin-kada-ce-besplatno-dijeliti-pitu\/#primaryimage\"},\"thumbnailUrl\":\"https:\/\/tuzlainfo.ba\/wp-content\/uploads\/2024\/01\/1801_burek_pita.jpg\",\"datePublished\":\"2024-01-18T12:05:48+00:00\",\"dateModified\":\"2024-01-18T12:38:37+00:00\",\"breadcrumb\":{\"@id\":\"https:\/\/tuzlainfo.ba\/index.php\/novosti\/item\/227888-human-gest-buregdzinice-iz-tuzle-odredili-termin-kada-ce-besplatno-dijeliti-pitu\/#breadcrumb\"},\"inLanguage\":\"bs-BA\",\"potentialAction\":[{\"@type\":\"ReadAction\",\"target\":[\"https:\/\/tuzlainfo.ba\/index.php\/novosti\/item\/227888-human-gest-buregdzinice-iz-tuzle-odredili-termin-kada-ce-besplatno-dijeliti-pitu\/\"]}]},{\"@type\":\"ImageObject\",\"inLanguage\":\"bs-BA\",\"@id\":\"https:\/\/tuzlainfo.ba\/index.php\/novosti\/item\/227888-human-gest-buregdzinice-iz-tuzle-odredili-termin-kada-ce-besplatno-dijeliti-pitu\/#primaryimage\",\"url\":\"https:\/\/tuzlainfo.ba\/wp-content\/uploads\/2024\/01\/1801_burek_pita.jpg\",\"contentUrl\":\"https:\/\/tuzlainfo.ba\/wp-content\/uploads\/2024\/01\/1801_burek_pita.jpg\",\"width\":1000,\"height\":796},{\"@type\":\"BreadcrumbList\",\"@id\":\"https:\/\/tuzlainfo.ba\/index.php\/novosti\/item\/227888-human-gest-buregdzinice-iz-tuzle-odredili-termin-kada-ce-besplatno-dijeliti-pitu\/#breadcrumb\",\"itemListElement\":[{\"@type\":\"ListItem\",\"position\":1,\"name\":\"Home\",\"item\":\"https:\/\/tuzlainfo.ba\/\"},{\"@type\":\"ListItem\",\"position\":2,\"name\":\"Human gest buregd\u017einice iz Tuzle: Odredili termin kada \u0107e besplatno dijeliti pitu!\"}]},{\"@type\":\"WebSite\",\"@id\":\"https:\/\/tuzlainfo.ba\/#website\",\"url\":\"https:\/\/tuzlainfo.ba\/\",\"name\":\"TuzlaInfo.ba\",\"description\":\"Tuzla info, gradski informator - Tuzla na dlanu\",\"publisher\":{\"@id\":\"https:\/\/tuzlainfo.ba\/#organization\"},\"potentialAction\":[{\"@type\":\"SearchAction\",\"target\":{\"@type\":\"EntryPoint\",\"urlTemplate\":\"https:\/\/tuzlainfo.ba\/?s={search_term_string}\"},\"query-input\":{\"@type\":\"PropertyValueSpecification\",\"valueRequired\":true,\"valueName\":\"search_term_string\"}}],\"inLanguage\":\"bs-BA\"},{\"@type\":\"Organization\",\"@id\":\"https:\/\/tuzlainfo.ba\/#organization\",\"name\":\"TuzlaInfo.ba\",\"url\":\"https:\/\/tuzlainfo.ba\/\",\"logo\":{\"@type\":\"ImageObject\",\"inLanguage\":\"bs-BA\",\"@id\":\"https:\/\/tuzlainfo.ba\/#\/schema\/logo\/image\/\",\"url\":\"https:\/\/tuzlainfo.ba\/wp-content\/uploads\/2021\/03\/logo-ver-3-1.png\",\"contentUrl\":\"https:\/\/tuzlainfo.ba\/wp-content\/uploads\/2021\/03\/logo-ver-3-1.png\",\"width\":350,\"height\":95,\"caption\":\"TuzlaInfo.ba\"},\"image\":{\"@id\":\"https:\/\/tuzlainfo.ba\/#\/schema\/logo\/image\/\"},\"sameAs\":[\"https:\/\/www.facebook.com\/tuzlainfo.ba\/\"]},{\"@type\":\"Person\",\"@id\":\"https:\/\/tuzlainfo.ba\/#\/schema\/person\/f434e20dc27ea133923aab08451b7f7f\",\"name\":\"nedim\",\"image\":{\"@type\":\"ImageObject\",\"inLanguage\":\"bs-BA\",\"@id\":\"https:\/\/tuzlainfo.ba\/#\/schema\/person\/image\/\",\"url\":\"https:\/\/tuzlainfo.ba\/wp-content\/litespeed\/avatar\/aabad687af24844af817603ac1cbdc4f.jpg?ver=1777306975\",\"contentUrl\":\"https:\/\/tuzlainfo.ba\/wp-content\/litespeed\/avatar\/aabad687af24844af817603ac1cbdc4f.jpg?ver=1777306975\",\"caption\":\"nedim\"},\"description\":\"Tuzlainfo.ba pratite na dru\u0161tvenim mre\u017eama: Facebook, Instagram i Youtube. Svoje pri\u010de, upite i fotografije \u0161aljite na na\u0161u e-mail adresu.\"}]}<\/script>\n<!-- \/ Yoast SEO plugin. -->","yoast_head_json":{"title":"Human gest buregd\u017einice iz Tuzle: Odredili termin kada \u0107e besplatno dijeliti pitu! - TuzlaInfo.ba","robots":{"index":"index","follow":"follow","max-snippet":"max-snippet:-1","max-image-preview":"max-image-preview:large","max-video-preview":"max-video-preview:-1"},"canonical":"https:\/\/tuzlainfo.ba\/index.php\/novosti\/item\/227888-human-gest-buregdzinice-iz-tuzle-odredili-termin-kada-ce-besplatno-dijeliti-pitu\/","og_locale":"bs_BA","og_type":"article","og_title":"Human gest buregd\u017einice iz Tuzle: Odredili termin kada \u0107e besplatno dijeliti pitu! - TuzlaInfo.ba","og_description":"Kolektiv\u00a0Buregd\u017einica i Fast food &#8220;AS Sanin&#8221; odlu\u010dio se da u ovim zimskim danima pru\u017ei podr\u0161ku&hellip;","og_url":"https:\/\/tuzlainfo.ba\/index.php\/novosti\/item\/227888-human-gest-buregdzinice-iz-tuzle-odredili-termin-kada-ce-besplatno-dijeliti-pitu\/","og_site_name":"TuzlaInfo.ba","article_publisher":"https:\/\/www.facebook.com\/tuzlainfo.ba\/","article_published_time":"2024-01-18T12:05:48+00:00","article_modified_time":"2024-01-18T12:38:37+00:00","og_image":[{"width":1000,"height":796,"url":"https:\/\/tuzlainfo.ba\/wp-content\/uploads\/2024\/01\/1801_burek_pita.jpg","type":"image\/jpeg"}],"author":"nedim","twitter_card":"summary_large_image","twitter_misc":{"Written by":"nedim","Est. reading time":"1 minuta"},"schema":{"@context":"https:\/\/schema.org","@graph":[{"@type":"Article","@id":"https:\/\/tuzlainfo.ba\/index.php\/novosti\/item\/227888-human-gest-buregdzinice-iz-tuzle-odredili-termin-kada-ce-besplatno-dijeliti-pitu\/#article","isPartOf":{"@id":"https:\/\/tuzlainfo.ba\/index.php\/novosti\/item\/227888-human-gest-buregdzinice-iz-tuzle-odredili-termin-kada-ce-besplatno-dijeliti-pitu\/"},"author":{"name":"nedim","@id":"https:\/\/tuzlainfo.ba\/#\/schema\/person\/f434e20dc27ea133923aab08451b7f7f"},"headline":"Human gest buregd\u017einice iz Tuzle: Odredili termin kada \u0107e besplatno dijeliti pitu!","datePublished":"2024-01-18T12:05:48+00:00","dateModified":"2024-01-18T12:38:37+00:00","mainEntityOfPage":{"@id":"https:\/\/tuzlainfo.ba\/index.php\/novosti\/item\/227888-human-gest-buregdzinice-iz-tuzle-odredili-termin-kada-ce-besplatno-dijeliti-pitu\/"},"wordCount":169,"publisher":{"@id":"https:\/\/tuzlainfo.ba\/#organization"},"image":{"@id":"https:\/\/tuzlainfo.ba\/index.php\/novosti\/item\/227888-human-gest-buregdzinice-iz-tuzle-odredili-termin-kada-ce-besplatno-dijeliti-pitu\/#primaryimage"},"thumbnailUrl":"https:\/\/tuzlainfo.ba\/wp-content\/uploads\/2024\/01\/1801_burek_pita.jpg","keywords":["buregd\u017einica sanin","halal tuzla"],"articleSection":["Istaknuto","Novosti","Preporu\u010dujemo"],"inLanguage":"bs-BA"},{"@type":"WebPage","@id":"https:\/\/tuzlainfo.ba\/index.php\/novosti\/item\/227888-human-gest-buregdzinice-iz-tuzle-odredili-termin-kada-ce-besplatno-dijeliti-pitu\/","url":"https:\/\/tuzlainfo.ba\/index.php\/novosti\/item\/227888-human-gest-buregdzinice-iz-tuzle-odredili-termin-kada-ce-besplatno-dijeliti-pitu\/","name":"Human gest buregd\u017einice iz Tuzle: Odredili termin kada \u0107e besplatno dijeliti pitu! - TuzlaInfo.ba","isPartOf":{"@id":"https:\/\/tuzlainfo.ba\/#website"},"primaryImageOfPage":{"@id":"https:\/\/tuzlainfo.ba\/index.php\/novosti\/item\/227888-human-gest-buregdzinice-iz-tuzle-odredili-termin-kada-ce-besplatno-dijeliti-pitu\/#primaryimage"},"image":{"@id":"https:\/\/tuzlainfo.ba\/index.php\/novosti\/item\/227888-human-gest-buregdzinice-iz-tuzle-odredili-termin-kada-ce-besplatno-dijeliti-pitu\/#primaryimage"},"thumbnailUrl":"https:\/\/tuzlainfo.ba\/wp-content\/uploads\/2024\/01\/1801_burek_pita.jpg","datePublished":"2024-01-18T12:05:48+00:00","dateModified":"2024-01-18T12:38:37+00:00","breadcrumb":{"@id":"https:\/\/tuzlainfo.ba\/index.php\/novosti\/item\/227888-human-gest-buregdzinice-iz-tuzle-odredili-termin-kada-ce-besplatno-dijeliti-pitu\/#breadcrumb"},"inLanguage":"bs-BA","potentialAction":[{"@type":"ReadAction","target":["https:\/\/tuzlainfo.ba\/index.php\/novosti\/item\/227888-human-gest-buregdzinice-iz-tuzle-odredili-termin-kada-ce-besplatno-dijeliti-pitu\/"]}]},{"@type":"ImageObject","inLanguage":"bs-BA","@id":"https:\/\/tuzlainfo.ba\/index.php\/novosti\/item\/227888-human-gest-buregdzinice-iz-tuzle-odredili-termin-kada-ce-besplatno-dijeliti-pitu\/#primaryimage","url":"https:\/\/tuzlainfo.ba\/wp-content\/uploads\/2024\/01\/1801_burek_pita.jpg","contentUrl":"https:\/\/tuzlainfo.ba\/wp-content\/uploads\/2024\/01\/1801_burek_pita.jpg","width":1000,"height":796},{"@type":"BreadcrumbList","@id":"https:\/\/tuzlainfo.ba\/index.php\/novosti\/item\/227888-human-gest-buregdzinice-iz-tuzle-odredili-termin-kada-ce-besplatno-dijeliti-pitu\/#breadcrumb","itemListElement":[{"@type":"ListItem","position":1,"name":"Home","item":"https:\/\/tuzlainfo.ba\/"},{"@type":"ListItem","position":2,"name":"Human gest buregd\u017einice iz Tuzle: Odredili termin kada \u0107e besplatno dijeliti pitu!"}]},{"@type":"WebSite","@id":"https:\/\/tuzlainfo.ba\/#website","url":"https:\/\/tuzlainfo.ba\/","name":"TuzlaInfo.ba","description":"Tuzla info, gradski informator - Tuzla na dlanu","publisher":{"@id":"https:\/\/tuzlainfo.ba\/#organization"},"potentialAction":[{"@type":"SearchAction","target":{"@type":"EntryPoint","urlTemplate":"https:\/\/tuzlainfo.ba\/?s={search_term_string}"},"query-input":{"@type":"PropertyValueSpecification","valueRequired":true,"valueName":"search_term_string"}}],"inLanguage":"bs-BA"},{"@type":"Organization","@id":"https:\/\/tuzlainfo.ba\/#organization","name":"TuzlaInfo.ba","url":"https:\/\/tuzlainfo.ba\/","logo":{"@type":"ImageObject","inLanguage":"bs-BA","@id":"https:\/\/tuzlainfo.ba\/#\/schema\/logo\/image\/","url":"https:\/\/tuzlainfo.ba\/wp-content\/uploads\/2021\/03\/logo-ver-3-1.png","contentUrl":"https:\/\/tuzlainfo.ba\/wp-content\/uploads\/2021\/03\/logo-ver-3-1.png","width":350,"height":95,"caption":"TuzlaInfo.ba"},"image":{"@id":"https:\/\/tuzlainfo.ba\/#\/schema\/logo\/image\/"},"sameAs":["https:\/\/www.facebook.com\/tuzlainfo.ba\/"]},{"@type":"Person","@id":"https:\/\/tuzlainfo.ba\/#\/schema\/person\/f434e20dc27ea133923aab08451b7f7f","name":"nedim","image":{"@type":"ImageObject","inLanguage":"bs-BA","@id":"https:\/\/tuzlainfo.ba\/#\/schema\/person\/image\/","url":"https:\/\/tuzlainfo.ba\/wp-content\/litespeed\/avatar\/aabad687af24844af817603ac1cbdc4f.jpg?ver=1777306975","contentUrl":"https:\/\/tuzlainfo.ba\/wp-content\/litespeed\/avatar\/aabad687af24844af817603ac1cbdc4f.jpg?ver=1777306975","caption":"nedim"},"description":"Tuzlainfo.ba pratite na dru\u0161tvenim mre\u017eama: Facebook, Instagram i Youtube. Svoje pri\u010de, upite i fotografije \u0161aljite na na\u0161u e-mail adresu."}]}},"_links":{"self":[{"href":"https:\/\/tuzlainfo.ba\/index.php\/wp-json\/wp\/v2\/posts\/227888"}],"collection":[{"href":"https:\/\/tuzlainfo.ba\/index.php\/wp-json\/wp\/v2\/posts"}],"about":[{"href":"https:\/\/tuzlainfo.ba\/index.php\/wp-json\/wp\/v2\/types\/post"}],"author":[{"embeddable":true,"href":"https:\/\/tuzlainfo.ba\/index.php\/wp-json\/wp\/v2\/users\/2"}],"replies":[{"embeddable":true,"href":"https:\/\/tuzlainfo.ba\/index.php\/wp-json\/wp\/v2\/comments?post=227888"}],"version-history":[{"count":1,"href":"https:\/\/tuzlainfo.ba\/index.php\/wp-json\/wp\/v2\/posts\/227888\/revisions"}],"predecessor-version":[{"id":227890,"href":"https:\/\/tuzlainfo.ba\/index.php\/wp-json\/wp\/v2\/posts\/227888\/revisions\/227890"}],"wp:featuredmedia":[{"embeddable":true,"href":"https:\/\/tuzlainfo.ba\/index.php\/wp-json\/wp\/v2\/media\/227889"}],"wp:attachment":[{"href":"https:\/\/tuzlainfo.ba\/index.php\/wp-json\/wp\/v2\/media?parent=227888"}],"wp:term":[{"taxonomy":"category","embeddable":true,"href":"https:\/\/tuzlainfo.ba\/index.php\/wp-json\/wp\/v2\/categories?post=227888"},{"taxonomy":"post_tag","embeddable":true,"href":"https:\/\/tuzlainfo.ba\/index.php\/wp-json\/wp\/v2\/tags?post=227888"}],"curies":[{"name":"wp","href":"https:\/\/api.w.org\/{rel}","templated":true}]}}