{"id":227764,"date":"2024-01-16T15:30:39","date_gmt":"2024-01-16T14:30:39","guid":{"rendered":"https:\/\/tuzlainfo.ba\/?p=227764"},"modified":"2024-01-16T13:54:21","modified_gmt":"2024-01-16T12:54:21","slug":"salkic-podnio-krivicnu-prijavu-protiv-dodika-uhapsiti-ga-cim-prije-unistit-ce-dokaze","status":"publish","type":"post","link":"https:\/\/tuzlainfo.ba\/index.php\/bosna-i-hercegovina\/item\/227764-salkic-podnio-krivicnu-prijavu-protiv-dodika-uhapsiti-ga-cim-prije-unistit-ce-dokaze\/","title":{"rendered":"Salki\u0107 podnio krivi\u010dnu prijavu protiv Dodika: \u201cUhapsiti ga \u010dim prije, uni\u0161tit \u0107e dokaze\u201d"},"content":{"rendered":"<p>Poslanik Narodne skup\u0161tine bosanskohercegova\u010dkog entiteta RS Ramiz Salki\u0107 podnio je krivi\u010dnu prijavu protiv predsjednika tog entiteta Milorada Dodika i \u010dlanova Odbora za proslavu neustavnog 9. januara te drugih neidentificiranih osoba.<\/p>\n<p>Salki\u0107 je danas, 16. januara, na pres-konferenciji kazao da je Dodik, kao izabrani predsjednik entiteta RS, u saradnji sa drugim neidentificiranim osobama prije 9. januara pripremio proslavu neustavnog &#8220;dana RS&#8221; te za organizaciju koristio slu\u017ebeni polo\u017eaj, protuzakonito anga\u017eirao ljudske i materijalne resurse entiteta i prisustvovao nizu manifestacija kojima je pokazao nepo\u0161tivanje kona\u010dnih i obavezuju\u0107ih Odluka Ustavnog suda BiH, \u010dime je po\u010dinio krivi\u010dno djelo.<\/p>\n<p>Salki\u0107 je podsjetio da je 27. novembra 2023. godine Dodik predsjedavao prvom sjednicom Odbora za proslavu &#8220;dana RS&#8221; na kojoj je konstituisan Odbor, usvojen prijedlog Programa proslave i formirana Radna grupa za pripremu i realizaciju proslave.<\/p>\n<p>Istakao je da je tada odre\u0111eno da \u0107e centralni doga\u0111aji povodom proslave neustavnog &#8220;dana RS&#8221; biti sve\u010dani defile na Trgu Krajine, akademija u sportskoj dvorani &#8220;Borik&#8221; te sve\u010dani prijem u Administrativnom centru Vlade RS.<\/p>\n<p>Tako\u0111er je naveo da je, nakon \u0161to je konstituisan Odbor za proslavu neustavnog 9. januara, Kabinet predsjednika RS raspisao tender za usluge medijske kampanje povodom neustavnog dana RS, kao i organizovanja proslave, te je za te namjene planirano da se izdvoji ukupno 650.000 KM bez PDV-a.<\/p>\n<p>Salki\u0107 je podvukao da je Ustavni sud BiH donio odluke kojima je tretirao definiranje 9. januara praznikom &#8220;dan RS&#8221; te zauzeo stav da se radi o datumu koji je diskriminatoran.<\/p>\n<p>Dodao je da je sud, izme\u0111u ostalog, naveo da 9. januar kao praznik entiteta mora predstavljati i sve gra\u0111ane RS kojima i sam Ustav RS-a priznaje jednaka prava i da taj datum kao praznik nije u skladu s ustavnom obavezom o nediskriminaciji u smislu prava grupa, jer uspostavlja povla\u0161teni polo\u017eaj samo jednog srpskog naroda.<\/p>\n<p>&#8220;Prema Ustavu BiH odluke Ustavnog suda su kona\u010dne i obavezuju\u0107e. Dodik je medijskim istupima jasno pokazivao nepo\u0161tivanje odluka Ustavnog suda. Mnogobrojni su primjeri takvih istupa&#8221;, kazao je Salki\u0107.<\/p>\n<p>Izme\u0111u ostalog, nepo\u0161tivanje je pokazao i organizacijom sve\u010danog defilea povodom 9. januara u Banjoj Luci i dodjelom odlikovanja zaslu\u017enim pojedincima i institucijama. Za potrebe organizacije ovih manifestacija anga\u017eovana su zna\u010dajna materijalna i financijska sredstva o \u010demu se dokazi mogu na\u0107i u institucijama kojima rukovode te osobe.<\/p>\n<p>&#8220;S obzirom na to da se protiv Dodika ve\u0107 vodi krivi\u010dni postupak pred Sudom BiH zbog krivi\u010dnog djela neizvrs\u030cavanje odluka visokog predstavnika, smatram da se osumnji\u010denom Dodiku treba odrediti pritvor i sprije\u010diti vr\u0161enje novih krivi\u010dnih djela te da postoji opravdana bojazan da bi boravkom na slobodi mogao uni\u0161titi, sakriti, izmijeniti ili krivotvoriti dokaze ili tragove va\u017ene za krivi\u010dni postupak&#8221;, zaklju\u010dio je Salki\u0107.<\/p>\n<p>&nbsp;<\/p>\n","protected":false},"excerpt":{"rendered":"<p>Poslanik Narodne skup\u0161tine bosanskohercegova\u010dkog entiteta RS Ramiz Salki\u0107 podnio je krivi\u010dnu prijavu protiv predsjednika tog&hellip;<\/p>\n","protected":false},"author":3,"featured_media":62753,"comment_status":"closed","ping_status":"closed","sticky":false,"template":"","format":"standard","meta":{"_acf_changed":false,"footnotes":""},"categories":[291],"tags":[535,9322,1525],"acf":[],"yoast_head":"<!-- This site is optimized with the Yoast SEO plugin v23.5 - https:\/\/yoast.com\/wordpress\/plugins\/seo\/ -->\n<title>Salki\u0107 podnio krivi\u010dnu prijavu protiv Dodika: \u201cUhapsiti ga \u010dim prije, uni\u0161tit \u0107e dokaze\u201d - TuzlaInfo.ba<\/title>\n<meta name=\"robots\" content=\"index, follow, max-snippet:-1, max-image-preview:large, max-video-preview:-1\" \/>\n<link rel=\"canonical\" href=\"https:\/\/tuzlainfo.ba\/index.php\/bosna-i-hercegovina\/item\/227764-salkic-podnio-krivicnu-prijavu-protiv-dodika-uhapsiti-ga-cim-prije-unistit-ce-dokaze\/\" \/>\n<meta property=\"og:locale\" content=\"bs_BA\" \/>\n<meta property=\"og:type\" content=\"article\" \/>\n<meta property=\"og:title\" content=\"Salki\u0107 podnio krivi\u010dnu prijavu protiv Dodika: \u201cUhapsiti ga \u010dim prije, uni\u0161tit \u0107e dokaze\u201d - TuzlaInfo.ba\" \/>\n<meta property=\"og:description\" content=\"Poslanik Narodne skup\u0161tine bosanskohercegova\u010dkog entiteta RS Ramiz Salki\u0107 podnio je krivi\u010dnu prijavu protiv predsjednika tog&hellip;\" \/>\n<meta property=\"og:url\" content=\"https:\/\/tuzlainfo.ba\/index.php\/bosna-i-hercegovina\/item\/227764-salkic-podnio-krivicnu-prijavu-protiv-dodika-uhapsiti-ga-cim-prije-unistit-ce-dokaze\/\" \/>\n<meta property=\"og:site_name\" content=\"TuzlaInfo.ba\" \/>\n<meta property=\"article:publisher\" content=\"https:\/\/www.facebook.com\/tuzlainfo.ba\/\" \/>\n<meta property=\"article:published_time\" content=\"2024-01-16T14:30:39+00:00\" \/>\n<meta property=\"article:modified_time\" content=\"2024-01-16T12:54:21+00:00\" \/>\n<meta property=\"og:image\" content=\"https:\/\/tuzlainfo.ba\/wp-content\/uploads\/2018\/07\/sadrzaj_2018_20180701_1507_ramiz_salkic.jpg\" \/>\n\t<meta property=\"og:image:width\" content=\"770\" \/>\n\t<meta property=\"og:image:height\" content=\"578\" \/>\n\t<meta property=\"og:image:type\" content=\"image\/jpeg\" \/>\n<meta name=\"author\" content=\"admin2\" \/>\n<meta name=\"twitter:card\" content=\"summary_large_image\" \/>\n<meta name=\"twitter:label1\" content=\"Written by\" \/>\n\t<meta name=\"twitter:data1\" content=\"admin2\" \/>\n\t<meta name=\"twitter:label2\" content=\"Est. reading time\" \/>\n\t<meta name=\"twitter:data2\" content=\"3 minute\" \/>\n<script type=\"application\/ld+json\" class=\"yoast-schema-graph\">{\"@context\":\"https:\/\/schema.org\",\"@graph\":[{\"@type\":\"Article\",\"@id\":\"https:\/\/tuzlainfo.ba\/index.php\/bosna-i-hercegovina\/item\/227764-salkic-podnio-krivicnu-prijavu-protiv-dodika-uhapsiti-ga-cim-prije-unistit-ce-dokaze\/#article\",\"isPartOf\":{\"@id\":\"https:\/\/tuzlainfo.ba\/index.php\/bosna-i-hercegovina\/item\/227764-salkic-podnio-krivicnu-prijavu-protiv-dodika-uhapsiti-ga-cim-prije-unistit-ce-dokaze\/\"},\"author\":{\"name\":\"admin2\",\"@id\":\"https:\/\/tuzlainfo.ba\/#\/schema\/person\/f4ebe4fff27e68efb65fa7e18f8af372\"},\"headline\":\"Salki\u0107 podnio krivi\u010dnu prijavu protiv Dodika: \u201cUhapsiti ga \u010dim prije, uni\u0161tit \u0107e dokaze\u201d\",\"datePublished\":\"2024-01-16T14:30:39+00:00\",\"dateModified\":\"2024-01-16T12:54:21+00:00\",\"mainEntityOfPage\":{\"@id\":\"https:\/\/tuzlainfo.ba\/index.php\/bosna-i-hercegovina\/item\/227764-salkic-podnio-krivicnu-prijavu-protiv-dodika-uhapsiti-ga-cim-prije-unistit-ce-dokaze\/\"},\"wordCount\":476,\"publisher\":{\"@id\":\"https:\/\/tuzlainfo.ba\/#organization\"},\"image\":{\"@id\":\"https:\/\/tuzlainfo.ba\/index.php\/bosna-i-hercegovina\/item\/227764-salkic-podnio-krivicnu-prijavu-protiv-dodika-uhapsiti-ga-cim-prije-unistit-ce-dokaze\/#primaryimage\"},\"thumbnailUrl\":\"https:\/\/tuzlainfo.ba\/wp-content\/uploads\/2018\/07\/sadrzaj_2018_20180701_1507_ramiz_salkic.jpg\",\"keywords\":[\"milorad dodik\",\"proslava 9. januara\",\"ramiz salki\u0107\"],\"articleSection\":[\"Bosna i Hercegovina\"],\"inLanguage\":\"bs-BA\"},{\"@type\":\"WebPage\",\"@id\":\"https:\/\/tuzlainfo.ba\/index.php\/bosna-i-hercegovina\/item\/227764-salkic-podnio-krivicnu-prijavu-protiv-dodika-uhapsiti-ga-cim-prije-unistit-ce-dokaze\/\",\"url\":\"https:\/\/tuzlainfo.ba\/index.php\/bosna-i-hercegovina\/item\/227764-salkic-podnio-krivicnu-prijavu-protiv-dodika-uhapsiti-ga-cim-prije-unistit-ce-dokaze\/\",\"name\":\"Salki\u0107 podnio krivi\u010dnu prijavu protiv Dodika: \u201cUhapsiti ga \u010dim prije, uni\u0161tit \u0107e dokaze\u201d - TuzlaInfo.ba\",\"isPartOf\":{\"@id\":\"https:\/\/tuzlainfo.ba\/#website\"},\"primaryImageOfPage\":{\"@id\":\"https:\/\/tuzlainfo.ba\/index.php\/bosna-i-hercegovina\/item\/227764-salkic-podnio-krivicnu-prijavu-protiv-dodika-uhapsiti-ga-cim-prije-unistit-ce-dokaze\/#primaryimage\"},\"image\":{\"@id\":\"https:\/\/tuzlainfo.ba\/index.php\/bosna-i-hercegovina\/item\/227764-salkic-podnio-krivicnu-prijavu-protiv-dodika-uhapsiti-ga-cim-prije-unistit-ce-dokaze\/#primaryimage\"},\"thumbnailUrl\":\"https:\/\/tuzlainfo.ba\/wp-content\/uploads\/2018\/07\/sadrzaj_2018_20180701_1507_ramiz_salkic.jpg\",\"datePublished\":\"2024-01-16T14:30:39+00:00\",\"dateModified\":\"2024-01-16T12:54:21+00:00\",\"breadcrumb\":{\"@id\":\"https:\/\/tuzlainfo.ba\/index.php\/bosna-i-hercegovina\/item\/227764-salkic-podnio-krivicnu-prijavu-protiv-dodika-uhapsiti-ga-cim-prije-unistit-ce-dokaze\/#breadcrumb\"},\"inLanguage\":\"bs-BA\",\"potentialAction\":[{\"@type\":\"ReadAction\",\"target\":[\"https:\/\/tuzlainfo.ba\/index.php\/bosna-i-hercegovina\/item\/227764-salkic-podnio-krivicnu-prijavu-protiv-dodika-uhapsiti-ga-cim-prije-unistit-ce-dokaze\/\"]}]},{\"@type\":\"ImageObject\",\"inLanguage\":\"bs-BA\",\"@id\":\"https:\/\/tuzlainfo.ba\/index.php\/bosna-i-hercegovina\/item\/227764-salkic-podnio-krivicnu-prijavu-protiv-dodika-uhapsiti-ga-cim-prije-unistit-ce-dokaze\/#primaryimage\",\"url\":\"https:\/\/tuzlainfo.ba\/wp-content\/uploads\/2018\/07\/sadrzaj_2018_20180701_1507_ramiz_salkic.jpg\",\"contentUrl\":\"https:\/\/tuzlainfo.ba\/wp-content\/uploads\/2018\/07\/sadrzaj_2018_20180701_1507_ramiz_salkic.jpg\",\"width\":770,\"height\":578,\"caption\":\"1507 ramiz salkic\"},{\"@type\":\"BreadcrumbList\",\"@id\":\"https:\/\/tuzlainfo.ba\/index.php\/bosna-i-hercegovina\/item\/227764-salkic-podnio-krivicnu-prijavu-protiv-dodika-uhapsiti-ga-cim-prije-unistit-ce-dokaze\/#breadcrumb\",\"itemListElement\":[{\"@type\":\"ListItem\",\"position\":1,\"name\":\"Home\",\"item\":\"https:\/\/tuzlainfo.ba\/\"},{\"@type\":\"ListItem\",\"position\":2,\"name\":\"Salki\u0107 podnio krivi\u010dnu prijavu protiv Dodika: \u201cUhapsiti ga \u010dim prije, uni\u0161tit \u0107e dokaze\u201d\"}]},{\"@type\":\"WebSite\",\"@id\":\"https:\/\/tuzlainfo.ba\/#website\",\"url\":\"https:\/\/tuzlainfo.ba\/\",\"name\":\"TuzlaInfo.ba\",\"description\":\"Tuzla info, gradski informator - Tuzla na dlanu\",\"publisher\":{\"@id\":\"https:\/\/tuzlainfo.ba\/#organization\"},\"potentialAction\":[{\"@type\":\"SearchAction\",\"target\":{\"@type\":\"EntryPoint\",\"urlTemplate\":\"https:\/\/tuzlainfo.ba\/?s={search_term_string}\"},\"query-input\":{\"@type\":\"PropertyValueSpecification\",\"valueRequired\":true,\"valueName\":\"search_term_string\"}}],\"inLanguage\":\"bs-BA\"},{\"@type\":\"Organization\",\"@id\":\"https:\/\/tuzlainfo.ba\/#organization\",\"name\":\"TuzlaInfo.ba\",\"url\":\"https:\/\/tuzlainfo.ba\/\",\"logo\":{\"@type\":\"ImageObject\",\"inLanguage\":\"bs-BA\",\"@id\":\"https:\/\/tuzlainfo.ba\/#\/schema\/logo\/image\/\",\"url\":\"https:\/\/tuzlainfo.ba\/wp-content\/uploads\/2021\/03\/logo-ver-3-1.png\",\"contentUrl\":\"https:\/\/tuzlainfo.ba\/wp-content\/uploads\/2021\/03\/logo-ver-3-1.png\",\"width\":350,\"height\":95,\"caption\":\"TuzlaInfo.ba\"},\"image\":{\"@id\":\"https:\/\/tuzlainfo.ba\/#\/schema\/logo\/image\/\"},\"sameAs\":[\"https:\/\/www.facebook.com\/tuzlainfo.ba\/\"]},{\"@type\":\"Person\",\"@id\":\"https:\/\/tuzlainfo.ba\/#\/schema\/person\/f4ebe4fff27e68efb65fa7e18f8af372\",\"name\":\"admin2\",\"image\":{\"@type\":\"ImageObject\",\"inLanguage\":\"bs-BA\",\"@id\":\"https:\/\/tuzlainfo.ba\/#\/schema\/person\/image\/\",\"url\":\"https:\/\/tuzlainfo.ba\/wp-content\/litespeed\/avatar\/8219eeb9a43cff2d096e773737736f62.jpg?ver=1777309398\",\"contentUrl\":\"https:\/\/tuzlainfo.ba\/wp-content\/litespeed\/avatar\/8219eeb9a43cff2d096e773737736f62.jpg?ver=1777309398\",\"caption\":\"admin2\"},\"description\":\"Tuzlainfo.ba pratite na dru\u0161tvenim mre\u017eama: Facebook, Instagram i Youtube. Svoje pri\u010de, upite i fotografije \u0161aljite na na\u0161u e-mail adresu.\",\"sameAs\":[\"admin\"]}]}<\/script>\n<!-- \/ Yoast SEO plugin. -->","yoast_head_json":{"title":"Salki\u0107 podnio krivi\u010dnu prijavu protiv Dodika: \u201cUhapsiti ga \u010dim prije, uni\u0161tit \u0107e dokaze\u201d - TuzlaInfo.ba","robots":{"index":"index","follow":"follow","max-snippet":"max-snippet:-1","max-image-preview":"max-image-preview:large","max-video-preview":"max-video-preview:-1"},"canonical":"https:\/\/tuzlainfo.ba\/index.php\/bosna-i-hercegovina\/item\/227764-salkic-podnio-krivicnu-prijavu-protiv-dodika-uhapsiti-ga-cim-prije-unistit-ce-dokaze\/","og_locale":"bs_BA","og_type":"article","og_title":"Salki\u0107 podnio krivi\u010dnu prijavu protiv Dodika: \u201cUhapsiti ga \u010dim prije, uni\u0161tit \u0107e dokaze\u201d - TuzlaInfo.ba","og_description":"Poslanik Narodne skup\u0161tine bosanskohercegova\u010dkog entiteta RS Ramiz Salki\u0107 podnio je krivi\u010dnu prijavu protiv predsjednika tog&hellip;","og_url":"https:\/\/tuzlainfo.ba\/index.php\/bosna-i-hercegovina\/item\/227764-salkic-podnio-krivicnu-prijavu-protiv-dodika-uhapsiti-ga-cim-prije-unistit-ce-dokaze\/","og_site_name":"TuzlaInfo.ba","article_publisher":"https:\/\/www.facebook.com\/tuzlainfo.ba\/","article_published_time":"2024-01-16T14:30:39+00:00","article_modified_time":"2024-01-16T12:54:21+00:00","og_image":[{"width":770,"height":578,"url":"https:\/\/tuzlainfo.ba\/wp-content\/uploads\/2018\/07\/sadrzaj_2018_20180701_1507_ramiz_salkic.jpg","type":"image\/jpeg"}],"author":"admin2","twitter_card":"summary_large_image","twitter_misc":{"Written by":"admin2","Est. reading time":"3 minute"},"schema":{"@context":"https:\/\/schema.org","@graph":[{"@type":"Article","@id":"https:\/\/tuzlainfo.ba\/index.php\/bosna-i-hercegovina\/item\/227764-salkic-podnio-krivicnu-prijavu-protiv-dodika-uhapsiti-ga-cim-prije-unistit-ce-dokaze\/#article","isPartOf":{"@id":"https:\/\/tuzlainfo.ba\/index.php\/bosna-i-hercegovina\/item\/227764-salkic-podnio-krivicnu-prijavu-protiv-dodika-uhapsiti-ga-cim-prije-unistit-ce-dokaze\/"},"author":{"name":"admin2","@id":"https:\/\/tuzlainfo.ba\/#\/schema\/person\/f4ebe4fff27e68efb65fa7e18f8af372"},"headline":"Salki\u0107 podnio krivi\u010dnu prijavu protiv Dodika: \u201cUhapsiti ga \u010dim prije, uni\u0161tit \u0107e dokaze\u201d","datePublished":"2024-01-16T14:30:39+00:00","dateModified":"2024-01-16T12:54:21+00:00","mainEntityOfPage":{"@id":"https:\/\/tuzlainfo.ba\/index.php\/bosna-i-hercegovina\/item\/227764-salkic-podnio-krivicnu-prijavu-protiv-dodika-uhapsiti-ga-cim-prije-unistit-ce-dokaze\/"},"wordCount":476,"publisher":{"@id":"https:\/\/tuzlainfo.ba\/#organization"},"image":{"@id":"https:\/\/tuzlainfo.ba\/index.php\/bosna-i-hercegovina\/item\/227764-salkic-podnio-krivicnu-prijavu-protiv-dodika-uhapsiti-ga-cim-prije-unistit-ce-dokaze\/#primaryimage"},"thumbnailUrl":"https:\/\/tuzlainfo.ba\/wp-content\/uploads\/2018\/07\/sadrzaj_2018_20180701_1507_ramiz_salkic.jpg","keywords":["milorad dodik","proslava 9. januara","ramiz salki\u0107"],"articleSection":["Bosna i Hercegovina"],"inLanguage":"bs-BA"},{"@type":"WebPage","@id":"https:\/\/tuzlainfo.ba\/index.php\/bosna-i-hercegovina\/item\/227764-salkic-podnio-krivicnu-prijavu-protiv-dodika-uhapsiti-ga-cim-prije-unistit-ce-dokaze\/","url":"https:\/\/tuzlainfo.ba\/index.php\/bosna-i-hercegovina\/item\/227764-salkic-podnio-krivicnu-prijavu-protiv-dodika-uhapsiti-ga-cim-prije-unistit-ce-dokaze\/","name":"Salki\u0107 podnio krivi\u010dnu prijavu protiv Dodika: \u201cUhapsiti ga \u010dim prije, uni\u0161tit \u0107e dokaze\u201d - TuzlaInfo.ba","isPartOf":{"@id":"https:\/\/tuzlainfo.ba\/#website"},"primaryImageOfPage":{"@id":"https:\/\/tuzlainfo.ba\/index.php\/bosna-i-hercegovina\/item\/227764-salkic-podnio-krivicnu-prijavu-protiv-dodika-uhapsiti-ga-cim-prije-unistit-ce-dokaze\/#primaryimage"},"image":{"@id":"https:\/\/tuzlainfo.ba\/index.php\/bosna-i-hercegovina\/item\/227764-salkic-podnio-krivicnu-prijavu-protiv-dodika-uhapsiti-ga-cim-prije-unistit-ce-dokaze\/#primaryimage"},"thumbnailUrl":"https:\/\/tuzlainfo.ba\/wp-content\/uploads\/2018\/07\/sadrzaj_2018_20180701_1507_ramiz_salkic.jpg","datePublished":"2024-01-16T14:30:39+00:00","dateModified":"2024-01-16T12:54:21+00:00","breadcrumb":{"@id":"https:\/\/tuzlainfo.ba\/index.php\/bosna-i-hercegovina\/item\/227764-salkic-podnio-krivicnu-prijavu-protiv-dodika-uhapsiti-ga-cim-prije-unistit-ce-dokaze\/#breadcrumb"},"inLanguage":"bs-BA","potentialAction":[{"@type":"ReadAction","target":["https:\/\/tuzlainfo.ba\/index.php\/bosna-i-hercegovina\/item\/227764-salkic-podnio-krivicnu-prijavu-protiv-dodika-uhapsiti-ga-cim-prije-unistit-ce-dokaze\/"]}]},{"@type":"ImageObject","inLanguage":"bs-BA","@id":"https:\/\/tuzlainfo.ba\/index.php\/bosna-i-hercegovina\/item\/227764-salkic-podnio-krivicnu-prijavu-protiv-dodika-uhapsiti-ga-cim-prije-unistit-ce-dokaze\/#primaryimage","url":"https:\/\/tuzlainfo.ba\/wp-content\/uploads\/2018\/07\/sadrzaj_2018_20180701_1507_ramiz_salkic.jpg","contentUrl":"https:\/\/tuzlainfo.ba\/wp-content\/uploads\/2018\/07\/sadrzaj_2018_20180701_1507_ramiz_salkic.jpg","width":770,"height":578,"caption":"1507 ramiz salkic"},{"@type":"BreadcrumbList","@id":"https:\/\/tuzlainfo.ba\/index.php\/bosna-i-hercegovina\/item\/227764-salkic-podnio-krivicnu-prijavu-protiv-dodika-uhapsiti-ga-cim-prije-unistit-ce-dokaze\/#breadcrumb","itemListElement":[{"@type":"ListItem","position":1,"name":"Home","item":"https:\/\/tuzlainfo.ba\/"},{"@type":"ListItem","position":2,"name":"Salki\u0107 podnio krivi\u010dnu prijavu protiv Dodika: \u201cUhapsiti ga \u010dim prije, uni\u0161tit \u0107e dokaze\u201d"}]},{"@type":"WebSite","@id":"https:\/\/tuzlainfo.ba\/#website","url":"https:\/\/tuzlainfo.ba\/","name":"TuzlaInfo.ba","description":"Tuzla info, gradski informator - Tuzla na dlanu","publisher":{"@id":"https:\/\/tuzlainfo.ba\/#organization"},"potentialAction":[{"@type":"SearchAction","target":{"@type":"EntryPoint","urlTemplate":"https:\/\/tuzlainfo.ba\/?s={search_term_string}"},"query-input":{"@type":"PropertyValueSpecification","valueRequired":true,"valueName":"search_term_string"}}],"inLanguage":"bs-BA"},{"@type":"Organization","@id":"https:\/\/tuzlainfo.ba\/#organization","name":"TuzlaInfo.ba","url":"https:\/\/tuzlainfo.ba\/","logo":{"@type":"ImageObject","inLanguage":"bs-BA","@id":"https:\/\/tuzlainfo.ba\/#\/schema\/logo\/image\/","url":"https:\/\/tuzlainfo.ba\/wp-content\/uploads\/2021\/03\/logo-ver-3-1.png","contentUrl":"https:\/\/tuzlainfo.ba\/wp-content\/uploads\/2021\/03\/logo-ver-3-1.png","width":350,"height":95,"caption":"TuzlaInfo.ba"},"image":{"@id":"https:\/\/tuzlainfo.ba\/#\/schema\/logo\/image\/"},"sameAs":["https:\/\/www.facebook.com\/tuzlainfo.ba\/"]},{"@type":"Person","@id":"https:\/\/tuzlainfo.ba\/#\/schema\/person\/f4ebe4fff27e68efb65fa7e18f8af372","name":"admin2","image":{"@type":"ImageObject","inLanguage":"bs-BA","@id":"https:\/\/tuzlainfo.ba\/#\/schema\/person\/image\/","url":"https:\/\/tuzlainfo.ba\/wp-content\/litespeed\/avatar\/8219eeb9a43cff2d096e773737736f62.jpg?ver=1777309398","contentUrl":"https:\/\/tuzlainfo.ba\/wp-content\/litespeed\/avatar\/8219eeb9a43cff2d096e773737736f62.jpg?ver=1777309398","caption":"admin2"},"description":"Tuzlainfo.ba pratite na dru\u0161tvenim mre\u017eama: Facebook, Instagram i Youtube. Svoje pri\u010de, upite i fotografije \u0161aljite na na\u0161u e-mail adresu.","sameAs":["admin"]}]}},"_links":{"self":[{"href":"https:\/\/tuzlainfo.ba\/index.php\/wp-json\/wp\/v2\/posts\/227764"}],"collection":[{"href":"https:\/\/tuzlainfo.ba\/index.php\/wp-json\/wp\/v2\/posts"}],"about":[{"href":"https:\/\/tuzlainfo.ba\/index.php\/wp-json\/wp\/v2\/types\/post"}],"author":[{"embeddable":true,"href":"https:\/\/tuzlainfo.ba\/index.php\/wp-json\/wp\/v2\/users\/3"}],"replies":[{"embeddable":true,"href":"https:\/\/tuzlainfo.ba\/index.php\/wp-json\/wp\/v2\/comments?post=227764"}],"version-history":[{"count":1,"href":"https:\/\/tuzlainfo.ba\/index.php\/wp-json\/wp\/v2\/posts\/227764\/revisions"}],"predecessor-version":[{"id":227767,"href":"https:\/\/tuzlainfo.ba\/index.php\/wp-json\/wp\/v2\/posts\/227764\/revisions\/227767"}],"wp:featuredmedia":[{"embeddable":true,"href":"https:\/\/tuzlainfo.ba\/index.php\/wp-json\/wp\/v2\/media\/62753"}],"wp:attachment":[{"href":"https:\/\/tuzlainfo.ba\/index.php\/wp-json\/wp\/v2\/media?parent=227764"}],"wp:term":[{"taxonomy":"category","embeddable":true,"href":"https:\/\/tuzlainfo.ba\/index.php\/wp-json\/wp\/v2\/categories?post=227764"},{"taxonomy":"post_tag","embeddable":true,"href":"https:\/\/tuzlainfo.ba\/index.php\/wp-json\/wp\/v2\/tags?post=227764"}],"curies":[{"name":"wp","href":"https:\/\/api.w.org\/{rel}","templated":true}]}}