{"id":227655,"date":"2024-01-15T12:30:34","date_gmt":"2024-01-15T11:30:34","guid":{"rendered":"https:\/\/tuzlainfo.ba\/?p=227655"},"modified":"2024-01-15T12:35:07","modified_gmt":"2024-01-15T11:35:07","slug":"vllasi-odgovara-vucicu-albanci-na-kosovu-nikada-vise-goloruki-i-bez-svoje-odbrane","status":"publish","type":"post","link":"https:\/\/tuzlainfo.ba\/index.php\/clanci\/sa-svih-strana\/item\/227655-vllasi-odgovara-vucicu-albanci-na-kosovu-nikada-vise-goloruki-i-bez-svoje-odbrane\/","title":{"rendered":"Vllasi odgovara Vu\u010di\u0107u: Albanci na Kosovu nikada vi\u0161e goloruki i bez svoje odbrane"},"content":{"rendered":"<p>Predsjednik Srbije Aleksandar Vu\u010di\u0107 izjavio je ovih dana da je odluka ameri\u010dkog State Departmenta da odobri prodaju antitenkovskih raketa\u00a0Javelin (FGM-148) Kosovu &#8220;veliko razo\u010daranje&#8221;, ali da \u0107e &#8220;Srbija, zajedno sa SAD-om, raditi na o\u010duvanju srpsko-ameri\u010dkih odnosa&#8221;.<\/p>\n<p>&#8220;Za nas je od najve\u0107e va\u017enosti da mir u regionu ne bude naru\u0161en i Srbija \u0107e nastaviti da se pona\u0161a odgovorno i da doprinosi stabilnosti na Balkanu&#8221;, rekao je Vu\u010di\u0107, prenijeli su mediji.<\/p>\n<p>Azem Vllasi, biv\u0161i kosovski politi\u010dar, jedna od prvih \u017ertava re\u017eima Slobodna Milo\u0161evi\u0107a, danas ugledni advokat i analiti\u010dar, u izjavi za portal Radiosarajevo.ba komentirao je Vu\u010di\u0107eve tvrdnje.<\/p>\n<p>&#8220;Protivtenkovske rakete &#8216;Javelin&#8217; spadaju u arsenal odbrambenog oru\u017eja. Domet im je od 65 metara do \u010detiri kilometra. Lako se njima (baca\u010dima) rukuje, rakete su precizne i obavezno probijaju oklop tenka jer se navode tako da udaraju tenk u gornji oklop. Dakle, ne slu\u017ee za napad na Srbiju ve\u0107 isklju\u010divo za odbranu od eventualnih napada od Srbije &#8211; ako u Beogradu nekome &#8216;padne mrak na o\u010di&#8217; pa tenkovima krenu, naprimjer na sjever Kosova&#8221;, ka\u017ee Vllasi.<\/p>\n<p>Prema njegovim rije\u010dima &#8220;Srbija vi\u0161e ne mo\u017ee da nasr\u0107e ni na koga&#8221;, ali\u2026<\/p>\n<p>&#8220;Ali, u Beogradu uvijek ra\u010dunaju da je Kosovo, Kosovo bez odbrane, slabija strana u razgovorima koji se vode u Briselu spram Srbije koja se stalno hvali naoru\u017eavanjem. Fino su Amerikanci procijenili. Naspram onih 50 ispravnih tenkova &#8211; \u00a0koliko ima Srbija &#8211; dovoljno je pet kosovskih raketa &#8211; na jednog tenka. Rezultat: Kosovo je odbranjeno, a Srbija mora kupiti nove tenkove&#8221;, istakao je Vllasi.<\/p>\n<p>Prema njegovim rije\u010dima, stari srpski san o Kosovu bez Albanca ili golorukim Albancima \u2013 ostat \u0107e samo to. Dakle, neostvareni san.<\/p>\n<p>&#8220;Kosovo je zauvijek dr\u017eava slobodna od Srbije, a Albanci nikad vi\u0161e goloruki i bez svoje odbrane&#8221;, zaklju\u010dio je Vllasi.<\/p>\n<p>Prenosivi protivtenkovski raketni sistem ameri\u010dke proizvodnje u\u0161ao je u upotrebu 1996. ali je od tada kontinuirano unaprje\u0111ivan. Ina\u010de, tokom pro\u0161le godine, pove\u0107ana je potra\u017enja za &#8220;Javelinom&#8221;.<\/p>\n<p>Tako na sajtu proizvo\u0111a\u010da ovog oru\u017eja, Lockheed Martin, pi\u0161e da udvostru\u010duju trenutnu proizvodnju &#8220;sa 2.100 komada na 3.960 komada godi\u0161nje do 2026. godine&#8221;, kako su dogovorili novim ugovorom sa ameri\u010dkom vojskom. Navodi se i da u Evropi 13 dr\u017eava koristi ovaj sistem, a neke od posljednjih su Sjeverna Makedonija i Albanija, prenio je ranije Radio Slobodna Europa.<\/p>\n","protected":false},"excerpt":{"rendered":"<p>Predsjednik Srbije Aleksandar Vu\u010di\u0107 izjavio je ovih dana da je odluka ameri\u010dkog State Departmenta da&hellip;<\/p>\n","protected":false},"author":3,"featured_media":189714,"comment_status":"closed","ping_status":"closed","sticky":false,"template":"","format":"standard","meta":{"_acf_changed":false,"footnotes":""},"categories":[16],"tags":[638,821,1232],"acf":[],"yoast_head":"<!-- This site is optimized with the Yoast SEO plugin v23.5 - https:\/\/yoast.com\/wordpress\/plugins\/seo\/ -->\n<title>Vllasi odgovara Vu\u010di\u0107u: Albanci na Kosovu nikada vi\u0161e goloruki i bez svoje odbrane - TuzlaInfo.ba<\/title>\n<meta name=\"robots\" content=\"index, follow, max-snippet:-1, max-image-preview:large, max-video-preview:-1\" \/>\n<link rel=\"canonical\" href=\"https:\/\/tuzlainfo.ba\/index.php\/clanci\/sa-svih-strana\/item\/227655-vllasi-odgovara-vucicu-albanci-na-kosovu-nikada-vise-goloruki-i-bez-svoje-odbrane\/\" \/>\n<meta property=\"og:locale\" content=\"bs_BA\" \/>\n<meta property=\"og:type\" content=\"article\" \/>\n<meta property=\"og:title\" content=\"Vllasi odgovara Vu\u010di\u0107u: Albanci na Kosovu nikada vi\u0161e goloruki i bez svoje odbrane - TuzlaInfo.ba\" \/>\n<meta property=\"og:description\" content=\"Predsjednik Srbije Aleksandar Vu\u010di\u0107 izjavio je ovih dana da je odluka ameri\u010dkog State Departmenta da&hellip;\" \/>\n<meta property=\"og:url\" content=\"https:\/\/tuzlainfo.ba\/index.php\/clanci\/sa-svih-strana\/item\/227655-vllasi-odgovara-vucicu-albanci-na-kosovu-nikada-vise-goloruki-i-bez-svoje-odbrane\/\" \/>\n<meta property=\"og:site_name\" content=\"TuzlaInfo.ba\" \/>\n<meta property=\"article:publisher\" content=\"https:\/\/www.facebook.com\/tuzlainfo.ba\/\" \/>\n<meta property=\"article:published_time\" content=\"2024-01-15T11:30:34+00:00\" \/>\n<meta property=\"article:modified_time\" content=\"2024-01-15T11:35:07+00:00\" \/>\n<meta property=\"og:image\" content=\"https:\/\/tuzlainfo.ba\/wp-content\/uploads\/2022\/11\/1811_Tribina_BKCTK-azem_vlasi-6.jpg\" \/>\n\t<meta property=\"og:image:width\" content=\"2048\" \/>\n\t<meta property=\"og:image:height\" content=\"1152\" \/>\n\t<meta property=\"og:image:type\" content=\"image\/jpeg\" \/>\n<meta name=\"author\" content=\"admin2\" \/>\n<meta name=\"twitter:card\" content=\"summary_large_image\" \/>\n<meta name=\"twitter:label1\" content=\"Written by\" \/>\n\t<meta name=\"twitter:data1\" content=\"admin2\" \/>\n\t<meta name=\"twitter:label2\" content=\"Est. reading time\" \/>\n\t<meta name=\"twitter:data2\" content=\"2 minute\" \/>\n<script type=\"application\/ld+json\" class=\"yoast-schema-graph\">{\"@context\":\"https:\/\/schema.org\",\"@graph\":[{\"@type\":\"Article\",\"@id\":\"https:\/\/tuzlainfo.ba\/index.php\/clanci\/sa-svih-strana\/item\/227655-vllasi-odgovara-vucicu-albanci-na-kosovu-nikada-vise-goloruki-i-bez-svoje-odbrane\/#article\",\"isPartOf\":{\"@id\":\"https:\/\/tuzlainfo.ba\/index.php\/clanci\/sa-svih-strana\/item\/227655-vllasi-odgovara-vucicu-albanci-na-kosovu-nikada-vise-goloruki-i-bez-svoje-odbrane\/\"},\"author\":{\"name\":\"admin2\",\"@id\":\"https:\/\/tuzlainfo.ba\/#\/schema\/person\/f4ebe4fff27e68efb65fa7e18f8af372\"},\"headline\":\"Vllasi odgovara Vu\u010di\u0107u: Albanci na Kosovu nikada vi\u0161e goloruki i bez svoje odbrane\",\"datePublished\":\"2024-01-15T11:30:34+00:00\",\"dateModified\":\"2024-01-15T11:35:07+00:00\",\"mainEntityOfPage\":{\"@id\":\"https:\/\/tuzlainfo.ba\/index.php\/clanci\/sa-svih-strana\/item\/227655-vllasi-odgovara-vucicu-albanci-na-kosovu-nikada-vise-goloruki-i-bez-svoje-odbrane\/\"},\"wordCount\":426,\"publisher\":{\"@id\":\"https:\/\/tuzlainfo.ba\/#organization\"},\"image\":{\"@id\":\"https:\/\/tuzlainfo.ba\/index.php\/clanci\/sa-svih-strana\/item\/227655-vllasi-odgovara-vucicu-albanci-na-kosovu-nikada-vise-goloruki-i-bez-svoje-odbrane\/#primaryimage\"},\"thumbnailUrl\":\"https:\/\/tuzlainfo.ba\/wp-content\/uploads\/2022\/11\/1811_Tribina_BKCTK-azem_vlasi-6.jpg\",\"keywords\":[\"aleksandar vu\u010di\u0107\",\"azem vlasi\",\"kosovo\"],\"articleSection\":[\"Sa svih strana\"],\"inLanguage\":\"bs-BA\"},{\"@type\":\"WebPage\",\"@id\":\"https:\/\/tuzlainfo.ba\/index.php\/clanci\/sa-svih-strana\/item\/227655-vllasi-odgovara-vucicu-albanci-na-kosovu-nikada-vise-goloruki-i-bez-svoje-odbrane\/\",\"url\":\"https:\/\/tuzlainfo.ba\/index.php\/clanci\/sa-svih-strana\/item\/227655-vllasi-odgovara-vucicu-albanci-na-kosovu-nikada-vise-goloruki-i-bez-svoje-odbrane\/\",\"name\":\"Vllasi odgovara Vu\u010di\u0107u: Albanci na Kosovu nikada vi\u0161e goloruki i bez svoje odbrane - TuzlaInfo.ba\",\"isPartOf\":{\"@id\":\"https:\/\/tuzlainfo.ba\/#website\"},\"primaryImageOfPage\":{\"@id\":\"https:\/\/tuzlainfo.ba\/index.php\/clanci\/sa-svih-strana\/item\/227655-vllasi-odgovara-vucicu-albanci-na-kosovu-nikada-vise-goloruki-i-bez-svoje-odbrane\/#primaryimage\"},\"image\":{\"@id\":\"https:\/\/tuzlainfo.ba\/index.php\/clanci\/sa-svih-strana\/item\/227655-vllasi-odgovara-vucicu-albanci-na-kosovu-nikada-vise-goloruki-i-bez-svoje-odbrane\/#primaryimage\"},\"thumbnailUrl\":\"https:\/\/tuzlainfo.ba\/wp-content\/uploads\/2022\/11\/1811_Tribina_BKCTK-azem_vlasi-6.jpg\",\"datePublished\":\"2024-01-15T11:30:34+00:00\",\"dateModified\":\"2024-01-15T11:35:07+00:00\",\"breadcrumb\":{\"@id\":\"https:\/\/tuzlainfo.ba\/index.php\/clanci\/sa-svih-strana\/item\/227655-vllasi-odgovara-vucicu-albanci-na-kosovu-nikada-vise-goloruki-i-bez-svoje-odbrane\/#breadcrumb\"},\"inLanguage\":\"bs-BA\",\"potentialAction\":[{\"@type\":\"ReadAction\",\"target\":[\"https:\/\/tuzlainfo.ba\/index.php\/clanci\/sa-svih-strana\/item\/227655-vllasi-odgovara-vucicu-albanci-na-kosovu-nikada-vise-goloruki-i-bez-svoje-odbrane\/\"]}]},{\"@type\":\"ImageObject\",\"inLanguage\":\"bs-BA\",\"@id\":\"https:\/\/tuzlainfo.ba\/index.php\/clanci\/sa-svih-strana\/item\/227655-vllasi-odgovara-vucicu-albanci-na-kosovu-nikada-vise-goloruki-i-bez-svoje-odbrane\/#primaryimage\",\"url\":\"https:\/\/tuzlainfo.ba\/wp-content\/uploads\/2022\/11\/1811_Tribina_BKCTK-azem_vlasi-6.jpg\",\"contentUrl\":\"https:\/\/tuzlainfo.ba\/wp-content\/uploads\/2022\/11\/1811_Tribina_BKCTK-azem_vlasi-6.jpg\",\"width\":2048,\"height\":1152},{\"@type\":\"BreadcrumbList\",\"@id\":\"https:\/\/tuzlainfo.ba\/index.php\/clanci\/sa-svih-strana\/item\/227655-vllasi-odgovara-vucicu-albanci-na-kosovu-nikada-vise-goloruki-i-bez-svoje-odbrane\/#breadcrumb\",\"itemListElement\":[{\"@type\":\"ListItem\",\"position\":1,\"name\":\"Home\",\"item\":\"https:\/\/tuzlainfo.ba\/\"},{\"@type\":\"ListItem\",\"position\":2,\"name\":\"Vllasi odgovara Vu\u010di\u0107u: Albanci na Kosovu nikada vi\u0161e goloruki i bez svoje odbrane\"}]},{\"@type\":\"WebSite\",\"@id\":\"https:\/\/tuzlainfo.ba\/#website\",\"url\":\"https:\/\/tuzlainfo.ba\/\",\"name\":\"TuzlaInfo.ba\",\"description\":\"Tuzla info, gradski informator - Tuzla na dlanu\",\"publisher\":{\"@id\":\"https:\/\/tuzlainfo.ba\/#organization\"},\"potentialAction\":[{\"@type\":\"SearchAction\",\"target\":{\"@type\":\"EntryPoint\",\"urlTemplate\":\"https:\/\/tuzlainfo.ba\/?s={search_term_string}\"},\"query-input\":{\"@type\":\"PropertyValueSpecification\",\"valueRequired\":true,\"valueName\":\"search_term_string\"}}],\"inLanguage\":\"bs-BA\"},{\"@type\":\"Organization\",\"@id\":\"https:\/\/tuzlainfo.ba\/#organization\",\"name\":\"TuzlaInfo.ba\",\"url\":\"https:\/\/tuzlainfo.ba\/\",\"logo\":{\"@type\":\"ImageObject\",\"inLanguage\":\"bs-BA\",\"@id\":\"https:\/\/tuzlainfo.ba\/#\/schema\/logo\/image\/\",\"url\":\"https:\/\/tuzlainfo.ba\/wp-content\/uploads\/2021\/03\/logo-ver-3-1.png\",\"contentUrl\":\"https:\/\/tuzlainfo.ba\/wp-content\/uploads\/2021\/03\/logo-ver-3-1.png\",\"width\":350,\"height\":95,\"caption\":\"TuzlaInfo.ba\"},\"image\":{\"@id\":\"https:\/\/tuzlainfo.ba\/#\/schema\/logo\/image\/\"},\"sameAs\":[\"https:\/\/www.facebook.com\/tuzlainfo.ba\/\"]},{\"@type\":\"Person\",\"@id\":\"https:\/\/tuzlainfo.ba\/#\/schema\/person\/f4ebe4fff27e68efb65fa7e18f8af372\",\"name\":\"admin2\",\"image\":{\"@type\":\"ImageObject\",\"inLanguage\":\"bs-BA\",\"@id\":\"https:\/\/tuzlainfo.ba\/#\/schema\/person\/image\/\",\"url\":\"https:\/\/tuzlainfo.ba\/wp-content\/litespeed\/avatar\/8219eeb9a43cff2d096e773737736f62.jpg?ver=1777309398\",\"contentUrl\":\"https:\/\/tuzlainfo.ba\/wp-content\/litespeed\/avatar\/8219eeb9a43cff2d096e773737736f62.jpg?ver=1777309398\",\"caption\":\"admin2\"},\"description\":\"Tuzlainfo.ba pratite na dru\u0161tvenim mre\u017eama: Facebook, Instagram i Youtube. Svoje pri\u010de, upite i fotografije \u0161aljite na na\u0161u e-mail adresu.\",\"sameAs\":[\"admin\"]}]}<\/script>\n<!-- \/ Yoast SEO plugin. -->","yoast_head_json":{"title":"Vllasi odgovara Vu\u010di\u0107u: Albanci na Kosovu nikada vi\u0161e goloruki i bez svoje odbrane - TuzlaInfo.ba","robots":{"index":"index","follow":"follow","max-snippet":"max-snippet:-1","max-image-preview":"max-image-preview:large","max-video-preview":"max-video-preview:-1"},"canonical":"https:\/\/tuzlainfo.ba\/index.php\/clanci\/sa-svih-strana\/item\/227655-vllasi-odgovara-vucicu-albanci-na-kosovu-nikada-vise-goloruki-i-bez-svoje-odbrane\/","og_locale":"bs_BA","og_type":"article","og_title":"Vllasi odgovara Vu\u010di\u0107u: Albanci na Kosovu nikada vi\u0161e goloruki i bez svoje odbrane - TuzlaInfo.ba","og_description":"Predsjednik Srbije Aleksandar Vu\u010di\u0107 izjavio je ovih dana da je odluka ameri\u010dkog State Departmenta da&hellip;","og_url":"https:\/\/tuzlainfo.ba\/index.php\/clanci\/sa-svih-strana\/item\/227655-vllasi-odgovara-vucicu-albanci-na-kosovu-nikada-vise-goloruki-i-bez-svoje-odbrane\/","og_site_name":"TuzlaInfo.ba","article_publisher":"https:\/\/www.facebook.com\/tuzlainfo.ba\/","article_published_time":"2024-01-15T11:30:34+00:00","article_modified_time":"2024-01-15T11:35:07+00:00","og_image":[{"width":2048,"height":1152,"url":"https:\/\/tuzlainfo.ba\/wp-content\/uploads\/2022\/11\/1811_Tribina_BKCTK-azem_vlasi-6.jpg","type":"image\/jpeg"}],"author":"admin2","twitter_card":"summary_large_image","twitter_misc":{"Written by":"admin2","Est. reading time":"2 minute"},"schema":{"@context":"https:\/\/schema.org","@graph":[{"@type":"Article","@id":"https:\/\/tuzlainfo.ba\/index.php\/clanci\/sa-svih-strana\/item\/227655-vllasi-odgovara-vucicu-albanci-na-kosovu-nikada-vise-goloruki-i-bez-svoje-odbrane\/#article","isPartOf":{"@id":"https:\/\/tuzlainfo.ba\/index.php\/clanci\/sa-svih-strana\/item\/227655-vllasi-odgovara-vucicu-albanci-na-kosovu-nikada-vise-goloruki-i-bez-svoje-odbrane\/"},"author":{"name":"admin2","@id":"https:\/\/tuzlainfo.ba\/#\/schema\/person\/f4ebe4fff27e68efb65fa7e18f8af372"},"headline":"Vllasi odgovara Vu\u010di\u0107u: Albanci na Kosovu nikada vi\u0161e goloruki i bez svoje odbrane","datePublished":"2024-01-15T11:30:34+00:00","dateModified":"2024-01-15T11:35:07+00:00","mainEntityOfPage":{"@id":"https:\/\/tuzlainfo.ba\/index.php\/clanci\/sa-svih-strana\/item\/227655-vllasi-odgovara-vucicu-albanci-na-kosovu-nikada-vise-goloruki-i-bez-svoje-odbrane\/"},"wordCount":426,"publisher":{"@id":"https:\/\/tuzlainfo.ba\/#organization"},"image":{"@id":"https:\/\/tuzlainfo.ba\/index.php\/clanci\/sa-svih-strana\/item\/227655-vllasi-odgovara-vucicu-albanci-na-kosovu-nikada-vise-goloruki-i-bez-svoje-odbrane\/#primaryimage"},"thumbnailUrl":"https:\/\/tuzlainfo.ba\/wp-content\/uploads\/2022\/11\/1811_Tribina_BKCTK-azem_vlasi-6.jpg","keywords":["aleksandar vu\u010di\u0107","azem vlasi","kosovo"],"articleSection":["Sa svih strana"],"inLanguage":"bs-BA"},{"@type":"WebPage","@id":"https:\/\/tuzlainfo.ba\/index.php\/clanci\/sa-svih-strana\/item\/227655-vllasi-odgovara-vucicu-albanci-na-kosovu-nikada-vise-goloruki-i-bez-svoje-odbrane\/","url":"https:\/\/tuzlainfo.ba\/index.php\/clanci\/sa-svih-strana\/item\/227655-vllasi-odgovara-vucicu-albanci-na-kosovu-nikada-vise-goloruki-i-bez-svoje-odbrane\/","name":"Vllasi odgovara Vu\u010di\u0107u: Albanci na Kosovu nikada vi\u0161e goloruki i bez svoje odbrane - TuzlaInfo.ba","isPartOf":{"@id":"https:\/\/tuzlainfo.ba\/#website"},"primaryImageOfPage":{"@id":"https:\/\/tuzlainfo.ba\/index.php\/clanci\/sa-svih-strana\/item\/227655-vllasi-odgovara-vucicu-albanci-na-kosovu-nikada-vise-goloruki-i-bez-svoje-odbrane\/#primaryimage"},"image":{"@id":"https:\/\/tuzlainfo.ba\/index.php\/clanci\/sa-svih-strana\/item\/227655-vllasi-odgovara-vucicu-albanci-na-kosovu-nikada-vise-goloruki-i-bez-svoje-odbrane\/#primaryimage"},"thumbnailUrl":"https:\/\/tuzlainfo.ba\/wp-content\/uploads\/2022\/11\/1811_Tribina_BKCTK-azem_vlasi-6.jpg","datePublished":"2024-01-15T11:30:34+00:00","dateModified":"2024-01-15T11:35:07+00:00","breadcrumb":{"@id":"https:\/\/tuzlainfo.ba\/index.php\/clanci\/sa-svih-strana\/item\/227655-vllasi-odgovara-vucicu-albanci-na-kosovu-nikada-vise-goloruki-i-bez-svoje-odbrane\/#breadcrumb"},"inLanguage":"bs-BA","potentialAction":[{"@type":"ReadAction","target":["https:\/\/tuzlainfo.ba\/index.php\/clanci\/sa-svih-strana\/item\/227655-vllasi-odgovara-vucicu-albanci-na-kosovu-nikada-vise-goloruki-i-bez-svoje-odbrane\/"]}]},{"@type":"ImageObject","inLanguage":"bs-BA","@id":"https:\/\/tuzlainfo.ba\/index.php\/clanci\/sa-svih-strana\/item\/227655-vllasi-odgovara-vucicu-albanci-na-kosovu-nikada-vise-goloruki-i-bez-svoje-odbrane\/#primaryimage","url":"https:\/\/tuzlainfo.ba\/wp-content\/uploads\/2022\/11\/1811_Tribina_BKCTK-azem_vlasi-6.jpg","contentUrl":"https:\/\/tuzlainfo.ba\/wp-content\/uploads\/2022\/11\/1811_Tribina_BKCTK-azem_vlasi-6.jpg","width":2048,"height":1152},{"@type":"BreadcrumbList","@id":"https:\/\/tuzlainfo.ba\/index.php\/clanci\/sa-svih-strana\/item\/227655-vllasi-odgovara-vucicu-albanci-na-kosovu-nikada-vise-goloruki-i-bez-svoje-odbrane\/#breadcrumb","itemListElement":[{"@type":"ListItem","position":1,"name":"Home","item":"https:\/\/tuzlainfo.ba\/"},{"@type":"ListItem","position":2,"name":"Vllasi odgovara Vu\u010di\u0107u: Albanci na Kosovu nikada vi\u0161e goloruki i bez svoje odbrane"}]},{"@type":"WebSite","@id":"https:\/\/tuzlainfo.ba\/#website","url":"https:\/\/tuzlainfo.ba\/","name":"TuzlaInfo.ba","description":"Tuzla info, gradski informator - Tuzla na dlanu","publisher":{"@id":"https:\/\/tuzlainfo.ba\/#organization"},"potentialAction":[{"@type":"SearchAction","target":{"@type":"EntryPoint","urlTemplate":"https:\/\/tuzlainfo.ba\/?s={search_term_string}"},"query-input":{"@type":"PropertyValueSpecification","valueRequired":true,"valueName":"search_term_string"}}],"inLanguage":"bs-BA"},{"@type":"Organization","@id":"https:\/\/tuzlainfo.ba\/#organization","name":"TuzlaInfo.ba","url":"https:\/\/tuzlainfo.ba\/","logo":{"@type":"ImageObject","inLanguage":"bs-BA","@id":"https:\/\/tuzlainfo.ba\/#\/schema\/logo\/image\/","url":"https:\/\/tuzlainfo.ba\/wp-content\/uploads\/2021\/03\/logo-ver-3-1.png","contentUrl":"https:\/\/tuzlainfo.ba\/wp-content\/uploads\/2021\/03\/logo-ver-3-1.png","width":350,"height":95,"caption":"TuzlaInfo.ba"},"image":{"@id":"https:\/\/tuzlainfo.ba\/#\/schema\/logo\/image\/"},"sameAs":["https:\/\/www.facebook.com\/tuzlainfo.ba\/"]},{"@type":"Person","@id":"https:\/\/tuzlainfo.ba\/#\/schema\/person\/f4ebe4fff27e68efb65fa7e18f8af372","name":"admin2","image":{"@type":"ImageObject","inLanguage":"bs-BA","@id":"https:\/\/tuzlainfo.ba\/#\/schema\/person\/image\/","url":"https:\/\/tuzlainfo.ba\/wp-content\/litespeed\/avatar\/8219eeb9a43cff2d096e773737736f62.jpg?ver=1777309398","contentUrl":"https:\/\/tuzlainfo.ba\/wp-content\/litespeed\/avatar\/8219eeb9a43cff2d096e773737736f62.jpg?ver=1777309398","caption":"admin2"},"description":"Tuzlainfo.ba pratite na dru\u0161tvenim mre\u017eama: Facebook, Instagram i Youtube. Svoje pri\u010de, upite i fotografije \u0161aljite na na\u0161u e-mail adresu.","sameAs":["admin"]}]}},"_links":{"self":[{"href":"https:\/\/tuzlainfo.ba\/index.php\/wp-json\/wp\/v2\/posts\/227655"}],"collection":[{"href":"https:\/\/tuzlainfo.ba\/index.php\/wp-json\/wp\/v2\/posts"}],"about":[{"href":"https:\/\/tuzlainfo.ba\/index.php\/wp-json\/wp\/v2\/types\/post"}],"author":[{"embeddable":true,"href":"https:\/\/tuzlainfo.ba\/index.php\/wp-json\/wp\/v2\/users\/3"}],"replies":[{"embeddable":true,"href":"https:\/\/tuzlainfo.ba\/index.php\/wp-json\/wp\/v2\/comments?post=227655"}],"version-history":[{"count":1,"href":"https:\/\/tuzlainfo.ba\/index.php\/wp-json\/wp\/v2\/posts\/227655\/revisions"}],"predecessor-version":[{"id":227656,"href":"https:\/\/tuzlainfo.ba\/index.php\/wp-json\/wp\/v2\/posts\/227655\/revisions\/227656"}],"wp:featuredmedia":[{"embeddable":true,"href":"https:\/\/tuzlainfo.ba\/index.php\/wp-json\/wp\/v2\/media\/189714"}],"wp:attachment":[{"href":"https:\/\/tuzlainfo.ba\/index.php\/wp-json\/wp\/v2\/media?parent=227655"}],"wp:term":[{"taxonomy":"category","embeddable":true,"href":"https:\/\/tuzlainfo.ba\/index.php\/wp-json\/wp\/v2\/categories?post=227655"},{"taxonomy":"post_tag","embeddable":true,"href":"https:\/\/tuzlainfo.ba\/index.php\/wp-json\/wp\/v2\/tags?post=227655"}],"curies":[{"name":"wp","href":"https:\/\/api.w.org\/{rel}","templated":true}]}}