{"id":227489,"date":"2024-01-12T15:02:14","date_gmt":"2024-01-12T14:02:14","guid":{"rendered":"https:\/\/tuzlainfo.ba\/?p=227489"},"modified":"2024-01-12T19:55:23","modified_gmt":"2024-01-12T18:55:23","slug":"jedna-osoba-uhapsena-policija-iz-provalije-izvukla-ranjenog-lovca-prebacen-na-ukc-tuzla","status":"publish","type":"post","link":"https:\/\/tuzlainfo.ba\/index.php\/istaknuto\/item\/227489-jedna-osoba-uhapsena-policija-iz-provalije-izvukla-ranjenog-lovca-prebacen-na-ukc-tuzla\/","title":{"rendered":"Jedna osoba uhap\u0161ena: Policija iz provalije izvukla ranjenog lovca, preba\u010den na UKC Tuzla"},"content":{"rendered":"<p>Prava drama odvijala se ju\u010der popodne u \u0161umi u mjestu Ma\u0107esi, op\u0107ina Mili\u0107a, gdje je u lovu do\u0161lo do ranjavanja S. K. iz Mili\u0107a.<\/p>\n<div id=\"player\">Policiji je slu\u010daj prijavljen u 16.55 sati, a na mjesto doga\u0111aja odmah su iza\u0161li policija i Slu\u017eba hitne pomo\u0107i Doma zdravlja Mili\u0107i, pi\u0161e <a href=\"https:\/\/faktor.ba\/vijest\/drama-u-podrinju-policija-iz-provalije-izvlacila-ranjenog-lovca-s-teskim-povredama-prebacen-na-ukc-tuzla\/221687?fbclid=IwAR1ZUicggWi-nFRlevHFH57nXePsabUgVvOfqdNm5kl9U9vE9g1J4SzDK_Y\">Faktor<\/a>.<\/div>\n<div class=\"post-content post-content-holder\">\n<p>S obzirom na to da je lovac ranjen na izuzetno nepristupa\u010dnom terenu, najprije su, prema policijskom saop\u0107enju, policajci na terenu morali izvu\u0107i povrije\u0111enog iz provalije nakon \u010dega mu je ukazana pomo\u0107, te je prevezen u zvorni\u010dku bolnicu.<\/p>\n<p>Iz navedene ustanove dalje je upu\u0107en na lije\u010denje u Univerzitetski klini\u010dki centar Tuzla, gdje su mu konstatovane te\u0161ke tjelesne povrede.<\/p>\n<p>Mu\u0161karca je iz vatrenog oru\u017eja ranio drugi lovac, inicijala M. J. iz Mili\u0107a, koji je sa njim bio u lovu. On je uhap\u0161en zbog sumnje u po\u010dinjenje krivi\u010dnog djela izazivanje op\u0107e opasnosti.<\/p>\n<p>Kako je saop\u0107eno iz PU Zvornik, zbog nepristupa\u010dnosti terena, uvi\u0111aj je izvr\u0161en tek jutros, a po naredbi Osnovnog suda u Vlasenici i nadzorom Okru\u017enog javnog tu\u017eila\u0161tva u Isto\u010dnom Sarajevu, policija je pretresla vozilo, ku\u0107u i prostorije koje koristi M. J. i tom prilikom su oduzeli predmete koji se mogu dovesti u vezu sa izvr\u0161enjem krivi\u010dnog djela.<\/p>\n<p>&#8211; Protiv M. J. slijedi podno\u0161enje izvje\u0161taja o po\u010dinjenom krivi\u010dnom djelu &#8211; naveli su iz policije.<\/p>\n<\/div>\n","protected":false},"excerpt":{"rendered":"<p>Prava drama odvijala se ju\u010der popodne u \u0161umi u mjestu Ma\u0107esi, op\u0107ina Mili\u0107a, gdje je u lovu do\u0161lo do ranjavanja S. K. iz Mili\u0107a. Policiji je slu\u010daj prijavljen u 16.55 sati, a na mjesto doga\u0111aja odmah su iza\u0161li policija i Slu\u017eba hitne pomo\u0107i Doma zdravlja Mili\u0107i, pi\u0161e Faktor. S obzirom na to da je lovac [&hellip;]<\/p>\n","protected":false},"author":4,"featured_media":139281,"comment_status":"closed","ping_status":"closed","sticky":false,"template":"","format":"standard","meta":{"footnotes":""},"categories":[304,12,306],"tags":[3171,458],"class_list":["post-227489","post","type-post","status-publish","format-standard","has-post-thumbnail","hentry","category-istaknuto","category-novosti","category-preporucujemo","tag-lovac","tag-ukc-tuzla"],"yoast_head":"<!-- This site is optimized with the Yoast SEO plugin v28.3 - https:\/\/yoast.com\/product\/yoast-seo-wordpress\/ -->\n<title>Jedna osoba uhap\u0161ena: Policija iz provalije izvukla ranjenog lovca, preba\u010den na UKC Tuzla<\/title>\n<meta name=\"robots\" content=\"index, follow, max-snippet:-1, max-image-preview:large, max-video-preview:-1\" \/>\n<link rel=\"canonical\" href=\"https:\/\/tuzlainfo.ba\/index.php\/istaknuto\/item\/227489-jedna-osoba-uhapsena-policija-iz-provalije-izvukla-ranjenog-lovca-prebacen-na-ukc-tuzla\/\" \/>\n<meta property=\"og:locale\" content=\"bs_BA\" \/>\n<meta property=\"og:type\" content=\"article\" \/>\n<meta property=\"og:title\" content=\"Jedna osoba uhap\u0161ena: Policija iz provalije izvukla ranjenog lovca, preba\u010den na UKC Tuzla\" \/>\n<meta property=\"og:description\" content=\"Prava drama odvijala se ju\u010der popodne u \u0161umi u mjestu Ma\u0107esi, op\u0107ina Mili\u0107a, gdje je u lovu do\u0161lo do ranjavanja S. K. iz Mili\u0107a. Policiji je slu\u010daj prijavljen u 16.55 sati, a na mjesto doga\u0111aja odmah su iza\u0161li policija i Slu\u017eba hitne pomo\u0107i Doma zdravlja Mili\u0107i, pi\u0161e Faktor. S obzirom na to da je lovac [&hellip;]\" \/>\n<meta property=\"og:url\" content=\"https:\/\/tuzlainfo.ba\/index.php\/istaknuto\/item\/227489-jedna-osoba-uhapsena-policija-iz-provalije-izvukla-ranjenog-lovca-prebacen-na-ukc-tuzla\/\" \/>\n<meta property=\"og:site_name\" content=\"TuzlaInfo.ba\" \/>\n<meta property=\"article:publisher\" content=\"https:\/\/www.facebook.com\/tuzlainfo.ba\/\" \/>\n<meta property=\"article:published_time\" content=\"2024-01-12T14:02:14+00:00\" \/>\n<meta property=\"article:modified_time\" content=\"2024-01-12T18:55:23+00:00\" \/>\n<meta property=\"og:image\" content=\"https:\/\/tuzlainfo.ba\/wp-content\/uploads\/2021\/06\/1006_ukc_tuzla_klinickicentar.jpg\" \/>\n\t<meta property=\"og:image:width\" content=\"1200\" \/>\n\t<meta property=\"og:image:height\" content=\"816\" \/>\n\t<meta property=\"og:image:type\" content=\"image\/jpeg\" \/>\n<meta name=\"author\" content=\"Tuzla Info\" \/>\n<meta name=\"twitter:card\" content=\"summary_large_image\" \/>\n<meta name=\"twitter:label1\" content=\"Written by\" \/>\n\t<meta name=\"twitter:data1\" content=\"Tuzla Info\" \/>\n\t<meta name=\"twitter:label2\" content=\"Est. reading time\" \/>\n\t<meta name=\"twitter:data2\" content=\"2 minute\" \/>\n<script type=\"application\/ld+json\" class=\"yoast-schema-graph\">{\"@context\":\"https:\\\/\\\/schema.org\",\"@graph\":[{\"@type\":\"Article\",\"@id\":\"https:\\\/\\\/tuzlainfo.ba\\\/index.php\\\/istaknuto\\\/item\\\/227489-jedna-osoba-uhapsena-policija-iz-provalije-izvukla-ranjenog-lovca-prebacen-na-ukc-tuzla\\\/#article\",\"isPartOf\":{\"@id\":\"https:\\\/\\\/tuzlainfo.ba\\\/index.php\\\/istaknuto\\\/item\\\/227489-jedna-osoba-uhapsena-policija-iz-provalije-izvukla-ranjenog-lovca-prebacen-na-ukc-tuzla\\\/\"},\"author\":{\"name\":\"Tuzla Info\",\"@id\":\"https:\\\/\\\/tuzlainfo.ba\\\/#\\\/schema\\\/person\\\/46cad4c57790cbc50781edd14870825a\"},\"headline\":\"Jedna osoba uhap\u0161ena: Policija iz provalije izvukla ranjenog lovca, preba\u010den na UKC Tuzla\",\"datePublished\":\"2024-01-12T14:02:14+00:00\",\"dateModified\":\"2024-01-12T18:55:23+00:00\",\"mainEntityOfPage\":{\"@id\":\"https:\\\/\\\/tuzlainfo.ba\\\/index.php\\\/istaknuto\\\/item\\\/227489-jedna-osoba-uhapsena-policija-iz-provalije-izvukla-ranjenog-lovca-prebacen-na-ukc-tuzla\\\/\"},\"wordCount\":267,\"publisher\":{\"@id\":\"https:\\\/\\\/tuzlainfo.ba\\\/#organization\"},\"image\":{\"@id\":\"https:\\\/\\\/tuzlainfo.ba\\\/index.php\\\/istaknuto\\\/item\\\/227489-jedna-osoba-uhapsena-policija-iz-provalije-izvukla-ranjenog-lovca-prebacen-na-ukc-tuzla\\\/#primaryimage\"},\"thumbnailUrl\":\"https:\\\/\\\/tuzlainfo.ba\\\/wp-content\\\/uploads\\\/2021\\\/06\\\/1006_ukc_tuzla_klinickicentar.jpg\",\"keywords\":[\"lovac\",\"ukc tuzla\"],\"articleSection\":[\"Istaknuto\",\"Novosti\",\"Preporu\u010dujemo\"],\"inLanguage\":\"bs-BA\",\"copyrightYear\":\"2024\",\"copyrightHolder\":{\"@id\":\"https:\\\/\\\/tuzlainfo.ba\\\/#organization\"}},{\"@type\":\"WebPage\",\"@id\":\"https:\\\/\\\/tuzlainfo.ba\\\/index.php\\\/istaknuto\\\/item\\\/227489-jedna-osoba-uhapsena-policija-iz-provalije-izvukla-ranjenog-lovca-prebacen-na-ukc-tuzla\\\/\",\"url\":\"https:\\\/\\\/tuzlainfo.ba\\\/index.php\\\/istaknuto\\\/item\\\/227489-jedna-osoba-uhapsena-policija-iz-provalije-izvukla-ranjenog-lovca-prebacen-na-ukc-tuzla\\\/\",\"name\":\"Jedna osoba uhap\u0161ena: Policija iz provalije izvukla ranjenog lovca, preba\u010den na UKC Tuzla\",\"isPartOf\":{\"@id\":\"https:\\\/\\\/tuzlainfo.ba\\\/#website\"},\"primaryImageOfPage\":{\"@id\":\"https:\\\/\\\/tuzlainfo.ba\\\/index.php\\\/istaknuto\\\/item\\\/227489-jedna-osoba-uhapsena-policija-iz-provalije-izvukla-ranjenog-lovca-prebacen-na-ukc-tuzla\\\/#primaryimage\"},\"image\":{\"@id\":\"https:\\\/\\\/tuzlainfo.ba\\\/index.php\\\/istaknuto\\\/item\\\/227489-jedna-osoba-uhapsena-policija-iz-provalije-izvukla-ranjenog-lovca-prebacen-na-ukc-tuzla\\\/#primaryimage\"},\"thumbnailUrl\":\"https:\\\/\\\/tuzlainfo.ba\\\/wp-content\\\/uploads\\\/2021\\\/06\\\/1006_ukc_tuzla_klinickicentar.jpg\",\"datePublished\":\"2024-01-12T14:02:14+00:00\",\"dateModified\":\"2024-01-12T18:55:23+00:00\",\"breadcrumb\":{\"@id\":\"https:\\\/\\\/tuzlainfo.ba\\\/index.php\\\/istaknuto\\\/item\\\/227489-jedna-osoba-uhapsena-policija-iz-provalije-izvukla-ranjenog-lovca-prebacen-na-ukc-tuzla\\\/#breadcrumb\"},\"inLanguage\":\"bs-BA\",\"potentialAction\":[{\"@type\":\"ReadAction\",\"target\":[\"https:\\\/\\\/tuzlainfo.ba\\\/index.php\\\/istaknuto\\\/item\\\/227489-jedna-osoba-uhapsena-policija-iz-provalije-izvukla-ranjenog-lovca-prebacen-na-ukc-tuzla\\\/\"]}]},{\"@type\":\"ImageObject\",\"inLanguage\":\"bs-BA\",\"@id\":\"https:\\\/\\\/tuzlainfo.ba\\\/index.php\\\/istaknuto\\\/item\\\/227489-jedna-osoba-uhapsena-policija-iz-provalije-izvukla-ranjenog-lovca-prebacen-na-ukc-tuzla\\\/#primaryimage\",\"url\":\"https:\\\/\\\/tuzlainfo.ba\\\/wp-content\\\/uploads\\\/2021\\\/06\\\/1006_ukc_tuzla_klinickicentar.jpg\",\"contentUrl\":\"https:\\\/\\\/tuzlainfo.ba\\\/wp-content\\\/uploads\\\/2021\\\/06\\\/1006_ukc_tuzla_klinickicentar.jpg\",\"width\":1200,\"height\":816},{\"@type\":\"BreadcrumbList\",\"@id\":\"https:\\\/\\\/tuzlainfo.ba\\\/index.php\\\/istaknuto\\\/item\\\/227489-jedna-osoba-uhapsena-policija-iz-provalije-izvukla-ranjenog-lovca-prebacen-na-ukc-tuzla\\\/#breadcrumb\",\"itemListElement\":[{\"@type\":\"ListItem\",\"position\":1,\"name\":\"Home\",\"item\":\"https:\\\/\\\/tuzlainfo.ba\\\/\"},{\"@type\":\"ListItem\",\"position\":2,\"name\":\"Jedna osoba uhap\u0161ena: Policija iz provalije izvukla ranjenog lovca, preba\u010den na UKC Tuzla\"}]},{\"@type\":\"WebSite\",\"@id\":\"https:\\\/\\\/tuzlainfo.ba\\\/#website\",\"url\":\"https:\\\/\\\/tuzlainfo.ba\\\/\",\"name\":\"TuzlaInfo.ba\",\"description\":\"Tuzla info, gradski informator - Tuzla na dlanu\",\"publisher\":{\"@id\":\"https:\\\/\\\/tuzlainfo.ba\\\/#organization\"},\"potentialAction\":[{\"@type\":\"SearchAction\",\"target\":{\"@type\":\"EntryPoint\",\"urlTemplate\":\"https:\\\/\\\/tuzlainfo.ba\\\/?s={search_term_string}\"},\"query-input\":{\"@type\":\"PropertyValueSpecification\",\"valueRequired\":true,\"valueName\":\"search_term_string\"}}],\"inLanguage\":\"bs-BA\"},{\"@type\":\"Organization\",\"@id\":\"https:\\\/\\\/tuzlainfo.ba\\\/#organization\",\"name\":\"TuzlaInfo.ba\",\"url\":\"https:\\\/\\\/tuzlainfo.ba\\\/\",\"logo\":{\"@type\":\"ImageObject\",\"inLanguage\":\"bs-BA\",\"@id\":\"https:\\\/\\\/tuzlainfo.ba\\\/#\\\/schema\\\/logo\\\/image\\\/\",\"url\":\"https:\\\/\\\/tuzlainfo.ba\\\/wp-content\\\/uploads\\\/2021\\\/03\\\/logo-ver-3-1.png\",\"contentUrl\":\"https:\\\/\\\/tuzlainfo.ba\\\/wp-content\\\/uploads\\\/2021\\\/03\\\/logo-ver-3-1.png\",\"width\":350,\"height\":95,\"caption\":\"TuzlaInfo.ba\"},\"image\":{\"@id\":\"https:\\\/\\\/tuzlainfo.ba\\\/#\\\/schema\\\/logo\\\/image\\\/\"},\"sameAs\":[\"https:\\\/\\\/www.facebook.com\\\/tuzlainfo.ba\\\/\"]},{\"@type\":\"Person\",\"@id\":\"https:\\\/\\\/tuzlainfo.ba\\\/#\\\/schema\\\/person\\\/46cad4c57790cbc50781edd14870825a\",\"name\":\"Tuzla Info\",\"image\":{\"@type\":\"ImageObject\",\"inLanguage\":\"bs-BA\",\"@id\":\"https:\\\/\\\/secure.gravatar.com\\\/avatar\\\/e980921b00fa2e552723a2386544734ce6885d2b2304ccca3f45186f9ca4031d?s=96&d=mm&r=g\",\"url\":\"https:\\\/\\\/secure.gravatar.com\\\/avatar\\\/e980921b00fa2e552723a2386544734ce6885d2b2304ccca3f45186f9ca4031d?s=96&d=mm&r=g\",\"contentUrl\":\"https:\\\/\\\/secure.gravatar.com\\\/avatar\\\/e980921b00fa2e552723a2386544734ce6885d2b2304ccca3f45186f9ca4031d?s=96&d=mm&r=g\",\"caption\":\"Tuzla Info\"}}]}<\/script>\n<!-- \/ Yoast SEO plugin. -->","yoast_head_json":{"title":"Jedna osoba uhap\u0161ena: Policija iz provalije izvukla ranjenog lovca, preba\u010den na UKC Tuzla","robots":{"index":"index","follow":"follow","max-snippet":"max-snippet:-1","max-image-preview":"max-image-preview:large","max-video-preview":"max-video-preview:-1"},"canonical":"https:\/\/tuzlainfo.ba\/index.php\/istaknuto\/item\/227489-jedna-osoba-uhapsena-policija-iz-provalije-izvukla-ranjenog-lovca-prebacen-na-ukc-tuzla\/","og_locale":"bs_BA","og_type":"article","og_title":"Jedna osoba uhap\u0161ena: Policija iz provalije izvukla ranjenog lovca, preba\u010den na UKC Tuzla","og_description":"Prava drama odvijala se ju\u010der popodne u \u0161umi u mjestu Ma\u0107esi, op\u0107ina Mili\u0107a, gdje je u lovu do\u0161lo do ranjavanja S. K. iz Mili\u0107a. Policiji je slu\u010daj prijavljen u 16.55 sati, a na mjesto doga\u0111aja odmah su iza\u0161li policija i Slu\u017eba hitne pomo\u0107i Doma zdravlja Mili\u0107i, pi\u0161e Faktor. S obzirom na to da je lovac [&hellip;]","og_url":"https:\/\/tuzlainfo.ba\/index.php\/istaknuto\/item\/227489-jedna-osoba-uhapsena-policija-iz-provalije-izvukla-ranjenog-lovca-prebacen-na-ukc-tuzla\/","og_site_name":"TuzlaInfo.ba","article_publisher":"https:\/\/www.facebook.com\/tuzlainfo.ba\/","article_published_time":"2024-01-12T14:02:14+00:00","article_modified_time":"2024-01-12T18:55:23+00:00","og_image":[{"width":1200,"height":816,"url":"https:\/\/tuzlainfo.ba\/wp-content\/uploads\/2021\/06\/1006_ukc_tuzla_klinickicentar.jpg","type":"image\/jpeg"}],"author":"Tuzla Info","twitter_card":"summary_large_image","twitter_misc":{"Written by":"Tuzla Info","Est. reading time":"2 minute"},"schema":{"@context":"https:\/\/schema.org","@graph":[{"@type":"Article","@id":"https:\/\/tuzlainfo.ba\/index.php\/istaknuto\/item\/227489-jedna-osoba-uhapsena-policija-iz-provalije-izvukla-ranjenog-lovca-prebacen-na-ukc-tuzla\/#article","isPartOf":{"@id":"https:\/\/tuzlainfo.ba\/index.php\/istaknuto\/item\/227489-jedna-osoba-uhapsena-policija-iz-provalije-izvukla-ranjenog-lovca-prebacen-na-ukc-tuzla\/"},"author":{"name":"Tuzla Info","@id":"https:\/\/tuzlainfo.ba\/#\/schema\/person\/46cad4c57790cbc50781edd14870825a"},"headline":"Jedna osoba uhap\u0161ena: Policija iz provalije izvukla ranjenog lovca, preba\u010den na UKC Tuzla","datePublished":"2024-01-12T14:02:14+00:00","dateModified":"2024-01-12T18:55:23+00:00","mainEntityOfPage":{"@id":"https:\/\/tuzlainfo.ba\/index.php\/istaknuto\/item\/227489-jedna-osoba-uhapsena-policija-iz-provalije-izvukla-ranjenog-lovca-prebacen-na-ukc-tuzla\/"},"wordCount":267,"publisher":{"@id":"https:\/\/tuzlainfo.ba\/#organization"},"image":{"@id":"https:\/\/tuzlainfo.ba\/index.php\/istaknuto\/item\/227489-jedna-osoba-uhapsena-policija-iz-provalije-izvukla-ranjenog-lovca-prebacen-na-ukc-tuzla\/#primaryimage"},"thumbnailUrl":"https:\/\/tuzlainfo.ba\/wp-content\/uploads\/2021\/06\/1006_ukc_tuzla_klinickicentar.jpg","keywords":["lovac","ukc tuzla"],"articleSection":["Istaknuto","Novosti","Preporu\u010dujemo"],"inLanguage":"bs-BA","copyrightYear":"2024","copyrightHolder":{"@id":"https:\/\/tuzlainfo.ba\/#organization"}},{"@type":"WebPage","@id":"https:\/\/tuzlainfo.ba\/index.php\/istaknuto\/item\/227489-jedna-osoba-uhapsena-policija-iz-provalije-izvukla-ranjenog-lovca-prebacen-na-ukc-tuzla\/","url":"https:\/\/tuzlainfo.ba\/index.php\/istaknuto\/item\/227489-jedna-osoba-uhapsena-policija-iz-provalije-izvukla-ranjenog-lovca-prebacen-na-ukc-tuzla\/","name":"Jedna osoba uhap\u0161ena: Policija iz provalije izvukla ranjenog lovca, preba\u010den na UKC Tuzla","isPartOf":{"@id":"https:\/\/tuzlainfo.ba\/#website"},"primaryImageOfPage":{"@id":"https:\/\/tuzlainfo.ba\/index.php\/istaknuto\/item\/227489-jedna-osoba-uhapsena-policija-iz-provalije-izvukla-ranjenog-lovca-prebacen-na-ukc-tuzla\/#primaryimage"},"image":{"@id":"https:\/\/tuzlainfo.ba\/index.php\/istaknuto\/item\/227489-jedna-osoba-uhapsena-policija-iz-provalije-izvukla-ranjenog-lovca-prebacen-na-ukc-tuzla\/#primaryimage"},"thumbnailUrl":"https:\/\/tuzlainfo.ba\/wp-content\/uploads\/2021\/06\/1006_ukc_tuzla_klinickicentar.jpg","datePublished":"2024-01-12T14:02:14+00:00","dateModified":"2024-01-12T18:55:23+00:00","breadcrumb":{"@id":"https:\/\/tuzlainfo.ba\/index.php\/istaknuto\/item\/227489-jedna-osoba-uhapsena-policija-iz-provalije-izvukla-ranjenog-lovca-prebacen-na-ukc-tuzla\/#breadcrumb"},"inLanguage":"bs-BA","potentialAction":[{"@type":"ReadAction","target":["https:\/\/tuzlainfo.ba\/index.php\/istaknuto\/item\/227489-jedna-osoba-uhapsena-policija-iz-provalije-izvukla-ranjenog-lovca-prebacen-na-ukc-tuzla\/"]}]},{"@type":"ImageObject","inLanguage":"bs-BA","@id":"https:\/\/tuzlainfo.ba\/index.php\/istaknuto\/item\/227489-jedna-osoba-uhapsena-policija-iz-provalije-izvukla-ranjenog-lovca-prebacen-na-ukc-tuzla\/#primaryimage","url":"https:\/\/tuzlainfo.ba\/wp-content\/uploads\/2021\/06\/1006_ukc_tuzla_klinickicentar.jpg","contentUrl":"https:\/\/tuzlainfo.ba\/wp-content\/uploads\/2021\/06\/1006_ukc_tuzla_klinickicentar.jpg","width":1200,"height":816},{"@type":"BreadcrumbList","@id":"https:\/\/tuzlainfo.ba\/index.php\/istaknuto\/item\/227489-jedna-osoba-uhapsena-policija-iz-provalije-izvukla-ranjenog-lovca-prebacen-na-ukc-tuzla\/#breadcrumb","itemListElement":[{"@type":"ListItem","position":1,"name":"Home","item":"https:\/\/tuzlainfo.ba\/"},{"@type":"ListItem","position":2,"name":"Jedna osoba uhap\u0161ena: Policija iz provalije izvukla ranjenog lovca, preba\u010den na UKC Tuzla"}]},{"@type":"WebSite","@id":"https:\/\/tuzlainfo.ba\/#website","url":"https:\/\/tuzlainfo.ba\/","name":"TuzlaInfo.ba","description":"Tuzla info, gradski informator - Tuzla na dlanu","publisher":{"@id":"https:\/\/tuzlainfo.ba\/#organization"},"potentialAction":[{"@type":"SearchAction","target":{"@type":"EntryPoint","urlTemplate":"https:\/\/tuzlainfo.ba\/?s={search_term_string}"},"query-input":{"@type":"PropertyValueSpecification","valueRequired":true,"valueName":"search_term_string"}}],"inLanguage":"bs-BA"},{"@type":"Organization","@id":"https:\/\/tuzlainfo.ba\/#organization","name":"TuzlaInfo.ba","url":"https:\/\/tuzlainfo.ba\/","logo":{"@type":"ImageObject","inLanguage":"bs-BA","@id":"https:\/\/tuzlainfo.ba\/#\/schema\/logo\/image\/","url":"https:\/\/tuzlainfo.ba\/wp-content\/uploads\/2021\/03\/logo-ver-3-1.png","contentUrl":"https:\/\/tuzlainfo.ba\/wp-content\/uploads\/2021\/03\/logo-ver-3-1.png","width":350,"height":95,"caption":"TuzlaInfo.ba"},"image":{"@id":"https:\/\/tuzlainfo.ba\/#\/schema\/logo\/image\/"},"sameAs":["https:\/\/www.facebook.com\/tuzlainfo.ba\/"]},{"@type":"Person","@id":"https:\/\/tuzlainfo.ba\/#\/schema\/person\/46cad4c57790cbc50781edd14870825a","name":"Tuzla Info","image":{"@type":"ImageObject","inLanguage":"bs-BA","@id":"https:\/\/secure.gravatar.com\/avatar\/e980921b00fa2e552723a2386544734ce6885d2b2304ccca3f45186f9ca4031d?s=96&d=mm&r=g","url":"https:\/\/secure.gravatar.com\/avatar\/e980921b00fa2e552723a2386544734ce6885d2b2304ccca3f45186f9ca4031d?s=96&d=mm&r=g","contentUrl":"https:\/\/secure.gravatar.com\/avatar\/e980921b00fa2e552723a2386544734ce6885d2b2304ccca3f45186f9ca4031d?s=96&d=mm&r=g","caption":"Tuzla Info"}}]}},"_links":{"self":[{"href":"https:\/\/tuzlainfo.ba\/index.php\/wp-json\/wp\/v2\/posts\/227489","targetHints":{"allow":["GET"]}}],"collection":[{"href":"https:\/\/tuzlainfo.ba\/index.php\/wp-json\/wp\/v2\/posts"}],"about":[{"href":"https:\/\/tuzlainfo.ba\/index.php\/wp-json\/wp\/v2\/types\/post"}],"author":[{"embeddable":true,"href":"https:\/\/tuzlainfo.ba\/index.php\/wp-json\/wp\/v2\/users\/4"}],"replies":[{"embeddable":true,"href":"https:\/\/tuzlainfo.ba\/index.php\/wp-json\/wp\/v2\/comments?post=227489"}],"version-history":[{"count":1,"href":"https:\/\/tuzlainfo.ba\/index.php\/wp-json\/wp\/v2\/posts\/227489\/revisions"}],"predecessor-version":[{"id":227495,"href":"https:\/\/tuzlainfo.ba\/index.php\/wp-json\/wp\/v2\/posts\/227489\/revisions\/227495"}],"wp:featuredmedia":[{"embeddable":true,"href":"https:\/\/tuzlainfo.ba\/index.php\/wp-json\/wp\/v2\/media\/139281"}],"wp:attachment":[{"href":"https:\/\/tuzlainfo.ba\/index.php\/wp-json\/wp\/v2\/media?parent=227489"}],"wp:term":[{"taxonomy":"category","embeddable":true,"href":"https:\/\/tuzlainfo.ba\/index.php\/wp-json\/wp\/v2\/categories?post=227489"},{"taxonomy":"post_tag","embeddable":true,"href":"https:\/\/tuzlainfo.ba\/index.php\/wp-json\/wp\/v2\/tags?post=227489"}],"curies":[{"name":"wp","href":"https:\/\/api.w.org\/{rel}","templated":true}]}}