{"id":227439,"date":"2024-01-11T22:05:43","date_gmt":"2024-01-11T21:05:43","guid":{"rendered":"https:\/\/tuzlainfo.ba\/?p=227439"},"modified":"2024-01-11T22:05:43","modified_gmt":"2024-01-11T21:05:43","slug":"ep-u-rukometu-zmajevi-ocekivano-porazeni-od-prvaka-evrope","status":"publish","type":"post","link":"https:\/\/tuzlainfo.ba\/index.php\/bosna-i-hercegovina\/item\/227439-ep-u-rukometu-zmajevi-ocekivano-porazeni-od-prvaka-evrope\/","title":{"rendered":"EP u rukometu: Zmajevi o\u010dekivano pora\u017eeni od prvaka Evrope"},"content":{"rendered":"<p>Rukometna reprezentacija Bosne i Hercegovine na startu Evropskog prvenstva pora\u017eena je od aktuelnog prvaka Starog kontinenta, selekcije \u0160vedske.<\/p>\n<p>\u0160ve\u0111ani su slavili sigurnu pobjedu rezultatom 29:20.<\/p>\n<div class=\"post-content post-content-holder\">\n<p>BiH je dobro u\u0161la u me\u010d, odbrana tima Irfana Smajlagi\u0107a bila je na nivou. \u0160vedska je prvi gol postigla u \u0161estoj minuti (1:1).<\/p>\n<p>\u0160vedska je poslije toga zaigrala bolje, odr\u017eavala prednost, a klju\u010dni period u prvom periodu dogodio se od 22. minute do isteka vremena. Kod rezultata 7:5 \u0160vedska je napravila seriju 5:0 i povela sa 12:5. Na odmor je \u0160vedska odnijela plus sedam (14:7).<\/p>\n<p>Na startu drugog poluvremena Zmajevi prave seriju 3:0 i vra\u0107aju se u rezultski egal (14:10). BiH je u 44. minuti uspjela do\u0107i na minus tri (18:15), a minus tri bilo je i u 46. minuti (19:16).<\/p>\n<p>Od tada je uslijedio pad na\u0161e selekcije, na kraju je \u0160vedska slavila ubjedljvo.<\/p>\n<p>Naredni me\u010d BiH igra u subotu protiv Nizozemske koja je turnir otvorila pobjedom protiv Gruzije, pi\u0161e Faktor.ba.<\/p>\n<\/div>\n","protected":false},"excerpt":{"rendered":"<p>Rukometna reprezentacija Bosne i Hercegovine na startu Evropskog prvenstva pora\u017eena je od aktuelnog prvaka Starog&hellip;<\/p>\n","protected":false},"author":2,"featured_media":227440,"comment_status":"closed","ping_status":"closed","sticky":false,"template":"","format":"standard","meta":{"_acf_changed":false,"footnotes":""},"categories":[291,304],"tags":[5488,9364,1048,915],"acf":[],"yoast_head":"<!-- This site is optimized with the Yoast SEO plugin v23.5 - https:\/\/yoast.com\/wordpress\/plugins\/seo\/ -->\n<title>EP u rukometu: Zmajevi o\u010dekivano pora\u017eeni od prvaka Evrope - TuzlaInfo.ba<\/title>\n<meta name=\"robots\" content=\"index, follow, max-snippet:-1, max-image-preview:large, max-video-preview:-1\" \/>\n<link rel=\"canonical\" href=\"https:\/\/tuzlainfo.ba\/index.php\/bosna-i-hercegovina\/item\/227439-ep-u-rukometu-zmajevi-ocekivano-porazeni-od-prvaka-evrope\/\" \/>\n<meta property=\"og:locale\" content=\"bs_BA\" \/>\n<meta property=\"og:type\" content=\"article\" \/>\n<meta property=\"og:title\" content=\"EP u rukometu: Zmajevi o\u010dekivano pora\u017eeni od prvaka Evrope - TuzlaInfo.ba\" \/>\n<meta property=\"og:description\" content=\"Rukometna reprezentacija Bosne i Hercegovine na startu Evropskog prvenstva pora\u017eena je od aktuelnog prvaka Starog&hellip;\" \/>\n<meta property=\"og:url\" content=\"https:\/\/tuzlainfo.ba\/index.php\/bosna-i-hercegovina\/item\/227439-ep-u-rukometu-zmajevi-ocekivano-porazeni-od-prvaka-evrope\/\" \/>\n<meta property=\"og:site_name\" content=\"TuzlaInfo.ba\" \/>\n<meta property=\"article:publisher\" content=\"https:\/\/www.facebook.com\/tuzlainfo.ba\/\" \/>\n<meta property=\"article:published_time\" content=\"2024-01-11T21:05:43+00:00\" \/>\n<meta property=\"og:image\" content=\"https:\/\/tuzlainfo.ba\/wp-content\/uploads\/2024\/01\/1101_rukomet_reprezentacija_euro.jpg\" \/>\n\t<meta property=\"og:image:width\" content=\"800\" \/>\n\t<meta property=\"og:image:height\" content=\"529\" \/>\n\t<meta property=\"og:image:type\" content=\"image\/jpeg\" \/>\n<meta name=\"author\" content=\"nedim\" \/>\n<meta name=\"twitter:card\" content=\"summary_large_image\" \/>\n<meta name=\"twitter:label1\" content=\"Written by\" \/>\n\t<meta name=\"twitter:data1\" content=\"nedim\" \/>\n\t<meta name=\"twitter:label2\" content=\"Est. reading time\" \/>\n\t<meta name=\"twitter:data2\" content=\"1 minuta\" \/>\n<script type=\"application\/ld+json\" class=\"yoast-schema-graph\">{\"@context\":\"https:\/\/schema.org\",\"@graph\":[{\"@type\":\"Article\",\"@id\":\"https:\/\/tuzlainfo.ba\/index.php\/bosna-i-hercegovina\/item\/227439-ep-u-rukometu-zmajevi-ocekivano-porazeni-od-prvaka-evrope\/#article\",\"isPartOf\":{\"@id\":\"https:\/\/tuzlainfo.ba\/index.php\/bosna-i-hercegovina\/item\/227439-ep-u-rukometu-zmajevi-ocekivano-porazeni-od-prvaka-evrope\/\"},\"author\":{\"name\":\"nedim\",\"@id\":\"https:\/\/tuzlainfo.ba\/#\/schema\/person\/f434e20dc27ea133923aab08451b7f7f\"},\"headline\":\"EP u rukometu: Zmajevi o\u010dekivano pora\u017eeni od prvaka Evrope\",\"datePublished\":\"2024-01-11T21:05:43+00:00\",\"dateModified\":\"2024-01-11T21:05:43+00:00\",\"mainEntityOfPage\":{\"@id\":\"https:\/\/tuzlainfo.ba\/index.php\/bosna-i-hercegovina\/item\/227439-ep-u-rukometu-zmajevi-ocekivano-porazeni-od-prvaka-evrope\/\"},\"wordCount\":165,\"publisher\":{\"@id\":\"https:\/\/tuzlainfo.ba\/#organization\"},\"image\":{\"@id\":\"https:\/\/tuzlainfo.ba\/index.php\/bosna-i-hercegovina\/item\/227439-ep-u-rukometu-zmajevi-ocekivano-porazeni-od-prvaka-evrope\/#primaryimage\"},\"thumbnailUrl\":\"https:\/\/tuzlainfo.ba\/wp-content\/uploads\/2024\/01\/1101_rukomet_reprezentacija_euro.jpg\",\"keywords\":[\"euro 2024\",\"prvenstvo evrope u rukometu\",\"rukometna reprezentacija bih\",\"sport\"],\"articleSection\":[\"Bosna i Hercegovina\",\"Istaknuto\"],\"inLanguage\":\"bs-BA\"},{\"@type\":\"WebPage\",\"@id\":\"https:\/\/tuzlainfo.ba\/index.php\/bosna-i-hercegovina\/item\/227439-ep-u-rukometu-zmajevi-ocekivano-porazeni-od-prvaka-evrope\/\",\"url\":\"https:\/\/tuzlainfo.ba\/index.php\/bosna-i-hercegovina\/item\/227439-ep-u-rukometu-zmajevi-ocekivano-porazeni-od-prvaka-evrope\/\",\"name\":\"EP u rukometu: Zmajevi o\u010dekivano pora\u017eeni od prvaka Evrope - TuzlaInfo.ba\",\"isPartOf\":{\"@id\":\"https:\/\/tuzlainfo.ba\/#website\"},\"primaryImageOfPage\":{\"@id\":\"https:\/\/tuzlainfo.ba\/index.php\/bosna-i-hercegovina\/item\/227439-ep-u-rukometu-zmajevi-ocekivano-porazeni-od-prvaka-evrope\/#primaryimage\"},\"image\":{\"@id\":\"https:\/\/tuzlainfo.ba\/index.php\/bosna-i-hercegovina\/item\/227439-ep-u-rukometu-zmajevi-ocekivano-porazeni-od-prvaka-evrope\/#primaryimage\"},\"thumbnailUrl\":\"https:\/\/tuzlainfo.ba\/wp-content\/uploads\/2024\/01\/1101_rukomet_reprezentacija_euro.jpg\",\"datePublished\":\"2024-01-11T21:05:43+00:00\",\"dateModified\":\"2024-01-11T21:05:43+00:00\",\"breadcrumb\":{\"@id\":\"https:\/\/tuzlainfo.ba\/index.php\/bosna-i-hercegovina\/item\/227439-ep-u-rukometu-zmajevi-ocekivano-porazeni-od-prvaka-evrope\/#breadcrumb\"},\"inLanguage\":\"bs-BA\",\"potentialAction\":[{\"@type\":\"ReadAction\",\"target\":[\"https:\/\/tuzlainfo.ba\/index.php\/bosna-i-hercegovina\/item\/227439-ep-u-rukometu-zmajevi-ocekivano-porazeni-od-prvaka-evrope\/\"]}]},{\"@type\":\"ImageObject\",\"inLanguage\":\"bs-BA\",\"@id\":\"https:\/\/tuzlainfo.ba\/index.php\/bosna-i-hercegovina\/item\/227439-ep-u-rukometu-zmajevi-ocekivano-porazeni-od-prvaka-evrope\/#primaryimage\",\"url\":\"https:\/\/tuzlainfo.ba\/wp-content\/uploads\/2024\/01\/1101_rukomet_reprezentacija_euro.jpg\",\"contentUrl\":\"https:\/\/tuzlainfo.ba\/wp-content\/uploads\/2024\/01\/1101_rukomet_reprezentacija_euro.jpg\",\"width\":800,\"height\":529,\"caption\":\"FOTO: EHF\"},{\"@type\":\"BreadcrumbList\",\"@id\":\"https:\/\/tuzlainfo.ba\/index.php\/bosna-i-hercegovina\/item\/227439-ep-u-rukometu-zmajevi-ocekivano-porazeni-od-prvaka-evrope\/#breadcrumb\",\"itemListElement\":[{\"@type\":\"ListItem\",\"position\":1,\"name\":\"Home\",\"item\":\"https:\/\/tuzlainfo.ba\/\"},{\"@type\":\"ListItem\",\"position\":2,\"name\":\"EP u rukometu: Zmajevi o\u010dekivano pora\u017eeni od prvaka Evrope\"}]},{\"@type\":\"WebSite\",\"@id\":\"https:\/\/tuzlainfo.ba\/#website\",\"url\":\"https:\/\/tuzlainfo.ba\/\",\"name\":\"TuzlaInfo.ba\",\"description\":\"Tuzla info, gradski informator - Tuzla na dlanu\",\"publisher\":{\"@id\":\"https:\/\/tuzlainfo.ba\/#organization\"},\"potentialAction\":[{\"@type\":\"SearchAction\",\"target\":{\"@type\":\"EntryPoint\",\"urlTemplate\":\"https:\/\/tuzlainfo.ba\/?s={search_term_string}\"},\"query-input\":{\"@type\":\"PropertyValueSpecification\",\"valueRequired\":true,\"valueName\":\"search_term_string\"}}],\"inLanguage\":\"bs-BA\"},{\"@type\":\"Organization\",\"@id\":\"https:\/\/tuzlainfo.ba\/#organization\",\"name\":\"TuzlaInfo.ba\",\"url\":\"https:\/\/tuzlainfo.ba\/\",\"logo\":{\"@type\":\"ImageObject\",\"inLanguage\":\"bs-BA\",\"@id\":\"https:\/\/tuzlainfo.ba\/#\/schema\/logo\/image\/\",\"url\":\"https:\/\/tuzlainfo.ba\/wp-content\/uploads\/2021\/03\/logo-ver-3-1.png\",\"contentUrl\":\"https:\/\/tuzlainfo.ba\/wp-content\/uploads\/2021\/03\/logo-ver-3-1.png\",\"width\":350,\"height\":95,\"caption\":\"TuzlaInfo.ba\"},\"image\":{\"@id\":\"https:\/\/tuzlainfo.ba\/#\/schema\/logo\/image\/\"},\"sameAs\":[\"https:\/\/www.facebook.com\/tuzlainfo.ba\/\"]},{\"@type\":\"Person\",\"@id\":\"https:\/\/tuzlainfo.ba\/#\/schema\/person\/f434e20dc27ea133923aab08451b7f7f\",\"name\":\"nedim\",\"image\":{\"@type\":\"ImageObject\",\"inLanguage\":\"bs-BA\",\"@id\":\"https:\/\/tuzlainfo.ba\/#\/schema\/person\/image\/\",\"url\":\"https:\/\/tuzlainfo.ba\/wp-content\/litespeed\/avatar\/aabad687af24844af817603ac1cbdc4f.jpg?ver=1777306975\",\"contentUrl\":\"https:\/\/tuzlainfo.ba\/wp-content\/litespeed\/avatar\/aabad687af24844af817603ac1cbdc4f.jpg?ver=1777306975\",\"caption\":\"nedim\"},\"description\":\"Tuzlainfo.ba pratite na dru\u0161tvenim mre\u017eama: Facebook, Instagram i Youtube. Svoje pri\u010de, upite i fotografije \u0161aljite na na\u0161u e-mail adresu.\"}]}<\/script>\n<!-- \/ Yoast SEO plugin. -->","yoast_head_json":{"title":"EP u rukometu: Zmajevi o\u010dekivano pora\u017eeni od prvaka Evrope - TuzlaInfo.ba","robots":{"index":"index","follow":"follow","max-snippet":"max-snippet:-1","max-image-preview":"max-image-preview:large","max-video-preview":"max-video-preview:-1"},"canonical":"https:\/\/tuzlainfo.ba\/index.php\/bosna-i-hercegovina\/item\/227439-ep-u-rukometu-zmajevi-ocekivano-porazeni-od-prvaka-evrope\/","og_locale":"bs_BA","og_type":"article","og_title":"EP u rukometu: Zmajevi o\u010dekivano pora\u017eeni od prvaka Evrope - TuzlaInfo.ba","og_description":"Rukometna reprezentacija Bosne i Hercegovine na startu Evropskog prvenstva pora\u017eena je od aktuelnog prvaka Starog&hellip;","og_url":"https:\/\/tuzlainfo.ba\/index.php\/bosna-i-hercegovina\/item\/227439-ep-u-rukometu-zmajevi-ocekivano-porazeni-od-prvaka-evrope\/","og_site_name":"TuzlaInfo.ba","article_publisher":"https:\/\/www.facebook.com\/tuzlainfo.ba\/","article_published_time":"2024-01-11T21:05:43+00:00","og_image":[{"width":800,"height":529,"url":"https:\/\/tuzlainfo.ba\/wp-content\/uploads\/2024\/01\/1101_rukomet_reprezentacija_euro.jpg","type":"image\/jpeg"}],"author":"nedim","twitter_card":"summary_large_image","twitter_misc":{"Written by":"nedim","Est. reading time":"1 minuta"},"schema":{"@context":"https:\/\/schema.org","@graph":[{"@type":"Article","@id":"https:\/\/tuzlainfo.ba\/index.php\/bosna-i-hercegovina\/item\/227439-ep-u-rukometu-zmajevi-ocekivano-porazeni-od-prvaka-evrope\/#article","isPartOf":{"@id":"https:\/\/tuzlainfo.ba\/index.php\/bosna-i-hercegovina\/item\/227439-ep-u-rukometu-zmajevi-ocekivano-porazeni-od-prvaka-evrope\/"},"author":{"name":"nedim","@id":"https:\/\/tuzlainfo.ba\/#\/schema\/person\/f434e20dc27ea133923aab08451b7f7f"},"headline":"EP u rukometu: Zmajevi o\u010dekivano pora\u017eeni od prvaka Evrope","datePublished":"2024-01-11T21:05:43+00:00","dateModified":"2024-01-11T21:05:43+00:00","mainEntityOfPage":{"@id":"https:\/\/tuzlainfo.ba\/index.php\/bosna-i-hercegovina\/item\/227439-ep-u-rukometu-zmajevi-ocekivano-porazeni-od-prvaka-evrope\/"},"wordCount":165,"publisher":{"@id":"https:\/\/tuzlainfo.ba\/#organization"},"image":{"@id":"https:\/\/tuzlainfo.ba\/index.php\/bosna-i-hercegovina\/item\/227439-ep-u-rukometu-zmajevi-ocekivano-porazeni-od-prvaka-evrope\/#primaryimage"},"thumbnailUrl":"https:\/\/tuzlainfo.ba\/wp-content\/uploads\/2024\/01\/1101_rukomet_reprezentacija_euro.jpg","keywords":["euro 2024","prvenstvo evrope u rukometu","rukometna reprezentacija bih","sport"],"articleSection":["Bosna i Hercegovina","Istaknuto"],"inLanguage":"bs-BA"},{"@type":"WebPage","@id":"https:\/\/tuzlainfo.ba\/index.php\/bosna-i-hercegovina\/item\/227439-ep-u-rukometu-zmajevi-ocekivano-porazeni-od-prvaka-evrope\/","url":"https:\/\/tuzlainfo.ba\/index.php\/bosna-i-hercegovina\/item\/227439-ep-u-rukometu-zmajevi-ocekivano-porazeni-od-prvaka-evrope\/","name":"EP u rukometu: Zmajevi o\u010dekivano pora\u017eeni od prvaka Evrope - TuzlaInfo.ba","isPartOf":{"@id":"https:\/\/tuzlainfo.ba\/#website"},"primaryImageOfPage":{"@id":"https:\/\/tuzlainfo.ba\/index.php\/bosna-i-hercegovina\/item\/227439-ep-u-rukometu-zmajevi-ocekivano-porazeni-od-prvaka-evrope\/#primaryimage"},"image":{"@id":"https:\/\/tuzlainfo.ba\/index.php\/bosna-i-hercegovina\/item\/227439-ep-u-rukometu-zmajevi-ocekivano-porazeni-od-prvaka-evrope\/#primaryimage"},"thumbnailUrl":"https:\/\/tuzlainfo.ba\/wp-content\/uploads\/2024\/01\/1101_rukomet_reprezentacija_euro.jpg","datePublished":"2024-01-11T21:05:43+00:00","dateModified":"2024-01-11T21:05:43+00:00","breadcrumb":{"@id":"https:\/\/tuzlainfo.ba\/index.php\/bosna-i-hercegovina\/item\/227439-ep-u-rukometu-zmajevi-ocekivano-porazeni-od-prvaka-evrope\/#breadcrumb"},"inLanguage":"bs-BA","potentialAction":[{"@type":"ReadAction","target":["https:\/\/tuzlainfo.ba\/index.php\/bosna-i-hercegovina\/item\/227439-ep-u-rukometu-zmajevi-ocekivano-porazeni-od-prvaka-evrope\/"]}]},{"@type":"ImageObject","inLanguage":"bs-BA","@id":"https:\/\/tuzlainfo.ba\/index.php\/bosna-i-hercegovina\/item\/227439-ep-u-rukometu-zmajevi-ocekivano-porazeni-od-prvaka-evrope\/#primaryimage","url":"https:\/\/tuzlainfo.ba\/wp-content\/uploads\/2024\/01\/1101_rukomet_reprezentacija_euro.jpg","contentUrl":"https:\/\/tuzlainfo.ba\/wp-content\/uploads\/2024\/01\/1101_rukomet_reprezentacija_euro.jpg","width":800,"height":529,"caption":"FOTO: EHF"},{"@type":"BreadcrumbList","@id":"https:\/\/tuzlainfo.ba\/index.php\/bosna-i-hercegovina\/item\/227439-ep-u-rukometu-zmajevi-ocekivano-porazeni-od-prvaka-evrope\/#breadcrumb","itemListElement":[{"@type":"ListItem","position":1,"name":"Home","item":"https:\/\/tuzlainfo.ba\/"},{"@type":"ListItem","position":2,"name":"EP u rukometu: Zmajevi o\u010dekivano pora\u017eeni od prvaka Evrope"}]},{"@type":"WebSite","@id":"https:\/\/tuzlainfo.ba\/#website","url":"https:\/\/tuzlainfo.ba\/","name":"TuzlaInfo.ba","description":"Tuzla info, gradski informator - Tuzla na dlanu","publisher":{"@id":"https:\/\/tuzlainfo.ba\/#organization"},"potentialAction":[{"@type":"SearchAction","target":{"@type":"EntryPoint","urlTemplate":"https:\/\/tuzlainfo.ba\/?s={search_term_string}"},"query-input":{"@type":"PropertyValueSpecification","valueRequired":true,"valueName":"search_term_string"}}],"inLanguage":"bs-BA"},{"@type":"Organization","@id":"https:\/\/tuzlainfo.ba\/#organization","name":"TuzlaInfo.ba","url":"https:\/\/tuzlainfo.ba\/","logo":{"@type":"ImageObject","inLanguage":"bs-BA","@id":"https:\/\/tuzlainfo.ba\/#\/schema\/logo\/image\/","url":"https:\/\/tuzlainfo.ba\/wp-content\/uploads\/2021\/03\/logo-ver-3-1.png","contentUrl":"https:\/\/tuzlainfo.ba\/wp-content\/uploads\/2021\/03\/logo-ver-3-1.png","width":350,"height":95,"caption":"TuzlaInfo.ba"},"image":{"@id":"https:\/\/tuzlainfo.ba\/#\/schema\/logo\/image\/"},"sameAs":["https:\/\/www.facebook.com\/tuzlainfo.ba\/"]},{"@type":"Person","@id":"https:\/\/tuzlainfo.ba\/#\/schema\/person\/f434e20dc27ea133923aab08451b7f7f","name":"nedim","image":{"@type":"ImageObject","inLanguage":"bs-BA","@id":"https:\/\/tuzlainfo.ba\/#\/schema\/person\/image\/","url":"https:\/\/tuzlainfo.ba\/wp-content\/litespeed\/avatar\/aabad687af24844af817603ac1cbdc4f.jpg?ver=1777306975","contentUrl":"https:\/\/tuzlainfo.ba\/wp-content\/litespeed\/avatar\/aabad687af24844af817603ac1cbdc4f.jpg?ver=1777306975","caption":"nedim"},"description":"Tuzlainfo.ba pratite na dru\u0161tvenim mre\u017eama: Facebook, Instagram i Youtube. Svoje pri\u010de, upite i fotografije \u0161aljite na na\u0161u e-mail adresu."}]}},"_links":{"self":[{"href":"https:\/\/tuzlainfo.ba\/index.php\/wp-json\/wp\/v2\/posts\/227439"}],"collection":[{"href":"https:\/\/tuzlainfo.ba\/index.php\/wp-json\/wp\/v2\/posts"}],"about":[{"href":"https:\/\/tuzlainfo.ba\/index.php\/wp-json\/wp\/v2\/types\/post"}],"author":[{"embeddable":true,"href":"https:\/\/tuzlainfo.ba\/index.php\/wp-json\/wp\/v2\/users\/2"}],"replies":[{"embeddable":true,"href":"https:\/\/tuzlainfo.ba\/index.php\/wp-json\/wp\/v2\/comments?post=227439"}],"version-history":[{"count":1,"href":"https:\/\/tuzlainfo.ba\/index.php\/wp-json\/wp\/v2\/posts\/227439\/revisions"}],"predecessor-version":[{"id":227441,"href":"https:\/\/tuzlainfo.ba\/index.php\/wp-json\/wp\/v2\/posts\/227439\/revisions\/227441"}],"wp:featuredmedia":[{"embeddable":true,"href":"https:\/\/tuzlainfo.ba\/index.php\/wp-json\/wp\/v2\/media\/227440"}],"wp:attachment":[{"href":"https:\/\/tuzlainfo.ba\/index.php\/wp-json\/wp\/v2\/media?parent=227439"}],"wp:term":[{"taxonomy":"category","embeddable":true,"href":"https:\/\/tuzlainfo.ba\/index.php\/wp-json\/wp\/v2\/categories?post=227439"},{"taxonomy":"post_tag","embeddable":true,"href":"https:\/\/tuzlainfo.ba\/index.php\/wp-json\/wp\/v2\/tags?post=227439"}],"curies":[{"name":"wp","href":"https:\/\/api.w.org\/{rel}","templated":true}]}}