{"id":227204,"date":"2024-01-09T11:05:06","date_gmt":"2024-01-09T10:05:06","guid":{"rendered":"https:\/\/tuzlainfo.ba\/?p=227204"},"modified":"2024-01-09T08:03:07","modified_gmt":"2024-01-09T07:03:07","slug":"privremeno-finansiranje-na-cekanju-hoce-li-federacija-bih-ostati-u-finansijskoj-blokadi","status":"publish","type":"post","link":"https:\/\/tuzlainfo.ba\/index.php\/bosna-i-hercegovina\/item\/227204-privremeno-finansiranje-na-cekanju-hoce-li-federacija-bih-ostati-u-finansijskoj-blokadi\/","title":{"rendered":"Privremeno finansiranje na \u010dekanju: Ho\u0107e li Federacija BiH ostati u finansijskoj blokadi?"},"content":{"rendered":"<p class=\"mt-5 md:mt-0 xl:mt-0 mb-5 font-sans font-semibold text-lg lg:text-xl leading-6 md:leading-7\"><span class=\"lead pt-0\">Parlament Federacije BiH do kraja januara treba usvojiti Odluku o privremenom finansiranju. U suprotnom \u0107e entitet Federacija BiH od 1. februara biti u finansijskoj blokadi, pi\u0161e Klix.<\/span><\/p>\n<p>Vlada FBiH je krajem decembra 2023. godine u parlamentarnu proceduru uputila Prijedlog odluke o privremenom finansiranju koja uklju\u010duje isplatu teku\u0107ih obaveza u periodu od januara do marta ove godine. Bud\u017eet FBiH treba biti usvojen do 31. marta.<\/p>\n<p>Prije nego \u0161to Prijedlog odluke o privremenom finansiranju bude uvr\u0161ten na dnevni red sjednica oba doma Federalnog parlamenta o njemu Mi\u0161ljenje moraju dati Odbor za ekonomsku i finansijsku politiku i Zakonodavno-pravna komisija.<\/p>\n<p>Predsjednik Odbora za ekonomsku i finansijsku politiku Admir \u010cavali\u0107 ka\u017ee da ova ta\u010dka nije uvr\u0161tena na dana\u0161nji dnevni red sjednice Odbora na \u010dijem je \u010delu jer se ne nalazi ni na dnenom redu sjednice Predstavni\u010dkom doma Parlamenta FBiH.<\/p>\n<p>&#8220;Sutra (danas) sam planirao predlo\u017eiti kolegama da zaka\u017eemo narednu sjednicu 21. ili 22. ovog mjeseca i razmatramo ovu ta\u010dku dnevnog reda koja je klju\u010dna&#8221;, isti\u010de \u010cavali\u0107.<\/p>\n<p>Dodaje da \u0107e kolegi Belminu Zukanu koji predsjedava Zakonodavno-pravnom komisijom predlo\u017eiti da i stavi samo ovu ta\u010dku na dnevni red Komisije, jer je, kako navodi, to ta\u010dka svih ta\u010daka u ovom trenutku.<\/p>\n<p>&#8220;Ima tu vremensku dimenziju i ako je ne usvojimo do kraja mjeseca finansijski se blokira FBiH. Jo\u0161 ispla\u0107ujemo decembarske obaveze&#8221;, ka\u017ee \u010cavali\u0107.<\/p>\n<p>Na kraju dodaje da vjeruje da postoji politi\u010dka volja za usvajanjem ove Odluke, prvenstvenozbog svih bud\u017eetskih korisnika.<\/p>\n<p>Iako sjednica Zakonodavno-pravne komisije sedmicama unazad ne zasjeda u pogledu usvajanja privremenog finansiranja optimisti\u010dan je i predsjednik ove Komisije Belmin Zukan.<\/p>\n<p>&#8220;Sva dosada\u0161nja sazivanja Komisje su bila prije odluke da se razmatra privremeno finansiranje. O\u010dekujem da \u0107emo pitanje u vezi rada radnih tijela rije\u0161iti na ovoj redovnoj sjednici koja je zakazana za 22. januar, a onda nakon toga ne vidim problem da nakon \u0161to komisije budu odblokirane rije\u0161imo pitanje svih materijala koji su do sada stigli u parlament i da u predvi\u0111enoj proceduri donesemo i odluku o privremenom finansiranju&#8221;, zaklju\u010dio je Zukan.<\/p>\n","protected":false},"excerpt":{"rendered":"<p>Parlament Federacije BiH do kraja januara treba usvojiti Odluku o privremenom finansiranju. U suprotnom \u0107e&hellip;<\/p>\n","protected":false},"author":4,"featured_media":85789,"comment_status":"closed","ping_status":"closed","sticky":false,"template":"","format":"standard","meta":{"_acf_changed":false,"footnotes":""},"categories":[291,304],"tags":[2455,6059],"acf":[],"yoast_head":"<!-- This site is optimized with the Yoast SEO plugin v23.5 - https:\/\/yoast.com\/wordpress\/plugins\/seo\/ -->\n<title>Privremeno finansiranje na \u010dekanju: Ho\u0107e li Federacija BiH ostati u finansijskoj blokadi? - TuzlaInfo.ba<\/title>\n<meta name=\"robots\" content=\"index, follow, max-snippet:-1, max-image-preview:large, max-video-preview:-1\" \/>\n<link rel=\"canonical\" href=\"https:\/\/tuzlainfo.ba\/index.php\/bosna-i-hercegovina\/item\/227204-privremeno-finansiranje-na-cekanju-hoce-li-federacija-bih-ostati-u-finansijskoj-blokadi\/\" \/>\n<meta property=\"og:locale\" content=\"bs_BA\" \/>\n<meta property=\"og:type\" content=\"article\" \/>\n<meta property=\"og:title\" content=\"Privremeno finansiranje na \u010dekanju: Ho\u0107e li Federacija BiH ostati u finansijskoj blokadi? - TuzlaInfo.ba\" \/>\n<meta property=\"og:description\" content=\"Parlament Federacije BiH do kraja januara treba usvojiti Odluku o privremenom finansiranju. U suprotnom \u0107e&hellip;\" \/>\n<meta property=\"og:url\" content=\"https:\/\/tuzlainfo.ba\/index.php\/bosna-i-hercegovina\/item\/227204-privremeno-finansiranje-na-cekanju-hoce-li-federacija-bih-ostati-u-finansijskoj-blokadi\/\" \/>\n<meta property=\"og:site_name\" content=\"TuzlaInfo.ba\" \/>\n<meta property=\"article:publisher\" content=\"https:\/\/www.facebook.com\/tuzlainfo.ba\/\" \/>\n<meta property=\"article:published_time\" content=\"2024-01-09T10:05:06+00:00\" \/>\n<meta property=\"article:modified_time\" content=\"2024-01-09T07:03:07+00:00\" \/>\n<meta property=\"og:image\" content=\"https:\/\/tuzlainfo.ba\/wp-content\/uploads\/2021\/01\/sadrzaj_2021_20210102_1901-parlament_federacije1_zgrada.jpg\" \/>\n\t<meta property=\"og:image:width\" content=\"770\" \/>\n\t<meta property=\"og:image:height\" content=\"339\" \/>\n\t<meta property=\"og:image:type\" content=\"image\/jpeg\" \/>\n<meta name=\"author\" content=\"Tuzla Info\" \/>\n<meta name=\"twitter:card\" content=\"summary_large_image\" \/>\n<meta name=\"twitter:label1\" content=\"Written by\" \/>\n\t<meta name=\"twitter:data1\" content=\"Tuzla Info\" \/>\n\t<meta name=\"twitter:label2\" content=\"Est. reading time\" \/>\n\t<meta name=\"twitter:data2\" content=\"2 minute\" \/>\n<script type=\"application\/ld+json\" class=\"yoast-schema-graph\">{\"@context\":\"https:\/\/schema.org\",\"@graph\":[{\"@type\":\"Article\",\"@id\":\"https:\/\/tuzlainfo.ba\/index.php\/bosna-i-hercegovina\/item\/227204-privremeno-finansiranje-na-cekanju-hoce-li-federacija-bih-ostati-u-finansijskoj-blokadi\/#article\",\"isPartOf\":{\"@id\":\"https:\/\/tuzlainfo.ba\/index.php\/bosna-i-hercegovina\/item\/227204-privremeno-finansiranje-na-cekanju-hoce-li-federacija-bih-ostati-u-finansijskoj-blokadi\/\"},\"author\":{\"name\":\"Tuzla Info\",\"@id\":\"https:\/\/tuzlainfo.ba\/#\/schema\/person\/46cad4c57790cbc50781edd14870825a\"},\"headline\":\"Privremeno finansiranje na \u010dekanju: Ho\u0107e li Federacija BiH ostati u finansijskoj blokadi?\",\"datePublished\":\"2024-01-09T10:05:06+00:00\",\"dateModified\":\"2024-01-09T07:03:07+00:00\",\"mainEntityOfPage\":{\"@id\":\"https:\/\/tuzlainfo.ba\/index.php\/bosna-i-hercegovina\/item\/227204-privremeno-finansiranje-na-cekanju-hoce-li-federacija-bih-ostati-u-finansijskoj-blokadi\/\"},\"wordCount\":361,\"publisher\":{\"@id\":\"https:\/\/tuzlainfo.ba\/#organization\"},\"image\":{\"@id\":\"https:\/\/tuzlainfo.ba\/index.php\/bosna-i-hercegovina\/item\/227204-privremeno-finansiranje-na-cekanju-hoce-li-federacija-bih-ostati-u-finansijskoj-blokadi\/#primaryimage\"},\"thumbnailUrl\":\"https:\/\/tuzlainfo.ba\/wp-content\/uploads\/2021\/01\/sadrzaj_2021_20210102_1901-parlament_federacije1_zgrada.jpg\",\"keywords\":[\"privremeno finansiranje\",\"Vlada federacije BiH\"],\"articleSection\":[\"Bosna i Hercegovina\",\"Istaknuto\"],\"inLanguage\":\"bs-BA\"},{\"@type\":\"WebPage\",\"@id\":\"https:\/\/tuzlainfo.ba\/index.php\/bosna-i-hercegovina\/item\/227204-privremeno-finansiranje-na-cekanju-hoce-li-federacija-bih-ostati-u-finansijskoj-blokadi\/\",\"url\":\"https:\/\/tuzlainfo.ba\/index.php\/bosna-i-hercegovina\/item\/227204-privremeno-finansiranje-na-cekanju-hoce-li-federacija-bih-ostati-u-finansijskoj-blokadi\/\",\"name\":\"Privremeno finansiranje na \u010dekanju: Ho\u0107e li Federacija BiH ostati u finansijskoj blokadi? - TuzlaInfo.ba\",\"isPartOf\":{\"@id\":\"https:\/\/tuzlainfo.ba\/#website\"},\"primaryImageOfPage\":{\"@id\":\"https:\/\/tuzlainfo.ba\/index.php\/bosna-i-hercegovina\/item\/227204-privremeno-finansiranje-na-cekanju-hoce-li-federacija-bih-ostati-u-finansijskoj-blokadi\/#primaryimage\"},\"image\":{\"@id\":\"https:\/\/tuzlainfo.ba\/index.php\/bosna-i-hercegovina\/item\/227204-privremeno-finansiranje-na-cekanju-hoce-li-federacija-bih-ostati-u-finansijskoj-blokadi\/#primaryimage\"},\"thumbnailUrl\":\"https:\/\/tuzlainfo.ba\/wp-content\/uploads\/2021\/01\/sadrzaj_2021_20210102_1901-parlament_federacije1_zgrada.jpg\",\"datePublished\":\"2024-01-09T10:05:06+00:00\",\"dateModified\":\"2024-01-09T07:03:07+00:00\",\"breadcrumb\":{\"@id\":\"https:\/\/tuzlainfo.ba\/index.php\/bosna-i-hercegovina\/item\/227204-privremeno-finansiranje-na-cekanju-hoce-li-federacija-bih-ostati-u-finansijskoj-blokadi\/#breadcrumb\"},\"inLanguage\":\"bs-BA\",\"potentialAction\":[{\"@type\":\"ReadAction\",\"target\":[\"https:\/\/tuzlainfo.ba\/index.php\/bosna-i-hercegovina\/item\/227204-privremeno-finansiranje-na-cekanju-hoce-li-federacija-bih-ostati-u-finansijskoj-blokadi\/\"]}]},{\"@type\":\"ImageObject\",\"inLanguage\":\"bs-BA\",\"@id\":\"https:\/\/tuzlainfo.ba\/index.php\/bosna-i-hercegovina\/item\/227204-privremeno-finansiranje-na-cekanju-hoce-li-federacija-bih-ostati-u-finansijskoj-blokadi\/#primaryimage\",\"url\":\"https:\/\/tuzlainfo.ba\/wp-content\/uploads\/2021\/01\/sadrzaj_2021_20210102_1901-parlament_federacije1_zgrada.jpg\",\"contentUrl\":\"https:\/\/tuzlainfo.ba\/wp-content\/uploads\/2021\/01\/sadrzaj_2021_20210102_1901-parlament_federacije1_zgrada.jpg\",\"width\":770,\"height\":339,\"caption\":\"1901 parlament federacije1 zgrada\"},{\"@type\":\"BreadcrumbList\",\"@id\":\"https:\/\/tuzlainfo.ba\/index.php\/bosna-i-hercegovina\/item\/227204-privremeno-finansiranje-na-cekanju-hoce-li-federacija-bih-ostati-u-finansijskoj-blokadi\/#breadcrumb\",\"itemListElement\":[{\"@type\":\"ListItem\",\"position\":1,\"name\":\"Home\",\"item\":\"https:\/\/tuzlainfo.ba\/\"},{\"@type\":\"ListItem\",\"position\":2,\"name\":\"Privremeno finansiranje na \u010dekanju: Ho\u0107e li Federacija BiH ostati u finansijskoj blokadi?\"}]},{\"@type\":\"WebSite\",\"@id\":\"https:\/\/tuzlainfo.ba\/#website\",\"url\":\"https:\/\/tuzlainfo.ba\/\",\"name\":\"TuzlaInfo.ba\",\"description\":\"Tuzla info, gradski informator - Tuzla na dlanu\",\"publisher\":{\"@id\":\"https:\/\/tuzlainfo.ba\/#organization\"},\"potentialAction\":[{\"@type\":\"SearchAction\",\"target\":{\"@type\":\"EntryPoint\",\"urlTemplate\":\"https:\/\/tuzlainfo.ba\/?s={search_term_string}\"},\"query-input\":{\"@type\":\"PropertyValueSpecification\",\"valueRequired\":true,\"valueName\":\"search_term_string\"}}],\"inLanguage\":\"bs-BA\"},{\"@type\":\"Organization\",\"@id\":\"https:\/\/tuzlainfo.ba\/#organization\",\"name\":\"TuzlaInfo.ba\",\"url\":\"https:\/\/tuzlainfo.ba\/\",\"logo\":{\"@type\":\"ImageObject\",\"inLanguage\":\"bs-BA\",\"@id\":\"https:\/\/tuzlainfo.ba\/#\/schema\/logo\/image\/\",\"url\":\"https:\/\/tuzlainfo.ba\/wp-content\/uploads\/2021\/03\/logo-ver-3-1.png\",\"contentUrl\":\"https:\/\/tuzlainfo.ba\/wp-content\/uploads\/2021\/03\/logo-ver-3-1.png\",\"width\":350,\"height\":95,\"caption\":\"TuzlaInfo.ba\"},\"image\":{\"@id\":\"https:\/\/tuzlainfo.ba\/#\/schema\/logo\/image\/\"},\"sameAs\":[\"https:\/\/www.facebook.com\/tuzlainfo.ba\/\"]},{\"@type\":\"Person\",\"@id\":\"https:\/\/tuzlainfo.ba\/#\/schema\/person\/46cad4c57790cbc50781edd14870825a\",\"name\":\"Tuzla Info\",\"image\":{\"@type\":\"ImageObject\",\"inLanguage\":\"bs-BA\",\"@id\":\"https:\/\/tuzlainfo.ba\/#\/schema\/person\/image\/\",\"url\":\"https:\/\/tuzlainfo.ba\/wp-content\/litespeed\/avatar\/b6c453a6c38e3654f2e4416c643fc25c.jpg?ver=1777656712\",\"contentUrl\":\"https:\/\/tuzlainfo.ba\/wp-content\/litespeed\/avatar\/b6c453a6c38e3654f2e4416c643fc25c.jpg?ver=1777656712\",\"caption\":\"Tuzla Info\"}}]}<\/script>\n<!-- \/ Yoast SEO plugin. -->","yoast_head_json":{"title":"Privremeno finansiranje na \u010dekanju: Ho\u0107e li Federacija BiH ostati u finansijskoj blokadi? - TuzlaInfo.ba","robots":{"index":"index","follow":"follow","max-snippet":"max-snippet:-1","max-image-preview":"max-image-preview:large","max-video-preview":"max-video-preview:-1"},"canonical":"https:\/\/tuzlainfo.ba\/index.php\/bosna-i-hercegovina\/item\/227204-privremeno-finansiranje-na-cekanju-hoce-li-federacija-bih-ostati-u-finansijskoj-blokadi\/","og_locale":"bs_BA","og_type":"article","og_title":"Privremeno finansiranje na \u010dekanju: Ho\u0107e li Federacija BiH ostati u finansijskoj blokadi? - TuzlaInfo.ba","og_description":"Parlament Federacije BiH do kraja januara treba usvojiti Odluku o privremenom finansiranju. U suprotnom \u0107e&hellip;","og_url":"https:\/\/tuzlainfo.ba\/index.php\/bosna-i-hercegovina\/item\/227204-privremeno-finansiranje-na-cekanju-hoce-li-federacija-bih-ostati-u-finansijskoj-blokadi\/","og_site_name":"TuzlaInfo.ba","article_publisher":"https:\/\/www.facebook.com\/tuzlainfo.ba\/","article_published_time":"2024-01-09T10:05:06+00:00","article_modified_time":"2024-01-09T07:03:07+00:00","og_image":[{"width":770,"height":339,"url":"https:\/\/tuzlainfo.ba\/wp-content\/uploads\/2021\/01\/sadrzaj_2021_20210102_1901-parlament_federacije1_zgrada.jpg","type":"image\/jpeg"}],"author":"Tuzla Info","twitter_card":"summary_large_image","twitter_misc":{"Written by":"Tuzla Info","Est. reading time":"2 minute"},"schema":{"@context":"https:\/\/schema.org","@graph":[{"@type":"Article","@id":"https:\/\/tuzlainfo.ba\/index.php\/bosna-i-hercegovina\/item\/227204-privremeno-finansiranje-na-cekanju-hoce-li-federacija-bih-ostati-u-finansijskoj-blokadi\/#article","isPartOf":{"@id":"https:\/\/tuzlainfo.ba\/index.php\/bosna-i-hercegovina\/item\/227204-privremeno-finansiranje-na-cekanju-hoce-li-federacija-bih-ostati-u-finansijskoj-blokadi\/"},"author":{"name":"Tuzla Info","@id":"https:\/\/tuzlainfo.ba\/#\/schema\/person\/46cad4c57790cbc50781edd14870825a"},"headline":"Privremeno finansiranje na \u010dekanju: Ho\u0107e li Federacija BiH ostati u finansijskoj blokadi?","datePublished":"2024-01-09T10:05:06+00:00","dateModified":"2024-01-09T07:03:07+00:00","mainEntityOfPage":{"@id":"https:\/\/tuzlainfo.ba\/index.php\/bosna-i-hercegovina\/item\/227204-privremeno-finansiranje-na-cekanju-hoce-li-federacija-bih-ostati-u-finansijskoj-blokadi\/"},"wordCount":361,"publisher":{"@id":"https:\/\/tuzlainfo.ba\/#organization"},"image":{"@id":"https:\/\/tuzlainfo.ba\/index.php\/bosna-i-hercegovina\/item\/227204-privremeno-finansiranje-na-cekanju-hoce-li-federacija-bih-ostati-u-finansijskoj-blokadi\/#primaryimage"},"thumbnailUrl":"https:\/\/tuzlainfo.ba\/wp-content\/uploads\/2021\/01\/sadrzaj_2021_20210102_1901-parlament_federacije1_zgrada.jpg","keywords":["privremeno finansiranje","Vlada federacije BiH"],"articleSection":["Bosna i Hercegovina","Istaknuto"],"inLanguage":"bs-BA"},{"@type":"WebPage","@id":"https:\/\/tuzlainfo.ba\/index.php\/bosna-i-hercegovina\/item\/227204-privremeno-finansiranje-na-cekanju-hoce-li-federacija-bih-ostati-u-finansijskoj-blokadi\/","url":"https:\/\/tuzlainfo.ba\/index.php\/bosna-i-hercegovina\/item\/227204-privremeno-finansiranje-na-cekanju-hoce-li-federacija-bih-ostati-u-finansijskoj-blokadi\/","name":"Privremeno finansiranje na \u010dekanju: Ho\u0107e li Federacija BiH ostati u finansijskoj blokadi? - TuzlaInfo.ba","isPartOf":{"@id":"https:\/\/tuzlainfo.ba\/#website"},"primaryImageOfPage":{"@id":"https:\/\/tuzlainfo.ba\/index.php\/bosna-i-hercegovina\/item\/227204-privremeno-finansiranje-na-cekanju-hoce-li-federacija-bih-ostati-u-finansijskoj-blokadi\/#primaryimage"},"image":{"@id":"https:\/\/tuzlainfo.ba\/index.php\/bosna-i-hercegovina\/item\/227204-privremeno-finansiranje-na-cekanju-hoce-li-federacija-bih-ostati-u-finansijskoj-blokadi\/#primaryimage"},"thumbnailUrl":"https:\/\/tuzlainfo.ba\/wp-content\/uploads\/2021\/01\/sadrzaj_2021_20210102_1901-parlament_federacije1_zgrada.jpg","datePublished":"2024-01-09T10:05:06+00:00","dateModified":"2024-01-09T07:03:07+00:00","breadcrumb":{"@id":"https:\/\/tuzlainfo.ba\/index.php\/bosna-i-hercegovina\/item\/227204-privremeno-finansiranje-na-cekanju-hoce-li-federacija-bih-ostati-u-finansijskoj-blokadi\/#breadcrumb"},"inLanguage":"bs-BA","potentialAction":[{"@type":"ReadAction","target":["https:\/\/tuzlainfo.ba\/index.php\/bosna-i-hercegovina\/item\/227204-privremeno-finansiranje-na-cekanju-hoce-li-federacija-bih-ostati-u-finansijskoj-blokadi\/"]}]},{"@type":"ImageObject","inLanguage":"bs-BA","@id":"https:\/\/tuzlainfo.ba\/index.php\/bosna-i-hercegovina\/item\/227204-privremeno-finansiranje-na-cekanju-hoce-li-federacija-bih-ostati-u-finansijskoj-blokadi\/#primaryimage","url":"https:\/\/tuzlainfo.ba\/wp-content\/uploads\/2021\/01\/sadrzaj_2021_20210102_1901-parlament_federacije1_zgrada.jpg","contentUrl":"https:\/\/tuzlainfo.ba\/wp-content\/uploads\/2021\/01\/sadrzaj_2021_20210102_1901-parlament_federacije1_zgrada.jpg","width":770,"height":339,"caption":"1901 parlament federacije1 zgrada"},{"@type":"BreadcrumbList","@id":"https:\/\/tuzlainfo.ba\/index.php\/bosna-i-hercegovina\/item\/227204-privremeno-finansiranje-na-cekanju-hoce-li-federacija-bih-ostati-u-finansijskoj-blokadi\/#breadcrumb","itemListElement":[{"@type":"ListItem","position":1,"name":"Home","item":"https:\/\/tuzlainfo.ba\/"},{"@type":"ListItem","position":2,"name":"Privremeno finansiranje na \u010dekanju: Ho\u0107e li Federacija BiH ostati u finansijskoj blokadi?"}]},{"@type":"WebSite","@id":"https:\/\/tuzlainfo.ba\/#website","url":"https:\/\/tuzlainfo.ba\/","name":"TuzlaInfo.ba","description":"Tuzla info, gradski informator - Tuzla na dlanu","publisher":{"@id":"https:\/\/tuzlainfo.ba\/#organization"},"potentialAction":[{"@type":"SearchAction","target":{"@type":"EntryPoint","urlTemplate":"https:\/\/tuzlainfo.ba\/?s={search_term_string}"},"query-input":{"@type":"PropertyValueSpecification","valueRequired":true,"valueName":"search_term_string"}}],"inLanguage":"bs-BA"},{"@type":"Organization","@id":"https:\/\/tuzlainfo.ba\/#organization","name":"TuzlaInfo.ba","url":"https:\/\/tuzlainfo.ba\/","logo":{"@type":"ImageObject","inLanguage":"bs-BA","@id":"https:\/\/tuzlainfo.ba\/#\/schema\/logo\/image\/","url":"https:\/\/tuzlainfo.ba\/wp-content\/uploads\/2021\/03\/logo-ver-3-1.png","contentUrl":"https:\/\/tuzlainfo.ba\/wp-content\/uploads\/2021\/03\/logo-ver-3-1.png","width":350,"height":95,"caption":"TuzlaInfo.ba"},"image":{"@id":"https:\/\/tuzlainfo.ba\/#\/schema\/logo\/image\/"},"sameAs":["https:\/\/www.facebook.com\/tuzlainfo.ba\/"]},{"@type":"Person","@id":"https:\/\/tuzlainfo.ba\/#\/schema\/person\/46cad4c57790cbc50781edd14870825a","name":"Tuzla Info","image":{"@type":"ImageObject","inLanguage":"bs-BA","@id":"https:\/\/tuzlainfo.ba\/#\/schema\/person\/image\/","url":"https:\/\/tuzlainfo.ba\/wp-content\/litespeed\/avatar\/b6c453a6c38e3654f2e4416c643fc25c.jpg?ver=1777656712","contentUrl":"https:\/\/tuzlainfo.ba\/wp-content\/litespeed\/avatar\/b6c453a6c38e3654f2e4416c643fc25c.jpg?ver=1777656712","caption":"Tuzla Info"}}]}},"_links":{"self":[{"href":"https:\/\/tuzlainfo.ba\/index.php\/wp-json\/wp\/v2\/posts\/227204"}],"collection":[{"href":"https:\/\/tuzlainfo.ba\/index.php\/wp-json\/wp\/v2\/posts"}],"about":[{"href":"https:\/\/tuzlainfo.ba\/index.php\/wp-json\/wp\/v2\/types\/post"}],"author":[{"embeddable":true,"href":"https:\/\/tuzlainfo.ba\/index.php\/wp-json\/wp\/v2\/users\/4"}],"replies":[{"embeddable":true,"href":"https:\/\/tuzlainfo.ba\/index.php\/wp-json\/wp\/v2\/comments?post=227204"}],"version-history":[{"count":1,"href":"https:\/\/tuzlainfo.ba\/index.php\/wp-json\/wp\/v2\/posts\/227204\/revisions"}],"predecessor-version":[{"id":227205,"href":"https:\/\/tuzlainfo.ba\/index.php\/wp-json\/wp\/v2\/posts\/227204\/revisions\/227205"}],"wp:featuredmedia":[{"embeddable":true,"href":"https:\/\/tuzlainfo.ba\/index.php\/wp-json\/wp\/v2\/media\/85789"}],"wp:attachment":[{"href":"https:\/\/tuzlainfo.ba\/index.php\/wp-json\/wp\/v2\/media?parent=227204"}],"wp:term":[{"taxonomy":"category","embeddable":true,"href":"https:\/\/tuzlainfo.ba\/index.php\/wp-json\/wp\/v2\/categories?post=227204"},{"taxonomy":"post_tag","embeddable":true,"href":"https:\/\/tuzlainfo.ba\/index.php\/wp-json\/wp\/v2\/tags?post=227204"}],"curies":[{"name":"wp","href":"https:\/\/api.w.org\/{rel}","templated":true}]}}