{"id":227200,"date":"2024-01-08T21:50:58","date_gmt":"2024-01-08T20:50:58","guid":{"rendered":"https:\/\/tuzlainfo.ba\/?p=227200"},"modified":"2024-01-08T21:50:58","modified_gmt":"2024-01-08T20:50:58","slug":"povratnici-u-podrinje-zive-u-strahu-pucnjava-i-provokacije-za-svaki-praznik","status":"publish","type":"post","link":"https:\/\/tuzlainfo.ba\/index.php\/bosna-i-hercegovina\/item\/227200-povratnici-u-podrinje-zive-u-strahu-pucnjava-i-provokacije-za-svaki-praznik\/","title":{"rendered":"Povratnici u Podrinje \u017eive u strahu: Pucnjava i provokacije za svaki praznik"},"content":{"rendered":"<p>Teoretski su\u017eivot &#8211; u praksi podjele. Bosna i Hercegovina, povratnici, Srebrenica. Nikola Gruji\u010di\u0107 i Goran Aleksi\u0107, ju\u010der uhap\u0161eni zbog pucnjave i izazivanja op\u0107e opasnosti u Poto\u010darima, pu\u0161teni su na slobodu.<\/p>\n<p>Protekli su dani, ponovo, obilje\u017eeni provokacijama, incidentima, ratnom retorikom i kr\u0161enjem zakona. Ekipa Federalne televizije posjetila je Srebrenicu i mje\u0161tane. Pri\u010da o \u017eivotu onih koji sve blagdane i obilja\u017eavanje neustavnog dana RS-a do\u010dekuju u strahu.<\/p>\n<p>Pucnjava, zastra\u0161ivanje, uvrede, provokacije. Ni\u0161ta novo u Srebrenici, Poto\u010darima i Vlasenici nakon obilje\u017eavanja pravoslavnih praznika i uo\u010di 9. januara. Dvije osobe privedene su zbog izazivanja op\u0107e opasnosti jer su iz vozila u pokretu u koloni ko\u0458a \u0458e pratila Badnjak pucali pored ku\u0107a bo\u0161nja\u010dkih povratnika.<\/p>\n<p>\u201cPolici\u0458ski slu\u017ebenici su utvrdili da \u0458e u navedenom doga\u0111a\u0458u lice G. A. pucalo iz signalnog pi\u0161tolja, ko\u0458i \u0458e uz potvrdu oduzet, dok \u0458e lice N. G. upravljalo navedenim vozilom\u201d, saop\u0107ili su iz Policijske uprave Zvornik.<\/p>\n<p>Sve uz pratnju nacionalisti\u010dkih pjesama.<\/p>\n<p>\u201c\u2019<em>Ova mi je pjesma najmilija, Srebrenico, grobnico balija, Vlasenico, druga Srebrenico<\/em>\u2019. To me je toliko pogodilo da se ne mo\u017ee objasniti nikome\u201d, isti\u010de mje\u0161tanin Poto\u010dara Ilijas Begi\u0107.<\/p>\n<p>Reakcije su uslijedile i od majki Srebrenice. Odustati ne\u0107e. Dok se sutra na jednoj strani bude slavilo, one \u0107e polo\u017eiti cvije\u0107e u \u010dast \u017ertvama u Memorijalnom centru. Pozvale su, ka\u017eu, i predstavnike vlasti u nadi da \u0107e se odazvati i djelovati.<\/p>\n<p>\u201cMi \u0107emo ga obilje\u017eiti kao Dan \u017ealosti jer ovi bijeli ni\u0161ani su rezultat njihovog projekta borbe za RS, na sramotu\u201d, ka\u017ee Kada Hoti\u0107, potpredsjednica Pokreta majke enklava Srebrenica i \u017depa.<\/p>\n<p>\u201cUmjesto da se stide \u0161ta su uradili, oni to proslavljavaju! Pa gdje je ta ljudskost, gdje je to \u010dovje\u010danstvo? Treba biti prvo \u010dovjek, pa onda pripadati nekoj vjeri, naciji\u201d, dodaje Fazila Efendi\u0107, predsjednica Udru\u017eenja Srebreni\u010dke majke.<\/p>\n<p>Provokacija za sve povratnike je i obilje\u017eavanje dana RS-a, koji je progla\u0161en neustavnim. Ali konkretni koraci nadle\u017enih institucija ponovo izostaju. Federalna televizija je poslala upit Tu\u017eila\u0161tvu Bosne i Hercegovine, pitaju\u0107i \u0161ta se poduzima na spre\u010davanju kr\u0161enja odluka Suda, no odgovor je izostao.<\/p>\n<p>\u201cTu\u017eila\u0161tvo Bosne i Hercegovine je zadu\u017eeno da za\u0161titi ustavni poredak dr\u017eave Bosne i Hercegovine i njene zakone. U ovom slu\u010daju imamo doga\u0111aj koji je neustavan i sama logika govori da je to Tu\u017eila\u0161tvo Bosne i Hercegovine\u201d, isti\u010de \u0106amil Durakovi\u0107, potpredsjednik RS-a.<\/p>\n<p>\u201cImam osje\u0107aj da lahko prelazimo preko toga. Kada upozoravamo, kada govorimo, kada upu\u0107ujemo, nedovoljno se o tome povede ra\u010duna. Dr\u017eavne institucije &#8211; da li rade, da li ne rade dovoljno svoj posao, i onda to godinama pre\u0111e u ne\u0161to drugo\u201d, nagla\u0161ava Damir ef. Pe\u0161tali\u0107, glavni imam Med\u017elisa Islamske zajednice Srebrenica.<\/p>\n<p>Tako je ratna retorika prerasla u svakodnevnicu Bosne i Hercegovine. A dok je tako, ni prihvatanja odgovornosti ni suo\u010davanja s pro\u0161lo\u0161\u0107u ne\u0107e biti. Taj narativ se preslikava s generacije na generaciju.<\/p>\n<p>\u201cKarad\u017ei\u0107 i Mladi\u0107 su osu\u0111eni u Hagu, ali njihov projekat je ostao. Ima dosta malih Karad\u017ei\u0107a, malih Mladi\u0107a\u201d, zaklju\u010duje Munira Suba\u0161i\u0107, predsjednica Pokreta Majke enklava Srebrenica i \u017depa.<\/p>\n<p>Kr\u0161enje zakona i ustava ne bi trebalo biti dopustivo, ve\u0107 ka\u017enjivo. Umjesto toga, krivaca ima, kazni i dalje ne. A dok sistem ne po\u010dne djelovati, incidenti poput ovih proteklih dana ne\u0107e ni prestati, pi\u0161e federalna.ba.<\/p>\n","protected":false},"excerpt":{"rendered":"<p>Teoretski su\u017eivot &#8211; u praksi podjele. Bosna i Hercegovina, povratnici, Srebrenica. Nikola Gruji\u010di\u0107 i Goran Aleksi\u0107, ju\u010der uhap\u0161eni zbog pucnjave i izazivanja op\u0107e opasnosti u Poto\u010darima, pu\u0161teni su na slobodu. Protekli su dani, ponovo, obilje\u017eeni provokacijama, incidentima, ratnom retorikom i kr\u0161enjem zakona. Ekipa Federalne televizije posjetila je Srebrenicu i mje\u0161tane. Pri\u010da o \u017eivotu onih koji [&hellip;]<\/p>\n","protected":false},"author":2,"featured_media":160497,"comment_status":"closed","ping_status":"closed","sticky":false,"template":"","format":"standard","meta":{"footnotes":""},"categories":[291],"tags":[4857,2783,352],"class_list":["post-227200","post","type-post","status-publish","format-standard","has-post-thumbnail","hentry","category-bosna-i-hercegovina","tag-napad-na-povratnike","tag-podrinje","tag-srebrenica"],"yoast_head":"<!-- This site is optimized with the Yoast SEO plugin v28.3 - https:\/\/yoast.com\/product\/yoast-seo-wordpress\/ -->\n<title>Povratnici u Podrinje \u017eive u strahu: Pucnjava i provokacije za svaki praznik<\/title>\n<meta name=\"robots\" content=\"index, follow, max-snippet:-1, max-image-preview:large, max-video-preview:-1\" \/>\n<link rel=\"canonical\" href=\"https:\/\/tuzlainfo.ba\/index.php\/bosna-i-hercegovina\/item\/227200-povratnici-u-podrinje-zive-u-strahu-pucnjava-i-provokacije-za-svaki-praznik\/\" \/>\n<meta property=\"og:locale\" content=\"bs_BA\" \/>\n<meta property=\"og:type\" content=\"article\" \/>\n<meta property=\"og:title\" content=\"Povratnici u Podrinje \u017eive u strahu: Pucnjava i provokacije za svaki praznik\" \/>\n<meta property=\"og:description\" content=\"Teoretski su\u017eivot &#8211; u praksi podjele. Bosna i Hercegovina, povratnici, Srebrenica. Nikola Gruji\u010di\u0107 i Goran Aleksi\u0107, ju\u010der uhap\u0161eni zbog pucnjave i izazivanja op\u0107e opasnosti u Poto\u010darima, pu\u0161teni su na slobodu. Protekli su dani, ponovo, obilje\u017eeni provokacijama, incidentima, ratnom retorikom i kr\u0161enjem zakona. Ekipa Federalne televizije posjetila je Srebrenicu i mje\u0161tane. Pri\u010da o \u017eivotu onih koji [&hellip;]\" \/>\n<meta property=\"og:url\" content=\"https:\/\/tuzlainfo.ba\/index.php\/bosna-i-hercegovina\/item\/227200-povratnici-u-podrinje-zive-u-strahu-pucnjava-i-provokacije-za-svaki-praznik\/\" \/>\n<meta property=\"og:site_name\" content=\"TuzlaInfo.ba\" \/>\n<meta property=\"article:publisher\" content=\"https:\/\/www.facebook.com\/tuzlainfo.ba\/\" \/>\n<meta property=\"article:published_time\" content=\"2024-01-08T20:50:58+00:00\" \/>\n<meta property=\"og:image\" content=\"https:\/\/tuzlainfo.ba\/wp-content\/uploads\/2022\/01\/0601_milici-1.jpg\" \/>\n\t<meta property=\"og:image:width\" content=\"720\" \/>\n\t<meta property=\"og:image:height\" content=\"540\" \/>\n\t<meta property=\"og:image:type\" content=\"image\/jpeg\" \/>\n<meta name=\"author\" content=\"nedim\" \/>\n<meta name=\"twitter:card\" content=\"summary_large_image\" \/>\n<meta name=\"twitter:label1\" content=\"Written by\" \/>\n\t<meta name=\"twitter:data1\" content=\"nedim\" \/>\n\t<meta name=\"twitter:label2\" content=\"Est. reading time\" \/>\n\t<meta name=\"twitter:data2\" content=\"3 minute\" \/>\n<script type=\"application\/ld+json\" class=\"yoast-schema-graph\">{\"@context\":\"https:\\\/\\\/schema.org\",\"@graph\":[{\"@type\":\"Article\",\"@id\":\"https:\\\/\\\/tuzlainfo.ba\\\/index.php\\\/bosna-i-hercegovina\\\/item\\\/227200-povratnici-u-podrinje-zive-u-strahu-pucnjava-i-provokacije-za-svaki-praznik\\\/#article\",\"isPartOf\":{\"@id\":\"https:\\\/\\\/tuzlainfo.ba\\\/index.php\\\/bosna-i-hercegovina\\\/item\\\/227200-povratnici-u-podrinje-zive-u-strahu-pucnjava-i-provokacije-za-svaki-praznik\\\/\"},\"author\":{\"name\":\"nedim\",\"@id\":\"https:\\\/\\\/tuzlainfo.ba\\\/#\\\/schema\\\/person\\\/f434e20dc27ea133923aab08451b7f7f\"},\"headline\":\"Povratnici u Podrinje \u017eive u strahu: Pucnjava i provokacije za svaki praznik\",\"datePublished\":\"2024-01-08T20:50:58+00:00\",\"mainEntityOfPage\":{\"@id\":\"https:\\\/\\\/tuzlainfo.ba\\\/index.php\\\/bosna-i-hercegovina\\\/item\\\/227200-povratnici-u-podrinje-zive-u-strahu-pucnjava-i-provokacije-za-svaki-praznik\\\/\"},\"wordCount\":610,\"publisher\":{\"@id\":\"https:\\\/\\\/tuzlainfo.ba\\\/#organization\"},\"image\":{\"@id\":\"https:\\\/\\\/tuzlainfo.ba\\\/index.php\\\/bosna-i-hercegovina\\\/item\\\/227200-povratnici-u-podrinje-zive-u-strahu-pucnjava-i-provokacije-za-svaki-praznik\\\/#primaryimage\"},\"thumbnailUrl\":\"https:\\\/\\\/tuzlainfo.ba\\\/wp-content\\\/uploads\\\/2022\\\/01\\\/0601_milici-1.jpg\",\"keywords\":[\"napad na povratnike\",\"podrinje\",\"srebrenica\"],\"articleSection\":[\"Bosna i Hercegovina\"],\"inLanguage\":\"bs-BA\",\"copyrightYear\":\"2024\",\"copyrightHolder\":{\"@id\":\"https:\\\/\\\/tuzlainfo.ba\\\/#organization\"}},{\"@type\":\"WebPage\",\"@id\":\"https:\\\/\\\/tuzlainfo.ba\\\/index.php\\\/bosna-i-hercegovina\\\/item\\\/227200-povratnici-u-podrinje-zive-u-strahu-pucnjava-i-provokacije-za-svaki-praznik\\\/\",\"url\":\"https:\\\/\\\/tuzlainfo.ba\\\/index.php\\\/bosna-i-hercegovina\\\/item\\\/227200-povratnici-u-podrinje-zive-u-strahu-pucnjava-i-provokacije-za-svaki-praznik\\\/\",\"name\":\"Povratnici u Podrinje \u017eive u strahu: Pucnjava i provokacije za svaki praznik\",\"isPartOf\":{\"@id\":\"https:\\\/\\\/tuzlainfo.ba\\\/#website\"},\"primaryImageOfPage\":{\"@id\":\"https:\\\/\\\/tuzlainfo.ba\\\/index.php\\\/bosna-i-hercegovina\\\/item\\\/227200-povratnici-u-podrinje-zive-u-strahu-pucnjava-i-provokacije-za-svaki-praznik\\\/#primaryimage\"},\"image\":{\"@id\":\"https:\\\/\\\/tuzlainfo.ba\\\/index.php\\\/bosna-i-hercegovina\\\/item\\\/227200-povratnici-u-podrinje-zive-u-strahu-pucnjava-i-provokacije-za-svaki-praznik\\\/#primaryimage\"},\"thumbnailUrl\":\"https:\\\/\\\/tuzlainfo.ba\\\/wp-content\\\/uploads\\\/2022\\\/01\\\/0601_milici-1.jpg\",\"datePublished\":\"2024-01-08T20:50:58+00:00\",\"breadcrumb\":{\"@id\":\"https:\\\/\\\/tuzlainfo.ba\\\/index.php\\\/bosna-i-hercegovina\\\/item\\\/227200-povratnici-u-podrinje-zive-u-strahu-pucnjava-i-provokacije-za-svaki-praznik\\\/#breadcrumb\"},\"inLanguage\":\"bs-BA\",\"potentialAction\":[{\"@type\":\"ReadAction\",\"target\":[\"https:\\\/\\\/tuzlainfo.ba\\\/index.php\\\/bosna-i-hercegovina\\\/item\\\/227200-povratnici-u-podrinje-zive-u-strahu-pucnjava-i-provokacije-za-svaki-praznik\\\/\"]}]},{\"@type\":\"ImageObject\",\"inLanguage\":\"bs-BA\",\"@id\":\"https:\\\/\\\/tuzlainfo.ba\\\/index.php\\\/bosna-i-hercegovina\\\/item\\\/227200-povratnici-u-podrinje-zive-u-strahu-pucnjava-i-provokacije-za-svaki-praznik\\\/#primaryimage\",\"url\":\"https:\\\/\\\/tuzlainfo.ba\\\/wp-content\\\/uploads\\\/2022\\\/01\\\/0601_milici-1.jpg\",\"contentUrl\":\"https:\\\/\\\/tuzlainfo.ba\\\/wp-content\\\/uploads\\\/2022\\\/01\\\/0601_milici-1.jpg\",\"width\":720,\"height\":540,\"caption\":\"Provokacije na Badnji dan u op\u0161tini Mili\u0107i\"},{\"@type\":\"BreadcrumbList\",\"@id\":\"https:\\\/\\\/tuzlainfo.ba\\\/index.php\\\/bosna-i-hercegovina\\\/item\\\/227200-povratnici-u-podrinje-zive-u-strahu-pucnjava-i-provokacije-za-svaki-praznik\\\/#breadcrumb\",\"itemListElement\":[{\"@type\":\"ListItem\",\"position\":1,\"name\":\"Home\",\"item\":\"https:\\\/\\\/tuzlainfo.ba\\\/\"},{\"@type\":\"ListItem\",\"position\":2,\"name\":\"Povratnici u Podrinje \u017eive u strahu: Pucnjava i provokacije za svaki praznik\"}]},{\"@type\":\"WebSite\",\"@id\":\"https:\\\/\\\/tuzlainfo.ba\\\/#website\",\"url\":\"https:\\\/\\\/tuzlainfo.ba\\\/\",\"name\":\"TuzlaInfo.ba\",\"description\":\"Tuzla info, gradski informator - Tuzla na dlanu\",\"publisher\":{\"@id\":\"https:\\\/\\\/tuzlainfo.ba\\\/#organization\"},\"potentialAction\":[{\"@type\":\"SearchAction\",\"target\":{\"@type\":\"EntryPoint\",\"urlTemplate\":\"https:\\\/\\\/tuzlainfo.ba\\\/?s={search_term_string}\"},\"query-input\":{\"@type\":\"PropertyValueSpecification\",\"valueRequired\":true,\"valueName\":\"search_term_string\"}}],\"inLanguage\":\"bs-BA\"},{\"@type\":\"Organization\",\"@id\":\"https:\\\/\\\/tuzlainfo.ba\\\/#organization\",\"name\":\"TuzlaInfo.ba\",\"url\":\"https:\\\/\\\/tuzlainfo.ba\\\/\",\"logo\":{\"@type\":\"ImageObject\",\"inLanguage\":\"bs-BA\",\"@id\":\"https:\\\/\\\/tuzlainfo.ba\\\/#\\\/schema\\\/logo\\\/image\\\/\",\"url\":\"https:\\\/\\\/tuzlainfo.ba\\\/wp-content\\\/uploads\\\/2021\\\/03\\\/logo-ver-3-1.png\",\"contentUrl\":\"https:\\\/\\\/tuzlainfo.ba\\\/wp-content\\\/uploads\\\/2021\\\/03\\\/logo-ver-3-1.png\",\"width\":350,\"height\":95,\"caption\":\"TuzlaInfo.ba\"},\"image\":{\"@id\":\"https:\\\/\\\/tuzlainfo.ba\\\/#\\\/schema\\\/logo\\\/image\\\/\"},\"sameAs\":[\"https:\\\/\\\/www.facebook.com\\\/tuzlainfo.ba\\\/\"]},{\"@type\":\"Person\",\"@id\":\"https:\\\/\\\/tuzlainfo.ba\\\/#\\\/schema\\\/person\\\/f434e20dc27ea133923aab08451b7f7f\",\"name\":\"nedim\",\"image\":{\"@type\":\"ImageObject\",\"inLanguage\":\"bs-BA\",\"@id\":\"https:\\\/\\\/secure.gravatar.com\\\/avatar\\\/5b928a2e7e70a54208d2eb6c1edcb75a5350d6ae97d5f0a701203d456823f6f3?s=96&d=mm&r=g\",\"url\":\"https:\\\/\\\/secure.gravatar.com\\\/avatar\\\/5b928a2e7e70a54208d2eb6c1edcb75a5350d6ae97d5f0a701203d456823f6f3?s=96&d=mm&r=g\",\"contentUrl\":\"https:\\\/\\\/secure.gravatar.com\\\/avatar\\\/5b928a2e7e70a54208d2eb6c1edcb75a5350d6ae97d5f0a701203d456823f6f3?s=96&d=mm&r=g\",\"caption\":\"nedim\"},\"description\":\"Tuzlainfo.ba pratite na dru\u0161tvenim mre\u017eama: Facebook, Instagram i Youtube. Svoje pri\u010de, upite i fotografije \u0161aljite na na\u0161u e-mail adresu.\"}]}<\/script>\n<!-- \/ Yoast SEO plugin. -->","yoast_head_json":{"title":"Povratnici u Podrinje \u017eive u strahu: Pucnjava i provokacije za svaki praznik","robots":{"index":"index","follow":"follow","max-snippet":"max-snippet:-1","max-image-preview":"max-image-preview:large","max-video-preview":"max-video-preview:-1"},"canonical":"https:\/\/tuzlainfo.ba\/index.php\/bosna-i-hercegovina\/item\/227200-povratnici-u-podrinje-zive-u-strahu-pucnjava-i-provokacije-za-svaki-praznik\/","og_locale":"bs_BA","og_type":"article","og_title":"Povratnici u Podrinje \u017eive u strahu: Pucnjava i provokacije za svaki praznik","og_description":"Teoretski su\u017eivot &#8211; u praksi podjele. Bosna i Hercegovina, povratnici, Srebrenica. Nikola Gruji\u010di\u0107 i Goran Aleksi\u0107, ju\u010der uhap\u0161eni zbog pucnjave i izazivanja op\u0107e opasnosti u Poto\u010darima, pu\u0161teni su na slobodu. Protekli su dani, ponovo, obilje\u017eeni provokacijama, incidentima, ratnom retorikom i kr\u0161enjem zakona. Ekipa Federalne televizije posjetila je Srebrenicu i mje\u0161tane. Pri\u010da o \u017eivotu onih koji [&hellip;]","og_url":"https:\/\/tuzlainfo.ba\/index.php\/bosna-i-hercegovina\/item\/227200-povratnici-u-podrinje-zive-u-strahu-pucnjava-i-provokacije-za-svaki-praznik\/","og_site_name":"TuzlaInfo.ba","article_publisher":"https:\/\/www.facebook.com\/tuzlainfo.ba\/","article_published_time":"2024-01-08T20:50:58+00:00","og_image":[{"width":720,"height":540,"url":"https:\/\/tuzlainfo.ba\/wp-content\/uploads\/2022\/01\/0601_milici-1.jpg","type":"image\/jpeg"}],"author":"nedim","twitter_card":"summary_large_image","twitter_misc":{"Written by":"nedim","Est. reading time":"3 minute"},"schema":{"@context":"https:\/\/schema.org","@graph":[{"@type":"Article","@id":"https:\/\/tuzlainfo.ba\/index.php\/bosna-i-hercegovina\/item\/227200-povratnici-u-podrinje-zive-u-strahu-pucnjava-i-provokacije-za-svaki-praznik\/#article","isPartOf":{"@id":"https:\/\/tuzlainfo.ba\/index.php\/bosna-i-hercegovina\/item\/227200-povratnici-u-podrinje-zive-u-strahu-pucnjava-i-provokacije-za-svaki-praznik\/"},"author":{"name":"nedim","@id":"https:\/\/tuzlainfo.ba\/#\/schema\/person\/f434e20dc27ea133923aab08451b7f7f"},"headline":"Povratnici u Podrinje \u017eive u strahu: Pucnjava i provokacije za svaki praznik","datePublished":"2024-01-08T20:50:58+00:00","mainEntityOfPage":{"@id":"https:\/\/tuzlainfo.ba\/index.php\/bosna-i-hercegovina\/item\/227200-povratnici-u-podrinje-zive-u-strahu-pucnjava-i-provokacije-za-svaki-praznik\/"},"wordCount":610,"publisher":{"@id":"https:\/\/tuzlainfo.ba\/#organization"},"image":{"@id":"https:\/\/tuzlainfo.ba\/index.php\/bosna-i-hercegovina\/item\/227200-povratnici-u-podrinje-zive-u-strahu-pucnjava-i-provokacije-za-svaki-praznik\/#primaryimage"},"thumbnailUrl":"https:\/\/tuzlainfo.ba\/wp-content\/uploads\/2022\/01\/0601_milici-1.jpg","keywords":["napad na povratnike","podrinje","srebrenica"],"articleSection":["Bosna i Hercegovina"],"inLanguage":"bs-BA","copyrightYear":"2024","copyrightHolder":{"@id":"https:\/\/tuzlainfo.ba\/#organization"}},{"@type":"WebPage","@id":"https:\/\/tuzlainfo.ba\/index.php\/bosna-i-hercegovina\/item\/227200-povratnici-u-podrinje-zive-u-strahu-pucnjava-i-provokacije-za-svaki-praznik\/","url":"https:\/\/tuzlainfo.ba\/index.php\/bosna-i-hercegovina\/item\/227200-povratnici-u-podrinje-zive-u-strahu-pucnjava-i-provokacije-za-svaki-praznik\/","name":"Povratnici u Podrinje \u017eive u strahu: Pucnjava i provokacije za svaki praznik","isPartOf":{"@id":"https:\/\/tuzlainfo.ba\/#website"},"primaryImageOfPage":{"@id":"https:\/\/tuzlainfo.ba\/index.php\/bosna-i-hercegovina\/item\/227200-povratnici-u-podrinje-zive-u-strahu-pucnjava-i-provokacije-za-svaki-praznik\/#primaryimage"},"image":{"@id":"https:\/\/tuzlainfo.ba\/index.php\/bosna-i-hercegovina\/item\/227200-povratnici-u-podrinje-zive-u-strahu-pucnjava-i-provokacije-za-svaki-praznik\/#primaryimage"},"thumbnailUrl":"https:\/\/tuzlainfo.ba\/wp-content\/uploads\/2022\/01\/0601_milici-1.jpg","datePublished":"2024-01-08T20:50:58+00:00","breadcrumb":{"@id":"https:\/\/tuzlainfo.ba\/index.php\/bosna-i-hercegovina\/item\/227200-povratnici-u-podrinje-zive-u-strahu-pucnjava-i-provokacije-za-svaki-praznik\/#breadcrumb"},"inLanguage":"bs-BA","potentialAction":[{"@type":"ReadAction","target":["https:\/\/tuzlainfo.ba\/index.php\/bosna-i-hercegovina\/item\/227200-povratnici-u-podrinje-zive-u-strahu-pucnjava-i-provokacije-za-svaki-praznik\/"]}]},{"@type":"ImageObject","inLanguage":"bs-BA","@id":"https:\/\/tuzlainfo.ba\/index.php\/bosna-i-hercegovina\/item\/227200-povratnici-u-podrinje-zive-u-strahu-pucnjava-i-provokacije-za-svaki-praznik\/#primaryimage","url":"https:\/\/tuzlainfo.ba\/wp-content\/uploads\/2022\/01\/0601_milici-1.jpg","contentUrl":"https:\/\/tuzlainfo.ba\/wp-content\/uploads\/2022\/01\/0601_milici-1.jpg","width":720,"height":540,"caption":"Provokacije na Badnji dan u op\u0161tini Mili\u0107i"},{"@type":"BreadcrumbList","@id":"https:\/\/tuzlainfo.ba\/index.php\/bosna-i-hercegovina\/item\/227200-povratnici-u-podrinje-zive-u-strahu-pucnjava-i-provokacije-za-svaki-praznik\/#breadcrumb","itemListElement":[{"@type":"ListItem","position":1,"name":"Home","item":"https:\/\/tuzlainfo.ba\/"},{"@type":"ListItem","position":2,"name":"Povratnici u Podrinje \u017eive u strahu: Pucnjava i provokacije za svaki praznik"}]},{"@type":"WebSite","@id":"https:\/\/tuzlainfo.ba\/#website","url":"https:\/\/tuzlainfo.ba\/","name":"TuzlaInfo.ba","description":"Tuzla info, gradski informator - Tuzla na dlanu","publisher":{"@id":"https:\/\/tuzlainfo.ba\/#organization"},"potentialAction":[{"@type":"SearchAction","target":{"@type":"EntryPoint","urlTemplate":"https:\/\/tuzlainfo.ba\/?s={search_term_string}"},"query-input":{"@type":"PropertyValueSpecification","valueRequired":true,"valueName":"search_term_string"}}],"inLanguage":"bs-BA"},{"@type":"Organization","@id":"https:\/\/tuzlainfo.ba\/#organization","name":"TuzlaInfo.ba","url":"https:\/\/tuzlainfo.ba\/","logo":{"@type":"ImageObject","inLanguage":"bs-BA","@id":"https:\/\/tuzlainfo.ba\/#\/schema\/logo\/image\/","url":"https:\/\/tuzlainfo.ba\/wp-content\/uploads\/2021\/03\/logo-ver-3-1.png","contentUrl":"https:\/\/tuzlainfo.ba\/wp-content\/uploads\/2021\/03\/logo-ver-3-1.png","width":350,"height":95,"caption":"TuzlaInfo.ba"},"image":{"@id":"https:\/\/tuzlainfo.ba\/#\/schema\/logo\/image\/"},"sameAs":["https:\/\/www.facebook.com\/tuzlainfo.ba\/"]},{"@type":"Person","@id":"https:\/\/tuzlainfo.ba\/#\/schema\/person\/f434e20dc27ea133923aab08451b7f7f","name":"nedim","image":{"@type":"ImageObject","inLanguage":"bs-BA","@id":"https:\/\/secure.gravatar.com\/avatar\/5b928a2e7e70a54208d2eb6c1edcb75a5350d6ae97d5f0a701203d456823f6f3?s=96&d=mm&r=g","url":"https:\/\/secure.gravatar.com\/avatar\/5b928a2e7e70a54208d2eb6c1edcb75a5350d6ae97d5f0a701203d456823f6f3?s=96&d=mm&r=g","contentUrl":"https:\/\/secure.gravatar.com\/avatar\/5b928a2e7e70a54208d2eb6c1edcb75a5350d6ae97d5f0a701203d456823f6f3?s=96&d=mm&r=g","caption":"nedim"},"description":"Tuzlainfo.ba pratite na dru\u0161tvenim mre\u017eama: Facebook, Instagram i Youtube. Svoje pri\u010de, upite i fotografije \u0161aljite na na\u0161u e-mail adresu."}]}},"_links":{"self":[{"href":"https:\/\/tuzlainfo.ba\/index.php\/wp-json\/wp\/v2\/posts\/227200","targetHints":{"allow":["GET"]}}],"collection":[{"href":"https:\/\/tuzlainfo.ba\/index.php\/wp-json\/wp\/v2\/posts"}],"about":[{"href":"https:\/\/tuzlainfo.ba\/index.php\/wp-json\/wp\/v2\/types\/post"}],"author":[{"embeddable":true,"href":"https:\/\/tuzlainfo.ba\/index.php\/wp-json\/wp\/v2\/users\/2"}],"replies":[{"embeddable":true,"href":"https:\/\/tuzlainfo.ba\/index.php\/wp-json\/wp\/v2\/comments?post=227200"}],"version-history":[{"count":1,"href":"https:\/\/tuzlainfo.ba\/index.php\/wp-json\/wp\/v2\/posts\/227200\/revisions"}],"predecessor-version":[{"id":227201,"href":"https:\/\/tuzlainfo.ba\/index.php\/wp-json\/wp\/v2\/posts\/227200\/revisions\/227201"}],"wp:featuredmedia":[{"embeddable":true,"href":"https:\/\/tuzlainfo.ba\/index.php\/wp-json\/wp\/v2\/media\/160497"}],"wp:attachment":[{"href":"https:\/\/tuzlainfo.ba\/index.php\/wp-json\/wp\/v2\/media?parent=227200"}],"wp:term":[{"taxonomy":"category","embeddable":true,"href":"https:\/\/tuzlainfo.ba\/index.php\/wp-json\/wp\/v2\/categories?post=227200"},{"taxonomy":"post_tag","embeddable":true,"href":"https:\/\/tuzlainfo.ba\/index.php\/wp-json\/wp\/v2\/tags?post=227200"}],"curies":[{"name":"wp","href":"https:\/\/api.w.org\/{rel}","templated":true}]}}