{"id":227197,"date":"2024-01-08T21:37:05","date_gmt":"2024-01-08T20:37:05","guid":{"rendered":"https:\/\/tuzlainfo.ba\/?p=227197"},"modified":"2024-01-08T21:41:08","modified_gmt":"2024-01-08T20:41:08","slug":"ko-stize-u-mejdan-u-prvoj-polovini-godine-u-tuzli-zakazano-pet-velikih-koncerata","status":"publish","type":"post","link":"https:\/\/tuzlainfo.ba\/index.php\/novosti\/item\/227197-ko-stize-u-mejdan-u-prvoj-polovini-godine-u-tuzli-zakazano-pet-velikih-koncerata\/","title":{"rendered":"Ko sti\u017ee u Mejdan: U prvoj polovini godine u Tuzli zakazano pet velikih koncerata"},"content":{"rendered":"<p>Koncertom Dragane Mirkovi\u0107, kojim \u0107e ova popularna folk pjeva\u010dica otvoriti turneju kojom \u0107e proslaviti 40 godina karijere, po\u010dinje serija zakazanih velikih koncerta u tuzlanskoj dvorani Mejdan u 2024. godini.<\/p>\n<p><a href=\"https:\/\/tuzlainfo.ba\/index.php\/najava-dogadaja-2\/item\/226921-veliko-interesovanje-dragana-mirkovic-proslavu-40-godisnje-karijere-krece-sa-koncertom-u-tuzli\/\"><strong>Koncert Dragane Mirkovi\u0107<\/strong> <\/a>je zakazan za <strong>12. januar<\/strong>, a nepunih mjesec dana poslije, <strong>10. februara<\/strong> Mejdanu \u0107e ugostiti <a href=\"https:\/\/tuzlainfo.ba\/index.php\/najava-dogadaja-2\/item\/224230-petar-graso-zakazao-koncert-u-tuzlanskom-mejdanu-ulaznice-vec-u-prodaji\/\"><strong>Petra Gra\u0161u<\/strong><\/a> jednog od najpoznatijih hrvatskih pjeva\u010da, tekstopisaca, kompozitora i kantautora.<\/p>\n<p><a href=\"https:\/\/tuzlainfo.ba\/index.php\/istaknuto\/item\/225550-nakon-pet-godina-marija-serifovic-zakazala-koncert-u-tuzli\/\"><strong>Marija \u0160erifovi\u0107<\/strong><\/a>, regionalna muzi\u010dka zvijezda, nakon pet godina zakazala je novi koncert u tuzlanskom Mejdanu. Popularna pjeva\u010dica u Tuzlu sti\u017ee <strong>20. aprila<\/strong> 2024. godine.<\/p>\n<p><a href=\"https:\/\/tuzlainfo.ba\/index.php\/najava-dogadaja-2\/item\/226262-najavljen-jos-jedan-koncert-u-tuzli-u-mejdan-stize-i-dzenan-loncarevic\/\"><strong>D\u017eenan Lon\u010darevi\u0107<\/strong><\/a>, jedan od najboljih vokala i stru\u010dnjaka za najbolji provod veliki koncert u Tuzli \u0107e odr\u017eati <strong>18. maja<\/strong>.<\/p>\n<p>Nedavno su u objavama na dru\u0161tvenim mre\u017eama iz agencije Zeus najavili i tuzlanski koncert Severine u Tuzli, a datum za sada nisu otkrili.<\/p>\n<p>Tako \u0107e Tuzla u prvih pola godine biti mjesto vi\u0161e velikih koncerata, a sigurni smo i da ljeto donosi jo\u0161 iznena\u0161enja u kojima \u0107e ljubitelji muzike i ove vrste zabave mo\u0107i u\u017eivati.<strong>\/Tuzlaonfo.ba\/<\/strong><\/p>\n","protected":false},"excerpt":{"rendered":"<p>Koncertom Dragane Mirkovi\u0107, kojim \u0107e ova popularna folk pjeva\u010dica otvoriti turneju kojom \u0107e proslaviti 40&hellip;<\/p>\n","protected":false},"author":2,"featured_media":227198,"comment_status":"closed","ping_status":"closed","sticky":false,"template":"","format":"standard","meta":{"_acf_changed":false,"footnotes":""},"categories":[304,12,306],"tags":[9303,2080,9011,5571,9156,8992,2903,679],"acf":[],"yoast_head":"<!-- This site is optimized with the Yoast SEO plugin v23.5 - https:\/\/yoast.com\/wordpress\/plugins\/seo\/ -->\n<title>Ko sti\u017ee u Mejdan: U prvoj polovini godine u Tuzli zakazano pet velikih koncerata - TuzlaInfo.ba<\/title>\n<meta name=\"robots\" content=\"index, follow, max-snippet:-1, max-image-preview:large, max-video-preview:-1\" \/>\n<link rel=\"canonical\" href=\"https:\/\/tuzlainfo.ba\/index.php\/novosti\/item\/227197-ko-stize-u-mejdan-u-prvoj-polovini-godine-u-tuzli-zakazano-pet-velikih-koncerata\/\" \/>\n<meta property=\"og:locale\" content=\"bs_BA\" \/>\n<meta property=\"og:type\" content=\"article\" \/>\n<meta property=\"og:title\" content=\"Ko sti\u017ee u Mejdan: U prvoj polovini godine u Tuzli zakazano pet velikih koncerata - TuzlaInfo.ba\" \/>\n<meta property=\"og:description\" content=\"Koncertom Dragane Mirkovi\u0107, kojim \u0107e ova popularna folk pjeva\u010dica otvoriti turneju kojom \u0107e proslaviti 40&hellip;\" \/>\n<meta property=\"og:url\" content=\"https:\/\/tuzlainfo.ba\/index.php\/novosti\/item\/227197-ko-stize-u-mejdan-u-prvoj-polovini-godine-u-tuzli-zakazano-pet-velikih-koncerata\/\" \/>\n<meta property=\"og:site_name\" content=\"TuzlaInfo.ba\" \/>\n<meta property=\"article:publisher\" content=\"https:\/\/www.facebook.com\/tuzlainfo.ba\/\" \/>\n<meta property=\"article:published_time\" content=\"2024-01-08T20:37:05+00:00\" \/>\n<meta property=\"article:modified_time\" content=\"2024-01-08T20:41:08+00:00\" \/>\n<meta property=\"og:image\" content=\"https:\/\/tuzlainfo.ba\/wp-content\/uploads\/2024\/01\/0801_koncerti.jpg\" \/>\n\t<meta property=\"og:image:width\" content=\"1000\" \/>\n\t<meta property=\"og:image:height\" content=\"522\" \/>\n\t<meta property=\"og:image:type\" content=\"image\/jpeg\" \/>\n<meta name=\"author\" content=\"nedim\" \/>\n<meta name=\"twitter:card\" content=\"summary_large_image\" \/>\n<meta name=\"twitter:label1\" content=\"Written by\" \/>\n\t<meta name=\"twitter:data1\" content=\"nedim\" \/>\n\t<meta name=\"twitter:label2\" content=\"Est. reading time\" \/>\n\t<meta name=\"twitter:data2\" content=\"1 minuta\" \/>\n<script type=\"application\/ld+json\" class=\"yoast-schema-graph\">{\"@context\":\"https:\/\/schema.org\",\"@graph\":[{\"@type\":\"Article\",\"@id\":\"https:\/\/tuzlainfo.ba\/index.php\/novosti\/item\/227197-ko-stize-u-mejdan-u-prvoj-polovini-godine-u-tuzli-zakazano-pet-velikih-koncerata\/#article\",\"isPartOf\":{\"@id\":\"https:\/\/tuzlainfo.ba\/index.php\/novosti\/item\/227197-ko-stize-u-mejdan-u-prvoj-polovini-godine-u-tuzli-zakazano-pet-velikih-koncerata\/\"},\"author\":{\"name\":\"nedim\",\"@id\":\"https:\/\/tuzlainfo.ba\/#\/schema\/person\/f434e20dc27ea133923aab08451b7f7f\"},\"headline\":\"Ko sti\u017ee u Mejdan: U prvoj polovini godine u Tuzli zakazano pet velikih koncerata\",\"datePublished\":\"2024-01-08T20:37:05+00:00\",\"dateModified\":\"2024-01-08T20:41:08+00:00\",\"mainEntityOfPage\":{\"@id\":\"https:\/\/tuzlainfo.ba\/index.php\/novosti\/item\/227197-ko-stize-u-mejdan-u-prvoj-polovini-godine-u-tuzli-zakazano-pet-velikih-koncerata\/\"},\"wordCount\":183,\"publisher\":{\"@id\":\"https:\/\/tuzlainfo.ba\/#organization\"},\"image\":{\"@id\":\"https:\/\/tuzlainfo.ba\/index.php\/novosti\/item\/227197-ko-stize-u-mejdan-u-prvoj-polovini-godine-u-tuzli-zakazano-pet-velikih-koncerata\/#primaryimage\"},\"thumbnailUrl\":\"https:\/\/tuzlainfo.ba\/wp-content\/uploads\/2024\/01\/0801_koncerti.jpg\",\"keywords\":[\"dragana mirkovi\u0107\",\"d\u017eenan lon\u010darevi\u0107\",\"koncerti 2024\",\"koncerti tuzla\",\"marija \u0161erifovi\u0107\",\"petar gra\u0161o\",\"severina\",\"skpc mejdan\"],\"articleSection\":[\"Istaknuto\",\"Novosti\",\"Preporu\u010dujemo\"],\"inLanguage\":\"bs-BA\"},{\"@type\":\"WebPage\",\"@id\":\"https:\/\/tuzlainfo.ba\/index.php\/novosti\/item\/227197-ko-stize-u-mejdan-u-prvoj-polovini-godine-u-tuzli-zakazano-pet-velikih-koncerata\/\",\"url\":\"https:\/\/tuzlainfo.ba\/index.php\/novosti\/item\/227197-ko-stize-u-mejdan-u-prvoj-polovini-godine-u-tuzli-zakazano-pet-velikih-koncerata\/\",\"name\":\"Ko sti\u017ee u Mejdan: U prvoj polovini godine u Tuzli zakazano pet velikih koncerata - TuzlaInfo.ba\",\"isPartOf\":{\"@id\":\"https:\/\/tuzlainfo.ba\/#website\"},\"primaryImageOfPage\":{\"@id\":\"https:\/\/tuzlainfo.ba\/index.php\/novosti\/item\/227197-ko-stize-u-mejdan-u-prvoj-polovini-godine-u-tuzli-zakazano-pet-velikih-koncerata\/#primaryimage\"},\"image\":{\"@id\":\"https:\/\/tuzlainfo.ba\/index.php\/novosti\/item\/227197-ko-stize-u-mejdan-u-prvoj-polovini-godine-u-tuzli-zakazano-pet-velikih-koncerata\/#primaryimage\"},\"thumbnailUrl\":\"https:\/\/tuzlainfo.ba\/wp-content\/uploads\/2024\/01\/0801_koncerti.jpg\",\"datePublished\":\"2024-01-08T20:37:05+00:00\",\"dateModified\":\"2024-01-08T20:41:08+00:00\",\"breadcrumb\":{\"@id\":\"https:\/\/tuzlainfo.ba\/index.php\/novosti\/item\/227197-ko-stize-u-mejdan-u-prvoj-polovini-godine-u-tuzli-zakazano-pet-velikih-koncerata\/#breadcrumb\"},\"inLanguage\":\"bs-BA\",\"potentialAction\":[{\"@type\":\"ReadAction\",\"target\":[\"https:\/\/tuzlainfo.ba\/index.php\/novosti\/item\/227197-ko-stize-u-mejdan-u-prvoj-polovini-godine-u-tuzli-zakazano-pet-velikih-koncerata\/\"]}]},{\"@type\":\"ImageObject\",\"inLanguage\":\"bs-BA\",\"@id\":\"https:\/\/tuzlainfo.ba\/index.php\/novosti\/item\/227197-ko-stize-u-mejdan-u-prvoj-polovini-godine-u-tuzli-zakazano-pet-velikih-koncerata\/#primaryimage\",\"url\":\"https:\/\/tuzlainfo.ba\/wp-content\/uploads\/2024\/01\/0801_koncerti.jpg\",\"contentUrl\":\"https:\/\/tuzlainfo.ba\/wp-content\/uploads\/2024\/01\/0801_koncerti.jpg\",\"width\":1000,\"height\":522},{\"@type\":\"BreadcrumbList\",\"@id\":\"https:\/\/tuzlainfo.ba\/index.php\/novosti\/item\/227197-ko-stize-u-mejdan-u-prvoj-polovini-godine-u-tuzli-zakazano-pet-velikih-koncerata\/#breadcrumb\",\"itemListElement\":[{\"@type\":\"ListItem\",\"position\":1,\"name\":\"Home\",\"item\":\"https:\/\/tuzlainfo.ba\/\"},{\"@type\":\"ListItem\",\"position\":2,\"name\":\"Ko sti\u017ee u Mejdan: U prvoj polovini godine u Tuzli zakazano pet velikih koncerata\"}]},{\"@type\":\"WebSite\",\"@id\":\"https:\/\/tuzlainfo.ba\/#website\",\"url\":\"https:\/\/tuzlainfo.ba\/\",\"name\":\"TuzlaInfo.ba\",\"description\":\"Tuzla info, gradski informator - Tuzla na dlanu\",\"publisher\":{\"@id\":\"https:\/\/tuzlainfo.ba\/#organization\"},\"potentialAction\":[{\"@type\":\"SearchAction\",\"target\":{\"@type\":\"EntryPoint\",\"urlTemplate\":\"https:\/\/tuzlainfo.ba\/?s={search_term_string}\"},\"query-input\":{\"@type\":\"PropertyValueSpecification\",\"valueRequired\":true,\"valueName\":\"search_term_string\"}}],\"inLanguage\":\"bs-BA\"},{\"@type\":\"Organization\",\"@id\":\"https:\/\/tuzlainfo.ba\/#organization\",\"name\":\"TuzlaInfo.ba\",\"url\":\"https:\/\/tuzlainfo.ba\/\",\"logo\":{\"@type\":\"ImageObject\",\"inLanguage\":\"bs-BA\",\"@id\":\"https:\/\/tuzlainfo.ba\/#\/schema\/logo\/image\/\",\"url\":\"https:\/\/tuzlainfo.ba\/wp-content\/uploads\/2021\/03\/logo-ver-3-1.png\",\"contentUrl\":\"https:\/\/tuzlainfo.ba\/wp-content\/uploads\/2021\/03\/logo-ver-3-1.png\",\"width\":350,\"height\":95,\"caption\":\"TuzlaInfo.ba\"},\"image\":{\"@id\":\"https:\/\/tuzlainfo.ba\/#\/schema\/logo\/image\/\"},\"sameAs\":[\"https:\/\/www.facebook.com\/tuzlainfo.ba\/\"]},{\"@type\":\"Person\",\"@id\":\"https:\/\/tuzlainfo.ba\/#\/schema\/person\/f434e20dc27ea133923aab08451b7f7f\",\"name\":\"nedim\",\"image\":{\"@type\":\"ImageObject\",\"inLanguage\":\"bs-BA\",\"@id\":\"https:\/\/tuzlainfo.ba\/#\/schema\/person\/image\/\",\"url\":\"https:\/\/tuzlainfo.ba\/wp-content\/litespeed\/avatar\/aabad687af24844af817603ac1cbdc4f.jpg?ver=1777306975\",\"contentUrl\":\"https:\/\/tuzlainfo.ba\/wp-content\/litespeed\/avatar\/aabad687af24844af817603ac1cbdc4f.jpg?ver=1777306975\",\"caption\":\"nedim\"},\"description\":\"Tuzlainfo.ba pratite na dru\u0161tvenim mre\u017eama: Facebook, Instagram i Youtube. Svoje pri\u010de, upite i fotografije \u0161aljite na na\u0161u e-mail adresu.\"}]}<\/script>\n<!-- \/ Yoast SEO plugin. -->","yoast_head_json":{"title":"Ko sti\u017ee u Mejdan: U prvoj polovini godine u Tuzli zakazano pet velikih koncerata - TuzlaInfo.ba","robots":{"index":"index","follow":"follow","max-snippet":"max-snippet:-1","max-image-preview":"max-image-preview:large","max-video-preview":"max-video-preview:-1"},"canonical":"https:\/\/tuzlainfo.ba\/index.php\/novosti\/item\/227197-ko-stize-u-mejdan-u-prvoj-polovini-godine-u-tuzli-zakazano-pet-velikih-koncerata\/","og_locale":"bs_BA","og_type":"article","og_title":"Ko sti\u017ee u Mejdan: U prvoj polovini godine u Tuzli zakazano pet velikih koncerata - TuzlaInfo.ba","og_description":"Koncertom Dragane Mirkovi\u0107, kojim \u0107e ova popularna folk pjeva\u010dica otvoriti turneju kojom \u0107e proslaviti 40&hellip;","og_url":"https:\/\/tuzlainfo.ba\/index.php\/novosti\/item\/227197-ko-stize-u-mejdan-u-prvoj-polovini-godine-u-tuzli-zakazano-pet-velikih-koncerata\/","og_site_name":"TuzlaInfo.ba","article_publisher":"https:\/\/www.facebook.com\/tuzlainfo.ba\/","article_published_time":"2024-01-08T20:37:05+00:00","article_modified_time":"2024-01-08T20:41:08+00:00","og_image":[{"width":1000,"height":522,"url":"https:\/\/tuzlainfo.ba\/wp-content\/uploads\/2024\/01\/0801_koncerti.jpg","type":"image\/jpeg"}],"author":"nedim","twitter_card":"summary_large_image","twitter_misc":{"Written by":"nedim","Est. reading time":"1 minuta"},"schema":{"@context":"https:\/\/schema.org","@graph":[{"@type":"Article","@id":"https:\/\/tuzlainfo.ba\/index.php\/novosti\/item\/227197-ko-stize-u-mejdan-u-prvoj-polovini-godine-u-tuzli-zakazano-pet-velikih-koncerata\/#article","isPartOf":{"@id":"https:\/\/tuzlainfo.ba\/index.php\/novosti\/item\/227197-ko-stize-u-mejdan-u-prvoj-polovini-godine-u-tuzli-zakazano-pet-velikih-koncerata\/"},"author":{"name":"nedim","@id":"https:\/\/tuzlainfo.ba\/#\/schema\/person\/f434e20dc27ea133923aab08451b7f7f"},"headline":"Ko sti\u017ee u Mejdan: U prvoj polovini godine u Tuzli zakazano pet velikih koncerata","datePublished":"2024-01-08T20:37:05+00:00","dateModified":"2024-01-08T20:41:08+00:00","mainEntityOfPage":{"@id":"https:\/\/tuzlainfo.ba\/index.php\/novosti\/item\/227197-ko-stize-u-mejdan-u-prvoj-polovini-godine-u-tuzli-zakazano-pet-velikih-koncerata\/"},"wordCount":183,"publisher":{"@id":"https:\/\/tuzlainfo.ba\/#organization"},"image":{"@id":"https:\/\/tuzlainfo.ba\/index.php\/novosti\/item\/227197-ko-stize-u-mejdan-u-prvoj-polovini-godine-u-tuzli-zakazano-pet-velikih-koncerata\/#primaryimage"},"thumbnailUrl":"https:\/\/tuzlainfo.ba\/wp-content\/uploads\/2024\/01\/0801_koncerti.jpg","keywords":["dragana mirkovi\u0107","d\u017eenan lon\u010darevi\u0107","koncerti 2024","koncerti tuzla","marija \u0161erifovi\u0107","petar gra\u0161o","severina","skpc mejdan"],"articleSection":["Istaknuto","Novosti","Preporu\u010dujemo"],"inLanguage":"bs-BA"},{"@type":"WebPage","@id":"https:\/\/tuzlainfo.ba\/index.php\/novosti\/item\/227197-ko-stize-u-mejdan-u-prvoj-polovini-godine-u-tuzli-zakazano-pet-velikih-koncerata\/","url":"https:\/\/tuzlainfo.ba\/index.php\/novosti\/item\/227197-ko-stize-u-mejdan-u-prvoj-polovini-godine-u-tuzli-zakazano-pet-velikih-koncerata\/","name":"Ko sti\u017ee u Mejdan: U prvoj polovini godine u Tuzli zakazano pet velikih koncerata - TuzlaInfo.ba","isPartOf":{"@id":"https:\/\/tuzlainfo.ba\/#website"},"primaryImageOfPage":{"@id":"https:\/\/tuzlainfo.ba\/index.php\/novosti\/item\/227197-ko-stize-u-mejdan-u-prvoj-polovini-godine-u-tuzli-zakazano-pet-velikih-koncerata\/#primaryimage"},"image":{"@id":"https:\/\/tuzlainfo.ba\/index.php\/novosti\/item\/227197-ko-stize-u-mejdan-u-prvoj-polovini-godine-u-tuzli-zakazano-pet-velikih-koncerata\/#primaryimage"},"thumbnailUrl":"https:\/\/tuzlainfo.ba\/wp-content\/uploads\/2024\/01\/0801_koncerti.jpg","datePublished":"2024-01-08T20:37:05+00:00","dateModified":"2024-01-08T20:41:08+00:00","breadcrumb":{"@id":"https:\/\/tuzlainfo.ba\/index.php\/novosti\/item\/227197-ko-stize-u-mejdan-u-prvoj-polovini-godine-u-tuzli-zakazano-pet-velikih-koncerata\/#breadcrumb"},"inLanguage":"bs-BA","potentialAction":[{"@type":"ReadAction","target":["https:\/\/tuzlainfo.ba\/index.php\/novosti\/item\/227197-ko-stize-u-mejdan-u-prvoj-polovini-godine-u-tuzli-zakazano-pet-velikih-koncerata\/"]}]},{"@type":"ImageObject","inLanguage":"bs-BA","@id":"https:\/\/tuzlainfo.ba\/index.php\/novosti\/item\/227197-ko-stize-u-mejdan-u-prvoj-polovini-godine-u-tuzli-zakazano-pet-velikih-koncerata\/#primaryimage","url":"https:\/\/tuzlainfo.ba\/wp-content\/uploads\/2024\/01\/0801_koncerti.jpg","contentUrl":"https:\/\/tuzlainfo.ba\/wp-content\/uploads\/2024\/01\/0801_koncerti.jpg","width":1000,"height":522},{"@type":"BreadcrumbList","@id":"https:\/\/tuzlainfo.ba\/index.php\/novosti\/item\/227197-ko-stize-u-mejdan-u-prvoj-polovini-godine-u-tuzli-zakazano-pet-velikih-koncerata\/#breadcrumb","itemListElement":[{"@type":"ListItem","position":1,"name":"Home","item":"https:\/\/tuzlainfo.ba\/"},{"@type":"ListItem","position":2,"name":"Ko sti\u017ee u Mejdan: U prvoj polovini godine u Tuzli zakazano pet velikih koncerata"}]},{"@type":"WebSite","@id":"https:\/\/tuzlainfo.ba\/#website","url":"https:\/\/tuzlainfo.ba\/","name":"TuzlaInfo.ba","description":"Tuzla info, gradski informator - Tuzla na dlanu","publisher":{"@id":"https:\/\/tuzlainfo.ba\/#organization"},"potentialAction":[{"@type":"SearchAction","target":{"@type":"EntryPoint","urlTemplate":"https:\/\/tuzlainfo.ba\/?s={search_term_string}"},"query-input":{"@type":"PropertyValueSpecification","valueRequired":true,"valueName":"search_term_string"}}],"inLanguage":"bs-BA"},{"@type":"Organization","@id":"https:\/\/tuzlainfo.ba\/#organization","name":"TuzlaInfo.ba","url":"https:\/\/tuzlainfo.ba\/","logo":{"@type":"ImageObject","inLanguage":"bs-BA","@id":"https:\/\/tuzlainfo.ba\/#\/schema\/logo\/image\/","url":"https:\/\/tuzlainfo.ba\/wp-content\/uploads\/2021\/03\/logo-ver-3-1.png","contentUrl":"https:\/\/tuzlainfo.ba\/wp-content\/uploads\/2021\/03\/logo-ver-3-1.png","width":350,"height":95,"caption":"TuzlaInfo.ba"},"image":{"@id":"https:\/\/tuzlainfo.ba\/#\/schema\/logo\/image\/"},"sameAs":["https:\/\/www.facebook.com\/tuzlainfo.ba\/"]},{"@type":"Person","@id":"https:\/\/tuzlainfo.ba\/#\/schema\/person\/f434e20dc27ea133923aab08451b7f7f","name":"nedim","image":{"@type":"ImageObject","inLanguage":"bs-BA","@id":"https:\/\/tuzlainfo.ba\/#\/schema\/person\/image\/","url":"https:\/\/tuzlainfo.ba\/wp-content\/litespeed\/avatar\/aabad687af24844af817603ac1cbdc4f.jpg?ver=1777306975","contentUrl":"https:\/\/tuzlainfo.ba\/wp-content\/litespeed\/avatar\/aabad687af24844af817603ac1cbdc4f.jpg?ver=1777306975","caption":"nedim"},"description":"Tuzlainfo.ba pratite na dru\u0161tvenim mre\u017eama: Facebook, Instagram i Youtube. Svoje pri\u010de, upite i fotografije \u0161aljite na na\u0161u e-mail adresu."}]}},"_links":{"self":[{"href":"https:\/\/tuzlainfo.ba\/index.php\/wp-json\/wp\/v2\/posts\/227197"}],"collection":[{"href":"https:\/\/tuzlainfo.ba\/index.php\/wp-json\/wp\/v2\/posts"}],"about":[{"href":"https:\/\/tuzlainfo.ba\/index.php\/wp-json\/wp\/v2\/types\/post"}],"author":[{"embeddable":true,"href":"https:\/\/tuzlainfo.ba\/index.php\/wp-json\/wp\/v2\/users\/2"}],"replies":[{"embeddable":true,"href":"https:\/\/tuzlainfo.ba\/index.php\/wp-json\/wp\/v2\/comments?post=227197"}],"version-history":[{"count":1,"href":"https:\/\/tuzlainfo.ba\/index.php\/wp-json\/wp\/v2\/posts\/227197\/revisions"}],"predecessor-version":[{"id":227199,"href":"https:\/\/tuzlainfo.ba\/index.php\/wp-json\/wp\/v2\/posts\/227197\/revisions\/227199"}],"wp:featuredmedia":[{"embeddable":true,"href":"https:\/\/tuzlainfo.ba\/index.php\/wp-json\/wp\/v2\/media\/227198"}],"wp:attachment":[{"href":"https:\/\/tuzlainfo.ba\/index.php\/wp-json\/wp\/v2\/media?parent=227197"}],"wp:term":[{"taxonomy":"category","embeddable":true,"href":"https:\/\/tuzlainfo.ba\/index.php\/wp-json\/wp\/v2\/categories?post=227197"},{"taxonomy":"post_tag","embeddable":true,"href":"https:\/\/tuzlainfo.ba\/index.php\/wp-json\/wp\/v2\/tags?post=227197"}],"curies":[{"name":"wp","href":"https:\/\/api.w.org\/{rel}","templated":true}]}}