{"id":227149,"date":"2024-01-08T14:12:10","date_gmt":"2024-01-08T13:12:10","guid":{"rendered":"https:\/\/tuzlainfo.ba\/?p=227149"},"modified":"2024-01-08T14:12:10","modified_gmt":"2024-01-08T13:12:10","slug":"premlacivanje-povratnika-u-zvorniku-tuzioci-vide-kao-posljedicu-nesporazuma-u-saobracaju","status":"publish","type":"post","link":"https:\/\/tuzlainfo.ba\/index.php\/bosna-i-hercegovina\/item\/227149-premlacivanje-povratnika-u-zvorniku-tuzioci-vide-kao-posljedicu-nesporazuma-u-saobracaju\/","title":{"rendered":"Premla\u0107ivanje povratnika u Zvorniku tu\u017eioci vide kao posljedicu &#8220;nesporazuma u saobra\u0107aju&#8221;"},"content":{"rendered":"<p>Du\u017ee od \u010detiri mjeseca od fizi\u010dkog napada na Senada Sejfi\u0107a, povratnika u Kamenicu kod Zvornika, Okru\u017eno javno tu\u017eila\u0161tvo iz Bijeljine kvalificiralo je predmet kao nano\u0161enje tjelesnih povreda nakon nesporazuma u saobra\u0107aju, zbog \u010dega on gubi povjerenje u pravosu\u0111e i osje\u0107aj sigurnosti.<\/p>\n<p>o\u010detkom septembra 2023. godine Senada Sejfi\u0107a, povratnika u Kamenicu kod Zvornika, fizi\u010dki su napale dvije osobe dok je sjedio u svom automobilu ispred d\u017eamije. Nekoliko svjedoka poku\u0161alo je sprije\u010diti nasilje u kojem je Sejfi\u0107 dobio nekoliko lak\u0161ih i jednu ozbiljniju povredu, a povratnici pove\u0107ani osje\u0107aj straha za \u017eivot u Kamenici.<\/p>\n<p>U odgovoru iz Okru\u017enog javnog tu\u017eila\u0161tva u Bijeljini \u010detiri mjeseca od doga\u0111aja navode da je predmet u kojem je o\u0161te\u0107en Sejfi\u0107 u fazi istrage, koja se vodi protiv osumnji\u010denog lica za krivi\u010dno djelo &#8220;tjelesna povreda&#8221; iz Krivi\u010dnog zakona Republike Srpske.<\/p>\n<p>&#8211; Doga\u0111aj za koji se vodi navedena istraga nema veze s napadom na povratnika Senada Sejfi\u0107a, rije\u010d je o nesporazumu u saobra\u0107aju kojom prilikom je do\u0161lo do sva\u0111e i tu\u010de, u kojoj se niko od u\u010desnika nije me\u0111usobno poznavao od ranije &#8211; naveli su u odgovoru iz bijeljinskog Okru\u017enog tu\u017eila\u0161tva te dodali da &#8220;nema govora&#8221; o kvalifikaciji doga\u0111aja kao napad na povratnika, \u0161to je potvrdila dosada\u0161nja istraga.<\/p>\n<p>Detektor je u ranijim tekstovima pisao o du\u017eini trajanja istrage napada na povratnika Sejfi\u0107a i potrebi za brzom reakcijom u slu\u010dajevima kada su napadnute manjinske grupe u nekoj sredini i kojima se pove\u0107ava osje\u0107aj nesigurnosti zbog konteksta doga\u0111aja i mrzila\u010dkog narativa.<\/p>\n<p>Nezavisna pravna istra\u017eiva\u010dica Lejla Ga\u010danica ka\u017ee da u slu\u010dajevima u kojima su \u017ertve povratnici, pravosudne institucije moraju br\u017ee reagovati i pru\u017eiti osje\u0107aj sigurnosti manjinskoj kategoriji.<\/p>\n<p>&#8211; Naravno da istra\u017ene radnje uzimaju odre\u0111eno vrijeme, ali kada su u pitanju ovakve situacije u kojima je kod povrije\u0111enog izra\u017een strah koji je iskomuniciran s Tu\u017eila\u0161tvom i iz kojeg se vidi da, bez obzira kako je djelo kvalificirano, postoji doza i posljedice onoga u kakvim sredinama se \u017eivi i zapravo kako se ljudi zaista osje\u0107aju &#8211; ka\u017ee Ga\u010danica.<\/p>\n<p>Ona smatra da je Tu\u017eila\u0161tvo moralo razmotriti kontekst doga\u0111aja u kojem je smje\u0161ten incident i o\u0161te\u0107eni, odnosno mjesto gdje \u017eivi i zlo\u010dini koji su se desili na tom podru\u010dju.<\/p>\n<p>&#8211; Oni koji su do\u017eivjeli odre\u0111enu vrstu povrede, do\u017eivljavaju ih kao djela iz mr\u017enje i u tom smislu, kontekst je jako va\u017ean, gdje ljudi \u017eive, u kakvim okolnostima, kolikom strahu su izlo\u017eeni, koliko se rje\u0161avalo pitanje pro\u0161losti &#8211; dodaje Ga\u010danica.<\/p>\n<p>Senad Sejfi\u0107 za Detektor ka\u017ee da je izjavu dao tek prije nekoliko dana, \u010detiri mjeseca od napada i da je to najve\u0107i problem, zbog kojeg on smatra da nema izra\u017eene volje da mu pomognu i da ga za\u0161tite.<\/p>\n<p>&#8211; Nisam zadovoljan, presporo je to. Nisu mi vratili osje\u0107aj sigurnosti, ovo je sve forme radi, ni\u0161ta od ovoga ne\u0107e biti &#8211; ka\u017ee Sejfi\u0107.<\/p>\n<p>Obja\u0161njava da je dobio i poziv iz policije za prepoznavanje lica koja su u\u010destvovala u incidentu i da to smatra samo jo\u0161 jednim na\u010dinom da odugovla\u010de postupak.<\/p>\n<p>Sejfi\u0107 je ranije rekao da ga pla\u0161i i \u0161to je tretiran kao svjedok i o\u010devidac, a ne o\u0161te\u0107eni.<\/p>\n<p>Nakon nekoliko upita redakcije Detektora Okru\u017enom javnom tu\u017eila\u0161tvu Bijeljina o kvalifikaciji djela i sankcionisanju po\u010dinilaca, iz ovog tu\u017eila\u0161tva su ranije naveli da upite smatraju ugro\u017eavanjem istrage i o\u0161te\u0107enih i da vi\u0161e ne\u0107e odgovarati na njih. Upite su, kako su tada naveli, smatrali pritiskom na rad institucije.<\/p>\n<p>U posljednjem odgovoru iz Tu\u017eila\u0161tva su naveli da su do sada ispitali osumnji\u010dene i o\u0161te\u0107ene.<\/p>\n<p>&#8211; O\u010dekuje se u skorijem periodu nalaz vje\u0161taka, kao i jo\u0161 neke istra\u017ene radnje &#8211; naveli su iz Tu\u017eila\u0161tva.<\/p>\n<p>Prema kvalifikaciji koju je utvrdilo Tu\u017eila\u0161tvo, djelo je ka\u017enjivo nov\u010danom ili kaznom zatvora do jedne godine. Nasilna djela u\u010dinjena iz mr\u017enje ka\u017enjavaju se zatvorom u trajanju od dvije do osam godina.<\/p>\n<p>Ga\u010danica nagla\u0161ava da se inicijalna kritika Tu\u017eila\u0161tvu odnosi na stvarne osje\u0107aje povratnika i razloge zbog kojih je to tako.<\/p>\n<p>&#8211; Ukoliko postoji ve\u0107 odre\u0111ena doza straha, ukoliko postoji odre\u0111ena vrsta bojazni i kada se dese odre\u0111ene situacije, jako je va\u017eno da se u tom segmentu sagleda i kako se o\u0161te\u0107eni osje\u0107aju i zbog \u010dega misle da je do\u0161lo do odre\u0111enog djela &#8211; ka\u017ee ona, pi\u0161e <a href=\"https:\/\/detektor.ba\/2024\/01\/08\/premlacivanje-povratnika-u-zvorniku-tuzioci-vide-kao-posljedicu-nesporazuma-u-saobracaju\/\"><strong>Detektor.ba<\/strong><\/a>.<\/p>\n","protected":false},"excerpt":{"rendered":"<p>Du\u017ee od \u010detiri mjeseca od fizi\u010dkog napada na Senada Sejfi\u0107a, povratnika u Kamenicu kod Zvornika, Okru\u017eno javno tu\u017eila\u0161tvo iz Bijeljine kvalificiralo je predmet kao nano\u0161enje tjelesnih povreda nakon nesporazuma u saobra\u0107aju, zbog \u010dega on gubi povjerenje u pravosu\u0111e i osje\u0107aj sigurnosti. o\u010detkom septembra 2023. godine Senada Sejfi\u0107a, povratnika u Kamenicu kod Zvornika, fizi\u010dki su napale [&hellip;]<\/p>\n","protected":false},"author":2,"featured_media":215823,"comment_status":"closed","ping_status":"closed","sticky":false,"template":"","format":"standard","meta":{"footnotes":""},"categories":[291],"tags":[4857,9324,1454],"class_list":["post-227149","post","type-post","status-publish","format-standard","has-post-thumbnail","hentry","category-bosna-i-hercegovina","tag-napad-na-povratnike","tag-senad-sejfic","tag-zvornik"],"yoast_head":"<!-- This site is optimized with the Yoast SEO plugin v28.4 - https:\/\/yoast.com\/product\/yoast-seo-wordpress\/ -->\n<title>Premla\u0107ivanje povratnika u Zvorniku tu\u017eioci vide kao posljedicu &quot;nesporazuma u saobra\u0107aju&quot;<\/title>\n<meta name=\"robots\" content=\"index, follow, max-snippet:-1, max-image-preview:large, max-video-preview:-1\" \/>\n<link rel=\"canonical\" href=\"https:\/\/tuzlainfo.ba\/index.php\/bosna-i-hercegovina\/item\/227149-premlacivanje-povratnika-u-zvorniku-tuzioci-vide-kao-posljedicu-nesporazuma-u-saobracaju\/\" \/>\n<meta property=\"og:locale\" content=\"bs_BA\" \/>\n<meta property=\"og:type\" content=\"article\" \/>\n<meta property=\"og:title\" content=\"Premla\u0107ivanje povratnika u Zvorniku tu\u017eioci vide kao posljedicu &quot;nesporazuma u saobra\u0107aju&quot;\" \/>\n<meta property=\"og:description\" content=\"Du\u017ee od \u010detiri mjeseca od fizi\u010dkog napada na Senada Sejfi\u0107a, povratnika u Kamenicu kod Zvornika, Okru\u017eno javno tu\u017eila\u0161tvo iz Bijeljine kvalificiralo je predmet kao nano\u0161enje tjelesnih povreda nakon nesporazuma u saobra\u0107aju, zbog \u010dega on gubi povjerenje u pravosu\u0111e i osje\u0107aj sigurnosti. o\u010detkom septembra 2023. godine Senada Sejfi\u0107a, povratnika u Kamenicu kod Zvornika, fizi\u010dki su napale [&hellip;]\" \/>\n<meta property=\"og:url\" content=\"https:\/\/tuzlainfo.ba\/index.php\/bosna-i-hercegovina\/item\/227149-premlacivanje-povratnika-u-zvorniku-tuzioci-vide-kao-posljedicu-nesporazuma-u-saobracaju\/\" \/>\n<meta property=\"og:site_name\" content=\"TuzlaInfo.ba\" \/>\n<meta property=\"article:publisher\" content=\"https:\/\/www.facebook.com\/tuzlainfo.ba\/\" \/>\n<meta property=\"article:published_time\" content=\"2024-01-08T13:12:10+00:00\" \/>\n<meta property=\"og:image\" content=\"https:\/\/tuzlainfo.ba\/wp-content\/uploads\/2023\/09\/IMG_7002.jpeg\" \/>\n\t<meta property=\"og:image:width\" content=\"1060\" \/>\n\t<meta property=\"og:image:height\" content=\"807\" \/>\n\t<meta property=\"og:image:type\" content=\"image\/jpeg\" \/>\n<meta name=\"author\" content=\"nedim\" \/>\n<meta name=\"twitter:card\" content=\"summary_large_image\" \/>\n<meta name=\"twitter:label1\" content=\"Written by\" \/>\n\t<meta name=\"twitter:data1\" content=\"nedim\" \/>\n\t<meta name=\"twitter:label2\" content=\"Est. reading time\" \/>\n\t<meta name=\"twitter:data2\" content=\"4 minute\" \/>\n<script type=\"application\/ld+json\" class=\"yoast-schema-graph\">{\"@context\":\"https:\\\/\\\/schema.org\",\"@graph\":[{\"@type\":\"Article\",\"@id\":\"https:\\\/\\\/tuzlainfo.ba\\\/index.php\\\/bosna-i-hercegovina\\\/item\\\/227149-premlacivanje-povratnika-u-zvorniku-tuzioci-vide-kao-posljedicu-nesporazuma-u-saobracaju\\\/#article\",\"isPartOf\":{\"@id\":\"https:\\\/\\\/tuzlainfo.ba\\\/index.php\\\/bosna-i-hercegovina\\\/item\\\/227149-premlacivanje-povratnika-u-zvorniku-tuzioci-vide-kao-posljedicu-nesporazuma-u-saobracaju\\\/\"},\"author\":{\"name\":\"nedim\",\"@id\":\"https:\\\/\\\/tuzlainfo.ba\\\/#\\\/schema\\\/person\\\/f434e20dc27ea133923aab08451b7f7f\"},\"headline\":\"Premla\u0107ivanje povratnika u Zvorniku tu\u017eioci vide kao posljedicu &#8220;nesporazuma u saobra\u0107aju&#8221;\",\"datePublished\":\"2024-01-08T13:12:10+00:00\",\"mainEntityOfPage\":{\"@id\":\"https:\\\/\\\/tuzlainfo.ba\\\/index.php\\\/bosna-i-hercegovina\\\/item\\\/227149-premlacivanje-povratnika-u-zvorniku-tuzioci-vide-kao-posljedicu-nesporazuma-u-saobracaju\\\/\"},\"wordCount\":832,\"publisher\":{\"@id\":\"https:\\\/\\\/tuzlainfo.ba\\\/#organization\"},\"image\":{\"@id\":\"https:\\\/\\\/tuzlainfo.ba\\\/index.php\\\/bosna-i-hercegovina\\\/item\\\/227149-premlacivanje-povratnika-u-zvorniku-tuzioci-vide-kao-posljedicu-nesporazuma-u-saobracaju\\\/#primaryimage\"},\"thumbnailUrl\":\"https:\\\/\\\/tuzlainfo.ba\\\/wp-content\\\/uploads\\\/2023\\\/09\\\/IMG_7002.jpeg\",\"keywords\":[\"napad na povratnike\",\"senad sejfic\",\"zvornik\"],\"articleSection\":[\"Bosna i Hercegovina\"],\"inLanguage\":\"bs-BA\",\"copyrightYear\":\"2024\",\"copyrightHolder\":{\"@id\":\"https:\\\/\\\/tuzlainfo.ba\\\/#organization\"}},{\"@type\":\"WebPage\",\"@id\":\"https:\\\/\\\/tuzlainfo.ba\\\/index.php\\\/bosna-i-hercegovina\\\/item\\\/227149-premlacivanje-povratnika-u-zvorniku-tuzioci-vide-kao-posljedicu-nesporazuma-u-saobracaju\\\/\",\"url\":\"https:\\\/\\\/tuzlainfo.ba\\\/index.php\\\/bosna-i-hercegovina\\\/item\\\/227149-premlacivanje-povratnika-u-zvorniku-tuzioci-vide-kao-posljedicu-nesporazuma-u-saobracaju\\\/\",\"name\":\"Premla\u0107ivanje povratnika u Zvorniku tu\u017eioci vide kao posljedicu \\\"nesporazuma u saobra\u0107aju\\\"\",\"isPartOf\":{\"@id\":\"https:\\\/\\\/tuzlainfo.ba\\\/#website\"},\"primaryImageOfPage\":{\"@id\":\"https:\\\/\\\/tuzlainfo.ba\\\/index.php\\\/bosna-i-hercegovina\\\/item\\\/227149-premlacivanje-povratnika-u-zvorniku-tuzioci-vide-kao-posljedicu-nesporazuma-u-saobracaju\\\/#primaryimage\"},\"image\":{\"@id\":\"https:\\\/\\\/tuzlainfo.ba\\\/index.php\\\/bosna-i-hercegovina\\\/item\\\/227149-premlacivanje-povratnika-u-zvorniku-tuzioci-vide-kao-posljedicu-nesporazuma-u-saobracaju\\\/#primaryimage\"},\"thumbnailUrl\":\"https:\\\/\\\/tuzlainfo.ba\\\/wp-content\\\/uploads\\\/2023\\\/09\\\/IMG_7002.jpeg\",\"datePublished\":\"2024-01-08T13:12:10+00:00\",\"breadcrumb\":{\"@id\":\"https:\\\/\\\/tuzlainfo.ba\\\/index.php\\\/bosna-i-hercegovina\\\/item\\\/227149-premlacivanje-povratnika-u-zvorniku-tuzioci-vide-kao-posljedicu-nesporazuma-u-saobracaju\\\/#breadcrumb\"},\"inLanguage\":\"bs-BA\",\"potentialAction\":[{\"@type\":\"ReadAction\",\"target\":[\"https:\\\/\\\/tuzlainfo.ba\\\/index.php\\\/bosna-i-hercegovina\\\/item\\\/227149-premlacivanje-povratnika-u-zvorniku-tuzioci-vide-kao-posljedicu-nesporazuma-u-saobracaju\\\/\"]}]},{\"@type\":\"ImageObject\",\"inLanguage\":\"bs-BA\",\"@id\":\"https:\\\/\\\/tuzlainfo.ba\\\/index.php\\\/bosna-i-hercegovina\\\/item\\\/227149-premlacivanje-povratnika-u-zvorniku-tuzioci-vide-kao-posljedicu-nesporazuma-u-saobracaju\\\/#primaryimage\",\"url\":\"https:\\\/\\\/tuzlainfo.ba\\\/wp-content\\\/uploads\\\/2023\\\/09\\\/IMG_7002.jpeg\",\"contentUrl\":\"https:\\\/\\\/tuzlainfo.ba\\\/wp-content\\\/uploads\\\/2023\\\/09\\\/IMG_7002.jpeg\",\"width\":1060,\"height\":807},{\"@type\":\"BreadcrumbList\",\"@id\":\"https:\\\/\\\/tuzlainfo.ba\\\/index.php\\\/bosna-i-hercegovina\\\/item\\\/227149-premlacivanje-povratnika-u-zvorniku-tuzioci-vide-kao-posljedicu-nesporazuma-u-saobracaju\\\/#breadcrumb\",\"itemListElement\":[{\"@type\":\"ListItem\",\"position\":1,\"name\":\"Home\",\"item\":\"https:\\\/\\\/tuzlainfo.ba\\\/\"},{\"@type\":\"ListItem\",\"position\":2,\"name\":\"Premla\u0107ivanje povratnika u Zvorniku tu\u017eioci vide kao posljedicu &#8220;nesporazuma u saobra\u0107aju&#8221;\"}]},{\"@type\":\"WebSite\",\"@id\":\"https:\\\/\\\/tuzlainfo.ba\\\/#website\",\"url\":\"https:\\\/\\\/tuzlainfo.ba\\\/\",\"name\":\"TuzlaInfo.ba\",\"description\":\"Tuzla info, gradski informator - Tuzla na dlanu\",\"publisher\":{\"@id\":\"https:\\\/\\\/tuzlainfo.ba\\\/#organization\"},\"potentialAction\":[{\"@type\":\"SearchAction\",\"target\":{\"@type\":\"EntryPoint\",\"urlTemplate\":\"https:\\\/\\\/tuzlainfo.ba\\\/?s={search_term_string}\"},\"query-input\":{\"@type\":\"PropertyValueSpecification\",\"valueRequired\":true,\"valueName\":\"search_term_string\"}}],\"inLanguage\":\"bs-BA\"},{\"@type\":\"Organization\",\"@id\":\"https:\\\/\\\/tuzlainfo.ba\\\/#organization\",\"name\":\"TuzlaInfo.ba\",\"url\":\"https:\\\/\\\/tuzlainfo.ba\\\/\",\"logo\":{\"@type\":\"ImageObject\",\"inLanguage\":\"bs-BA\",\"@id\":\"https:\\\/\\\/tuzlainfo.ba\\\/#\\\/schema\\\/logo\\\/image\\\/\",\"url\":\"https:\\\/\\\/tuzlainfo.ba\\\/wp-content\\\/uploads\\\/2021\\\/03\\\/logo-ver-3-1.png\",\"contentUrl\":\"https:\\\/\\\/tuzlainfo.ba\\\/wp-content\\\/uploads\\\/2021\\\/03\\\/logo-ver-3-1.png\",\"width\":350,\"height\":95,\"caption\":\"TuzlaInfo.ba\"},\"image\":{\"@id\":\"https:\\\/\\\/tuzlainfo.ba\\\/#\\\/schema\\\/logo\\\/image\\\/\"},\"sameAs\":[\"https:\\\/\\\/www.facebook.com\\\/tuzlainfo.ba\\\/\"]},{\"@type\":\"Person\",\"@id\":\"https:\\\/\\\/tuzlainfo.ba\\\/#\\\/schema\\\/person\\\/f434e20dc27ea133923aab08451b7f7f\",\"name\":\"nedim\",\"image\":{\"@type\":\"ImageObject\",\"inLanguage\":\"bs-BA\",\"@id\":\"https:\\\/\\\/secure.gravatar.com\\\/avatar\\\/5b928a2e7e70a54208d2eb6c1edcb75a5350d6ae97d5f0a701203d456823f6f3?s=96&d=mm&r=g\",\"url\":\"https:\\\/\\\/secure.gravatar.com\\\/avatar\\\/5b928a2e7e70a54208d2eb6c1edcb75a5350d6ae97d5f0a701203d456823f6f3?s=96&d=mm&r=g\",\"contentUrl\":\"https:\\\/\\\/secure.gravatar.com\\\/avatar\\\/5b928a2e7e70a54208d2eb6c1edcb75a5350d6ae97d5f0a701203d456823f6f3?s=96&d=mm&r=g\",\"caption\":\"nedim\"},\"description\":\"Tuzlainfo.ba pratite na dru\u0161tvenim mre\u017eama: Facebook, Instagram i Youtube. Svoje pri\u010de, upite i fotografije \u0161aljite na na\u0161u e-mail adresu.\"}]}<\/script>\n<!-- \/ Yoast SEO plugin. -->","yoast_head_json":{"title":"Premla\u0107ivanje povratnika u Zvorniku tu\u017eioci vide kao posljedicu \"nesporazuma u saobra\u0107aju\"","robots":{"index":"index","follow":"follow","max-snippet":"max-snippet:-1","max-image-preview":"max-image-preview:large","max-video-preview":"max-video-preview:-1"},"canonical":"https:\/\/tuzlainfo.ba\/index.php\/bosna-i-hercegovina\/item\/227149-premlacivanje-povratnika-u-zvorniku-tuzioci-vide-kao-posljedicu-nesporazuma-u-saobracaju\/","og_locale":"bs_BA","og_type":"article","og_title":"Premla\u0107ivanje povratnika u Zvorniku tu\u017eioci vide kao posljedicu \"nesporazuma u saobra\u0107aju\"","og_description":"Du\u017ee od \u010detiri mjeseca od fizi\u010dkog napada na Senada Sejfi\u0107a, povratnika u Kamenicu kod Zvornika, Okru\u017eno javno tu\u017eila\u0161tvo iz Bijeljine kvalificiralo je predmet kao nano\u0161enje tjelesnih povreda nakon nesporazuma u saobra\u0107aju, zbog \u010dega on gubi povjerenje u pravosu\u0111e i osje\u0107aj sigurnosti. o\u010detkom septembra 2023. godine Senada Sejfi\u0107a, povratnika u Kamenicu kod Zvornika, fizi\u010dki su napale [&hellip;]","og_url":"https:\/\/tuzlainfo.ba\/index.php\/bosna-i-hercegovina\/item\/227149-premlacivanje-povratnika-u-zvorniku-tuzioci-vide-kao-posljedicu-nesporazuma-u-saobracaju\/","og_site_name":"TuzlaInfo.ba","article_publisher":"https:\/\/www.facebook.com\/tuzlainfo.ba\/","article_published_time":"2024-01-08T13:12:10+00:00","og_image":[{"width":1060,"height":807,"url":"https:\/\/tuzlainfo.ba\/wp-content\/uploads\/2023\/09\/IMG_7002.jpeg","type":"image\/jpeg"}],"author":"nedim","twitter_card":"summary_large_image","twitter_misc":{"Written by":"nedim","Est. reading time":"4 minute"},"schema":{"@context":"https:\/\/schema.org","@graph":[{"@type":"Article","@id":"https:\/\/tuzlainfo.ba\/index.php\/bosna-i-hercegovina\/item\/227149-premlacivanje-povratnika-u-zvorniku-tuzioci-vide-kao-posljedicu-nesporazuma-u-saobracaju\/#article","isPartOf":{"@id":"https:\/\/tuzlainfo.ba\/index.php\/bosna-i-hercegovina\/item\/227149-premlacivanje-povratnika-u-zvorniku-tuzioci-vide-kao-posljedicu-nesporazuma-u-saobracaju\/"},"author":{"name":"nedim","@id":"https:\/\/tuzlainfo.ba\/#\/schema\/person\/f434e20dc27ea133923aab08451b7f7f"},"headline":"Premla\u0107ivanje povratnika u Zvorniku tu\u017eioci vide kao posljedicu &#8220;nesporazuma u saobra\u0107aju&#8221;","datePublished":"2024-01-08T13:12:10+00:00","mainEntityOfPage":{"@id":"https:\/\/tuzlainfo.ba\/index.php\/bosna-i-hercegovina\/item\/227149-premlacivanje-povratnika-u-zvorniku-tuzioci-vide-kao-posljedicu-nesporazuma-u-saobracaju\/"},"wordCount":832,"publisher":{"@id":"https:\/\/tuzlainfo.ba\/#organization"},"image":{"@id":"https:\/\/tuzlainfo.ba\/index.php\/bosna-i-hercegovina\/item\/227149-premlacivanje-povratnika-u-zvorniku-tuzioci-vide-kao-posljedicu-nesporazuma-u-saobracaju\/#primaryimage"},"thumbnailUrl":"https:\/\/tuzlainfo.ba\/wp-content\/uploads\/2023\/09\/IMG_7002.jpeg","keywords":["napad na povratnike","senad sejfic","zvornik"],"articleSection":["Bosna i Hercegovina"],"inLanguage":"bs-BA","copyrightYear":"2024","copyrightHolder":{"@id":"https:\/\/tuzlainfo.ba\/#organization"}},{"@type":"WebPage","@id":"https:\/\/tuzlainfo.ba\/index.php\/bosna-i-hercegovina\/item\/227149-premlacivanje-povratnika-u-zvorniku-tuzioci-vide-kao-posljedicu-nesporazuma-u-saobracaju\/","url":"https:\/\/tuzlainfo.ba\/index.php\/bosna-i-hercegovina\/item\/227149-premlacivanje-povratnika-u-zvorniku-tuzioci-vide-kao-posljedicu-nesporazuma-u-saobracaju\/","name":"Premla\u0107ivanje povratnika u Zvorniku tu\u017eioci vide kao posljedicu \"nesporazuma u saobra\u0107aju\"","isPartOf":{"@id":"https:\/\/tuzlainfo.ba\/#website"},"primaryImageOfPage":{"@id":"https:\/\/tuzlainfo.ba\/index.php\/bosna-i-hercegovina\/item\/227149-premlacivanje-povratnika-u-zvorniku-tuzioci-vide-kao-posljedicu-nesporazuma-u-saobracaju\/#primaryimage"},"image":{"@id":"https:\/\/tuzlainfo.ba\/index.php\/bosna-i-hercegovina\/item\/227149-premlacivanje-povratnika-u-zvorniku-tuzioci-vide-kao-posljedicu-nesporazuma-u-saobracaju\/#primaryimage"},"thumbnailUrl":"https:\/\/tuzlainfo.ba\/wp-content\/uploads\/2023\/09\/IMG_7002.jpeg","datePublished":"2024-01-08T13:12:10+00:00","breadcrumb":{"@id":"https:\/\/tuzlainfo.ba\/index.php\/bosna-i-hercegovina\/item\/227149-premlacivanje-povratnika-u-zvorniku-tuzioci-vide-kao-posljedicu-nesporazuma-u-saobracaju\/#breadcrumb"},"inLanguage":"bs-BA","potentialAction":[{"@type":"ReadAction","target":["https:\/\/tuzlainfo.ba\/index.php\/bosna-i-hercegovina\/item\/227149-premlacivanje-povratnika-u-zvorniku-tuzioci-vide-kao-posljedicu-nesporazuma-u-saobracaju\/"]}]},{"@type":"ImageObject","inLanguage":"bs-BA","@id":"https:\/\/tuzlainfo.ba\/index.php\/bosna-i-hercegovina\/item\/227149-premlacivanje-povratnika-u-zvorniku-tuzioci-vide-kao-posljedicu-nesporazuma-u-saobracaju\/#primaryimage","url":"https:\/\/tuzlainfo.ba\/wp-content\/uploads\/2023\/09\/IMG_7002.jpeg","contentUrl":"https:\/\/tuzlainfo.ba\/wp-content\/uploads\/2023\/09\/IMG_7002.jpeg","width":1060,"height":807},{"@type":"BreadcrumbList","@id":"https:\/\/tuzlainfo.ba\/index.php\/bosna-i-hercegovina\/item\/227149-premlacivanje-povratnika-u-zvorniku-tuzioci-vide-kao-posljedicu-nesporazuma-u-saobracaju\/#breadcrumb","itemListElement":[{"@type":"ListItem","position":1,"name":"Home","item":"https:\/\/tuzlainfo.ba\/"},{"@type":"ListItem","position":2,"name":"Premla\u0107ivanje povratnika u Zvorniku tu\u017eioci vide kao posljedicu &#8220;nesporazuma u saobra\u0107aju&#8221;"}]},{"@type":"WebSite","@id":"https:\/\/tuzlainfo.ba\/#website","url":"https:\/\/tuzlainfo.ba\/","name":"TuzlaInfo.ba","description":"Tuzla info, gradski informator - Tuzla na dlanu","publisher":{"@id":"https:\/\/tuzlainfo.ba\/#organization"},"potentialAction":[{"@type":"SearchAction","target":{"@type":"EntryPoint","urlTemplate":"https:\/\/tuzlainfo.ba\/?s={search_term_string}"},"query-input":{"@type":"PropertyValueSpecification","valueRequired":true,"valueName":"search_term_string"}}],"inLanguage":"bs-BA"},{"@type":"Organization","@id":"https:\/\/tuzlainfo.ba\/#organization","name":"TuzlaInfo.ba","url":"https:\/\/tuzlainfo.ba\/","logo":{"@type":"ImageObject","inLanguage":"bs-BA","@id":"https:\/\/tuzlainfo.ba\/#\/schema\/logo\/image\/","url":"https:\/\/tuzlainfo.ba\/wp-content\/uploads\/2021\/03\/logo-ver-3-1.png","contentUrl":"https:\/\/tuzlainfo.ba\/wp-content\/uploads\/2021\/03\/logo-ver-3-1.png","width":350,"height":95,"caption":"TuzlaInfo.ba"},"image":{"@id":"https:\/\/tuzlainfo.ba\/#\/schema\/logo\/image\/"},"sameAs":["https:\/\/www.facebook.com\/tuzlainfo.ba\/"]},{"@type":"Person","@id":"https:\/\/tuzlainfo.ba\/#\/schema\/person\/f434e20dc27ea133923aab08451b7f7f","name":"nedim","image":{"@type":"ImageObject","inLanguage":"bs-BA","@id":"https:\/\/secure.gravatar.com\/avatar\/5b928a2e7e70a54208d2eb6c1edcb75a5350d6ae97d5f0a701203d456823f6f3?s=96&d=mm&r=g","url":"https:\/\/secure.gravatar.com\/avatar\/5b928a2e7e70a54208d2eb6c1edcb75a5350d6ae97d5f0a701203d456823f6f3?s=96&d=mm&r=g","contentUrl":"https:\/\/secure.gravatar.com\/avatar\/5b928a2e7e70a54208d2eb6c1edcb75a5350d6ae97d5f0a701203d456823f6f3?s=96&d=mm&r=g","caption":"nedim"},"description":"Tuzlainfo.ba pratite na dru\u0161tvenim mre\u017eama: Facebook, Instagram i Youtube. Svoje pri\u010de, upite i fotografije \u0161aljite na na\u0161u e-mail adresu."}]}},"_links":{"self":[{"href":"https:\/\/tuzlainfo.ba\/index.php\/wp-json\/wp\/v2\/posts\/227149","targetHints":{"allow":["GET"]}}],"collection":[{"href":"https:\/\/tuzlainfo.ba\/index.php\/wp-json\/wp\/v2\/posts"}],"about":[{"href":"https:\/\/tuzlainfo.ba\/index.php\/wp-json\/wp\/v2\/types\/post"}],"author":[{"embeddable":true,"href":"https:\/\/tuzlainfo.ba\/index.php\/wp-json\/wp\/v2\/users\/2"}],"replies":[{"embeddable":true,"href":"https:\/\/tuzlainfo.ba\/index.php\/wp-json\/wp\/v2\/comments?post=227149"}],"version-history":[{"count":1,"href":"https:\/\/tuzlainfo.ba\/index.php\/wp-json\/wp\/v2\/posts\/227149\/revisions"}],"predecessor-version":[{"id":227150,"href":"https:\/\/tuzlainfo.ba\/index.php\/wp-json\/wp\/v2\/posts\/227149\/revisions\/227150"}],"wp:featuredmedia":[{"embeddable":true,"href":"https:\/\/tuzlainfo.ba\/index.php\/wp-json\/wp\/v2\/media\/215823"}],"wp:attachment":[{"href":"https:\/\/tuzlainfo.ba\/index.php\/wp-json\/wp\/v2\/media?parent=227149"}],"wp:term":[{"taxonomy":"category","embeddable":true,"href":"https:\/\/tuzlainfo.ba\/index.php\/wp-json\/wp\/v2\/categories?post=227149"},{"taxonomy":"post_tag","embeddable":true,"href":"https:\/\/tuzlainfo.ba\/index.php\/wp-json\/wp\/v2\/tags?post=227149"}],"curies":[{"name":"wp","href":"https:\/\/api.w.org\/{rel}","templated":true}]}}