{"id":226992,"date":"2024-01-06T13:13:56","date_gmt":"2024-01-06T12:13:56","guid":{"rendered":"https:\/\/tuzlainfo.ba\/?p=226992"},"modified":"2024-01-06T13:13:56","modified_gmt":"2024-01-06T12:13:56","slug":"kakvu-poruku-8-januara-salje-americka-vojska-borbeni-avioni-f-16-ce-nadlijetati-bih","status":"publish","type":"post","link":"https:\/\/tuzlainfo.ba\/index.php\/bosna-i-hercegovina\/item\/226992-kakvu-poruku-8-januara-salje-americka-vojska-borbeni-avioni-f-16-ce-nadlijetati-bih\/","title":{"rendered":"Kakvu poruku 8. januara \u0161alje ameri\u010dka vojska: Borbeni avioni F-16 \u0107e nadlijetati BiH"},"content":{"rendered":"<p>Tri ameri\u010dka aviona od \u010dega dva borbena, \u010duvena F-16, nadlijeta\u0107e teritoriju Bosne i Hercegovine 8. januara, dan uo\u010di zakazane proslave neustavnog danas RS, koji obilje\u017eava vlast u bh, entietu RS.<\/p>\n<p>Za sada javnosti nisu poznati razlozi ovih letova niti rute kretanja, ali se pretpostavlja kako prenose mediji da \u0107e preleti biti obavljeni u znak partnerstva Bosne i Hercegovine i Sjedinjenih Ameri\u010dkih Dr\u017eava.<\/p>\n<p>Borbeni avion F-16 je jednomotorni, vi\u0161enamjenski mlazni avion i mo\u017ee se koristiti u misijama u vazduhu kao i za napade na tlu. Rije\u010d je o najaktivnijim borbenim avionima na svijetu.<\/p>\n<p>U maju pro\u0161le godine ameri\u010dki bombarderi su obavili niske prelete iznad Sarajeva i jo\u0161 nekoliko bh. gradova u znak partnerstva BiH i SAD.<\/p>\n<p>U entitetu RS isti\u010du da je simptomati\u010dno je da \u0107e letovi tri aviona biti izvedeni dan uo\u010di njihove neustavne proslave.<\/p>\n<p>&#8220;Iako nisam zvani\u010dno informisan da \u0107e ameri\u010dki avioni `F16` 8. januara nadlijetati RS i BiH, zvani\u010dno sam informisan da za to nemaju saglasnost Predsjedni\u0161tva BiH. A kad su ve\u0107 tu, vjerujemo da \u0107e svojim prisustvom podr\u017eati proslavu Dana RS&#8221;, napisao je Dodik na dru\u0161tvenoj mre\u017ei &#8220;Iks&#8221;.<\/p>\n<p>Zamjenik ministra odbrane u Savjetu ministara Aleksandar Goganovi\u0107 rekao je da je ministar Zukan Helez, bez njegove saglasnosti, odobrio obuku kontrole napada u zajedni\u010dkom terminu Oru\u017eanih snaga BiH i Vazdu\u0161nih snaga Vojske SAD 8. januara, iako je bila planirana krajem mjeseca, \u0161to predstavlja klasi\u010dnu &#8220;provokaciju srpskog naroda&#8221;. On je istakao da je sasvim jasno da je termin promijenjen na zahtjev bo\u0161nja\u010dke strane zbog njihove nemo\u0107i da sprije\u010de obilje\u017eavanje dana RS.<\/p>\n","protected":false},"excerpt":{"rendered":"<p>Tri ameri\u010dka aviona od \u010dega dva borbena, \u010duvena F-16, nadlijeta\u0107e teritoriju Bosne i Hercegovine 8.&hellip;<\/p>\n","protected":false},"author":2,"featured_media":165906,"comment_status":"closed","ping_status":"closed","sticky":false,"template":"","format":"standard","meta":{"_acf_changed":false,"footnotes":""},"categories":[291],"tags":[9311,9310],"acf":[],"yoast_head":"<!-- This site is optimized with the Yoast SEO plugin v23.5 - https:\/\/yoast.com\/wordpress\/plugins\/seo\/ -->\n<title>Kakvu poruku 8. januara \u0161alje ameri\u010dka vojska: Borbeni avioni F-16 \u0107e nadlijetati BiH - TuzlaInfo.ba<\/title>\n<meta name=\"robots\" content=\"index, follow, max-snippet:-1, max-image-preview:large, max-video-preview:-1\" \/>\n<link rel=\"canonical\" href=\"https:\/\/tuzlainfo.ba\/index.php\/bosna-i-hercegovina\/item\/226992-kakvu-poruku-8-januara-salje-americka-vojska-borbeni-avioni-f-16-ce-nadlijetati-bih\/\" \/>\n<meta property=\"og:locale\" content=\"bs_BA\" \/>\n<meta property=\"og:type\" content=\"article\" \/>\n<meta property=\"og:title\" content=\"Kakvu poruku 8. januara \u0161alje ameri\u010dka vojska: Borbeni avioni F-16 \u0107e nadlijetati BiH - TuzlaInfo.ba\" \/>\n<meta property=\"og:description\" content=\"Tri ameri\u010dka aviona od \u010dega dva borbena, \u010duvena F-16, nadlijeta\u0107e teritoriju Bosne i Hercegovine 8.&hellip;\" \/>\n<meta property=\"og:url\" content=\"https:\/\/tuzlainfo.ba\/index.php\/bosna-i-hercegovina\/item\/226992-kakvu-poruku-8-januara-salje-americka-vojska-borbeni-avioni-f-16-ce-nadlijetati-bih\/\" \/>\n<meta property=\"og:site_name\" content=\"TuzlaInfo.ba\" \/>\n<meta property=\"article:publisher\" content=\"https:\/\/www.facebook.com\/tuzlainfo.ba\/\" \/>\n<meta property=\"article:published_time\" content=\"2024-01-06T12:13:56+00:00\" \/>\n<meta property=\"og:image\" content=\"https:\/\/tuzlainfo.ba\/wp-content\/uploads\/2022\/03\/0803_avioni_nato.jpg\" \/>\n\t<meta property=\"og:image:width\" content=\"1000\" \/>\n\t<meta property=\"og:image:height\" content=\"540\" \/>\n\t<meta property=\"og:image:type\" content=\"image\/jpeg\" \/>\n<meta name=\"author\" content=\"nedim\" \/>\n<meta name=\"twitter:card\" content=\"summary_large_image\" \/>\n<meta name=\"twitter:label1\" content=\"Written by\" \/>\n\t<meta name=\"twitter:data1\" content=\"nedim\" \/>\n\t<meta name=\"twitter:label2\" content=\"Est. reading time\" \/>\n\t<meta name=\"twitter:data2\" content=\"2 minute\" \/>\n<script type=\"application\/ld+json\" class=\"yoast-schema-graph\">{\"@context\":\"https:\/\/schema.org\",\"@graph\":[{\"@type\":\"Article\",\"@id\":\"https:\/\/tuzlainfo.ba\/index.php\/bosna-i-hercegovina\/item\/226992-kakvu-poruku-8-januara-salje-americka-vojska-borbeni-avioni-f-16-ce-nadlijetati-bih\/#article\",\"isPartOf\":{\"@id\":\"https:\/\/tuzlainfo.ba\/index.php\/bosna-i-hercegovina\/item\/226992-kakvu-poruku-8-januara-salje-americka-vojska-borbeni-avioni-f-16-ce-nadlijetati-bih\/\"},\"author\":{\"name\":\"nedim\",\"@id\":\"https:\/\/tuzlainfo.ba\/#\/schema\/person\/f434e20dc27ea133923aab08451b7f7f\"},\"headline\":\"Kakvu poruku 8. januara \u0161alje ameri\u010dka vojska: Borbeni avioni F-16 \u0107e nadlijetati BiH\",\"datePublished\":\"2024-01-06T12:13:56+00:00\",\"dateModified\":\"2024-01-06T12:13:56+00:00\",\"mainEntityOfPage\":{\"@id\":\"https:\/\/tuzlainfo.ba\/index.php\/bosna-i-hercegovina\/item\/226992-kakvu-poruku-8-januara-salje-americka-vojska-borbeni-avioni-f-16-ce-nadlijetati-bih\/\"},\"wordCount\":290,\"publisher\":{\"@id\":\"https:\/\/tuzlainfo.ba\/#organization\"},\"image\":{\"@id\":\"https:\/\/tuzlainfo.ba\/index.php\/bosna-i-hercegovina\/item\/226992-kakvu-poruku-8-januara-salje-americka-vojska-borbeni-avioni-f-16-ce-nadlijetati-bih\/#primaryimage\"},\"thumbnailUrl\":\"https:\/\/tuzlainfo.ba\/wp-content\/uploads\/2022\/03\/0803_avioni_nato.jpg\",\"keywords\":[\"avioni\",\"F-16\"],\"articleSection\":[\"Bosna i Hercegovina\"],\"inLanguage\":\"bs-BA\"},{\"@type\":\"WebPage\",\"@id\":\"https:\/\/tuzlainfo.ba\/index.php\/bosna-i-hercegovina\/item\/226992-kakvu-poruku-8-januara-salje-americka-vojska-borbeni-avioni-f-16-ce-nadlijetati-bih\/\",\"url\":\"https:\/\/tuzlainfo.ba\/index.php\/bosna-i-hercegovina\/item\/226992-kakvu-poruku-8-januara-salje-americka-vojska-borbeni-avioni-f-16-ce-nadlijetati-bih\/\",\"name\":\"Kakvu poruku 8. januara \u0161alje ameri\u010dka vojska: Borbeni avioni F-16 \u0107e nadlijetati BiH - TuzlaInfo.ba\",\"isPartOf\":{\"@id\":\"https:\/\/tuzlainfo.ba\/#website\"},\"primaryImageOfPage\":{\"@id\":\"https:\/\/tuzlainfo.ba\/index.php\/bosna-i-hercegovina\/item\/226992-kakvu-poruku-8-januara-salje-americka-vojska-borbeni-avioni-f-16-ce-nadlijetati-bih\/#primaryimage\"},\"image\":{\"@id\":\"https:\/\/tuzlainfo.ba\/index.php\/bosna-i-hercegovina\/item\/226992-kakvu-poruku-8-januara-salje-americka-vojska-borbeni-avioni-f-16-ce-nadlijetati-bih\/#primaryimage\"},\"thumbnailUrl\":\"https:\/\/tuzlainfo.ba\/wp-content\/uploads\/2022\/03\/0803_avioni_nato.jpg\",\"datePublished\":\"2024-01-06T12:13:56+00:00\",\"dateModified\":\"2024-01-06T12:13:56+00:00\",\"breadcrumb\":{\"@id\":\"https:\/\/tuzlainfo.ba\/index.php\/bosna-i-hercegovina\/item\/226992-kakvu-poruku-8-januara-salje-americka-vojska-borbeni-avioni-f-16-ce-nadlijetati-bih\/#breadcrumb\"},\"inLanguage\":\"bs-BA\",\"potentialAction\":[{\"@type\":\"ReadAction\",\"target\":[\"https:\/\/tuzlainfo.ba\/index.php\/bosna-i-hercegovina\/item\/226992-kakvu-poruku-8-januara-salje-americka-vojska-borbeni-avioni-f-16-ce-nadlijetati-bih\/\"]}]},{\"@type\":\"ImageObject\",\"inLanguage\":\"bs-BA\",\"@id\":\"https:\/\/tuzlainfo.ba\/index.php\/bosna-i-hercegovina\/item\/226992-kakvu-poruku-8-januara-salje-americka-vojska-borbeni-avioni-f-16-ce-nadlijetati-bih\/#primaryimage\",\"url\":\"https:\/\/tuzlainfo.ba\/wp-content\/uploads\/2022\/03\/0803_avioni_nato.jpg\",\"contentUrl\":\"https:\/\/tuzlainfo.ba\/wp-content\/uploads\/2022\/03\/0803_avioni_nato.jpg\",\"width\":1000,\"height\":540,\"caption\":\"Ilustracija \/ Arm\u00e9e fran\u00e7aise - Op\u00e9rations militaires\"},{\"@type\":\"BreadcrumbList\",\"@id\":\"https:\/\/tuzlainfo.ba\/index.php\/bosna-i-hercegovina\/item\/226992-kakvu-poruku-8-januara-salje-americka-vojska-borbeni-avioni-f-16-ce-nadlijetati-bih\/#breadcrumb\",\"itemListElement\":[{\"@type\":\"ListItem\",\"position\":1,\"name\":\"Home\",\"item\":\"https:\/\/tuzlainfo.ba\/\"},{\"@type\":\"ListItem\",\"position\":2,\"name\":\"Kakvu poruku 8. januara \u0161alje ameri\u010dka vojska: Borbeni avioni F-16 \u0107e nadlijetati BiH\"}]},{\"@type\":\"WebSite\",\"@id\":\"https:\/\/tuzlainfo.ba\/#website\",\"url\":\"https:\/\/tuzlainfo.ba\/\",\"name\":\"TuzlaInfo.ba\",\"description\":\"Tuzla info, gradski informator - Tuzla na dlanu\",\"publisher\":{\"@id\":\"https:\/\/tuzlainfo.ba\/#organization\"},\"potentialAction\":[{\"@type\":\"SearchAction\",\"target\":{\"@type\":\"EntryPoint\",\"urlTemplate\":\"https:\/\/tuzlainfo.ba\/?s={search_term_string}\"},\"query-input\":{\"@type\":\"PropertyValueSpecification\",\"valueRequired\":true,\"valueName\":\"search_term_string\"}}],\"inLanguage\":\"bs-BA\"},{\"@type\":\"Organization\",\"@id\":\"https:\/\/tuzlainfo.ba\/#organization\",\"name\":\"TuzlaInfo.ba\",\"url\":\"https:\/\/tuzlainfo.ba\/\",\"logo\":{\"@type\":\"ImageObject\",\"inLanguage\":\"bs-BA\",\"@id\":\"https:\/\/tuzlainfo.ba\/#\/schema\/logo\/image\/\",\"url\":\"https:\/\/tuzlainfo.ba\/wp-content\/uploads\/2021\/03\/logo-ver-3-1.png\",\"contentUrl\":\"https:\/\/tuzlainfo.ba\/wp-content\/uploads\/2021\/03\/logo-ver-3-1.png\",\"width\":350,\"height\":95,\"caption\":\"TuzlaInfo.ba\"},\"image\":{\"@id\":\"https:\/\/tuzlainfo.ba\/#\/schema\/logo\/image\/\"},\"sameAs\":[\"https:\/\/www.facebook.com\/tuzlainfo.ba\/\"]},{\"@type\":\"Person\",\"@id\":\"https:\/\/tuzlainfo.ba\/#\/schema\/person\/f434e20dc27ea133923aab08451b7f7f\",\"name\":\"nedim\",\"image\":{\"@type\":\"ImageObject\",\"inLanguage\":\"bs-BA\",\"@id\":\"https:\/\/tuzlainfo.ba\/#\/schema\/person\/image\/\",\"url\":\"https:\/\/tuzlainfo.ba\/wp-content\/litespeed\/avatar\/aabad687af24844af817603ac1cbdc4f.jpg?ver=1777306975\",\"contentUrl\":\"https:\/\/tuzlainfo.ba\/wp-content\/litespeed\/avatar\/aabad687af24844af817603ac1cbdc4f.jpg?ver=1777306975\",\"caption\":\"nedim\"},\"description\":\"Tuzlainfo.ba pratite na dru\u0161tvenim mre\u017eama: Facebook, Instagram i Youtube. Svoje pri\u010de, upite i fotografije \u0161aljite na na\u0161u e-mail adresu.\"}]}<\/script>\n<!-- \/ Yoast SEO plugin. -->","yoast_head_json":{"title":"Kakvu poruku 8. januara \u0161alje ameri\u010dka vojska: Borbeni avioni F-16 \u0107e nadlijetati BiH - TuzlaInfo.ba","robots":{"index":"index","follow":"follow","max-snippet":"max-snippet:-1","max-image-preview":"max-image-preview:large","max-video-preview":"max-video-preview:-1"},"canonical":"https:\/\/tuzlainfo.ba\/index.php\/bosna-i-hercegovina\/item\/226992-kakvu-poruku-8-januara-salje-americka-vojska-borbeni-avioni-f-16-ce-nadlijetati-bih\/","og_locale":"bs_BA","og_type":"article","og_title":"Kakvu poruku 8. januara \u0161alje ameri\u010dka vojska: Borbeni avioni F-16 \u0107e nadlijetati BiH - TuzlaInfo.ba","og_description":"Tri ameri\u010dka aviona od \u010dega dva borbena, \u010duvena F-16, nadlijeta\u0107e teritoriju Bosne i Hercegovine 8.&hellip;","og_url":"https:\/\/tuzlainfo.ba\/index.php\/bosna-i-hercegovina\/item\/226992-kakvu-poruku-8-januara-salje-americka-vojska-borbeni-avioni-f-16-ce-nadlijetati-bih\/","og_site_name":"TuzlaInfo.ba","article_publisher":"https:\/\/www.facebook.com\/tuzlainfo.ba\/","article_published_time":"2024-01-06T12:13:56+00:00","og_image":[{"width":1000,"height":540,"url":"https:\/\/tuzlainfo.ba\/wp-content\/uploads\/2022\/03\/0803_avioni_nato.jpg","type":"image\/jpeg"}],"author":"nedim","twitter_card":"summary_large_image","twitter_misc":{"Written by":"nedim","Est. reading time":"2 minute"},"schema":{"@context":"https:\/\/schema.org","@graph":[{"@type":"Article","@id":"https:\/\/tuzlainfo.ba\/index.php\/bosna-i-hercegovina\/item\/226992-kakvu-poruku-8-januara-salje-americka-vojska-borbeni-avioni-f-16-ce-nadlijetati-bih\/#article","isPartOf":{"@id":"https:\/\/tuzlainfo.ba\/index.php\/bosna-i-hercegovina\/item\/226992-kakvu-poruku-8-januara-salje-americka-vojska-borbeni-avioni-f-16-ce-nadlijetati-bih\/"},"author":{"name":"nedim","@id":"https:\/\/tuzlainfo.ba\/#\/schema\/person\/f434e20dc27ea133923aab08451b7f7f"},"headline":"Kakvu poruku 8. januara \u0161alje ameri\u010dka vojska: Borbeni avioni F-16 \u0107e nadlijetati BiH","datePublished":"2024-01-06T12:13:56+00:00","dateModified":"2024-01-06T12:13:56+00:00","mainEntityOfPage":{"@id":"https:\/\/tuzlainfo.ba\/index.php\/bosna-i-hercegovina\/item\/226992-kakvu-poruku-8-januara-salje-americka-vojska-borbeni-avioni-f-16-ce-nadlijetati-bih\/"},"wordCount":290,"publisher":{"@id":"https:\/\/tuzlainfo.ba\/#organization"},"image":{"@id":"https:\/\/tuzlainfo.ba\/index.php\/bosna-i-hercegovina\/item\/226992-kakvu-poruku-8-januara-salje-americka-vojska-borbeni-avioni-f-16-ce-nadlijetati-bih\/#primaryimage"},"thumbnailUrl":"https:\/\/tuzlainfo.ba\/wp-content\/uploads\/2022\/03\/0803_avioni_nato.jpg","keywords":["avioni","F-16"],"articleSection":["Bosna i Hercegovina"],"inLanguage":"bs-BA"},{"@type":"WebPage","@id":"https:\/\/tuzlainfo.ba\/index.php\/bosna-i-hercegovina\/item\/226992-kakvu-poruku-8-januara-salje-americka-vojska-borbeni-avioni-f-16-ce-nadlijetati-bih\/","url":"https:\/\/tuzlainfo.ba\/index.php\/bosna-i-hercegovina\/item\/226992-kakvu-poruku-8-januara-salje-americka-vojska-borbeni-avioni-f-16-ce-nadlijetati-bih\/","name":"Kakvu poruku 8. januara \u0161alje ameri\u010dka vojska: Borbeni avioni F-16 \u0107e nadlijetati BiH - TuzlaInfo.ba","isPartOf":{"@id":"https:\/\/tuzlainfo.ba\/#website"},"primaryImageOfPage":{"@id":"https:\/\/tuzlainfo.ba\/index.php\/bosna-i-hercegovina\/item\/226992-kakvu-poruku-8-januara-salje-americka-vojska-borbeni-avioni-f-16-ce-nadlijetati-bih\/#primaryimage"},"image":{"@id":"https:\/\/tuzlainfo.ba\/index.php\/bosna-i-hercegovina\/item\/226992-kakvu-poruku-8-januara-salje-americka-vojska-borbeni-avioni-f-16-ce-nadlijetati-bih\/#primaryimage"},"thumbnailUrl":"https:\/\/tuzlainfo.ba\/wp-content\/uploads\/2022\/03\/0803_avioni_nato.jpg","datePublished":"2024-01-06T12:13:56+00:00","dateModified":"2024-01-06T12:13:56+00:00","breadcrumb":{"@id":"https:\/\/tuzlainfo.ba\/index.php\/bosna-i-hercegovina\/item\/226992-kakvu-poruku-8-januara-salje-americka-vojska-borbeni-avioni-f-16-ce-nadlijetati-bih\/#breadcrumb"},"inLanguage":"bs-BA","potentialAction":[{"@type":"ReadAction","target":["https:\/\/tuzlainfo.ba\/index.php\/bosna-i-hercegovina\/item\/226992-kakvu-poruku-8-januara-salje-americka-vojska-borbeni-avioni-f-16-ce-nadlijetati-bih\/"]}]},{"@type":"ImageObject","inLanguage":"bs-BA","@id":"https:\/\/tuzlainfo.ba\/index.php\/bosna-i-hercegovina\/item\/226992-kakvu-poruku-8-januara-salje-americka-vojska-borbeni-avioni-f-16-ce-nadlijetati-bih\/#primaryimage","url":"https:\/\/tuzlainfo.ba\/wp-content\/uploads\/2022\/03\/0803_avioni_nato.jpg","contentUrl":"https:\/\/tuzlainfo.ba\/wp-content\/uploads\/2022\/03\/0803_avioni_nato.jpg","width":1000,"height":540,"caption":"Ilustracija \/ Arm\u00e9e fran\u00e7aise - Op\u00e9rations militaires"},{"@type":"BreadcrumbList","@id":"https:\/\/tuzlainfo.ba\/index.php\/bosna-i-hercegovina\/item\/226992-kakvu-poruku-8-januara-salje-americka-vojska-borbeni-avioni-f-16-ce-nadlijetati-bih\/#breadcrumb","itemListElement":[{"@type":"ListItem","position":1,"name":"Home","item":"https:\/\/tuzlainfo.ba\/"},{"@type":"ListItem","position":2,"name":"Kakvu poruku 8. januara \u0161alje ameri\u010dka vojska: Borbeni avioni F-16 \u0107e nadlijetati BiH"}]},{"@type":"WebSite","@id":"https:\/\/tuzlainfo.ba\/#website","url":"https:\/\/tuzlainfo.ba\/","name":"TuzlaInfo.ba","description":"Tuzla info, gradski informator - Tuzla na dlanu","publisher":{"@id":"https:\/\/tuzlainfo.ba\/#organization"},"potentialAction":[{"@type":"SearchAction","target":{"@type":"EntryPoint","urlTemplate":"https:\/\/tuzlainfo.ba\/?s={search_term_string}"},"query-input":{"@type":"PropertyValueSpecification","valueRequired":true,"valueName":"search_term_string"}}],"inLanguage":"bs-BA"},{"@type":"Organization","@id":"https:\/\/tuzlainfo.ba\/#organization","name":"TuzlaInfo.ba","url":"https:\/\/tuzlainfo.ba\/","logo":{"@type":"ImageObject","inLanguage":"bs-BA","@id":"https:\/\/tuzlainfo.ba\/#\/schema\/logo\/image\/","url":"https:\/\/tuzlainfo.ba\/wp-content\/uploads\/2021\/03\/logo-ver-3-1.png","contentUrl":"https:\/\/tuzlainfo.ba\/wp-content\/uploads\/2021\/03\/logo-ver-3-1.png","width":350,"height":95,"caption":"TuzlaInfo.ba"},"image":{"@id":"https:\/\/tuzlainfo.ba\/#\/schema\/logo\/image\/"},"sameAs":["https:\/\/www.facebook.com\/tuzlainfo.ba\/"]},{"@type":"Person","@id":"https:\/\/tuzlainfo.ba\/#\/schema\/person\/f434e20dc27ea133923aab08451b7f7f","name":"nedim","image":{"@type":"ImageObject","inLanguage":"bs-BA","@id":"https:\/\/tuzlainfo.ba\/#\/schema\/person\/image\/","url":"https:\/\/tuzlainfo.ba\/wp-content\/litespeed\/avatar\/aabad687af24844af817603ac1cbdc4f.jpg?ver=1777306975","contentUrl":"https:\/\/tuzlainfo.ba\/wp-content\/litespeed\/avatar\/aabad687af24844af817603ac1cbdc4f.jpg?ver=1777306975","caption":"nedim"},"description":"Tuzlainfo.ba pratite na dru\u0161tvenim mre\u017eama: Facebook, Instagram i Youtube. Svoje pri\u010de, upite i fotografije \u0161aljite na na\u0161u e-mail adresu."}]}},"_links":{"self":[{"href":"https:\/\/tuzlainfo.ba\/index.php\/wp-json\/wp\/v2\/posts\/226992"}],"collection":[{"href":"https:\/\/tuzlainfo.ba\/index.php\/wp-json\/wp\/v2\/posts"}],"about":[{"href":"https:\/\/tuzlainfo.ba\/index.php\/wp-json\/wp\/v2\/types\/post"}],"author":[{"embeddable":true,"href":"https:\/\/tuzlainfo.ba\/index.php\/wp-json\/wp\/v2\/users\/2"}],"replies":[{"embeddable":true,"href":"https:\/\/tuzlainfo.ba\/index.php\/wp-json\/wp\/v2\/comments?post=226992"}],"version-history":[{"count":1,"href":"https:\/\/tuzlainfo.ba\/index.php\/wp-json\/wp\/v2\/posts\/226992\/revisions"}],"predecessor-version":[{"id":226993,"href":"https:\/\/tuzlainfo.ba\/index.php\/wp-json\/wp\/v2\/posts\/226992\/revisions\/226993"}],"wp:featuredmedia":[{"embeddable":true,"href":"https:\/\/tuzlainfo.ba\/index.php\/wp-json\/wp\/v2\/media\/165906"}],"wp:attachment":[{"href":"https:\/\/tuzlainfo.ba\/index.php\/wp-json\/wp\/v2\/media?parent=226992"}],"wp:term":[{"taxonomy":"category","embeddable":true,"href":"https:\/\/tuzlainfo.ba\/index.php\/wp-json\/wp\/v2\/categories?post=226992"},{"taxonomy":"post_tag","embeddable":true,"href":"https:\/\/tuzlainfo.ba\/index.php\/wp-json\/wp\/v2\/tags?post=226992"}],"curies":[{"name":"wp","href":"https:\/\/api.w.org\/{rel}","templated":true}]}}