{"id":226835,"date":"2024-01-04T17:18:33","date_gmt":"2024-01-04T16:18:33","guid":{"rendered":"https:\/\/tuzlainfo.ba\/?p=226835"},"modified":"2024-01-04T17:19:22","modified_gmt":"2024-01-04T16:19:22","slug":"u-nesreci-na-putu-kalesija-sapna-teze-povrijedjene-dvije-djevojke","status":"publish","type":"post","link":"https:\/\/tuzlainfo.ba\/index.php\/istaknuto\/item\/226835-u-nesreci-na-putu-kalesija-sapna-teze-povrijedjene-dvije-djevojke\/","title":{"rendered":"U nesre\u0107i na putu Kalesija &#8211; Sapna te\u017ee povrije\u0111ene dvije djevojke"},"content":{"rendered":"<p>U saobra\u0107ajnoj nesre\u0107i koja se dogodila sino\u0107 na putu Kalesija &#8211; Sapna, te\u017ee su povrije\u0111ene dvije djevojke.<\/p>\n<p>&#8220;Dana 03.01.2024.godine, oko 20,50 sati, na regionalnom putu Kalesija-Sapna, u mjestu Sapna, dogodila se saobra\u0107ajna nezgoda u kojoj je u\u010destvovali pmv marke \u201cVW Passat\u201d,\u00a0 kojim je upravljao E.R. ro\u0111en 2001.godine, iz naselja \u0110uli\u0107i, grad Zvornik i pmv marke \u201cVW Polo\u201d, kojim je upravljao J.I.ro\u0111en 2004.godine, iz naselja Gornje Petrovice, op\u0107ina Kalesija.<\/p>\n<p>U nezgodi su te\u0161ke tjelesne povrede zadobile saputnice u pmv marke \u201c VW Polo\u201d, J.I. ro\u0111ena 1996.godine, iz Gornjih Petrovica\u00a0 i N.M. ro\u0111ena 2004. godine iz Kraljevi\u0107a, op\u0107ina Sapna, konstatovane u Klinici za ortopediju UKC Tuzla, dok su voza\u010di E.R. i J.I. zadobili lake tjelesne ozljede, tako\u0111e konstatovane u Klinici za ortopediju UKC Tuzla.<\/p>\n<p>Potrebne radnje preduzeli su policijski slu\u017ebenici PS Sapna&#8221; &#8211; saop\u0107eno je iz Uprave policije MUP-a TK.<\/p>\n<p>&nbsp;<\/p>\n<blockquote class=\"wp-embedded-content\" data-secret=\"796I2yeAnD\"><p><a href=\"https:\/\/tuzlainfo.ba\/index.php\/istaknuto\/item\/226788-teska-nesreca-u-blizini-kalesije-otezan-saobracaj\/\">Te\u0161ka nesre\u0107a u blizini Kalesije, ote\u017ean saobra\u0107aj<\/a><\/p><\/blockquote>\n<p><iframe class=\"wp-embedded-content\" sandbox=\"allow-scripts\" security=\"restricted\" style=\"position: absolute; clip: rect(1px, 1px, 1px, 1px);\" title=\"&#8220;Te\u0161ka nesre\u0107a u blizini Kalesije, ote\u017ean saobra\u0107aj&#8221; &#8212; TuzlaInfo.ba\" src=\"https:\/\/tuzlainfo.ba\/index.php\/istaknuto\/item\/226788-teska-nesreca-u-blizini-kalesije-otezan-saobracaj\/embed\/#?secret=vo1htgsf0j#?secret=796I2yeAnD\" data-secret=\"796I2yeAnD\" width=\"600\" height=\"338\" frameborder=\"0\" marginwidth=\"0\" marginheight=\"0\" scrolling=\"no\"><\/iframe><\/p>\n","protected":false},"excerpt":{"rendered":"<p>U saobra\u0107ajnoj nesre\u0107i koja se dogodila sino\u0107 na putu Kalesija &#8211; Sapna, te\u017ee su povrije\u0111ene&hellip;<\/p>\n","protected":false},"author":4,"featured_media":226789,"comment_status":"closed","ping_status":"closed","sticky":false,"template":"","format":"standard","meta":{"_acf_changed":false,"footnotes":""},"categories":[304,12],"tags":[482,9105],"acf":[],"yoast_head":"<!-- This site is optimized with the Yoast SEO plugin v23.5 - https:\/\/yoast.com\/wordpress\/plugins\/seo\/ -->\n<title>U nesre\u0107i na putu Kalesija - Sapna te\u017ee povrije\u0111ene dvije djevojke - TuzlaInfo.ba<\/title>\n<meta name=\"robots\" content=\"index, follow, max-snippet:-1, max-image-preview:large, max-video-preview:-1\" \/>\n<link rel=\"canonical\" href=\"https:\/\/tuzlainfo.ba\/index.php\/istaknuto\/item\/226835-u-nesreci-na-putu-kalesija-sapna-teze-povrijedjene-dvije-djevojke\/\" \/>\n<meta property=\"og:locale\" content=\"bs_BA\" \/>\n<meta property=\"og:type\" content=\"article\" \/>\n<meta property=\"og:title\" content=\"U nesre\u0107i na putu Kalesija - Sapna te\u017ee povrije\u0111ene dvije djevojke - TuzlaInfo.ba\" \/>\n<meta property=\"og:description\" content=\"U saobra\u0107ajnoj nesre\u0107i koja se dogodila sino\u0107 na putu Kalesija &#8211; Sapna, te\u017ee su povrije\u0111ene&hellip;\" \/>\n<meta property=\"og:url\" content=\"https:\/\/tuzlainfo.ba\/index.php\/istaknuto\/item\/226835-u-nesreci-na-putu-kalesija-sapna-teze-povrijedjene-dvije-djevojke\/\" \/>\n<meta property=\"og:site_name\" content=\"TuzlaInfo.ba\" \/>\n<meta property=\"article:publisher\" content=\"https:\/\/www.facebook.com\/tuzlainfo.ba\/\" \/>\n<meta property=\"article:published_time\" content=\"2024-01-04T16:18:33+00:00\" \/>\n<meta property=\"article:modified_time\" content=\"2024-01-04T16:19:22+00:00\" \/>\n<meta property=\"og:image\" content=\"https:\/\/tuzlainfo.ba\/wp-content\/uploads\/2024\/01\/inbound4622574597387405905.jpg\" \/>\n\t<meta property=\"og:image:width\" content=\"720\" \/>\n\t<meta property=\"og:image:height\" content=\"398\" \/>\n\t<meta property=\"og:image:type\" content=\"image\/jpeg\" \/>\n<meta name=\"author\" content=\"Tuzla Info\" \/>\n<meta name=\"twitter:card\" content=\"summary_large_image\" \/>\n<meta name=\"twitter:label1\" content=\"Written by\" \/>\n\t<meta name=\"twitter:data1\" content=\"Tuzla Info\" \/>\n\t<meta name=\"twitter:label2\" content=\"Est. reading time\" \/>\n\t<meta name=\"twitter:data2\" content=\"1 minuta\" \/>\n<script type=\"application\/ld+json\" class=\"yoast-schema-graph\">{\"@context\":\"https:\/\/schema.org\",\"@graph\":[{\"@type\":\"Article\",\"@id\":\"https:\/\/tuzlainfo.ba\/index.php\/istaknuto\/item\/226835-u-nesreci-na-putu-kalesija-sapna-teze-povrijedjene-dvije-djevojke\/#article\",\"isPartOf\":{\"@id\":\"https:\/\/tuzlainfo.ba\/index.php\/istaknuto\/item\/226835-u-nesreci-na-putu-kalesija-sapna-teze-povrijedjene-dvije-djevojke\/\"},\"author\":{\"name\":\"Tuzla Info\",\"@id\":\"https:\/\/tuzlainfo.ba\/#\/schema\/person\/46cad4c57790cbc50781edd14870825a\"},\"headline\":\"U nesre\u0107i na putu Kalesija &#8211; Sapna te\u017ee povrije\u0111ene dvije djevojke\",\"datePublished\":\"2024-01-04T16:18:33+00:00\",\"dateModified\":\"2024-01-04T16:19:22+00:00\",\"mainEntityOfPage\":{\"@id\":\"https:\/\/tuzlainfo.ba\/index.php\/istaknuto\/item\/226835-u-nesreci-na-putu-kalesija-sapna-teze-povrijedjene-dvije-djevojke\/\"},\"wordCount\":184,\"publisher\":{\"@id\":\"https:\/\/tuzlainfo.ba\/#organization\"},\"image\":{\"@id\":\"https:\/\/tuzlainfo.ba\/index.php\/istaknuto\/item\/226835-u-nesreci-na-putu-kalesija-sapna-teze-povrijedjene-dvije-djevojke\/#primaryimage\"},\"thumbnailUrl\":\"https:\/\/tuzlainfo.ba\/wp-content\/uploads\/2024\/01\/inbound4622574597387405905.jpg\",\"keywords\":[\"mup tk\",\"saoba\u0107ajna nesre\u0107a\"],\"articleSection\":[\"Istaknuto\",\"Novosti\"],\"inLanguage\":\"bs-BA\"},{\"@type\":\"WebPage\",\"@id\":\"https:\/\/tuzlainfo.ba\/index.php\/istaknuto\/item\/226835-u-nesreci-na-putu-kalesija-sapna-teze-povrijedjene-dvije-djevojke\/\",\"url\":\"https:\/\/tuzlainfo.ba\/index.php\/istaknuto\/item\/226835-u-nesreci-na-putu-kalesija-sapna-teze-povrijedjene-dvije-djevojke\/\",\"name\":\"U nesre\u0107i na putu Kalesija - Sapna te\u017ee povrije\u0111ene dvije djevojke - TuzlaInfo.ba\",\"isPartOf\":{\"@id\":\"https:\/\/tuzlainfo.ba\/#website\"},\"primaryImageOfPage\":{\"@id\":\"https:\/\/tuzlainfo.ba\/index.php\/istaknuto\/item\/226835-u-nesreci-na-putu-kalesija-sapna-teze-povrijedjene-dvije-djevojke\/#primaryimage\"},\"image\":{\"@id\":\"https:\/\/tuzlainfo.ba\/index.php\/istaknuto\/item\/226835-u-nesreci-na-putu-kalesija-sapna-teze-povrijedjene-dvije-djevojke\/#primaryimage\"},\"thumbnailUrl\":\"https:\/\/tuzlainfo.ba\/wp-content\/uploads\/2024\/01\/inbound4622574597387405905.jpg\",\"datePublished\":\"2024-01-04T16:18:33+00:00\",\"dateModified\":\"2024-01-04T16:19:22+00:00\",\"breadcrumb\":{\"@id\":\"https:\/\/tuzlainfo.ba\/index.php\/istaknuto\/item\/226835-u-nesreci-na-putu-kalesija-sapna-teze-povrijedjene-dvije-djevojke\/#breadcrumb\"},\"inLanguage\":\"bs-BA\",\"potentialAction\":[{\"@type\":\"ReadAction\",\"target\":[\"https:\/\/tuzlainfo.ba\/index.php\/istaknuto\/item\/226835-u-nesreci-na-putu-kalesija-sapna-teze-povrijedjene-dvije-djevojke\/\"]}]},{\"@type\":\"ImageObject\",\"inLanguage\":\"bs-BA\",\"@id\":\"https:\/\/tuzlainfo.ba\/index.php\/istaknuto\/item\/226835-u-nesreci-na-putu-kalesija-sapna-teze-povrijedjene-dvije-djevojke\/#primaryimage\",\"url\":\"https:\/\/tuzlainfo.ba\/wp-content\/uploads\/2024\/01\/inbound4622574597387405905.jpg\",\"contentUrl\":\"https:\/\/tuzlainfo.ba\/wp-content\/uploads\/2024\/01\/inbound4622574597387405905.jpg\",\"width\":720,\"height\":398},{\"@type\":\"BreadcrumbList\",\"@id\":\"https:\/\/tuzlainfo.ba\/index.php\/istaknuto\/item\/226835-u-nesreci-na-putu-kalesija-sapna-teze-povrijedjene-dvije-djevojke\/#breadcrumb\",\"itemListElement\":[{\"@type\":\"ListItem\",\"position\":1,\"name\":\"Home\",\"item\":\"https:\/\/tuzlainfo.ba\/\"},{\"@type\":\"ListItem\",\"position\":2,\"name\":\"U nesre\u0107i na putu Kalesija &#8211; Sapna te\u017ee povrije\u0111ene dvije djevojke\"}]},{\"@type\":\"WebSite\",\"@id\":\"https:\/\/tuzlainfo.ba\/#website\",\"url\":\"https:\/\/tuzlainfo.ba\/\",\"name\":\"TuzlaInfo.ba\",\"description\":\"Tuzla info, gradski informator - Tuzla na dlanu\",\"publisher\":{\"@id\":\"https:\/\/tuzlainfo.ba\/#organization\"},\"potentialAction\":[{\"@type\":\"SearchAction\",\"target\":{\"@type\":\"EntryPoint\",\"urlTemplate\":\"https:\/\/tuzlainfo.ba\/?s={search_term_string}\"},\"query-input\":{\"@type\":\"PropertyValueSpecification\",\"valueRequired\":true,\"valueName\":\"search_term_string\"}}],\"inLanguage\":\"bs-BA\"},{\"@type\":\"Organization\",\"@id\":\"https:\/\/tuzlainfo.ba\/#organization\",\"name\":\"TuzlaInfo.ba\",\"url\":\"https:\/\/tuzlainfo.ba\/\",\"logo\":{\"@type\":\"ImageObject\",\"inLanguage\":\"bs-BA\",\"@id\":\"https:\/\/tuzlainfo.ba\/#\/schema\/logo\/image\/\",\"url\":\"https:\/\/tuzlainfo.ba\/wp-content\/uploads\/2021\/03\/logo-ver-3-1.png\",\"contentUrl\":\"https:\/\/tuzlainfo.ba\/wp-content\/uploads\/2021\/03\/logo-ver-3-1.png\",\"width\":350,\"height\":95,\"caption\":\"TuzlaInfo.ba\"},\"image\":{\"@id\":\"https:\/\/tuzlainfo.ba\/#\/schema\/logo\/image\/\"},\"sameAs\":[\"https:\/\/www.facebook.com\/tuzlainfo.ba\/\"]},{\"@type\":\"Person\",\"@id\":\"https:\/\/tuzlainfo.ba\/#\/schema\/person\/46cad4c57790cbc50781edd14870825a\",\"name\":\"Tuzla Info\",\"image\":{\"@type\":\"ImageObject\",\"inLanguage\":\"bs-BA\",\"@id\":\"https:\/\/tuzlainfo.ba\/#\/schema\/person\/image\/\",\"url\":\"https:\/\/tuzlainfo.ba\/wp-content\/litespeed\/avatar\/b6c453a6c38e3654f2e4416c643fc25c.jpg?ver=1777051911\",\"contentUrl\":\"https:\/\/tuzlainfo.ba\/wp-content\/litespeed\/avatar\/b6c453a6c38e3654f2e4416c643fc25c.jpg?ver=1777051911\",\"caption\":\"Tuzla Info\"}}]}<\/script>\n<!-- \/ Yoast SEO plugin. -->","yoast_head_json":{"title":"U nesre\u0107i na putu Kalesija - Sapna te\u017ee povrije\u0111ene dvije djevojke - TuzlaInfo.ba","robots":{"index":"index","follow":"follow","max-snippet":"max-snippet:-1","max-image-preview":"max-image-preview:large","max-video-preview":"max-video-preview:-1"},"canonical":"https:\/\/tuzlainfo.ba\/index.php\/istaknuto\/item\/226835-u-nesreci-na-putu-kalesija-sapna-teze-povrijedjene-dvije-djevojke\/","og_locale":"bs_BA","og_type":"article","og_title":"U nesre\u0107i na putu Kalesija - Sapna te\u017ee povrije\u0111ene dvije djevojke - TuzlaInfo.ba","og_description":"U saobra\u0107ajnoj nesre\u0107i koja se dogodila sino\u0107 na putu Kalesija &#8211; Sapna, te\u017ee su povrije\u0111ene&hellip;","og_url":"https:\/\/tuzlainfo.ba\/index.php\/istaknuto\/item\/226835-u-nesreci-na-putu-kalesija-sapna-teze-povrijedjene-dvije-djevojke\/","og_site_name":"TuzlaInfo.ba","article_publisher":"https:\/\/www.facebook.com\/tuzlainfo.ba\/","article_published_time":"2024-01-04T16:18:33+00:00","article_modified_time":"2024-01-04T16:19:22+00:00","og_image":[{"width":720,"height":398,"url":"https:\/\/tuzlainfo.ba\/wp-content\/uploads\/2024\/01\/inbound4622574597387405905.jpg","type":"image\/jpeg"}],"author":"Tuzla Info","twitter_card":"summary_large_image","twitter_misc":{"Written by":"Tuzla Info","Est. reading time":"1 minuta"},"schema":{"@context":"https:\/\/schema.org","@graph":[{"@type":"Article","@id":"https:\/\/tuzlainfo.ba\/index.php\/istaknuto\/item\/226835-u-nesreci-na-putu-kalesija-sapna-teze-povrijedjene-dvije-djevojke\/#article","isPartOf":{"@id":"https:\/\/tuzlainfo.ba\/index.php\/istaknuto\/item\/226835-u-nesreci-na-putu-kalesija-sapna-teze-povrijedjene-dvije-djevojke\/"},"author":{"name":"Tuzla Info","@id":"https:\/\/tuzlainfo.ba\/#\/schema\/person\/46cad4c57790cbc50781edd14870825a"},"headline":"U nesre\u0107i na putu Kalesija &#8211; Sapna te\u017ee povrije\u0111ene dvije djevojke","datePublished":"2024-01-04T16:18:33+00:00","dateModified":"2024-01-04T16:19:22+00:00","mainEntityOfPage":{"@id":"https:\/\/tuzlainfo.ba\/index.php\/istaknuto\/item\/226835-u-nesreci-na-putu-kalesija-sapna-teze-povrijedjene-dvije-djevojke\/"},"wordCount":184,"publisher":{"@id":"https:\/\/tuzlainfo.ba\/#organization"},"image":{"@id":"https:\/\/tuzlainfo.ba\/index.php\/istaknuto\/item\/226835-u-nesreci-na-putu-kalesija-sapna-teze-povrijedjene-dvije-djevojke\/#primaryimage"},"thumbnailUrl":"https:\/\/tuzlainfo.ba\/wp-content\/uploads\/2024\/01\/inbound4622574597387405905.jpg","keywords":["mup tk","saoba\u0107ajna nesre\u0107a"],"articleSection":["Istaknuto","Novosti"],"inLanguage":"bs-BA"},{"@type":"WebPage","@id":"https:\/\/tuzlainfo.ba\/index.php\/istaknuto\/item\/226835-u-nesreci-na-putu-kalesija-sapna-teze-povrijedjene-dvije-djevojke\/","url":"https:\/\/tuzlainfo.ba\/index.php\/istaknuto\/item\/226835-u-nesreci-na-putu-kalesija-sapna-teze-povrijedjene-dvije-djevojke\/","name":"U nesre\u0107i na putu Kalesija - Sapna te\u017ee povrije\u0111ene dvije djevojke - TuzlaInfo.ba","isPartOf":{"@id":"https:\/\/tuzlainfo.ba\/#website"},"primaryImageOfPage":{"@id":"https:\/\/tuzlainfo.ba\/index.php\/istaknuto\/item\/226835-u-nesreci-na-putu-kalesija-sapna-teze-povrijedjene-dvije-djevojke\/#primaryimage"},"image":{"@id":"https:\/\/tuzlainfo.ba\/index.php\/istaknuto\/item\/226835-u-nesreci-na-putu-kalesija-sapna-teze-povrijedjene-dvije-djevojke\/#primaryimage"},"thumbnailUrl":"https:\/\/tuzlainfo.ba\/wp-content\/uploads\/2024\/01\/inbound4622574597387405905.jpg","datePublished":"2024-01-04T16:18:33+00:00","dateModified":"2024-01-04T16:19:22+00:00","breadcrumb":{"@id":"https:\/\/tuzlainfo.ba\/index.php\/istaknuto\/item\/226835-u-nesreci-na-putu-kalesija-sapna-teze-povrijedjene-dvije-djevojke\/#breadcrumb"},"inLanguage":"bs-BA","potentialAction":[{"@type":"ReadAction","target":["https:\/\/tuzlainfo.ba\/index.php\/istaknuto\/item\/226835-u-nesreci-na-putu-kalesija-sapna-teze-povrijedjene-dvije-djevojke\/"]}]},{"@type":"ImageObject","inLanguage":"bs-BA","@id":"https:\/\/tuzlainfo.ba\/index.php\/istaknuto\/item\/226835-u-nesreci-na-putu-kalesija-sapna-teze-povrijedjene-dvije-djevojke\/#primaryimage","url":"https:\/\/tuzlainfo.ba\/wp-content\/uploads\/2024\/01\/inbound4622574597387405905.jpg","contentUrl":"https:\/\/tuzlainfo.ba\/wp-content\/uploads\/2024\/01\/inbound4622574597387405905.jpg","width":720,"height":398},{"@type":"BreadcrumbList","@id":"https:\/\/tuzlainfo.ba\/index.php\/istaknuto\/item\/226835-u-nesreci-na-putu-kalesija-sapna-teze-povrijedjene-dvije-djevojke\/#breadcrumb","itemListElement":[{"@type":"ListItem","position":1,"name":"Home","item":"https:\/\/tuzlainfo.ba\/"},{"@type":"ListItem","position":2,"name":"U nesre\u0107i na putu Kalesija &#8211; Sapna te\u017ee povrije\u0111ene dvije djevojke"}]},{"@type":"WebSite","@id":"https:\/\/tuzlainfo.ba\/#website","url":"https:\/\/tuzlainfo.ba\/","name":"TuzlaInfo.ba","description":"Tuzla info, gradski informator - Tuzla na dlanu","publisher":{"@id":"https:\/\/tuzlainfo.ba\/#organization"},"potentialAction":[{"@type":"SearchAction","target":{"@type":"EntryPoint","urlTemplate":"https:\/\/tuzlainfo.ba\/?s={search_term_string}"},"query-input":{"@type":"PropertyValueSpecification","valueRequired":true,"valueName":"search_term_string"}}],"inLanguage":"bs-BA"},{"@type":"Organization","@id":"https:\/\/tuzlainfo.ba\/#organization","name":"TuzlaInfo.ba","url":"https:\/\/tuzlainfo.ba\/","logo":{"@type":"ImageObject","inLanguage":"bs-BA","@id":"https:\/\/tuzlainfo.ba\/#\/schema\/logo\/image\/","url":"https:\/\/tuzlainfo.ba\/wp-content\/uploads\/2021\/03\/logo-ver-3-1.png","contentUrl":"https:\/\/tuzlainfo.ba\/wp-content\/uploads\/2021\/03\/logo-ver-3-1.png","width":350,"height":95,"caption":"TuzlaInfo.ba"},"image":{"@id":"https:\/\/tuzlainfo.ba\/#\/schema\/logo\/image\/"},"sameAs":["https:\/\/www.facebook.com\/tuzlainfo.ba\/"]},{"@type":"Person","@id":"https:\/\/tuzlainfo.ba\/#\/schema\/person\/46cad4c57790cbc50781edd14870825a","name":"Tuzla Info","image":{"@type":"ImageObject","inLanguage":"bs-BA","@id":"https:\/\/tuzlainfo.ba\/#\/schema\/person\/image\/","url":"https:\/\/tuzlainfo.ba\/wp-content\/litespeed\/avatar\/b6c453a6c38e3654f2e4416c643fc25c.jpg?ver=1777051911","contentUrl":"https:\/\/tuzlainfo.ba\/wp-content\/litespeed\/avatar\/b6c453a6c38e3654f2e4416c643fc25c.jpg?ver=1777051911","caption":"Tuzla Info"}}]}},"_links":{"self":[{"href":"https:\/\/tuzlainfo.ba\/index.php\/wp-json\/wp\/v2\/posts\/226835"}],"collection":[{"href":"https:\/\/tuzlainfo.ba\/index.php\/wp-json\/wp\/v2\/posts"}],"about":[{"href":"https:\/\/tuzlainfo.ba\/index.php\/wp-json\/wp\/v2\/types\/post"}],"author":[{"embeddable":true,"href":"https:\/\/tuzlainfo.ba\/index.php\/wp-json\/wp\/v2\/users\/4"}],"replies":[{"embeddable":true,"href":"https:\/\/tuzlainfo.ba\/index.php\/wp-json\/wp\/v2\/comments?post=226835"}],"version-history":[{"count":2,"href":"https:\/\/tuzlainfo.ba\/index.php\/wp-json\/wp\/v2\/posts\/226835\/revisions"}],"predecessor-version":[{"id":226840,"href":"https:\/\/tuzlainfo.ba\/index.php\/wp-json\/wp\/v2\/posts\/226835\/revisions\/226840"}],"wp:featuredmedia":[{"embeddable":true,"href":"https:\/\/tuzlainfo.ba\/index.php\/wp-json\/wp\/v2\/media\/226789"}],"wp:attachment":[{"href":"https:\/\/tuzlainfo.ba\/index.php\/wp-json\/wp\/v2\/media?parent=226835"}],"wp:term":[{"taxonomy":"category","embeddable":true,"href":"https:\/\/tuzlainfo.ba\/index.php\/wp-json\/wp\/v2\/categories?post=226835"},{"taxonomy":"post_tag","embeddable":true,"href":"https:\/\/tuzlainfo.ba\/index.php\/wp-json\/wp\/v2\/tags?post=226835"}],"curies":[{"name":"wp","href":"https:\/\/api.w.org\/{rel}","templated":true}]}}