{"id":225506,"date":"2023-12-18T21:24:32","date_gmt":"2023-12-18T20:24:32","guid":{"rendered":"https:\/\/tuzlainfo.ba\/?p=225506"},"modified":"2023-12-18T21:24:32","modified_gmt":"2023-12-18T20:24:32","slug":"je-li-u-pozadini-sudjenje-dodiku-sta-se-krije-iza-hapsenja-mehmedagica-i-debevca","status":"publish","type":"post","link":"https:\/\/tuzlainfo.ba\/index.php\/bosna-i-hercegovina\/item\/225506-je-li-u-pozadini-sudjenje-dodiku-sta-se-krije-iza-hapsenja-mehmedagica-i-debevca\/","title":{"rendered":"Je li u pozadini su\u0111enje Dodiku: \u0160ta se krije iza hap\u0161enja Mehmedagi\u0107a i Debevca?"},"content":{"rendered":"<div id=\"excerpt\" class=\"mt-5 md:mt-0 xl:mt-0 mb-5 font-sans font-semibold text-lg lg:text-xl leading-6 md:leading-7\"><span class=\"lead pt-0\">Hap\u0161enje predsjednika Suda BiH Ranka Debevca i biv\u0161eg direktora OSA-e Osmana Mehmedagi\u0107a zatreslo je bh. javnost, a oni se i dalje nalaze u prostorijama Dr\u017eavne agencije za istrage i za\u0161titu.<\/span><\/div>\n<div id=\"intext_container\" class=\"dark:bg-gray-700\"><\/div>\n<div id=\"text\" class=\"break-words mt-3 text-lg lg:text-xl space-y-4 mb-3 leading-6 md:leading-8 dark:text-gray-200\">Ispred objekta SIPA-e u Isto\u010dnom Sarajevu su prisutni novinari koji o\u010dekuju da advokati Debevca i Mehmedagi\u0107a po izlasku objasne za \u0161ta se ta\u010dno terete njihovi klijenti, pi\u0161e <a href=\"https:\/\/www.klix.ba\/vijesti\/bih\/hapsenje-koje-bi-moglo-zatresti-drzavu-debevec-i-mehmedagic-i-dalje-u-zgradi-sipa-e\/231218179\">Klix<\/a>.Poznata bh. advokatica Vasvija Vidovi\u0107 je vi\u0111ena ve\u010deras kako ulazi u zgradu SIPA-e.<\/p>\n<p>Interesantno je da se hap\u0161enje predsjednika Suda BiH odvija u trenucima sudskog procesa protiv predsjednika RS-a Milorada Dodika.<\/p>\n<p>Dodikova odbrana je ve\u0107 dva puta tra\u017eila premje\u0161tanje su\u0111enja u Banju Luku \u0161to je Sud BiH odbio. Sada se postavlja pitanje i da li \u0107e se hap\u0161enje Debevca odraziti i na taj sudski proces odnosno \u0161ta \u0107e se dogoditi u slu\u010daju suspenzije Ranka Debevca i imenovanja v.d. predsjednika Suda BiH.<\/p>\n<p>Portal Istraga.ba je objavila da je najizgledniji kandidat za v.d. predsjednika Davorin Juki\u0107 koji je u ovom trenutku zamjenik predsjednika Ranka Debeveca. Davorin Juki\u0107 je poznat po tome \u0161to je Sud BiH proglasio nenadle\u017enim za su\u0111enje Draganu \u010covi\u0107u u slu\u010daju &#8220;Lijanovi\u0107&#8221;.<\/p>\n<p>Debevec i Mehmedagi\u0107 se, kako je danas saop\u0107io glavni dr\u017eavni tu\u017eitelj Milanko Kajgani\u0107, terete za zloupotrebu polo\u017eaja. Ipak, detalji jo\u0161 zvani\u010dno nisu otkriveni.<\/p>\n<\/div>\n<div class=\"dark:bg-gray-700 text-center py-0\"><\/div>\n<div class=\"lg:max-w-2xl lg:mx-auto mt-3 text-lg md:text-xl mb-3 leading-6 md:leading-8 dark:text-gray-200\">\n<p>Debevec je uhap\u0161en na podru\u010dju Sarajeva u jednom ugostiteljskom objektu dok je bio u dru\u0161tvu aktuelnog direktora OSA-e Almira D\u017euve. Nalog za njihovo hap\u0161enje je dalo Tu\u017eila\u0161tvo Bosne i Hercegovine.<\/p>\n<p>Prema nezvani\u010dnim informacijama, Debevca i Mehmedagi\u0107a se tereti i za nelegalno prislu\u0161kivanje. No, to jo\u0161 nije potvr\u0111eno.<\/p>\n<p>Ranije su postojale optu\u017ebe opozicionih politi\u010dara, u vrijeme dok je Mehmedagi\u0107 bio na funkciji u OSA-i, da je davao naloge za nelegalno prislu\u0161kivanje opozicionara odnosno rivala Stranke demokratske akcije (SDA).<\/p>\n<p>Podsjetimo, u oktobru 2021 godine Drugostepena disciplinska komisija Visokog sudskog i tu\u017eila\u010dkog vije\u0107a (VSTV) oslobodila je predsjednika Suda Bosne i Hercegovine Ranka Debevca disciplinske odgovornosti.<\/p>\n<\/div>\n<div class=\"flex dark:bg-gray-700 text-center py-0\"><\/div>\n<div class=\"lg:max-w-2xl lg:mx-auto mt-3 text-lg md:text-xl mb-3 leading-6 md:leading-8 dark:text-gray-200\">\n<p>Disciplinska tu\u017eba je teretila Debevca da se tokom decembra 2020. godine sastao sa direktorom Obavje\u0161tajno-sigurnosne agencije (OSA) Osmanom Mehmedagi\u0107em, protiv kojeg je u tom trenutku vo\u0111en krivi\u010dni postupak, ispred stana tre\u0107e osobe, kao i da je tu\u017eiocu Vedrani Mijovi\u0107, koja postupa u predmetu u kojem je tu\u017eeni u\u010desnik u postupku, uputio komentar neprimjerenog sadr\u017eaja.<\/p>\n<p>Istim tu\u017ebenim zahtjevom Debevec se teretio i da je od 2004. godine, sa izuzetkom 2009. namjerno davao nedovoljno informacija o imovini u inostranstvu, odnosno \u0160paniji, kroz li\u010dne finansijske izvje\u0161taje dostavljene VSTV-u.<\/p>\n<\/div>\n<div class=\"py-3\"><\/div>\n","protected":false},"excerpt":{"rendered":"<p>Hap\u0161enje predsjednika Suda BiH Ranka Debevca i biv\u0161eg direktora OSA-e Osmana Mehmedagi\u0107a zatreslo je bh.&hellip;<\/p>\n","protected":false},"author":4,"featured_media":86122,"comment_status":"closed","ping_status":"closed","sticky":false,"template":"","format":"standard","meta":{"_acf_changed":false,"footnotes":""},"categories":[291],"tags":[2109,1794,9144],"acf":[],"yoast_head":"<!-- This site is optimized with the Yoast SEO plugin v23.5 - https:\/\/yoast.com\/wordpress\/plugins\/seo\/ -->\n<title>Je li u pozadini su\u0111enje Dodiku: \u0160ta se krije iza hap\u0161enja Mehmedagi\u0107a i Debevca? - TuzlaInfo.ba<\/title>\n<meta name=\"robots\" content=\"index, follow, max-snippet:-1, max-image-preview:large, max-video-preview:-1\" \/>\n<link rel=\"canonical\" href=\"https:\/\/tuzlainfo.ba\/index.php\/bosna-i-hercegovina\/item\/225506-je-li-u-pozadini-sudjenje-dodiku-sta-se-krije-iza-hapsenja-mehmedagica-i-debevca\/\" \/>\n<meta property=\"og:locale\" content=\"bs_BA\" \/>\n<meta property=\"og:type\" content=\"article\" \/>\n<meta property=\"og:title\" content=\"Je li u pozadini su\u0111enje Dodiku: \u0160ta se krije iza hap\u0161enja Mehmedagi\u0107a i Debevca? - TuzlaInfo.ba\" \/>\n<meta property=\"og:description\" content=\"Hap\u0161enje predsjednika Suda BiH Ranka Debevca i biv\u0161eg direktora OSA-e Osmana Mehmedagi\u0107a zatreslo je bh.&hellip;\" \/>\n<meta property=\"og:url\" content=\"https:\/\/tuzlainfo.ba\/index.php\/bosna-i-hercegovina\/item\/225506-je-li-u-pozadini-sudjenje-dodiku-sta-se-krije-iza-hapsenja-mehmedagica-i-debevca\/\" \/>\n<meta property=\"og:site_name\" content=\"TuzlaInfo.ba\" \/>\n<meta property=\"article:publisher\" content=\"https:\/\/www.facebook.com\/tuzlainfo.ba\/\" \/>\n<meta property=\"article:published_time\" content=\"2023-12-18T20:24:32+00:00\" \/>\n<meta property=\"og:image\" content=\"https:\/\/tuzlainfo.ba\/wp-content\/uploads\/2021\/02\/sadrzaj_2021_20210201_0302_sipa.jpg\" \/>\n\t<meta property=\"og:image:width\" content=\"770\" \/>\n\t<meta property=\"og:image:height\" content=\"477\" \/>\n\t<meta property=\"og:image:type\" content=\"image\/jpeg\" \/>\n<meta name=\"author\" content=\"Tuzla Info\" \/>\n<meta name=\"twitter:card\" content=\"summary_large_image\" \/>\n<meta name=\"twitter:label1\" content=\"Written by\" \/>\n\t<meta name=\"twitter:data1\" content=\"Tuzla Info\" \/>\n\t<meta name=\"twitter:label2\" content=\"Est. reading time\" \/>\n\t<meta name=\"twitter:data2\" content=\"3 minute\" \/>\n<script type=\"application\/ld+json\" class=\"yoast-schema-graph\">{\"@context\":\"https:\/\/schema.org\",\"@graph\":[{\"@type\":\"Article\",\"@id\":\"https:\/\/tuzlainfo.ba\/index.php\/bosna-i-hercegovina\/item\/225506-je-li-u-pozadini-sudjenje-dodiku-sta-se-krije-iza-hapsenja-mehmedagica-i-debevca\/#article\",\"isPartOf\":{\"@id\":\"https:\/\/tuzlainfo.ba\/index.php\/bosna-i-hercegovina\/item\/225506-je-li-u-pozadini-sudjenje-dodiku-sta-se-krije-iza-hapsenja-mehmedagica-i-debevca\/\"},\"author\":{\"name\":\"Tuzla Info\",\"@id\":\"https:\/\/tuzlainfo.ba\/#\/schema\/person\/46cad4c57790cbc50781edd14870825a\"},\"headline\":\"Je li u pozadini su\u0111enje Dodiku: \u0160ta se krije iza hap\u0161enja Mehmedagi\u0107a i Debevca?\",\"datePublished\":\"2023-12-18T20:24:32+00:00\",\"dateModified\":\"2023-12-18T20:24:32+00:00\",\"mainEntityOfPage\":{\"@id\":\"https:\/\/tuzlainfo.ba\/index.php\/bosna-i-hercegovina\/item\/225506-je-li-u-pozadini-sudjenje-dodiku-sta-se-krije-iza-hapsenja-mehmedagica-i-debevca\/\"},\"wordCount\":463,\"publisher\":{\"@id\":\"https:\/\/tuzlainfo.ba\/#organization\"},\"image\":{\"@id\":\"https:\/\/tuzlainfo.ba\/index.php\/bosna-i-hercegovina\/item\/225506-je-li-u-pozadini-sudjenje-dodiku-sta-se-krije-iza-hapsenja-mehmedagica-i-debevca\/#primaryimage\"},\"thumbnailUrl\":\"https:\/\/tuzlainfo.ba\/wp-content\/uploads\/2021\/02\/sadrzaj_2021_20210201_0302_sipa.jpg\",\"keywords\":[\"hap\u0161enje\",\"Osman Mehmedagi\u0107\",\"ranko debevec\"],\"articleSection\":[\"Bosna i Hercegovina\"],\"inLanguage\":\"bs-BA\"},{\"@type\":\"WebPage\",\"@id\":\"https:\/\/tuzlainfo.ba\/index.php\/bosna-i-hercegovina\/item\/225506-je-li-u-pozadini-sudjenje-dodiku-sta-se-krije-iza-hapsenja-mehmedagica-i-debevca\/\",\"url\":\"https:\/\/tuzlainfo.ba\/index.php\/bosna-i-hercegovina\/item\/225506-je-li-u-pozadini-sudjenje-dodiku-sta-se-krije-iza-hapsenja-mehmedagica-i-debevca\/\",\"name\":\"Je li u pozadini su\u0111enje Dodiku: \u0160ta se krije iza hap\u0161enja Mehmedagi\u0107a i Debevca? - TuzlaInfo.ba\",\"isPartOf\":{\"@id\":\"https:\/\/tuzlainfo.ba\/#website\"},\"primaryImageOfPage\":{\"@id\":\"https:\/\/tuzlainfo.ba\/index.php\/bosna-i-hercegovina\/item\/225506-je-li-u-pozadini-sudjenje-dodiku-sta-se-krije-iza-hapsenja-mehmedagica-i-debevca\/#primaryimage\"},\"image\":{\"@id\":\"https:\/\/tuzlainfo.ba\/index.php\/bosna-i-hercegovina\/item\/225506-je-li-u-pozadini-sudjenje-dodiku-sta-se-krije-iza-hapsenja-mehmedagica-i-debevca\/#primaryimage\"},\"thumbnailUrl\":\"https:\/\/tuzlainfo.ba\/wp-content\/uploads\/2021\/02\/sadrzaj_2021_20210201_0302_sipa.jpg\",\"datePublished\":\"2023-12-18T20:24:32+00:00\",\"dateModified\":\"2023-12-18T20:24:32+00:00\",\"breadcrumb\":{\"@id\":\"https:\/\/tuzlainfo.ba\/index.php\/bosna-i-hercegovina\/item\/225506-je-li-u-pozadini-sudjenje-dodiku-sta-se-krije-iza-hapsenja-mehmedagica-i-debevca\/#breadcrumb\"},\"inLanguage\":\"bs-BA\",\"potentialAction\":[{\"@type\":\"ReadAction\",\"target\":[\"https:\/\/tuzlainfo.ba\/index.php\/bosna-i-hercegovina\/item\/225506-je-li-u-pozadini-sudjenje-dodiku-sta-se-krije-iza-hapsenja-mehmedagica-i-debevca\/\"]}]},{\"@type\":\"ImageObject\",\"inLanguage\":\"bs-BA\",\"@id\":\"https:\/\/tuzlainfo.ba\/index.php\/bosna-i-hercegovina\/item\/225506-je-li-u-pozadini-sudjenje-dodiku-sta-se-krije-iza-hapsenja-mehmedagica-i-debevca\/#primaryimage\",\"url\":\"https:\/\/tuzlainfo.ba\/wp-content\/uploads\/2021\/02\/sadrzaj_2021_20210201_0302_sipa.jpg\",\"contentUrl\":\"https:\/\/tuzlainfo.ba\/wp-content\/uploads\/2021\/02\/sadrzaj_2021_20210201_0302_sipa.jpg\",\"width\":770,\"height\":477,\"caption\":\"Ilustracija\"},{\"@type\":\"BreadcrumbList\",\"@id\":\"https:\/\/tuzlainfo.ba\/index.php\/bosna-i-hercegovina\/item\/225506-je-li-u-pozadini-sudjenje-dodiku-sta-se-krije-iza-hapsenja-mehmedagica-i-debevca\/#breadcrumb\",\"itemListElement\":[{\"@type\":\"ListItem\",\"position\":1,\"name\":\"Home\",\"item\":\"https:\/\/tuzlainfo.ba\/\"},{\"@type\":\"ListItem\",\"position\":2,\"name\":\"Je li u pozadini su\u0111enje Dodiku: \u0160ta se krije iza hap\u0161enja Mehmedagi\u0107a i Debevca?\"}]},{\"@type\":\"WebSite\",\"@id\":\"https:\/\/tuzlainfo.ba\/#website\",\"url\":\"https:\/\/tuzlainfo.ba\/\",\"name\":\"TuzlaInfo.ba\",\"description\":\"Tuzla info, gradski informator - Tuzla na dlanu\",\"publisher\":{\"@id\":\"https:\/\/tuzlainfo.ba\/#organization\"},\"potentialAction\":[{\"@type\":\"SearchAction\",\"target\":{\"@type\":\"EntryPoint\",\"urlTemplate\":\"https:\/\/tuzlainfo.ba\/?s={search_term_string}\"},\"query-input\":{\"@type\":\"PropertyValueSpecification\",\"valueRequired\":true,\"valueName\":\"search_term_string\"}}],\"inLanguage\":\"bs-BA\"},{\"@type\":\"Organization\",\"@id\":\"https:\/\/tuzlainfo.ba\/#organization\",\"name\":\"TuzlaInfo.ba\",\"url\":\"https:\/\/tuzlainfo.ba\/\",\"logo\":{\"@type\":\"ImageObject\",\"inLanguage\":\"bs-BA\",\"@id\":\"https:\/\/tuzlainfo.ba\/#\/schema\/logo\/image\/\",\"url\":\"https:\/\/tuzlainfo.ba\/wp-content\/uploads\/2021\/03\/logo-ver-3-1.png\",\"contentUrl\":\"https:\/\/tuzlainfo.ba\/wp-content\/uploads\/2021\/03\/logo-ver-3-1.png\",\"width\":350,\"height\":95,\"caption\":\"TuzlaInfo.ba\"},\"image\":{\"@id\":\"https:\/\/tuzlainfo.ba\/#\/schema\/logo\/image\/\"},\"sameAs\":[\"https:\/\/www.facebook.com\/tuzlainfo.ba\/\"]},{\"@type\":\"Person\",\"@id\":\"https:\/\/tuzlainfo.ba\/#\/schema\/person\/46cad4c57790cbc50781edd14870825a\",\"name\":\"Tuzla Info\",\"image\":{\"@type\":\"ImageObject\",\"inLanguage\":\"bs-BA\",\"@id\":\"https:\/\/tuzlainfo.ba\/#\/schema\/person\/image\/\",\"url\":\"https:\/\/tuzlainfo.ba\/wp-content\/litespeed\/avatar\/b6c453a6c38e3654f2e4416c643fc25c.jpg?ver=1777051911\",\"contentUrl\":\"https:\/\/tuzlainfo.ba\/wp-content\/litespeed\/avatar\/b6c453a6c38e3654f2e4416c643fc25c.jpg?ver=1777051911\",\"caption\":\"Tuzla Info\"}}]}<\/script>\n<!-- \/ Yoast SEO plugin. -->","yoast_head_json":{"title":"Je li u pozadini su\u0111enje Dodiku: \u0160ta se krije iza hap\u0161enja Mehmedagi\u0107a i Debevca? - TuzlaInfo.ba","robots":{"index":"index","follow":"follow","max-snippet":"max-snippet:-1","max-image-preview":"max-image-preview:large","max-video-preview":"max-video-preview:-1"},"canonical":"https:\/\/tuzlainfo.ba\/index.php\/bosna-i-hercegovina\/item\/225506-je-li-u-pozadini-sudjenje-dodiku-sta-se-krije-iza-hapsenja-mehmedagica-i-debevca\/","og_locale":"bs_BA","og_type":"article","og_title":"Je li u pozadini su\u0111enje Dodiku: \u0160ta se krije iza hap\u0161enja Mehmedagi\u0107a i Debevca? - TuzlaInfo.ba","og_description":"Hap\u0161enje predsjednika Suda BiH Ranka Debevca i biv\u0161eg direktora OSA-e Osmana Mehmedagi\u0107a zatreslo je bh.&hellip;","og_url":"https:\/\/tuzlainfo.ba\/index.php\/bosna-i-hercegovina\/item\/225506-je-li-u-pozadini-sudjenje-dodiku-sta-se-krije-iza-hapsenja-mehmedagica-i-debevca\/","og_site_name":"TuzlaInfo.ba","article_publisher":"https:\/\/www.facebook.com\/tuzlainfo.ba\/","article_published_time":"2023-12-18T20:24:32+00:00","og_image":[{"width":770,"height":477,"url":"https:\/\/tuzlainfo.ba\/wp-content\/uploads\/2021\/02\/sadrzaj_2021_20210201_0302_sipa.jpg","type":"image\/jpeg"}],"author":"Tuzla Info","twitter_card":"summary_large_image","twitter_misc":{"Written by":"Tuzla Info","Est. reading time":"3 minute"},"schema":{"@context":"https:\/\/schema.org","@graph":[{"@type":"Article","@id":"https:\/\/tuzlainfo.ba\/index.php\/bosna-i-hercegovina\/item\/225506-je-li-u-pozadini-sudjenje-dodiku-sta-se-krije-iza-hapsenja-mehmedagica-i-debevca\/#article","isPartOf":{"@id":"https:\/\/tuzlainfo.ba\/index.php\/bosna-i-hercegovina\/item\/225506-je-li-u-pozadini-sudjenje-dodiku-sta-se-krije-iza-hapsenja-mehmedagica-i-debevca\/"},"author":{"name":"Tuzla Info","@id":"https:\/\/tuzlainfo.ba\/#\/schema\/person\/46cad4c57790cbc50781edd14870825a"},"headline":"Je li u pozadini su\u0111enje Dodiku: \u0160ta se krije iza hap\u0161enja Mehmedagi\u0107a i Debevca?","datePublished":"2023-12-18T20:24:32+00:00","dateModified":"2023-12-18T20:24:32+00:00","mainEntityOfPage":{"@id":"https:\/\/tuzlainfo.ba\/index.php\/bosna-i-hercegovina\/item\/225506-je-li-u-pozadini-sudjenje-dodiku-sta-se-krije-iza-hapsenja-mehmedagica-i-debevca\/"},"wordCount":463,"publisher":{"@id":"https:\/\/tuzlainfo.ba\/#organization"},"image":{"@id":"https:\/\/tuzlainfo.ba\/index.php\/bosna-i-hercegovina\/item\/225506-je-li-u-pozadini-sudjenje-dodiku-sta-se-krije-iza-hapsenja-mehmedagica-i-debevca\/#primaryimage"},"thumbnailUrl":"https:\/\/tuzlainfo.ba\/wp-content\/uploads\/2021\/02\/sadrzaj_2021_20210201_0302_sipa.jpg","keywords":["hap\u0161enje","Osman Mehmedagi\u0107","ranko debevec"],"articleSection":["Bosna i Hercegovina"],"inLanguage":"bs-BA"},{"@type":"WebPage","@id":"https:\/\/tuzlainfo.ba\/index.php\/bosna-i-hercegovina\/item\/225506-je-li-u-pozadini-sudjenje-dodiku-sta-se-krije-iza-hapsenja-mehmedagica-i-debevca\/","url":"https:\/\/tuzlainfo.ba\/index.php\/bosna-i-hercegovina\/item\/225506-je-li-u-pozadini-sudjenje-dodiku-sta-se-krije-iza-hapsenja-mehmedagica-i-debevca\/","name":"Je li u pozadini su\u0111enje Dodiku: \u0160ta se krije iza hap\u0161enja Mehmedagi\u0107a i Debevca? - TuzlaInfo.ba","isPartOf":{"@id":"https:\/\/tuzlainfo.ba\/#website"},"primaryImageOfPage":{"@id":"https:\/\/tuzlainfo.ba\/index.php\/bosna-i-hercegovina\/item\/225506-je-li-u-pozadini-sudjenje-dodiku-sta-se-krije-iza-hapsenja-mehmedagica-i-debevca\/#primaryimage"},"image":{"@id":"https:\/\/tuzlainfo.ba\/index.php\/bosna-i-hercegovina\/item\/225506-je-li-u-pozadini-sudjenje-dodiku-sta-se-krije-iza-hapsenja-mehmedagica-i-debevca\/#primaryimage"},"thumbnailUrl":"https:\/\/tuzlainfo.ba\/wp-content\/uploads\/2021\/02\/sadrzaj_2021_20210201_0302_sipa.jpg","datePublished":"2023-12-18T20:24:32+00:00","dateModified":"2023-12-18T20:24:32+00:00","breadcrumb":{"@id":"https:\/\/tuzlainfo.ba\/index.php\/bosna-i-hercegovina\/item\/225506-je-li-u-pozadini-sudjenje-dodiku-sta-se-krije-iza-hapsenja-mehmedagica-i-debevca\/#breadcrumb"},"inLanguage":"bs-BA","potentialAction":[{"@type":"ReadAction","target":["https:\/\/tuzlainfo.ba\/index.php\/bosna-i-hercegovina\/item\/225506-je-li-u-pozadini-sudjenje-dodiku-sta-se-krije-iza-hapsenja-mehmedagica-i-debevca\/"]}]},{"@type":"ImageObject","inLanguage":"bs-BA","@id":"https:\/\/tuzlainfo.ba\/index.php\/bosna-i-hercegovina\/item\/225506-je-li-u-pozadini-sudjenje-dodiku-sta-se-krije-iza-hapsenja-mehmedagica-i-debevca\/#primaryimage","url":"https:\/\/tuzlainfo.ba\/wp-content\/uploads\/2021\/02\/sadrzaj_2021_20210201_0302_sipa.jpg","contentUrl":"https:\/\/tuzlainfo.ba\/wp-content\/uploads\/2021\/02\/sadrzaj_2021_20210201_0302_sipa.jpg","width":770,"height":477,"caption":"Ilustracija"},{"@type":"BreadcrumbList","@id":"https:\/\/tuzlainfo.ba\/index.php\/bosna-i-hercegovina\/item\/225506-je-li-u-pozadini-sudjenje-dodiku-sta-se-krije-iza-hapsenja-mehmedagica-i-debevca\/#breadcrumb","itemListElement":[{"@type":"ListItem","position":1,"name":"Home","item":"https:\/\/tuzlainfo.ba\/"},{"@type":"ListItem","position":2,"name":"Je li u pozadini su\u0111enje Dodiku: \u0160ta se krije iza hap\u0161enja Mehmedagi\u0107a i Debevca?"}]},{"@type":"WebSite","@id":"https:\/\/tuzlainfo.ba\/#website","url":"https:\/\/tuzlainfo.ba\/","name":"TuzlaInfo.ba","description":"Tuzla info, gradski informator - Tuzla na dlanu","publisher":{"@id":"https:\/\/tuzlainfo.ba\/#organization"},"potentialAction":[{"@type":"SearchAction","target":{"@type":"EntryPoint","urlTemplate":"https:\/\/tuzlainfo.ba\/?s={search_term_string}"},"query-input":{"@type":"PropertyValueSpecification","valueRequired":true,"valueName":"search_term_string"}}],"inLanguage":"bs-BA"},{"@type":"Organization","@id":"https:\/\/tuzlainfo.ba\/#organization","name":"TuzlaInfo.ba","url":"https:\/\/tuzlainfo.ba\/","logo":{"@type":"ImageObject","inLanguage":"bs-BA","@id":"https:\/\/tuzlainfo.ba\/#\/schema\/logo\/image\/","url":"https:\/\/tuzlainfo.ba\/wp-content\/uploads\/2021\/03\/logo-ver-3-1.png","contentUrl":"https:\/\/tuzlainfo.ba\/wp-content\/uploads\/2021\/03\/logo-ver-3-1.png","width":350,"height":95,"caption":"TuzlaInfo.ba"},"image":{"@id":"https:\/\/tuzlainfo.ba\/#\/schema\/logo\/image\/"},"sameAs":["https:\/\/www.facebook.com\/tuzlainfo.ba\/"]},{"@type":"Person","@id":"https:\/\/tuzlainfo.ba\/#\/schema\/person\/46cad4c57790cbc50781edd14870825a","name":"Tuzla Info","image":{"@type":"ImageObject","inLanguage":"bs-BA","@id":"https:\/\/tuzlainfo.ba\/#\/schema\/person\/image\/","url":"https:\/\/tuzlainfo.ba\/wp-content\/litespeed\/avatar\/b6c453a6c38e3654f2e4416c643fc25c.jpg?ver=1777051911","contentUrl":"https:\/\/tuzlainfo.ba\/wp-content\/litespeed\/avatar\/b6c453a6c38e3654f2e4416c643fc25c.jpg?ver=1777051911","caption":"Tuzla Info"}}]}},"_links":{"self":[{"href":"https:\/\/tuzlainfo.ba\/index.php\/wp-json\/wp\/v2\/posts\/225506"}],"collection":[{"href":"https:\/\/tuzlainfo.ba\/index.php\/wp-json\/wp\/v2\/posts"}],"about":[{"href":"https:\/\/tuzlainfo.ba\/index.php\/wp-json\/wp\/v2\/types\/post"}],"author":[{"embeddable":true,"href":"https:\/\/tuzlainfo.ba\/index.php\/wp-json\/wp\/v2\/users\/4"}],"replies":[{"embeddable":true,"href":"https:\/\/tuzlainfo.ba\/index.php\/wp-json\/wp\/v2\/comments?post=225506"}],"version-history":[{"count":1,"href":"https:\/\/tuzlainfo.ba\/index.php\/wp-json\/wp\/v2\/posts\/225506\/revisions"}],"predecessor-version":[{"id":225507,"href":"https:\/\/tuzlainfo.ba\/index.php\/wp-json\/wp\/v2\/posts\/225506\/revisions\/225507"}],"wp:featuredmedia":[{"embeddable":true,"href":"https:\/\/tuzlainfo.ba\/index.php\/wp-json\/wp\/v2\/media\/86122"}],"wp:attachment":[{"href":"https:\/\/tuzlainfo.ba\/index.php\/wp-json\/wp\/v2\/media?parent=225506"}],"wp:term":[{"taxonomy":"category","embeddable":true,"href":"https:\/\/tuzlainfo.ba\/index.php\/wp-json\/wp\/v2\/categories?post=225506"},{"taxonomy":"post_tag","embeddable":true,"href":"https:\/\/tuzlainfo.ba\/index.php\/wp-json\/wp\/v2\/tags?post=225506"}],"curies":[{"name":"wp","href":"https:\/\/api.w.org\/{rel}","templated":true}]}}