{"id":225064,"date":"2023-12-13T15:05:09","date_gmt":"2023-12-13T14:05:09","guid":{"rendered":"https:\/\/tuzlainfo.ba\/?p=225064"},"modified":"2023-12-13T15:05:09","modified_gmt":"2023-12-13T14:05:09","slug":"lukavac-u-nesreci-tesko-povrijedjena-87-godisnja-pjesakinja","status":"publish","type":"post","link":"https:\/\/tuzlainfo.ba\/index.php\/istaknuto\/item\/225064-lukavac-u-nesreci-tesko-povrijedjena-87-godisnja-pjesakinja\/","title":{"rendered":"Lukavac: U nesre\u0107i te\u0161ko povrije\u0111ena 87-godi\u0161nja pje\u0161akinja"},"content":{"rendered":"<p>U saobra\u0107ajnoj nesre\u0107i koja se ju\u010der dogodila u Lukavcu, te\u0161ko je povrije\u0111ena pje\u0161akinja.<\/p>\n<p>Dana, 12.12.2023 godine oko 11,10 sati u Ulici Mehmedalije Maka Dizdara u Lukavcu, dogodila se saobra\u0107ajna nezgoda u kojoj je u\u010destvovali D\u017e.I., ro\u0111en 1978.godine koji je upravljao pmv. \u201eVW Golf\u201c i pje\u0161akinja \u0160.N., ro\u0111ena 1936.godine iz Lukavca, koja je nakon pru\u017eene ljekarske pomo\u0107i u SHMP Lukavac upu\u0107ena u JZU UKC Tuzla gdje su ljekari konstatovali te\u0161ke tjelesne povrede i istu zadr\u017eali na daljem lije\u010denju.<\/p>\n<p>Potrebne mjere i radnje poduzeli su policijski slu\u017ebenici PS Lukavac i OKP PU Lukavac.<\/p>\n<p>&nbsp;<\/p>\n<div class=\"post_date\"><\/div>\n","protected":false},"excerpt":{"rendered":"<p>U saobra\u0107ajnoj nesre\u0107i koja se ju\u010der dogodila u Lukavcu, te\u0161ko je povrije\u0111ena pje\u0161akinja. Dana, 12.12.2023&hellip;<\/p>\n","protected":false},"author":4,"featured_media":218123,"comment_status":"closed","ping_status":"closed","sticky":false,"template":"","format":"standard","meta":{"_acf_changed":false,"footnotes":""},"categories":[304,12],"tags":[461,9105],"acf":[],"yoast_head":"<!-- This site is optimized with the Yoast SEO plugin v23.5 - https:\/\/yoast.com\/wordpress\/plugins\/seo\/ -->\n<title>Lukavac: U nesre\u0107i te\u0161ko povrije\u0111ena 87-godi\u0161nja pje\u0161akinja - TuzlaInfo.ba<\/title>\n<meta name=\"robots\" content=\"index, follow, max-snippet:-1, max-image-preview:large, max-video-preview:-1\" \/>\n<link rel=\"canonical\" href=\"https:\/\/tuzlainfo.ba\/index.php\/istaknuto\/item\/225064-lukavac-u-nesreci-tesko-povrijedjena-87-godisnja-pjesakinja\/\" \/>\n<meta property=\"og:locale\" content=\"bs_BA\" \/>\n<meta property=\"og:type\" content=\"article\" \/>\n<meta property=\"og:title\" content=\"Lukavac: U nesre\u0107i te\u0161ko povrije\u0111ena 87-godi\u0161nja pje\u0161akinja - TuzlaInfo.ba\" \/>\n<meta property=\"og:description\" content=\"U saobra\u0107ajnoj nesre\u0107i koja se ju\u010der dogodila u Lukavcu, te\u0161ko je povrije\u0111ena pje\u0161akinja. Dana, 12.12.2023&hellip;\" \/>\n<meta property=\"og:url\" content=\"https:\/\/tuzlainfo.ba\/index.php\/istaknuto\/item\/225064-lukavac-u-nesreci-tesko-povrijedjena-87-godisnja-pjesakinja\/\" \/>\n<meta property=\"og:site_name\" content=\"TuzlaInfo.ba\" \/>\n<meta property=\"article:publisher\" content=\"https:\/\/www.facebook.com\/tuzlainfo.ba\/\" \/>\n<meta property=\"article:published_time\" content=\"2023-12-13T14:05:09+00:00\" \/>\n<meta property=\"og:image\" content=\"https:\/\/tuzlainfo.ba\/wp-content\/uploads\/2023\/09\/stop_policija_-4.jpg\" \/>\n\t<meta property=\"og:image:width\" content=\"1000\" \/>\n\t<meta property=\"og:image:height\" content=\"697\" \/>\n\t<meta property=\"og:image:type\" content=\"image\/jpeg\" \/>\n<meta name=\"author\" content=\"Tuzla Info\" \/>\n<meta name=\"twitter:card\" content=\"summary_large_image\" \/>\n<meta name=\"twitter:label1\" content=\"Written by\" \/>\n\t<meta name=\"twitter:data1\" content=\"Tuzla Info\" \/>\n\t<meta name=\"twitter:label2\" content=\"Est. reading time\" \/>\n\t<meta name=\"twitter:data2\" content=\"1 minuta\" \/>\n<script type=\"application\/ld+json\" class=\"yoast-schema-graph\">{\"@context\":\"https:\/\/schema.org\",\"@graph\":[{\"@type\":\"Article\",\"@id\":\"https:\/\/tuzlainfo.ba\/index.php\/istaknuto\/item\/225064-lukavac-u-nesreci-tesko-povrijedjena-87-godisnja-pjesakinja\/#article\",\"isPartOf\":{\"@id\":\"https:\/\/tuzlainfo.ba\/index.php\/istaknuto\/item\/225064-lukavac-u-nesreci-tesko-povrijedjena-87-godisnja-pjesakinja\/\"},\"author\":{\"name\":\"Tuzla Info\",\"@id\":\"https:\/\/tuzlainfo.ba\/#\/schema\/person\/46cad4c57790cbc50781edd14870825a\"},\"headline\":\"Lukavac: U nesre\u0107i te\u0161ko povrije\u0111ena 87-godi\u0161nja pje\u0161akinja\",\"datePublished\":\"2023-12-13T14:05:09+00:00\",\"dateModified\":\"2023-12-13T14:05:09+00:00\",\"mainEntityOfPage\":{\"@id\":\"https:\/\/tuzlainfo.ba\/index.php\/istaknuto\/item\/225064-lukavac-u-nesreci-tesko-povrijedjena-87-godisnja-pjesakinja\/\"},\"wordCount\":121,\"publisher\":{\"@id\":\"https:\/\/tuzlainfo.ba\/#organization\"},\"image\":{\"@id\":\"https:\/\/tuzlainfo.ba\/index.php\/istaknuto\/item\/225064-lukavac-u-nesreci-tesko-povrijedjena-87-godisnja-pjesakinja\/#primaryimage\"},\"thumbnailUrl\":\"https:\/\/tuzlainfo.ba\/wp-content\/uploads\/2023\/09\/stop_policija_-4.jpg\",\"keywords\":[\"lukavac\",\"saoba\u0107ajna nesre\u0107a\"],\"articleSection\":[\"Istaknuto\",\"Novosti\"],\"inLanguage\":\"bs-BA\"},{\"@type\":\"WebPage\",\"@id\":\"https:\/\/tuzlainfo.ba\/index.php\/istaknuto\/item\/225064-lukavac-u-nesreci-tesko-povrijedjena-87-godisnja-pjesakinja\/\",\"url\":\"https:\/\/tuzlainfo.ba\/index.php\/istaknuto\/item\/225064-lukavac-u-nesreci-tesko-povrijedjena-87-godisnja-pjesakinja\/\",\"name\":\"Lukavac: U nesre\u0107i te\u0161ko povrije\u0111ena 87-godi\u0161nja pje\u0161akinja - TuzlaInfo.ba\",\"isPartOf\":{\"@id\":\"https:\/\/tuzlainfo.ba\/#website\"},\"primaryImageOfPage\":{\"@id\":\"https:\/\/tuzlainfo.ba\/index.php\/istaknuto\/item\/225064-lukavac-u-nesreci-tesko-povrijedjena-87-godisnja-pjesakinja\/#primaryimage\"},\"image\":{\"@id\":\"https:\/\/tuzlainfo.ba\/index.php\/istaknuto\/item\/225064-lukavac-u-nesreci-tesko-povrijedjena-87-godisnja-pjesakinja\/#primaryimage\"},\"thumbnailUrl\":\"https:\/\/tuzlainfo.ba\/wp-content\/uploads\/2023\/09\/stop_policija_-4.jpg\",\"datePublished\":\"2023-12-13T14:05:09+00:00\",\"dateModified\":\"2023-12-13T14:05:09+00:00\",\"breadcrumb\":{\"@id\":\"https:\/\/tuzlainfo.ba\/index.php\/istaknuto\/item\/225064-lukavac-u-nesreci-tesko-povrijedjena-87-godisnja-pjesakinja\/#breadcrumb\"},\"inLanguage\":\"bs-BA\",\"potentialAction\":[{\"@type\":\"ReadAction\",\"target\":[\"https:\/\/tuzlainfo.ba\/index.php\/istaknuto\/item\/225064-lukavac-u-nesreci-tesko-povrijedjena-87-godisnja-pjesakinja\/\"]}]},{\"@type\":\"ImageObject\",\"inLanguage\":\"bs-BA\",\"@id\":\"https:\/\/tuzlainfo.ba\/index.php\/istaknuto\/item\/225064-lukavac-u-nesreci-tesko-povrijedjena-87-godisnja-pjesakinja\/#primaryimage\",\"url\":\"https:\/\/tuzlainfo.ba\/wp-content\/uploads\/2023\/09\/stop_policija_-4.jpg\",\"contentUrl\":\"https:\/\/tuzlainfo.ba\/wp-content\/uploads\/2023\/09\/stop_policija_-4.jpg\",\"width\":1000,\"height\":697,\"caption\":\"Foto: Ilustracija \/ Arhiv Tuzlainfo.ba\"},{\"@type\":\"BreadcrumbList\",\"@id\":\"https:\/\/tuzlainfo.ba\/index.php\/istaknuto\/item\/225064-lukavac-u-nesreci-tesko-povrijedjena-87-godisnja-pjesakinja\/#breadcrumb\",\"itemListElement\":[{\"@type\":\"ListItem\",\"position\":1,\"name\":\"Home\",\"item\":\"https:\/\/tuzlainfo.ba\/\"},{\"@type\":\"ListItem\",\"position\":2,\"name\":\"Lukavac: U nesre\u0107i te\u0161ko povrije\u0111ena 87-godi\u0161nja pje\u0161akinja\"}]},{\"@type\":\"WebSite\",\"@id\":\"https:\/\/tuzlainfo.ba\/#website\",\"url\":\"https:\/\/tuzlainfo.ba\/\",\"name\":\"TuzlaInfo.ba\",\"description\":\"Tuzla info, gradski informator - Tuzla na dlanu\",\"publisher\":{\"@id\":\"https:\/\/tuzlainfo.ba\/#organization\"},\"potentialAction\":[{\"@type\":\"SearchAction\",\"target\":{\"@type\":\"EntryPoint\",\"urlTemplate\":\"https:\/\/tuzlainfo.ba\/?s={search_term_string}\"},\"query-input\":{\"@type\":\"PropertyValueSpecification\",\"valueRequired\":true,\"valueName\":\"search_term_string\"}}],\"inLanguage\":\"bs-BA\"},{\"@type\":\"Organization\",\"@id\":\"https:\/\/tuzlainfo.ba\/#organization\",\"name\":\"TuzlaInfo.ba\",\"url\":\"https:\/\/tuzlainfo.ba\/\",\"logo\":{\"@type\":\"ImageObject\",\"inLanguage\":\"bs-BA\",\"@id\":\"https:\/\/tuzlainfo.ba\/#\/schema\/logo\/image\/\",\"url\":\"https:\/\/tuzlainfo.ba\/wp-content\/uploads\/2021\/03\/logo-ver-3-1.png\",\"contentUrl\":\"https:\/\/tuzlainfo.ba\/wp-content\/uploads\/2021\/03\/logo-ver-3-1.png\",\"width\":350,\"height\":95,\"caption\":\"TuzlaInfo.ba\"},\"image\":{\"@id\":\"https:\/\/tuzlainfo.ba\/#\/schema\/logo\/image\/\"},\"sameAs\":[\"https:\/\/www.facebook.com\/tuzlainfo.ba\/\"]},{\"@type\":\"Person\",\"@id\":\"https:\/\/tuzlainfo.ba\/#\/schema\/person\/46cad4c57790cbc50781edd14870825a\",\"name\":\"Tuzla Info\",\"image\":{\"@type\":\"ImageObject\",\"inLanguage\":\"bs-BA\",\"@id\":\"https:\/\/tuzlainfo.ba\/#\/schema\/person\/image\/\",\"url\":\"https:\/\/tuzlainfo.ba\/wp-content\/litespeed\/avatar\/b6c453a6c38e3654f2e4416c643fc25c.jpg?ver=1777656712\",\"contentUrl\":\"https:\/\/tuzlainfo.ba\/wp-content\/litespeed\/avatar\/b6c453a6c38e3654f2e4416c643fc25c.jpg?ver=1777656712\",\"caption\":\"Tuzla Info\"}}]}<\/script>\n<!-- \/ Yoast SEO plugin. -->","yoast_head_json":{"title":"Lukavac: U nesre\u0107i te\u0161ko povrije\u0111ena 87-godi\u0161nja pje\u0161akinja - TuzlaInfo.ba","robots":{"index":"index","follow":"follow","max-snippet":"max-snippet:-1","max-image-preview":"max-image-preview:large","max-video-preview":"max-video-preview:-1"},"canonical":"https:\/\/tuzlainfo.ba\/index.php\/istaknuto\/item\/225064-lukavac-u-nesreci-tesko-povrijedjena-87-godisnja-pjesakinja\/","og_locale":"bs_BA","og_type":"article","og_title":"Lukavac: U nesre\u0107i te\u0161ko povrije\u0111ena 87-godi\u0161nja pje\u0161akinja - TuzlaInfo.ba","og_description":"U saobra\u0107ajnoj nesre\u0107i koja se ju\u010der dogodila u Lukavcu, te\u0161ko je povrije\u0111ena pje\u0161akinja. Dana, 12.12.2023&hellip;","og_url":"https:\/\/tuzlainfo.ba\/index.php\/istaknuto\/item\/225064-lukavac-u-nesreci-tesko-povrijedjena-87-godisnja-pjesakinja\/","og_site_name":"TuzlaInfo.ba","article_publisher":"https:\/\/www.facebook.com\/tuzlainfo.ba\/","article_published_time":"2023-12-13T14:05:09+00:00","og_image":[{"width":1000,"height":697,"url":"https:\/\/tuzlainfo.ba\/wp-content\/uploads\/2023\/09\/stop_policija_-4.jpg","type":"image\/jpeg"}],"author":"Tuzla Info","twitter_card":"summary_large_image","twitter_misc":{"Written by":"Tuzla Info","Est. reading time":"1 minuta"},"schema":{"@context":"https:\/\/schema.org","@graph":[{"@type":"Article","@id":"https:\/\/tuzlainfo.ba\/index.php\/istaknuto\/item\/225064-lukavac-u-nesreci-tesko-povrijedjena-87-godisnja-pjesakinja\/#article","isPartOf":{"@id":"https:\/\/tuzlainfo.ba\/index.php\/istaknuto\/item\/225064-lukavac-u-nesreci-tesko-povrijedjena-87-godisnja-pjesakinja\/"},"author":{"name":"Tuzla Info","@id":"https:\/\/tuzlainfo.ba\/#\/schema\/person\/46cad4c57790cbc50781edd14870825a"},"headline":"Lukavac: U nesre\u0107i te\u0161ko povrije\u0111ena 87-godi\u0161nja pje\u0161akinja","datePublished":"2023-12-13T14:05:09+00:00","dateModified":"2023-12-13T14:05:09+00:00","mainEntityOfPage":{"@id":"https:\/\/tuzlainfo.ba\/index.php\/istaknuto\/item\/225064-lukavac-u-nesreci-tesko-povrijedjena-87-godisnja-pjesakinja\/"},"wordCount":121,"publisher":{"@id":"https:\/\/tuzlainfo.ba\/#organization"},"image":{"@id":"https:\/\/tuzlainfo.ba\/index.php\/istaknuto\/item\/225064-lukavac-u-nesreci-tesko-povrijedjena-87-godisnja-pjesakinja\/#primaryimage"},"thumbnailUrl":"https:\/\/tuzlainfo.ba\/wp-content\/uploads\/2023\/09\/stop_policija_-4.jpg","keywords":["lukavac","saoba\u0107ajna nesre\u0107a"],"articleSection":["Istaknuto","Novosti"],"inLanguage":"bs-BA"},{"@type":"WebPage","@id":"https:\/\/tuzlainfo.ba\/index.php\/istaknuto\/item\/225064-lukavac-u-nesreci-tesko-povrijedjena-87-godisnja-pjesakinja\/","url":"https:\/\/tuzlainfo.ba\/index.php\/istaknuto\/item\/225064-lukavac-u-nesreci-tesko-povrijedjena-87-godisnja-pjesakinja\/","name":"Lukavac: U nesre\u0107i te\u0161ko povrije\u0111ena 87-godi\u0161nja pje\u0161akinja - TuzlaInfo.ba","isPartOf":{"@id":"https:\/\/tuzlainfo.ba\/#website"},"primaryImageOfPage":{"@id":"https:\/\/tuzlainfo.ba\/index.php\/istaknuto\/item\/225064-lukavac-u-nesreci-tesko-povrijedjena-87-godisnja-pjesakinja\/#primaryimage"},"image":{"@id":"https:\/\/tuzlainfo.ba\/index.php\/istaknuto\/item\/225064-lukavac-u-nesreci-tesko-povrijedjena-87-godisnja-pjesakinja\/#primaryimage"},"thumbnailUrl":"https:\/\/tuzlainfo.ba\/wp-content\/uploads\/2023\/09\/stop_policija_-4.jpg","datePublished":"2023-12-13T14:05:09+00:00","dateModified":"2023-12-13T14:05:09+00:00","breadcrumb":{"@id":"https:\/\/tuzlainfo.ba\/index.php\/istaknuto\/item\/225064-lukavac-u-nesreci-tesko-povrijedjena-87-godisnja-pjesakinja\/#breadcrumb"},"inLanguage":"bs-BA","potentialAction":[{"@type":"ReadAction","target":["https:\/\/tuzlainfo.ba\/index.php\/istaknuto\/item\/225064-lukavac-u-nesreci-tesko-povrijedjena-87-godisnja-pjesakinja\/"]}]},{"@type":"ImageObject","inLanguage":"bs-BA","@id":"https:\/\/tuzlainfo.ba\/index.php\/istaknuto\/item\/225064-lukavac-u-nesreci-tesko-povrijedjena-87-godisnja-pjesakinja\/#primaryimage","url":"https:\/\/tuzlainfo.ba\/wp-content\/uploads\/2023\/09\/stop_policija_-4.jpg","contentUrl":"https:\/\/tuzlainfo.ba\/wp-content\/uploads\/2023\/09\/stop_policija_-4.jpg","width":1000,"height":697,"caption":"Foto: Ilustracija \/ Arhiv Tuzlainfo.ba"},{"@type":"BreadcrumbList","@id":"https:\/\/tuzlainfo.ba\/index.php\/istaknuto\/item\/225064-lukavac-u-nesreci-tesko-povrijedjena-87-godisnja-pjesakinja\/#breadcrumb","itemListElement":[{"@type":"ListItem","position":1,"name":"Home","item":"https:\/\/tuzlainfo.ba\/"},{"@type":"ListItem","position":2,"name":"Lukavac: U nesre\u0107i te\u0161ko povrije\u0111ena 87-godi\u0161nja pje\u0161akinja"}]},{"@type":"WebSite","@id":"https:\/\/tuzlainfo.ba\/#website","url":"https:\/\/tuzlainfo.ba\/","name":"TuzlaInfo.ba","description":"Tuzla info, gradski informator - Tuzla na dlanu","publisher":{"@id":"https:\/\/tuzlainfo.ba\/#organization"},"potentialAction":[{"@type":"SearchAction","target":{"@type":"EntryPoint","urlTemplate":"https:\/\/tuzlainfo.ba\/?s={search_term_string}"},"query-input":{"@type":"PropertyValueSpecification","valueRequired":true,"valueName":"search_term_string"}}],"inLanguage":"bs-BA"},{"@type":"Organization","@id":"https:\/\/tuzlainfo.ba\/#organization","name":"TuzlaInfo.ba","url":"https:\/\/tuzlainfo.ba\/","logo":{"@type":"ImageObject","inLanguage":"bs-BA","@id":"https:\/\/tuzlainfo.ba\/#\/schema\/logo\/image\/","url":"https:\/\/tuzlainfo.ba\/wp-content\/uploads\/2021\/03\/logo-ver-3-1.png","contentUrl":"https:\/\/tuzlainfo.ba\/wp-content\/uploads\/2021\/03\/logo-ver-3-1.png","width":350,"height":95,"caption":"TuzlaInfo.ba"},"image":{"@id":"https:\/\/tuzlainfo.ba\/#\/schema\/logo\/image\/"},"sameAs":["https:\/\/www.facebook.com\/tuzlainfo.ba\/"]},{"@type":"Person","@id":"https:\/\/tuzlainfo.ba\/#\/schema\/person\/46cad4c57790cbc50781edd14870825a","name":"Tuzla Info","image":{"@type":"ImageObject","inLanguage":"bs-BA","@id":"https:\/\/tuzlainfo.ba\/#\/schema\/person\/image\/","url":"https:\/\/tuzlainfo.ba\/wp-content\/litespeed\/avatar\/b6c453a6c38e3654f2e4416c643fc25c.jpg?ver=1777656712","contentUrl":"https:\/\/tuzlainfo.ba\/wp-content\/litespeed\/avatar\/b6c453a6c38e3654f2e4416c643fc25c.jpg?ver=1777656712","caption":"Tuzla Info"}}]}},"_links":{"self":[{"href":"https:\/\/tuzlainfo.ba\/index.php\/wp-json\/wp\/v2\/posts\/225064"}],"collection":[{"href":"https:\/\/tuzlainfo.ba\/index.php\/wp-json\/wp\/v2\/posts"}],"about":[{"href":"https:\/\/tuzlainfo.ba\/index.php\/wp-json\/wp\/v2\/types\/post"}],"author":[{"embeddable":true,"href":"https:\/\/tuzlainfo.ba\/index.php\/wp-json\/wp\/v2\/users\/4"}],"replies":[{"embeddable":true,"href":"https:\/\/tuzlainfo.ba\/index.php\/wp-json\/wp\/v2\/comments?post=225064"}],"version-history":[{"count":1,"href":"https:\/\/tuzlainfo.ba\/index.php\/wp-json\/wp\/v2\/posts\/225064\/revisions"}],"predecessor-version":[{"id":225065,"href":"https:\/\/tuzlainfo.ba\/index.php\/wp-json\/wp\/v2\/posts\/225064\/revisions\/225065"}],"wp:featuredmedia":[{"embeddable":true,"href":"https:\/\/tuzlainfo.ba\/index.php\/wp-json\/wp\/v2\/media\/218123"}],"wp:attachment":[{"href":"https:\/\/tuzlainfo.ba\/index.php\/wp-json\/wp\/v2\/media?parent=225064"}],"wp:term":[{"taxonomy":"category","embeddable":true,"href":"https:\/\/tuzlainfo.ba\/index.php\/wp-json\/wp\/v2\/categories?post=225064"},{"taxonomy":"post_tag","embeddable":true,"href":"https:\/\/tuzlainfo.ba\/index.php\/wp-json\/wp\/v2\/tags?post=225064"}],"curies":[{"name":"wp","href":"https:\/\/api.w.org\/{rel}","templated":true}]}}