{"id":224957,"date":"2023-12-12T12:30:09","date_gmt":"2023-12-12T11:30:09","guid":{"rendered":"https:\/\/tuzlainfo.ba\/?p=224957"},"modified":"2023-12-12T09:37:13","modified_gmt":"2023-12-12T08:37:13","slug":"tragican-epilog-potrage-u-bih-nestala-osoba-pronadjena-mrtva","status":"publish","type":"post","link":"https:\/\/tuzlainfo.ba\/index.php\/bosna-i-hercegovina\/item\/224957-tragican-epilog-potrage-u-bih-nestala-osoba-pronadjena-mrtva\/","title":{"rendered":"Tragi\u010dan epilog potrage u BiH: Nestala osoba prona\u0111ena mrtva"},"content":{"rendered":"<p>Tragi\u010dno je zavr\u0161ila potraga za nestalom osobom u Tomislavgradu, u koju su bili uklju\u010deni pripadnici gorskih slu\u017ebi spa\u0161avanja iz Tomislavgrada, Posu\u0161ja i Hercegova\u010dko-neretvanjskog kantona te mje\u0161tani.<\/p>\n<p>Iz Gorske slu\u017ebe spa\u0161avanja (GSS) Tomislavgrad ju\u010der u poslijepodnevnim satima izvijestili su da je nestala osoba Lj. G. prona\u0111ena bez znakova \u017eivota.<\/p>\n<p>Ina\u010de, GSS Tomislavgrad primio je poziv preko operativnog centra civilne za\u0161tite HNK-a o nestanku osobe inicijala Lj. G. u 8,26 sati.<\/p>\n<p>Na teren je iza\u0161lo 20 pripadnika GSS-a Tomislavgrad, GSS-a HNK i HGSS-a Posu\u0161je, kao i 40-ak mje\u0161tana.<\/p>\n<p>Potraga je zavr\u0161ila pronalaskom osobe bez znakova \u017eivota u 15,38 sati, navodi se u izvje\u0161taju.<\/p>\n","protected":false},"excerpt":{"rendered":"<p>Tragi\u010dno je zavr\u0161ila potraga za nestalom osobom u Tomislavgradu, u koju su bili uklju\u010deni pripadnici gorskih slu\u017ebi spa\u0161avanja iz Tomislavgrada, Posu\u0161ja i Hercegova\u010dko-neretvanjskog kantona te mje\u0161tani. Iz Gorske slu\u017ebe spa\u0161avanja (GSS) Tomislavgrad ju\u010der u poslijepodnevnim satima izvijestili su da je nestala osoba Lj. G. prona\u0111ena bez znakova \u017eivota. Ina\u010de, GSS Tomislavgrad primio je poziv preko [&hellip;]<\/p>\n","protected":false},"author":3,"featured_media":224958,"comment_status":"closed","ping_status":"closed","sticky":false,"template":"","format":"standard","meta":{"footnotes":""},"categories":[291],"tags":[6260],"class_list":["post-224957","post","type-post","status-publish","format-standard","has-post-thumbnail","hentry","category-bosna-i-hercegovina","tag-gorska-sluzba-spasavanja"],"yoast_head":"<!-- This site is optimized with the Yoast SEO plugin v28.3 - https:\/\/yoast.com\/product\/yoast-seo-wordpress\/ -->\n<title>Tragi\u010dan epilog potrage u BiH: Nestala osoba prona\u0111ena mrtva<\/title>\n<meta name=\"robots\" content=\"index, follow, max-snippet:-1, max-image-preview:large, max-video-preview:-1\" \/>\n<link rel=\"canonical\" href=\"https:\/\/tuzlainfo.ba\/index.php\/bosna-i-hercegovina\/item\/224957-tragican-epilog-potrage-u-bih-nestala-osoba-pronadjena-mrtva\/\" \/>\n<meta property=\"og:locale\" content=\"bs_BA\" \/>\n<meta property=\"og:type\" content=\"article\" \/>\n<meta property=\"og:title\" content=\"Tragi\u010dan epilog potrage u BiH: Nestala osoba prona\u0111ena mrtva\" \/>\n<meta property=\"og:description\" content=\"Tragi\u010dno je zavr\u0161ila potraga za nestalom osobom u Tomislavgradu, u koju su bili uklju\u010deni pripadnici gorskih slu\u017ebi spa\u0161avanja iz Tomislavgrada, Posu\u0161ja i Hercegova\u010dko-neretvanjskog kantona te mje\u0161tani. Iz Gorske slu\u017ebe spa\u0161avanja (GSS) Tomislavgrad ju\u010der u poslijepodnevnim satima izvijestili su da je nestala osoba Lj. G. prona\u0111ena bez znakova \u017eivota. Ina\u010de, GSS Tomislavgrad primio je poziv preko [&hellip;]\" \/>\n<meta property=\"og:url\" content=\"https:\/\/tuzlainfo.ba\/index.php\/bosna-i-hercegovina\/item\/224957-tragican-epilog-potrage-u-bih-nestala-osoba-pronadjena-mrtva\/\" \/>\n<meta property=\"og:site_name\" content=\"TuzlaInfo.ba\" \/>\n<meta property=\"article:publisher\" content=\"https:\/\/www.facebook.com\/tuzlainfo.ba\/\" \/>\n<meta property=\"article:published_time\" content=\"2023-12-12T11:30:09+00:00\" \/>\n<meta property=\"og:image\" content=\"https:\/\/tuzlainfo.ba\/wp-content\/uploads\/2023\/12\/1212_gss-tomislavgrad-potraga.jpg\" \/>\n\t<meta property=\"og:image:width\" content=\"800\" \/>\n\t<meta property=\"og:image:height\" content=\"496\" \/>\n\t<meta property=\"og:image:type\" content=\"image\/jpeg\" \/>\n<meta name=\"author\" content=\"admin2\" \/>\n<meta name=\"twitter:card\" content=\"summary_large_image\" \/>\n<meta name=\"twitter:label1\" content=\"Written by\" \/>\n\t<meta name=\"twitter:data1\" content=\"admin2\" \/>\n\t<meta name=\"twitter:label2\" content=\"Est. reading time\" \/>\n\t<meta name=\"twitter:data2\" content=\"1 minuta\" \/>\n<script type=\"application\/ld+json\" class=\"yoast-schema-graph\">{\"@context\":\"https:\\\/\\\/schema.org\",\"@graph\":[{\"@type\":\"Article\",\"@id\":\"https:\\\/\\\/tuzlainfo.ba\\\/index.php\\\/bosna-i-hercegovina\\\/item\\\/224957-tragican-epilog-potrage-u-bih-nestala-osoba-pronadjena-mrtva\\\/#article\",\"isPartOf\":{\"@id\":\"https:\\\/\\\/tuzlainfo.ba\\\/index.php\\\/bosna-i-hercegovina\\\/item\\\/224957-tragican-epilog-potrage-u-bih-nestala-osoba-pronadjena-mrtva\\\/\"},\"author\":{\"name\":\"admin2\",\"@id\":\"https:\\\/\\\/tuzlainfo.ba\\\/#\\\/schema\\\/person\\\/f4ebe4fff27e68efb65fa7e18f8af372\"},\"headline\":\"Tragi\u010dan epilog potrage u BiH: Nestala osoba prona\u0111ena mrtva\",\"datePublished\":\"2023-12-12T11:30:09+00:00\",\"mainEntityOfPage\":{\"@id\":\"https:\\\/\\\/tuzlainfo.ba\\\/index.php\\\/bosna-i-hercegovina\\\/item\\\/224957-tragican-epilog-potrage-u-bih-nestala-osoba-pronadjena-mrtva\\\/\"},\"wordCount\":128,\"publisher\":{\"@id\":\"https:\\\/\\\/tuzlainfo.ba\\\/#organization\"},\"image\":{\"@id\":\"https:\\\/\\\/tuzlainfo.ba\\\/index.php\\\/bosna-i-hercegovina\\\/item\\\/224957-tragican-epilog-potrage-u-bih-nestala-osoba-pronadjena-mrtva\\\/#primaryimage\"},\"thumbnailUrl\":\"https:\\\/\\\/tuzlainfo.ba\\\/wp-content\\\/uploads\\\/2023\\\/12\\\/1212_gss-tomislavgrad-potraga.jpg\",\"keywords\":[\"gorska slu\u017eba spa\u0161avanja\"],\"articleSection\":[\"Bosna i Hercegovina\"],\"inLanguage\":\"bs-BA\",\"copyrightYear\":\"2023\",\"copyrightHolder\":{\"@id\":\"https:\\\/\\\/tuzlainfo.ba\\\/#organization\"}},{\"@type\":\"WebPage\",\"@id\":\"https:\\\/\\\/tuzlainfo.ba\\\/index.php\\\/bosna-i-hercegovina\\\/item\\\/224957-tragican-epilog-potrage-u-bih-nestala-osoba-pronadjena-mrtva\\\/\",\"url\":\"https:\\\/\\\/tuzlainfo.ba\\\/index.php\\\/bosna-i-hercegovina\\\/item\\\/224957-tragican-epilog-potrage-u-bih-nestala-osoba-pronadjena-mrtva\\\/\",\"name\":\"Tragi\u010dan epilog potrage u BiH: Nestala osoba prona\u0111ena mrtva\",\"isPartOf\":{\"@id\":\"https:\\\/\\\/tuzlainfo.ba\\\/#website\"},\"primaryImageOfPage\":{\"@id\":\"https:\\\/\\\/tuzlainfo.ba\\\/index.php\\\/bosna-i-hercegovina\\\/item\\\/224957-tragican-epilog-potrage-u-bih-nestala-osoba-pronadjena-mrtva\\\/#primaryimage\"},\"image\":{\"@id\":\"https:\\\/\\\/tuzlainfo.ba\\\/index.php\\\/bosna-i-hercegovina\\\/item\\\/224957-tragican-epilog-potrage-u-bih-nestala-osoba-pronadjena-mrtva\\\/#primaryimage\"},\"thumbnailUrl\":\"https:\\\/\\\/tuzlainfo.ba\\\/wp-content\\\/uploads\\\/2023\\\/12\\\/1212_gss-tomislavgrad-potraga.jpg\",\"datePublished\":\"2023-12-12T11:30:09+00:00\",\"breadcrumb\":{\"@id\":\"https:\\\/\\\/tuzlainfo.ba\\\/index.php\\\/bosna-i-hercegovina\\\/item\\\/224957-tragican-epilog-potrage-u-bih-nestala-osoba-pronadjena-mrtva\\\/#breadcrumb\"},\"inLanguage\":\"bs-BA\",\"potentialAction\":[{\"@type\":\"ReadAction\",\"target\":[\"https:\\\/\\\/tuzlainfo.ba\\\/index.php\\\/bosna-i-hercegovina\\\/item\\\/224957-tragican-epilog-potrage-u-bih-nestala-osoba-pronadjena-mrtva\\\/\"]}]},{\"@type\":\"ImageObject\",\"inLanguage\":\"bs-BA\",\"@id\":\"https:\\\/\\\/tuzlainfo.ba\\\/index.php\\\/bosna-i-hercegovina\\\/item\\\/224957-tragican-epilog-potrage-u-bih-nestala-osoba-pronadjena-mrtva\\\/#primaryimage\",\"url\":\"https:\\\/\\\/tuzlainfo.ba\\\/wp-content\\\/uploads\\\/2023\\\/12\\\/1212_gss-tomislavgrad-potraga.jpg\",\"contentUrl\":\"https:\\\/\\\/tuzlainfo.ba\\\/wp-content\\\/uploads\\\/2023\\\/12\\\/1212_gss-tomislavgrad-potraga.jpg\",\"width\":800,\"height\":496,\"caption\":\"Foto: Ilustracija\"},{\"@type\":\"BreadcrumbList\",\"@id\":\"https:\\\/\\\/tuzlainfo.ba\\\/index.php\\\/bosna-i-hercegovina\\\/item\\\/224957-tragican-epilog-potrage-u-bih-nestala-osoba-pronadjena-mrtva\\\/#breadcrumb\",\"itemListElement\":[{\"@type\":\"ListItem\",\"position\":1,\"name\":\"Home\",\"item\":\"https:\\\/\\\/tuzlainfo.ba\\\/\"},{\"@type\":\"ListItem\",\"position\":2,\"name\":\"Tragi\u010dan epilog potrage u BiH: Nestala osoba prona\u0111ena mrtva\"}]},{\"@type\":\"WebSite\",\"@id\":\"https:\\\/\\\/tuzlainfo.ba\\\/#website\",\"url\":\"https:\\\/\\\/tuzlainfo.ba\\\/\",\"name\":\"TuzlaInfo.ba\",\"description\":\"Tuzla info, gradski informator - Tuzla na dlanu\",\"publisher\":{\"@id\":\"https:\\\/\\\/tuzlainfo.ba\\\/#organization\"},\"potentialAction\":[{\"@type\":\"SearchAction\",\"target\":{\"@type\":\"EntryPoint\",\"urlTemplate\":\"https:\\\/\\\/tuzlainfo.ba\\\/?s={search_term_string}\"},\"query-input\":{\"@type\":\"PropertyValueSpecification\",\"valueRequired\":true,\"valueName\":\"search_term_string\"}}],\"inLanguage\":\"bs-BA\"},{\"@type\":\"Organization\",\"@id\":\"https:\\\/\\\/tuzlainfo.ba\\\/#organization\",\"name\":\"TuzlaInfo.ba\",\"url\":\"https:\\\/\\\/tuzlainfo.ba\\\/\",\"logo\":{\"@type\":\"ImageObject\",\"inLanguage\":\"bs-BA\",\"@id\":\"https:\\\/\\\/tuzlainfo.ba\\\/#\\\/schema\\\/logo\\\/image\\\/\",\"url\":\"https:\\\/\\\/tuzlainfo.ba\\\/wp-content\\\/uploads\\\/2021\\\/03\\\/logo-ver-3-1.png\",\"contentUrl\":\"https:\\\/\\\/tuzlainfo.ba\\\/wp-content\\\/uploads\\\/2021\\\/03\\\/logo-ver-3-1.png\",\"width\":350,\"height\":95,\"caption\":\"TuzlaInfo.ba\"},\"image\":{\"@id\":\"https:\\\/\\\/tuzlainfo.ba\\\/#\\\/schema\\\/logo\\\/image\\\/\"},\"sameAs\":[\"https:\\\/\\\/www.facebook.com\\\/tuzlainfo.ba\\\/\"]},{\"@type\":\"Person\",\"@id\":\"https:\\\/\\\/tuzlainfo.ba\\\/#\\\/schema\\\/person\\\/f4ebe4fff27e68efb65fa7e18f8af372\",\"name\":\"admin2\",\"image\":{\"@type\":\"ImageObject\",\"inLanguage\":\"bs-BA\",\"@id\":\"https:\\\/\\\/secure.gravatar.com\\\/avatar\\\/6474d9b45292367fa11d981175d83642ccdae059a6b7eabe5fed313d54ead5cb?s=96&d=mm&r=g\",\"url\":\"https:\\\/\\\/secure.gravatar.com\\\/avatar\\\/6474d9b45292367fa11d981175d83642ccdae059a6b7eabe5fed313d54ead5cb?s=96&d=mm&r=g\",\"contentUrl\":\"https:\\\/\\\/secure.gravatar.com\\\/avatar\\\/6474d9b45292367fa11d981175d83642ccdae059a6b7eabe5fed313d54ead5cb?s=96&d=mm&r=g\",\"caption\":\"admin2\"},\"description\":\"Tuzlainfo.ba pratite na dru\u0161tvenim mre\u017eama: Facebook, Instagram i Youtube. Svoje pri\u010de, upite i fotografije \u0161aljite na na\u0161u e-mail adresu.\",\"sameAs\":[\"admin\"]}]}<\/script>\n<!-- \/ Yoast SEO plugin. -->","yoast_head_json":{"title":"Tragi\u010dan epilog potrage u BiH: Nestala osoba prona\u0111ena mrtva","robots":{"index":"index","follow":"follow","max-snippet":"max-snippet:-1","max-image-preview":"max-image-preview:large","max-video-preview":"max-video-preview:-1"},"canonical":"https:\/\/tuzlainfo.ba\/index.php\/bosna-i-hercegovina\/item\/224957-tragican-epilog-potrage-u-bih-nestala-osoba-pronadjena-mrtva\/","og_locale":"bs_BA","og_type":"article","og_title":"Tragi\u010dan epilog potrage u BiH: Nestala osoba prona\u0111ena mrtva","og_description":"Tragi\u010dno je zavr\u0161ila potraga za nestalom osobom u Tomislavgradu, u koju su bili uklju\u010deni pripadnici gorskih slu\u017ebi spa\u0161avanja iz Tomislavgrada, Posu\u0161ja i Hercegova\u010dko-neretvanjskog kantona te mje\u0161tani. Iz Gorske slu\u017ebe spa\u0161avanja (GSS) Tomislavgrad ju\u010der u poslijepodnevnim satima izvijestili su da je nestala osoba Lj. G. prona\u0111ena bez znakova \u017eivota. Ina\u010de, GSS Tomislavgrad primio je poziv preko [&hellip;]","og_url":"https:\/\/tuzlainfo.ba\/index.php\/bosna-i-hercegovina\/item\/224957-tragican-epilog-potrage-u-bih-nestala-osoba-pronadjena-mrtva\/","og_site_name":"TuzlaInfo.ba","article_publisher":"https:\/\/www.facebook.com\/tuzlainfo.ba\/","article_published_time":"2023-12-12T11:30:09+00:00","og_image":[{"width":800,"height":496,"url":"https:\/\/tuzlainfo.ba\/wp-content\/uploads\/2023\/12\/1212_gss-tomislavgrad-potraga.jpg","type":"image\/jpeg"}],"author":"admin2","twitter_card":"summary_large_image","twitter_misc":{"Written by":"admin2","Est. reading time":"1 minuta"},"schema":{"@context":"https:\/\/schema.org","@graph":[{"@type":"Article","@id":"https:\/\/tuzlainfo.ba\/index.php\/bosna-i-hercegovina\/item\/224957-tragican-epilog-potrage-u-bih-nestala-osoba-pronadjena-mrtva\/#article","isPartOf":{"@id":"https:\/\/tuzlainfo.ba\/index.php\/bosna-i-hercegovina\/item\/224957-tragican-epilog-potrage-u-bih-nestala-osoba-pronadjena-mrtva\/"},"author":{"name":"admin2","@id":"https:\/\/tuzlainfo.ba\/#\/schema\/person\/f4ebe4fff27e68efb65fa7e18f8af372"},"headline":"Tragi\u010dan epilog potrage u BiH: Nestala osoba prona\u0111ena mrtva","datePublished":"2023-12-12T11:30:09+00:00","mainEntityOfPage":{"@id":"https:\/\/tuzlainfo.ba\/index.php\/bosna-i-hercegovina\/item\/224957-tragican-epilog-potrage-u-bih-nestala-osoba-pronadjena-mrtva\/"},"wordCount":128,"publisher":{"@id":"https:\/\/tuzlainfo.ba\/#organization"},"image":{"@id":"https:\/\/tuzlainfo.ba\/index.php\/bosna-i-hercegovina\/item\/224957-tragican-epilog-potrage-u-bih-nestala-osoba-pronadjena-mrtva\/#primaryimage"},"thumbnailUrl":"https:\/\/tuzlainfo.ba\/wp-content\/uploads\/2023\/12\/1212_gss-tomislavgrad-potraga.jpg","keywords":["gorska slu\u017eba spa\u0161avanja"],"articleSection":["Bosna i Hercegovina"],"inLanguage":"bs-BA","copyrightYear":"2023","copyrightHolder":{"@id":"https:\/\/tuzlainfo.ba\/#organization"}},{"@type":"WebPage","@id":"https:\/\/tuzlainfo.ba\/index.php\/bosna-i-hercegovina\/item\/224957-tragican-epilog-potrage-u-bih-nestala-osoba-pronadjena-mrtva\/","url":"https:\/\/tuzlainfo.ba\/index.php\/bosna-i-hercegovina\/item\/224957-tragican-epilog-potrage-u-bih-nestala-osoba-pronadjena-mrtva\/","name":"Tragi\u010dan epilog potrage u BiH: Nestala osoba prona\u0111ena mrtva","isPartOf":{"@id":"https:\/\/tuzlainfo.ba\/#website"},"primaryImageOfPage":{"@id":"https:\/\/tuzlainfo.ba\/index.php\/bosna-i-hercegovina\/item\/224957-tragican-epilog-potrage-u-bih-nestala-osoba-pronadjena-mrtva\/#primaryimage"},"image":{"@id":"https:\/\/tuzlainfo.ba\/index.php\/bosna-i-hercegovina\/item\/224957-tragican-epilog-potrage-u-bih-nestala-osoba-pronadjena-mrtva\/#primaryimage"},"thumbnailUrl":"https:\/\/tuzlainfo.ba\/wp-content\/uploads\/2023\/12\/1212_gss-tomislavgrad-potraga.jpg","datePublished":"2023-12-12T11:30:09+00:00","breadcrumb":{"@id":"https:\/\/tuzlainfo.ba\/index.php\/bosna-i-hercegovina\/item\/224957-tragican-epilog-potrage-u-bih-nestala-osoba-pronadjena-mrtva\/#breadcrumb"},"inLanguage":"bs-BA","potentialAction":[{"@type":"ReadAction","target":["https:\/\/tuzlainfo.ba\/index.php\/bosna-i-hercegovina\/item\/224957-tragican-epilog-potrage-u-bih-nestala-osoba-pronadjena-mrtva\/"]}]},{"@type":"ImageObject","inLanguage":"bs-BA","@id":"https:\/\/tuzlainfo.ba\/index.php\/bosna-i-hercegovina\/item\/224957-tragican-epilog-potrage-u-bih-nestala-osoba-pronadjena-mrtva\/#primaryimage","url":"https:\/\/tuzlainfo.ba\/wp-content\/uploads\/2023\/12\/1212_gss-tomislavgrad-potraga.jpg","contentUrl":"https:\/\/tuzlainfo.ba\/wp-content\/uploads\/2023\/12\/1212_gss-tomislavgrad-potraga.jpg","width":800,"height":496,"caption":"Foto: Ilustracija"},{"@type":"BreadcrumbList","@id":"https:\/\/tuzlainfo.ba\/index.php\/bosna-i-hercegovina\/item\/224957-tragican-epilog-potrage-u-bih-nestala-osoba-pronadjena-mrtva\/#breadcrumb","itemListElement":[{"@type":"ListItem","position":1,"name":"Home","item":"https:\/\/tuzlainfo.ba\/"},{"@type":"ListItem","position":2,"name":"Tragi\u010dan epilog potrage u BiH: Nestala osoba prona\u0111ena mrtva"}]},{"@type":"WebSite","@id":"https:\/\/tuzlainfo.ba\/#website","url":"https:\/\/tuzlainfo.ba\/","name":"TuzlaInfo.ba","description":"Tuzla info, gradski informator - Tuzla na dlanu","publisher":{"@id":"https:\/\/tuzlainfo.ba\/#organization"},"potentialAction":[{"@type":"SearchAction","target":{"@type":"EntryPoint","urlTemplate":"https:\/\/tuzlainfo.ba\/?s={search_term_string}"},"query-input":{"@type":"PropertyValueSpecification","valueRequired":true,"valueName":"search_term_string"}}],"inLanguage":"bs-BA"},{"@type":"Organization","@id":"https:\/\/tuzlainfo.ba\/#organization","name":"TuzlaInfo.ba","url":"https:\/\/tuzlainfo.ba\/","logo":{"@type":"ImageObject","inLanguage":"bs-BA","@id":"https:\/\/tuzlainfo.ba\/#\/schema\/logo\/image\/","url":"https:\/\/tuzlainfo.ba\/wp-content\/uploads\/2021\/03\/logo-ver-3-1.png","contentUrl":"https:\/\/tuzlainfo.ba\/wp-content\/uploads\/2021\/03\/logo-ver-3-1.png","width":350,"height":95,"caption":"TuzlaInfo.ba"},"image":{"@id":"https:\/\/tuzlainfo.ba\/#\/schema\/logo\/image\/"},"sameAs":["https:\/\/www.facebook.com\/tuzlainfo.ba\/"]},{"@type":"Person","@id":"https:\/\/tuzlainfo.ba\/#\/schema\/person\/f4ebe4fff27e68efb65fa7e18f8af372","name":"admin2","image":{"@type":"ImageObject","inLanguage":"bs-BA","@id":"https:\/\/secure.gravatar.com\/avatar\/6474d9b45292367fa11d981175d83642ccdae059a6b7eabe5fed313d54ead5cb?s=96&d=mm&r=g","url":"https:\/\/secure.gravatar.com\/avatar\/6474d9b45292367fa11d981175d83642ccdae059a6b7eabe5fed313d54ead5cb?s=96&d=mm&r=g","contentUrl":"https:\/\/secure.gravatar.com\/avatar\/6474d9b45292367fa11d981175d83642ccdae059a6b7eabe5fed313d54ead5cb?s=96&d=mm&r=g","caption":"admin2"},"description":"Tuzlainfo.ba pratite na dru\u0161tvenim mre\u017eama: Facebook, Instagram i Youtube. Svoje pri\u010de, upite i fotografije \u0161aljite na na\u0161u e-mail adresu.","sameAs":["admin"]}]}},"_links":{"self":[{"href":"https:\/\/tuzlainfo.ba\/index.php\/wp-json\/wp\/v2\/posts\/224957","targetHints":{"allow":["GET"]}}],"collection":[{"href":"https:\/\/tuzlainfo.ba\/index.php\/wp-json\/wp\/v2\/posts"}],"about":[{"href":"https:\/\/tuzlainfo.ba\/index.php\/wp-json\/wp\/v2\/types\/post"}],"author":[{"embeddable":true,"href":"https:\/\/tuzlainfo.ba\/index.php\/wp-json\/wp\/v2\/users\/3"}],"replies":[{"embeddable":true,"href":"https:\/\/tuzlainfo.ba\/index.php\/wp-json\/wp\/v2\/comments?post=224957"}],"version-history":[{"count":1,"href":"https:\/\/tuzlainfo.ba\/index.php\/wp-json\/wp\/v2\/posts\/224957\/revisions"}],"predecessor-version":[{"id":224959,"href":"https:\/\/tuzlainfo.ba\/index.php\/wp-json\/wp\/v2\/posts\/224957\/revisions\/224959"}],"wp:featuredmedia":[{"embeddable":true,"href":"https:\/\/tuzlainfo.ba\/index.php\/wp-json\/wp\/v2\/media\/224958"}],"wp:attachment":[{"href":"https:\/\/tuzlainfo.ba\/index.php\/wp-json\/wp\/v2\/media?parent=224957"}],"wp:term":[{"taxonomy":"category","embeddable":true,"href":"https:\/\/tuzlainfo.ba\/index.php\/wp-json\/wp\/v2\/categories?post=224957"},{"taxonomy":"post_tag","embeddable":true,"href":"https:\/\/tuzlainfo.ba\/index.php\/wp-json\/wp\/v2\/tags?post=224957"}],"curies":[{"name":"wp","href":"https:\/\/api.w.org\/{rel}","templated":true}]}}