{"id":224919,"date":"2023-12-12T09:01:05","date_gmt":"2023-12-12T08:01:05","guid":{"rendered":"https:\/\/tuzlainfo.ba\/?p=224919"},"modified":"2023-12-12T18:28:58","modified_gmt":"2023-12-12T17:28:58","slug":"tuzla-preoptereceni-kapaciteti-za-daljinsko-grijanje-prikljucak-ne-znaci-i-tople-radijatore","status":"publish","type":"post","link":"https:\/\/tuzlainfo.ba\/index.php\/novosti\/item\/224919-tuzla-preoptereceni-kapaciteti-za-daljinsko-grijanje-prikljucak-ne-znaci-i-tople-radijatore\/","title":{"rendered":"Tuzla: Preoptere\u0107eni kapaciteti za daljinsko grijanje, priklju\u010dak ne zna\u010di i tople radijatore"},"content":{"rendered":"<p>Stanovnici naselja koja su u neposrednoj blizini Termoelektrane Tuzla tra\u017ee da njihove stambene jedinice budu priklju\u010dene na sistem daljinskog grijanja. S druge strane, \u010desti su prekidi isporuke toplotne energije onima koji su na Termoelektranu ve\u0107 priklju\u010deni. Razlog su, ka\u017eu nadle\u017eni, \u010desti kvarovi u Termoelektrani, pi\u0161e Federalna.ba.<\/p>\n<p>Dodatni problem predstavlja izgradnja novih objekata, \u0161to dodatno optere\u0107uje sistem grijanja. Da li \u0107e ovom problemu pomo\u0107i ulaganje od oko 80 miliona maraka?<\/p>\n<p>Biti udaljen od Termoelektrane Tuzla nepunih dva kilometra, pri tome izlo\u017een dugogodi\u0161njem zaga\u0111enju zraka, a ne biti priklju\u010den na sistem daljinskog grijanja &#8211; kod mje\u0161tana naselja Plane stvara ogor\u010denost. Godinama se, ka\u017eu, nadaju da \u0107e se sredstva, koja Grad dobije po osnovu rada Termoelektrane, kona\u010dno po\u010deti ulagati i u ovo prigradsko mjesto.<\/p>\n<p>\u201eGrad Tuzla nema sluha prema ovom naselju i prema naseljima koji gravitiraju oko Termoelektrane. Tra\u017eimo samo da nas malo pogledaju. Nije nama \u017eao i krivo \u0161te se Tuzla i Grad gradi. Mi tra\u017eimo samo od gradske vlasti da pravilno rasporedi novac koji dobijemo od aerozaga\u0111enja\u201c, govori Rusmir Brki\u0107, mje\u0161tanin naselja Plane.<\/p>\n<p>No, biti priklju\u010den na sistem daljinskog grijanja u Tuzli ne zna\u010di i da \u0107e radijatori zasigurno biti topli. Novembar su obilje\u017eili prekidi u isporuci toplotne energije.<\/p>\n<p>\u201eSvi ispadi u novembru izazvani su kod proizvo\u0111a\u010da toplinske energije u Termoelektrani Tuzla. Mi smo distributeri, po\u010dev od ograde TE Tuzla pa do zadnjih nakritini\u010dnijih ta\u010daka daljinskog sistema grijanja\u201c, ka\u017ee Adnan Karahmetovi\u0107, pomo\u0107nik direktora za tehni\u010dke poslove u Centralnom grijanju Tuzla.<\/p>\n<p>\u201eTi problemi \u0107e biti smanjeni zato \u0161to je i Blok 6 toplifikacioni. Trenutni kapaciteti Termoelektrane Tuzla omogu\u0107avaju i grijanje \u017divinica i pro\u0161irenje toplotnog konzuma u gradu Tuzla\u201c, poru\u010duje Fahrudin Tanovi\u0107, v.d. izvr\u0161nog direktora za proizvodnju u Elektroprivredi BiH.<\/p>\n<p>Zbog sve masovnije gradnje u Tuzli trenutni kapaciteti za daljinsko grijanje su preoptere\u0107eni. Neophodno je pro\u0161iriti magistralni vrelovod, a vrijednost tog projekta je 80 miliona maraka. No, za prvu fazu bit \u0107e izdvojeno 20 miliona, gdje \u0107e ve\u0107insko u\u010de\u0161\u0107e uzeti Vlada Federacije.<\/p>\n<p>\u201eDobro znamo da je prije 40 godina po\u010delo grijanje u Tuzli, da se sve cijevi koje su tada postavljenje jo\u0161 uvijek se koriste. Bojimo se za njihov kvalitet za naredni period\u201c, istakao je Vedran Laki\u0107, ministar energije, rudarstva i industrije FBiH (SDP).<\/p>\n<p>\u201eO\u010dekujemo da mo\u017eemo do naredne grijne sezone &#8211; ako obezbijedimo kompletna finansijska sredstva &#8211; zavr\u0161iti rekonstrukciju glavnog magistalnog vrelovoda prve faze\u201c, rekao je Miralem Mula\u0107, \u0161ef Slu\u017ebe za komunalne poslove i izgradnju Grada Tuzla.<\/p>\n<p>Termoblokovi u Termoelektrani Tuzla ve\u0107 su odradili svoje radne sate i njihova tehnolo\u0161ka sposobnost je na izmaku. Zaustavljanje gradnje Bloka 7 stvorilo je odre\u0111ene probleme, ali se u Termoelektrani trude da revitalizacijom postoje\u0107im termoblokovima produ\u017ei vijek trajanja, pa \u0107e se tako pu\u0161tanjem u rad Bloka 6 koji \u0107e imati ulogu osnovnog toplifikacijskog bloka za grijanje Tuzle i Lukavca, stvoriti dodatni kapaciteti za \u0161irenje sistema daljinskog grijanja, pi\u0161e federalna.ba.<\/p>\n","protected":false},"excerpt":{"rendered":"<p>Stanovnici naselja koja su u neposrednoj blizini Termoelektrane Tuzla tra\u017ee da njihove stambene jedinice budu&hellip;<\/p>\n","protected":false},"author":2,"featured_media":161114,"comment_status":"closed","ping_status":"closed","sticky":false,"template":"","format":"standard","meta":{"_acf_changed":false,"footnotes":""},"categories":[304,12,306],"tags":[2957,2902,3403],"acf":[],"yoast_head":"<!-- This site is optimized with the Yoast SEO plugin v23.5 - https:\/\/yoast.com\/wordpress\/plugins\/seo\/ -->\n<title>Tuzla: Preoptere\u0107eni kapaciteti za daljinsko grijanje, priklju\u010dak ne zna\u010di i tople radijatore - TuzlaInfo.ba<\/title>\n<meta name=\"robots\" content=\"index, follow, max-snippet:-1, max-image-preview:large, max-video-preview:-1\" \/>\n<link rel=\"canonical\" href=\"https:\/\/tuzlainfo.ba\/index.php\/novosti\/item\/224919-tuzla-preoptereceni-kapaciteti-za-daljinsko-grijanje-prikljucak-ne-znaci-i-tople-radijatore\/\" \/>\n<meta property=\"og:locale\" content=\"bs_BA\" \/>\n<meta property=\"og:type\" content=\"article\" \/>\n<meta property=\"og:title\" content=\"Tuzla: Preoptere\u0107eni kapaciteti za daljinsko grijanje, priklju\u010dak ne zna\u010di i tople radijatore - TuzlaInfo.ba\" \/>\n<meta property=\"og:description\" content=\"Stanovnici naselja koja su u neposrednoj blizini Termoelektrane Tuzla tra\u017ee da njihove stambene jedinice budu&hellip;\" \/>\n<meta property=\"og:url\" content=\"https:\/\/tuzlainfo.ba\/index.php\/novosti\/item\/224919-tuzla-preoptereceni-kapaciteti-za-daljinsko-grijanje-prikljucak-ne-znaci-i-tople-radijatore\/\" \/>\n<meta property=\"og:site_name\" content=\"TuzlaInfo.ba\" \/>\n<meta property=\"article:publisher\" content=\"https:\/\/www.facebook.com\/tuzlainfo.ba\/\" \/>\n<meta property=\"article:published_time\" content=\"2023-12-12T08:01:05+00:00\" \/>\n<meta property=\"article:modified_time\" content=\"2023-12-12T17:28:58+00:00\" \/>\n<meta property=\"og:image\" content=\"https:\/\/tuzlainfo.ba\/wp-content\/uploads\/2022\/01\/1401_grijanje_radovi.jpg\" \/>\n\t<meta property=\"og:image:width\" content=\"1200\" \/>\n\t<meta property=\"og:image:height\" content=\"797\" \/>\n\t<meta property=\"og:image:type\" content=\"image\/jpeg\" \/>\n<meta name=\"author\" content=\"nedim\" \/>\n<meta name=\"twitter:card\" content=\"summary_large_image\" \/>\n<meta name=\"twitter:label1\" content=\"Written by\" \/>\n\t<meta name=\"twitter:data1\" content=\"nedim\" \/>\n\t<meta name=\"twitter:label2\" content=\"Est. reading time\" \/>\n\t<meta name=\"twitter:data2\" content=\"3 minute\" \/>\n<script type=\"application\/ld+json\" class=\"yoast-schema-graph\">{\"@context\":\"https:\/\/schema.org\",\"@graph\":[{\"@type\":\"Article\",\"@id\":\"https:\/\/tuzlainfo.ba\/index.php\/novosti\/item\/224919-tuzla-preoptereceni-kapaciteti-za-daljinsko-grijanje-prikljucak-ne-znaci-i-tople-radijatore\/#article\",\"isPartOf\":{\"@id\":\"https:\/\/tuzlainfo.ba\/index.php\/novosti\/item\/224919-tuzla-preoptereceni-kapaciteti-za-daljinsko-grijanje-prikljucak-ne-znaci-i-tople-radijatore\/\"},\"author\":{\"name\":\"nedim\",\"@id\":\"https:\/\/tuzlainfo.ba\/#\/schema\/person\/f434e20dc27ea133923aab08451b7f7f\"},\"headline\":\"Tuzla: Preoptere\u0107eni kapaciteti za daljinsko grijanje, priklju\u010dak ne zna\u010di i tople radijatore\",\"datePublished\":\"2023-12-12T08:01:05+00:00\",\"dateModified\":\"2023-12-12T17:28:58+00:00\",\"mainEntityOfPage\":{\"@id\":\"https:\/\/tuzlainfo.ba\/index.php\/novosti\/item\/224919-tuzla-preoptereceni-kapaciteti-za-daljinsko-grijanje-prikljucak-ne-znaci-i-tople-radijatore\/\"},\"wordCount\":526,\"publisher\":{\"@id\":\"https:\/\/tuzlainfo.ba\/#organization\"},\"image\":{\"@id\":\"https:\/\/tuzlainfo.ba\/index.php\/novosti\/item\/224919-tuzla-preoptereceni-kapaciteti-za-daljinsko-grijanje-prikljucak-ne-znaci-i-tople-radijatore\/#primaryimage\"},\"thumbnailUrl\":\"https:\/\/tuzlainfo.ba\/wp-content\/uploads\/2022\/01\/1401_grijanje_radovi.jpg\",\"keywords\":[\"Centralno grijanje Tuzla\",\"grijanje tuzla\",\"termoelektrana tuzla\"],\"articleSection\":[\"Istaknuto\",\"Novosti\",\"Preporu\u010dujemo\"],\"inLanguage\":\"bs-BA\"},{\"@type\":\"WebPage\",\"@id\":\"https:\/\/tuzlainfo.ba\/index.php\/novosti\/item\/224919-tuzla-preoptereceni-kapaciteti-za-daljinsko-grijanje-prikljucak-ne-znaci-i-tople-radijatore\/\",\"url\":\"https:\/\/tuzlainfo.ba\/index.php\/novosti\/item\/224919-tuzla-preoptereceni-kapaciteti-za-daljinsko-grijanje-prikljucak-ne-znaci-i-tople-radijatore\/\",\"name\":\"Tuzla: Preoptere\u0107eni kapaciteti za daljinsko grijanje, priklju\u010dak ne zna\u010di i tople radijatore - TuzlaInfo.ba\",\"isPartOf\":{\"@id\":\"https:\/\/tuzlainfo.ba\/#website\"},\"primaryImageOfPage\":{\"@id\":\"https:\/\/tuzlainfo.ba\/index.php\/novosti\/item\/224919-tuzla-preoptereceni-kapaciteti-za-daljinsko-grijanje-prikljucak-ne-znaci-i-tople-radijatore\/#primaryimage\"},\"image\":{\"@id\":\"https:\/\/tuzlainfo.ba\/index.php\/novosti\/item\/224919-tuzla-preoptereceni-kapaciteti-za-daljinsko-grijanje-prikljucak-ne-znaci-i-tople-radijatore\/#primaryimage\"},\"thumbnailUrl\":\"https:\/\/tuzlainfo.ba\/wp-content\/uploads\/2022\/01\/1401_grijanje_radovi.jpg\",\"datePublished\":\"2023-12-12T08:01:05+00:00\",\"dateModified\":\"2023-12-12T17:28:58+00:00\",\"breadcrumb\":{\"@id\":\"https:\/\/tuzlainfo.ba\/index.php\/novosti\/item\/224919-tuzla-preoptereceni-kapaciteti-za-daljinsko-grijanje-prikljucak-ne-znaci-i-tople-radijatore\/#breadcrumb\"},\"inLanguage\":\"bs-BA\",\"potentialAction\":[{\"@type\":\"ReadAction\",\"target\":[\"https:\/\/tuzlainfo.ba\/index.php\/novosti\/item\/224919-tuzla-preoptereceni-kapaciteti-za-daljinsko-grijanje-prikljucak-ne-znaci-i-tople-radijatore\/\"]}]},{\"@type\":\"ImageObject\",\"inLanguage\":\"bs-BA\",\"@id\":\"https:\/\/tuzlainfo.ba\/index.php\/novosti\/item\/224919-tuzla-preoptereceni-kapaciteti-za-daljinsko-grijanje-prikljucak-ne-znaci-i-tople-radijatore\/#primaryimage\",\"url\":\"https:\/\/tuzlainfo.ba\/wp-content\/uploads\/2022\/01\/1401_grijanje_radovi.jpg\",\"contentUrl\":\"https:\/\/tuzlainfo.ba\/wp-content\/uploads\/2022\/01\/1401_grijanje_radovi.jpg\",\"width\":1200,\"height\":797,\"caption\":\"Foto: Arhiv\"},{\"@type\":\"BreadcrumbList\",\"@id\":\"https:\/\/tuzlainfo.ba\/index.php\/novosti\/item\/224919-tuzla-preoptereceni-kapaciteti-za-daljinsko-grijanje-prikljucak-ne-znaci-i-tople-radijatore\/#breadcrumb\",\"itemListElement\":[{\"@type\":\"ListItem\",\"position\":1,\"name\":\"Home\",\"item\":\"https:\/\/tuzlainfo.ba\/\"},{\"@type\":\"ListItem\",\"position\":2,\"name\":\"Tuzla: Preoptere\u0107eni kapaciteti za daljinsko grijanje, priklju\u010dak ne zna\u010di i tople radijatore\"}]},{\"@type\":\"WebSite\",\"@id\":\"https:\/\/tuzlainfo.ba\/#website\",\"url\":\"https:\/\/tuzlainfo.ba\/\",\"name\":\"TuzlaInfo.ba\",\"description\":\"Tuzla info, gradski informator - Tuzla na dlanu\",\"publisher\":{\"@id\":\"https:\/\/tuzlainfo.ba\/#organization\"},\"potentialAction\":[{\"@type\":\"SearchAction\",\"target\":{\"@type\":\"EntryPoint\",\"urlTemplate\":\"https:\/\/tuzlainfo.ba\/?s={search_term_string}\"},\"query-input\":{\"@type\":\"PropertyValueSpecification\",\"valueRequired\":true,\"valueName\":\"search_term_string\"}}],\"inLanguage\":\"bs-BA\"},{\"@type\":\"Organization\",\"@id\":\"https:\/\/tuzlainfo.ba\/#organization\",\"name\":\"TuzlaInfo.ba\",\"url\":\"https:\/\/tuzlainfo.ba\/\",\"logo\":{\"@type\":\"ImageObject\",\"inLanguage\":\"bs-BA\",\"@id\":\"https:\/\/tuzlainfo.ba\/#\/schema\/logo\/image\/\",\"url\":\"https:\/\/tuzlainfo.ba\/wp-content\/uploads\/2021\/03\/logo-ver-3-1.png\",\"contentUrl\":\"https:\/\/tuzlainfo.ba\/wp-content\/uploads\/2021\/03\/logo-ver-3-1.png\",\"width\":350,\"height\":95,\"caption\":\"TuzlaInfo.ba\"},\"image\":{\"@id\":\"https:\/\/tuzlainfo.ba\/#\/schema\/logo\/image\/\"},\"sameAs\":[\"https:\/\/www.facebook.com\/tuzlainfo.ba\/\"]},{\"@type\":\"Person\",\"@id\":\"https:\/\/tuzlainfo.ba\/#\/schema\/person\/f434e20dc27ea133923aab08451b7f7f\",\"name\":\"nedim\",\"image\":{\"@type\":\"ImageObject\",\"inLanguage\":\"bs-BA\",\"@id\":\"https:\/\/tuzlainfo.ba\/#\/schema\/person\/image\/\",\"url\":\"https:\/\/tuzlainfo.ba\/wp-content\/litespeed\/avatar\/aabad687af24844af817603ac1cbdc4f.jpg?ver=1777306975\",\"contentUrl\":\"https:\/\/tuzlainfo.ba\/wp-content\/litespeed\/avatar\/aabad687af24844af817603ac1cbdc4f.jpg?ver=1777306975\",\"caption\":\"nedim\"},\"description\":\"Tuzlainfo.ba pratite na dru\u0161tvenim mre\u017eama: Facebook, Instagram i Youtube. Svoje pri\u010de, upite i fotografije \u0161aljite na na\u0161u e-mail adresu.\"}]}<\/script>\n<!-- \/ Yoast SEO plugin. -->","yoast_head_json":{"title":"Tuzla: Preoptere\u0107eni kapaciteti za daljinsko grijanje, priklju\u010dak ne zna\u010di i tople radijatore - TuzlaInfo.ba","robots":{"index":"index","follow":"follow","max-snippet":"max-snippet:-1","max-image-preview":"max-image-preview:large","max-video-preview":"max-video-preview:-1"},"canonical":"https:\/\/tuzlainfo.ba\/index.php\/novosti\/item\/224919-tuzla-preoptereceni-kapaciteti-za-daljinsko-grijanje-prikljucak-ne-znaci-i-tople-radijatore\/","og_locale":"bs_BA","og_type":"article","og_title":"Tuzla: Preoptere\u0107eni kapaciteti za daljinsko grijanje, priklju\u010dak ne zna\u010di i tople radijatore - TuzlaInfo.ba","og_description":"Stanovnici naselja koja su u neposrednoj blizini Termoelektrane Tuzla tra\u017ee da njihove stambene jedinice budu&hellip;","og_url":"https:\/\/tuzlainfo.ba\/index.php\/novosti\/item\/224919-tuzla-preoptereceni-kapaciteti-za-daljinsko-grijanje-prikljucak-ne-znaci-i-tople-radijatore\/","og_site_name":"TuzlaInfo.ba","article_publisher":"https:\/\/www.facebook.com\/tuzlainfo.ba\/","article_published_time":"2023-12-12T08:01:05+00:00","article_modified_time":"2023-12-12T17:28:58+00:00","og_image":[{"width":1200,"height":797,"url":"https:\/\/tuzlainfo.ba\/wp-content\/uploads\/2022\/01\/1401_grijanje_radovi.jpg","type":"image\/jpeg"}],"author":"nedim","twitter_card":"summary_large_image","twitter_misc":{"Written by":"nedim","Est. reading time":"3 minute"},"schema":{"@context":"https:\/\/schema.org","@graph":[{"@type":"Article","@id":"https:\/\/tuzlainfo.ba\/index.php\/novosti\/item\/224919-tuzla-preoptereceni-kapaciteti-za-daljinsko-grijanje-prikljucak-ne-znaci-i-tople-radijatore\/#article","isPartOf":{"@id":"https:\/\/tuzlainfo.ba\/index.php\/novosti\/item\/224919-tuzla-preoptereceni-kapaciteti-za-daljinsko-grijanje-prikljucak-ne-znaci-i-tople-radijatore\/"},"author":{"name":"nedim","@id":"https:\/\/tuzlainfo.ba\/#\/schema\/person\/f434e20dc27ea133923aab08451b7f7f"},"headline":"Tuzla: Preoptere\u0107eni kapaciteti za daljinsko grijanje, priklju\u010dak ne zna\u010di i tople radijatore","datePublished":"2023-12-12T08:01:05+00:00","dateModified":"2023-12-12T17:28:58+00:00","mainEntityOfPage":{"@id":"https:\/\/tuzlainfo.ba\/index.php\/novosti\/item\/224919-tuzla-preoptereceni-kapaciteti-za-daljinsko-grijanje-prikljucak-ne-znaci-i-tople-radijatore\/"},"wordCount":526,"publisher":{"@id":"https:\/\/tuzlainfo.ba\/#organization"},"image":{"@id":"https:\/\/tuzlainfo.ba\/index.php\/novosti\/item\/224919-tuzla-preoptereceni-kapaciteti-za-daljinsko-grijanje-prikljucak-ne-znaci-i-tople-radijatore\/#primaryimage"},"thumbnailUrl":"https:\/\/tuzlainfo.ba\/wp-content\/uploads\/2022\/01\/1401_grijanje_radovi.jpg","keywords":["Centralno grijanje Tuzla","grijanje tuzla","termoelektrana tuzla"],"articleSection":["Istaknuto","Novosti","Preporu\u010dujemo"],"inLanguage":"bs-BA"},{"@type":"WebPage","@id":"https:\/\/tuzlainfo.ba\/index.php\/novosti\/item\/224919-tuzla-preoptereceni-kapaciteti-za-daljinsko-grijanje-prikljucak-ne-znaci-i-tople-radijatore\/","url":"https:\/\/tuzlainfo.ba\/index.php\/novosti\/item\/224919-tuzla-preoptereceni-kapaciteti-za-daljinsko-grijanje-prikljucak-ne-znaci-i-tople-radijatore\/","name":"Tuzla: Preoptere\u0107eni kapaciteti za daljinsko grijanje, priklju\u010dak ne zna\u010di i tople radijatore - TuzlaInfo.ba","isPartOf":{"@id":"https:\/\/tuzlainfo.ba\/#website"},"primaryImageOfPage":{"@id":"https:\/\/tuzlainfo.ba\/index.php\/novosti\/item\/224919-tuzla-preoptereceni-kapaciteti-za-daljinsko-grijanje-prikljucak-ne-znaci-i-tople-radijatore\/#primaryimage"},"image":{"@id":"https:\/\/tuzlainfo.ba\/index.php\/novosti\/item\/224919-tuzla-preoptereceni-kapaciteti-za-daljinsko-grijanje-prikljucak-ne-znaci-i-tople-radijatore\/#primaryimage"},"thumbnailUrl":"https:\/\/tuzlainfo.ba\/wp-content\/uploads\/2022\/01\/1401_grijanje_radovi.jpg","datePublished":"2023-12-12T08:01:05+00:00","dateModified":"2023-12-12T17:28:58+00:00","breadcrumb":{"@id":"https:\/\/tuzlainfo.ba\/index.php\/novosti\/item\/224919-tuzla-preoptereceni-kapaciteti-za-daljinsko-grijanje-prikljucak-ne-znaci-i-tople-radijatore\/#breadcrumb"},"inLanguage":"bs-BA","potentialAction":[{"@type":"ReadAction","target":["https:\/\/tuzlainfo.ba\/index.php\/novosti\/item\/224919-tuzla-preoptereceni-kapaciteti-za-daljinsko-grijanje-prikljucak-ne-znaci-i-tople-radijatore\/"]}]},{"@type":"ImageObject","inLanguage":"bs-BA","@id":"https:\/\/tuzlainfo.ba\/index.php\/novosti\/item\/224919-tuzla-preoptereceni-kapaciteti-za-daljinsko-grijanje-prikljucak-ne-znaci-i-tople-radijatore\/#primaryimage","url":"https:\/\/tuzlainfo.ba\/wp-content\/uploads\/2022\/01\/1401_grijanje_radovi.jpg","contentUrl":"https:\/\/tuzlainfo.ba\/wp-content\/uploads\/2022\/01\/1401_grijanje_radovi.jpg","width":1200,"height":797,"caption":"Foto: Arhiv"},{"@type":"BreadcrumbList","@id":"https:\/\/tuzlainfo.ba\/index.php\/novosti\/item\/224919-tuzla-preoptereceni-kapaciteti-za-daljinsko-grijanje-prikljucak-ne-znaci-i-tople-radijatore\/#breadcrumb","itemListElement":[{"@type":"ListItem","position":1,"name":"Home","item":"https:\/\/tuzlainfo.ba\/"},{"@type":"ListItem","position":2,"name":"Tuzla: Preoptere\u0107eni kapaciteti za daljinsko grijanje, priklju\u010dak ne zna\u010di i tople radijatore"}]},{"@type":"WebSite","@id":"https:\/\/tuzlainfo.ba\/#website","url":"https:\/\/tuzlainfo.ba\/","name":"TuzlaInfo.ba","description":"Tuzla info, gradski informator - Tuzla na dlanu","publisher":{"@id":"https:\/\/tuzlainfo.ba\/#organization"},"potentialAction":[{"@type":"SearchAction","target":{"@type":"EntryPoint","urlTemplate":"https:\/\/tuzlainfo.ba\/?s={search_term_string}"},"query-input":{"@type":"PropertyValueSpecification","valueRequired":true,"valueName":"search_term_string"}}],"inLanguage":"bs-BA"},{"@type":"Organization","@id":"https:\/\/tuzlainfo.ba\/#organization","name":"TuzlaInfo.ba","url":"https:\/\/tuzlainfo.ba\/","logo":{"@type":"ImageObject","inLanguage":"bs-BA","@id":"https:\/\/tuzlainfo.ba\/#\/schema\/logo\/image\/","url":"https:\/\/tuzlainfo.ba\/wp-content\/uploads\/2021\/03\/logo-ver-3-1.png","contentUrl":"https:\/\/tuzlainfo.ba\/wp-content\/uploads\/2021\/03\/logo-ver-3-1.png","width":350,"height":95,"caption":"TuzlaInfo.ba"},"image":{"@id":"https:\/\/tuzlainfo.ba\/#\/schema\/logo\/image\/"},"sameAs":["https:\/\/www.facebook.com\/tuzlainfo.ba\/"]},{"@type":"Person","@id":"https:\/\/tuzlainfo.ba\/#\/schema\/person\/f434e20dc27ea133923aab08451b7f7f","name":"nedim","image":{"@type":"ImageObject","inLanguage":"bs-BA","@id":"https:\/\/tuzlainfo.ba\/#\/schema\/person\/image\/","url":"https:\/\/tuzlainfo.ba\/wp-content\/litespeed\/avatar\/aabad687af24844af817603ac1cbdc4f.jpg?ver=1777306975","contentUrl":"https:\/\/tuzlainfo.ba\/wp-content\/litespeed\/avatar\/aabad687af24844af817603ac1cbdc4f.jpg?ver=1777306975","caption":"nedim"},"description":"Tuzlainfo.ba pratite na dru\u0161tvenim mre\u017eama: Facebook, Instagram i Youtube. Svoje pri\u010de, upite i fotografije \u0161aljite na na\u0161u e-mail adresu."}]}},"_links":{"self":[{"href":"https:\/\/tuzlainfo.ba\/index.php\/wp-json\/wp\/v2\/posts\/224919"}],"collection":[{"href":"https:\/\/tuzlainfo.ba\/index.php\/wp-json\/wp\/v2\/posts"}],"about":[{"href":"https:\/\/tuzlainfo.ba\/index.php\/wp-json\/wp\/v2\/types\/post"}],"author":[{"embeddable":true,"href":"https:\/\/tuzlainfo.ba\/index.php\/wp-json\/wp\/v2\/users\/2"}],"replies":[{"embeddable":true,"href":"https:\/\/tuzlainfo.ba\/index.php\/wp-json\/wp\/v2\/comments?post=224919"}],"version-history":[{"count":1,"href":"https:\/\/tuzlainfo.ba\/index.php\/wp-json\/wp\/v2\/posts\/224919\/revisions"}],"predecessor-version":[{"id":224920,"href":"https:\/\/tuzlainfo.ba\/index.php\/wp-json\/wp\/v2\/posts\/224919\/revisions\/224920"}],"wp:featuredmedia":[{"embeddable":true,"href":"https:\/\/tuzlainfo.ba\/index.php\/wp-json\/wp\/v2\/media\/161114"}],"wp:attachment":[{"href":"https:\/\/tuzlainfo.ba\/index.php\/wp-json\/wp\/v2\/media?parent=224919"}],"wp:term":[{"taxonomy":"category","embeddable":true,"href":"https:\/\/tuzlainfo.ba\/index.php\/wp-json\/wp\/v2\/categories?post=224919"},{"taxonomy":"post_tag","embeddable":true,"href":"https:\/\/tuzlainfo.ba\/index.php\/wp-json\/wp\/v2\/tags?post=224919"}],"curies":[{"name":"wp","href":"https:\/\/api.w.org\/{rel}","templated":true}]}}