{"id":224807,"date":"2023-12-11T08:00:06","date_gmt":"2023-12-11T07:00:06","guid":{"rendered":"https:\/\/tuzlainfo.ba\/?p=224807"},"modified":"2023-12-11T06:15:10","modified_gmt":"2023-12-11T05:15:10","slug":"kakvo-nas-vrijeme-ocekuje-pocetkom-nove-radne-sedmice","status":"publish","type":"post","link":"https:\/\/tuzlainfo.ba\/index.php\/bosna-i-hercegovina\/item\/224807-kakvo-nas-vrijeme-ocekuje-pocetkom-nove-radne-sedmice\/","title":{"rendered":"Kakvo nas vrijeme o\u010dekuje po\u010detkom nove radne sedmice?"},"content":{"rendered":"<p>U Bosni i Hercegovini djelomi\u010dno vedro. Po kotlinama \u0107e biti magle ili niske obla\u010dnosti. Slaba ki\u0161a se o\u010dekuje od poslijepodnevnih sati i tokom no\u0107i na utorak. Na planinama \u0107e padati i slab snijeg. Vjetar slab ju\u017enog i jugozapadnog smjera. Najni\u017ea jutarnja temperatura zraka ve\u0107inom izme\u0111u -4 i 2\u00b0C, na jugu zemlje do 6\u00b0C. Najvi\u0161a dnevna temperatura zraka uglavnom izme\u0111u 4 i 10\u00b0C.<\/p>\n<p>Biometeorolo\u0161ka prognoza<\/p>\n<div class=\"white-box\">\n<div class=\"box-content\">\n<div class=\"post\">\n<div class=\"column-1-2\">\n<div id=\"newboxes1\" class=\"newboxes\">Malo ugodnije u odnosu na protekli dan, ali jo\u0161 uvijek hladno, primjereno kalendaru, usljed \u010dega su kod hroni\u010dnih bolesnika i meteoropata mogu\u0107e ja\u010de tegobe. Blagi porast temperatura sredinom dana, uz povremene sun\u010dane intervale, ipak \u0107e op\u0161tu sliku \u010diniti ne\u0161to ljep\u0161om. Po\u017eeljno je posvetiti pa\u017enju prikladnom odijevanju i ne izlagati se pretjeranim aktivnostima.<\/div>\n<\/div>\n<\/div>\n<\/div>\n<\/div>\n<div class=\"column-1-3\">\n<p class=\"white-box\">\n<\/div>\n","protected":false},"excerpt":{"rendered":"<p>U Bosni i Hercegovini djelomi\u010dno vedro. Po kotlinama \u0107e biti magle ili niske obla\u010dnosti. Slaba&hellip;<\/p>\n","protected":false},"author":4,"featured_media":59592,"comment_status":"closed","ping_status":"closed","sticky":false,"template":"","format":"standard","meta":{"_acf_changed":false,"footnotes":""},"categories":[291,304],"tags":[1635],"acf":[],"yoast_head":"<!-- This site is optimized with the Yoast SEO plugin v23.5 - https:\/\/yoast.com\/wordpress\/plugins\/seo\/ -->\n<title>Kakvo nas vrijeme o\u010dekuje po\u010detkom nove radne sedmice? - TuzlaInfo.ba<\/title>\n<meta name=\"robots\" content=\"index, follow, max-snippet:-1, max-image-preview:large, max-video-preview:-1\" \/>\n<link rel=\"canonical\" href=\"https:\/\/tuzlainfo.ba\/index.php\/bosna-i-hercegovina\/item\/224807-kakvo-nas-vrijeme-ocekuje-pocetkom-nove-radne-sedmice\/\" \/>\n<meta property=\"og:locale\" content=\"bs_BA\" \/>\n<meta property=\"og:type\" content=\"article\" \/>\n<meta property=\"og:title\" content=\"Kakvo nas vrijeme o\u010dekuje po\u010detkom nove radne sedmice? - TuzlaInfo.ba\" \/>\n<meta property=\"og:description\" content=\"U Bosni i Hercegovini djelomi\u010dno vedro. Po kotlinama \u0107e biti magle ili niske obla\u010dnosti. Slaba&hellip;\" \/>\n<meta property=\"og:url\" content=\"https:\/\/tuzlainfo.ba\/index.php\/bosna-i-hercegovina\/item\/224807-kakvo-nas-vrijeme-ocekuje-pocetkom-nove-radne-sedmice\/\" \/>\n<meta property=\"og:site_name\" content=\"TuzlaInfo.ba\" \/>\n<meta property=\"article:publisher\" content=\"https:\/\/www.facebook.com\/tuzlainfo.ba\/\" \/>\n<meta property=\"article:published_time\" content=\"2023-12-11T07:00:06+00:00\" \/>\n<meta property=\"article:modified_time\" content=\"2023-12-11T05:15:10+00:00\" \/>\n<meta property=\"og:image\" content=\"https:\/\/tuzlainfo.ba\/wp-content\/uploads\/2017\/12\/sadrzaj_2017_201701_vrijeme_0212_snijeg_kisobran.jpg\" \/>\n\t<meta property=\"og:image:width\" content=\"770\" \/>\n\t<meta property=\"og:image:height\" content=\"512\" \/>\n\t<meta property=\"og:image:type\" content=\"image\/jpeg\" \/>\n<meta name=\"author\" content=\"Tuzla Info\" \/>\n<meta name=\"twitter:card\" content=\"summary_large_image\" \/>\n<meta name=\"twitter:label1\" content=\"Written by\" \/>\n\t<meta name=\"twitter:data1\" content=\"Tuzla Info\" \/>\n\t<meta name=\"twitter:label2\" content=\"Est. reading time\" \/>\n\t<meta name=\"twitter:data2\" content=\"1 minuta\" \/>\n<script type=\"application\/ld+json\" class=\"yoast-schema-graph\">{\"@context\":\"https:\/\/schema.org\",\"@graph\":[{\"@type\":\"Article\",\"@id\":\"https:\/\/tuzlainfo.ba\/index.php\/bosna-i-hercegovina\/item\/224807-kakvo-nas-vrijeme-ocekuje-pocetkom-nove-radne-sedmice\/#article\",\"isPartOf\":{\"@id\":\"https:\/\/tuzlainfo.ba\/index.php\/bosna-i-hercegovina\/item\/224807-kakvo-nas-vrijeme-ocekuje-pocetkom-nove-radne-sedmice\/\"},\"author\":{\"name\":\"Tuzla Info\",\"@id\":\"https:\/\/tuzlainfo.ba\/#\/schema\/person\/46cad4c57790cbc50781edd14870825a\"},\"headline\":\"Kakvo nas vrijeme o\u010dekuje po\u010detkom nove radne sedmice?\",\"datePublished\":\"2023-12-11T07:00:06+00:00\",\"dateModified\":\"2023-12-11T05:15:10+00:00\",\"mainEntityOfPage\":{\"@id\":\"https:\/\/tuzlainfo.ba\/index.php\/bosna-i-hercegovina\/item\/224807-kakvo-nas-vrijeme-ocekuje-pocetkom-nove-radne-sedmice\/\"},\"wordCount\":146,\"publisher\":{\"@id\":\"https:\/\/tuzlainfo.ba\/#organization\"},\"image\":{\"@id\":\"https:\/\/tuzlainfo.ba\/index.php\/bosna-i-hercegovina\/item\/224807-kakvo-nas-vrijeme-ocekuje-pocetkom-nove-radne-sedmice\/#primaryimage\"},\"thumbnailUrl\":\"https:\/\/tuzlainfo.ba\/wp-content\/uploads\/2017\/12\/sadrzaj_2017_201701_vrijeme_0212_snijeg_kisobran.jpg\",\"keywords\":[\"vemenska prognoza\"],\"articleSection\":[\"Bosna i Hercegovina\",\"Istaknuto\"],\"inLanguage\":\"bs-BA\"},{\"@type\":\"WebPage\",\"@id\":\"https:\/\/tuzlainfo.ba\/index.php\/bosna-i-hercegovina\/item\/224807-kakvo-nas-vrijeme-ocekuje-pocetkom-nove-radne-sedmice\/\",\"url\":\"https:\/\/tuzlainfo.ba\/index.php\/bosna-i-hercegovina\/item\/224807-kakvo-nas-vrijeme-ocekuje-pocetkom-nove-radne-sedmice\/\",\"name\":\"Kakvo nas vrijeme o\u010dekuje po\u010detkom nove radne sedmice? - TuzlaInfo.ba\",\"isPartOf\":{\"@id\":\"https:\/\/tuzlainfo.ba\/#website\"},\"primaryImageOfPage\":{\"@id\":\"https:\/\/tuzlainfo.ba\/index.php\/bosna-i-hercegovina\/item\/224807-kakvo-nas-vrijeme-ocekuje-pocetkom-nove-radne-sedmice\/#primaryimage\"},\"image\":{\"@id\":\"https:\/\/tuzlainfo.ba\/index.php\/bosna-i-hercegovina\/item\/224807-kakvo-nas-vrijeme-ocekuje-pocetkom-nove-radne-sedmice\/#primaryimage\"},\"thumbnailUrl\":\"https:\/\/tuzlainfo.ba\/wp-content\/uploads\/2017\/12\/sadrzaj_2017_201701_vrijeme_0212_snijeg_kisobran.jpg\",\"datePublished\":\"2023-12-11T07:00:06+00:00\",\"dateModified\":\"2023-12-11T05:15:10+00:00\",\"breadcrumb\":{\"@id\":\"https:\/\/tuzlainfo.ba\/index.php\/bosna-i-hercegovina\/item\/224807-kakvo-nas-vrijeme-ocekuje-pocetkom-nove-radne-sedmice\/#breadcrumb\"},\"inLanguage\":\"bs-BA\",\"potentialAction\":[{\"@type\":\"ReadAction\",\"target\":[\"https:\/\/tuzlainfo.ba\/index.php\/bosna-i-hercegovina\/item\/224807-kakvo-nas-vrijeme-ocekuje-pocetkom-nove-radne-sedmice\/\"]}]},{\"@type\":\"ImageObject\",\"inLanguage\":\"bs-BA\",\"@id\":\"https:\/\/tuzlainfo.ba\/index.php\/bosna-i-hercegovina\/item\/224807-kakvo-nas-vrijeme-ocekuje-pocetkom-nove-radne-sedmice\/#primaryimage\",\"url\":\"https:\/\/tuzlainfo.ba\/wp-content\/uploads\/2017\/12\/sadrzaj_2017_201701_vrijeme_0212_snijeg_kisobran.jpg\",\"contentUrl\":\"https:\/\/tuzlainfo.ba\/wp-content\/uploads\/2017\/12\/sadrzaj_2017_201701_vrijeme_0212_snijeg_kisobran.jpg\",\"width\":770,\"height\":512,\"caption\":\"0212 snijeg kisobran\"},{\"@type\":\"BreadcrumbList\",\"@id\":\"https:\/\/tuzlainfo.ba\/index.php\/bosna-i-hercegovina\/item\/224807-kakvo-nas-vrijeme-ocekuje-pocetkom-nove-radne-sedmice\/#breadcrumb\",\"itemListElement\":[{\"@type\":\"ListItem\",\"position\":1,\"name\":\"Home\",\"item\":\"https:\/\/tuzlainfo.ba\/\"},{\"@type\":\"ListItem\",\"position\":2,\"name\":\"Kakvo nas vrijeme o\u010dekuje po\u010detkom nove radne sedmice?\"}]},{\"@type\":\"WebSite\",\"@id\":\"https:\/\/tuzlainfo.ba\/#website\",\"url\":\"https:\/\/tuzlainfo.ba\/\",\"name\":\"TuzlaInfo.ba\",\"description\":\"Tuzla info, gradski informator - Tuzla na dlanu\",\"publisher\":{\"@id\":\"https:\/\/tuzlainfo.ba\/#organization\"},\"potentialAction\":[{\"@type\":\"SearchAction\",\"target\":{\"@type\":\"EntryPoint\",\"urlTemplate\":\"https:\/\/tuzlainfo.ba\/?s={search_term_string}\"},\"query-input\":{\"@type\":\"PropertyValueSpecification\",\"valueRequired\":true,\"valueName\":\"search_term_string\"}}],\"inLanguage\":\"bs-BA\"},{\"@type\":\"Organization\",\"@id\":\"https:\/\/tuzlainfo.ba\/#organization\",\"name\":\"TuzlaInfo.ba\",\"url\":\"https:\/\/tuzlainfo.ba\/\",\"logo\":{\"@type\":\"ImageObject\",\"inLanguage\":\"bs-BA\",\"@id\":\"https:\/\/tuzlainfo.ba\/#\/schema\/logo\/image\/\",\"url\":\"https:\/\/tuzlainfo.ba\/wp-content\/uploads\/2021\/03\/logo-ver-3-1.png\",\"contentUrl\":\"https:\/\/tuzlainfo.ba\/wp-content\/uploads\/2021\/03\/logo-ver-3-1.png\",\"width\":350,\"height\":95,\"caption\":\"TuzlaInfo.ba\"},\"image\":{\"@id\":\"https:\/\/tuzlainfo.ba\/#\/schema\/logo\/image\/\"},\"sameAs\":[\"https:\/\/www.facebook.com\/tuzlainfo.ba\/\"]},{\"@type\":\"Person\",\"@id\":\"https:\/\/tuzlainfo.ba\/#\/schema\/person\/46cad4c57790cbc50781edd14870825a\",\"name\":\"Tuzla Info\",\"image\":{\"@type\":\"ImageObject\",\"inLanguage\":\"bs-BA\",\"@id\":\"https:\/\/tuzlainfo.ba\/#\/schema\/person\/image\/\",\"url\":\"https:\/\/tuzlainfo.ba\/wp-content\/litespeed\/avatar\/b6c453a6c38e3654f2e4416c643fc25c.jpg?ver=1777051911\",\"contentUrl\":\"https:\/\/tuzlainfo.ba\/wp-content\/litespeed\/avatar\/b6c453a6c38e3654f2e4416c643fc25c.jpg?ver=1777051911\",\"caption\":\"Tuzla Info\"}}]}<\/script>\n<!-- \/ Yoast SEO plugin. -->","yoast_head_json":{"title":"Kakvo nas vrijeme o\u010dekuje po\u010detkom nove radne sedmice? - TuzlaInfo.ba","robots":{"index":"index","follow":"follow","max-snippet":"max-snippet:-1","max-image-preview":"max-image-preview:large","max-video-preview":"max-video-preview:-1"},"canonical":"https:\/\/tuzlainfo.ba\/index.php\/bosna-i-hercegovina\/item\/224807-kakvo-nas-vrijeme-ocekuje-pocetkom-nove-radne-sedmice\/","og_locale":"bs_BA","og_type":"article","og_title":"Kakvo nas vrijeme o\u010dekuje po\u010detkom nove radne sedmice? - TuzlaInfo.ba","og_description":"U Bosni i Hercegovini djelomi\u010dno vedro. Po kotlinama \u0107e biti magle ili niske obla\u010dnosti. Slaba&hellip;","og_url":"https:\/\/tuzlainfo.ba\/index.php\/bosna-i-hercegovina\/item\/224807-kakvo-nas-vrijeme-ocekuje-pocetkom-nove-radne-sedmice\/","og_site_name":"TuzlaInfo.ba","article_publisher":"https:\/\/www.facebook.com\/tuzlainfo.ba\/","article_published_time":"2023-12-11T07:00:06+00:00","article_modified_time":"2023-12-11T05:15:10+00:00","og_image":[{"width":770,"height":512,"url":"https:\/\/tuzlainfo.ba\/wp-content\/uploads\/2017\/12\/sadrzaj_2017_201701_vrijeme_0212_snijeg_kisobran.jpg","type":"image\/jpeg"}],"author":"Tuzla Info","twitter_card":"summary_large_image","twitter_misc":{"Written by":"Tuzla Info","Est. reading time":"1 minuta"},"schema":{"@context":"https:\/\/schema.org","@graph":[{"@type":"Article","@id":"https:\/\/tuzlainfo.ba\/index.php\/bosna-i-hercegovina\/item\/224807-kakvo-nas-vrijeme-ocekuje-pocetkom-nove-radne-sedmice\/#article","isPartOf":{"@id":"https:\/\/tuzlainfo.ba\/index.php\/bosna-i-hercegovina\/item\/224807-kakvo-nas-vrijeme-ocekuje-pocetkom-nove-radne-sedmice\/"},"author":{"name":"Tuzla Info","@id":"https:\/\/tuzlainfo.ba\/#\/schema\/person\/46cad4c57790cbc50781edd14870825a"},"headline":"Kakvo nas vrijeme o\u010dekuje po\u010detkom nove radne sedmice?","datePublished":"2023-12-11T07:00:06+00:00","dateModified":"2023-12-11T05:15:10+00:00","mainEntityOfPage":{"@id":"https:\/\/tuzlainfo.ba\/index.php\/bosna-i-hercegovina\/item\/224807-kakvo-nas-vrijeme-ocekuje-pocetkom-nove-radne-sedmice\/"},"wordCount":146,"publisher":{"@id":"https:\/\/tuzlainfo.ba\/#organization"},"image":{"@id":"https:\/\/tuzlainfo.ba\/index.php\/bosna-i-hercegovina\/item\/224807-kakvo-nas-vrijeme-ocekuje-pocetkom-nove-radne-sedmice\/#primaryimage"},"thumbnailUrl":"https:\/\/tuzlainfo.ba\/wp-content\/uploads\/2017\/12\/sadrzaj_2017_201701_vrijeme_0212_snijeg_kisobran.jpg","keywords":["vemenska prognoza"],"articleSection":["Bosna i Hercegovina","Istaknuto"],"inLanguage":"bs-BA"},{"@type":"WebPage","@id":"https:\/\/tuzlainfo.ba\/index.php\/bosna-i-hercegovina\/item\/224807-kakvo-nas-vrijeme-ocekuje-pocetkom-nove-radne-sedmice\/","url":"https:\/\/tuzlainfo.ba\/index.php\/bosna-i-hercegovina\/item\/224807-kakvo-nas-vrijeme-ocekuje-pocetkom-nove-radne-sedmice\/","name":"Kakvo nas vrijeme o\u010dekuje po\u010detkom nove radne sedmice? - TuzlaInfo.ba","isPartOf":{"@id":"https:\/\/tuzlainfo.ba\/#website"},"primaryImageOfPage":{"@id":"https:\/\/tuzlainfo.ba\/index.php\/bosna-i-hercegovina\/item\/224807-kakvo-nas-vrijeme-ocekuje-pocetkom-nove-radne-sedmice\/#primaryimage"},"image":{"@id":"https:\/\/tuzlainfo.ba\/index.php\/bosna-i-hercegovina\/item\/224807-kakvo-nas-vrijeme-ocekuje-pocetkom-nove-radne-sedmice\/#primaryimage"},"thumbnailUrl":"https:\/\/tuzlainfo.ba\/wp-content\/uploads\/2017\/12\/sadrzaj_2017_201701_vrijeme_0212_snijeg_kisobran.jpg","datePublished":"2023-12-11T07:00:06+00:00","dateModified":"2023-12-11T05:15:10+00:00","breadcrumb":{"@id":"https:\/\/tuzlainfo.ba\/index.php\/bosna-i-hercegovina\/item\/224807-kakvo-nas-vrijeme-ocekuje-pocetkom-nove-radne-sedmice\/#breadcrumb"},"inLanguage":"bs-BA","potentialAction":[{"@type":"ReadAction","target":["https:\/\/tuzlainfo.ba\/index.php\/bosna-i-hercegovina\/item\/224807-kakvo-nas-vrijeme-ocekuje-pocetkom-nove-radne-sedmice\/"]}]},{"@type":"ImageObject","inLanguage":"bs-BA","@id":"https:\/\/tuzlainfo.ba\/index.php\/bosna-i-hercegovina\/item\/224807-kakvo-nas-vrijeme-ocekuje-pocetkom-nove-radne-sedmice\/#primaryimage","url":"https:\/\/tuzlainfo.ba\/wp-content\/uploads\/2017\/12\/sadrzaj_2017_201701_vrijeme_0212_snijeg_kisobran.jpg","contentUrl":"https:\/\/tuzlainfo.ba\/wp-content\/uploads\/2017\/12\/sadrzaj_2017_201701_vrijeme_0212_snijeg_kisobran.jpg","width":770,"height":512,"caption":"0212 snijeg kisobran"},{"@type":"BreadcrumbList","@id":"https:\/\/tuzlainfo.ba\/index.php\/bosna-i-hercegovina\/item\/224807-kakvo-nas-vrijeme-ocekuje-pocetkom-nove-radne-sedmice\/#breadcrumb","itemListElement":[{"@type":"ListItem","position":1,"name":"Home","item":"https:\/\/tuzlainfo.ba\/"},{"@type":"ListItem","position":2,"name":"Kakvo nas vrijeme o\u010dekuje po\u010detkom nove radne sedmice?"}]},{"@type":"WebSite","@id":"https:\/\/tuzlainfo.ba\/#website","url":"https:\/\/tuzlainfo.ba\/","name":"TuzlaInfo.ba","description":"Tuzla info, gradski informator - Tuzla na dlanu","publisher":{"@id":"https:\/\/tuzlainfo.ba\/#organization"},"potentialAction":[{"@type":"SearchAction","target":{"@type":"EntryPoint","urlTemplate":"https:\/\/tuzlainfo.ba\/?s={search_term_string}"},"query-input":{"@type":"PropertyValueSpecification","valueRequired":true,"valueName":"search_term_string"}}],"inLanguage":"bs-BA"},{"@type":"Organization","@id":"https:\/\/tuzlainfo.ba\/#organization","name":"TuzlaInfo.ba","url":"https:\/\/tuzlainfo.ba\/","logo":{"@type":"ImageObject","inLanguage":"bs-BA","@id":"https:\/\/tuzlainfo.ba\/#\/schema\/logo\/image\/","url":"https:\/\/tuzlainfo.ba\/wp-content\/uploads\/2021\/03\/logo-ver-3-1.png","contentUrl":"https:\/\/tuzlainfo.ba\/wp-content\/uploads\/2021\/03\/logo-ver-3-1.png","width":350,"height":95,"caption":"TuzlaInfo.ba"},"image":{"@id":"https:\/\/tuzlainfo.ba\/#\/schema\/logo\/image\/"},"sameAs":["https:\/\/www.facebook.com\/tuzlainfo.ba\/"]},{"@type":"Person","@id":"https:\/\/tuzlainfo.ba\/#\/schema\/person\/46cad4c57790cbc50781edd14870825a","name":"Tuzla Info","image":{"@type":"ImageObject","inLanguage":"bs-BA","@id":"https:\/\/tuzlainfo.ba\/#\/schema\/person\/image\/","url":"https:\/\/tuzlainfo.ba\/wp-content\/litespeed\/avatar\/b6c453a6c38e3654f2e4416c643fc25c.jpg?ver=1777051911","contentUrl":"https:\/\/tuzlainfo.ba\/wp-content\/litespeed\/avatar\/b6c453a6c38e3654f2e4416c643fc25c.jpg?ver=1777051911","caption":"Tuzla Info"}}]}},"_links":{"self":[{"href":"https:\/\/tuzlainfo.ba\/index.php\/wp-json\/wp\/v2\/posts\/224807"}],"collection":[{"href":"https:\/\/tuzlainfo.ba\/index.php\/wp-json\/wp\/v2\/posts"}],"about":[{"href":"https:\/\/tuzlainfo.ba\/index.php\/wp-json\/wp\/v2\/types\/post"}],"author":[{"embeddable":true,"href":"https:\/\/tuzlainfo.ba\/index.php\/wp-json\/wp\/v2\/users\/4"}],"replies":[{"embeddable":true,"href":"https:\/\/tuzlainfo.ba\/index.php\/wp-json\/wp\/v2\/comments?post=224807"}],"version-history":[{"count":1,"href":"https:\/\/tuzlainfo.ba\/index.php\/wp-json\/wp\/v2\/posts\/224807\/revisions"}],"predecessor-version":[{"id":224808,"href":"https:\/\/tuzlainfo.ba\/index.php\/wp-json\/wp\/v2\/posts\/224807\/revisions\/224808"}],"wp:featuredmedia":[{"embeddable":true,"href":"https:\/\/tuzlainfo.ba\/index.php\/wp-json\/wp\/v2\/media\/59592"}],"wp:attachment":[{"href":"https:\/\/tuzlainfo.ba\/index.php\/wp-json\/wp\/v2\/media?parent=224807"}],"wp:term":[{"taxonomy":"category","embeddable":true,"href":"https:\/\/tuzlainfo.ba\/index.php\/wp-json\/wp\/v2\/categories?post=224807"},{"taxonomy":"post_tag","embeddable":true,"href":"https:\/\/tuzlainfo.ba\/index.php\/wp-json\/wp\/v2\/tags?post=224807"}],"curies":[{"name":"wp","href":"https:\/\/api.w.org\/{rel}","templated":true}]}}