{"id":224650,"date":"2023-12-08T16:03:39","date_gmt":"2023-12-08T15:03:39","guid":{"rendered":"https:\/\/tuzlainfo.ba\/?p=224650"},"modified":"2023-12-08T14:20:39","modified_gmt":"2023-12-08T13:20:39","slug":"224650","status":"publish","type":"post","link":"https:\/\/tuzlainfo.ba\/index.php\/novosti\/item\/224650-224650\/","title":{"rendered":"BKC TK: Po\u010deo rad na koprodukcijskoj predstavi \u201eLjubav Omera i Merime\u201c"},"content":{"rendered":"<p>U Bosanskom kulturnom centru TK-a danas je najavljen po\u010detak rada na na pripremi pozori\u0161ne predstave \u201eLjubav Omera i Merime\u201c zasnovane na motivima balade \u201eSmrt Omera i Merime\u201c.<\/p>\n<p>Projekat realizuje Pozori\u0161te mladih Tuzle u koprodukciji s Bosanskim kulturnim centrom TK, Srednjom \u201eSavremeno \u2013 umjetni\u010dkom \u0161kolom\u201c Tuzla i Udru\u017eenjem \u201eMladi Tuzle\u201c.<\/p>\n<p>U predstavi koja je najavljena na dana\u0161njoj press konferenciji igrat \u0107e 50 glumaca, plesa\u010da, pjeva\u010da i muzi\u010dara, \u010dlanova Mladih Tuzle, dok autorstvo scenarija i re\u017eiju predstave potpisuje Adnan Mujki\u0107.<\/p>\n<p>Predstava je koprodukcijski projekat koji je rezultat jednog od 50 potpisanih sporazuma o saradnji izme\u0111u JU Bosanski kulturni centar Tuzlanskog kantona i partnera, \u0161to su na press konfereneciji posebno istakli prof.dr Mirzeta Had\u017ei\u0107 \u2013 Suljki\u0107, direktorica Srednje \u201eSavremeno \u2013 umjetni\u010dke \u0161kole\u201c koja od nedavno djeluje \u201epod krovom\u201c BKC TK i Sead Muminovi\u0107, direktor JU BKC TK.<\/p>\n<p>-Za neke druge mo\u017eda nije ali za BKC TK je ovo jedan veliki projekat, tako mu od samog po\u010detka pristupamo i zadovoljstvo nam je \u0161to smo dio tima koji ga koprudukcijski realizuje. Ovaj projekt je samo segment zajedni\u010dkih planova u narednom periodu, \u010diji \u0107e rezultati uskoro biti i vidljivi \u2013 istakao je Sead Muminovi\u0107, direktor JU BKC TK.<\/p>\n<p>Amila Be\u0161irovi\u0107, predsjednica Udru\u017eenja \u201eMladi Tuzle\u201c i glumica u predstavi je najavila veliko obilje\u017eavanje 20. ro\u0111endana ovog udru\u017eenja koje je svoje djelovanje prije dvije decenije i po\u010delo u BKC TK, gdje \u0107e u martu 2024. godine premijerom predstave \u201eLjubav Omera i Merime\u201c i nizom drugih aktivnosti obilje\u017eiti veliki jubilej.<\/p>\n<div id=\"penci-post-gallery__62650\" class=\"penci-post-gallery-container masonry grid column-3\" data-height=\"150\" data-margin=\"3\"><div class=\"inner-gallery-masonry-container\"><div class=\"item-gallery-masonry grid\"><a class=\"\" href=\"https:\/\/tuzlainfo.ba\/wp-content\/uploads\/2023\/12\/0812_press_konferencija_ljubavomeraimerime-1.jpg\"><div class=\"inner-item-masonry-gallery\"><img decoding=\"async\" src=\"https:\/\/tuzlainfo.ba\/wp-content\/uploads\/2023\/12\/0812_press_konferencija_ljubavomeraimerime-1-585x390.jpg\" alt=\"\" title=\"0812_press_konferencija_ljubavomeraimerime (1)\"><\/div><\/a><\/div><div class=\"item-gallery-masonry grid\"><a class=\"\" href=\"https:\/\/tuzlainfo.ba\/wp-content\/uploads\/2023\/12\/0812_press_konferencija_ljubavomeraimerime-2.jpg\"><div class=\"inner-item-masonry-gallery\"><img decoding=\"async\" src=\"https:\/\/tuzlainfo.ba\/wp-content\/uploads\/2023\/12\/0812_press_konferencija_ljubavomeraimerime-2-585x390.jpg\" alt=\"\" title=\"0812_press_konferencija_ljubavomeraimerime (2)\"><\/div><\/a><\/div><div class=\"item-gallery-masonry grid\"><a class=\"\" href=\"https:\/\/tuzlainfo.ba\/wp-content\/uploads\/2023\/12\/0812_press_konferencija_ljubavomeraimerime-5.jpg\"><div class=\"inner-item-masonry-gallery\"><img decoding=\"async\" src=\"https:\/\/tuzlainfo.ba\/wp-content\/uploads\/2023\/12\/0812_press_konferencija_ljubavomeraimerime-5-585x390.jpg\" alt=\"\" title=\"0812_press_konferencija_ljubavomeraimerime (5)\"><\/div><\/a><\/div><div class=\"item-gallery-masonry grid\"><a class=\"\" href=\"https:\/\/tuzlainfo.ba\/wp-content\/uploads\/2023\/12\/0812_press_konferencija_ljubavomeraimerime-8.jpg\"><div class=\"inner-item-masonry-gallery\"><img decoding=\"async\" src=\"https:\/\/tuzlainfo.ba\/wp-content\/uploads\/2023\/12\/0812_press_konferencija_ljubavomeraimerime-8-585x390.jpg\" alt=\"\" title=\"0812_press_konferencija_ljubavomeraimerime (8)\"><\/div><\/a><\/div><div class=\"item-gallery-masonry grid\"><a class=\"\" href=\"https:\/\/tuzlainfo.ba\/wp-content\/uploads\/2023\/12\/0812_press_konferencija_ljubavomeraimerime-9.jpg\"><div class=\"inner-item-masonry-gallery\"><img decoding=\"async\" src=\"https:\/\/tuzlainfo.ba\/wp-content\/uploads\/2023\/12\/0812_press_konferencija_ljubavomeraimerime-9-585x390.jpg\" alt=\"\" title=\"0812_press_konferencija_ljubavomeraimerime (9)\"><\/div><\/a><\/div><div class=\"item-gallery-masonry grid\"><a class=\"\" href=\"https:\/\/tuzlainfo.ba\/wp-content\/uploads\/2023\/12\/0812_press_konferencija_ljubavomeraimerime-10.jpg\"><div class=\"inner-item-masonry-gallery\"><img decoding=\"async\" src=\"https:\/\/tuzlainfo.ba\/wp-content\/uploads\/2023\/12\/0812_press_konferencija_ljubavomeraimerime-10-585x390.jpg\" alt=\"\" title=\"0812_press_konferencija_ljubavomeraimerime (10)\"><\/div><\/a><\/div><\/div><\/div>\n<p>Adnan Mujki\u0107, predsjednik Pozori\u0161ta mladih Tuzle i reditelj predstave je tako\u0111er istakao va\u017enost koprodukcije na ovakvim projektima.<\/p>\n<p>-Ne postoje produkcije koje ovako veliku predstavu mogu iznijeti same, ne samo kod nas nego tako i u razvijenim evropskim zemljama funkcioni\u0161e menad\u017ement u kulturi. Nama je spas ovakva vrsta partnerstva koja \u0107e siguran sam dati \u017eeljene rezultate \u2013 rekao je Adnan Mujki\u0107, isti\u010du\u0107i da \u0107e ovo biti 101 premijera koju realizuje Pozori\u0161te mladih Tuzle.<\/p>\n<p>Predstava \u201eLjubav Omera i Merime\u201c je zapravo pri\u010da o zemlji Bosni, njenim obi\u010dajima i tradiciji &#8211; \u010desto va\u017enijim od svakog zakona, ali i ono najva\u017enije, pri\u010da o njenim ljudima i narodima u vrtlogu nemilosrdnih vremena.<\/p>\n<p>Koncept predstave po\u010diva na tome da grupa studenata glume zajedno sa profesorom priprema ispitnu predstavu zasnovanu na motivima balade o Omeru i Merimi. Ispituju\u0107i vrste odgoja i tipove roditeljstva na Balkanu, studenti zapravo otkrivaju duboku knji\u017eevnu i umjetni\u010dku vrijednost ove balade, ali i kompleksnost likova u istoj, koje uveliko oblikuje specifi\u010dno mjesto i vrijeme radnje.<\/p>\n<p>U komparaciji scena postavljenih od strane dana\u0161njih generacija studenata i originalno odigranih scena iz balade, na pijedestal se uzdi\u017ee specifi\u010dnost i sva ljepota, ali i tegoba gluma\u010dkog posla. Kroz uvid u razli\u010dite stavove \u010ditanja balade od strane dana\u0161nje generacije i identifikaciju s likovima, publika svih uzrasta katarzi\u010dno otkriva do sada neotkrivene slojeve ove, ali i svojih li\u010dnih \u017eivotnih pri\u010da.<\/p>\n<p>Zadovoljstvo \u0161to su dio ove predstave na press konferneciju su istakli Remira Osmanovi\u0107, glumica Narodnog pozori\u0161ta Tuzla i glumica u predstavi, te mladi glumci ponikli u Pozori\u0161tu mladih Tuzle Kemal Fazli\u0107, glumac u ulozi \u201eOmera\u201c i Zerina Mujki\u0107, glumica Pozori\u0161ta mladih Tuzle, u ulozi \u201eMerime\u201c.<\/p>\n<p>Pored Kemala Fazli\u0107a, Zerine Mujki\u0107 i Remire Osmanovi\u0107 u predstavi jo\u0161 igraju: Amila Be\u0161irovi\u0107, Ajla Mu\u0161anovi\u0107, Muhamed Deli\u0107, Melisa Smaji\u0107, Mirza Mujagi\u0107, Adi Atli\u0107,\u00a0 Ermin Suljki\u0107, Iris Stuhli,\u00a0 Lejla Lamija Me\u0161anovi\u0107, Tatjana A\u0107imovi\u0107 i Dalal Dea Stolica.<\/p>\n<p>Scenografiju potpisuje Amra Dedi\u0107, kostimografiju Edina Top\u010dagi\u0107, Muziki i songove Anela Huremovi\u0107 \u2013 Bo\u0161najkovi\u0107, a koreografiju: Ajla Mu\u0161anovi\u0107.<\/p>\n<p>Premijera predstave zakazana je za 3. marta 2024. godine na sceni BKC TK u okviru obilje\u017eavanja Dana nezavisnosti Bosne i Hercegovine.<\/p>\n","protected":false},"excerpt":{"rendered":"<p>U Bosanskom kulturnom centru TK-a danas je najavljen po\u010detak rada na na pripremi pozori\u0161ne predstave&hellip;<\/p>\n","protected":false},"author":2,"featured_media":224652,"comment_status":"closed","ping_status":"closed","sticky":false,"template":"","format":"standard","meta":{"_acf_changed":false,"footnotes":""},"categories":[304,12],"tags":[524,9050,2926],"acf":[],"yoast_head":"<!-- This site is optimized with the Yoast SEO plugin v23.5 - https:\/\/yoast.com\/wordpress\/plugins\/seo\/ -->\n<title>BKC TK: Po\u010deo rad na koprodukcijskoj predstavi \u201eLjubav Omera i Merime\u201c - TuzlaInfo.ba<\/title>\n<meta name=\"robots\" content=\"index, follow, max-snippet:-1, max-image-preview:large, max-video-preview:-1\" \/>\n<link rel=\"canonical\" href=\"https:\/\/tuzlainfo.ba\/index.php\/novosti\/item\/224650-224650\/\" \/>\n<meta property=\"og:locale\" content=\"bs_BA\" \/>\n<meta property=\"og:type\" content=\"article\" \/>\n<meta property=\"og:title\" content=\"BKC TK: Po\u010deo rad na koprodukcijskoj predstavi \u201eLjubav Omera i Merime\u201c - TuzlaInfo.ba\" \/>\n<meta property=\"og:description\" content=\"U Bosanskom kulturnom centru TK-a danas je najavljen po\u010detak rada na na pripremi pozori\u0161ne predstave&hellip;\" \/>\n<meta property=\"og:url\" content=\"https:\/\/tuzlainfo.ba\/index.php\/novosti\/item\/224650-224650\/\" \/>\n<meta property=\"og:site_name\" content=\"TuzlaInfo.ba\" \/>\n<meta property=\"article:publisher\" content=\"https:\/\/www.facebook.com\/tuzlainfo.ba\/\" \/>\n<meta property=\"article:published_time\" content=\"2023-12-08T15:03:39+00:00\" \/>\n<meta property=\"article:modified_time\" content=\"2023-12-08T13:20:39+00:00\" \/>\n<meta property=\"og:image\" content=\"https:\/\/tuzlainfo.ba\/wp-content\/uploads\/2023\/12\/0812_press_konferencija_ljubavomeraimerime-2.jpg\" \/>\n\t<meta property=\"og:image:width\" content=\"1620\" \/>\n\t<meta property=\"og:image:height\" content=\"1080\" \/>\n\t<meta property=\"og:image:type\" content=\"image\/jpeg\" \/>\n<meta name=\"author\" content=\"nedim\" \/>\n<meta name=\"twitter:card\" content=\"summary_large_image\" \/>\n<meta name=\"twitter:label1\" content=\"Written by\" \/>\n\t<meta name=\"twitter:data1\" content=\"nedim\" \/>\n\t<meta name=\"twitter:label2\" content=\"Est. reading time\" \/>\n\t<meta name=\"twitter:data2\" content=\"4 minute\" \/>\n<script type=\"application\/ld+json\" class=\"yoast-schema-graph\">{\"@context\":\"https:\/\/schema.org\",\"@graph\":[{\"@type\":\"Article\",\"@id\":\"https:\/\/tuzlainfo.ba\/index.php\/novosti\/item\/224650-224650\/#article\",\"isPartOf\":{\"@id\":\"https:\/\/tuzlainfo.ba\/index.php\/novosti\/item\/224650-224650\/\"},\"author\":{\"name\":\"nedim\",\"@id\":\"https:\/\/tuzlainfo.ba\/#\/schema\/person\/f434e20dc27ea133923aab08451b7f7f\"},\"headline\":\"BKC TK: Po\u010deo rad na koprodukcijskoj predstavi \u201eLjubav Omera i Merime\u201c\",\"datePublished\":\"2023-12-08T15:03:39+00:00\",\"dateModified\":\"2023-12-08T13:20:39+00:00\",\"mainEntityOfPage\":{\"@id\":\"https:\/\/tuzlainfo.ba\/index.php\/novosti\/item\/224650-224650\/\"},\"wordCount\":650,\"publisher\":{\"@id\":\"https:\/\/tuzlainfo.ba\/#organization\"},\"image\":{\"@id\":\"https:\/\/tuzlainfo.ba\/index.php\/novosti\/item\/224650-224650\/#primaryimage\"},\"thumbnailUrl\":\"https:\/\/tuzlainfo.ba\/wp-content\/uploads\/2023\/12\/0812_press_konferencija_ljubavomeraimerime-2.jpg\",\"keywords\":[\"bkc tk\",\"bokc tuzla\",\"pozori\u0161te mladih tuzla\"],\"articleSection\":[\"Istaknuto\",\"Novosti\"],\"inLanguage\":\"bs-BA\"},{\"@type\":\"WebPage\",\"@id\":\"https:\/\/tuzlainfo.ba\/index.php\/novosti\/item\/224650-224650\/\",\"url\":\"https:\/\/tuzlainfo.ba\/index.php\/novosti\/item\/224650-224650\/\",\"name\":\"BKC TK: Po\u010deo rad na koprodukcijskoj predstavi \u201eLjubav Omera i Merime\u201c - TuzlaInfo.ba\",\"isPartOf\":{\"@id\":\"https:\/\/tuzlainfo.ba\/#website\"},\"primaryImageOfPage\":{\"@id\":\"https:\/\/tuzlainfo.ba\/index.php\/novosti\/item\/224650-224650\/#primaryimage\"},\"image\":{\"@id\":\"https:\/\/tuzlainfo.ba\/index.php\/novosti\/item\/224650-224650\/#primaryimage\"},\"thumbnailUrl\":\"https:\/\/tuzlainfo.ba\/wp-content\/uploads\/2023\/12\/0812_press_konferencija_ljubavomeraimerime-2.jpg\",\"datePublished\":\"2023-12-08T15:03:39+00:00\",\"dateModified\":\"2023-12-08T13:20:39+00:00\",\"breadcrumb\":{\"@id\":\"https:\/\/tuzlainfo.ba\/index.php\/novosti\/item\/224650-224650\/#breadcrumb\"},\"inLanguage\":\"bs-BA\",\"potentialAction\":[{\"@type\":\"ReadAction\",\"target\":[\"https:\/\/tuzlainfo.ba\/index.php\/novosti\/item\/224650-224650\/\"]}]},{\"@type\":\"ImageObject\",\"inLanguage\":\"bs-BA\",\"@id\":\"https:\/\/tuzlainfo.ba\/index.php\/novosti\/item\/224650-224650\/#primaryimage\",\"url\":\"https:\/\/tuzlainfo.ba\/wp-content\/uploads\/2023\/12\/0812_press_konferencija_ljubavomeraimerime-2.jpg\",\"contentUrl\":\"https:\/\/tuzlainfo.ba\/wp-content\/uploads\/2023\/12\/0812_press_konferencija_ljubavomeraimerime-2.jpg\",\"width\":1620,\"height\":1080},{\"@type\":\"BreadcrumbList\",\"@id\":\"https:\/\/tuzlainfo.ba\/index.php\/novosti\/item\/224650-224650\/#breadcrumb\",\"itemListElement\":[{\"@type\":\"ListItem\",\"position\":1,\"name\":\"Home\",\"item\":\"https:\/\/tuzlainfo.ba\/\"},{\"@type\":\"ListItem\",\"position\":2,\"name\":\"BKC TK: Po\u010deo rad na koprodukcijskoj predstavi \u201eLjubav Omera i Merime\u201c\"}]},{\"@type\":\"WebSite\",\"@id\":\"https:\/\/tuzlainfo.ba\/#website\",\"url\":\"https:\/\/tuzlainfo.ba\/\",\"name\":\"TuzlaInfo.ba\",\"description\":\"Tuzla info, gradski informator - Tuzla na dlanu\",\"publisher\":{\"@id\":\"https:\/\/tuzlainfo.ba\/#organization\"},\"potentialAction\":[{\"@type\":\"SearchAction\",\"target\":{\"@type\":\"EntryPoint\",\"urlTemplate\":\"https:\/\/tuzlainfo.ba\/?s={search_term_string}\"},\"query-input\":{\"@type\":\"PropertyValueSpecification\",\"valueRequired\":true,\"valueName\":\"search_term_string\"}}],\"inLanguage\":\"bs-BA\"},{\"@type\":\"Organization\",\"@id\":\"https:\/\/tuzlainfo.ba\/#organization\",\"name\":\"TuzlaInfo.ba\",\"url\":\"https:\/\/tuzlainfo.ba\/\",\"logo\":{\"@type\":\"ImageObject\",\"inLanguage\":\"bs-BA\",\"@id\":\"https:\/\/tuzlainfo.ba\/#\/schema\/logo\/image\/\",\"url\":\"https:\/\/tuzlainfo.ba\/wp-content\/uploads\/2021\/03\/logo-ver-3-1.png\",\"contentUrl\":\"https:\/\/tuzlainfo.ba\/wp-content\/uploads\/2021\/03\/logo-ver-3-1.png\",\"width\":350,\"height\":95,\"caption\":\"TuzlaInfo.ba\"},\"image\":{\"@id\":\"https:\/\/tuzlainfo.ba\/#\/schema\/logo\/image\/\"},\"sameAs\":[\"https:\/\/www.facebook.com\/tuzlainfo.ba\/\"]},{\"@type\":\"Person\",\"@id\":\"https:\/\/tuzlainfo.ba\/#\/schema\/person\/f434e20dc27ea133923aab08451b7f7f\",\"name\":\"nedim\",\"image\":{\"@type\":\"ImageObject\",\"inLanguage\":\"bs-BA\",\"@id\":\"https:\/\/tuzlainfo.ba\/#\/schema\/person\/image\/\",\"url\":\"https:\/\/tuzlainfo.ba\/wp-content\/litespeed\/avatar\/aabad687af24844af817603ac1cbdc4f.jpg?ver=1776702173\",\"contentUrl\":\"https:\/\/tuzlainfo.ba\/wp-content\/litespeed\/avatar\/aabad687af24844af817603ac1cbdc4f.jpg?ver=1776702173\",\"caption\":\"nedim\"},\"description\":\"Tuzlainfo.ba pratite na dru\u0161tvenim mre\u017eama: Facebook, Instagram i Youtube. Svoje pri\u010de, upite i fotografije \u0161aljite na na\u0161u e-mail adresu.\"}]}<\/script>\n<!-- \/ Yoast SEO plugin. -->","yoast_head_json":{"title":"BKC TK: Po\u010deo rad na koprodukcijskoj predstavi \u201eLjubav Omera i Merime\u201c - TuzlaInfo.ba","robots":{"index":"index","follow":"follow","max-snippet":"max-snippet:-1","max-image-preview":"max-image-preview:large","max-video-preview":"max-video-preview:-1"},"canonical":"https:\/\/tuzlainfo.ba\/index.php\/novosti\/item\/224650-224650\/","og_locale":"bs_BA","og_type":"article","og_title":"BKC TK: Po\u010deo rad na koprodukcijskoj predstavi \u201eLjubav Omera i Merime\u201c - TuzlaInfo.ba","og_description":"U Bosanskom kulturnom centru TK-a danas je najavljen po\u010detak rada na na pripremi pozori\u0161ne predstave&hellip;","og_url":"https:\/\/tuzlainfo.ba\/index.php\/novosti\/item\/224650-224650\/","og_site_name":"TuzlaInfo.ba","article_publisher":"https:\/\/www.facebook.com\/tuzlainfo.ba\/","article_published_time":"2023-12-08T15:03:39+00:00","article_modified_time":"2023-12-08T13:20:39+00:00","og_image":[{"width":1620,"height":1080,"url":"https:\/\/tuzlainfo.ba\/wp-content\/uploads\/2023\/12\/0812_press_konferencija_ljubavomeraimerime-2.jpg","type":"image\/jpeg"}],"author":"nedim","twitter_card":"summary_large_image","twitter_misc":{"Written by":"nedim","Est. reading time":"4 minute"},"schema":{"@context":"https:\/\/schema.org","@graph":[{"@type":"Article","@id":"https:\/\/tuzlainfo.ba\/index.php\/novosti\/item\/224650-224650\/#article","isPartOf":{"@id":"https:\/\/tuzlainfo.ba\/index.php\/novosti\/item\/224650-224650\/"},"author":{"name":"nedim","@id":"https:\/\/tuzlainfo.ba\/#\/schema\/person\/f434e20dc27ea133923aab08451b7f7f"},"headline":"BKC TK: Po\u010deo rad na koprodukcijskoj predstavi \u201eLjubav Omera i Merime\u201c","datePublished":"2023-12-08T15:03:39+00:00","dateModified":"2023-12-08T13:20:39+00:00","mainEntityOfPage":{"@id":"https:\/\/tuzlainfo.ba\/index.php\/novosti\/item\/224650-224650\/"},"wordCount":650,"publisher":{"@id":"https:\/\/tuzlainfo.ba\/#organization"},"image":{"@id":"https:\/\/tuzlainfo.ba\/index.php\/novosti\/item\/224650-224650\/#primaryimage"},"thumbnailUrl":"https:\/\/tuzlainfo.ba\/wp-content\/uploads\/2023\/12\/0812_press_konferencija_ljubavomeraimerime-2.jpg","keywords":["bkc tk","bokc tuzla","pozori\u0161te mladih tuzla"],"articleSection":["Istaknuto","Novosti"],"inLanguage":"bs-BA"},{"@type":"WebPage","@id":"https:\/\/tuzlainfo.ba\/index.php\/novosti\/item\/224650-224650\/","url":"https:\/\/tuzlainfo.ba\/index.php\/novosti\/item\/224650-224650\/","name":"BKC TK: Po\u010deo rad na koprodukcijskoj predstavi \u201eLjubav Omera i Merime\u201c - TuzlaInfo.ba","isPartOf":{"@id":"https:\/\/tuzlainfo.ba\/#website"},"primaryImageOfPage":{"@id":"https:\/\/tuzlainfo.ba\/index.php\/novosti\/item\/224650-224650\/#primaryimage"},"image":{"@id":"https:\/\/tuzlainfo.ba\/index.php\/novosti\/item\/224650-224650\/#primaryimage"},"thumbnailUrl":"https:\/\/tuzlainfo.ba\/wp-content\/uploads\/2023\/12\/0812_press_konferencija_ljubavomeraimerime-2.jpg","datePublished":"2023-12-08T15:03:39+00:00","dateModified":"2023-12-08T13:20:39+00:00","breadcrumb":{"@id":"https:\/\/tuzlainfo.ba\/index.php\/novosti\/item\/224650-224650\/#breadcrumb"},"inLanguage":"bs-BA","potentialAction":[{"@type":"ReadAction","target":["https:\/\/tuzlainfo.ba\/index.php\/novosti\/item\/224650-224650\/"]}]},{"@type":"ImageObject","inLanguage":"bs-BA","@id":"https:\/\/tuzlainfo.ba\/index.php\/novosti\/item\/224650-224650\/#primaryimage","url":"https:\/\/tuzlainfo.ba\/wp-content\/uploads\/2023\/12\/0812_press_konferencija_ljubavomeraimerime-2.jpg","contentUrl":"https:\/\/tuzlainfo.ba\/wp-content\/uploads\/2023\/12\/0812_press_konferencija_ljubavomeraimerime-2.jpg","width":1620,"height":1080},{"@type":"BreadcrumbList","@id":"https:\/\/tuzlainfo.ba\/index.php\/novosti\/item\/224650-224650\/#breadcrumb","itemListElement":[{"@type":"ListItem","position":1,"name":"Home","item":"https:\/\/tuzlainfo.ba\/"},{"@type":"ListItem","position":2,"name":"BKC TK: Po\u010deo rad na koprodukcijskoj predstavi \u201eLjubav Omera i Merime\u201c"}]},{"@type":"WebSite","@id":"https:\/\/tuzlainfo.ba\/#website","url":"https:\/\/tuzlainfo.ba\/","name":"TuzlaInfo.ba","description":"Tuzla info, gradski informator - Tuzla na dlanu","publisher":{"@id":"https:\/\/tuzlainfo.ba\/#organization"},"potentialAction":[{"@type":"SearchAction","target":{"@type":"EntryPoint","urlTemplate":"https:\/\/tuzlainfo.ba\/?s={search_term_string}"},"query-input":{"@type":"PropertyValueSpecification","valueRequired":true,"valueName":"search_term_string"}}],"inLanguage":"bs-BA"},{"@type":"Organization","@id":"https:\/\/tuzlainfo.ba\/#organization","name":"TuzlaInfo.ba","url":"https:\/\/tuzlainfo.ba\/","logo":{"@type":"ImageObject","inLanguage":"bs-BA","@id":"https:\/\/tuzlainfo.ba\/#\/schema\/logo\/image\/","url":"https:\/\/tuzlainfo.ba\/wp-content\/uploads\/2021\/03\/logo-ver-3-1.png","contentUrl":"https:\/\/tuzlainfo.ba\/wp-content\/uploads\/2021\/03\/logo-ver-3-1.png","width":350,"height":95,"caption":"TuzlaInfo.ba"},"image":{"@id":"https:\/\/tuzlainfo.ba\/#\/schema\/logo\/image\/"},"sameAs":["https:\/\/www.facebook.com\/tuzlainfo.ba\/"]},{"@type":"Person","@id":"https:\/\/tuzlainfo.ba\/#\/schema\/person\/f434e20dc27ea133923aab08451b7f7f","name":"nedim","image":{"@type":"ImageObject","inLanguage":"bs-BA","@id":"https:\/\/tuzlainfo.ba\/#\/schema\/person\/image\/","url":"https:\/\/tuzlainfo.ba\/wp-content\/litespeed\/avatar\/aabad687af24844af817603ac1cbdc4f.jpg?ver=1776702173","contentUrl":"https:\/\/tuzlainfo.ba\/wp-content\/litespeed\/avatar\/aabad687af24844af817603ac1cbdc4f.jpg?ver=1776702173","caption":"nedim"},"description":"Tuzlainfo.ba pratite na dru\u0161tvenim mre\u017eama: Facebook, Instagram i Youtube. Svoje pri\u010de, upite i fotografije \u0161aljite na na\u0161u e-mail adresu."}]}},"_links":{"self":[{"href":"https:\/\/tuzlainfo.ba\/index.php\/wp-json\/wp\/v2\/posts\/224650"}],"collection":[{"href":"https:\/\/tuzlainfo.ba\/index.php\/wp-json\/wp\/v2\/posts"}],"about":[{"href":"https:\/\/tuzlainfo.ba\/index.php\/wp-json\/wp\/v2\/types\/post"}],"author":[{"embeddable":true,"href":"https:\/\/tuzlainfo.ba\/index.php\/wp-json\/wp\/v2\/users\/2"}],"replies":[{"embeddable":true,"href":"https:\/\/tuzlainfo.ba\/index.php\/wp-json\/wp\/v2\/comments?post=224650"}],"version-history":[{"count":2,"href":"https:\/\/tuzlainfo.ba\/index.php\/wp-json\/wp\/v2\/posts\/224650\/revisions"}],"predecessor-version":[{"id":224658,"href":"https:\/\/tuzlainfo.ba\/index.php\/wp-json\/wp\/v2\/posts\/224650\/revisions\/224658"}],"wp:featuredmedia":[{"embeddable":true,"href":"https:\/\/tuzlainfo.ba\/index.php\/wp-json\/wp\/v2\/media\/224652"}],"wp:attachment":[{"href":"https:\/\/tuzlainfo.ba\/index.php\/wp-json\/wp\/v2\/media?parent=224650"}],"wp:term":[{"taxonomy":"category","embeddable":true,"href":"https:\/\/tuzlainfo.ba\/index.php\/wp-json\/wp\/v2\/categories?post=224650"},{"taxonomy":"post_tag","embeddable":true,"href":"https:\/\/tuzlainfo.ba\/index.php\/wp-json\/wp\/v2\/tags?post=224650"}],"curies":[{"name":"wp","href":"https:\/\/api.w.org\/{rel}","templated":true}]}}