{"id":224547,"date":"2023-12-07T11:26:46","date_gmt":"2023-12-07T10:26:46","guid":{"rendered":"https:\/\/tuzlainfo.ba\/?p=224547"},"modified":"2023-12-07T11:26:46","modified_gmt":"2023-12-07T10:26:46","slug":"knjizevno-vece-sa-stefanom-simicem-u-tuzli-treba-spajati-svjetove-ponovo","status":"publish","type":"post","link":"https:\/\/tuzlainfo.ba\/index.php\/novosti\/item\/224547-knjizevno-vece-sa-stefanom-simicem-u-tuzli-treba-spajati-svjetove-ponovo\/","title":{"rendered":"Knji\u017eevno ve\u010de sa Stefanom Simi\u0107em u Tuzli: Treba spajati svjetove ponovo"},"content":{"rendered":"<p>Knji\u017eevno ve\u010de \u201cTeatar iskrenosti\u201d sa pjesnikom\u00a0 Stefanom Simi\u0107em odr\u017eano je sino\u0107 u Narodnoj univerzitetskoj biblioteci \u201cDervi\u0161 Su\u0161i\u0107\u201d Tuzla.<\/p>\n<p>Svi\u00a0 ljubitelji pisane rije\u010di, i Simi\u0107evog stvarala\u0161tva imali su priliku u\u017eivati u pravom Teatru iskrenosti, \u00a0neuobi\u010dajenoj knji\u017eevnoj ve\u010deri\u00a0 poezije sa puno emocija, humora\u00a0 i otvorenosti.<\/p>\n<p>&#8211; Poenta svih nastupa je da isprovocira najbolje u ljudima. Kroz humor \u017eelim da pokrenem ono \u0161to nam najvi\u0161e fali, a to je emocija otvorenosti, iskrenost koja nas povezuje &#8211; istakao je Simi\u0107.<\/p>\n<p>Njegove ve\u010deri poezije kako i sam ka\u017ee su vi\u0161e nalik na monodrame, teatru ispovijesti, kabareu, gdje na razne na\u010dine poku\u0161ava da komunicira sa publikom, otvori ljudima i prenese neku poruku.<\/p>\n<p>&#8211; Ve\u010deras smo pokrenuli divnu energiju, dotakli smo puno ljudi, u nadi da \u0107e to prerasti u naviku dru\u017eenja, novih nastupa, susreta.\u00a0 Tema i povoda je mnogo, vrata su ot\u0161krinuta, treba u\u0107i, i spajati svetove ponovo rekao je sini\u0107 Stefan Simi\u0107.<\/p>\n<p>Profesorica Rensa Berbi\u0107 Mi\u0161i\u0107\u00a0 rekla je kako \u00a0Simi\u0107 svojim prijem\u010divim stilom pisanja\u00a0 povezuje ljude, \u010ditavu regiju, te ono \u0161to on radi je \u017eivot koji treba da se \u017eivi.<\/p>\n<p>&#8211; Ve\u010deras smo imali priliku da u\u017eivamo u Teatru iskrenosti u kojem se Stefan Simi\u0107 daje od srca. Sve svoje borbe, \u017eelje, \u010de\u017enje i\u00a0 svu svoju \u017eudnju za nekim boljim \u017eivotom on je preto\u010dio u jednu umjetnost koja je postala \u00a0bliska svima nama. Svojim prisustvom smo pokazali da mo\u017eemo razmi\u0161ljati u pravcu da &#8211; \u00a0\u017eivot mo\u017eemo kreirati mi, i da trebamo upoznati sebe &#8211; navela je profesorica Rensa Berbi\u0107 Mi\u0161i\u0107.<\/p>\n<p><img fetchpriority=\"high\" decoding=\"async\" class=\"alignnone wp-image-224550 size-large\" src=\"https:\/\/tuzlainfo.ba\/wp-content\/uploads\/2023\/12\/0712_simic-1-1024x703.jpg\" alt=\"\" width=\"1024\" height=\"703\" srcset=\"https:\/\/tuzlainfo.ba\/wp-content\/uploads\/2023\/12\/0712_simic-1-1024x703.jpg 1024w, https:\/\/tuzlainfo.ba\/wp-content\/uploads\/2023\/12\/0712_simic-1-300x206.jpg 300w, https:\/\/tuzlainfo.ba\/wp-content\/uploads\/2023\/12\/0712_simic-1-768x527.jpg 768w, https:\/\/tuzlainfo.ba\/wp-content\/uploads\/2023\/12\/0712_simic-1-1536x1054.jpg 1536w, https:\/\/tuzlainfo.ba\/wp-content\/uploads\/2023\/12\/0712_simic-1-1170x803.jpg 1170w, https:\/\/tuzlainfo.ba\/wp-content\/uploads\/2023\/12\/0712_simic-1-585x401.jpg 585w, https:\/\/tuzlainfo.ba\/wp-content\/uploads\/2023\/12\/0712_simic-1-150x103.jpg 150w, https:\/\/tuzlainfo.ba\/wp-content\/uploads\/2023\/12\/0712_simic-1-500x343.jpg 500w, https:\/\/tuzlainfo.ba\/wp-content\/uploads\/2023\/12\/0712_simic-1.jpg 1817w\" sizes=\"(max-width: 1024px) 100vw, 1024px\" \/>Prije nastupa u Narodnoj biblioteci, Simi\u0107 je gostovao u Srednjim \u0161kolama, tim povodom profesorica \u00a0Berbi\u0107 Mi\u0161i\u0107 rekla je kako su imali priliku razgovarati sa mladim ljudima.<\/p>\n<p>&#8211; Imali smo priliku u\u0107i i pod krov \u0161kole. \u017delimo da ovo \u0161to on radi dopre do na\u0161e mladosti, na\u0161ih u\u010denika, koji jednostavno trebaju podr\u0161ku u ovom dana\u0161njem svijetu &#8211; istakla je.<\/p>\n<p>Stefan Simi\u0107 ro\u0111en je 1989. godine u Para\u0107inu. Studirao je sociologiju na Filozofskom fakultetu u Beogradu. Svoju \u00a0prvu knjigu \u201cPustite nas\u201d objavio je 2012. godine,\u00a0 zatim,\u00a0 \u201cOdjeci ljudskog\u201d 2013. godine,\u00a0\u00a0 \u201cGeneracijama koje rastu bez poezije\u201d 2016., \u201cRekoh i olak\u0161ah du\u0161u\u201d 2019., \u201cPovratak \u010doveku\u201d 2020., i \u201cPrkos besmislu\u201d 2023.godine.<strong> \/Tuzlainfo.ba, R. Numanovi\u0107\/<\/strong><\/p>\n","protected":false},"excerpt":{"rendered":"<p>Knji\u017eevno ve\u010de \u201cTeatar iskrenosti\u201d sa pjesnikom\u00a0 Stefanom Simi\u0107em odr\u017eano je sino\u0107 u Narodnoj univerzitetskoj biblioteci&hellip;<\/p>\n","protected":false},"author":2,"featured_media":224548,"comment_status":"closed","ping_status":"closed","sticky":false,"template":"","format":"standard","meta":{"_acf_changed":false,"footnotes":""},"categories":[304,12],"tags":[3139,8942],"acf":[],"yoast_head":"<!-- This site is optimized with the Yoast SEO plugin v23.5 - https:\/\/yoast.com\/wordpress\/plugins\/seo\/ -->\n<title>Knji\u017eevno ve\u010de sa Stefanom Simi\u0107em u Tuzli: Treba spajati svjetove ponovo - TuzlaInfo.ba<\/title>\n<meta name=\"robots\" content=\"index, follow, max-snippet:-1, max-image-preview:large, max-video-preview:-1\" \/>\n<link rel=\"canonical\" href=\"https:\/\/tuzlainfo.ba\/index.php\/novosti\/item\/224547-knjizevno-vece-sa-stefanom-simicem-u-tuzli-treba-spajati-svjetove-ponovo\/\" \/>\n<meta property=\"og:locale\" content=\"bs_BA\" \/>\n<meta property=\"og:type\" content=\"article\" \/>\n<meta property=\"og:title\" content=\"Knji\u017eevno ve\u010de sa Stefanom Simi\u0107em u Tuzli: Treba spajati svjetove ponovo - TuzlaInfo.ba\" \/>\n<meta property=\"og:description\" content=\"Knji\u017eevno ve\u010de \u201cTeatar iskrenosti\u201d sa pjesnikom\u00a0 Stefanom Simi\u0107em odr\u017eano je sino\u0107 u Narodnoj univerzitetskoj biblioteci&hellip;\" \/>\n<meta property=\"og:url\" content=\"https:\/\/tuzlainfo.ba\/index.php\/novosti\/item\/224547-knjizevno-vece-sa-stefanom-simicem-u-tuzli-treba-spajati-svjetove-ponovo\/\" \/>\n<meta property=\"og:site_name\" content=\"TuzlaInfo.ba\" \/>\n<meta property=\"article:publisher\" content=\"https:\/\/www.facebook.com\/tuzlainfo.ba\/\" \/>\n<meta property=\"article:published_time\" content=\"2023-12-07T10:26:46+00:00\" \/>\n<meta property=\"og:image\" content=\"https:\/\/tuzlainfo.ba\/wp-content\/uploads\/2023\/12\/0712_simic_kolaz.jpg\" \/>\n\t<meta property=\"og:image:width\" content=\"1000\" \/>\n\t<meta property=\"og:image:height\" content=\"632\" \/>\n\t<meta property=\"og:image:type\" content=\"image\/jpeg\" \/>\n<meta name=\"author\" content=\"nedim\" \/>\n<meta name=\"twitter:card\" content=\"summary_large_image\" \/>\n<meta name=\"twitter:label1\" content=\"Written by\" \/>\n\t<meta name=\"twitter:data1\" content=\"nedim\" \/>\n\t<meta name=\"twitter:label2\" content=\"Est. reading time\" \/>\n\t<meta name=\"twitter:data2\" content=\"3 minute\" \/>\n<script type=\"application\/ld+json\" class=\"yoast-schema-graph\">{\"@context\":\"https:\/\/schema.org\",\"@graph\":[{\"@type\":\"Article\",\"@id\":\"https:\/\/tuzlainfo.ba\/index.php\/novosti\/item\/224547-knjizevno-vece-sa-stefanom-simicem-u-tuzli-treba-spajati-svjetove-ponovo\/#article\",\"isPartOf\":{\"@id\":\"https:\/\/tuzlainfo.ba\/index.php\/novosti\/item\/224547-knjizevno-vece-sa-stefanom-simicem-u-tuzli-treba-spajati-svjetove-ponovo\/\"},\"author\":{\"name\":\"nedim\",\"@id\":\"https:\/\/tuzlainfo.ba\/#\/schema\/person\/f434e20dc27ea133923aab08451b7f7f\"},\"headline\":\"Knji\u017eevno ve\u010de sa Stefanom Simi\u0107em u Tuzli: Treba spajati svjetove ponovo\",\"datePublished\":\"2023-12-07T10:26:46+00:00\",\"dateModified\":\"2023-12-07T10:26:46+00:00\",\"mainEntityOfPage\":{\"@id\":\"https:\/\/tuzlainfo.ba\/index.php\/novosti\/item\/224547-knjizevno-vece-sa-stefanom-simicem-u-tuzli-treba-spajati-svjetove-ponovo\/\"},\"wordCount\":406,\"publisher\":{\"@id\":\"https:\/\/tuzlainfo.ba\/#organization\"},\"image\":{\"@id\":\"https:\/\/tuzlainfo.ba\/index.php\/novosti\/item\/224547-knjizevno-vece-sa-stefanom-simicem-u-tuzli-treba-spajati-svjetove-ponovo\/#primaryimage\"},\"thumbnailUrl\":\"https:\/\/tuzlainfo.ba\/wp-content\/uploads\/2023\/12\/0712_simic_kolaz.jpg\",\"keywords\":[\"Narodna biblioteka Dervi\u0161 Su\u0161i\u0107\",\"stefan simi\u0107\"],\"articleSection\":[\"Istaknuto\",\"Novosti\"],\"inLanguage\":\"bs-BA\"},{\"@type\":\"WebPage\",\"@id\":\"https:\/\/tuzlainfo.ba\/index.php\/novosti\/item\/224547-knjizevno-vece-sa-stefanom-simicem-u-tuzli-treba-spajati-svjetove-ponovo\/\",\"url\":\"https:\/\/tuzlainfo.ba\/index.php\/novosti\/item\/224547-knjizevno-vece-sa-stefanom-simicem-u-tuzli-treba-spajati-svjetove-ponovo\/\",\"name\":\"Knji\u017eevno ve\u010de sa Stefanom Simi\u0107em u Tuzli: Treba spajati svjetove ponovo - TuzlaInfo.ba\",\"isPartOf\":{\"@id\":\"https:\/\/tuzlainfo.ba\/#website\"},\"primaryImageOfPage\":{\"@id\":\"https:\/\/tuzlainfo.ba\/index.php\/novosti\/item\/224547-knjizevno-vece-sa-stefanom-simicem-u-tuzli-treba-spajati-svjetove-ponovo\/#primaryimage\"},\"image\":{\"@id\":\"https:\/\/tuzlainfo.ba\/index.php\/novosti\/item\/224547-knjizevno-vece-sa-stefanom-simicem-u-tuzli-treba-spajati-svjetove-ponovo\/#primaryimage\"},\"thumbnailUrl\":\"https:\/\/tuzlainfo.ba\/wp-content\/uploads\/2023\/12\/0712_simic_kolaz.jpg\",\"datePublished\":\"2023-12-07T10:26:46+00:00\",\"dateModified\":\"2023-12-07T10:26:46+00:00\",\"breadcrumb\":{\"@id\":\"https:\/\/tuzlainfo.ba\/index.php\/novosti\/item\/224547-knjizevno-vece-sa-stefanom-simicem-u-tuzli-treba-spajati-svjetove-ponovo\/#breadcrumb\"},\"inLanguage\":\"bs-BA\",\"potentialAction\":[{\"@type\":\"ReadAction\",\"target\":[\"https:\/\/tuzlainfo.ba\/index.php\/novosti\/item\/224547-knjizevno-vece-sa-stefanom-simicem-u-tuzli-treba-spajati-svjetove-ponovo\/\"]}]},{\"@type\":\"ImageObject\",\"inLanguage\":\"bs-BA\",\"@id\":\"https:\/\/tuzlainfo.ba\/index.php\/novosti\/item\/224547-knjizevno-vece-sa-stefanom-simicem-u-tuzli-treba-spajati-svjetove-ponovo\/#primaryimage\",\"url\":\"https:\/\/tuzlainfo.ba\/wp-content\/uploads\/2023\/12\/0712_simic_kolaz.jpg\",\"contentUrl\":\"https:\/\/tuzlainfo.ba\/wp-content\/uploads\/2023\/12\/0712_simic_kolaz.jpg\",\"width\":1000,\"height\":632},{\"@type\":\"BreadcrumbList\",\"@id\":\"https:\/\/tuzlainfo.ba\/index.php\/novosti\/item\/224547-knjizevno-vece-sa-stefanom-simicem-u-tuzli-treba-spajati-svjetove-ponovo\/#breadcrumb\",\"itemListElement\":[{\"@type\":\"ListItem\",\"position\":1,\"name\":\"Home\",\"item\":\"https:\/\/tuzlainfo.ba\/\"},{\"@type\":\"ListItem\",\"position\":2,\"name\":\"Knji\u017eevno ve\u010de sa Stefanom Simi\u0107em u Tuzli: Treba spajati svjetove ponovo\"}]},{\"@type\":\"WebSite\",\"@id\":\"https:\/\/tuzlainfo.ba\/#website\",\"url\":\"https:\/\/tuzlainfo.ba\/\",\"name\":\"TuzlaInfo.ba\",\"description\":\"Tuzla info, gradski informator - Tuzla na dlanu\",\"publisher\":{\"@id\":\"https:\/\/tuzlainfo.ba\/#organization\"},\"potentialAction\":[{\"@type\":\"SearchAction\",\"target\":{\"@type\":\"EntryPoint\",\"urlTemplate\":\"https:\/\/tuzlainfo.ba\/?s={search_term_string}\"},\"query-input\":{\"@type\":\"PropertyValueSpecification\",\"valueRequired\":true,\"valueName\":\"search_term_string\"}}],\"inLanguage\":\"bs-BA\"},{\"@type\":\"Organization\",\"@id\":\"https:\/\/tuzlainfo.ba\/#organization\",\"name\":\"TuzlaInfo.ba\",\"url\":\"https:\/\/tuzlainfo.ba\/\",\"logo\":{\"@type\":\"ImageObject\",\"inLanguage\":\"bs-BA\",\"@id\":\"https:\/\/tuzlainfo.ba\/#\/schema\/logo\/image\/\",\"url\":\"https:\/\/tuzlainfo.ba\/wp-content\/uploads\/2021\/03\/logo-ver-3-1.png\",\"contentUrl\":\"https:\/\/tuzlainfo.ba\/wp-content\/uploads\/2021\/03\/logo-ver-3-1.png\",\"width\":350,\"height\":95,\"caption\":\"TuzlaInfo.ba\"},\"image\":{\"@id\":\"https:\/\/tuzlainfo.ba\/#\/schema\/logo\/image\/\"},\"sameAs\":[\"https:\/\/www.facebook.com\/tuzlainfo.ba\/\"]},{\"@type\":\"Person\",\"@id\":\"https:\/\/tuzlainfo.ba\/#\/schema\/person\/f434e20dc27ea133923aab08451b7f7f\",\"name\":\"nedim\",\"image\":{\"@type\":\"ImageObject\",\"inLanguage\":\"bs-BA\",\"@id\":\"https:\/\/tuzlainfo.ba\/#\/schema\/person\/image\/\",\"url\":\"https:\/\/tuzlainfo.ba\/wp-content\/litespeed\/avatar\/aabad687af24844af817603ac1cbdc4f.jpg?ver=1777306975\",\"contentUrl\":\"https:\/\/tuzlainfo.ba\/wp-content\/litespeed\/avatar\/aabad687af24844af817603ac1cbdc4f.jpg?ver=1777306975\",\"caption\":\"nedim\"},\"description\":\"Tuzlainfo.ba pratite na dru\u0161tvenim mre\u017eama: Facebook, Instagram i Youtube. Svoje pri\u010de, upite i fotografije \u0161aljite na na\u0161u e-mail adresu.\"}]}<\/script>\n<!-- \/ Yoast SEO plugin. -->","yoast_head_json":{"title":"Knji\u017eevno ve\u010de sa Stefanom Simi\u0107em u Tuzli: Treba spajati svjetove ponovo - TuzlaInfo.ba","robots":{"index":"index","follow":"follow","max-snippet":"max-snippet:-1","max-image-preview":"max-image-preview:large","max-video-preview":"max-video-preview:-1"},"canonical":"https:\/\/tuzlainfo.ba\/index.php\/novosti\/item\/224547-knjizevno-vece-sa-stefanom-simicem-u-tuzli-treba-spajati-svjetove-ponovo\/","og_locale":"bs_BA","og_type":"article","og_title":"Knji\u017eevno ve\u010de sa Stefanom Simi\u0107em u Tuzli: Treba spajati svjetove ponovo - TuzlaInfo.ba","og_description":"Knji\u017eevno ve\u010de \u201cTeatar iskrenosti\u201d sa pjesnikom\u00a0 Stefanom Simi\u0107em odr\u017eano je sino\u0107 u Narodnoj univerzitetskoj biblioteci&hellip;","og_url":"https:\/\/tuzlainfo.ba\/index.php\/novosti\/item\/224547-knjizevno-vece-sa-stefanom-simicem-u-tuzli-treba-spajati-svjetove-ponovo\/","og_site_name":"TuzlaInfo.ba","article_publisher":"https:\/\/www.facebook.com\/tuzlainfo.ba\/","article_published_time":"2023-12-07T10:26:46+00:00","og_image":[{"width":1000,"height":632,"url":"https:\/\/tuzlainfo.ba\/wp-content\/uploads\/2023\/12\/0712_simic_kolaz.jpg","type":"image\/jpeg"}],"author":"nedim","twitter_card":"summary_large_image","twitter_misc":{"Written by":"nedim","Est. reading time":"3 minute"},"schema":{"@context":"https:\/\/schema.org","@graph":[{"@type":"Article","@id":"https:\/\/tuzlainfo.ba\/index.php\/novosti\/item\/224547-knjizevno-vece-sa-stefanom-simicem-u-tuzli-treba-spajati-svjetove-ponovo\/#article","isPartOf":{"@id":"https:\/\/tuzlainfo.ba\/index.php\/novosti\/item\/224547-knjizevno-vece-sa-stefanom-simicem-u-tuzli-treba-spajati-svjetove-ponovo\/"},"author":{"name":"nedim","@id":"https:\/\/tuzlainfo.ba\/#\/schema\/person\/f434e20dc27ea133923aab08451b7f7f"},"headline":"Knji\u017eevno ve\u010de sa Stefanom Simi\u0107em u Tuzli: Treba spajati svjetove ponovo","datePublished":"2023-12-07T10:26:46+00:00","dateModified":"2023-12-07T10:26:46+00:00","mainEntityOfPage":{"@id":"https:\/\/tuzlainfo.ba\/index.php\/novosti\/item\/224547-knjizevno-vece-sa-stefanom-simicem-u-tuzli-treba-spajati-svjetove-ponovo\/"},"wordCount":406,"publisher":{"@id":"https:\/\/tuzlainfo.ba\/#organization"},"image":{"@id":"https:\/\/tuzlainfo.ba\/index.php\/novosti\/item\/224547-knjizevno-vece-sa-stefanom-simicem-u-tuzli-treba-spajati-svjetove-ponovo\/#primaryimage"},"thumbnailUrl":"https:\/\/tuzlainfo.ba\/wp-content\/uploads\/2023\/12\/0712_simic_kolaz.jpg","keywords":["Narodna biblioteka Dervi\u0161 Su\u0161i\u0107","stefan simi\u0107"],"articleSection":["Istaknuto","Novosti"],"inLanguage":"bs-BA"},{"@type":"WebPage","@id":"https:\/\/tuzlainfo.ba\/index.php\/novosti\/item\/224547-knjizevno-vece-sa-stefanom-simicem-u-tuzli-treba-spajati-svjetove-ponovo\/","url":"https:\/\/tuzlainfo.ba\/index.php\/novosti\/item\/224547-knjizevno-vece-sa-stefanom-simicem-u-tuzli-treba-spajati-svjetove-ponovo\/","name":"Knji\u017eevno ve\u010de sa Stefanom Simi\u0107em u Tuzli: Treba spajati svjetove ponovo - TuzlaInfo.ba","isPartOf":{"@id":"https:\/\/tuzlainfo.ba\/#website"},"primaryImageOfPage":{"@id":"https:\/\/tuzlainfo.ba\/index.php\/novosti\/item\/224547-knjizevno-vece-sa-stefanom-simicem-u-tuzli-treba-spajati-svjetove-ponovo\/#primaryimage"},"image":{"@id":"https:\/\/tuzlainfo.ba\/index.php\/novosti\/item\/224547-knjizevno-vece-sa-stefanom-simicem-u-tuzli-treba-spajati-svjetove-ponovo\/#primaryimage"},"thumbnailUrl":"https:\/\/tuzlainfo.ba\/wp-content\/uploads\/2023\/12\/0712_simic_kolaz.jpg","datePublished":"2023-12-07T10:26:46+00:00","dateModified":"2023-12-07T10:26:46+00:00","breadcrumb":{"@id":"https:\/\/tuzlainfo.ba\/index.php\/novosti\/item\/224547-knjizevno-vece-sa-stefanom-simicem-u-tuzli-treba-spajati-svjetove-ponovo\/#breadcrumb"},"inLanguage":"bs-BA","potentialAction":[{"@type":"ReadAction","target":["https:\/\/tuzlainfo.ba\/index.php\/novosti\/item\/224547-knjizevno-vece-sa-stefanom-simicem-u-tuzli-treba-spajati-svjetove-ponovo\/"]}]},{"@type":"ImageObject","inLanguage":"bs-BA","@id":"https:\/\/tuzlainfo.ba\/index.php\/novosti\/item\/224547-knjizevno-vece-sa-stefanom-simicem-u-tuzli-treba-spajati-svjetove-ponovo\/#primaryimage","url":"https:\/\/tuzlainfo.ba\/wp-content\/uploads\/2023\/12\/0712_simic_kolaz.jpg","contentUrl":"https:\/\/tuzlainfo.ba\/wp-content\/uploads\/2023\/12\/0712_simic_kolaz.jpg","width":1000,"height":632},{"@type":"BreadcrumbList","@id":"https:\/\/tuzlainfo.ba\/index.php\/novosti\/item\/224547-knjizevno-vece-sa-stefanom-simicem-u-tuzli-treba-spajati-svjetove-ponovo\/#breadcrumb","itemListElement":[{"@type":"ListItem","position":1,"name":"Home","item":"https:\/\/tuzlainfo.ba\/"},{"@type":"ListItem","position":2,"name":"Knji\u017eevno ve\u010de sa Stefanom Simi\u0107em u Tuzli: Treba spajati svjetove ponovo"}]},{"@type":"WebSite","@id":"https:\/\/tuzlainfo.ba\/#website","url":"https:\/\/tuzlainfo.ba\/","name":"TuzlaInfo.ba","description":"Tuzla info, gradski informator - Tuzla na dlanu","publisher":{"@id":"https:\/\/tuzlainfo.ba\/#organization"},"potentialAction":[{"@type":"SearchAction","target":{"@type":"EntryPoint","urlTemplate":"https:\/\/tuzlainfo.ba\/?s={search_term_string}"},"query-input":{"@type":"PropertyValueSpecification","valueRequired":true,"valueName":"search_term_string"}}],"inLanguage":"bs-BA"},{"@type":"Organization","@id":"https:\/\/tuzlainfo.ba\/#organization","name":"TuzlaInfo.ba","url":"https:\/\/tuzlainfo.ba\/","logo":{"@type":"ImageObject","inLanguage":"bs-BA","@id":"https:\/\/tuzlainfo.ba\/#\/schema\/logo\/image\/","url":"https:\/\/tuzlainfo.ba\/wp-content\/uploads\/2021\/03\/logo-ver-3-1.png","contentUrl":"https:\/\/tuzlainfo.ba\/wp-content\/uploads\/2021\/03\/logo-ver-3-1.png","width":350,"height":95,"caption":"TuzlaInfo.ba"},"image":{"@id":"https:\/\/tuzlainfo.ba\/#\/schema\/logo\/image\/"},"sameAs":["https:\/\/www.facebook.com\/tuzlainfo.ba\/"]},{"@type":"Person","@id":"https:\/\/tuzlainfo.ba\/#\/schema\/person\/f434e20dc27ea133923aab08451b7f7f","name":"nedim","image":{"@type":"ImageObject","inLanguage":"bs-BA","@id":"https:\/\/tuzlainfo.ba\/#\/schema\/person\/image\/","url":"https:\/\/tuzlainfo.ba\/wp-content\/litespeed\/avatar\/aabad687af24844af817603ac1cbdc4f.jpg?ver=1777306975","contentUrl":"https:\/\/tuzlainfo.ba\/wp-content\/litespeed\/avatar\/aabad687af24844af817603ac1cbdc4f.jpg?ver=1777306975","caption":"nedim"},"description":"Tuzlainfo.ba pratite na dru\u0161tvenim mre\u017eama: Facebook, Instagram i Youtube. Svoje pri\u010de, upite i fotografije \u0161aljite na na\u0161u e-mail adresu."}]}},"_links":{"self":[{"href":"https:\/\/tuzlainfo.ba\/index.php\/wp-json\/wp\/v2\/posts\/224547"}],"collection":[{"href":"https:\/\/tuzlainfo.ba\/index.php\/wp-json\/wp\/v2\/posts"}],"about":[{"href":"https:\/\/tuzlainfo.ba\/index.php\/wp-json\/wp\/v2\/types\/post"}],"author":[{"embeddable":true,"href":"https:\/\/tuzlainfo.ba\/index.php\/wp-json\/wp\/v2\/users\/2"}],"replies":[{"embeddable":true,"href":"https:\/\/tuzlainfo.ba\/index.php\/wp-json\/wp\/v2\/comments?post=224547"}],"version-history":[{"count":1,"href":"https:\/\/tuzlainfo.ba\/index.php\/wp-json\/wp\/v2\/posts\/224547\/revisions"}],"predecessor-version":[{"id":224551,"href":"https:\/\/tuzlainfo.ba\/index.php\/wp-json\/wp\/v2\/posts\/224547\/revisions\/224551"}],"wp:featuredmedia":[{"embeddable":true,"href":"https:\/\/tuzlainfo.ba\/index.php\/wp-json\/wp\/v2\/media\/224548"}],"wp:attachment":[{"href":"https:\/\/tuzlainfo.ba\/index.php\/wp-json\/wp\/v2\/media?parent=224547"}],"wp:term":[{"taxonomy":"category","embeddable":true,"href":"https:\/\/tuzlainfo.ba\/index.php\/wp-json\/wp\/v2\/categories?post=224547"},{"taxonomy":"post_tag","embeddable":true,"href":"https:\/\/tuzlainfo.ba\/index.php\/wp-json\/wp\/v2\/tags?post=224547"}],"curies":[{"name":"wp","href":"https:\/\/api.w.org\/{rel}","templated":true}]}}