{"id":223981,"date":"2023-11-30T11:59:54","date_gmt":"2023-11-30T10:59:54","guid":{"rendered":"https:\/\/tuzlainfo.ba\/?p=223981"},"modified":"2023-11-30T13:56:39","modified_gmt":"2023-11-30T12:56:39","slug":"sluzba-civilne-zastite-grada-tuzla-upozorila-gradjane-na-najavljeno-nevrijeme","status":"publish","type":"post","link":"https:\/\/tuzlainfo.ba\/index.php\/novosti\/item\/223981-sluzba-civilne-zastite-grada-tuzla-upozorila-gradjane-na-najavljeno-nevrijeme\/","title":{"rendered":"Slu\u017eba civilne za\u0161tite grada Tuzla upozorila gra\u0111ane na najavljeno nevrijeme"},"content":{"rendered":"<p>Slu\u017eba civilne za\u0161tite grada Tuzla upozorava gra\u0111ane da je izdato <strong>NARAND\u017dASTO\u00a0<\/strong>upozorenje od strane Federalnog hidrometeorolo\u0161kog zavoda BiH, <strong>za period od 30.11.2023. godine od 21:00 sat do 2.12.2023. godine do 18:00 sati.<\/strong><\/p>\n<p>Kako navode iz Slu\u017ebe civilne za\u0161tite grada Tuzla upozorenje je izadato zbog o\u010dekivanih jakih udara vjetra ju\u017enog smjera, zbog \u010dega je potrebno preduzeti mjere opreza i pratiti vremensku prognozu zbog mogu\u0107ih ne\u017eeljenih doga\u0111aja.<\/p>\n<p>Civilna za\u0161tita apeluje da gra\u0111ani u slu\u010daju jakih udara vjetra provode mjere samoza\u0161tite\u00a0<strong>i izbjegavaju:<\/strong><\/p>\n<ul>\n<li>sklanjanje ispod visokih izoliranih stabala na otvorenom i parkiranje automobila, zbog mogu\u0107eg loma grana i stabala<strong>\u2013 nikada nemojte stajati ispod visokog drve\u0107a na otvorenom prostoru.<\/strong><\/li>\n<li>stajanje pokraj prozora, otvorenih vrata, metalnih stubova i predmeta kao \u0161to su slavine, uti\u010dnice i elektri\u010dni prekida\u010di,<\/li>\n<li>kori\u0161tenje telefona i mobitela tokom oluje,<\/li>\n<li>isklju\u010diti sve elektri\u010dne ure\u0111aje,<\/li>\n<li>izbjegavati osamljena stabla i rub \u0161ume,<\/li>\n<li>izbjegavati no\u0161enje metalnih predmeta,<\/li>\n<li>izbjegavati boravak u blizini strujnih vodova i dalekovoda,<\/li>\n<li>Sklonite se od bilo kakvih visokih objekata (stubova i sl.) i imajte u vidu da je sigurno rastojanje jednako visini objekta,<\/li>\n<li>Nemojte stajati uspravno, \u010du\u010dnite ili se makar sagnite, ne dodiruju\u0107i zemlju rukama, a ako<\/li>\n<\/ul>\n<p>U slu\u010daju nastanka odre\u0111ene opasnosti\u00a0 i ugro\u017eavanja ljudskih \u017eivota \u0161to hitnije pozvati:<\/p>\n<ul>\n<li><strong>Operativni centar civilne za\u0161tite \u2013 121.<\/strong><\/li>\n<li><strong>Operativni centar MUP Tuzlanskog kantona -122<\/strong><\/li>\n<li><strong>Vatrogasci \u2013 123<\/strong><\/li>\n<li><strong>Slu\u017eba hitne medicinske pomo\u0107i \u2013 124<\/strong><\/li>\n<\/ul>\n","protected":false},"excerpt":{"rendered":"<p>Slu\u017eba civilne za\u0161tite grada Tuzla upozorava gra\u0111ane da je izdato NARAND\u017dASTO\u00a0upozorenje od strane Federalnog hidrometeorolo\u0161kog&hellip;<\/p>\n","protected":false},"author":2,"featured_media":208398,"comment_status":"open","ping_status":"closed","sticky":false,"template":"","format":"standard","meta":{"_acf_changed":false,"footnotes":""},"categories":[304,12],"tags":[331,1516,8974],"acf":[],"yoast_head":"<!-- This site is optimized with the Yoast SEO plugin v23.5 - https:\/\/yoast.com\/wordpress\/plugins\/seo\/ -->\n<title>Slu\u017eba civilne za\u0161tite grada Tuzla upozorila gra\u0111ane na najavljeno nevrijeme - TuzlaInfo.ba<\/title>\n<meta name=\"robots\" content=\"index, follow, max-snippet:-1, max-image-preview:large, max-video-preview:-1\" \/>\n<link rel=\"canonical\" href=\"https:\/\/tuzlainfo.ba\/index.php\/novosti\/item\/223981-sluzba-civilne-zastite-grada-tuzla-upozorila-gradjane-na-najavljeno-nevrijeme\/\" \/>\n<meta property=\"og:locale\" content=\"bs_BA\" \/>\n<meta property=\"og:type\" content=\"article\" \/>\n<meta property=\"og:title\" content=\"Slu\u017eba civilne za\u0161tite grada Tuzla upozorila gra\u0111ane na najavljeno nevrijeme - TuzlaInfo.ba\" \/>\n<meta property=\"og:description\" content=\"Slu\u017eba civilne za\u0161tite grada Tuzla upozorava gra\u0111ane da je izdato NARAND\u017dASTO\u00a0upozorenje od strane Federalnog hidrometeorolo\u0161kog&hellip;\" \/>\n<meta property=\"og:url\" content=\"https:\/\/tuzlainfo.ba\/index.php\/novosti\/item\/223981-sluzba-civilne-zastite-grada-tuzla-upozorila-gradjane-na-najavljeno-nevrijeme\/\" \/>\n<meta property=\"og:site_name\" content=\"TuzlaInfo.ba\" \/>\n<meta property=\"article:publisher\" content=\"https:\/\/www.facebook.com\/tuzlainfo.ba\/\" \/>\n<meta property=\"article:published_time\" content=\"2023-11-30T10:59:54+00:00\" \/>\n<meta property=\"article:modified_time\" content=\"2023-11-30T12:56:39+00:00\" \/>\n<meta property=\"og:image\" content=\"https:\/\/tuzlainfo.ba\/wp-content\/uploads\/2023\/06\/IMG_6093.jpeg\" \/>\n\t<meta property=\"og:image:width\" content=\"1125\" \/>\n\t<meta property=\"og:image:height\" content=\"630\" \/>\n\t<meta property=\"og:image:type\" content=\"image\/jpeg\" \/>\n<meta name=\"author\" content=\"nedim\" \/>\n<meta name=\"twitter:card\" content=\"summary_large_image\" \/>\n<meta name=\"twitter:label1\" content=\"Written by\" \/>\n\t<meta name=\"twitter:data1\" content=\"nedim\" \/>\n\t<meta name=\"twitter:label2\" content=\"Est. reading time\" \/>\n\t<meta name=\"twitter:data2\" content=\"2 minute\" \/>\n<script type=\"application\/ld+json\" class=\"yoast-schema-graph\">{\"@context\":\"https:\/\/schema.org\",\"@graph\":[{\"@type\":\"Article\",\"@id\":\"https:\/\/tuzlainfo.ba\/index.php\/novosti\/item\/223981-sluzba-civilne-zastite-grada-tuzla-upozorila-gradjane-na-najavljeno-nevrijeme\/#article\",\"isPartOf\":{\"@id\":\"https:\/\/tuzlainfo.ba\/index.php\/novosti\/item\/223981-sluzba-civilne-zastite-grada-tuzla-upozorila-gradjane-na-najavljeno-nevrijeme\/\"},\"author\":{\"name\":\"nedim\",\"@id\":\"https:\/\/tuzlainfo.ba\/#\/schema\/person\/f434e20dc27ea133923aab08451b7f7f\"},\"headline\":\"Slu\u017eba civilne za\u0161tite grada Tuzla upozorila gra\u0111ane na najavljeno nevrijeme\",\"datePublished\":\"2023-11-30T10:59:54+00:00\",\"dateModified\":\"2023-11-30T12:56:39+00:00\",\"mainEntityOfPage\":{\"@id\":\"https:\/\/tuzlainfo.ba\/index.php\/novosti\/item\/223981-sluzba-civilne-zastite-grada-tuzla-upozorila-gradjane-na-najavljeno-nevrijeme\/\"},\"wordCount\":255,\"commentCount\":0,\"publisher\":{\"@id\":\"https:\/\/tuzlainfo.ba\/#organization\"},\"image\":{\"@id\":\"https:\/\/tuzlainfo.ba\/index.php\/novosti\/item\/223981-sluzba-civilne-zastite-grada-tuzla-upozorila-gradjane-na-najavljeno-nevrijeme\/#primaryimage\"},\"thumbnailUrl\":\"https:\/\/tuzlainfo.ba\/wp-content\/uploads\/2023\/06\/IMG_6093.jpeg\",\"keywords\":[\"grad tuzla\",\"Kantonalna uprava civilne za\u0161tite Tuzla\",\"meteo upozorenje\"],\"articleSection\":[\"Istaknuto\",\"Novosti\"],\"inLanguage\":\"bs-BA\"},{\"@type\":\"WebPage\",\"@id\":\"https:\/\/tuzlainfo.ba\/index.php\/novosti\/item\/223981-sluzba-civilne-zastite-grada-tuzla-upozorila-gradjane-na-najavljeno-nevrijeme\/\",\"url\":\"https:\/\/tuzlainfo.ba\/index.php\/novosti\/item\/223981-sluzba-civilne-zastite-grada-tuzla-upozorila-gradjane-na-najavljeno-nevrijeme\/\",\"name\":\"Slu\u017eba civilne za\u0161tite grada Tuzla upozorila gra\u0111ane na najavljeno nevrijeme - TuzlaInfo.ba\",\"isPartOf\":{\"@id\":\"https:\/\/tuzlainfo.ba\/#website\"},\"primaryImageOfPage\":{\"@id\":\"https:\/\/tuzlainfo.ba\/index.php\/novosti\/item\/223981-sluzba-civilne-zastite-grada-tuzla-upozorila-gradjane-na-najavljeno-nevrijeme\/#primaryimage\"},\"image\":{\"@id\":\"https:\/\/tuzlainfo.ba\/index.php\/novosti\/item\/223981-sluzba-civilne-zastite-grada-tuzla-upozorila-gradjane-na-najavljeno-nevrijeme\/#primaryimage\"},\"thumbnailUrl\":\"https:\/\/tuzlainfo.ba\/wp-content\/uploads\/2023\/06\/IMG_6093.jpeg\",\"datePublished\":\"2023-11-30T10:59:54+00:00\",\"dateModified\":\"2023-11-30T12:56:39+00:00\",\"breadcrumb\":{\"@id\":\"https:\/\/tuzlainfo.ba\/index.php\/novosti\/item\/223981-sluzba-civilne-zastite-grada-tuzla-upozorila-gradjane-na-najavljeno-nevrijeme\/#breadcrumb\"},\"inLanguage\":\"bs-BA\",\"potentialAction\":[{\"@type\":\"ReadAction\",\"target\":[\"https:\/\/tuzlainfo.ba\/index.php\/novosti\/item\/223981-sluzba-civilne-zastite-grada-tuzla-upozorila-gradjane-na-najavljeno-nevrijeme\/\"]}]},{\"@type\":\"ImageObject\",\"inLanguage\":\"bs-BA\",\"@id\":\"https:\/\/tuzlainfo.ba\/index.php\/novosti\/item\/223981-sluzba-civilne-zastite-grada-tuzla-upozorila-gradjane-na-najavljeno-nevrijeme\/#primaryimage\",\"url\":\"https:\/\/tuzlainfo.ba\/wp-content\/uploads\/2023\/06\/IMG_6093.jpeg\",\"contentUrl\":\"https:\/\/tuzlainfo.ba\/wp-content\/uploads\/2023\/06\/IMG_6093.jpeg\",\"width\":1125,\"height\":630},{\"@type\":\"BreadcrumbList\",\"@id\":\"https:\/\/tuzlainfo.ba\/index.php\/novosti\/item\/223981-sluzba-civilne-zastite-grada-tuzla-upozorila-gradjane-na-najavljeno-nevrijeme\/#breadcrumb\",\"itemListElement\":[{\"@type\":\"ListItem\",\"position\":1,\"name\":\"Home\",\"item\":\"https:\/\/tuzlainfo.ba\/\"},{\"@type\":\"ListItem\",\"position\":2,\"name\":\"Slu\u017eba civilne za\u0161tite grada Tuzla upozorila gra\u0111ane na najavljeno nevrijeme\"}]},{\"@type\":\"WebSite\",\"@id\":\"https:\/\/tuzlainfo.ba\/#website\",\"url\":\"https:\/\/tuzlainfo.ba\/\",\"name\":\"TuzlaInfo.ba\",\"description\":\"Tuzla info, gradski informator - Tuzla na dlanu\",\"publisher\":{\"@id\":\"https:\/\/tuzlainfo.ba\/#organization\"},\"potentialAction\":[{\"@type\":\"SearchAction\",\"target\":{\"@type\":\"EntryPoint\",\"urlTemplate\":\"https:\/\/tuzlainfo.ba\/?s={search_term_string}\"},\"query-input\":{\"@type\":\"PropertyValueSpecification\",\"valueRequired\":true,\"valueName\":\"search_term_string\"}}],\"inLanguage\":\"bs-BA\"},{\"@type\":\"Organization\",\"@id\":\"https:\/\/tuzlainfo.ba\/#organization\",\"name\":\"TuzlaInfo.ba\",\"url\":\"https:\/\/tuzlainfo.ba\/\",\"logo\":{\"@type\":\"ImageObject\",\"inLanguage\":\"bs-BA\",\"@id\":\"https:\/\/tuzlainfo.ba\/#\/schema\/logo\/image\/\",\"url\":\"https:\/\/tuzlainfo.ba\/wp-content\/uploads\/2021\/03\/logo-ver-3-1.png\",\"contentUrl\":\"https:\/\/tuzlainfo.ba\/wp-content\/uploads\/2021\/03\/logo-ver-3-1.png\",\"width\":350,\"height\":95,\"caption\":\"TuzlaInfo.ba\"},\"image\":{\"@id\":\"https:\/\/tuzlainfo.ba\/#\/schema\/logo\/image\/\"},\"sameAs\":[\"https:\/\/www.facebook.com\/tuzlainfo.ba\/\"]},{\"@type\":\"Person\",\"@id\":\"https:\/\/tuzlainfo.ba\/#\/schema\/person\/f434e20dc27ea133923aab08451b7f7f\",\"name\":\"nedim\",\"image\":{\"@type\":\"ImageObject\",\"inLanguage\":\"bs-BA\",\"@id\":\"https:\/\/tuzlainfo.ba\/#\/schema\/person\/image\/\",\"url\":\"https:\/\/tuzlainfo.ba\/wp-content\/litespeed\/avatar\/aabad687af24844af817603ac1cbdc4f.jpg?ver=1776702173\",\"contentUrl\":\"https:\/\/tuzlainfo.ba\/wp-content\/litespeed\/avatar\/aabad687af24844af817603ac1cbdc4f.jpg?ver=1776702173\",\"caption\":\"nedim\"},\"description\":\"Tuzlainfo.ba pratite na dru\u0161tvenim mre\u017eama: Facebook, Instagram i Youtube. Svoje pri\u010de, upite i fotografije \u0161aljite na na\u0161u e-mail adresu.\"}]}<\/script>\n<!-- \/ Yoast SEO plugin. -->","yoast_head_json":{"title":"Slu\u017eba civilne za\u0161tite grada Tuzla upozorila gra\u0111ane na najavljeno nevrijeme - TuzlaInfo.ba","robots":{"index":"index","follow":"follow","max-snippet":"max-snippet:-1","max-image-preview":"max-image-preview:large","max-video-preview":"max-video-preview:-1"},"canonical":"https:\/\/tuzlainfo.ba\/index.php\/novosti\/item\/223981-sluzba-civilne-zastite-grada-tuzla-upozorila-gradjane-na-najavljeno-nevrijeme\/","og_locale":"bs_BA","og_type":"article","og_title":"Slu\u017eba civilne za\u0161tite grada Tuzla upozorila gra\u0111ane na najavljeno nevrijeme - TuzlaInfo.ba","og_description":"Slu\u017eba civilne za\u0161tite grada Tuzla upozorava gra\u0111ane da je izdato NARAND\u017dASTO\u00a0upozorenje od strane Federalnog hidrometeorolo\u0161kog&hellip;","og_url":"https:\/\/tuzlainfo.ba\/index.php\/novosti\/item\/223981-sluzba-civilne-zastite-grada-tuzla-upozorila-gradjane-na-najavljeno-nevrijeme\/","og_site_name":"TuzlaInfo.ba","article_publisher":"https:\/\/www.facebook.com\/tuzlainfo.ba\/","article_published_time":"2023-11-30T10:59:54+00:00","article_modified_time":"2023-11-30T12:56:39+00:00","og_image":[{"width":1125,"height":630,"url":"https:\/\/tuzlainfo.ba\/wp-content\/uploads\/2023\/06\/IMG_6093.jpeg","type":"image\/jpeg"}],"author":"nedim","twitter_card":"summary_large_image","twitter_misc":{"Written by":"nedim","Est. reading time":"2 minute"},"schema":{"@context":"https:\/\/schema.org","@graph":[{"@type":"Article","@id":"https:\/\/tuzlainfo.ba\/index.php\/novosti\/item\/223981-sluzba-civilne-zastite-grada-tuzla-upozorila-gradjane-na-najavljeno-nevrijeme\/#article","isPartOf":{"@id":"https:\/\/tuzlainfo.ba\/index.php\/novosti\/item\/223981-sluzba-civilne-zastite-grada-tuzla-upozorila-gradjane-na-najavljeno-nevrijeme\/"},"author":{"name":"nedim","@id":"https:\/\/tuzlainfo.ba\/#\/schema\/person\/f434e20dc27ea133923aab08451b7f7f"},"headline":"Slu\u017eba civilne za\u0161tite grada Tuzla upozorila gra\u0111ane na najavljeno nevrijeme","datePublished":"2023-11-30T10:59:54+00:00","dateModified":"2023-11-30T12:56:39+00:00","mainEntityOfPage":{"@id":"https:\/\/tuzlainfo.ba\/index.php\/novosti\/item\/223981-sluzba-civilne-zastite-grada-tuzla-upozorila-gradjane-na-najavljeno-nevrijeme\/"},"wordCount":255,"commentCount":0,"publisher":{"@id":"https:\/\/tuzlainfo.ba\/#organization"},"image":{"@id":"https:\/\/tuzlainfo.ba\/index.php\/novosti\/item\/223981-sluzba-civilne-zastite-grada-tuzla-upozorila-gradjane-na-najavljeno-nevrijeme\/#primaryimage"},"thumbnailUrl":"https:\/\/tuzlainfo.ba\/wp-content\/uploads\/2023\/06\/IMG_6093.jpeg","keywords":["grad tuzla","Kantonalna uprava civilne za\u0161tite Tuzla","meteo upozorenje"],"articleSection":["Istaknuto","Novosti"],"inLanguage":"bs-BA"},{"@type":"WebPage","@id":"https:\/\/tuzlainfo.ba\/index.php\/novosti\/item\/223981-sluzba-civilne-zastite-grada-tuzla-upozorila-gradjane-na-najavljeno-nevrijeme\/","url":"https:\/\/tuzlainfo.ba\/index.php\/novosti\/item\/223981-sluzba-civilne-zastite-grada-tuzla-upozorila-gradjane-na-najavljeno-nevrijeme\/","name":"Slu\u017eba civilne za\u0161tite grada Tuzla upozorila gra\u0111ane na najavljeno nevrijeme - TuzlaInfo.ba","isPartOf":{"@id":"https:\/\/tuzlainfo.ba\/#website"},"primaryImageOfPage":{"@id":"https:\/\/tuzlainfo.ba\/index.php\/novosti\/item\/223981-sluzba-civilne-zastite-grada-tuzla-upozorila-gradjane-na-najavljeno-nevrijeme\/#primaryimage"},"image":{"@id":"https:\/\/tuzlainfo.ba\/index.php\/novosti\/item\/223981-sluzba-civilne-zastite-grada-tuzla-upozorila-gradjane-na-najavljeno-nevrijeme\/#primaryimage"},"thumbnailUrl":"https:\/\/tuzlainfo.ba\/wp-content\/uploads\/2023\/06\/IMG_6093.jpeg","datePublished":"2023-11-30T10:59:54+00:00","dateModified":"2023-11-30T12:56:39+00:00","breadcrumb":{"@id":"https:\/\/tuzlainfo.ba\/index.php\/novosti\/item\/223981-sluzba-civilne-zastite-grada-tuzla-upozorila-gradjane-na-najavljeno-nevrijeme\/#breadcrumb"},"inLanguage":"bs-BA","potentialAction":[{"@type":"ReadAction","target":["https:\/\/tuzlainfo.ba\/index.php\/novosti\/item\/223981-sluzba-civilne-zastite-grada-tuzla-upozorila-gradjane-na-najavljeno-nevrijeme\/"]}]},{"@type":"ImageObject","inLanguage":"bs-BA","@id":"https:\/\/tuzlainfo.ba\/index.php\/novosti\/item\/223981-sluzba-civilne-zastite-grada-tuzla-upozorila-gradjane-na-najavljeno-nevrijeme\/#primaryimage","url":"https:\/\/tuzlainfo.ba\/wp-content\/uploads\/2023\/06\/IMG_6093.jpeg","contentUrl":"https:\/\/tuzlainfo.ba\/wp-content\/uploads\/2023\/06\/IMG_6093.jpeg","width":1125,"height":630},{"@type":"BreadcrumbList","@id":"https:\/\/tuzlainfo.ba\/index.php\/novosti\/item\/223981-sluzba-civilne-zastite-grada-tuzla-upozorila-gradjane-na-najavljeno-nevrijeme\/#breadcrumb","itemListElement":[{"@type":"ListItem","position":1,"name":"Home","item":"https:\/\/tuzlainfo.ba\/"},{"@type":"ListItem","position":2,"name":"Slu\u017eba civilne za\u0161tite grada Tuzla upozorila gra\u0111ane na najavljeno nevrijeme"}]},{"@type":"WebSite","@id":"https:\/\/tuzlainfo.ba\/#website","url":"https:\/\/tuzlainfo.ba\/","name":"TuzlaInfo.ba","description":"Tuzla info, gradski informator - Tuzla na dlanu","publisher":{"@id":"https:\/\/tuzlainfo.ba\/#organization"},"potentialAction":[{"@type":"SearchAction","target":{"@type":"EntryPoint","urlTemplate":"https:\/\/tuzlainfo.ba\/?s={search_term_string}"},"query-input":{"@type":"PropertyValueSpecification","valueRequired":true,"valueName":"search_term_string"}}],"inLanguage":"bs-BA"},{"@type":"Organization","@id":"https:\/\/tuzlainfo.ba\/#organization","name":"TuzlaInfo.ba","url":"https:\/\/tuzlainfo.ba\/","logo":{"@type":"ImageObject","inLanguage":"bs-BA","@id":"https:\/\/tuzlainfo.ba\/#\/schema\/logo\/image\/","url":"https:\/\/tuzlainfo.ba\/wp-content\/uploads\/2021\/03\/logo-ver-3-1.png","contentUrl":"https:\/\/tuzlainfo.ba\/wp-content\/uploads\/2021\/03\/logo-ver-3-1.png","width":350,"height":95,"caption":"TuzlaInfo.ba"},"image":{"@id":"https:\/\/tuzlainfo.ba\/#\/schema\/logo\/image\/"},"sameAs":["https:\/\/www.facebook.com\/tuzlainfo.ba\/"]},{"@type":"Person","@id":"https:\/\/tuzlainfo.ba\/#\/schema\/person\/f434e20dc27ea133923aab08451b7f7f","name":"nedim","image":{"@type":"ImageObject","inLanguage":"bs-BA","@id":"https:\/\/tuzlainfo.ba\/#\/schema\/person\/image\/","url":"https:\/\/tuzlainfo.ba\/wp-content\/litespeed\/avatar\/aabad687af24844af817603ac1cbdc4f.jpg?ver=1776702173","contentUrl":"https:\/\/tuzlainfo.ba\/wp-content\/litespeed\/avatar\/aabad687af24844af817603ac1cbdc4f.jpg?ver=1776702173","caption":"nedim"},"description":"Tuzlainfo.ba pratite na dru\u0161tvenim mre\u017eama: Facebook, Instagram i Youtube. Svoje pri\u010de, upite i fotografije \u0161aljite na na\u0161u e-mail adresu."}]}},"_links":{"self":[{"href":"https:\/\/tuzlainfo.ba\/index.php\/wp-json\/wp\/v2\/posts\/223981"}],"collection":[{"href":"https:\/\/tuzlainfo.ba\/index.php\/wp-json\/wp\/v2\/posts"}],"about":[{"href":"https:\/\/tuzlainfo.ba\/index.php\/wp-json\/wp\/v2\/types\/post"}],"author":[{"embeddable":true,"href":"https:\/\/tuzlainfo.ba\/index.php\/wp-json\/wp\/v2\/users\/2"}],"replies":[{"embeddable":true,"href":"https:\/\/tuzlainfo.ba\/index.php\/wp-json\/wp\/v2\/comments?post=223981"}],"version-history":[{"count":2,"href":"https:\/\/tuzlainfo.ba\/index.php\/wp-json\/wp\/v2\/posts\/223981\/revisions"}],"predecessor-version":[{"id":223994,"href":"https:\/\/tuzlainfo.ba\/index.php\/wp-json\/wp\/v2\/posts\/223981\/revisions\/223994"}],"wp:featuredmedia":[{"embeddable":true,"href":"https:\/\/tuzlainfo.ba\/index.php\/wp-json\/wp\/v2\/media\/208398"}],"wp:attachment":[{"href":"https:\/\/tuzlainfo.ba\/index.php\/wp-json\/wp\/v2\/media?parent=223981"}],"wp:term":[{"taxonomy":"category","embeddable":true,"href":"https:\/\/tuzlainfo.ba\/index.php\/wp-json\/wp\/v2\/categories?post=223981"},{"taxonomy":"post_tag","embeddable":true,"href":"https:\/\/tuzlainfo.ba\/index.php\/wp-json\/wp\/v2\/tags?post=223981"}],"curies":[{"name":"wp","href":"https:\/\/api.w.org\/{rel}","templated":true}]}}