{"id":223799,"date":"2023-11-28T11:57:42","date_gmt":"2023-11-28T10:57:42","guid":{"rendered":"https:\/\/tuzlainfo.ba\/?p=223799"},"modified":"2023-11-28T11:58:56","modified_gmt":"2023-11-28T10:58:56","slug":"mc-srebrenica-izradio-nacrt-kalendara-sjecanja-uvrsteni-i-datumi-zlocina-na-kazanima-i-u-grabovici","status":"publish","type":"post","link":"https:\/\/tuzlainfo.ba\/index.php\/bosna-i-hercegovina\/item\/223799-mc-srebrenica-izradio-nacrt-kalendara-sjecanja-uvrsteni-i-datumi-zlocina-na-kazanima-i-u-grabovici\/","title":{"rendered":"MC Srebrenica izradio Nacrt kalendara sje\u0107anja: Uvr\u0161teni i datumi zlo\u010dina na Kazanima i u Grabovici"},"content":{"rendered":"<p>U okviru projekta &#8220;Istina, dijalog, budu\u0107nost&#8221;, Memorijalni centar (MC) Srebrenica je danas predstavio\u00a0prvi Nacrt kalendara sje\u0107anja, kojim ova institucija \u017eeli uspostaviti okvir za listu datuma sje\u0107anja na\u00a0rat i genocid u Bosni i Hercegovini, ali i postaviti okvir obilje\u017eavanju va\u017enih me\u0111unarodnih datuma\u00a0sje\u0107anja na genocide, zlo\u010dine protiv \u010dovje\u010dnosti i druge ratne zlo\u010dine.<\/p>\n<p>Portparol Memorijalnog centra\u00a0Almasa Salihovi\u0107 je zahvalila\u00a0svima koji su dali doprinos dosada\u0161njoj izradi Nacrta\u00a0kalendara sje\u0107anja.<\/p>\n<p>&#8220;\u017delimo pozvati predstavnike i predstavnice udru\u017eenja \u017ertava da daju svoje prijedloge za dopunu tog dokumenta, kako bismo uspostavili okvir za me\u0111uetni\u010dki i me\u0111ureligijski dijalog o zajedni\u010dkom okviru obilje\u017eavanju datuma sje\u0107anja na \u017ertve&#8221;, poru\u010dila je Salihovi\u0107.<\/p>\n<p>Nacrt kalendara sje\u0107anja je poseban i po tome \u0161to je Memorijalni centar uz brojne datume stradanja bo\u0161nja\u010dkog stanovni\u0161tva \u0161irom BiH, napravio iskorak i uvrstio u svoj program datume sje\u0107anja na\u00a0zlo\u010dine u Grabovici i na Kazanima, odaju\u0107i po\u0161tu civilnim \u017ertvama hrvatske i srpske nacionalnosti.<\/p>\n<p>Dokument se smatra radnom verzijom koja \u0107e pro\u0107i svoje dopune i dorade u javnoj raspravi do\u00a0kraja ove godine.<\/p>\n<p>&#8220;Kao dr\u017eavna institucija koja nosi odgovornost za istra\u017eivanje i sje\u0107anje na genocid nad Bo\u0161njacima, smatramo da moramo biti predvodnik u stvaranju jedinstvenog pristupa suo\u010davanju sa pro\u0161lo\u0161\u0107u. Ovaj kalendar je po\u010detak tog procesa, koji \u017eelimo zaokru\u017eiti do marta 2024. godine sa jedinstvenom Platformom odbora za dijalog koja \u0107e objediniti sve aktere u tom procesu i osigurati da ponudimo adekvatne mehanizme kojim \u0107emo mi iz Srebrenice poslati poruku ostatku zemlje i bh. dru\u0161tvu u cjelini&#8221;, zaklju\u010dila je Salihovi\u0107.<\/p>\n<p>Projekat &#8220;Istina, dijalog, budu\u0107nost&#8221; ve\u0107 tri godine, uz podr\u0161ku Vlade Ujedinjenog Kraljevstva, slu\u017ei\u00a0kao temelj istra\u017eiva\u010dkog i zagovara\u010dkog rada Memorijalnog centra Srebrenica. Iz rezultata rada ovog projekta potekla je i inicijativa te argumenti za uspostavu Odjela za istra\u017eivanje genocida i\u00a0drugih izmjena zakonskog okvira koji ure\u0111uje status Memorijalnog centra, saop\u0107eno je iz tog centra.<\/p>\n<p>&nbsp;<\/p>\n","protected":false},"excerpt":{"rendered":"<p>U okviru projekta &#8220;Istina, dijalog, budu\u0107nost&#8221;, Memorijalni centar (MC) Srebrenica je danas predstavio\u00a0prvi Nacrt kalendara&hellip;<\/p>\n","protected":false},"author":3,"featured_media":208303,"comment_status":"open","ping_status":"closed","sticky":false,"template":"","format":"standard","meta":{"_acf_changed":false,"footnotes":""},"categories":[291],"tags":[8960,8959],"acf":[],"yoast_head":"<!-- This site is optimized with the Yoast SEO plugin v23.5 - https:\/\/yoast.com\/wordpress\/plugins\/seo\/ -->\n<title>MC Srebrenica izradio Nacrt kalendara sje\u0107anja: Uvr\u0161teni i datumi zlo\u010dina na Kazanima i u Grabovici - TuzlaInfo.ba<\/title>\n<meta name=\"robots\" content=\"index, follow, max-snippet:-1, max-image-preview:large, max-video-preview:-1\" \/>\n<link rel=\"canonical\" href=\"https:\/\/tuzlainfo.ba\/index.php\/bosna-i-hercegovina\/item\/223799-mc-srebrenica-izradio-nacrt-kalendara-sjecanja-uvrsteni-i-datumi-zlocina-na-kazanima-i-u-grabovici\/\" \/>\n<meta property=\"og:locale\" content=\"bs_BA\" \/>\n<meta property=\"og:type\" content=\"article\" \/>\n<meta property=\"og:title\" content=\"MC Srebrenica izradio Nacrt kalendara sje\u0107anja: Uvr\u0161teni i datumi zlo\u010dina na Kazanima i u Grabovici - TuzlaInfo.ba\" \/>\n<meta property=\"og:description\" content=\"U okviru projekta &#8220;Istina, dijalog, budu\u0107nost&#8221;, Memorijalni centar (MC) Srebrenica je danas predstavio\u00a0prvi Nacrt kalendara&hellip;\" \/>\n<meta property=\"og:url\" content=\"https:\/\/tuzlainfo.ba\/index.php\/bosna-i-hercegovina\/item\/223799-mc-srebrenica-izradio-nacrt-kalendara-sjecanja-uvrsteni-i-datumi-zlocina-na-kazanima-i-u-grabovici\/\" \/>\n<meta property=\"og:site_name\" content=\"TuzlaInfo.ba\" \/>\n<meta property=\"article:publisher\" content=\"https:\/\/www.facebook.com\/tuzlainfo.ba\/\" \/>\n<meta property=\"article:published_time\" content=\"2023-11-28T10:57:42+00:00\" \/>\n<meta property=\"article:modified_time\" content=\"2023-11-28T10:58:56+00:00\" \/>\n<meta property=\"og:image\" content=\"https:\/\/tuzlainfo.ba\/wp-content\/uploads\/2023\/06\/2306_srebrenica_potocari.jpg\" \/>\n\t<meta property=\"og:image:width\" content=\"1114\" \/>\n\t<meta property=\"og:image:height\" content=\"849\" \/>\n\t<meta property=\"og:image:type\" content=\"image\/jpeg\" \/>\n<meta name=\"author\" content=\"admin2\" \/>\n<meta name=\"twitter:card\" content=\"summary_large_image\" \/>\n<meta name=\"twitter:label1\" content=\"Written by\" \/>\n\t<meta name=\"twitter:data1\" content=\"admin2\" \/>\n\t<meta name=\"twitter:label2\" content=\"Est. reading time\" \/>\n\t<meta name=\"twitter:data2\" content=\"2 minute\" \/>\n<script type=\"application\/ld+json\" class=\"yoast-schema-graph\">{\"@context\":\"https:\/\/schema.org\",\"@graph\":[{\"@type\":\"Article\",\"@id\":\"https:\/\/tuzlainfo.ba\/index.php\/bosna-i-hercegovina\/item\/223799-mc-srebrenica-izradio-nacrt-kalendara-sjecanja-uvrsteni-i-datumi-zlocina-na-kazanima-i-u-grabovici\/#article\",\"isPartOf\":{\"@id\":\"https:\/\/tuzlainfo.ba\/index.php\/bosna-i-hercegovina\/item\/223799-mc-srebrenica-izradio-nacrt-kalendara-sjecanja-uvrsteni-i-datumi-zlocina-na-kazanima-i-u-grabovici\/\"},\"author\":{\"name\":\"admin2\",\"@id\":\"https:\/\/tuzlainfo.ba\/#\/schema\/person\/f4ebe4fff27e68efb65fa7e18f8af372\"},\"headline\":\"MC Srebrenica izradio Nacrt kalendara sje\u0107anja: Uvr\u0161teni i datumi zlo\u010dina na Kazanima i u Grabovici\",\"datePublished\":\"2023-11-28T10:57:42+00:00\",\"dateModified\":\"2023-11-28T10:58:56+00:00\",\"mainEntityOfPage\":{\"@id\":\"https:\/\/tuzlainfo.ba\/index.php\/bosna-i-hercegovina\/item\/223799-mc-srebrenica-izradio-nacrt-kalendara-sjecanja-uvrsteni-i-datumi-zlocina-na-kazanima-i-u-grabovici\/\"},\"wordCount\":365,\"commentCount\":0,\"publisher\":{\"@id\":\"https:\/\/tuzlainfo.ba\/#organization\"},\"image\":{\"@id\":\"https:\/\/tuzlainfo.ba\/index.php\/bosna-i-hercegovina\/item\/223799-mc-srebrenica-izradio-nacrt-kalendara-sjecanja-uvrsteni-i-datumi-zlocina-na-kazanima-i-u-grabovici\/#primaryimage\"},\"thumbnailUrl\":\"https:\/\/tuzlainfo.ba\/wp-content\/uploads\/2023\/06\/2306_srebrenica_potocari.jpg\",\"keywords\":[\"kalendar sjecanja\",\"mc srebrenica\"],\"articleSection\":[\"Bosna i Hercegovina\"],\"inLanguage\":\"bs-BA\"},{\"@type\":\"WebPage\",\"@id\":\"https:\/\/tuzlainfo.ba\/index.php\/bosna-i-hercegovina\/item\/223799-mc-srebrenica-izradio-nacrt-kalendara-sjecanja-uvrsteni-i-datumi-zlocina-na-kazanima-i-u-grabovici\/\",\"url\":\"https:\/\/tuzlainfo.ba\/index.php\/bosna-i-hercegovina\/item\/223799-mc-srebrenica-izradio-nacrt-kalendara-sjecanja-uvrsteni-i-datumi-zlocina-na-kazanima-i-u-grabovici\/\",\"name\":\"MC Srebrenica izradio Nacrt kalendara sje\u0107anja: Uvr\u0161teni i datumi zlo\u010dina na Kazanima i u Grabovici - TuzlaInfo.ba\",\"isPartOf\":{\"@id\":\"https:\/\/tuzlainfo.ba\/#website\"},\"primaryImageOfPage\":{\"@id\":\"https:\/\/tuzlainfo.ba\/index.php\/bosna-i-hercegovina\/item\/223799-mc-srebrenica-izradio-nacrt-kalendara-sjecanja-uvrsteni-i-datumi-zlocina-na-kazanima-i-u-grabovici\/#primaryimage\"},\"image\":{\"@id\":\"https:\/\/tuzlainfo.ba\/index.php\/bosna-i-hercegovina\/item\/223799-mc-srebrenica-izradio-nacrt-kalendara-sjecanja-uvrsteni-i-datumi-zlocina-na-kazanima-i-u-grabovici\/#primaryimage\"},\"thumbnailUrl\":\"https:\/\/tuzlainfo.ba\/wp-content\/uploads\/2023\/06\/2306_srebrenica_potocari.jpg\",\"datePublished\":\"2023-11-28T10:57:42+00:00\",\"dateModified\":\"2023-11-28T10:58:56+00:00\",\"breadcrumb\":{\"@id\":\"https:\/\/tuzlainfo.ba\/index.php\/bosna-i-hercegovina\/item\/223799-mc-srebrenica-izradio-nacrt-kalendara-sjecanja-uvrsteni-i-datumi-zlocina-na-kazanima-i-u-grabovici\/#breadcrumb\"},\"inLanguage\":\"bs-BA\",\"potentialAction\":[{\"@type\":\"ReadAction\",\"target\":[\"https:\/\/tuzlainfo.ba\/index.php\/bosna-i-hercegovina\/item\/223799-mc-srebrenica-izradio-nacrt-kalendara-sjecanja-uvrsteni-i-datumi-zlocina-na-kazanima-i-u-grabovici\/\"]}]},{\"@type\":\"ImageObject\",\"inLanguage\":\"bs-BA\",\"@id\":\"https:\/\/tuzlainfo.ba\/index.php\/bosna-i-hercegovina\/item\/223799-mc-srebrenica-izradio-nacrt-kalendara-sjecanja-uvrsteni-i-datumi-zlocina-na-kazanima-i-u-grabovici\/#primaryimage\",\"url\":\"https:\/\/tuzlainfo.ba\/wp-content\/uploads\/2023\/06\/2306_srebrenica_potocari.jpg\",\"contentUrl\":\"https:\/\/tuzlainfo.ba\/wp-content\/uploads\/2023\/06\/2306_srebrenica_potocari.jpg\",\"width\":1114,\"height\":849,\"caption\":\"Foto: Tuzlainfo.ba (Arhiv)\"},{\"@type\":\"BreadcrumbList\",\"@id\":\"https:\/\/tuzlainfo.ba\/index.php\/bosna-i-hercegovina\/item\/223799-mc-srebrenica-izradio-nacrt-kalendara-sjecanja-uvrsteni-i-datumi-zlocina-na-kazanima-i-u-grabovici\/#breadcrumb\",\"itemListElement\":[{\"@type\":\"ListItem\",\"position\":1,\"name\":\"Home\",\"item\":\"https:\/\/tuzlainfo.ba\/\"},{\"@type\":\"ListItem\",\"position\":2,\"name\":\"MC Srebrenica izradio Nacrt kalendara sje\u0107anja: Uvr\u0161teni i datumi zlo\u010dina na Kazanima i u Grabovici\"}]},{\"@type\":\"WebSite\",\"@id\":\"https:\/\/tuzlainfo.ba\/#website\",\"url\":\"https:\/\/tuzlainfo.ba\/\",\"name\":\"TuzlaInfo.ba\",\"description\":\"Tuzla info, gradski informator - Tuzla na dlanu\",\"publisher\":{\"@id\":\"https:\/\/tuzlainfo.ba\/#organization\"},\"potentialAction\":[{\"@type\":\"SearchAction\",\"target\":{\"@type\":\"EntryPoint\",\"urlTemplate\":\"https:\/\/tuzlainfo.ba\/?s={search_term_string}\"},\"query-input\":{\"@type\":\"PropertyValueSpecification\",\"valueRequired\":true,\"valueName\":\"search_term_string\"}}],\"inLanguage\":\"bs-BA\"},{\"@type\":\"Organization\",\"@id\":\"https:\/\/tuzlainfo.ba\/#organization\",\"name\":\"TuzlaInfo.ba\",\"url\":\"https:\/\/tuzlainfo.ba\/\",\"logo\":{\"@type\":\"ImageObject\",\"inLanguage\":\"bs-BA\",\"@id\":\"https:\/\/tuzlainfo.ba\/#\/schema\/logo\/image\/\",\"url\":\"https:\/\/tuzlainfo.ba\/wp-content\/uploads\/2021\/03\/logo-ver-3-1.png\",\"contentUrl\":\"https:\/\/tuzlainfo.ba\/wp-content\/uploads\/2021\/03\/logo-ver-3-1.png\",\"width\":350,\"height\":95,\"caption\":\"TuzlaInfo.ba\"},\"image\":{\"@id\":\"https:\/\/tuzlainfo.ba\/#\/schema\/logo\/image\/\"},\"sameAs\":[\"https:\/\/www.facebook.com\/tuzlainfo.ba\/\"]},{\"@type\":\"Person\",\"@id\":\"https:\/\/tuzlainfo.ba\/#\/schema\/person\/f4ebe4fff27e68efb65fa7e18f8af372\",\"name\":\"admin2\",\"image\":{\"@type\":\"ImageObject\",\"inLanguage\":\"bs-BA\",\"@id\":\"https:\/\/tuzlainfo.ba\/#\/schema\/person\/image\/\",\"url\":\"https:\/\/tuzlainfo.ba\/wp-content\/litespeed\/avatar\/8219eeb9a43cff2d096e773737736f62.jpg?ver=1776704580\",\"contentUrl\":\"https:\/\/tuzlainfo.ba\/wp-content\/litespeed\/avatar\/8219eeb9a43cff2d096e773737736f62.jpg?ver=1776704580\",\"caption\":\"admin2\"},\"description\":\"Tuzlainfo.ba pratite na dru\u0161tvenim mre\u017eama: Facebook, Instagram i Youtube. Svoje pri\u010de, upite i fotografije \u0161aljite na na\u0161u e-mail adresu.\",\"sameAs\":[\"admin\"]}]}<\/script>\n<!-- \/ Yoast SEO plugin. -->","yoast_head_json":{"title":"MC Srebrenica izradio Nacrt kalendara sje\u0107anja: Uvr\u0161teni i datumi zlo\u010dina na Kazanima i u Grabovici - TuzlaInfo.ba","robots":{"index":"index","follow":"follow","max-snippet":"max-snippet:-1","max-image-preview":"max-image-preview:large","max-video-preview":"max-video-preview:-1"},"canonical":"https:\/\/tuzlainfo.ba\/index.php\/bosna-i-hercegovina\/item\/223799-mc-srebrenica-izradio-nacrt-kalendara-sjecanja-uvrsteni-i-datumi-zlocina-na-kazanima-i-u-grabovici\/","og_locale":"bs_BA","og_type":"article","og_title":"MC Srebrenica izradio Nacrt kalendara sje\u0107anja: Uvr\u0161teni i datumi zlo\u010dina na Kazanima i u Grabovici - TuzlaInfo.ba","og_description":"U okviru projekta &#8220;Istina, dijalog, budu\u0107nost&#8221;, Memorijalni centar (MC) Srebrenica je danas predstavio\u00a0prvi Nacrt kalendara&hellip;","og_url":"https:\/\/tuzlainfo.ba\/index.php\/bosna-i-hercegovina\/item\/223799-mc-srebrenica-izradio-nacrt-kalendara-sjecanja-uvrsteni-i-datumi-zlocina-na-kazanima-i-u-grabovici\/","og_site_name":"TuzlaInfo.ba","article_publisher":"https:\/\/www.facebook.com\/tuzlainfo.ba\/","article_published_time":"2023-11-28T10:57:42+00:00","article_modified_time":"2023-11-28T10:58:56+00:00","og_image":[{"width":1114,"height":849,"url":"https:\/\/tuzlainfo.ba\/wp-content\/uploads\/2023\/06\/2306_srebrenica_potocari.jpg","type":"image\/jpeg"}],"author":"admin2","twitter_card":"summary_large_image","twitter_misc":{"Written by":"admin2","Est. reading time":"2 minute"},"schema":{"@context":"https:\/\/schema.org","@graph":[{"@type":"Article","@id":"https:\/\/tuzlainfo.ba\/index.php\/bosna-i-hercegovina\/item\/223799-mc-srebrenica-izradio-nacrt-kalendara-sjecanja-uvrsteni-i-datumi-zlocina-na-kazanima-i-u-grabovici\/#article","isPartOf":{"@id":"https:\/\/tuzlainfo.ba\/index.php\/bosna-i-hercegovina\/item\/223799-mc-srebrenica-izradio-nacrt-kalendara-sjecanja-uvrsteni-i-datumi-zlocina-na-kazanima-i-u-grabovici\/"},"author":{"name":"admin2","@id":"https:\/\/tuzlainfo.ba\/#\/schema\/person\/f4ebe4fff27e68efb65fa7e18f8af372"},"headline":"MC Srebrenica izradio Nacrt kalendara sje\u0107anja: Uvr\u0161teni i datumi zlo\u010dina na Kazanima i u Grabovici","datePublished":"2023-11-28T10:57:42+00:00","dateModified":"2023-11-28T10:58:56+00:00","mainEntityOfPage":{"@id":"https:\/\/tuzlainfo.ba\/index.php\/bosna-i-hercegovina\/item\/223799-mc-srebrenica-izradio-nacrt-kalendara-sjecanja-uvrsteni-i-datumi-zlocina-na-kazanima-i-u-grabovici\/"},"wordCount":365,"commentCount":0,"publisher":{"@id":"https:\/\/tuzlainfo.ba\/#organization"},"image":{"@id":"https:\/\/tuzlainfo.ba\/index.php\/bosna-i-hercegovina\/item\/223799-mc-srebrenica-izradio-nacrt-kalendara-sjecanja-uvrsteni-i-datumi-zlocina-na-kazanima-i-u-grabovici\/#primaryimage"},"thumbnailUrl":"https:\/\/tuzlainfo.ba\/wp-content\/uploads\/2023\/06\/2306_srebrenica_potocari.jpg","keywords":["kalendar sjecanja","mc srebrenica"],"articleSection":["Bosna i Hercegovina"],"inLanguage":"bs-BA"},{"@type":"WebPage","@id":"https:\/\/tuzlainfo.ba\/index.php\/bosna-i-hercegovina\/item\/223799-mc-srebrenica-izradio-nacrt-kalendara-sjecanja-uvrsteni-i-datumi-zlocina-na-kazanima-i-u-grabovici\/","url":"https:\/\/tuzlainfo.ba\/index.php\/bosna-i-hercegovina\/item\/223799-mc-srebrenica-izradio-nacrt-kalendara-sjecanja-uvrsteni-i-datumi-zlocina-na-kazanima-i-u-grabovici\/","name":"MC Srebrenica izradio Nacrt kalendara sje\u0107anja: Uvr\u0161teni i datumi zlo\u010dina na Kazanima i u Grabovici - TuzlaInfo.ba","isPartOf":{"@id":"https:\/\/tuzlainfo.ba\/#website"},"primaryImageOfPage":{"@id":"https:\/\/tuzlainfo.ba\/index.php\/bosna-i-hercegovina\/item\/223799-mc-srebrenica-izradio-nacrt-kalendara-sjecanja-uvrsteni-i-datumi-zlocina-na-kazanima-i-u-grabovici\/#primaryimage"},"image":{"@id":"https:\/\/tuzlainfo.ba\/index.php\/bosna-i-hercegovina\/item\/223799-mc-srebrenica-izradio-nacrt-kalendara-sjecanja-uvrsteni-i-datumi-zlocina-na-kazanima-i-u-grabovici\/#primaryimage"},"thumbnailUrl":"https:\/\/tuzlainfo.ba\/wp-content\/uploads\/2023\/06\/2306_srebrenica_potocari.jpg","datePublished":"2023-11-28T10:57:42+00:00","dateModified":"2023-11-28T10:58:56+00:00","breadcrumb":{"@id":"https:\/\/tuzlainfo.ba\/index.php\/bosna-i-hercegovina\/item\/223799-mc-srebrenica-izradio-nacrt-kalendara-sjecanja-uvrsteni-i-datumi-zlocina-na-kazanima-i-u-grabovici\/#breadcrumb"},"inLanguage":"bs-BA","potentialAction":[{"@type":"ReadAction","target":["https:\/\/tuzlainfo.ba\/index.php\/bosna-i-hercegovina\/item\/223799-mc-srebrenica-izradio-nacrt-kalendara-sjecanja-uvrsteni-i-datumi-zlocina-na-kazanima-i-u-grabovici\/"]}]},{"@type":"ImageObject","inLanguage":"bs-BA","@id":"https:\/\/tuzlainfo.ba\/index.php\/bosna-i-hercegovina\/item\/223799-mc-srebrenica-izradio-nacrt-kalendara-sjecanja-uvrsteni-i-datumi-zlocina-na-kazanima-i-u-grabovici\/#primaryimage","url":"https:\/\/tuzlainfo.ba\/wp-content\/uploads\/2023\/06\/2306_srebrenica_potocari.jpg","contentUrl":"https:\/\/tuzlainfo.ba\/wp-content\/uploads\/2023\/06\/2306_srebrenica_potocari.jpg","width":1114,"height":849,"caption":"Foto: Tuzlainfo.ba (Arhiv)"},{"@type":"BreadcrumbList","@id":"https:\/\/tuzlainfo.ba\/index.php\/bosna-i-hercegovina\/item\/223799-mc-srebrenica-izradio-nacrt-kalendara-sjecanja-uvrsteni-i-datumi-zlocina-na-kazanima-i-u-grabovici\/#breadcrumb","itemListElement":[{"@type":"ListItem","position":1,"name":"Home","item":"https:\/\/tuzlainfo.ba\/"},{"@type":"ListItem","position":2,"name":"MC Srebrenica izradio Nacrt kalendara sje\u0107anja: Uvr\u0161teni i datumi zlo\u010dina na Kazanima i u Grabovici"}]},{"@type":"WebSite","@id":"https:\/\/tuzlainfo.ba\/#website","url":"https:\/\/tuzlainfo.ba\/","name":"TuzlaInfo.ba","description":"Tuzla info, gradski informator - Tuzla na dlanu","publisher":{"@id":"https:\/\/tuzlainfo.ba\/#organization"},"potentialAction":[{"@type":"SearchAction","target":{"@type":"EntryPoint","urlTemplate":"https:\/\/tuzlainfo.ba\/?s={search_term_string}"},"query-input":{"@type":"PropertyValueSpecification","valueRequired":true,"valueName":"search_term_string"}}],"inLanguage":"bs-BA"},{"@type":"Organization","@id":"https:\/\/tuzlainfo.ba\/#organization","name":"TuzlaInfo.ba","url":"https:\/\/tuzlainfo.ba\/","logo":{"@type":"ImageObject","inLanguage":"bs-BA","@id":"https:\/\/tuzlainfo.ba\/#\/schema\/logo\/image\/","url":"https:\/\/tuzlainfo.ba\/wp-content\/uploads\/2021\/03\/logo-ver-3-1.png","contentUrl":"https:\/\/tuzlainfo.ba\/wp-content\/uploads\/2021\/03\/logo-ver-3-1.png","width":350,"height":95,"caption":"TuzlaInfo.ba"},"image":{"@id":"https:\/\/tuzlainfo.ba\/#\/schema\/logo\/image\/"},"sameAs":["https:\/\/www.facebook.com\/tuzlainfo.ba\/"]},{"@type":"Person","@id":"https:\/\/tuzlainfo.ba\/#\/schema\/person\/f4ebe4fff27e68efb65fa7e18f8af372","name":"admin2","image":{"@type":"ImageObject","inLanguage":"bs-BA","@id":"https:\/\/tuzlainfo.ba\/#\/schema\/person\/image\/","url":"https:\/\/tuzlainfo.ba\/wp-content\/litespeed\/avatar\/8219eeb9a43cff2d096e773737736f62.jpg?ver=1776704580","contentUrl":"https:\/\/tuzlainfo.ba\/wp-content\/litespeed\/avatar\/8219eeb9a43cff2d096e773737736f62.jpg?ver=1776704580","caption":"admin2"},"description":"Tuzlainfo.ba pratite na dru\u0161tvenim mre\u017eama: Facebook, Instagram i Youtube. Svoje pri\u010de, upite i fotografije \u0161aljite na na\u0161u e-mail adresu.","sameAs":["admin"]}]}},"_links":{"self":[{"href":"https:\/\/tuzlainfo.ba\/index.php\/wp-json\/wp\/v2\/posts\/223799"}],"collection":[{"href":"https:\/\/tuzlainfo.ba\/index.php\/wp-json\/wp\/v2\/posts"}],"about":[{"href":"https:\/\/tuzlainfo.ba\/index.php\/wp-json\/wp\/v2\/types\/post"}],"author":[{"embeddable":true,"href":"https:\/\/tuzlainfo.ba\/index.php\/wp-json\/wp\/v2\/users\/3"}],"replies":[{"embeddable":true,"href":"https:\/\/tuzlainfo.ba\/index.php\/wp-json\/wp\/v2\/comments?post=223799"}],"version-history":[{"count":1,"href":"https:\/\/tuzlainfo.ba\/index.php\/wp-json\/wp\/v2\/posts\/223799\/revisions"}],"predecessor-version":[{"id":223800,"href":"https:\/\/tuzlainfo.ba\/index.php\/wp-json\/wp\/v2\/posts\/223799\/revisions\/223800"}],"wp:featuredmedia":[{"embeddable":true,"href":"https:\/\/tuzlainfo.ba\/index.php\/wp-json\/wp\/v2\/media\/208303"}],"wp:attachment":[{"href":"https:\/\/tuzlainfo.ba\/index.php\/wp-json\/wp\/v2\/media?parent=223799"}],"wp:term":[{"taxonomy":"category","embeddable":true,"href":"https:\/\/tuzlainfo.ba\/index.php\/wp-json\/wp\/v2\/categories?post=223799"},{"taxonomy":"post_tag","embeddable":true,"href":"https:\/\/tuzlainfo.ba\/index.php\/wp-json\/wp\/v2\/tags?post=223799"}],"curies":[{"name":"wp","href":"https:\/\/api.w.org\/{rel}","templated":true}]}}