{"id":223124,"date":"2023-11-21T15:15:20","date_gmt":"2023-11-21T14:15:20","guid":{"rendered":"https:\/\/tuzlainfo.ba\/?p=223124"},"modified":"2023-11-21T14:55:31","modified_gmt":"2023-11-21T13:55:31","slug":"uskoro-21-tkt-fest-dani-akademskog-teatra-donose-devet-predstava-i-dvije-premijere","status":"publish","type":"post","link":"https:\/\/tuzlainfo.ba\/index.php\/novosti\/item\/223124-uskoro-21-tkt-fest-dani-akademskog-teatra-donose-devet-predstava-i-dvije-premijere\/","title":{"rendered":"Uskoro 21. TKT Fest: Dani akademskog teatra donose devet predstava i dvije premijere"},"content":{"rendered":"<p>U organizaciji Teatra Kabare Tuzla od 26. novembra do 16. decembra u Tuzli \u0107e biti organizovan 21. TKT Fest \u2013 Dani akademskog teatra.<\/p>\n<p>Publika \u0107e na Kamernoj sceni Doma mladih Tuzla mo\u0107i u\u017eivati u predstavama iz BiH, Hrvatske i Srbije.<\/p>\n<p>TKT Fest je sada tradicionalna manifestacija, koja ove godine donosi devet predstava, od \u010dega su dvije premijerne, re\u010deno je na konferenciji za medije povodom najave Festivala. Medijima su se obratili direktorica Teatra Kabare Tuzla Ivana Petrovi\u0107, umjetni\u010dki direktor Teatra Kabare Tuzla Damir Altumbabi\u0107, re\u017eiser Enver Hasi\u0107 i direktor Centra za kulturu Tuzla Edin Jahi\u0107.<\/p>\n<p>&#8221;Veliko je zadovoljstvo \u0161to mo\u017eemo biti na Kamernoj sceni Doma mladih zahvaljuju\u0107i Centru za kulturu Tuzla i ponuditi bogat program za publiku. Ovo je me\u0111unarodni festival koji spaja teatre u na\u0161oj regiji, festival koji progovara o mnogim dru\u0161tvenim problemima, festival koji ove godine mo\u017ee zainteresirati i zaintrigirati mnoge koji budu s nama. Kamerna scena na kojoj \u0107e predstave biti je sada prepoznatljivi znak ovog teatra&#8221;, navela je direktorica Teatra Kabare Tuzla Ivana Petrovi\u0107.<\/p>\n<p>21.TKT Fest otvara predstava &#8221;CABAres CABArei&#8221; Zijaha Sokolovi\u0107a u nedjelju od 20 sati.<\/p>\n<p>Umjetni\u010dki direktor Teatra Kabare Tuzla Damir Altumbabi\u0107 isti\u010de da je ovo tre\u0107a godina Festivala koji vodi sada\u0161nji tim, a koji je donio novine. Ove godine je bogat repertoar TKT Fest-a.<\/p>\n<p>&#8221;Imat \u0107emo priliku da vidimo sedam gostuju\u0107ih predstava i dvije predstave koje su produkcija Teatra Kabare Tuzla. Na tome sam posebno ponosan, da \u0107emo ponuditi publici dvije nove premijere. Na Festivalu su zna\u010dajna teatarska imena poput Zijaha Sokolovi\u0107a, teatarske ku\u0107e Teatar Exit iz Zagreba, Bosansko narodno pozori\u0161te Zenica, Teatar Fort Forno i Reflektor teatar kao koprodukcija Osijeka i Novog Sada, zatim koprodukcija Gradskog kazali\u0161ta mladih Vitez i Hrvatskog kazali\u0161ta Travnik. Imamo i Pozori\u0161te &#8221;Neretva&#8221; iz Konjica. Izuzetno mi je drago \u0161to \u0107emo vidjeti mnogo mladih, ali i mnogo zrelih glumica i glumaca na ovom TKT Fest-u&#8221;, naveo je Altumbabi\u0107.<\/p>\n<p>Prva premijera u okviru 21. TKT Fest-a je na programu 8. decembra, a radi se o predstavi &#8221;Emigranti&#8221; u re\u017eiji Ivane Petrovi\u0107 iz Teatra Kabare Tuzla, a druga je predstava za djecu &#8221;Crvenkapica&#8221; u re\u017eiji Envera Hasi\u0107a koja \u0107e biti izvedena 16. decembra.<\/p>\n<p>&#8221;Ovaj put ho\u0107emo da bude Crvenkapica interesantna i roditeljima i djeci. Ne bih puno govorio o predstavi, mislim da \u0107e biti iznena\u0111enje za posjetioce. Nadam se da \u0107e ona puniti ovu salu, ali i da bude na gostovanjima, da obi\u0111emo \u0161kole i vrti\u0107e, da se vratimo maloj raji&#8221;, naveo je re\u017eiser predstave Enver Hasi\u0107.<\/p>\n<p>Partner ovogodi\u0161njeg Festivala je Centar za kulturu Tuzla.<\/p>\n<p>&#8221;Teatar Kabare se na\u0161ao pro\u0161le godine u jako nezgodnoj situaciji da su ostali bez svog prostora za rad. To je bila sramota, da neko ko ima tradiciju i rejting ostane bez prostora, ali zahvaljuju\u0107i na\u0161em zajedni\u010dkom anga\u017emanu, odlu\u010dili smo da Teatar Kabare nastavi svoj rad na Kamernoj sceni Doma mladih. Zaista sam sretan \u0161to smo rije\u0161ili problem prostora i oni nastavljaju uspje\u0161no da rade. Nadam se na\u0161oj dobroj budu\u0107oj saradnji&#8221;, naveo je direktor Centra za kulturu Tuzla Edin Jahi\u0107.<\/p>\n<p>Pokrovitelji Festivala su Grad Tuzla, Fondacija za muzi\u010dke, scenske i likovne umjetnosti Sarajevo, Vlada TK \u2013 Ministarstvo za kulturu, sport i mlade, kompanija Leftor, Ekumenska inicijativa \u017eena, Buybook, B Art, Blicko i Rock Shop.<\/p>\n<p>Medijski pokrovitelji Festivala su Tuzlainfo.ba, Federalna TV, RTV 7 Tuzla, RTV TK, BHRT, N1, Radio Kameleon, Tuzlanski.ba, TNT grupacija, RTV Slon, Balans, Valter Tuzlanski, Bh reporter, Hrvatski glasnik, Tuzlarije i Boljatuzla.ba.<\/p>\n","protected":false},"excerpt":{"rendered":"<p>U organizaciji Teatra Kabare Tuzla od 26. novembra do 16. decembra u Tuzli \u0107e biti organizovan 21. TKT Fest \u2013 Dani akademskog teatra. Publika \u0107e na Kamernoj sceni Doma mladih Tuzla mo\u0107i u\u017eivati u predstavama iz BiH, Hrvatske i Srbije. TKT Fest je sada tradicionalna manifestacija, koja ove godine donosi devet predstava, od \u010dega su [&hellip;]<\/p>\n","protected":false},"author":2,"featured_media":223127,"comment_status":"open","ping_status":"closed","sticky":false,"template":"","format":"standard","meta":{"footnotes":""},"categories":[304,12],"tags":[7249,6766,2307,3503],"class_list":["post-223124","post","type-post","status-publish","format-standard","has-post-thumbnail","hentry","category-istaknuto","category-novosti","tag-desavanja-u-tuzli","tag-najava-dogadjaja-tuzla","tag-teatar-kabare-tuzla","tag-tkt-fest"],"yoast_head":"<!-- This site is optimized with the Yoast SEO plugin v28.4 - https:\/\/yoast.com\/product\/yoast-seo-wordpress\/ -->\n<title>Uskoro 21. TKT Fest: Dani akademskog teatra donose devet predstava i dvije premijere<\/title>\n<meta name=\"robots\" content=\"index, follow, max-snippet:-1, max-image-preview:large, max-video-preview:-1\" \/>\n<link rel=\"canonical\" href=\"https:\/\/tuzlainfo.ba\/index.php\/novosti\/item\/223124-uskoro-21-tkt-fest-dani-akademskog-teatra-donose-devet-predstava-i-dvije-premijere\/\" \/>\n<meta property=\"og:locale\" content=\"bs_BA\" \/>\n<meta property=\"og:type\" content=\"article\" \/>\n<meta property=\"og:title\" content=\"Uskoro 21. TKT Fest: Dani akademskog teatra donose devet predstava i dvije premijere\" \/>\n<meta property=\"og:description\" content=\"U organizaciji Teatra Kabare Tuzla od 26. novembra do 16. decembra u Tuzli \u0107e biti organizovan 21. TKT Fest \u2013 Dani akademskog teatra. Publika \u0107e na Kamernoj sceni Doma mladih Tuzla mo\u0107i u\u017eivati u predstavama iz BiH, Hrvatske i Srbije. TKT Fest je sada tradicionalna manifestacija, koja ove godine donosi devet predstava, od \u010dega su [&hellip;]\" \/>\n<meta property=\"og:url\" content=\"https:\/\/tuzlainfo.ba\/index.php\/novosti\/item\/223124-uskoro-21-tkt-fest-dani-akademskog-teatra-donose-devet-predstava-i-dvije-premijere\/\" \/>\n<meta property=\"og:site_name\" content=\"TuzlaInfo.ba\" \/>\n<meta property=\"article:publisher\" content=\"https:\/\/www.facebook.com\/tuzlainfo.ba\/\" \/>\n<meta property=\"article:published_time\" content=\"2023-11-21T14:15:20+00:00\" \/>\n<meta property=\"og:image\" content=\"https:\/\/tuzlainfo.ba\/wp-content\/uploads\/2023\/11\/2111_tkt_press.jpg\" \/>\n\t<meta property=\"og:image:width\" content=\"1200\" \/>\n\t<meta property=\"og:image:height\" content=\"675\" \/>\n\t<meta property=\"og:image:type\" content=\"image\/jpeg\" \/>\n<meta name=\"author\" content=\"nedim\" \/>\n<meta name=\"twitter:card\" content=\"summary_large_image\" \/>\n<meta name=\"twitter:label1\" content=\"Written by\" \/>\n\t<meta name=\"twitter:data1\" content=\"nedim\" \/>\n\t<meta name=\"twitter:label2\" content=\"Est. reading time\" \/>\n\t<meta name=\"twitter:data2\" content=\"4 minute\" \/>\n<script type=\"application\/ld+json\" class=\"yoast-schema-graph\">{\"@context\":\"https:\\\/\\\/schema.org\",\"@graph\":[{\"@type\":\"Article\",\"@id\":\"https:\\\/\\\/tuzlainfo.ba\\\/index.php\\\/novosti\\\/item\\\/223124-uskoro-21-tkt-fest-dani-akademskog-teatra-donose-devet-predstava-i-dvije-premijere\\\/#article\",\"isPartOf\":{\"@id\":\"https:\\\/\\\/tuzlainfo.ba\\\/index.php\\\/novosti\\\/item\\\/223124-uskoro-21-tkt-fest-dani-akademskog-teatra-donose-devet-predstava-i-dvije-premijere\\\/\"},\"author\":{\"name\":\"nedim\",\"@id\":\"https:\\\/\\\/tuzlainfo.ba\\\/#\\\/schema\\\/person\\\/f434e20dc27ea133923aab08451b7f7f\"},\"headline\":\"Uskoro 21. TKT Fest: Dani akademskog teatra donose devet predstava i dvije premijere\",\"datePublished\":\"2023-11-21T14:15:20+00:00\",\"mainEntityOfPage\":{\"@id\":\"https:\\\/\\\/tuzlainfo.ba\\\/index.php\\\/novosti\\\/item\\\/223124-uskoro-21-tkt-fest-dani-akademskog-teatra-donose-devet-predstava-i-dvije-premijere\\\/\"},\"wordCount\":608,\"commentCount\":0,\"publisher\":{\"@id\":\"https:\\\/\\\/tuzlainfo.ba\\\/#organization\"},\"image\":{\"@id\":\"https:\\\/\\\/tuzlainfo.ba\\\/index.php\\\/novosti\\\/item\\\/223124-uskoro-21-tkt-fest-dani-akademskog-teatra-donose-devet-predstava-i-dvije-premijere\\\/#primaryimage\"},\"thumbnailUrl\":\"https:\\\/\\\/tuzlainfo.ba\\\/wp-content\\\/uploads\\\/2023\\\/11\\\/2111_tkt_press.jpg\",\"keywords\":[\"de\u0161avanja u tuzli\",\"najava doga\u0111aja tuzla\",\"Teatar kabare Tuzla\",\"Tkt fest\"],\"articleSection\":[\"Istaknuto\",\"Novosti\"],\"inLanguage\":\"bs-BA\",\"copyrightYear\":\"2023\",\"copyrightHolder\":{\"@id\":\"https:\\\/\\\/tuzlainfo.ba\\\/#organization\"}},{\"@type\":\"WebPage\",\"@id\":\"https:\\\/\\\/tuzlainfo.ba\\\/index.php\\\/novosti\\\/item\\\/223124-uskoro-21-tkt-fest-dani-akademskog-teatra-donose-devet-predstava-i-dvije-premijere\\\/\",\"url\":\"https:\\\/\\\/tuzlainfo.ba\\\/index.php\\\/novosti\\\/item\\\/223124-uskoro-21-tkt-fest-dani-akademskog-teatra-donose-devet-predstava-i-dvije-premijere\\\/\",\"name\":\"Uskoro 21. TKT Fest: Dani akademskog teatra donose devet predstava i dvije premijere\",\"isPartOf\":{\"@id\":\"https:\\\/\\\/tuzlainfo.ba\\\/#website\"},\"primaryImageOfPage\":{\"@id\":\"https:\\\/\\\/tuzlainfo.ba\\\/index.php\\\/novosti\\\/item\\\/223124-uskoro-21-tkt-fest-dani-akademskog-teatra-donose-devet-predstava-i-dvije-premijere\\\/#primaryimage\"},\"image\":{\"@id\":\"https:\\\/\\\/tuzlainfo.ba\\\/index.php\\\/novosti\\\/item\\\/223124-uskoro-21-tkt-fest-dani-akademskog-teatra-donose-devet-predstava-i-dvije-premijere\\\/#primaryimage\"},\"thumbnailUrl\":\"https:\\\/\\\/tuzlainfo.ba\\\/wp-content\\\/uploads\\\/2023\\\/11\\\/2111_tkt_press.jpg\",\"datePublished\":\"2023-11-21T14:15:20+00:00\",\"breadcrumb\":{\"@id\":\"https:\\\/\\\/tuzlainfo.ba\\\/index.php\\\/novosti\\\/item\\\/223124-uskoro-21-tkt-fest-dani-akademskog-teatra-donose-devet-predstava-i-dvije-premijere\\\/#breadcrumb\"},\"inLanguage\":\"bs-BA\",\"potentialAction\":[{\"@type\":\"ReadAction\",\"target\":[\"https:\\\/\\\/tuzlainfo.ba\\\/index.php\\\/novosti\\\/item\\\/223124-uskoro-21-tkt-fest-dani-akademskog-teatra-donose-devet-predstava-i-dvije-premijere\\\/\"]}]},{\"@type\":\"ImageObject\",\"inLanguage\":\"bs-BA\",\"@id\":\"https:\\\/\\\/tuzlainfo.ba\\\/index.php\\\/novosti\\\/item\\\/223124-uskoro-21-tkt-fest-dani-akademskog-teatra-donose-devet-predstava-i-dvije-premijere\\\/#primaryimage\",\"url\":\"https:\\\/\\\/tuzlainfo.ba\\\/wp-content\\\/uploads\\\/2023\\\/11\\\/2111_tkt_press.jpg\",\"contentUrl\":\"https:\\\/\\\/tuzlainfo.ba\\\/wp-content\\\/uploads\\\/2023\\\/11\\\/2111_tkt_press.jpg\",\"width\":1200,\"height\":675},{\"@type\":\"BreadcrumbList\",\"@id\":\"https:\\\/\\\/tuzlainfo.ba\\\/index.php\\\/novosti\\\/item\\\/223124-uskoro-21-tkt-fest-dani-akademskog-teatra-donose-devet-predstava-i-dvije-premijere\\\/#breadcrumb\",\"itemListElement\":[{\"@type\":\"ListItem\",\"position\":1,\"name\":\"Home\",\"item\":\"https:\\\/\\\/tuzlainfo.ba\\\/\"},{\"@type\":\"ListItem\",\"position\":2,\"name\":\"Uskoro 21. TKT Fest: Dani akademskog teatra donose devet predstava i dvije premijere\"}]},{\"@type\":\"WebSite\",\"@id\":\"https:\\\/\\\/tuzlainfo.ba\\\/#website\",\"url\":\"https:\\\/\\\/tuzlainfo.ba\\\/\",\"name\":\"TuzlaInfo.ba\",\"description\":\"Tuzla info, gradski informator - Tuzla na dlanu\",\"publisher\":{\"@id\":\"https:\\\/\\\/tuzlainfo.ba\\\/#organization\"},\"potentialAction\":[{\"@type\":\"SearchAction\",\"target\":{\"@type\":\"EntryPoint\",\"urlTemplate\":\"https:\\\/\\\/tuzlainfo.ba\\\/?s={search_term_string}\"},\"query-input\":{\"@type\":\"PropertyValueSpecification\",\"valueRequired\":true,\"valueName\":\"search_term_string\"}}],\"inLanguage\":\"bs-BA\"},{\"@type\":\"Organization\",\"@id\":\"https:\\\/\\\/tuzlainfo.ba\\\/#organization\",\"name\":\"TuzlaInfo.ba\",\"url\":\"https:\\\/\\\/tuzlainfo.ba\\\/\",\"logo\":{\"@type\":\"ImageObject\",\"inLanguage\":\"bs-BA\",\"@id\":\"https:\\\/\\\/tuzlainfo.ba\\\/#\\\/schema\\\/logo\\\/image\\\/\",\"url\":\"https:\\\/\\\/tuzlainfo.ba\\\/wp-content\\\/uploads\\\/2021\\\/03\\\/logo-ver-3-1.png\",\"contentUrl\":\"https:\\\/\\\/tuzlainfo.ba\\\/wp-content\\\/uploads\\\/2021\\\/03\\\/logo-ver-3-1.png\",\"width\":350,\"height\":95,\"caption\":\"TuzlaInfo.ba\"},\"image\":{\"@id\":\"https:\\\/\\\/tuzlainfo.ba\\\/#\\\/schema\\\/logo\\\/image\\\/\"},\"sameAs\":[\"https:\\\/\\\/www.facebook.com\\\/tuzlainfo.ba\\\/\"]},{\"@type\":\"Person\",\"@id\":\"https:\\\/\\\/tuzlainfo.ba\\\/#\\\/schema\\\/person\\\/f434e20dc27ea133923aab08451b7f7f\",\"name\":\"nedim\",\"image\":{\"@type\":\"ImageObject\",\"inLanguage\":\"bs-BA\",\"@id\":\"https:\\\/\\\/secure.gravatar.com\\\/avatar\\\/5b928a2e7e70a54208d2eb6c1edcb75a5350d6ae97d5f0a701203d456823f6f3?s=96&d=mm&r=g\",\"url\":\"https:\\\/\\\/secure.gravatar.com\\\/avatar\\\/5b928a2e7e70a54208d2eb6c1edcb75a5350d6ae97d5f0a701203d456823f6f3?s=96&d=mm&r=g\",\"contentUrl\":\"https:\\\/\\\/secure.gravatar.com\\\/avatar\\\/5b928a2e7e70a54208d2eb6c1edcb75a5350d6ae97d5f0a701203d456823f6f3?s=96&d=mm&r=g\",\"caption\":\"nedim\"},\"description\":\"Tuzlainfo.ba pratite na dru\u0161tvenim mre\u017eama: Facebook, Instagram i Youtube. Svoje pri\u010de, upite i fotografije \u0161aljite na na\u0161u e-mail adresu.\"}]}<\/script>\n<!-- \/ Yoast SEO plugin. -->","yoast_head_json":{"title":"Uskoro 21. TKT Fest: Dani akademskog teatra donose devet predstava i dvije premijere","robots":{"index":"index","follow":"follow","max-snippet":"max-snippet:-1","max-image-preview":"max-image-preview:large","max-video-preview":"max-video-preview:-1"},"canonical":"https:\/\/tuzlainfo.ba\/index.php\/novosti\/item\/223124-uskoro-21-tkt-fest-dani-akademskog-teatra-donose-devet-predstava-i-dvije-premijere\/","og_locale":"bs_BA","og_type":"article","og_title":"Uskoro 21. TKT Fest: Dani akademskog teatra donose devet predstava i dvije premijere","og_description":"U organizaciji Teatra Kabare Tuzla od 26. novembra do 16. decembra u Tuzli \u0107e biti organizovan 21. TKT Fest \u2013 Dani akademskog teatra. Publika \u0107e na Kamernoj sceni Doma mladih Tuzla mo\u0107i u\u017eivati u predstavama iz BiH, Hrvatske i Srbije. TKT Fest je sada tradicionalna manifestacija, koja ove godine donosi devet predstava, od \u010dega su [&hellip;]","og_url":"https:\/\/tuzlainfo.ba\/index.php\/novosti\/item\/223124-uskoro-21-tkt-fest-dani-akademskog-teatra-donose-devet-predstava-i-dvije-premijere\/","og_site_name":"TuzlaInfo.ba","article_publisher":"https:\/\/www.facebook.com\/tuzlainfo.ba\/","article_published_time":"2023-11-21T14:15:20+00:00","og_image":[{"width":1200,"height":675,"url":"https:\/\/tuzlainfo.ba\/wp-content\/uploads\/2023\/11\/2111_tkt_press.jpg","type":"image\/jpeg"}],"author":"nedim","twitter_card":"summary_large_image","twitter_misc":{"Written by":"nedim","Est. reading time":"4 minute"},"schema":{"@context":"https:\/\/schema.org","@graph":[{"@type":"Article","@id":"https:\/\/tuzlainfo.ba\/index.php\/novosti\/item\/223124-uskoro-21-tkt-fest-dani-akademskog-teatra-donose-devet-predstava-i-dvije-premijere\/#article","isPartOf":{"@id":"https:\/\/tuzlainfo.ba\/index.php\/novosti\/item\/223124-uskoro-21-tkt-fest-dani-akademskog-teatra-donose-devet-predstava-i-dvije-premijere\/"},"author":{"name":"nedim","@id":"https:\/\/tuzlainfo.ba\/#\/schema\/person\/f434e20dc27ea133923aab08451b7f7f"},"headline":"Uskoro 21. TKT Fest: Dani akademskog teatra donose devet predstava i dvije premijere","datePublished":"2023-11-21T14:15:20+00:00","mainEntityOfPage":{"@id":"https:\/\/tuzlainfo.ba\/index.php\/novosti\/item\/223124-uskoro-21-tkt-fest-dani-akademskog-teatra-donose-devet-predstava-i-dvije-premijere\/"},"wordCount":608,"commentCount":0,"publisher":{"@id":"https:\/\/tuzlainfo.ba\/#organization"},"image":{"@id":"https:\/\/tuzlainfo.ba\/index.php\/novosti\/item\/223124-uskoro-21-tkt-fest-dani-akademskog-teatra-donose-devet-predstava-i-dvije-premijere\/#primaryimage"},"thumbnailUrl":"https:\/\/tuzlainfo.ba\/wp-content\/uploads\/2023\/11\/2111_tkt_press.jpg","keywords":["de\u0161avanja u tuzli","najava doga\u0111aja tuzla","Teatar kabare Tuzla","Tkt fest"],"articleSection":["Istaknuto","Novosti"],"inLanguage":"bs-BA","copyrightYear":"2023","copyrightHolder":{"@id":"https:\/\/tuzlainfo.ba\/#organization"}},{"@type":"WebPage","@id":"https:\/\/tuzlainfo.ba\/index.php\/novosti\/item\/223124-uskoro-21-tkt-fest-dani-akademskog-teatra-donose-devet-predstava-i-dvije-premijere\/","url":"https:\/\/tuzlainfo.ba\/index.php\/novosti\/item\/223124-uskoro-21-tkt-fest-dani-akademskog-teatra-donose-devet-predstava-i-dvije-premijere\/","name":"Uskoro 21. TKT Fest: Dani akademskog teatra donose devet predstava i dvije premijere","isPartOf":{"@id":"https:\/\/tuzlainfo.ba\/#website"},"primaryImageOfPage":{"@id":"https:\/\/tuzlainfo.ba\/index.php\/novosti\/item\/223124-uskoro-21-tkt-fest-dani-akademskog-teatra-donose-devet-predstava-i-dvije-premijere\/#primaryimage"},"image":{"@id":"https:\/\/tuzlainfo.ba\/index.php\/novosti\/item\/223124-uskoro-21-tkt-fest-dani-akademskog-teatra-donose-devet-predstava-i-dvije-premijere\/#primaryimage"},"thumbnailUrl":"https:\/\/tuzlainfo.ba\/wp-content\/uploads\/2023\/11\/2111_tkt_press.jpg","datePublished":"2023-11-21T14:15:20+00:00","breadcrumb":{"@id":"https:\/\/tuzlainfo.ba\/index.php\/novosti\/item\/223124-uskoro-21-tkt-fest-dani-akademskog-teatra-donose-devet-predstava-i-dvije-premijere\/#breadcrumb"},"inLanguage":"bs-BA","potentialAction":[{"@type":"ReadAction","target":["https:\/\/tuzlainfo.ba\/index.php\/novosti\/item\/223124-uskoro-21-tkt-fest-dani-akademskog-teatra-donose-devet-predstava-i-dvije-premijere\/"]}]},{"@type":"ImageObject","inLanguage":"bs-BA","@id":"https:\/\/tuzlainfo.ba\/index.php\/novosti\/item\/223124-uskoro-21-tkt-fest-dani-akademskog-teatra-donose-devet-predstava-i-dvije-premijere\/#primaryimage","url":"https:\/\/tuzlainfo.ba\/wp-content\/uploads\/2023\/11\/2111_tkt_press.jpg","contentUrl":"https:\/\/tuzlainfo.ba\/wp-content\/uploads\/2023\/11\/2111_tkt_press.jpg","width":1200,"height":675},{"@type":"BreadcrumbList","@id":"https:\/\/tuzlainfo.ba\/index.php\/novosti\/item\/223124-uskoro-21-tkt-fest-dani-akademskog-teatra-donose-devet-predstava-i-dvije-premijere\/#breadcrumb","itemListElement":[{"@type":"ListItem","position":1,"name":"Home","item":"https:\/\/tuzlainfo.ba\/"},{"@type":"ListItem","position":2,"name":"Uskoro 21. TKT Fest: Dani akademskog teatra donose devet predstava i dvije premijere"}]},{"@type":"WebSite","@id":"https:\/\/tuzlainfo.ba\/#website","url":"https:\/\/tuzlainfo.ba\/","name":"TuzlaInfo.ba","description":"Tuzla info, gradski informator - Tuzla na dlanu","publisher":{"@id":"https:\/\/tuzlainfo.ba\/#organization"},"potentialAction":[{"@type":"SearchAction","target":{"@type":"EntryPoint","urlTemplate":"https:\/\/tuzlainfo.ba\/?s={search_term_string}"},"query-input":{"@type":"PropertyValueSpecification","valueRequired":true,"valueName":"search_term_string"}}],"inLanguage":"bs-BA"},{"@type":"Organization","@id":"https:\/\/tuzlainfo.ba\/#organization","name":"TuzlaInfo.ba","url":"https:\/\/tuzlainfo.ba\/","logo":{"@type":"ImageObject","inLanguage":"bs-BA","@id":"https:\/\/tuzlainfo.ba\/#\/schema\/logo\/image\/","url":"https:\/\/tuzlainfo.ba\/wp-content\/uploads\/2021\/03\/logo-ver-3-1.png","contentUrl":"https:\/\/tuzlainfo.ba\/wp-content\/uploads\/2021\/03\/logo-ver-3-1.png","width":350,"height":95,"caption":"TuzlaInfo.ba"},"image":{"@id":"https:\/\/tuzlainfo.ba\/#\/schema\/logo\/image\/"},"sameAs":["https:\/\/www.facebook.com\/tuzlainfo.ba\/"]},{"@type":"Person","@id":"https:\/\/tuzlainfo.ba\/#\/schema\/person\/f434e20dc27ea133923aab08451b7f7f","name":"nedim","image":{"@type":"ImageObject","inLanguage":"bs-BA","@id":"https:\/\/secure.gravatar.com\/avatar\/5b928a2e7e70a54208d2eb6c1edcb75a5350d6ae97d5f0a701203d456823f6f3?s=96&d=mm&r=g","url":"https:\/\/secure.gravatar.com\/avatar\/5b928a2e7e70a54208d2eb6c1edcb75a5350d6ae97d5f0a701203d456823f6f3?s=96&d=mm&r=g","contentUrl":"https:\/\/secure.gravatar.com\/avatar\/5b928a2e7e70a54208d2eb6c1edcb75a5350d6ae97d5f0a701203d456823f6f3?s=96&d=mm&r=g","caption":"nedim"},"description":"Tuzlainfo.ba pratite na dru\u0161tvenim mre\u017eama: Facebook, Instagram i Youtube. Svoje pri\u010de, upite i fotografije \u0161aljite na na\u0161u e-mail adresu."}]}},"_links":{"self":[{"href":"https:\/\/tuzlainfo.ba\/index.php\/wp-json\/wp\/v2\/posts\/223124","targetHints":{"allow":["GET"]}}],"collection":[{"href":"https:\/\/tuzlainfo.ba\/index.php\/wp-json\/wp\/v2\/posts"}],"about":[{"href":"https:\/\/tuzlainfo.ba\/index.php\/wp-json\/wp\/v2\/types\/post"}],"author":[{"embeddable":true,"href":"https:\/\/tuzlainfo.ba\/index.php\/wp-json\/wp\/v2\/users\/2"}],"replies":[{"embeddable":true,"href":"https:\/\/tuzlainfo.ba\/index.php\/wp-json\/wp\/v2\/comments?post=223124"}],"version-history":[{"count":1,"href":"https:\/\/tuzlainfo.ba\/index.php\/wp-json\/wp\/v2\/posts\/223124\/revisions"}],"predecessor-version":[{"id":223128,"href":"https:\/\/tuzlainfo.ba\/index.php\/wp-json\/wp\/v2\/posts\/223124\/revisions\/223128"}],"wp:featuredmedia":[{"embeddable":true,"href":"https:\/\/tuzlainfo.ba\/index.php\/wp-json\/wp\/v2\/media\/223127"}],"wp:attachment":[{"href":"https:\/\/tuzlainfo.ba\/index.php\/wp-json\/wp\/v2\/media?parent=223124"}],"wp:term":[{"taxonomy":"category","embeddable":true,"href":"https:\/\/tuzlainfo.ba\/index.php\/wp-json\/wp\/v2\/categories?post=223124"},{"taxonomy":"post_tag","embeddable":true,"href":"https:\/\/tuzlainfo.ba\/index.php\/wp-json\/wp\/v2\/tags?post=223124"}],"curies":[{"name":"wp","href":"https:\/\/api.w.org\/{rel}","templated":true}]}}