{"id":222931,"date":"2023-11-19T12:01:21","date_gmt":"2023-11-19T11:01:21","guid":{"rendered":"https:\/\/tuzlainfo.ba\/?p=222931"},"modified":"2023-11-19T13:01:31","modified_gmt":"2023-11-19T12:01:31","slug":"godisnje-gubimo-jedan-grad-znate-li-koliko-ljudi-u-bih-zivjeti-2070","status":"publish","type":"post","link":"https:\/\/tuzlainfo.ba\/index.php\/bosna-i-hercegovina\/item\/222931-godisnje-gubimo-jedan-grad-znate-li-koliko-ljudi-u-bih-zivjeti-2070\/","title":{"rendered":"Godi\u0161nje gubimo jedan grad: Znate li koliko ljudi \u0107e u BiH \u017eivjeti 2070.?"},"content":{"rendered":"<p>Iako je popis stanovni\u0161tva Bosne i Hercegovine trebao biti ponovno ura\u0111en, o tome se u na\u0161oj zemlji uop\u0107e i ne govori. Pitanje je \u0161ta bi podaci i pokazali, jer godi\u0161nje u BiH nestane jedan grad, a prema procjenama Ujedinjenih naroda, do 2070. godine Bosna i Hercegovina \u0107e izgubiti polovinu stanovni\u0161tva, pi\u0161e<a href=\"https:\/\/www.bhrt.ba\/do-2070-godine-bosna-i-hercegovina-%C4%87e-izgubiti-polovinu-stanovni%C5%A1tva\"><strong> BHRT<\/strong><\/a>.<\/p>\n<p>Sela koja su nekada bila puna stanovnika, danas su doslovce prazna. I brojni gradovi ostaju sve usamljeniji, posebice oni povratni\u010dki. Bosna i Hercegovina se suo\u010dava s ogromnim odljevom stanovni\u0161ta, a i prirodni prira\u0161taj je negativan. Primjerice, u Tuzlanskom kantonu je vi\u0161e bilo ro\u0111enih u ratu, nego \u0161to je to danas. \u010cak jedan od glavnih aktera u kreiranju politike u Bosni i Hercegovini, Dragan \u010covi\u0107, priznaje da je demografska slika BiH veoma lo\u0161a.<\/p>\n<p><strong>DRAGAN \u010cOVI\u0106, predsjednik Hrvatskog narodnog sabora<\/strong><\/p>\n<p><strong>&#8220;Ako \u0107ete me pitati koliko ima stanovnika, ja \u0107u vam re\u0107i da Bosna i Hercegovina nema vi\u0161e od dva miliona stanovnika. Sad, ako smo mi na zadnjem popisu stanovni\u0161tva 2013., prije deset godina, imali onaj broj stanovnika koji smo imali, a ja sam sada spomenuo neku cifru na osnovu podataka kojima raspola\u017eem i oni su \u0161pekulacija, jer nismo proveli popis stanovni\u0161tva kao sav ostali normalan svijet, prije dvije godine. To dovoljno govori da svi mi trebamo biti zabrinuti u Bosni i Hercegovini.&#8221;<\/strong><\/p>\n<p>Iseljavanje \u010dini sedamdeset posto demografskog problema Bosne i Hercegovine \u0161to najbolje pokazuju podaci u \u0161kolama. Primjerice, u Posavskom kantonu je danas \u010dak za pedeset posto manje u\u010denika nego prije devet godina.<\/p>\n<p><strong>TADO JURI\u0106, UN ekspert za demografiju u BiH<\/strong><\/p>\n<p><strong>&#8220;Na razini cijele Bosne i Hercegovine je 33 posto manje u\u010denika u srednjim \u0161kolama, u osnovnim trideset posto, a sli\u010dno je i na razini visokog obrazovanja. Takav pad populacije se nije dogodio nigdje u svijetu u periodu od devet godina. Dakle, nigdje u svijetu se nije dogodio gubitak tre\u0107ine svih u\u010denika u devet godina.&#8221;<\/strong><\/p>\n<p>A ho\u0107e li ostati ili oti\u0107i iz Bosne i Hercegovine, upravo najvi\u0161e ovisi o politici koja bi trebala biti sigurna i u kojoj roditelji ne\u0107e biti primorani odgajati djecu u ambijentu dru\u0161tvenih podjela, nemira. Nego ba\u0161 suprotno, u ambijentu ekonomskog razvoja, dijaloga, mira i sretnog odrastanja. Sve je to u rukama onih koji kreiraju politike u parlamentarnim klupama.<\/p>\n<p><strong>AMRA NADAREVI\u0106, zastupnica u Skup\u0161tini Tuzlanskog kantona<\/strong><\/p>\n<p><strong>&#8220;Mi imamo zna\u010dajan pad nataliteta, 1991. godine je bilo 75. 000 ro\u0111ene djece u Bosni i Hercegovini, sada je to ispod 25.000. Zna\u010di, odlazi nam mlado stanovni\u0161tvo. Mi moramo stvoriti pozitivnu atmosferu, da se zadr\u017eava, da majke ra\u0111aju ne jedno dijete, nego da se oslu\u010duju za ve\u0107i broj djece.&#8221;<\/strong><\/p>\n<p><strong>SILVA BANOVI\u0106, zastupnica u Skup\u0161tini Tuzlanskog kantona<\/strong><\/p>\n<p><strong>&#8220;Majke i \u017eene su u nezahvalnoj poziciji i na tr\u017ei\u0161tu rada. Jako \u010desto ostaju bez posla, upravo zbog toga \u0161to \u017eele postati majke ili roditi dvoje ili troje djece. A to nam je onda u potpunoj suprotnosti s onim \u0161to \u017eelimo u BiH,\u00a0\u017eelimo pove\u0107ati natalitet, \u017eelimo imati vi\u0161e ro\u0111ene djece. Statisti\u010dki podaci govore da imamo vi\u0161e umrlih nego ro\u0111enih i to treba mijenjati.&#8221;<\/strong><\/p>\n<p>Kada je rije\u010d o demografskoj slici, u Bosni i Hercegovini ve\u0107 odavno nije 5 do 12, nego 12 i 5, a nastavi li se vlast ovako odnositi prema iseljavanju i padu nataliteta, ostat \u0107emo zapisani kao generacije koje nije bilo briga za svoju budu\u0107nost.<\/p>\n","protected":false},"excerpt":{"rendered":"<p>Iako je popis stanovni\u0161tva Bosne i Hercegovine trebao biti ponovno ura\u0111en, o tome se u na\u0161oj zemlji uop\u0107e i ne govori. Pitanje je \u0161ta bi podaci i pokazali, jer godi\u0161nje u BiH nestane jedan grad, a prema procjenama Ujedinjenih naroda, do 2070. godine Bosna i Hercegovina \u0107e izgubiti polovinu stanovni\u0161tva, pi\u0161e BHRT. Sela koja su [&hellip;]<\/p>\n","protected":false},"author":2,"featured_media":72364,"comment_status":"open","ping_status":"closed","sticky":false,"template":"","format":"standard","meta":{"footnotes":""},"categories":[291,304],"tags":[1136,5302],"class_list":["post-222931","post","type-post","status-publish","format-standard","has-post-thumbnail","hentry","category-bosna-i-hercegovina","category-istaknuto","tag-negativni-demografski-trendovi","tag-odlazak-stanovnistva"],"yoast_head":"<!-- This site is optimized with the Yoast SEO plugin v28.3 - https:\/\/yoast.com\/product\/yoast-seo-wordpress\/ -->\n<title>Godi\u0161nje gubimo jedan grad: Znate li koliko ljudi \u0107e u BiH \u017eivjeti 2070.?<\/title>\n<meta name=\"robots\" content=\"index, follow, max-snippet:-1, max-image-preview:large, max-video-preview:-1\" \/>\n<link rel=\"canonical\" href=\"https:\/\/tuzlainfo.ba\/index.php\/bosna-i-hercegovina\/item\/222931-godisnje-gubimo-jedan-grad-znate-li-koliko-ljudi-u-bih-zivjeti-2070\/\" \/>\n<meta property=\"og:locale\" content=\"bs_BA\" \/>\n<meta property=\"og:type\" content=\"article\" \/>\n<meta property=\"og:title\" content=\"Godi\u0161nje gubimo jedan grad: Znate li koliko ljudi \u0107e u BiH \u017eivjeti 2070.?\" \/>\n<meta property=\"og:description\" content=\"Iako je popis stanovni\u0161tva Bosne i Hercegovine trebao biti ponovno ura\u0111en, o tome se u na\u0161oj zemlji uop\u0107e i ne govori. Pitanje je \u0161ta bi podaci i pokazali, jer godi\u0161nje u BiH nestane jedan grad, a prema procjenama Ujedinjenih naroda, do 2070. godine Bosna i Hercegovina \u0107e izgubiti polovinu stanovni\u0161tva, pi\u0161e BHRT. Sela koja su [&hellip;]\" \/>\n<meta property=\"og:url\" content=\"https:\/\/tuzlainfo.ba\/index.php\/bosna-i-hercegovina\/item\/222931-godisnje-gubimo-jedan-grad-znate-li-koliko-ljudi-u-bih-zivjeti-2070\/\" \/>\n<meta property=\"og:site_name\" content=\"TuzlaInfo.ba\" \/>\n<meta property=\"article:publisher\" content=\"https:\/\/www.facebook.com\/tuzlainfo.ba\/\" \/>\n<meta property=\"article:published_time\" content=\"2023-11-19T11:01:21+00:00\" \/>\n<meta property=\"article:modified_time\" content=\"2023-11-19T12:01:31+00:00\" \/>\n<meta property=\"og:image\" content=\"https:\/\/tuzlainfo.ba\/wp-content\/uploads\/2019\/08\/sadrzaj_2019_20190801_1208_odlazak_mladih.jpg\" \/>\n\t<meta property=\"og:image:width\" content=\"770\" \/>\n\t<meta property=\"og:image:height\" content=\"459\" \/>\n\t<meta property=\"og:image:type\" content=\"image\/jpeg\" \/>\n<meta name=\"author\" content=\"nedim\" \/>\n<meta name=\"twitter:card\" content=\"summary_large_image\" \/>\n<meta name=\"twitter:label1\" content=\"Written by\" \/>\n\t<meta name=\"twitter:data1\" content=\"nedim\" \/>\n\t<meta name=\"twitter:label2\" content=\"Est. reading time\" \/>\n\t<meta name=\"twitter:data2\" content=\"3 minute\" \/>\n<script type=\"application\/ld+json\" class=\"yoast-schema-graph\">{\"@context\":\"https:\\\/\\\/schema.org\",\"@graph\":[{\"@type\":\"Article\",\"@id\":\"https:\\\/\\\/tuzlainfo.ba\\\/index.php\\\/bosna-i-hercegovina\\\/item\\\/222931-godisnje-gubimo-jedan-grad-znate-li-koliko-ljudi-u-bih-zivjeti-2070\\\/#article\",\"isPartOf\":{\"@id\":\"https:\\\/\\\/tuzlainfo.ba\\\/index.php\\\/bosna-i-hercegovina\\\/item\\\/222931-godisnje-gubimo-jedan-grad-znate-li-koliko-ljudi-u-bih-zivjeti-2070\\\/\"},\"author\":{\"name\":\"nedim\",\"@id\":\"https:\\\/\\\/tuzlainfo.ba\\\/#\\\/schema\\\/person\\\/f434e20dc27ea133923aab08451b7f7f\"},\"headline\":\"Godi\u0161nje gubimo jedan grad: Znate li koliko ljudi \u0107e u BiH \u017eivjeti 2070.?\",\"datePublished\":\"2023-11-19T11:01:21+00:00\",\"dateModified\":\"2023-11-19T12:01:31+00:00\",\"mainEntityOfPage\":{\"@id\":\"https:\\\/\\\/tuzlainfo.ba\\\/index.php\\\/bosna-i-hercegovina\\\/item\\\/222931-godisnje-gubimo-jedan-grad-znate-li-koliko-ljudi-u-bih-zivjeti-2070\\\/\"},\"wordCount\":584,\"commentCount\":0,\"publisher\":{\"@id\":\"https:\\\/\\\/tuzlainfo.ba\\\/#organization\"},\"image\":{\"@id\":\"https:\\\/\\\/tuzlainfo.ba\\\/index.php\\\/bosna-i-hercegovina\\\/item\\\/222931-godisnje-gubimo-jedan-grad-znate-li-koliko-ljudi-u-bih-zivjeti-2070\\\/#primaryimage\"},\"thumbnailUrl\":\"https:\\\/\\\/tuzlainfo.ba\\\/wp-content\\\/uploads\\\/2019\\\/08\\\/sadrzaj_2019_20190801_1208_odlazak_mladih.jpg\",\"keywords\":[\"negativni demografski trendovi\",\"odlazak stanovni\u0161tva\"],\"articleSection\":[\"Bosna i Hercegovina\",\"Istaknuto\"],\"inLanguage\":\"bs-BA\",\"copyrightYear\":\"2023\",\"copyrightHolder\":{\"@id\":\"https:\\\/\\\/tuzlainfo.ba\\\/#organization\"}},{\"@type\":\"WebPage\",\"@id\":\"https:\\\/\\\/tuzlainfo.ba\\\/index.php\\\/bosna-i-hercegovina\\\/item\\\/222931-godisnje-gubimo-jedan-grad-znate-li-koliko-ljudi-u-bih-zivjeti-2070\\\/\",\"url\":\"https:\\\/\\\/tuzlainfo.ba\\\/index.php\\\/bosna-i-hercegovina\\\/item\\\/222931-godisnje-gubimo-jedan-grad-znate-li-koliko-ljudi-u-bih-zivjeti-2070\\\/\",\"name\":\"Godi\u0161nje gubimo jedan grad: Znate li koliko ljudi \u0107e u BiH \u017eivjeti 2070.?\",\"isPartOf\":{\"@id\":\"https:\\\/\\\/tuzlainfo.ba\\\/#website\"},\"primaryImageOfPage\":{\"@id\":\"https:\\\/\\\/tuzlainfo.ba\\\/index.php\\\/bosna-i-hercegovina\\\/item\\\/222931-godisnje-gubimo-jedan-grad-znate-li-koliko-ljudi-u-bih-zivjeti-2070\\\/#primaryimage\"},\"image\":{\"@id\":\"https:\\\/\\\/tuzlainfo.ba\\\/index.php\\\/bosna-i-hercegovina\\\/item\\\/222931-godisnje-gubimo-jedan-grad-znate-li-koliko-ljudi-u-bih-zivjeti-2070\\\/#primaryimage\"},\"thumbnailUrl\":\"https:\\\/\\\/tuzlainfo.ba\\\/wp-content\\\/uploads\\\/2019\\\/08\\\/sadrzaj_2019_20190801_1208_odlazak_mladih.jpg\",\"datePublished\":\"2023-11-19T11:01:21+00:00\",\"dateModified\":\"2023-11-19T12:01:31+00:00\",\"breadcrumb\":{\"@id\":\"https:\\\/\\\/tuzlainfo.ba\\\/index.php\\\/bosna-i-hercegovina\\\/item\\\/222931-godisnje-gubimo-jedan-grad-znate-li-koliko-ljudi-u-bih-zivjeti-2070\\\/#breadcrumb\"},\"inLanguage\":\"bs-BA\",\"potentialAction\":[{\"@type\":\"ReadAction\",\"target\":[\"https:\\\/\\\/tuzlainfo.ba\\\/index.php\\\/bosna-i-hercegovina\\\/item\\\/222931-godisnje-gubimo-jedan-grad-znate-li-koliko-ljudi-u-bih-zivjeti-2070\\\/\"]}]},{\"@type\":\"ImageObject\",\"inLanguage\":\"bs-BA\",\"@id\":\"https:\\\/\\\/tuzlainfo.ba\\\/index.php\\\/bosna-i-hercegovina\\\/item\\\/222931-godisnje-gubimo-jedan-grad-znate-li-koliko-ljudi-u-bih-zivjeti-2070\\\/#primaryimage\",\"url\":\"https:\\\/\\\/tuzlainfo.ba\\\/wp-content\\\/uploads\\\/2019\\\/08\\\/sadrzaj_2019_20190801_1208_odlazak_mladih.jpg\",\"contentUrl\":\"https:\\\/\\\/tuzlainfo.ba\\\/wp-content\\\/uploads\\\/2019\\\/08\\\/sadrzaj_2019_20190801_1208_odlazak_mladih.jpg\",\"width\":770,\"height\":459,\"caption\":\"1208 odlazak mladih\"},{\"@type\":\"BreadcrumbList\",\"@id\":\"https:\\\/\\\/tuzlainfo.ba\\\/index.php\\\/bosna-i-hercegovina\\\/item\\\/222931-godisnje-gubimo-jedan-grad-znate-li-koliko-ljudi-u-bih-zivjeti-2070\\\/#breadcrumb\",\"itemListElement\":[{\"@type\":\"ListItem\",\"position\":1,\"name\":\"Home\",\"item\":\"https:\\\/\\\/tuzlainfo.ba\\\/\"},{\"@type\":\"ListItem\",\"position\":2,\"name\":\"Godi\u0161nje gubimo jedan grad: Znate li koliko ljudi \u0107e u BiH \u017eivjeti 2070.?\"}]},{\"@type\":\"WebSite\",\"@id\":\"https:\\\/\\\/tuzlainfo.ba\\\/#website\",\"url\":\"https:\\\/\\\/tuzlainfo.ba\\\/\",\"name\":\"TuzlaInfo.ba\",\"description\":\"Tuzla info, gradski informator - Tuzla na dlanu\",\"publisher\":{\"@id\":\"https:\\\/\\\/tuzlainfo.ba\\\/#organization\"},\"potentialAction\":[{\"@type\":\"SearchAction\",\"target\":{\"@type\":\"EntryPoint\",\"urlTemplate\":\"https:\\\/\\\/tuzlainfo.ba\\\/?s={search_term_string}\"},\"query-input\":{\"@type\":\"PropertyValueSpecification\",\"valueRequired\":true,\"valueName\":\"search_term_string\"}}],\"inLanguage\":\"bs-BA\"},{\"@type\":\"Organization\",\"@id\":\"https:\\\/\\\/tuzlainfo.ba\\\/#organization\",\"name\":\"TuzlaInfo.ba\",\"url\":\"https:\\\/\\\/tuzlainfo.ba\\\/\",\"logo\":{\"@type\":\"ImageObject\",\"inLanguage\":\"bs-BA\",\"@id\":\"https:\\\/\\\/tuzlainfo.ba\\\/#\\\/schema\\\/logo\\\/image\\\/\",\"url\":\"https:\\\/\\\/tuzlainfo.ba\\\/wp-content\\\/uploads\\\/2021\\\/03\\\/logo-ver-3-1.png\",\"contentUrl\":\"https:\\\/\\\/tuzlainfo.ba\\\/wp-content\\\/uploads\\\/2021\\\/03\\\/logo-ver-3-1.png\",\"width\":350,\"height\":95,\"caption\":\"TuzlaInfo.ba\"},\"image\":{\"@id\":\"https:\\\/\\\/tuzlainfo.ba\\\/#\\\/schema\\\/logo\\\/image\\\/\"},\"sameAs\":[\"https:\\\/\\\/www.facebook.com\\\/tuzlainfo.ba\\\/\"]},{\"@type\":\"Person\",\"@id\":\"https:\\\/\\\/tuzlainfo.ba\\\/#\\\/schema\\\/person\\\/f434e20dc27ea133923aab08451b7f7f\",\"name\":\"nedim\",\"image\":{\"@type\":\"ImageObject\",\"inLanguage\":\"bs-BA\",\"@id\":\"https:\\\/\\\/secure.gravatar.com\\\/avatar\\\/5b928a2e7e70a54208d2eb6c1edcb75a5350d6ae97d5f0a701203d456823f6f3?s=96&d=mm&r=g\",\"url\":\"https:\\\/\\\/secure.gravatar.com\\\/avatar\\\/5b928a2e7e70a54208d2eb6c1edcb75a5350d6ae97d5f0a701203d456823f6f3?s=96&d=mm&r=g\",\"contentUrl\":\"https:\\\/\\\/secure.gravatar.com\\\/avatar\\\/5b928a2e7e70a54208d2eb6c1edcb75a5350d6ae97d5f0a701203d456823f6f3?s=96&d=mm&r=g\",\"caption\":\"nedim\"},\"description\":\"Tuzlainfo.ba pratite na dru\u0161tvenim mre\u017eama: Facebook, Instagram i Youtube. Svoje pri\u010de, upite i fotografije \u0161aljite na na\u0161u e-mail adresu.\"}]}<\/script>\n<!-- \/ Yoast SEO plugin. -->","yoast_head_json":{"title":"Godi\u0161nje gubimo jedan grad: Znate li koliko ljudi \u0107e u BiH \u017eivjeti 2070.?","robots":{"index":"index","follow":"follow","max-snippet":"max-snippet:-1","max-image-preview":"max-image-preview:large","max-video-preview":"max-video-preview:-1"},"canonical":"https:\/\/tuzlainfo.ba\/index.php\/bosna-i-hercegovina\/item\/222931-godisnje-gubimo-jedan-grad-znate-li-koliko-ljudi-u-bih-zivjeti-2070\/","og_locale":"bs_BA","og_type":"article","og_title":"Godi\u0161nje gubimo jedan grad: Znate li koliko ljudi \u0107e u BiH \u017eivjeti 2070.?","og_description":"Iako je popis stanovni\u0161tva Bosne i Hercegovine trebao biti ponovno ura\u0111en, o tome se u na\u0161oj zemlji uop\u0107e i ne govori. Pitanje je \u0161ta bi podaci i pokazali, jer godi\u0161nje u BiH nestane jedan grad, a prema procjenama Ujedinjenih naroda, do 2070. godine Bosna i Hercegovina \u0107e izgubiti polovinu stanovni\u0161tva, pi\u0161e BHRT. Sela koja su [&hellip;]","og_url":"https:\/\/tuzlainfo.ba\/index.php\/bosna-i-hercegovina\/item\/222931-godisnje-gubimo-jedan-grad-znate-li-koliko-ljudi-u-bih-zivjeti-2070\/","og_site_name":"TuzlaInfo.ba","article_publisher":"https:\/\/www.facebook.com\/tuzlainfo.ba\/","article_published_time":"2023-11-19T11:01:21+00:00","article_modified_time":"2023-11-19T12:01:31+00:00","og_image":[{"width":770,"height":459,"url":"https:\/\/tuzlainfo.ba\/wp-content\/uploads\/2019\/08\/sadrzaj_2019_20190801_1208_odlazak_mladih.jpg","type":"image\/jpeg"}],"author":"nedim","twitter_card":"summary_large_image","twitter_misc":{"Written by":"nedim","Est. reading time":"3 minute"},"schema":{"@context":"https:\/\/schema.org","@graph":[{"@type":"Article","@id":"https:\/\/tuzlainfo.ba\/index.php\/bosna-i-hercegovina\/item\/222931-godisnje-gubimo-jedan-grad-znate-li-koliko-ljudi-u-bih-zivjeti-2070\/#article","isPartOf":{"@id":"https:\/\/tuzlainfo.ba\/index.php\/bosna-i-hercegovina\/item\/222931-godisnje-gubimo-jedan-grad-znate-li-koliko-ljudi-u-bih-zivjeti-2070\/"},"author":{"name":"nedim","@id":"https:\/\/tuzlainfo.ba\/#\/schema\/person\/f434e20dc27ea133923aab08451b7f7f"},"headline":"Godi\u0161nje gubimo jedan grad: Znate li koliko ljudi \u0107e u BiH \u017eivjeti 2070.?","datePublished":"2023-11-19T11:01:21+00:00","dateModified":"2023-11-19T12:01:31+00:00","mainEntityOfPage":{"@id":"https:\/\/tuzlainfo.ba\/index.php\/bosna-i-hercegovina\/item\/222931-godisnje-gubimo-jedan-grad-znate-li-koliko-ljudi-u-bih-zivjeti-2070\/"},"wordCount":584,"commentCount":0,"publisher":{"@id":"https:\/\/tuzlainfo.ba\/#organization"},"image":{"@id":"https:\/\/tuzlainfo.ba\/index.php\/bosna-i-hercegovina\/item\/222931-godisnje-gubimo-jedan-grad-znate-li-koliko-ljudi-u-bih-zivjeti-2070\/#primaryimage"},"thumbnailUrl":"https:\/\/tuzlainfo.ba\/wp-content\/uploads\/2019\/08\/sadrzaj_2019_20190801_1208_odlazak_mladih.jpg","keywords":["negativni demografski trendovi","odlazak stanovni\u0161tva"],"articleSection":["Bosna i Hercegovina","Istaknuto"],"inLanguage":"bs-BA","copyrightYear":"2023","copyrightHolder":{"@id":"https:\/\/tuzlainfo.ba\/#organization"}},{"@type":"WebPage","@id":"https:\/\/tuzlainfo.ba\/index.php\/bosna-i-hercegovina\/item\/222931-godisnje-gubimo-jedan-grad-znate-li-koliko-ljudi-u-bih-zivjeti-2070\/","url":"https:\/\/tuzlainfo.ba\/index.php\/bosna-i-hercegovina\/item\/222931-godisnje-gubimo-jedan-grad-znate-li-koliko-ljudi-u-bih-zivjeti-2070\/","name":"Godi\u0161nje gubimo jedan grad: Znate li koliko ljudi \u0107e u BiH \u017eivjeti 2070.?","isPartOf":{"@id":"https:\/\/tuzlainfo.ba\/#website"},"primaryImageOfPage":{"@id":"https:\/\/tuzlainfo.ba\/index.php\/bosna-i-hercegovina\/item\/222931-godisnje-gubimo-jedan-grad-znate-li-koliko-ljudi-u-bih-zivjeti-2070\/#primaryimage"},"image":{"@id":"https:\/\/tuzlainfo.ba\/index.php\/bosna-i-hercegovina\/item\/222931-godisnje-gubimo-jedan-grad-znate-li-koliko-ljudi-u-bih-zivjeti-2070\/#primaryimage"},"thumbnailUrl":"https:\/\/tuzlainfo.ba\/wp-content\/uploads\/2019\/08\/sadrzaj_2019_20190801_1208_odlazak_mladih.jpg","datePublished":"2023-11-19T11:01:21+00:00","dateModified":"2023-11-19T12:01:31+00:00","breadcrumb":{"@id":"https:\/\/tuzlainfo.ba\/index.php\/bosna-i-hercegovina\/item\/222931-godisnje-gubimo-jedan-grad-znate-li-koliko-ljudi-u-bih-zivjeti-2070\/#breadcrumb"},"inLanguage":"bs-BA","potentialAction":[{"@type":"ReadAction","target":["https:\/\/tuzlainfo.ba\/index.php\/bosna-i-hercegovina\/item\/222931-godisnje-gubimo-jedan-grad-znate-li-koliko-ljudi-u-bih-zivjeti-2070\/"]}]},{"@type":"ImageObject","inLanguage":"bs-BA","@id":"https:\/\/tuzlainfo.ba\/index.php\/bosna-i-hercegovina\/item\/222931-godisnje-gubimo-jedan-grad-znate-li-koliko-ljudi-u-bih-zivjeti-2070\/#primaryimage","url":"https:\/\/tuzlainfo.ba\/wp-content\/uploads\/2019\/08\/sadrzaj_2019_20190801_1208_odlazak_mladih.jpg","contentUrl":"https:\/\/tuzlainfo.ba\/wp-content\/uploads\/2019\/08\/sadrzaj_2019_20190801_1208_odlazak_mladih.jpg","width":770,"height":459,"caption":"1208 odlazak mladih"},{"@type":"BreadcrumbList","@id":"https:\/\/tuzlainfo.ba\/index.php\/bosna-i-hercegovina\/item\/222931-godisnje-gubimo-jedan-grad-znate-li-koliko-ljudi-u-bih-zivjeti-2070\/#breadcrumb","itemListElement":[{"@type":"ListItem","position":1,"name":"Home","item":"https:\/\/tuzlainfo.ba\/"},{"@type":"ListItem","position":2,"name":"Godi\u0161nje gubimo jedan grad: Znate li koliko ljudi \u0107e u BiH \u017eivjeti 2070.?"}]},{"@type":"WebSite","@id":"https:\/\/tuzlainfo.ba\/#website","url":"https:\/\/tuzlainfo.ba\/","name":"TuzlaInfo.ba","description":"Tuzla info, gradski informator - Tuzla na dlanu","publisher":{"@id":"https:\/\/tuzlainfo.ba\/#organization"},"potentialAction":[{"@type":"SearchAction","target":{"@type":"EntryPoint","urlTemplate":"https:\/\/tuzlainfo.ba\/?s={search_term_string}"},"query-input":{"@type":"PropertyValueSpecification","valueRequired":true,"valueName":"search_term_string"}}],"inLanguage":"bs-BA"},{"@type":"Organization","@id":"https:\/\/tuzlainfo.ba\/#organization","name":"TuzlaInfo.ba","url":"https:\/\/tuzlainfo.ba\/","logo":{"@type":"ImageObject","inLanguage":"bs-BA","@id":"https:\/\/tuzlainfo.ba\/#\/schema\/logo\/image\/","url":"https:\/\/tuzlainfo.ba\/wp-content\/uploads\/2021\/03\/logo-ver-3-1.png","contentUrl":"https:\/\/tuzlainfo.ba\/wp-content\/uploads\/2021\/03\/logo-ver-3-1.png","width":350,"height":95,"caption":"TuzlaInfo.ba"},"image":{"@id":"https:\/\/tuzlainfo.ba\/#\/schema\/logo\/image\/"},"sameAs":["https:\/\/www.facebook.com\/tuzlainfo.ba\/"]},{"@type":"Person","@id":"https:\/\/tuzlainfo.ba\/#\/schema\/person\/f434e20dc27ea133923aab08451b7f7f","name":"nedim","image":{"@type":"ImageObject","inLanguage":"bs-BA","@id":"https:\/\/secure.gravatar.com\/avatar\/5b928a2e7e70a54208d2eb6c1edcb75a5350d6ae97d5f0a701203d456823f6f3?s=96&d=mm&r=g","url":"https:\/\/secure.gravatar.com\/avatar\/5b928a2e7e70a54208d2eb6c1edcb75a5350d6ae97d5f0a701203d456823f6f3?s=96&d=mm&r=g","contentUrl":"https:\/\/secure.gravatar.com\/avatar\/5b928a2e7e70a54208d2eb6c1edcb75a5350d6ae97d5f0a701203d456823f6f3?s=96&d=mm&r=g","caption":"nedim"},"description":"Tuzlainfo.ba pratite na dru\u0161tvenim mre\u017eama: Facebook, Instagram i Youtube. Svoje pri\u010de, upite i fotografije \u0161aljite na na\u0161u e-mail adresu."}]}},"_links":{"self":[{"href":"https:\/\/tuzlainfo.ba\/index.php\/wp-json\/wp\/v2\/posts\/222931","targetHints":{"allow":["GET"]}}],"collection":[{"href":"https:\/\/tuzlainfo.ba\/index.php\/wp-json\/wp\/v2\/posts"}],"about":[{"href":"https:\/\/tuzlainfo.ba\/index.php\/wp-json\/wp\/v2\/types\/post"}],"author":[{"embeddable":true,"href":"https:\/\/tuzlainfo.ba\/index.php\/wp-json\/wp\/v2\/users\/2"}],"replies":[{"embeddable":true,"href":"https:\/\/tuzlainfo.ba\/index.php\/wp-json\/wp\/v2\/comments?post=222931"}],"version-history":[{"count":2,"href":"https:\/\/tuzlainfo.ba\/index.php\/wp-json\/wp\/v2\/posts\/222931\/revisions"}],"predecessor-version":[{"id":222937,"href":"https:\/\/tuzlainfo.ba\/index.php\/wp-json\/wp\/v2\/posts\/222931\/revisions\/222937"}],"wp:featuredmedia":[{"embeddable":true,"href":"https:\/\/tuzlainfo.ba\/index.php\/wp-json\/wp\/v2\/media\/72364"}],"wp:attachment":[{"href":"https:\/\/tuzlainfo.ba\/index.php\/wp-json\/wp\/v2\/media?parent=222931"}],"wp:term":[{"taxonomy":"category","embeddable":true,"href":"https:\/\/tuzlainfo.ba\/index.php\/wp-json\/wp\/v2\/categories?post=222931"},{"taxonomy":"post_tag","embeddable":true,"href":"https:\/\/tuzlainfo.ba\/index.php\/wp-json\/wp\/v2\/tags?post=222931"}],"curies":[{"name":"wp","href":"https:\/\/api.w.org\/{rel}","templated":true}]}}