{"id":222905,"date":"2023-11-18T16:03:38","date_gmt":"2023-11-18T15:03:38","guid":{"rendered":"https:\/\/tuzlainfo.ba\/?p=222905"},"modified":"2023-11-18T09:37:53","modified_gmt":"2023-11-18T08:37:53","slug":"stigao-lijek-za-djecu-oboljelu-od-cisticne-fibroze-terapiju-ce-primiti-djeca-u-tri-klinicka-centra","status":"publish","type":"post","link":"https:\/\/tuzlainfo.ba\/index.php\/bosna-i-hercegovina\/item\/222905-stigao-lijek-za-djecu-oboljelu-od-cisticne-fibroze-terapiju-ce-primiti-djeca-u-tri-klinicka-centra\/","title":{"rendered":"Stigao lijek za djecu oboljelu od cisti\u010dne fibroze, terapiju \u0107e primiti djeca u tri klini\u010dka centra"},"content":{"rendered":"<p>Dugo o\u010dekivani lijek kaftrio, koji zna\u010di spas za oboljelu djecu i omladinu od rijetke bolesti &#8211; cisti\u010dne fibroze, stigao je u Federaciju BiH. Kako nam je kazala predsjednica Udru\u017eenja oboljelih od cisti\u010dne fibroze Elvira Muhi\u0107, lijek \u0107e idu\u0107e sedmice biti dostavljen klini\u010dkim centrima u Sarajevu, Tuzli i Mostaru.<\/p>\n<p>Tako \u0107e od ukupno 28 oboljelih od cisti\u010dne fibroze prvu terapiju ovog lijeka dobiti prioritetno prva grupa od 18 pacijenata, pi\u0161e <a href=\"https:\/\/www.oslobodjenje.ba\/vijesti\/bih\/stigao-lijek-za-djecu-oboljelu-od-cisticne-fibroze-prvu-terapiju-primice-18-pacijenata-908517\"><strong>Oslobo\u0111enje<\/strong><\/a>.<\/p>\n<p>&#8211; Oni su kandidati za lijek po\u0161to postoje dva preduslova da bi dobili terapiju. To je, prije svega, da imaju specifi\u010dnu mutaciju delta SP108 i da imaju \u0161est godina i vi\u0161e, tako da je trenutno 18 pacijenata za terapiju, ka\u017ee za Oslobo\u0111enje Muhi\u0107, nagla\u0161avaju\u0107i da je ova koli\u010dina koja je stigla u Sarajevo dovoljna za tromjese\u010dnu terapiju.<\/p>\n<p>Nakon \u0161to su proteklih dana zavr\u0161ene tenderska i pravna procedura, kazuje na\u0161a sagovornica, lijek kaftrio je stigao na Aerodrom Sarajevo, pro\u0161ao carinu i do\u0161ao je kod nas. Sljede\u0107a procedura je narud\u017eba za klini\u010dke centre i implementacija, odnosno distribucija pacijentima.<\/p>\n<p>Godi\u0161nja terapija lijekom kaftrio za jednog pacijenta ko\u0161ta 250.000 eura. Vlada FBiH je izdvojila dva miliona KM.<\/p>\n<p>&#8211; Ljekari u klini\u010dkim centrima treba da obrade pacijente sa medicinskog aspekta i da propi\u0161u terapiju. To o\u010dekujemo po\u010detkom idu\u0107e sedmice. Svi ne\u0107e odjednom dobiti terapiju zato \u0161to je komplikovana procedura. Neka djeca \u0107e se morati hospitalizovati, neka ne\u0107e, ali to ostavljamo ljekarima da naprave raspored, ka\u017ee Muhi\u0107.<\/p>\n<p>Poja\u0161njava da ostali oboljeli od cisti\u010dne fibroze trebaju \u010dekati da napune \u0161est godina, kako bi mogli po\u010deti terapiju. Ova prva grupa oboljelih su prioriteti.<\/p>\n<p>Iz Udru\u017eenja oboljelih od cisti\u010dne fibroze podsje\u0107aju da su dva miliona vanredno obezbije\u0111ena iz federalnog bud\u017eeta za tri mjeseca.<\/p>\n<p>&#8211; Ono \u0161to je nama vrlo va\u017eno jeste da se radi dalje, da u bud\u017eetu FBiH bude uvr\u0161teno finansiranje nabavke lijeka kaftrio za cisti\u010dnu fibrozu, jer ne smije se obustaviti terapija. Dakle, kada ga djeca po\u010dnu primati, svaki nedostatak lijeka predstavlja \u0161ok za organizam, tako da se ne smijemo dovesti u situaciju da lijeka ne bude, ustvrdila je Muhi\u0107, dodaju\u0107i da je izuzetno va\u017eno njegovo dalje naru\u010divanje, ali se mora izdvojiti novac iz bud\u017eeta 2024. za narednu godinu.<\/p>\n<p>Iz Udru\u017eenja isti\u010du da su zahvaljuju\u0107i razumijevanju i brzoj reakciji Vlade FBiH i Ministarstva zdravstva, interventnim uvozom obezbije\u0111ene koli\u010dine lijeka za naredna tri mjeseca svim pacijentima koji u ovom trenutku ostvaruju medicinske uslove za primjenu modularne terapije. Zbog nemogu\u0107nosti lije\u010denja djece, roditelji su ljetos i protestovali.<\/p>\n","protected":false},"excerpt":{"rendered":"<p>Dugo o\u010dekivani lijek kaftrio, koji zna\u010di spas za oboljelu djecu i omladinu od rijetke bolesti &#8211; cisti\u010dne fibroze, stigao je u Federaciju BiH. Kako nam je kazala predsjednica Udru\u017eenja oboljelih od cisti\u010dne fibroze Elvira Muhi\u0107, lijek \u0107e idu\u0107e sedmice biti dostavljen klini\u010dkim centrima u Sarajevu, Tuzli i Mostaru. Tako \u0107e od ukupno 28 oboljelih od [&hellip;]<\/p>\n","protected":false},"author":2,"featured_media":87293,"comment_status":"open","ping_status":"closed","sticky":false,"template":"","format":"standard","meta":{"footnotes":""},"categories":[291,304],"tags":[7360,2873],"class_list":["post-222905","post","type-post","status-publish","format-standard","has-post-thumbnail","hentry","category-bosna-i-hercegovina","category-istaknuto","tag-cisticna-fibroza","tag-lijek"],"yoast_head":"<!-- This site is optimized with the Yoast SEO plugin v28.4 - https:\/\/yoast.com\/product\/yoast-seo-wordpress\/ -->\n<title>Stigao lijek za djecu oboljelu od cisti\u010dne fibroze, terapiju \u0107e primiti djeca u tri klini\u010dka centra<\/title>\n<meta name=\"robots\" content=\"index, follow, max-snippet:-1, max-image-preview:large, max-video-preview:-1\" \/>\n<link rel=\"canonical\" href=\"https:\/\/tuzlainfo.ba\/index.php\/bosna-i-hercegovina\/item\/222905-stigao-lijek-za-djecu-oboljelu-od-cisticne-fibroze-terapiju-ce-primiti-djeca-u-tri-klinicka-centra\/\" \/>\n<meta property=\"og:locale\" content=\"bs_BA\" \/>\n<meta property=\"og:type\" content=\"article\" \/>\n<meta property=\"og:title\" content=\"Stigao lijek za djecu oboljelu od cisti\u010dne fibroze, terapiju \u0107e primiti djeca u tri klini\u010dka centra\" \/>\n<meta property=\"og:description\" content=\"Dugo o\u010dekivani lijek kaftrio, koji zna\u010di spas za oboljelu djecu i omladinu od rijetke bolesti &#8211; cisti\u010dne fibroze, stigao je u Federaciju BiH. Kako nam je kazala predsjednica Udru\u017eenja oboljelih od cisti\u010dne fibroze Elvira Muhi\u0107, lijek \u0107e idu\u0107e sedmice biti dostavljen klini\u010dkim centrima u Sarajevu, Tuzli i Mostaru. Tako \u0107e od ukupno 28 oboljelih od [&hellip;]\" \/>\n<meta property=\"og:url\" content=\"https:\/\/tuzlainfo.ba\/index.php\/bosna-i-hercegovina\/item\/222905-stigao-lijek-za-djecu-oboljelu-od-cisticne-fibroze-terapiju-ce-primiti-djeca-u-tri-klinicka-centra\/\" \/>\n<meta property=\"og:site_name\" content=\"TuzlaInfo.ba\" \/>\n<meta property=\"article:publisher\" content=\"https:\/\/www.facebook.com\/tuzlainfo.ba\/\" \/>\n<meta property=\"article:published_time\" content=\"2023-11-18T15:03:38+00:00\" \/>\n<meta property=\"og:image\" content=\"https:\/\/tuzlainfo.ba\/wp-content\/uploads\/2021\/03\/sadrzaj_2021_20210301_1303-VAKCINA.jpg\" \/>\n\t<meta property=\"og:image:width\" content=\"770\" \/>\n\t<meta property=\"og:image:height\" content=\"423\" \/>\n\t<meta property=\"og:image:type\" content=\"image\/jpeg\" \/>\n<meta name=\"author\" content=\"nedim\" \/>\n<meta name=\"twitter:card\" content=\"summary_large_image\" \/>\n<meta name=\"twitter:label1\" content=\"Written by\" \/>\n\t<meta name=\"twitter:data1\" content=\"nedim\" \/>\n\t<meta name=\"twitter:label2\" content=\"Est. reading time\" \/>\n\t<meta name=\"twitter:data2\" content=\"3 minute\" \/>\n<script type=\"application\/ld+json\" class=\"yoast-schema-graph\">{\"@context\":\"https:\\\/\\\/schema.org\",\"@graph\":[{\"@type\":\"Article\",\"@id\":\"https:\\\/\\\/tuzlainfo.ba\\\/index.php\\\/bosna-i-hercegovina\\\/item\\\/222905-stigao-lijek-za-djecu-oboljelu-od-cisticne-fibroze-terapiju-ce-primiti-djeca-u-tri-klinicka-centra\\\/#article\",\"isPartOf\":{\"@id\":\"https:\\\/\\\/tuzlainfo.ba\\\/index.php\\\/bosna-i-hercegovina\\\/item\\\/222905-stigao-lijek-za-djecu-oboljelu-od-cisticne-fibroze-terapiju-ce-primiti-djeca-u-tri-klinicka-centra\\\/\"},\"author\":{\"name\":\"nedim\",\"@id\":\"https:\\\/\\\/tuzlainfo.ba\\\/#\\\/schema\\\/person\\\/f434e20dc27ea133923aab08451b7f7f\"},\"headline\":\"Stigao lijek za djecu oboljelu od cisti\u010dne fibroze, terapiju \u0107e primiti djeca u tri klini\u010dka centra\",\"datePublished\":\"2023-11-18T15:03:38+00:00\",\"mainEntityOfPage\":{\"@id\":\"https:\\\/\\\/tuzlainfo.ba\\\/index.php\\\/bosna-i-hercegovina\\\/item\\\/222905-stigao-lijek-za-djecu-oboljelu-od-cisticne-fibroze-terapiju-ce-primiti-djeca-u-tri-klinicka-centra\\\/\"},\"wordCount\":471,\"commentCount\":0,\"publisher\":{\"@id\":\"https:\\\/\\\/tuzlainfo.ba\\\/#organization\"},\"image\":{\"@id\":\"https:\\\/\\\/tuzlainfo.ba\\\/index.php\\\/bosna-i-hercegovina\\\/item\\\/222905-stigao-lijek-za-djecu-oboljelu-od-cisticne-fibroze-terapiju-ce-primiti-djeca-u-tri-klinicka-centra\\\/#primaryimage\"},\"thumbnailUrl\":\"https:\\\/\\\/tuzlainfo.ba\\\/wp-content\\\/uploads\\\/2021\\\/03\\\/sadrzaj_2021_20210301_1303-VAKCINA.jpg\",\"keywords\":[\"cisti\u010dna fibroza\",\"lijek\"],\"articleSection\":[\"Bosna i Hercegovina\",\"Istaknuto\"],\"inLanguage\":\"bs-BA\",\"copyrightYear\":\"2023\",\"copyrightHolder\":{\"@id\":\"https:\\\/\\\/tuzlainfo.ba\\\/#organization\"}},{\"@type\":\"WebPage\",\"@id\":\"https:\\\/\\\/tuzlainfo.ba\\\/index.php\\\/bosna-i-hercegovina\\\/item\\\/222905-stigao-lijek-za-djecu-oboljelu-od-cisticne-fibroze-terapiju-ce-primiti-djeca-u-tri-klinicka-centra\\\/\",\"url\":\"https:\\\/\\\/tuzlainfo.ba\\\/index.php\\\/bosna-i-hercegovina\\\/item\\\/222905-stigao-lijek-za-djecu-oboljelu-od-cisticne-fibroze-terapiju-ce-primiti-djeca-u-tri-klinicka-centra\\\/\",\"name\":\"Stigao lijek za djecu oboljelu od cisti\u010dne fibroze, terapiju \u0107e primiti djeca u tri klini\u010dka centra\",\"isPartOf\":{\"@id\":\"https:\\\/\\\/tuzlainfo.ba\\\/#website\"},\"primaryImageOfPage\":{\"@id\":\"https:\\\/\\\/tuzlainfo.ba\\\/index.php\\\/bosna-i-hercegovina\\\/item\\\/222905-stigao-lijek-za-djecu-oboljelu-od-cisticne-fibroze-terapiju-ce-primiti-djeca-u-tri-klinicka-centra\\\/#primaryimage\"},\"image\":{\"@id\":\"https:\\\/\\\/tuzlainfo.ba\\\/index.php\\\/bosna-i-hercegovina\\\/item\\\/222905-stigao-lijek-za-djecu-oboljelu-od-cisticne-fibroze-terapiju-ce-primiti-djeca-u-tri-klinicka-centra\\\/#primaryimage\"},\"thumbnailUrl\":\"https:\\\/\\\/tuzlainfo.ba\\\/wp-content\\\/uploads\\\/2021\\\/03\\\/sadrzaj_2021_20210301_1303-VAKCINA.jpg\",\"datePublished\":\"2023-11-18T15:03:38+00:00\",\"breadcrumb\":{\"@id\":\"https:\\\/\\\/tuzlainfo.ba\\\/index.php\\\/bosna-i-hercegovina\\\/item\\\/222905-stigao-lijek-za-djecu-oboljelu-od-cisticne-fibroze-terapiju-ce-primiti-djeca-u-tri-klinicka-centra\\\/#breadcrumb\"},\"inLanguage\":\"bs-BA\",\"potentialAction\":[{\"@type\":\"ReadAction\",\"target\":[\"https:\\\/\\\/tuzlainfo.ba\\\/index.php\\\/bosna-i-hercegovina\\\/item\\\/222905-stigao-lijek-za-djecu-oboljelu-od-cisticne-fibroze-terapiju-ce-primiti-djeca-u-tri-klinicka-centra\\\/\"]}]},{\"@type\":\"ImageObject\",\"inLanguage\":\"bs-BA\",\"@id\":\"https:\\\/\\\/tuzlainfo.ba\\\/index.php\\\/bosna-i-hercegovina\\\/item\\\/222905-stigao-lijek-za-djecu-oboljelu-od-cisticne-fibroze-terapiju-ce-primiti-djeca-u-tri-klinicka-centra\\\/#primaryimage\",\"url\":\"https:\\\/\\\/tuzlainfo.ba\\\/wp-content\\\/uploads\\\/2021\\\/03\\\/sadrzaj_2021_20210301_1303-VAKCINA.jpg\",\"contentUrl\":\"https:\\\/\\\/tuzlainfo.ba\\\/wp-content\\\/uploads\\\/2021\\\/03\\\/sadrzaj_2021_20210301_1303-VAKCINA.jpg\",\"width\":770,\"height\":423,\"caption\":\"Foto: Ilustracija\"},{\"@type\":\"BreadcrumbList\",\"@id\":\"https:\\\/\\\/tuzlainfo.ba\\\/index.php\\\/bosna-i-hercegovina\\\/item\\\/222905-stigao-lijek-za-djecu-oboljelu-od-cisticne-fibroze-terapiju-ce-primiti-djeca-u-tri-klinicka-centra\\\/#breadcrumb\",\"itemListElement\":[{\"@type\":\"ListItem\",\"position\":1,\"name\":\"Home\",\"item\":\"https:\\\/\\\/tuzlainfo.ba\\\/\"},{\"@type\":\"ListItem\",\"position\":2,\"name\":\"Stigao lijek za djecu oboljelu od cisti\u010dne fibroze, terapiju \u0107e primiti djeca u tri klini\u010dka centra\"}]},{\"@type\":\"WebSite\",\"@id\":\"https:\\\/\\\/tuzlainfo.ba\\\/#website\",\"url\":\"https:\\\/\\\/tuzlainfo.ba\\\/\",\"name\":\"TuzlaInfo.ba\",\"description\":\"Tuzla info, gradski informator - Tuzla na dlanu\",\"publisher\":{\"@id\":\"https:\\\/\\\/tuzlainfo.ba\\\/#organization\"},\"potentialAction\":[{\"@type\":\"SearchAction\",\"target\":{\"@type\":\"EntryPoint\",\"urlTemplate\":\"https:\\\/\\\/tuzlainfo.ba\\\/?s={search_term_string}\"},\"query-input\":{\"@type\":\"PropertyValueSpecification\",\"valueRequired\":true,\"valueName\":\"search_term_string\"}}],\"inLanguage\":\"bs-BA\"},{\"@type\":\"Organization\",\"@id\":\"https:\\\/\\\/tuzlainfo.ba\\\/#organization\",\"name\":\"TuzlaInfo.ba\",\"url\":\"https:\\\/\\\/tuzlainfo.ba\\\/\",\"logo\":{\"@type\":\"ImageObject\",\"inLanguage\":\"bs-BA\",\"@id\":\"https:\\\/\\\/tuzlainfo.ba\\\/#\\\/schema\\\/logo\\\/image\\\/\",\"url\":\"https:\\\/\\\/tuzlainfo.ba\\\/wp-content\\\/uploads\\\/2021\\\/03\\\/logo-ver-3-1.png\",\"contentUrl\":\"https:\\\/\\\/tuzlainfo.ba\\\/wp-content\\\/uploads\\\/2021\\\/03\\\/logo-ver-3-1.png\",\"width\":350,\"height\":95,\"caption\":\"TuzlaInfo.ba\"},\"image\":{\"@id\":\"https:\\\/\\\/tuzlainfo.ba\\\/#\\\/schema\\\/logo\\\/image\\\/\"},\"sameAs\":[\"https:\\\/\\\/www.facebook.com\\\/tuzlainfo.ba\\\/\"]},{\"@type\":\"Person\",\"@id\":\"https:\\\/\\\/tuzlainfo.ba\\\/#\\\/schema\\\/person\\\/f434e20dc27ea133923aab08451b7f7f\",\"name\":\"nedim\",\"image\":{\"@type\":\"ImageObject\",\"inLanguage\":\"bs-BA\",\"@id\":\"https:\\\/\\\/secure.gravatar.com\\\/avatar\\\/5b928a2e7e70a54208d2eb6c1edcb75a5350d6ae97d5f0a701203d456823f6f3?s=96&d=mm&r=g\",\"url\":\"https:\\\/\\\/secure.gravatar.com\\\/avatar\\\/5b928a2e7e70a54208d2eb6c1edcb75a5350d6ae97d5f0a701203d456823f6f3?s=96&d=mm&r=g\",\"contentUrl\":\"https:\\\/\\\/secure.gravatar.com\\\/avatar\\\/5b928a2e7e70a54208d2eb6c1edcb75a5350d6ae97d5f0a701203d456823f6f3?s=96&d=mm&r=g\",\"caption\":\"nedim\"},\"description\":\"Tuzlainfo.ba pratite na dru\u0161tvenim mre\u017eama: Facebook, Instagram i Youtube. Svoje pri\u010de, upite i fotografije \u0161aljite na na\u0161u e-mail adresu.\"}]}<\/script>\n<!-- \/ Yoast SEO plugin. -->","yoast_head_json":{"title":"Stigao lijek za djecu oboljelu od cisti\u010dne fibroze, terapiju \u0107e primiti djeca u tri klini\u010dka centra","robots":{"index":"index","follow":"follow","max-snippet":"max-snippet:-1","max-image-preview":"max-image-preview:large","max-video-preview":"max-video-preview:-1"},"canonical":"https:\/\/tuzlainfo.ba\/index.php\/bosna-i-hercegovina\/item\/222905-stigao-lijek-za-djecu-oboljelu-od-cisticne-fibroze-terapiju-ce-primiti-djeca-u-tri-klinicka-centra\/","og_locale":"bs_BA","og_type":"article","og_title":"Stigao lijek za djecu oboljelu od cisti\u010dne fibroze, terapiju \u0107e primiti djeca u tri klini\u010dka centra","og_description":"Dugo o\u010dekivani lijek kaftrio, koji zna\u010di spas za oboljelu djecu i omladinu od rijetke bolesti &#8211; cisti\u010dne fibroze, stigao je u Federaciju BiH. Kako nam je kazala predsjednica Udru\u017eenja oboljelih od cisti\u010dne fibroze Elvira Muhi\u0107, lijek \u0107e idu\u0107e sedmice biti dostavljen klini\u010dkim centrima u Sarajevu, Tuzli i Mostaru. Tako \u0107e od ukupno 28 oboljelih od [&hellip;]","og_url":"https:\/\/tuzlainfo.ba\/index.php\/bosna-i-hercegovina\/item\/222905-stigao-lijek-za-djecu-oboljelu-od-cisticne-fibroze-terapiju-ce-primiti-djeca-u-tri-klinicka-centra\/","og_site_name":"TuzlaInfo.ba","article_publisher":"https:\/\/www.facebook.com\/tuzlainfo.ba\/","article_published_time":"2023-11-18T15:03:38+00:00","og_image":[{"width":770,"height":423,"url":"https:\/\/tuzlainfo.ba\/wp-content\/uploads\/2021\/03\/sadrzaj_2021_20210301_1303-VAKCINA.jpg","type":"image\/jpeg"}],"author":"nedim","twitter_card":"summary_large_image","twitter_misc":{"Written by":"nedim","Est. reading time":"3 minute"},"schema":{"@context":"https:\/\/schema.org","@graph":[{"@type":"Article","@id":"https:\/\/tuzlainfo.ba\/index.php\/bosna-i-hercegovina\/item\/222905-stigao-lijek-za-djecu-oboljelu-od-cisticne-fibroze-terapiju-ce-primiti-djeca-u-tri-klinicka-centra\/#article","isPartOf":{"@id":"https:\/\/tuzlainfo.ba\/index.php\/bosna-i-hercegovina\/item\/222905-stigao-lijek-za-djecu-oboljelu-od-cisticne-fibroze-terapiju-ce-primiti-djeca-u-tri-klinicka-centra\/"},"author":{"name":"nedim","@id":"https:\/\/tuzlainfo.ba\/#\/schema\/person\/f434e20dc27ea133923aab08451b7f7f"},"headline":"Stigao lijek za djecu oboljelu od cisti\u010dne fibroze, terapiju \u0107e primiti djeca u tri klini\u010dka centra","datePublished":"2023-11-18T15:03:38+00:00","mainEntityOfPage":{"@id":"https:\/\/tuzlainfo.ba\/index.php\/bosna-i-hercegovina\/item\/222905-stigao-lijek-za-djecu-oboljelu-od-cisticne-fibroze-terapiju-ce-primiti-djeca-u-tri-klinicka-centra\/"},"wordCount":471,"commentCount":0,"publisher":{"@id":"https:\/\/tuzlainfo.ba\/#organization"},"image":{"@id":"https:\/\/tuzlainfo.ba\/index.php\/bosna-i-hercegovina\/item\/222905-stigao-lijek-za-djecu-oboljelu-od-cisticne-fibroze-terapiju-ce-primiti-djeca-u-tri-klinicka-centra\/#primaryimage"},"thumbnailUrl":"https:\/\/tuzlainfo.ba\/wp-content\/uploads\/2021\/03\/sadrzaj_2021_20210301_1303-VAKCINA.jpg","keywords":["cisti\u010dna fibroza","lijek"],"articleSection":["Bosna i Hercegovina","Istaknuto"],"inLanguage":"bs-BA","copyrightYear":"2023","copyrightHolder":{"@id":"https:\/\/tuzlainfo.ba\/#organization"}},{"@type":"WebPage","@id":"https:\/\/tuzlainfo.ba\/index.php\/bosna-i-hercegovina\/item\/222905-stigao-lijek-za-djecu-oboljelu-od-cisticne-fibroze-terapiju-ce-primiti-djeca-u-tri-klinicka-centra\/","url":"https:\/\/tuzlainfo.ba\/index.php\/bosna-i-hercegovina\/item\/222905-stigao-lijek-za-djecu-oboljelu-od-cisticne-fibroze-terapiju-ce-primiti-djeca-u-tri-klinicka-centra\/","name":"Stigao lijek za djecu oboljelu od cisti\u010dne fibroze, terapiju \u0107e primiti djeca u tri klini\u010dka centra","isPartOf":{"@id":"https:\/\/tuzlainfo.ba\/#website"},"primaryImageOfPage":{"@id":"https:\/\/tuzlainfo.ba\/index.php\/bosna-i-hercegovina\/item\/222905-stigao-lijek-za-djecu-oboljelu-od-cisticne-fibroze-terapiju-ce-primiti-djeca-u-tri-klinicka-centra\/#primaryimage"},"image":{"@id":"https:\/\/tuzlainfo.ba\/index.php\/bosna-i-hercegovina\/item\/222905-stigao-lijek-za-djecu-oboljelu-od-cisticne-fibroze-terapiju-ce-primiti-djeca-u-tri-klinicka-centra\/#primaryimage"},"thumbnailUrl":"https:\/\/tuzlainfo.ba\/wp-content\/uploads\/2021\/03\/sadrzaj_2021_20210301_1303-VAKCINA.jpg","datePublished":"2023-11-18T15:03:38+00:00","breadcrumb":{"@id":"https:\/\/tuzlainfo.ba\/index.php\/bosna-i-hercegovina\/item\/222905-stigao-lijek-za-djecu-oboljelu-od-cisticne-fibroze-terapiju-ce-primiti-djeca-u-tri-klinicka-centra\/#breadcrumb"},"inLanguage":"bs-BA","potentialAction":[{"@type":"ReadAction","target":["https:\/\/tuzlainfo.ba\/index.php\/bosna-i-hercegovina\/item\/222905-stigao-lijek-za-djecu-oboljelu-od-cisticne-fibroze-terapiju-ce-primiti-djeca-u-tri-klinicka-centra\/"]}]},{"@type":"ImageObject","inLanguage":"bs-BA","@id":"https:\/\/tuzlainfo.ba\/index.php\/bosna-i-hercegovina\/item\/222905-stigao-lijek-za-djecu-oboljelu-od-cisticne-fibroze-terapiju-ce-primiti-djeca-u-tri-klinicka-centra\/#primaryimage","url":"https:\/\/tuzlainfo.ba\/wp-content\/uploads\/2021\/03\/sadrzaj_2021_20210301_1303-VAKCINA.jpg","contentUrl":"https:\/\/tuzlainfo.ba\/wp-content\/uploads\/2021\/03\/sadrzaj_2021_20210301_1303-VAKCINA.jpg","width":770,"height":423,"caption":"Foto: Ilustracija"},{"@type":"BreadcrumbList","@id":"https:\/\/tuzlainfo.ba\/index.php\/bosna-i-hercegovina\/item\/222905-stigao-lijek-za-djecu-oboljelu-od-cisticne-fibroze-terapiju-ce-primiti-djeca-u-tri-klinicka-centra\/#breadcrumb","itemListElement":[{"@type":"ListItem","position":1,"name":"Home","item":"https:\/\/tuzlainfo.ba\/"},{"@type":"ListItem","position":2,"name":"Stigao lijek za djecu oboljelu od cisti\u010dne fibroze, terapiju \u0107e primiti djeca u tri klini\u010dka centra"}]},{"@type":"WebSite","@id":"https:\/\/tuzlainfo.ba\/#website","url":"https:\/\/tuzlainfo.ba\/","name":"TuzlaInfo.ba","description":"Tuzla info, gradski informator - Tuzla na dlanu","publisher":{"@id":"https:\/\/tuzlainfo.ba\/#organization"},"potentialAction":[{"@type":"SearchAction","target":{"@type":"EntryPoint","urlTemplate":"https:\/\/tuzlainfo.ba\/?s={search_term_string}"},"query-input":{"@type":"PropertyValueSpecification","valueRequired":true,"valueName":"search_term_string"}}],"inLanguage":"bs-BA"},{"@type":"Organization","@id":"https:\/\/tuzlainfo.ba\/#organization","name":"TuzlaInfo.ba","url":"https:\/\/tuzlainfo.ba\/","logo":{"@type":"ImageObject","inLanguage":"bs-BA","@id":"https:\/\/tuzlainfo.ba\/#\/schema\/logo\/image\/","url":"https:\/\/tuzlainfo.ba\/wp-content\/uploads\/2021\/03\/logo-ver-3-1.png","contentUrl":"https:\/\/tuzlainfo.ba\/wp-content\/uploads\/2021\/03\/logo-ver-3-1.png","width":350,"height":95,"caption":"TuzlaInfo.ba"},"image":{"@id":"https:\/\/tuzlainfo.ba\/#\/schema\/logo\/image\/"},"sameAs":["https:\/\/www.facebook.com\/tuzlainfo.ba\/"]},{"@type":"Person","@id":"https:\/\/tuzlainfo.ba\/#\/schema\/person\/f434e20dc27ea133923aab08451b7f7f","name":"nedim","image":{"@type":"ImageObject","inLanguage":"bs-BA","@id":"https:\/\/secure.gravatar.com\/avatar\/5b928a2e7e70a54208d2eb6c1edcb75a5350d6ae97d5f0a701203d456823f6f3?s=96&d=mm&r=g","url":"https:\/\/secure.gravatar.com\/avatar\/5b928a2e7e70a54208d2eb6c1edcb75a5350d6ae97d5f0a701203d456823f6f3?s=96&d=mm&r=g","contentUrl":"https:\/\/secure.gravatar.com\/avatar\/5b928a2e7e70a54208d2eb6c1edcb75a5350d6ae97d5f0a701203d456823f6f3?s=96&d=mm&r=g","caption":"nedim"},"description":"Tuzlainfo.ba pratite na dru\u0161tvenim mre\u017eama: Facebook, Instagram i Youtube. Svoje pri\u010de, upite i fotografije \u0161aljite na na\u0161u e-mail adresu."}]}},"_links":{"self":[{"href":"https:\/\/tuzlainfo.ba\/index.php\/wp-json\/wp\/v2\/posts\/222905","targetHints":{"allow":["GET"]}}],"collection":[{"href":"https:\/\/tuzlainfo.ba\/index.php\/wp-json\/wp\/v2\/posts"}],"about":[{"href":"https:\/\/tuzlainfo.ba\/index.php\/wp-json\/wp\/v2\/types\/post"}],"author":[{"embeddable":true,"href":"https:\/\/tuzlainfo.ba\/index.php\/wp-json\/wp\/v2\/users\/2"}],"replies":[{"embeddable":true,"href":"https:\/\/tuzlainfo.ba\/index.php\/wp-json\/wp\/v2\/comments?post=222905"}],"version-history":[{"count":2,"href":"https:\/\/tuzlainfo.ba\/index.php\/wp-json\/wp\/v2\/posts\/222905\/revisions"}],"predecessor-version":[{"id":222907,"href":"https:\/\/tuzlainfo.ba\/index.php\/wp-json\/wp\/v2\/posts\/222905\/revisions\/222907"}],"wp:featuredmedia":[{"embeddable":true,"href":"https:\/\/tuzlainfo.ba\/index.php\/wp-json\/wp\/v2\/media\/87293"}],"wp:attachment":[{"href":"https:\/\/tuzlainfo.ba\/index.php\/wp-json\/wp\/v2\/media?parent=222905"}],"wp:term":[{"taxonomy":"category","embeddable":true,"href":"https:\/\/tuzlainfo.ba\/index.php\/wp-json\/wp\/v2\/categories?post=222905"},{"taxonomy":"post_tag","embeddable":true,"href":"https:\/\/tuzlainfo.ba\/index.php\/wp-json\/wp\/v2\/tags?post=222905"}],"curies":[{"name":"wp","href":"https:\/\/api.w.org\/{rel}","templated":true}]}}