{"id":222714,"date":"2023-11-16T16:07:35","date_gmt":"2023-11-16T15:07:35","guid":{"rendered":"https:\/\/tuzlainfo.ba\/?p=222714"},"modified":"2023-11-16T13:35:14","modified_gmt":"2023-11-16T12:35:14","slug":"uio-bih-blizi-se-istek-roka-za-podnosenje-elektronskih-pdv-prijava","status":"publish","type":"post","link":"https:\/\/tuzlainfo.ba\/index.php\/bosna-i-hercegovina\/item\/222714-uio-bih-blizi-se-istek-roka-za-podnosenje-elektronskih-pdv-prijava\/","title":{"rendered":"UIO BiH: Bli\u017ei se istek roka za podno\u0161enje elektronskih PDV prijava"},"content":{"rendered":"<p>Obaveza podno\u0161enja PDV prijava upotrebom kvalificirane elektronske potvrde za sve obveznike indirektnih poreza nastupa od poreznog perioda januar 2024. godine. Ta\u010dnije do 10.02.2024. godine svi PDV obveznici moraju poduzeti neophodne korake kako bi bili u mogu\u0107nosti da u zakonski predvi\u0111enom roku ispune svoje obaveze, saop\u0161teno je iz Uprave za indirektno oporezivanje BiH.<\/p>\n<p>Naime, da bi obveznici indirektnih poreza koristili elektronske usluge Uprave za indirektno oporezivanje uz upotrebu kvalificiranog elektronskog potpisa, kao \u0161to je podno\u0161enje PDV prijava ovjerenih na novi na\u010din, neophodno je da svaki obveznik prvo zaklju\u010di Ugovor o kori\u0161tenju informacionog sistema za elektronsko poslovanje sa Upravom za indirektno oporezivanje. To je prvi korak koji mora ispuniti svaki obveznik indirektnih poreza, pojasnili su.<\/p>\n<p>Ovjeren i potpisan Ugovor o kori\u0161tenju informacionog sistema za elektronsko poslovanje sa Upravom za indirektno oporezivanje svaki obveznik podnosi nadle\u017enom pripadaju\u0107em regionalnom centru UIO (Banjaluka, Sarajevo, Mostar i Tuzla).<\/p>\n<p>Pored toga svaki porezni obveznik mora izvr\u0161iti prijavu zastupnika \u2013 fizi\u010dkog lica koje \u0107e u ime obveznika obavljati elektronsko poslovanje sa UIO (podnositi PDV prijave kori\u0161tenjem kvalificirane elektronske potvrde). Zastupnik mo\u017ee biti osoba zaposlena kod poreznog obveznika, ili knjigovo\u0111a koji priprema PDV prijave za ve\u0107i broj poreznih obveznika. U svakom slu\u010daju zastupnik je fizi\u010dko lice koje mora imati kvalificiranu elektronsku potvrdu, a to mo\u017ee dobiti kod Uprave za indirektno oporezivanje.<\/p>\n<p>&#8211; UIO je certificirano tijelo za izdavanje kvalificiranih elektronskih potvrda i kao ovjerilac Uprava izdaje kvalificirane elektronske potvrde fizi\u010dkim licima i fizi\u010dkim licima zaposlenim kod poreznih obveznika. Zahtjevi za izdavanje kvalificiranih elektronskih potvrda tako\u0111er se podnose nadle\u017enom regionalnom centru UIO.<\/p>\n<p>S obzirom da je ostalo tek ne\u0161to vi\u0161e od dva mjeseca do zakonski predvi\u0111enih rokova za predaju PDV prijava potpisanih novim kvalificiranim elektronskim potpisom, molimo sve obveznike da se \u0161to prije informiraju i poduzmu odgovaraju\u0107e korake, kako bi izbjegli prekr\u0161ajne sankcije &#8211; poru\u010duju iz UIO BiH.<\/p>\n","protected":false},"excerpt":{"rendered":"<p>Obaveza podno\u0161enja PDV prijava upotrebom kvalificirane elektronske potvrde za sve obveznike indirektnih poreza nastupa od&hellip;<\/p>\n","protected":false},"author":4,"featured_media":82479,"comment_status":"open","ping_status":"closed","sticky":false,"template":"","format":"standard","meta":{"_acf_changed":false,"footnotes":""},"categories":[291,304],"tags":[3013,8856,868],"acf":[],"yoast_head":"<!-- This site is optimized with the Yoast SEO plugin v23.5 - https:\/\/yoast.com\/wordpress\/plugins\/seo\/ -->\n<title>UIO BiH: Bli\u017ei se istek roka za podno\u0161enje elektronskih PDV prijava - TuzlaInfo.ba<\/title>\n<meta name=\"robots\" content=\"index, follow, max-snippet:-1, max-image-preview:large, max-video-preview:-1\" \/>\n<link rel=\"canonical\" href=\"https:\/\/tuzlainfo.ba\/index.php\/bosna-i-hercegovina\/item\/222714-uio-bih-blizi-se-istek-roka-za-podnosenje-elektronskih-pdv-prijava\/\" \/>\n<meta property=\"og:locale\" content=\"bs_BA\" \/>\n<meta property=\"og:type\" content=\"article\" \/>\n<meta property=\"og:title\" content=\"UIO BiH: Bli\u017ei se istek roka za podno\u0161enje elektronskih PDV prijava - TuzlaInfo.ba\" \/>\n<meta property=\"og:description\" content=\"Obaveza podno\u0161enja PDV prijava upotrebom kvalificirane elektronske potvrde za sve obveznike indirektnih poreza nastupa od&hellip;\" \/>\n<meta property=\"og:url\" content=\"https:\/\/tuzlainfo.ba\/index.php\/bosna-i-hercegovina\/item\/222714-uio-bih-blizi-se-istek-roka-za-podnosenje-elektronskih-pdv-prijava\/\" \/>\n<meta property=\"og:site_name\" content=\"TuzlaInfo.ba\" \/>\n<meta property=\"article:publisher\" content=\"https:\/\/www.facebook.com\/tuzlainfo.ba\/\" \/>\n<meta property=\"article:published_time\" content=\"2023-11-16T15:07:35+00:00\" \/>\n<meta property=\"article:modified_time\" content=\"2023-11-16T12:35:14+00:00\" \/>\n<meta property=\"og:image\" content=\"https:\/\/tuzlainfo.ba\/wp-content\/uploads\/2020\/09\/sadrzaj_2020_20200901_0809_uio-bih.jpg\" \/>\n\t<meta property=\"og:image:width\" content=\"770\" \/>\n\t<meta property=\"og:image:height\" content=\"515\" \/>\n\t<meta property=\"og:image:type\" content=\"image\/jpeg\" \/>\n<meta name=\"author\" content=\"Tuzla Info\" \/>\n<meta name=\"twitter:card\" content=\"summary_large_image\" \/>\n<meta name=\"twitter:label1\" content=\"Written by\" \/>\n\t<meta name=\"twitter:data1\" content=\"Tuzla Info\" \/>\n\t<meta name=\"twitter:label2\" content=\"Est. reading time\" \/>\n\t<meta name=\"twitter:data2\" content=\"2 minute\" \/>\n<script type=\"application\/ld+json\" class=\"yoast-schema-graph\">{\"@context\":\"https:\/\/schema.org\",\"@graph\":[{\"@type\":\"Article\",\"@id\":\"https:\/\/tuzlainfo.ba\/index.php\/bosna-i-hercegovina\/item\/222714-uio-bih-blizi-se-istek-roka-za-podnosenje-elektronskih-pdv-prijava\/#article\",\"isPartOf\":{\"@id\":\"https:\/\/tuzlainfo.ba\/index.php\/bosna-i-hercegovina\/item\/222714-uio-bih-blizi-se-istek-roka-za-podnosenje-elektronskih-pdv-prijava\/\"},\"author\":{\"name\":\"Tuzla Info\",\"@id\":\"https:\/\/tuzlainfo.ba\/#\/schema\/person\/46cad4c57790cbc50781edd14870825a\"},\"headline\":\"UIO BiH: Bli\u017ei se istek roka za podno\u0161enje elektronskih PDV prijava\",\"datePublished\":\"2023-11-16T15:07:35+00:00\",\"dateModified\":\"2023-11-16T12:35:14+00:00\",\"mainEntityOfPage\":{\"@id\":\"https:\/\/tuzlainfo.ba\/index.php\/bosna-i-hercegovina\/item\/222714-uio-bih-blizi-se-istek-roka-za-podnosenje-elektronskih-pdv-prijava\/\"},\"wordCount\":339,\"commentCount\":0,\"publisher\":{\"@id\":\"https:\/\/tuzlainfo.ba\/#organization\"},\"image\":{\"@id\":\"https:\/\/tuzlainfo.ba\/index.php\/bosna-i-hercegovina\/item\/222714-uio-bih-blizi-se-istek-roka-za-podnosenje-elektronskih-pdv-prijava\/#primaryimage\"},\"thumbnailUrl\":\"https:\/\/tuzlainfo.ba\/wp-content\/uploads\/2020\/09\/sadrzaj_2020_20200901_0809_uio-bih.jpg\",\"keywords\":[\"PDV\",\"prijave\",\"uio bih\"],\"articleSection\":[\"Bosna i Hercegovina\",\"Istaknuto\"],\"inLanguage\":\"bs-BA\"},{\"@type\":\"WebPage\",\"@id\":\"https:\/\/tuzlainfo.ba\/index.php\/bosna-i-hercegovina\/item\/222714-uio-bih-blizi-se-istek-roka-za-podnosenje-elektronskih-pdv-prijava\/\",\"url\":\"https:\/\/tuzlainfo.ba\/index.php\/bosna-i-hercegovina\/item\/222714-uio-bih-blizi-se-istek-roka-za-podnosenje-elektronskih-pdv-prijava\/\",\"name\":\"UIO BiH: Bli\u017ei se istek roka za podno\u0161enje elektronskih PDV prijava - TuzlaInfo.ba\",\"isPartOf\":{\"@id\":\"https:\/\/tuzlainfo.ba\/#website\"},\"primaryImageOfPage\":{\"@id\":\"https:\/\/tuzlainfo.ba\/index.php\/bosna-i-hercegovina\/item\/222714-uio-bih-blizi-se-istek-roka-za-podnosenje-elektronskih-pdv-prijava\/#primaryimage\"},\"image\":{\"@id\":\"https:\/\/tuzlainfo.ba\/index.php\/bosna-i-hercegovina\/item\/222714-uio-bih-blizi-se-istek-roka-za-podnosenje-elektronskih-pdv-prijava\/#primaryimage\"},\"thumbnailUrl\":\"https:\/\/tuzlainfo.ba\/wp-content\/uploads\/2020\/09\/sadrzaj_2020_20200901_0809_uio-bih.jpg\",\"datePublished\":\"2023-11-16T15:07:35+00:00\",\"dateModified\":\"2023-11-16T12:35:14+00:00\",\"breadcrumb\":{\"@id\":\"https:\/\/tuzlainfo.ba\/index.php\/bosna-i-hercegovina\/item\/222714-uio-bih-blizi-se-istek-roka-za-podnosenje-elektronskih-pdv-prijava\/#breadcrumb\"},\"inLanguage\":\"bs-BA\",\"potentialAction\":[{\"@type\":\"ReadAction\",\"target\":[\"https:\/\/tuzlainfo.ba\/index.php\/bosna-i-hercegovina\/item\/222714-uio-bih-blizi-se-istek-roka-za-podnosenje-elektronskih-pdv-prijava\/\"]}]},{\"@type\":\"ImageObject\",\"inLanguage\":\"bs-BA\",\"@id\":\"https:\/\/tuzlainfo.ba\/index.php\/bosna-i-hercegovina\/item\/222714-uio-bih-blizi-se-istek-roka-za-podnosenje-elektronskih-pdv-prijava\/#primaryimage\",\"url\":\"https:\/\/tuzlainfo.ba\/wp-content\/uploads\/2020\/09\/sadrzaj_2020_20200901_0809_uio-bih.jpg\",\"contentUrl\":\"https:\/\/tuzlainfo.ba\/wp-content\/uploads\/2020\/09\/sadrzaj_2020_20200901_0809_uio-bih.jpg\",\"width\":770,\"height\":515,\"caption\":\"0809 uio bih\"},{\"@type\":\"BreadcrumbList\",\"@id\":\"https:\/\/tuzlainfo.ba\/index.php\/bosna-i-hercegovina\/item\/222714-uio-bih-blizi-se-istek-roka-za-podnosenje-elektronskih-pdv-prijava\/#breadcrumb\",\"itemListElement\":[{\"@type\":\"ListItem\",\"position\":1,\"name\":\"Home\",\"item\":\"https:\/\/tuzlainfo.ba\/\"},{\"@type\":\"ListItem\",\"position\":2,\"name\":\"UIO BiH: Bli\u017ei se istek roka za podno\u0161enje elektronskih PDV prijava\"}]},{\"@type\":\"WebSite\",\"@id\":\"https:\/\/tuzlainfo.ba\/#website\",\"url\":\"https:\/\/tuzlainfo.ba\/\",\"name\":\"TuzlaInfo.ba\",\"description\":\"Tuzla info, gradski informator - Tuzla na dlanu\",\"publisher\":{\"@id\":\"https:\/\/tuzlainfo.ba\/#organization\"},\"potentialAction\":[{\"@type\":\"SearchAction\",\"target\":{\"@type\":\"EntryPoint\",\"urlTemplate\":\"https:\/\/tuzlainfo.ba\/?s={search_term_string}\"},\"query-input\":{\"@type\":\"PropertyValueSpecification\",\"valueRequired\":true,\"valueName\":\"search_term_string\"}}],\"inLanguage\":\"bs-BA\"},{\"@type\":\"Organization\",\"@id\":\"https:\/\/tuzlainfo.ba\/#organization\",\"name\":\"TuzlaInfo.ba\",\"url\":\"https:\/\/tuzlainfo.ba\/\",\"logo\":{\"@type\":\"ImageObject\",\"inLanguage\":\"bs-BA\",\"@id\":\"https:\/\/tuzlainfo.ba\/#\/schema\/logo\/image\/\",\"url\":\"https:\/\/tuzlainfo.ba\/wp-content\/uploads\/2021\/03\/logo-ver-3-1.png\",\"contentUrl\":\"https:\/\/tuzlainfo.ba\/wp-content\/uploads\/2021\/03\/logo-ver-3-1.png\",\"width\":350,\"height\":95,\"caption\":\"TuzlaInfo.ba\"},\"image\":{\"@id\":\"https:\/\/tuzlainfo.ba\/#\/schema\/logo\/image\/\"},\"sameAs\":[\"https:\/\/www.facebook.com\/tuzlainfo.ba\/\"]},{\"@type\":\"Person\",\"@id\":\"https:\/\/tuzlainfo.ba\/#\/schema\/person\/46cad4c57790cbc50781edd14870825a\",\"name\":\"Tuzla Info\",\"image\":{\"@type\":\"ImageObject\",\"inLanguage\":\"bs-BA\",\"@id\":\"https:\/\/tuzlainfo.ba\/#\/schema\/person\/image\/\",\"url\":\"https:\/\/tuzlainfo.ba\/wp-content\/litespeed\/avatar\/b6c453a6c38e3654f2e4416c643fc25c.jpg?ver=1777051911\",\"contentUrl\":\"https:\/\/tuzlainfo.ba\/wp-content\/litespeed\/avatar\/b6c453a6c38e3654f2e4416c643fc25c.jpg?ver=1777051911\",\"caption\":\"Tuzla Info\"}}]}<\/script>\n<!-- \/ Yoast SEO plugin. -->","yoast_head_json":{"title":"UIO BiH: Bli\u017ei se istek roka za podno\u0161enje elektronskih PDV prijava - TuzlaInfo.ba","robots":{"index":"index","follow":"follow","max-snippet":"max-snippet:-1","max-image-preview":"max-image-preview:large","max-video-preview":"max-video-preview:-1"},"canonical":"https:\/\/tuzlainfo.ba\/index.php\/bosna-i-hercegovina\/item\/222714-uio-bih-blizi-se-istek-roka-za-podnosenje-elektronskih-pdv-prijava\/","og_locale":"bs_BA","og_type":"article","og_title":"UIO BiH: Bli\u017ei se istek roka za podno\u0161enje elektronskih PDV prijava - TuzlaInfo.ba","og_description":"Obaveza podno\u0161enja PDV prijava upotrebom kvalificirane elektronske potvrde za sve obveznike indirektnih poreza nastupa od&hellip;","og_url":"https:\/\/tuzlainfo.ba\/index.php\/bosna-i-hercegovina\/item\/222714-uio-bih-blizi-se-istek-roka-za-podnosenje-elektronskih-pdv-prijava\/","og_site_name":"TuzlaInfo.ba","article_publisher":"https:\/\/www.facebook.com\/tuzlainfo.ba\/","article_published_time":"2023-11-16T15:07:35+00:00","article_modified_time":"2023-11-16T12:35:14+00:00","og_image":[{"width":770,"height":515,"url":"https:\/\/tuzlainfo.ba\/wp-content\/uploads\/2020\/09\/sadrzaj_2020_20200901_0809_uio-bih.jpg","type":"image\/jpeg"}],"author":"Tuzla Info","twitter_card":"summary_large_image","twitter_misc":{"Written by":"Tuzla Info","Est. reading time":"2 minute"},"schema":{"@context":"https:\/\/schema.org","@graph":[{"@type":"Article","@id":"https:\/\/tuzlainfo.ba\/index.php\/bosna-i-hercegovina\/item\/222714-uio-bih-blizi-se-istek-roka-za-podnosenje-elektronskih-pdv-prijava\/#article","isPartOf":{"@id":"https:\/\/tuzlainfo.ba\/index.php\/bosna-i-hercegovina\/item\/222714-uio-bih-blizi-se-istek-roka-za-podnosenje-elektronskih-pdv-prijava\/"},"author":{"name":"Tuzla Info","@id":"https:\/\/tuzlainfo.ba\/#\/schema\/person\/46cad4c57790cbc50781edd14870825a"},"headline":"UIO BiH: Bli\u017ei se istek roka za podno\u0161enje elektronskih PDV prijava","datePublished":"2023-11-16T15:07:35+00:00","dateModified":"2023-11-16T12:35:14+00:00","mainEntityOfPage":{"@id":"https:\/\/tuzlainfo.ba\/index.php\/bosna-i-hercegovina\/item\/222714-uio-bih-blizi-se-istek-roka-za-podnosenje-elektronskih-pdv-prijava\/"},"wordCount":339,"commentCount":0,"publisher":{"@id":"https:\/\/tuzlainfo.ba\/#organization"},"image":{"@id":"https:\/\/tuzlainfo.ba\/index.php\/bosna-i-hercegovina\/item\/222714-uio-bih-blizi-se-istek-roka-za-podnosenje-elektronskih-pdv-prijava\/#primaryimage"},"thumbnailUrl":"https:\/\/tuzlainfo.ba\/wp-content\/uploads\/2020\/09\/sadrzaj_2020_20200901_0809_uio-bih.jpg","keywords":["PDV","prijave","uio bih"],"articleSection":["Bosna i Hercegovina","Istaknuto"],"inLanguage":"bs-BA"},{"@type":"WebPage","@id":"https:\/\/tuzlainfo.ba\/index.php\/bosna-i-hercegovina\/item\/222714-uio-bih-blizi-se-istek-roka-za-podnosenje-elektronskih-pdv-prijava\/","url":"https:\/\/tuzlainfo.ba\/index.php\/bosna-i-hercegovina\/item\/222714-uio-bih-blizi-se-istek-roka-za-podnosenje-elektronskih-pdv-prijava\/","name":"UIO BiH: Bli\u017ei se istek roka za podno\u0161enje elektronskih PDV prijava - TuzlaInfo.ba","isPartOf":{"@id":"https:\/\/tuzlainfo.ba\/#website"},"primaryImageOfPage":{"@id":"https:\/\/tuzlainfo.ba\/index.php\/bosna-i-hercegovina\/item\/222714-uio-bih-blizi-se-istek-roka-za-podnosenje-elektronskih-pdv-prijava\/#primaryimage"},"image":{"@id":"https:\/\/tuzlainfo.ba\/index.php\/bosna-i-hercegovina\/item\/222714-uio-bih-blizi-se-istek-roka-za-podnosenje-elektronskih-pdv-prijava\/#primaryimage"},"thumbnailUrl":"https:\/\/tuzlainfo.ba\/wp-content\/uploads\/2020\/09\/sadrzaj_2020_20200901_0809_uio-bih.jpg","datePublished":"2023-11-16T15:07:35+00:00","dateModified":"2023-11-16T12:35:14+00:00","breadcrumb":{"@id":"https:\/\/tuzlainfo.ba\/index.php\/bosna-i-hercegovina\/item\/222714-uio-bih-blizi-se-istek-roka-za-podnosenje-elektronskih-pdv-prijava\/#breadcrumb"},"inLanguage":"bs-BA","potentialAction":[{"@type":"ReadAction","target":["https:\/\/tuzlainfo.ba\/index.php\/bosna-i-hercegovina\/item\/222714-uio-bih-blizi-se-istek-roka-za-podnosenje-elektronskih-pdv-prijava\/"]}]},{"@type":"ImageObject","inLanguage":"bs-BA","@id":"https:\/\/tuzlainfo.ba\/index.php\/bosna-i-hercegovina\/item\/222714-uio-bih-blizi-se-istek-roka-za-podnosenje-elektronskih-pdv-prijava\/#primaryimage","url":"https:\/\/tuzlainfo.ba\/wp-content\/uploads\/2020\/09\/sadrzaj_2020_20200901_0809_uio-bih.jpg","contentUrl":"https:\/\/tuzlainfo.ba\/wp-content\/uploads\/2020\/09\/sadrzaj_2020_20200901_0809_uio-bih.jpg","width":770,"height":515,"caption":"0809 uio bih"},{"@type":"BreadcrumbList","@id":"https:\/\/tuzlainfo.ba\/index.php\/bosna-i-hercegovina\/item\/222714-uio-bih-blizi-se-istek-roka-za-podnosenje-elektronskih-pdv-prijava\/#breadcrumb","itemListElement":[{"@type":"ListItem","position":1,"name":"Home","item":"https:\/\/tuzlainfo.ba\/"},{"@type":"ListItem","position":2,"name":"UIO BiH: Bli\u017ei se istek roka za podno\u0161enje elektronskih PDV prijava"}]},{"@type":"WebSite","@id":"https:\/\/tuzlainfo.ba\/#website","url":"https:\/\/tuzlainfo.ba\/","name":"TuzlaInfo.ba","description":"Tuzla info, gradski informator - Tuzla na dlanu","publisher":{"@id":"https:\/\/tuzlainfo.ba\/#organization"},"potentialAction":[{"@type":"SearchAction","target":{"@type":"EntryPoint","urlTemplate":"https:\/\/tuzlainfo.ba\/?s={search_term_string}"},"query-input":{"@type":"PropertyValueSpecification","valueRequired":true,"valueName":"search_term_string"}}],"inLanguage":"bs-BA"},{"@type":"Organization","@id":"https:\/\/tuzlainfo.ba\/#organization","name":"TuzlaInfo.ba","url":"https:\/\/tuzlainfo.ba\/","logo":{"@type":"ImageObject","inLanguage":"bs-BA","@id":"https:\/\/tuzlainfo.ba\/#\/schema\/logo\/image\/","url":"https:\/\/tuzlainfo.ba\/wp-content\/uploads\/2021\/03\/logo-ver-3-1.png","contentUrl":"https:\/\/tuzlainfo.ba\/wp-content\/uploads\/2021\/03\/logo-ver-3-1.png","width":350,"height":95,"caption":"TuzlaInfo.ba"},"image":{"@id":"https:\/\/tuzlainfo.ba\/#\/schema\/logo\/image\/"},"sameAs":["https:\/\/www.facebook.com\/tuzlainfo.ba\/"]},{"@type":"Person","@id":"https:\/\/tuzlainfo.ba\/#\/schema\/person\/46cad4c57790cbc50781edd14870825a","name":"Tuzla Info","image":{"@type":"ImageObject","inLanguage":"bs-BA","@id":"https:\/\/tuzlainfo.ba\/#\/schema\/person\/image\/","url":"https:\/\/tuzlainfo.ba\/wp-content\/litespeed\/avatar\/b6c453a6c38e3654f2e4416c643fc25c.jpg?ver=1777051911","contentUrl":"https:\/\/tuzlainfo.ba\/wp-content\/litespeed\/avatar\/b6c453a6c38e3654f2e4416c643fc25c.jpg?ver=1777051911","caption":"Tuzla Info"}}]}},"_links":{"self":[{"href":"https:\/\/tuzlainfo.ba\/index.php\/wp-json\/wp\/v2\/posts\/222714"}],"collection":[{"href":"https:\/\/tuzlainfo.ba\/index.php\/wp-json\/wp\/v2\/posts"}],"about":[{"href":"https:\/\/tuzlainfo.ba\/index.php\/wp-json\/wp\/v2\/types\/post"}],"author":[{"embeddable":true,"href":"https:\/\/tuzlainfo.ba\/index.php\/wp-json\/wp\/v2\/users\/4"}],"replies":[{"embeddable":true,"href":"https:\/\/tuzlainfo.ba\/index.php\/wp-json\/wp\/v2\/comments?post=222714"}],"version-history":[{"count":1,"href":"https:\/\/tuzlainfo.ba\/index.php\/wp-json\/wp\/v2\/posts\/222714\/revisions"}],"predecessor-version":[{"id":222720,"href":"https:\/\/tuzlainfo.ba\/index.php\/wp-json\/wp\/v2\/posts\/222714\/revisions\/222720"}],"wp:featuredmedia":[{"embeddable":true,"href":"https:\/\/tuzlainfo.ba\/index.php\/wp-json\/wp\/v2\/media\/82479"}],"wp:attachment":[{"href":"https:\/\/tuzlainfo.ba\/index.php\/wp-json\/wp\/v2\/media?parent=222714"}],"wp:term":[{"taxonomy":"category","embeddable":true,"href":"https:\/\/tuzlainfo.ba\/index.php\/wp-json\/wp\/v2\/categories?post=222714"},{"taxonomy":"post_tag","embeddable":true,"href":"https:\/\/tuzlainfo.ba\/index.php\/wp-json\/wp\/v2\/tags?post=222714"}],"curies":[{"name":"wp","href":"https:\/\/api.w.org\/{rel}","templated":true}]}}