{"id":222180,"date":"2023-11-10T14:05:28","date_gmt":"2023-11-10T13:05:28","guid":{"rendered":"https:\/\/tuzlainfo.ba\/?p=222180"},"modified":"2023-11-10T11:03:28","modified_gmt":"2023-11-10T10:03:28","slug":"tuzla-odrzan-okrugli-sto-moc-zajednice-u-prevladavanju-govora-mrznje","status":"publish","type":"post","link":"https:\/\/tuzlainfo.ba\/index.php\/novosti\/item\/222180-tuzla-odrzan-okrugli-sto-moc-zajednice-u-prevladavanju-govora-mrznje\/","title":{"rendered":"Tuzla: Odr\u017ean okrugli sto \u201cMo\u0107 zajednice u prevladavanju govora mr\u017enje\u201d"},"content":{"rendered":"<p>Ju\u010der je u Me\u0111unarodnoj galeriji portreta u Tuzli odr\u017ean Okrugli sto na temu \u201cMo\u0107 zajednice u prevladavanju govora mr\u017enje\u201d u organizaciji Mre\u017ee nenasilne komunikacije u okviru kampanje \u201cZamijeni mr\u017enju razumijevanjem\u201d.<\/p>\n<p>Panelisti okruglog stola bili su Alma Tihi\u0107, ge\u0161talt psihoterapeutkinja, psiholo\u0161ko savjetovali\u0161te ACTUM Tuzla, Enisa Alibali\u0107, novinarka BH BHT1, Ivana Peji\u0107, certificirana trenerica Nenasilne komunikacije, Franjo Nini\u0107, franjevac Franjeva\u010dkog samostana \u201cSveti Petar i Pavao\u201d , novinar i aktivista Senad Piri\u0107.<\/p>\n<p>Cilj okruglog stola bio je sa razli\u010ditih aspekata razgovarati o tome kako zajednica mo\u017ee pomo\u0107i da govor mr\u017enje bude manje prisutan, te da se poku\u0161aju prepoznati pojedina\u010dne odgovornosti.<\/p>\n<p>Psihoterepeutkinja Alma Tihi\u0107 govorila je o tome kako govor mr\u017enje nastaje i koje su to pretpostavke razvoja govora mr\u017enje, te koja su to osje\u0107anja, odnosno, emocije kojima je potaknut govor mr\u017enje. Navode\u0107i da je u samom nazivu pojave jaka emocija, tako da nema promjene bez osvje\u0161tavanja emocija, straha, manipulacije i svega \u0161to \u010dovjeka dovodi do mr\u017enje.<\/p>\n<p>Novinarka Enisa Alibali\u0107 prenijela je sliku uloge medija kao sredstvima javnog komuniciranja ali i javnom prostoru gdje svi imaju pristup, i svi mogu kreirati bez ograni\u010denja, te\u0161ko je razlu\u010diti koje informacije donose mediji, a koje informacije se donose u javnom prostoru, te kako mediji mogu doprinijeti tome da govor mr\u017enje bude manje prisutan. Tako\u0111er je istakla i zna\u010daj solution novinarstva, novinarstvo koje nudi rje\u0161enja.<\/p>\n<p>Kampanju pod nazivom \u201cZamijeni mr\u017enju razumijevanjem\u201d podr\u017eala je Fondacija tuzlanske zajednice u okviru projekta \u201cNa\u0161a zajednica je na\u0161a odgovornost\u201d kojeg na podru\u010dju TK provodi uz podr\u0161ku USAID-a, u okviru programa #SnagaLokalnog<\/p>\n","protected":false},"excerpt":{"rendered":"<p>Ju\u010der je u Me\u0111unarodnoj galeriji portreta u Tuzli odr\u017ean Okrugli sto na temu \u201cMo\u0107 zajednice&hellip;<\/p>\n","protected":false},"author":4,"featured_media":222195,"comment_status":"open","ping_status":"closed","sticky":false,"template":"","format":"standard","meta":{"_acf_changed":false,"footnotes":""},"categories":[12],"tags":[5649,42],"acf":[],"yoast_head":"<!-- This site is optimized with the Yoast SEO plugin v23.5 - https:\/\/yoast.com\/wordpress\/plugins\/seo\/ -->\n<title>Tuzla: Odr\u017ean okrugli sto \u201cMo\u0107 zajednice u prevladavanju govora mr\u017enje\u201d - TuzlaInfo.ba<\/title>\n<meta name=\"robots\" content=\"index, follow, max-snippet:-1, max-image-preview:large, max-video-preview:-1\" \/>\n<link rel=\"canonical\" href=\"https:\/\/tuzlainfo.ba\/index.php\/novosti\/item\/222180-tuzla-odrzan-okrugli-sto-moc-zajednice-u-prevladavanju-govora-mrznje\/\" \/>\n<meta property=\"og:locale\" content=\"bs_BA\" \/>\n<meta property=\"og:type\" content=\"article\" \/>\n<meta property=\"og:title\" content=\"Tuzla: Odr\u017ean okrugli sto \u201cMo\u0107 zajednice u prevladavanju govora mr\u017enje\u201d - TuzlaInfo.ba\" \/>\n<meta property=\"og:description\" content=\"Ju\u010der je u Me\u0111unarodnoj galeriji portreta u Tuzli odr\u017ean Okrugli sto na temu \u201cMo\u0107 zajednice&hellip;\" \/>\n<meta property=\"og:url\" content=\"https:\/\/tuzlainfo.ba\/index.php\/novosti\/item\/222180-tuzla-odrzan-okrugli-sto-moc-zajednice-u-prevladavanju-govora-mrznje\/\" \/>\n<meta property=\"og:site_name\" content=\"TuzlaInfo.ba\" \/>\n<meta property=\"article:publisher\" content=\"https:\/\/www.facebook.com\/tuzlainfo.ba\/\" \/>\n<meta property=\"article:published_time\" content=\"2023-11-10T13:05:28+00:00\" \/>\n<meta property=\"article:modified_time\" content=\"2023-11-10T10:03:28+00:00\" \/>\n<meta property=\"og:image\" content=\"https:\/\/tuzlainfo.ba\/wp-content\/uploads\/2023\/11\/komunikacija1.jpg\" \/>\n\t<meta property=\"og:image:width\" content=\"2048\" \/>\n\t<meta property=\"og:image:height\" content=\"1536\" \/>\n\t<meta property=\"og:image:type\" content=\"image\/jpeg\" \/>\n<meta name=\"author\" content=\"Tuzla Info\" \/>\n<meta name=\"twitter:card\" content=\"summary_large_image\" \/>\n<meta name=\"twitter:label1\" content=\"Written by\" \/>\n\t<meta name=\"twitter:data1\" content=\"Tuzla Info\" \/>\n\t<meta name=\"twitter:label2\" content=\"Est. reading time\" \/>\n\t<meta name=\"twitter:data2\" content=\"1 minuta\" \/>\n<script type=\"application\/ld+json\" class=\"yoast-schema-graph\">{\"@context\":\"https:\/\/schema.org\",\"@graph\":[{\"@type\":\"Article\",\"@id\":\"https:\/\/tuzlainfo.ba\/index.php\/novosti\/item\/222180-tuzla-odrzan-okrugli-sto-moc-zajednice-u-prevladavanju-govora-mrznje\/#article\",\"isPartOf\":{\"@id\":\"https:\/\/tuzlainfo.ba\/index.php\/novosti\/item\/222180-tuzla-odrzan-okrugli-sto-moc-zajednice-u-prevladavanju-govora-mrznje\/\"},\"author\":{\"name\":\"Tuzla Info\",\"@id\":\"https:\/\/tuzlainfo.ba\/#\/schema\/person\/46cad4c57790cbc50781edd14870825a\"},\"headline\":\"Tuzla: Odr\u017ean okrugli sto \u201cMo\u0107 zajednice u prevladavanju govora mr\u017enje\u201d\",\"datePublished\":\"2023-11-10T13:05:28+00:00\",\"dateModified\":\"2023-11-10T10:03:28+00:00\",\"mainEntityOfPage\":{\"@id\":\"https:\/\/tuzlainfo.ba\/index.php\/novosti\/item\/222180-tuzla-odrzan-okrugli-sto-moc-zajednice-u-prevladavanju-govora-mrznje\/\"},\"wordCount\":295,\"commentCount\":0,\"publisher\":{\"@id\":\"https:\/\/tuzlainfo.ba\/#organization\"},\"image\":{\"@id\":\"https:\/\/tuzlainfo.ba\/index.php\/novosti\/item\/222180-tuzla-odrzan-okrugli-sto-moc-zajednice-u-prevladavanju-govora-mrznje\/#primaryimage\"},\"thumbnailUrl\":\"https:\/\/tuzlainfo.ba\/wp-content\/uploads\/2023\/11\/komunikacija1.jpg\",\"keywords\":[\"okrugli sto\",\"tuzla\"],\"articleSection\":[\"Novosti\"],\"inLanguage\":\"bs-BA\"},{\"@type\":\"WebPage\",\"@id\":\"https:\/\/tuzlainfo.ba\/index.php\/novosti\/item\/222180-tuzla-odrzan-okrugli-sto-moc-zajednice-u-prevladavanju-govora-mrznje\/\",\"url\":\"https:\/\/tuzlainfo.ba\/index.php\/novosti\/item\/222180-tuzla-odrzan-okrugli-sto-moc-zajednice-u-prevladavanju-govora-mrznje\/\",\"name\":\"Tuzla: Odr\u017ean okrugli sto \u201cMo\u0107 zajednice u prevladavanju govora mr\u017enje\u201d - TuzlaInfo.ba\",\"isPartOf\":{\"@id\":\"https:\/\/tuzlainfo.ba\/#website\"},\"primaryImageOfPage\":{\"@id\":\"https:\/\/tuzlainfo.ba\/index.php\/novosti\/item\/222180-tuzla-odrzan-okrugli-sto-moc-zajednice-u-prevladavanju-govora-mrznje\/#primaryimage\"},\"image\":{\"@id\":\"https:\/\/tuzlainfo.ba\/index.php\/novosti\/item\/222180-tuzla-odrzan-okrugli-sto-moc-zajednice-u-prevladavanju-govora-mrznje\/#primaryimage\"},\"thumbnailUrl\":\"https:\/\/tuzlainfo.ba\/wp-content\/uploads\/2023\/11\/komunikacija1.jpg\",\"datePublished\":\"2023-11-10T13:05:28+00:00\",\"dateModified\":\"2023-11-10T10:03:28+00:00\",\"breadcrumb\":{\"@id\":\"https:\/\/tuzlainfo.ba\/index.php\/novosti\/item\/222180-tuzla-odrzan-okrugli-sto-moc-zajednice-u-prevladavanju-govora-mrznje\/#breadcrumb\"},\"inLanguage\":\"bs-BA\",\"potentialAction\":[{\"@type\":\"ReadAction\",\"target\":[\"https:\/\/tuzlainfo.ba\/index.php\/novosti\/item\/222180-tuzla-odrzan-okrugli-sto-moc-zajednice-u-prevladavanju-govora-mrznje\/\"]}]},{\"@type\":\"ImageObject\",\"inLanguage\":\"bs-BA\",\"@id\":\"https:\/\/tuzlainfo.ba\/index.php\/novosti\/item\/222180-tuzla-odrzan-okrugli-sto-moc-zajednice-u-prevladavanju-govora-mrznje\/#primaryimage\",\"url\":\"https:\/\/tuzlainfo.ba\/wp-content\/uploads\/2023\/11\/komunikacija1.jpg\",\"contentUrl\":\"https:\/\/tuzlainfo.ba\/wp-content\/uploads\/2023\/11\/komunikacija1.jpg\",\"width\":2048,\"height\":1536},{\"@type\":\"BreadcrumbList\",\"@id\":\"https:\/\/tuzlainfo.ba\/index.php\/novosti\/item\/222180-tuzla-odrzan-okrugli-sto-moc-zajednice-u-prevladavanju-govora-mrznje\/#breadcrumb\",\"itemListElement\":[{\"@type\":\"ListItem\",\"position\":1,\"name\":\"Home\",\"item\":\"https:\/\/tuzlainfo.ba\/\"},{\"@type\":\"ListItem\",\"position\":2,\"name\":\"Tuzla: Odr\u017ean okrugli sto \u201cMo\u0107 zajednice u prevladavanju govora mr\u017enje\u201d\"}]},{\"@type\":\"WebSite\",\"@id\":\"https:\/\/tuzlainfo.ba\/#website\",\"url\":\"https:\/\/tuzlainfo.ba\/\",\"name\":\"TuzlaInfo.ba\",\"description\":\"Tuzla info, gradski informator - Tuzla na dlanu\",\"publisher\":{\"@id\":\"https:\/\/tuzlainfo.ba\/#organization\"},\"potentialAction\":[{\"@type\":\"SearchAction\",\"target\":{\"@type\":\"EntryPoint\",\"urlTemplate\":\"https:\/\/tuzlainfo.ba\/?s={search_term_string}\"},\"query-input\":{\"@type\":\"PropertyValueSpecification\",\"valueRequired\":true,\"valueName\":\"search_term_string\"}}],\"inLanguage\":\"bs-BA\"},{\"@type\":\"Organization\",\"@id\":\"https:\/\/tuzlainfo.ba\/#organization\",\"name\":\"TuzlaInfo.ba\",\"url\":\"https:\/\/tuzlainfo.ba\/\",\"logo\":{\"@type\":\"ImageObject\",\"inLanguage\":\"bs-BA\",\"@id\":\"https:\/\/tuzlainfo.ba\/#\/schema\/logo\/image\/\",\"url\":\"https:\/\/tuzlainfo.ba\/wp-content\/uploads\/2021\/03\/logo-ver-3-1.png\",\"contentUrl\":\"https:\/\/tuzlainfo.ba\/wp-content\/uploads\/2021\/03\/logo-ver-3-1.png\",\"width\":350,\"height\":95,\"caption\":\"TuzlaInfo.ba\"},\"image\":{\"@id\":\"https:\/\/tuzlainfo.ba\/#\/schema\/logo\/image\/\"},\"sameAs\":[\"https:\/\/www.facebook.com\/tuzlainfo.ba\/\"]},{\"@type\":\"Person\",\"@id\":\"https:\/\/tuzlainfo.ba\/#\/schema\/person\/46cad4c57790cbc50781edd14870825a\",\"name\":\"Tuzla Info\",\"image\":{\"@type\":\"ImageObject\",\"inLanguage\":\"bs-BA\",\"@id\":\"https:\/\/tuzlainfo.ba\/#\/schema\/person\/image\/\",\"url\":\"https:\/\/tuzlainfo.ba\/wp-content\/litespeed\/avatar\/b6c453a6c38e3654f2e4416c643fc25c.jpg?ver=1777051911\",\"contentUrl\":\"https:\/\/tuzlainfo.ba\/wp-content\/litespeed\/avatar\/b6c453a6c38e3654f2e4416c643fc25c.jpg?ver=1777051911\",\"caption\":\"Tuzla Info\"}}]}<\/script>\n<!-- \/ Yoast SEO plugin. -->","yoast_head_json":{"title":"Tuzla: Odr\u017ean okrugli sto \u201cMo\u0107 zajednice u prevladavanju govora mr\u017enje\u201d - TuzlaInfo.ba","robots":{"index":"index","follow":"follow","max-snippet":"max-snippet:-1","max-image-preview":"max-image-preview:large","max-video-preview":"max-video-preview:-1"},"canonical":"https:\/\/tuzlainfo.ba\/index.php\/novosti\/item\/222180-tuzla-odrzan-okrugli-sto-moc-zajednice-u-prevladavanju-govora-mrznje\/","og_locale":"bs_BA","og_type":"article","og_title":"Tuzla: Odr\u017ean okrugli sto \u201cMo\u0107 zajednice u prevladavanju govora mr\u017enje\u201d - TuzlaInfo.ba","og_description":"Ju\u010der je u Me\u0111unarodnoj galeriji portreta u Tuzli odr\u017ean Okrugli sto na temu \u201cMo\u0107 zajednice&hellip;","og_url":"https:\/\/tuzlainfo.ba\/index.php\/novosti\/item\/222180-tuzla-odrzan-okrugli-sto-moc-zajednice-u-prevladavanju-govora-mrznje\/","og_site_name":"TuzlaInfo.ba","article_publisher":"https:\/\/www.facebook.com\/tuzlainfo.ba\/","article_published_time":"2023-11-10T13:05:28+00:00","article_modified_time":"2023-11-10T10:03:28+00:00","og_image":[{"width":2048,"height":1536,"url":"https:\/\/tuzlainfo.ba\/wp-content\/uploads\/2023\/11\/komunikacija1.jpg","type":"image\/jpeg"}],"author":"Tuzla Info","twitter_card":"summary_large_image","twitter_misc":{"Written by":"Tuzla Info","Est. reading time":"1 minuta"},"schema":{"@context":"https:\/\/schema.org","@graph":[{"@type":"Article","@id":"https:\/\/tuzlainfo.ba\/index.php\/novosti\/item\/222180-tuzla-odrzan-okrugli-sto-moc-zajednice-u-prevladavanju-govora-mrznje\/#article","isPartOf":{"@id":"https:\/\/tuzlainfo.ba\/index.php\/novosti\/item\/222180-tuzla-odrzan-okrugli-sto-moc-zajednice-u-prevladavanju-govora-mrznje\/"},"author":{"name":"Tuzla Info","@id":"https:\/\/tuzlainfo.ba\/#\/schema\/person\/46cad4c57790cbc50781edd14870825a"},"headline":"Tuzla: Odr\u017ean okrugli sto \u201cMo\u0107 zajednice u prevladavanju govora mr\u017enje\u201d","datePublished":"2023-11-10T13:05:28+00:00","dateModified":"2023-11-10T10:03:28+00:00","mainEntityOfPage":{"@id":"https:\/\/tuzlainfo.ba\/index.php\/novosti\/item\/222180-tuzla-odrzan-okrugli-sto-moc-zajednice-u-prevladavanju-govora-mrznje\/"},"wordCount":295,"commentCount":0,"publisher":{"@id":"https:\/\/tuzlainfo.ba\/#organization"},"image":{"@id":"https:\/\/tuzlainfo.ba\/index.php\/novosti\/item\/222180-tuzla-odrzan-okrugli-sto-moc-zajednice-u-prevladavanju-govora-mrznje\/#primaryimage"},"thumbnailUrl":"https:\/\/tuzlainfo.ba\/wp-content\/uploads\/2023\/11\/komunikacija1.jpg","keywords":["okrugli sto","tuzla"],"articleSection":["Novosti"],"inLanguage":"bs-BA"},{"@type":"WebPage","@id":"https:\/\/tuzlainfo.ba\/index.php\/novosti\/item\/222180-tuzla-odrzan-okrugli-sto-moc-zajednice-u-prevladavanju-govora-mrznje\/","url":"https:\/\/tuzlainfo.ba\/index.php\/novosti\/item\/222180-tuzla-odrzan-okrugli-sto-moc-zajednice-u-prevladavanju-govora-mrznje\/","name":"Tuzla: Odr\u017ean okrugli sto \u201cMo\u0107 zajednice u prevladavanju govora mr\u017enje\u201d - TuzlaInfo.ba","isPartOf":{"@id":"https:\/\/tuzlainfo.ba\/#website"},"primaryImageOfPage":{"@id":"https:\/\/tuzlainfo.ba\/index.php\/novosti\/item\/222180-tuzla-odrzan-okrugli-sto-moc-zajednice-u-prevladavanju-govora-mrznje\/#primaryimage"},"image":{"@id":"https:\/\/tuzlainfo.ba\/index.php\/novosti\/item\/222180-tuzla-odrzan-okrugli-sto-moc-zajednice-u-prevladavanju-govora-mrznje\/#primaryimage"},"thumbnailUrl":"https:\/\/tuzlainfo.ba\/wp-content\/uploads\/2023\/11\/komunikacija1.jpg","datePublished":"2023-11-10T13:05:28+00:00","dateModified":"2023-11-10T10:03:28+00:00","breadcrumb":{"@id":"https:\/\/tuzlainfo.ba\/index.php\/novosti\/item\/222180-tuzla-odrzan-okrugli-sto-moc-zajednice-u-prevladavanju-govora-mrznje\/#breadcrumb"},"inLanguage":"bs-BA","potentialAction":[{"@type":"ReadAction","target":["https:\/\/tuzlainfo.ba\/index.php\/novosti\/item\/222180-tuzla-odrzan-okrugli-sto-moc-zajednice-u-prevladavanju-govora-mrznje\/"]}]},{"@type":"ImageObject","inLanguage":"bs-BA","@id":"https:\/\/tuzlainfo.ba\/index.php\/novosti\/item\/222180-tuzla-odrzan-okrugli-sto-moc-zajednice-u-prevladavanju-govora-mrznje\/#primaryimage","url":"https:\/\/tuzlainfo.ba\/wp-content\/uploads\/2023\/11\/komunikacija1.jpg","contentUrl":"https:\/\/tuzlainfo.ba\/wp-content\/uploads\/2023\/11\/komunikacija1.jpg","width":2048,"height":1536},{"@type":"BreadcrumbList","@id":"https:\/\/tuzlainfo.ba\/index.php\/novosti\/item\/222180-tuzla-odrzan-okrugli-sto-moc-zajednice-u-prevladavanju-govora-mrznje\/#breadcrumb","itemListElement":[{"@type":"ListItem","position":1,"name":"Home","item":"https:\/\/tuzlainfo.ba\/"},{"@type":"ListItem","position":2,"name":"Tuzla: Odr\u017ean okrugli sto \u201cMo\u0107 zajednice u prevladavanju govora mr\u017enje\u201d"}]},{"@type":"WebSite","@id":"https:\/\/tuzlainfo.ba\/#website","url":"https:\/\/tuzlainfo.ba\/","name":"TuzlaInfo.ba","description":"Tuzla info, gradski informator - Tuzla na dlanu","publisher":{"@id":"https:\/\/tuzlainfo.ba\/#organization"},"potentialAction":[{"@type":"SearchAction","target":{"@type":"EntryPoint","urlTemplate":"https:\/\/tuzlainfo.ba\/?s={search_term_string}"},"query-input":{"@type":"PropertyValueSpecification","valueRequired":true,"valueName":"search_term_string"}}],"inLanguage":"bs-BA"},{"@type":"Organization","@id":"https:\/\/tuzlainfo.ba\/#organization","name":"TuzlaInfo.ba","url":"https:\/\/tuzlainfo.ba\/","logo":{"@type":"ImageObject","inLanguage":"bs-BA","@id":"https:\/\/tuzlainfo.ba\/#\/schema\/logo\/image\/","url":"https:\/\/tuzlainfo.ba\/wp-content\/uploads\/2021\/03\/logo-ver-3-1.png","contentUrl":"https:\/\/tuzlainfo.ba\/wp-content\/uploads\/2021\/03\/logo-ver-3-1.png","width":350,"height":95,"caption":"TuzlaInfo.ba"},"image":{"@id":"https:\/\/tuzlainfo.ba\/#\/schema\/logo\/image\/"},"sameAs":["https:\/\/www.facebook.com\/tuzlainfo.ba\/"]},{"@type":"Person","@id":"https:\/\/tuzlainfo.ba\/#\/schema\/person\/46cad4c57790cbc50781edd14870825a","name":"Tuzla Info","image":{"@type":"ImageObject","inLanguage":"bs-BA","@id":"https:\/\/tuzlainfo.ba\/#\/schema\/person\/image\/","url":"https:\/\/tuzlainfo.ba\/wp-content\/litespeed\/avatar\/b6c453a6c38e3654f2e4416c643fc25c.jpg?ver=1777051911","contentUrl":"https:\/\/tuzlainfo.ba\/wp-content\/litespeed\/avatar\/b6c453a6c38e3654f2e4416c643fc25c.jpg?ver=1777051911","caption":"Tuzla Info"}}]}},"_links":{"self":[{"href":"https:\/\/tuzlainfo.ba\/index.php\/wp-json\/wp\/v2\/posts\/222180"}],"collection":[{"href":"https:\/\/tuzlainfo.ba\/index.php\/wp-json\/wp\/v2\/posts"}],"about":[{"href":"https:\/\/tuzlainfo.ba\/index.php\/wp-json\/wp\/v2\/types\/post"}],"author":[{"embeddable":true,"href":"https:\/\/tuzlainfo.ba\/index.php\/wp-json\/wp\/v2\/users\/4"}],"replies":[{"embeddable":true,"href":"https:\/\/tuzlainfo.ba\/index.php\/wp-json\/wp\/v2\/comments?post=222180"}],"version-history":[{"count":1,"href":"https:\/\/tuzlainfo.ba\/index.php\/wp-json\/wp\/v2\/posts\/222180\/revisions"}],"predecessor-version":[{"id":222197,"href":"https:\/\/tuzlainfo.ba\/index.php\/wp-json\/wp\/v2\/posts\/222180\/revisions\/222197"}],"wp:featuredmedia":[{"embeddable":true,"href":"https:\/\/tuzlainfo.ba\/index.php\/wp-json\/wp\/v2\/media\/222195"}],"wp:attachment":[{"href":"https:\/\/tuzlainfo.ba\/index.php\/wp-json\/wp\/v2\/media?parent=222180"}],"wp:term":[{"taxonomy":"category","embeddable":true,"href":"https:\/\/tuzlainfo.ba\/index.php\/wp-json\/wp\/v2\/categories?post=222180"},{"taxonomy":"post_tag","embeddable":true,"href":"https:\/\/tuzlainfo.ba\/index.php\/wp-json\/wp\/v2\/tags?post=222180"}],"curies":[{"name":"wp","href":"https:\/\/api.w.org\/{rel}","templated":true}]}}