{"id":222095,"date":"2023-11-09T16:25:16","date_gmt":"2023-11-09T15:25:16","guid":{"rendered":"https:\/\/tuzlainfo.ba\/?p=222095"},"modified":"2023-11-09T11:51:28","modified_gmt":"2023-11-09T10:51:28","slug":"stigla-ispravka-iz-brisela-delegacija-eu-objasnila-sta-se-mijenja-u-izvjestaju-evropske-komisije","status":"publish","type":"post","link":"https:\/\/tuzlainfo.ba\/index.php\/bosna-i-hercegovina\/item\/222095-stigla-ispravka-iz-brisela-delegacija-eu-objasnila-sta-se-mijenja-u-izvjestaju-evropske-komisije\/","title":{"rendered":"Stigla ispravka iz Brisela: Delegacija EU objasnila \u0161ta se mijenja u izvje\u0161taju Evropske komisije"},"content":{"rendered":"<p>Delegacija Evropske unije u BiH oglasila se nakon nedoumica u vezi Izvje\u0161taja Evropske komisije \u00a0napretku Bosne i Hercegovine na putu ka EU.<\/p>\n<p>Nakon \u0161to su se u bh. javnosti javile nedoumice o tome da li Evropska komisija &#8216;preporu\u010duje&#8217; ili &#8216;\u0107e preporu\u010diti&#8217; otvaranje pregovora, reagirali su iz Delegacije<\/p>\n<p>&#8220;\u017deljeli bismo jasno naglasiti da Evropska komisija *preporu\u010duje* otvaranje pristupnih pregovora sa BiH kada se postigne neophodan nivo uskla\u0111enosti.<\/p>\n<p>Upotreba &#8216;preporu\u010dit \u0107e&#8217; u ranijoj verziji Izvje\u0161taja o zemlji i tweetu Komisije bila je gre\u0161ka&#8221;, naveli su iz Delegacije EU u BiH.<\/p>\n<p>Me\u0111utim, formulacija u vezi preporu\u010divanja pregovora u Izvje\u0161taju jo\u0161 uvijek nije ispravljena.<\/p>\n<p>&#8220;Nakon \u0161to Komisija ocijeni da je Bosna i Hercegovina postigla neophodan stepen uskla\u0111enosti sa kriterijima za \u010dlanstvo, Komisija \u0107e preporu\u010diti otvaranje pregovora o pristupanju Evropskoj uniji&#8221;, navodi se u Izvje\u0161taju EK.<\/p>\n","protected":false},"excerpt":{"rendered":"<p>Delegacija Evropske unije u BiH oglasila se nakon nedoumica u vezi Izvje\u0161taja Evropske komisije \u00a0napretku&hellip;<\/p>\n","protected":false},"author":3,"featured_media":83199,"comment_status":"open","ping_status":"closed","sticky":false,"template":"","format":"standard","meta":{"_acf_changed":false,"footnotes":""},"categories":[291],"tags":[1100,7303],"acf":[],"yoast_head":"<!-- This site is optimized with the Yoast SEO plugin v23.5 - https:\/\/yoast.com\/wordpress\/plugins\/seo\/ -->\n<title>Stigla ispravka iz Brisela: Delegacija EU objasnila \u0161ta se mijenja u izvje\u0161taju Evropske komisije - TuzlaInfo.ba<\/title>\n<meta name=\"robots\" content=\"index, follow, max-snippet:-1, max-image-preview:large, max-video-preview:-1\" \/>\n<link rel=\"canonical\" href=\"https:\/\/tuzlainfo.ba\/index.php\/bosna-i-hercegovina\/item\/222095-stigla-ispravka-iz-brisela-delegacija-eu-objasnila-sta-se-mijenja-u-izvjestaju-evropske-komisije\/\" \/>\n<meta property=\"og:locale\" content=\"bs_BA\" \/>\n<meta property=\"og:type\" content=\"article\" \/>\n<meta property=\"og:title\" content=\"Stigla ispravka iz Brisela: Delegacija EU objasnila \u0161ta se mijenja u izvje\u0161taju Evropske komisije - TuzlaInfo.ba\" \/>\n<meta property=\"og:description\" content=\"Delegacija Evropske unije u BiH oglasila se nakon nedoumica u vezi Izvje\u0161taja Evropske komisije \u00a0napretku&hellip;\" \/>\n<meta property=\"og:url\" content=\"https:\/\/tuzlainfo.ba\/index.php\/bosna-i-hercegovina\/item\/222095-stigla-ispravka-iz-brisela-delegacija-eu-objasnila-sta-se-mijenja-u-izvjestaju-evropske-komisije\/\" \/>\n<meta property=\"og:site_name\" content=\"TuzlaInfo.ba\" \/>\n<meta property=\"article:publisher\" content=\"https:\/\/www.facebook.com\/tuzlainfo.ba\/\" \/>\n<meta property=\"article:published_time\" content=\"2023-11-09T15:25:16+00:00\" \/>\n<meta property=\"article:modified_time\" content=\"2023-11-09T10:51:28+00:00\" \/>\n<meta property=\"og:image\" content=\"https:\/\/tuzlainfo.ba\/wp-content\/uploads\/2020\/10\/sadrzaj_2020_20201001_0710_sattler.jpg\" \/>\n\t<meta property=\"og:image:width\" content=\"770\" \/>\n\t<meta property=\"og:image:height\" content=\"432\" \/>\n\t<meta property=\"og:image:type\" content=\"image\/jpeg\" \/>\n<meta name=\"author\" content=\"admin2\" \/>\n<meta name=\"twitter:card\" content=\"summary_large_image\" \/>\n<meta name=\"twitter:label1\" content=\"Written by\" \/>\n\t<meta name=\"twitter:data1\" content=\"admin2\" \/>\n\t<meta name=\"twitter:label2\" content=\"Est. reading time\" \/>\n\t<meta name=\"twitter:data2\" content=\"1 minuta\" \/>\n<script type=\"application\/ld+json\" class=\"yoast-schema-graph\">{\"@context\":\"https:\/\/schema.org\",\"@graph\":[{\"@type\":\"Article\",\"@id\":\"https:\/\/tuzlainfo.ba\/index.php\/bosna-i-hercegovina\/item\/222095-stigla-ispravka-iz-brisela-delegacija-eu-objasnila-sta-se-mijenja-u-izvjestaju-evropske-komisije\/#article\",\"isPartOf\":{\"@id\":\"https:\/\/tuzlainfo.ba\/index.php\/bosna-i-hercegovina\/item\/222095-stigla-ispravka-iz-brisela-delegacija-eu-objasnila-sta-se-mijenja-u-izvjestaju-evropske-komisije\/\"},\"author\":{\"name\":\"admin2\",\"@id\":\"https:\/\/tuzlainfo.ba\/#\/schema\/person\/f4ebe4fff27e68efb65fa7e18f8af372\"},\"headline\":\"Stigla ispravka iz Brisela: Delegacija EU objasnila \u0161ta se mijenja u izvje\u0161taju Evropske komisije\",\"datePublished\":\"2023-11-09T15:25:16+00:00\",\"dateModified\":\"2023-11-09T10:51:28+00:00\",\"mainEntityOfPage\":{\"@id\":\"https:\/\/tuzlainfo.ba\/index.php\/bosna-i-hercegovina\/item\/222095-stigla-ispravka-iz-brisela-delegacija-eu-objasnila-sta-se-mijenja-u-izvjestaju-evropske-komisije\/\"},\"wordCount\":160,\"commentCount\":0,\"publisher\":{\"@id\":\"https:\/\/tuzlainfo.ba\/#organization\"},\"image\":{\"@id\":\"https:\/\/tuzlainfo.ba\/index.php\/bosna-i-hercegovina\/item\/222095-stigla-ispravka-iz-brisela-delegacija-eu-objasnila-sta-se-mijenja-u-izvjestaju-evropske-komisije\/#primaryimage\"},\"thumbnailUrl\":\"https:\/\/tuzlainfo.ba\/wp-content\/uploads\/2020\/10\/sadrzaj_2020_20201001_0710_sattler.jpg\",\"keywords\":[\"Brisel\",\"delegacija eu\"],\"articleSection\":[\"Bosna i Hercegovina\"],\"inLanguage\":\"bs-BA\"},{\"@type\":\"WebPage\",\"@id\":\"https:\/\/tuzlainfo.ba\/index.php\/bosna-i-hercegovina\/item\/222095-stigla-ispravka-iz-brisela-delegacija-eu-objasnila-sta-se-mijenja-u-izvjestaju-evropske-komisije\/\",\"url\":\"https:\/\/tuzlainfo.ba\/index.php\/bosna-i-hercegovina\/item\/222095-stigla-ispravka-iz-brisela-delegacija-eu-objasnila-sta-se-mijenja-u-izvjestaju-evropske-komisije\/\",\"name\":\"Stigla ispravka iz Brisela: Delegacija EU objasnila \u0161ta se mijenja u izvje\u0161taju Evropske komisije - TuzlaInfo.ba\",\"isPartOf\":{\"@id\":\"https:\/\/tuzlainfo.ba\/#website\"},\"primaryImageOfPage\":{\"@id\":\"https:\/\/tuzlainfo.ba\/index.php\/bosna-i-hercegovina\/item\/222095-stigla-ispravka-iz-brisela-delegacija-eu-objasnila-sta-se-mijenja-u-izvjestaju-evropske-komisije\/#primaryimage\"},\"image\":{\"@id\":\"https:\/\/tuzlainfo.ba\/index.php\/bosna-i-hercegovina\/item\/222095-stigla-ispravka-iz-brisela-delegacija-eu-objasnila-sta-se-mijenja-u-izvjestaju-evropske-komisije\/#primaryimage\"},\"thumbnailUrl\":\"https:\/\/tuzlainfo.ba\/wp-content\/uploads\/2020\/10\/sadrzaj_2020_20201001_0710_sattler.jpg\",\"datePublished\":\"2023-11-09T15:25:16+00:00\",\"dateModified\":\"2023-11-09T10:51:28+00:00\",\"breadcrumb\":{\"@id\":\"https:\/\/tuzlainfo.ba\/index.php\/bosna-i-hercegovina\/item\/222095-stigla-ispravka-iz-brisela-delegacija-eu-objasnila-sta-se-mijenja-u-izvjestaju-evropske-komisije\/#breadcrumb\"},\"inLanguage\":\"bs-BA\",\"potentialAction\":[{\"@type\":\"ReadAction\",\"target\":[\"https:\/\/tuzlainfo.ba\/index.php\/bosna-i-hercegovina\/item\/222095-stigla-ispravka-iz-brisela-delegacija-eu-objasnila-sta-se-mijenja-u-izvjestaju-evropske-komisije\/\"]}]},{\"@type\":\"ImageObject\",\"inLanguage\":\"bs-BA\",\"@id\":\"https:\/\/tuzlainfo.ba\/index.php\/bosna-i-hercegovina\/item\/222095-stigla-ispravka-iz-brisela-delegacija-eu-objasnila-sta-se-mijenja-u-izvjestaju-evropske-komisije\/#primaryimage\",\"url\":\"https:\/\/tuzlainfo.ba\/wp-content\/uploads\/2020\/10\/sadrzaj_2020_20201001_0710_sattler.jpg\",\"contentUrl\":\"https:\/\/tuzlainfo.ba\/wp-content\/uploads\/2020\/10\/sadrzaj_2020_20201001_0710_sattler.jpg\",\"width\":770,\"height\":432,\"caption\":\"0710 sattler\"},{\"@type\":\"BreadcrumbList\",\"@id\":\"https:\/\/tuzlainfo.ba\/index.php\/bosna-i-hercegovina\/item\/222095-stigla-ispravka-iz-brisela-delegacija-eu-objasnila-sta-se-mijenja-u-izvjestaju-evropske-komisije\/#breadcrumb\",\"itemListElement\":[{\"@type\":\"ListItem\",\"position\":1,\"name\":\"Home\",\"item\":\"https:\/\/tuzlainfo.ba\/\"},{\"@type\":\"ListItem\",\"position\":2,\"name\":\"Stigla ispravka iz Brisela: Delegacija EU objasnila \u0161ta se mijenja u izvje\u0161taju Evropske komisije\"}]},{\"@type\":\"WebSite\",\"@id\":\"https:\/\/tuzlainfo.ba\/#website\",\"url\":\"https:\/\/tuzlainfo.ba\/\",\"name\":\"TuzlaInfo.ba\",\"description\":\"Tuzla info, gradski informator - Tuzla na dlanu\",\"publisher\":{\"@id\":\"https:\/\/tuzlainfo.ba\/#organization\"},\"potentialAction\":[{\"@type\":\"SearchAction\",\"target\":{\"@type\":\"EntryPoint\",\"urlTemplate\":\"https:\/\/tuzlainfo.ba\/?s={search_term_string}\"},\"query-input\":{\"@type\":\"PropertyValueSpecification\",\"valueRequired\":true,\"valueName\":\"search_term_string\"}}],\"inLanguage\":\"bs-BA\"},{\"@type\":\"Organization\",\"@id\":\"https:\/\/tuzlainfo.ba\/#organization\",\"name\":\"TuzlaInfo.ba\",\"url\":\"https:\/\/tuzlainfo.ba\/\",\"logo\":{\"@type\":\"ImageObject\",\"inLanguage\":\"bs-BA\",\"@id\":\"https:\/\/tuzlainfo.ba\/#\/schema\/logo\/image\/\",\"url\":\"https:\/\/tuzlainfo.ba\/wp-content\/uploads\/2021\/03\/logo-ver-3-1.png\",\"contentUrl\":\"https:\/\/tuzlainfo.ba\/wp-content\/uploads\/2021\/03\/logo-ver-3-1.png\",\"width\":350,\"height\":95,\"caption\":\"TuzlaInfo.ba\"},\"image\":{\"@id\":\"https:\/\/tuzlainfo.ba\/#\/schema\/logo\/image\/\"},\"sameAs\":[\"https:\/\/www.facebook.com\/tuzlainfo.ba\/\"]},{\"@type\":\"Person\",\"@id\":\"https:\/\/tuzlainfo.ba\/#\/schema\/person\/f4ebe4fff27e68efb65fa7e18f8af372\",\"name\":\"admin2\",\"image\":{\"@type\":\"ImageObject\",\"inLanguage\":\"bs-BA\",\"@id\":\"https:\/\/tuzlainfo.ba\/#\/schema\/person\/image\/\",\"url\":\"https:\/\/tuzlainfo.ba\/wp-content\/litespeed\/avatar\/8219eeb9a43cff2d096e773737736f62.jpg?ver=1776704580\",\"contentUrl\":\"https:\/\/tuzlainfo.ba\/wp-content\/litespeed\/avatar\/8219eeb9a43cff2d096e773737736f62.jpg?ver=1776704580\",\"caption\":\"admin2\"},\"description\":\"Tuzlainfo.ba pratite na dru\u0161tvenim mre\u017eama: Facebook, Instagram i Youtube. Svoje pri\u010de, upite i fotografije \u0161aljite na na\u0161u e-mail adresu.\",\"sameAs\":[\"admin\"]}]}<\/script>\n<!-- \/ Yoast SEO plugin. -->","yoast_head_json":{"title":"Stigla ispravka iz Brisela: Delegacija EU objasnila \u0161ta se mijenja u izvje\u0161taju Evropske komisije - TuzlaInfo.ba","robots":{"index":"index","follow":"follow","max-snippet":"max-snippet:-1","max-image-preview":"max-image-preview:large","max-video-preview":"max-video-preview:-1"},"canonical":"https:\/\/tuzlainfo.ba\/index.php\/bosna-i-hercegovina\/item\/222095-stigla-ispravka-iz-brisela-delegacija-eu-objasnila-sta-se-mijenja-u-izvjestaju-evropske-komisije\/","og_locale":"bs_BA","og_type":"article","og_title":"Stigla ispravka iz Brisela: Delegacija EU objasnila \u0161ta se mijenja u izvje\u0161taju Evropske komisije - TuzlaInfo.ba","og_description":"Delegacija Evropske unije u BiH oglasila se nakon nedoumica u vezi Izvje\u0161taja Evropske komisije \u00a0napretku&hellip;","og_url":"https:\/\/tuzlainfo.ba\/index.php\/bosna-i-hercegovina\/item\/222095-stigla-ispravka-iz-brisela-delegacija-eu-objasnila-sta-se-mijenja-u-izvjestaju-evropske-komisije\/","og_site_name":"TuzlaInfo.ba","article_publisher":"https:\/\/www.facebook.com\/tuzlainfo.ba\/","article_published_time":"2023-11-09T15:25:16+00:00","article_modified_time":"2023-11-09T10:51:28+00:00","og_image":[{"width":770,"height":432,"url":"https:\/\/tuzlainfo.ba\/wp-content\/uploads\/2020\/10\/sadrzaj_2020_20201001_0710_sattler.jpg","type":"image\/jpeg"}],"author":"admin2","twitter_card":"summary_large_image","twitter_misc":{"Written by":"admin2","Est. reading time":"1 minuta"},"schema":{"@context":"https:\/\/schema.org","@graph":[{"@type":"Article","@id":"https:\/\/tuzlainfo.ba\/index.php\/bosna-i-hercegovina\/item\/222095-stigla-ispravka-iz-brisela-delegacija-eu-objasnila-sta-se-mijenja-u-izvjestaju-evropske-komisije\/#article","isPartOf":{"@id":"https:\/\/tuzlainfo.ba\/index.php\/bosna-i-hercegovina\/item\/222095-stigla-ispravka-iz-brisela-delegacija-eu-objasnila-sta-se-mijenja-u-izvjestaju-evropske-komisije\/"},"author":{"name":"admin2","@id":"https:\/\/tuzlainfo.ba\/#\/schema\/person\/f4ebe4fff27e68efb65fa7e18f8af372"},"headline":"Stigla ispravka iz Brisela: Delegacija EU objasnila \u0161ta se mijenja u izvje\u0161taju Evropske komisije","datePublished":"2023-11-09T15:25:16+00:00","dateModified":"2023-11-09T10:51:28+00:00","mainEntityOfPage":{"@id":"https:\/\/tuzlainfo.ba\/index.php\/bosna-i-hercegovina\/item\/222095-stigla-ispravka-iz-brisela-delegacija-eu-objasnila-sta-se-mijenja-u-izvjestaju-evropske-komisije\/"},"wordCount":160,"commentCount":0,"publisher":{"@id":"https:\/\/tuzlainfo.ba\/#organization"},"image":{"@id":"https:\/\/tuzlainfo.ba\/index.php\/bosna-i-hercegovina\/item\/222095-stigla-ispravka-iz-brisela-delegacija-eu-objasnila-sta-se-mijenja-u-izvjestaju-evropske-komisije\/#primaryimage"},"thumbnailUrl":"https:\/\/tuzlainfo.ba\/wp-content\/uploads\/2020\/10\/sadrzaj_2020_20201001_0710_sattler.jpg","keywords":["Brisel","delegacija eu"],"articleSection":["Bosna i Hercegovina"],"inLanguage":"bs-BA"},{"@type":"WebPage","@id":"https:\/\/tuzlainfo.ba\/index.php\/bosna-i-hercegovina\/item\/222095-stigla-ispravka-iz-brisela-delegacija-eu-objasnila-sta-se-mijenja-u-izvjestaju-evropske-komisije\/","url":"https:\/\/tuzlainfo.ba\/index.php\/bosna-i-hercegovina\/item\/222095-stigla-ispravka-iz-brisela-delegacija-eu-objasnila-sta-se-mijenja-u-izvjestaju-evropske-komisije\/","name":"Stigla ispravka iz Brisela: Delegacija EU objasnila \u0161ta se mijenja u izvje\u0161taju Evropske komisije - TuzlaInfo.ba","isPartOf":{"@id":"https:\/\/tuzlainfo.ba\/#website"},"primaryImageOfPage":{"@id":"https:\/\/tuzlainfo.ba\/index.php\/bosna-i-hercegovina\/item\/222095-stigla-ispravka-iz-brisela-delegacija-eu-objasnila-sta-se-mijenja-u-izvjestaju-evropske-komisije\/#primaryimage"},"image":{"@id":"https:\/\/tuzlainfo.ba\/index.php\/bosna-i-hercegovina\/item\/222095-stigla-ispravka-iz-brisela-delegacija-eu-objasnila-sta-se-mijenja-u-izvjestaju-evropske-komisije\/#primaryimage"},"thumbnailUrl":"https:\/\/tuzlainfo.ba\/wp-content\/uploads\/2020\/10\/sadrzaj_2020_20201001_0710_sattler.jpg","datePublished":"2023-11-09T15:25:16+00:00","dateModified":"2023-11-09T10:51:28+00:00","breadcrumb":{"@id":"https:\/\/tuzlainfo.ba\/index.php\/bosna-i-hercegovina\/item\/222095-stigla-ispravka-iz-brisela-delegacija-eu-objasnila-sta-se-mijenja-u-izvjestaju-evropske-komisije\/#breadcrumb"},"inLanguage":"bs-BA","potentialAction":[{"@type":"ReadAction","target":["https:\/\/tuzlainfo.ba\/index.php\/bosna-i-hercegovina\/item\/222095-stigla-ispravka-iz-brisela-delegacija-eu-objasnila-sta-se-mijenja-u-izvjestaju-evropske-komisije\/"]}]},{"@type":"ImageObject","inLanguage":"bs-BA","@id":"https:\/\/tuzlainfo.ba\/index.php\/bosna-i-hercegovina\/item\/222095-stigla-ispravka-iz-brisela-delegacija-eu-objasnila-sta-se-mijenja-u-izvjestaju-evropske-komisije\/#primaryimage","url":"https:\/\/tuzlainfo.ba\/wp-content\/uploads\/2020\/10\/sadrzaj_2020_20201001_0710_sattler.jpg","contentUrl":"https:\/\/tuzlainfo.ba\/wp-content\/uploads\/2020\/10\/sadrzaj_2020_20201001_0710_sattler.jpg","width":770,"height":432,"caption":"0710 sattler"},{"@type":"BreadcrumbList","@id":"https:\/\/tuzlainfo.ba\/index.php\/bosna-i-hercegovina\/item\/222095-stigla-ispravka-iz-brisela-delegacija-eu-objasnila-sta-se-mijenja-u-izvjestaju-evropske-komisije\/#breadcrumb","itemListElement":[{"@type":"ListItem","position":1,"name":"Home","item":"https:\/\/tuzlainfo.ba\/"},{"@type":"ListItem","position":2,"name":"Stigla ispravka iz Brisela: Delegacija EU objasnila \u0161ta se mijenja u izvje\u0161taju Evropske komisije"}]},{"@type":"WebSite","@id":"https:\/\/tuzlainfo.ba\/#website","url":"https:\/\/tuzlainfo.ba\/","name":"TuzlaInfo.ba","description":"Tuzla info, gradski informator - Tuzla na dlanu","publisher":{"@id":"https:\/\/tuzlainfo.ba\/#organization"},"potentialAction":[{"@type":"SearchAction","target":{"@type":"EntryPoint","urlTemplate":"https:\/\/tuzlainfo.ba\/?s={search_term_string}"},"query-input":{"@type":"PropertyValueSpecification","valueRequired":true,"valueName":"search_term_string"}}],"inLanguage":"bs-BA"},{"@type":"Organization","@id":"https:\/\/tuzlainfo.ba\/#organization","name":"TuzlaInfo.ba","url":"https:\/\/tuzlainfo.ba\/","logo":{"@type":"ImageObject","inLanguage":"bs-BA","@id":"https:\/\/tuzlainfo.ba\/#\/schema\/logo\/image\/","url":"https:\/\/tuzlainfo.ba\/wp-content\/uploads\/2021\/03\/logo-ver-3-1.png","contentUrl":"https:\/\/tuzlainfo.ba\/wp-content\/uploads\/2021\/03\/logo-ver-3-1.png","width":350,"height":95,"caption":"TuzlaInfo.ba"},"image":{"@id":"https:\/\/tuzlainfo.ba\/#\/schema\/logo\/image\/"},"sameAs":["https:\/\/www.facebook.com\/tuzlainfo.ba\/"]},{"@type":"Person","@id":"https:\/\/tuzlainfo.ba\/#\/schema\/person\/f4ebe4fff27e68efb65fa7e18f8af372","name":"admin2","image":{"@type":"ImageObject","inLanguage":"bs-BA","@id":"https:\/\/tuzlainfo.ba\/#\/schema\/person\/image\/","url":"https:\/\/tuzlainfo.ba\/wp-content\/litespeed\/avatar\/8219eeb9a43cff2d096e773737736f62.jpg?ver=1776704580","contentUrl":"https:\/\/tuzlainfo.ba\/wp-content\/litespeed\/avatar\/8219eeb9a43cff2d096e773737736f62.jpg?ver=1776704580","caption":"admin2"},"description":"Tuzlainfo.ba pratite na dru\u0161tvenim mre\u017eama: Facebook, Instagram i Youtube. Svoje pri\u010de, upite i fotografije \u0161aljite na na\u0161u e-mail adresu.","sameAs":["admin"]}]}},"_links":{"self":[{"href":"https:\/\/tuzlainfo.ba\/index.php\/wp-json\/wp\/v2\/posts\/222095"}],"collection":[{"href":"https:\/\/tuzlainfo.ba\/index.php\/wp-json\/wp\/v2\/posts"}],"about":[{"href":"https:\/\/tuzlainfo.ba\/index.php\/wp-json\/wp\/v2\/types\/post"}],"author":[{"embeddable":true,"href":"https:\/\/tuzlainfo.ba\/index.php\/wp-json\/wp\/v2\/users\/3"}],"replies":[{"embeddable":true,"href":"https:\/\/tuzlainfo.ba\/index.php\/wp-json\/wp\/v2\/comments?post=222095"}],"version-history":[{"count":1,"href":"https:\/\/tuzlainfo.ba\/index.php\/wp-json\/wp\/v2\/posts\/222095\/revisions"}],"predecessor-version":[{"id":222096,"href":"https:\/\/tuzlainfo.ba\/index.php\/wp-json\/wp\/v2\/posts\/222095\/revisions\/222096"}],"wp:featuredmedia":[{"embeddable":true,"href":"https:\/\/tuzlainfo.ba\/index.php\/wp-json\/wp\/v2\/media\/83199"}],"wp:attachment":[{"href":"https:\/\/tuzlainfo.ba\/index.php\/wp-json\/wp\/v2\/media?parent=222095"}],"wp:term":[{"taxonomy":"category","embeddable":true,"href":"https:\/\/tuzlainfo.ba\/index.php\/wp-json\/wp\/v2\/categories?post=222095"},{"taxonomy":"post_tag","embeddable":true,"href":"https:\/\/tuzlainfo.ba\/index.php\/wp-json\/wp\/v2\/tags?post=222095"}],"curies":[{"name":"wp","href":"https:\/\/api.w.org\/{rel}","templated":true}]}}