{"id":222055,"date":"2023-11-09T11:48:39","date_gmt":"2023-11-09T10:48:39","guid":{"rendered":"https:\/\/tuzlainfo.ba\/?p=222055"},"modified":"2023-11-09T11:49:29","modified_gmt":"2023-11-09T10:49:29","slug":"nub-dervis-susic-tuzla-promovisano-27-izdanje-casopisa-bosniaca","status":"publish","type":"post","link":"https:\/\/tuzlainfo.ba\/index.php\/novosti\/item\/222055-nub-dervis-susic-tuzla-promovisano-27-izdanje-casopisa-bosniaca\/","title":{"rendered":"NUB &#8220;Dervi\u0161 Su\u0161i\u0107&#8221; Tuzla: Promovisano 27. izdanje \u010dasopisa &#8220;Bosniaca&#8221;"},"content":{"rendered":"<p>Narodna i univerzitetska biblioteka \u201eDervi\u0161 Su\u0161i\u0107\u201c Tuzla, u okviru obilje\u017eavanja \u201eMjeseca knjige\u201c, organizirala je i aktivnosti posve\u0107ene bibliotekarima i stru\u010dnom usavr\u0161avanju u ovoj oblasti. Tim povodom, u slu\u017ebenoj i radnoj posjeti Tuzlanskoj biblioteci bili su predstavnici Nacionalne biblioteke Bosne i Hercegovine, direktor dr. Ismet Ov\u010dina, mr. Adisa \u017dero i mr. Azra Smaji\u0107 Ga\u010devi\u0107.<\/p>\n<p>U ponedjeljak, 6. novembra 2023. godine, odr\u017eana je promocija 27. broja \u010dasopisa \u201eBosniaca\u201c, koji izdaje Nacionalna i univerzitetska biblioteka Bosne i Hercegovine. Direktor dr. Ov\u010dina, kao glavni i odgovorni urednik \u010dasopisa, osvrnuo se na same po\u010detke i razloge pokretanja \u010dasopisa, koji se ve\u017eu za spaljivanje Nacionalne i univerzitetske biblioteke Bosne i Hercegovine 25.\/26. avgusta 1992. godine:<\/p>\n<p>Potreba da se akademskoj, stru\u010dnoj i \u0161iroj zajednici, znanstveno utemeljenim argumentima, objasne dru\u0161tvena de\u0161avanja uni\u0161tenja institucije od dr\u017eavnog i kulturno-nacionalnog zna\u010daja, zatim spaljivanja ogromnog i izuzetno vrijednog fonda i pisanog blaga, te, shodno tome, i oslabljivanja velikog dijela bibliote\u010dke i ba\u0161tinske djelanosti, dovela je do nastanaka i profiliranja \u010dasopisa \u201eBosniaca\u201c, rekao je dr. Ov\u010dina.<\/p>\n<p>\u201eBosniaca\u201c izlazi i u \u0161tampanoj i u online verziji, te prati savremene intelektualne i znanstvene tokove i standarde, i na znanstvenim i stru\u010dnim temeljima i pretpostavkama, kontinuirano promovira informaciono-bibliote\u010dku djelatnost, \u010dime direktno oblikuje i unapre\u0111uje bibliote\u010dko stanje i svijest unutar bosanskohercegova\u010dke, ali i regionalne zajednice.<\/p>\n<p>O<\/p>\n<div>va\u017enosti i uticaju ovog \u010dasopisa, govorila je i njegova urednica, mr. Adisa \u017dero, naglasiv\u0161i da je na\u00a0citiranost radova objavljenih u njemu posebno uticala odluka da \u010dasopis izlazi dvojezi\u010dno.<\/div>\n<ul>\n<li>\n<div>&#8211; \u010casopis je indeksiran u brojnim me\u0111unarodnim bazama podataka, kao \u0161to su Web of Science, EBSCO, ERIH PLUS, ROAD, DOAJ, Ici Journals Master List i druge, a najnovija vijest kojom se posebno ponosimo je da smo upravo uvr\u0161teni u bazu Scopus. Evaulacijski tim Scopusa je zaklju\u010dio da \u010dlanci, posebno u novijim brojevima, obuhvataju aktualne trendove u bibliote\u010dkoj i\/ili informacijskoj nauci, uklju\u010duju\u0107i otvoreni pristup, analizu utjecaja istra\u017eivanja, digitalizaciju i o\u010duvanje, nau\u010dnu komunikaciju itd., \u0161to njegov sadr\u017eaj \u010dini me\u0111unarodno relevantnim. Ovo je i zna\u010dajan korak u daljnjem razvitku \u010dasopisa Bosniaca i veliko priznanje uredni\u0161tvu Nacionalne i univerzitetske biblioteke Bosne i Hercegovine i akademskoj zajednici BiH u dosada\u0161njem radu, rekla je u svom izlaganju mr. \u017dero.<\/div>\n<\/li>\n<\/ul>\n<p>U razgovoru sa vr\u0161iocem du\u017enosti direktora NUB \u201eDervi\u0161 Su\u0161i\u0107\u201c Tuzla, Sanjom Duki\u0107, predstavnici NUB BiH su analizirali stanje u bibliote\u010dkoj djelatnosti, izazove koji su pred savremenim bibliotekama i okolnosti u kojima se nalaze biblioteke u Bosni i Hercegovini. Ovom posjetom je pru\u017eena podr\u0161ka Nacionalne biblioteke Bosne i Hercegovine Narodnoj i univerzitetskoj biblioteci \u201eDervi\u0161 Su\u0161i\u0107\u201c Tuzla u daljnjem radu i stvoreni su preduslovi za aktivniju me\u0111usobnu saradnju.<\/p>\n<p>U utorak, 7. novembra 2023. godine, odr\u017eano je predavanje za bibliotekare \u201eTrenutno stanje u COBISS sistemu i iskustva iz prakse\u201c, na kojem je mr. Azra Smaji\u0107 Ga\u010devi\u0107, ispred Virtualne biblioteke Bosne i Hercegovine, pregledom postignu\u0107a \u010dlanica COBISS sistema u Bosni i Hercegovini, iznijela sve mogu\u0107nosti koje on nudi. COBISS sistem (kooperativni online bibliografski sistem i servis) je proizvod Instituta informacijskih znanosti \u201cIZUM\u201d iz Slovenije i predstavlja organizacioni model koji se koristi za povezivanje biblioteka u jedinstven bibliote\u010dko-informacioni sistem sa uzajamnom katalogizacijom, te ima mnoge funkcije virtualne biblioteke \u0161to predstavlja i sam vid poslovanja svake biblioteke danas.<\/p>\n<p>Bilo je prilike da se govori i o brojnim pote\u0161ko\u0107ama i problemima u kojima se pojedine biblioteke nalaze, \u0161to je opet pokazatelj da se rje\u0161enje nalazi u ve\u0107oj saradnji izme\u0111u biblioteka, intenzivnijoj komunikaciji izme\u0111u bibliotekara i uvezivanju u jedinstven bibliote\u010dko-informacioni sistem.<\/p>\n<p>Samo zajedno, oslanjaju\u0107i se jedni na druge, mo\u017eemo mijenjati svijest o va\u017enosti biblioteka, kako me\u0111u potencijalnim korisnicima, tako i me\u0111u samim bibliotekarima. Na taj na\u010din \u0107emo stvoriti preduslove da ponudimo korisnicima usluge koje su u opisu poslova savremene biblioteke, rekla je vr\u0161ilac du\u017enosti direktora NUB \u201eDervi\u0161 Su\u0161i\u0107\u201c Tuzla, Sanja Duki\u0107.<\/p>\n<p>Na kraju ove uspje\u0161ne posjete, Sanja Duki\u0107 se zahvalila direktoru dr. Ov\u010dini i predstavnicima Nacionalne i univerzitetske biblioteke Bosne i Hercegovine na podr\u0161ci i saradnji, jer su ovakve aktivnosti poticajne za ciljeve koji su zajedni\u010dki svim na\u0161im bibliotekama.<\/p>\n<p>&nbsp;<\/p>\n","protected":false},"excerpt":{"rendered":"<p>Narodna i univerzitetska biblioteka \u201eDervi\u0161 Su\u0161i\u0107\u201c Tuzla, u okviru obilje\u017eavanja \u201eMjeseca knjige\u201c, organizirala je i&hellip;<\/p>\n","protected":false},"author":4,"featured_media":222058,"comment_status":"open","ping_status":"closed","sticky":false,"template":"","format":"standard","meta":{"_acf_changed":false,"footnotes":""},"categories":[12],"tags":[1705,42],"acf":[],"yoast_head":"<!-- This site is optimized with the Yoast SEO plugin v23.5 - https:\/\/yoast.com\/wordpress\/plugins\/seo\/ -->\n<title>NUB &quot;Dervi\u0161 Su\u0161i\u0107&quot; Tuzla: Promovisano 27. izdanje \u010dasopisa &quot;Bosniaca&quot; - TuzlaInfo.ba<\/title>\n<meta name=\"robots\" content=\"index, follow, max-snippet:-1, max-image-preview:large, max-video-preview:-1\" \/>\n<link rel=\"canonical\" href=\"https:\/\/tuzlainfo.ba\/index.php\/novosti\/item\/222055-nub-dervis-susic-tuzla-promovisano-27-izdanje-casopisa-bosniaca\/\" \/>\n<meta property=\"og:locale\" content=\"bs_BA\" \/>\n<meta property=\"og:type\" content=\"article\" \/>\n<meta property=\"og:title\" content=\"NUB &quot;Dervi\u0161 Su\u0161i\u0107&quot; Tuzla: Promovisano 27. izdanje \u010dasopisa &quot;Bosniaca&quot; - TuzlaInfo.ba\" \/>\n<meta property=\"og:description\" content=\"Narodna i univerzitetska biblioteka \u201eDervi\u0161 Su\u0161i\u0107\u201c Tuzla, u okviru obilje\u017eavanja \u201eMjeseca knjige\u201c, organizirala je i&hellip;\" \/>\n<meta property=\"og:url\" content=\"https:\/\/tuzlainfo.ba\/index.php\/novosti\/item\/222055-nub-dervis-susic-tuzla-promovisano-27-izdanje-casopisa-bosniaca\/\" \/>\n<meta property=\"og:site_name\" content=\"TuzlaInfo.ba\" \/>\n<meta property=\"article:publisher\" content=\"https:\/\/www.facebook.com\/tuzlainfo.ba\/\" \/>\n<meta property=\"article:published_time\" content=\"2023-11-09T10:48:39+00:00\" \/>\n<meta property=\"article:modified_time\" content=\"2023-11-09T10:49:29+00:00\" \/>\n<meta property=\"og:image\" content=\"https:\/\/tuzlainfo.ba\/wp-content\/uploads\/2023\/11\/inbound1123108326502259905.jpg\" \/>\n\t<meta property=\"og:image:width\" content=\"2346\" \/>\n\t<meta property=\"og:image:height\" content=\"1296\" \/>\n\t<meta property=\"og:image:type\" content=\"image\/jpeg\" \/>\n<meta name=\"author\" content=\"Tuzla Info\" \/>\n<meta name=\"twitter:card\" content=\"summary_large_image\" \/>\n<meta name=\"twitter:label1\" content=\"Written by\" \/>\n\t<meta name=\"twitter:data1\" content=\"Tuzla Info\" \/>\n\t<meta name=\"twitter:label2\" content=\"Est. reading time\" \/>\n\t<meta name=\"twitter:data2\" content=\"4 minute\" \/>\n<script type=\"application\/ld+json\" class=\"yoast-schema-graph\">{\"@context\":\"https:\/\/schema.org\",\"@graph\":[{\"@type\":\"Article\",\"@id\":\"https:\/\/tuzlainfo.ba\/index.php\/novosti\/item\/222055-nub-dervis-susic-tuzla-promovisano-27-izdanje-casopisa-bosniaca\/#article\",\"isPartOf\":{\"@id\":\"https:\/\/tuzlainfo.ba\/index.php\/novosti\/item\/222055-nub-dervis-susic-tuzla-promovisano-27-izdanje-casopisa-bosniaca\/\"},\"author\":{\"name\":\"Tuzla Info\",\"@id\":\"https:\/\/tuzlainfo.ba\/#\/schema\/person\/46cad4c57790cbc50781edd14870825a\"},\"headline\":\"NUB &#8220;Dervi\u0161 Su\u0161i\u0107&#8221; Tuzla: Promovisano 27. izdanje \u010dasopisa &#8220;Bosniaca&#8221;\",\"datePublished\":\"2023-11-09T10:48:39+00:00\",\"dateModified\":\"2023-11-09T10:49:29+00:00\",\"mainEntityOfPage\":{\"@id\":\"https:\/\/tuzlainfo.ba\/index.php\/novosti\/item\/222055-nub-dervis-susic-tuzla-promovisano-27-izdanje-casopisa-bosniaca\/\"},\"wordCount\":723,\"commentCount\":0,\"publisher\":{\"@id\":\"https:\/\/tuzlainfo.ba\/#organization\"},\"image\":{\"@id\":\"https:\/\/tuzlainfo.ba\/index.php\/novosti\/item\/222055-nub-dervis-susic-tuzla-promovisano-27-izdanje-casopisa-bosniaca\/#primaryimage\"},\"thumbnailUrl\":\"https:\/\/tuzlainfo.ba\/wp-content\/uploads\/2023\/11\/inbound1123108326502259905.jpg\",\"keywords\":[\"nub dervi\u0161 su\u0161i\u0107\",\"tuzla\"],\"articleSection\":[\"Novosti\"],\"inLanguage\":\"bs-BA\"},{\"@type\":\"WebPage\",\"@id\":\"https:\/\/tuzlainfo.ba\/index.php\/novosti\/item\/222055-nub-dervis-susic-tuzla-promovisano-27-izdanje-casopisa-bosniaca\/\",\"url\":\"https:\/\/tuzlainfo.ba\/index.php\/novosti\/item\/222055-nub-dervis-susic-tuzla-promovisano-27-izdanje-casopisa-bosniaca\/\",\"name\":\"NUB \\\"Dervi\u0161 Su\u0161i\u0107\\\" Tuzla: Promovisano 27. izdanje \u010dasopisa \\\"Bosniaca\\\" - TuzlaInfo.ba\",\"isPartOf\":{\"@id\":\"https:\/\/tuzlainfo.ba\/#website\"},\"primaryImageOfPage\":{\"@id\":\"https:\/\/tuzlainfo.ba\/index.php\/novosti\/item\/222055-nub-dervis-susic-tuzla-promovisano-27-izdanje-casopisa-bosniaca\/#primaryimage\"},\"image\":{\"@id\":\"https:\/\/tuzlainfo.ba\/index.php\/novosti\/item\/222055-nub-dervis-susic-tuzla-promovisano-27-izdanje-casopisa-bosniaca\/#primaryimage\"},\"thumbnailUrl\":\"https:\/\/tuzlainfo.ba\/wp-content\/uploads\/2023\/11\/inbound1123108326502259905.jpg\",\"datePublished\":\"2023-11-09T10:48:39+00:00\",\"dateModified\":\"2023-11-09T10:49:29+00:00\",\"breadcrumb\":{\"@id\":\"https:\/\/tuzlainfo.ba\/index.php\/novosti\/item\/222055-nub-dervis-susic-tuzla-promovisano-27-izdanje-casopisa-bosniaca\/#breadcrumb\"},\"inLanguage\":\"bs-BA\",\"potentialAction\":[{\"@type\":\"ReadAction\",\"target\":[\"https:\/\/tuzlainfo.ba\/index.php\/novosti\/item\/222055-nub-dervis-susic-tuzla-promovisano-27-izdanje-casopisa-bosniaca\/\"]}]},{\"@type\":\"ImageObject\",\"inLanguage\":\"bs-BA\",\"@id\":\"https:\/\/tuzlainfo.ba\/index.php\/novosti\/item\/222055-nub-dervis-susic-tuzla-promovisano-27-izdanje-casopisa-bosniaca\/#primaryimage\",\"url\":\"https:\/\/tuzlainfo.ba\/wp-content\/uploads\/2023\/11\/inbound1123108326502259905.jpg\",\"contentUrl\":\"https:\/\/tuzlainfo.ba\/wp-content\/uploads\/2023\/11\/inbound1123108326502259905.jpg\",\"width\":2346,\"height\":1296},{\"@type\":\"BreadcrumbList\",\"@id\":\"https:\/\/tuzlainfo.ba\/index.php\/novosti\/item\/222055-nub-dervis-susic-tuzla-promovisano-27-izdanje-casopisa-bosniaca\/#breadcrumb\",\"itemListElement\":[{\"@type\":\"ListItem\",\"position\":1,\"name\":\"Home\",\"item\":\"https:\/\/tuzlainfo.ba\/\"},{\"@type\":\"ListItem\",\"position\":2,\"name\":\"NUB &#8220;Dervi\u0161 Su\u0161i\u0107&#8221; Tuzla: Promovisano 27. izdanje \u010dasopisa &#8220;Bosniaca&#8221;\"}]},{\"@type\":\"WebSite\",\"@id\":\"https:\/\/tuzlainfo.ba\/#website\",\"url\":\"https:\/\/tuzlainfo.ba\/\",\"name\":\"TuzlaInfo.ba\",\"description\":\"Tuzla info, gradski informator - Tuzla na dlanu\",\"publisher\":{\"@id\":\"https:\/\/tuzlainfo.ba\/#organization\"},\"potentialAction\":[{\"@type\":\"SearchAction\",\"target\":{\"@type\":\"EntryPoint\",\"urlTemplate\":\"https:\/\/tuzlainfo.ba\/?s={search_term_string}\"},\"query-input\":{\"@type\":\"PropertyValueSpecification\",\"valueRequired\":true,\"valueName\":\"search_term_string\"}}],\"inLanguage\":\"bs-BA\"},{\"@type\":\"Organization\",\"@id\":\"https:\/\/tuzlainfo.ba\/#organization\",\"name\":\"TuzlaInfo.ba\",\"url\":\"https:\/\/tuzlainfo.ba\/\",\"logo\":{\"@type\":\"ImageObject\",\"inLanguage\":\"bs-BA\",\"@id\":\"https:\/\/tuzlainfo.ba\/#\/schema\/logo\/image\/\",\"url\":\"https:\/\/tuzlainfo.ba\/wp-content\/uploads\/2021\/03\/logo-ver-3-1.png\",\"contentUrl\":\"https:\/\/tuzlainfo.ba\/wp-content\/uploads\/2021\/03\/logo-ver-3-1.png\",\"width\":350,\"height\":95,\"caption\":\"TuzlaInfo.ba\"},\"image\":{\"@id\":\"https:\/\/tuzlainfo.ba\/#\/schema\/logo\/image\/\"},\"sameAs\":[\"https:\/\/www.facebook.com\/tuzlainfo.ba\/\"]},{\"@type\":\"Person\",\"@id\":\"https:\/\/tuzlainfo.ba\/#\/schema\/person\/46cad4c57790cbc50781edd14870825a\",\"name\":\"Tuzla Info\",\"image\":{\"@type\":\"ImageObject\",\"inLanguage\":\"bs-BA\",\"@id\":\"https:\/\/tuzlainfo.ba\/#\/schema\/person\/image\/\",\"url\":\"https:\/\/tuzlainfo.ba\/wp-content\/litespeed\/avatar\/b6c453a6c38e3654f2e4416c643fc25c.jpg?ver=1777051911\",\"contentUrl\":\"https:\/\/tuzlainfo.ba\/wp-content\/litespeed\/avatar\/b6c453a6c38e3654f2e4416c643fc25c.jpg?ver=1777051911\",\"caption\":\"Tuzla Info\"}}]}<\/script>\n<!-- \/ Yoast SEO plugin. -->","yoast_head_json":{"title":"NUB \"Dervi\u0161 Su\u0161i\u0107\" Tuzla: Promovisano 27. izdanje \u010dasopisa \"Bosniaca\" - TuzlaInfo.ba","robots":{"index":"index","follow":"follow","max-snippet":"max-snippet:-1","max-image-preview":"max-image-preview:large","max-video-preview":"max-video-preview:-1"},"canonical":"https:\/\/tuzlainfo.ba\/index.php\/novosti\/item\/222055-nub-dervis-susic-tuzla-promovisano-27-izdanje-casopisa-bosniaca\/","og_locale":"bs_BA","og_type":"article","og_title":"NUB \"Dervi\u0161 Su\u0161i\u0107\" Tuzla: Promovisano 27. izdanje \u010dasopisa \"Bosniaca\" - TuzlaInfo.ba","og_description":"Narodna i univerzitetska biblioteka \u201eDervi\u0161 Su\u0161i\u0107\u201c Tuzla, u okviru obilje\u017eavanja \u201eMjeseca knjige\u201c, organizirala je i&hellip;","og_url":"https:\/\/tuzlainfo.ba\/index.php\/novosti\/item\/222055-nub-dervis-susic-tuzla-promovisano-27-izdanje-casopisa-bosniaca\/","og_site_name":"TuzlaInfo.ba","article_publisher":"https:\/\/www.facebook.com\/tuzlainfo.ba\/","article_published_time":"2023-11-09T10:48:39+00:00","article_modified_time":"2023-11-09T10:49:29+00:00","og_image":[{"width":2346,"height":1296,"url":"https:\/\/tuzlainfo.ba\/wp-content\/uploads\/2023\/11\/inbound1123108326502259905.jpg","type":"image\/jpeg"}],"author":"Tuzla Info","twitter_card":"summary_large_image","twitter_misc":{"Written by":"Tuzla Info","Est. reading time":"4 minute"},"schema":{"@context":"https:\/\/schema.org","@graph":[{"@type":"Article","@id":"https:\/\/tuzlainfo.ba\/index.php\/novosti\/item\/222055-nub-dervis-susic-tuzla-promovisano-27-izdanje-casopisa-bosniaca\/#article","isPartOf":{"@id":"https:\/\/tuzlainfo.ba\/index.php\/novosti\/item\/222055-nub-dervis-susic-tuzla-promovisano-27-izdanje-casopisa-bosniaca\/"},"author":{"name":"Tuzla Info","@id":"https:\/\/tuzlainfo.ba\/#\/schema\/person\/46cad4c57790cbc50781edd14870825a"},"headline":"NUB &#8220;Dervi\u0161 Su\u0161i\u0107&#8221; Tuzla: Promovisano 27. izdanje \u010dasopisa &#8220;Bosniaca&#8221;","datePublished":"2023-11-09T10:48:39+00:00","dateModified":"2023-11-09T10:49:29+00:00","mainEntityOfPage":{"@id":"https:\/\/tuzlainfo.ba\/index.php\/novosti\/item\/222055-nub-dervis-susic-tuzla-promovisano-27-izdanje-casopisa-bosniaca\/"},"wordCount":723,"commentCount":0,"publisher":{"@id":"https:\/\/tuzlainfo.ba\/#organization"},"image":{"@id":"https:\/\/tuzlainfo.ba\/index.php\/novosti\/item\/222055-nub-dervis-susic-tuzla-promovisano-27-izdanje-casopisa-bosniaca\/#primaryimage"},"thumbnailUrl":"https:\/\/tuzlainfo.ba\/wp-content\/uploads\/2023\/11\/inbound1123108326502259905.jpg","keywords":["nub dervi\u0161 su\u0161i\u0107","tuzla"],"articleSection":["Novosti"],"inLanguage":"bs-BA"},{"@type":"WebPage","@id":"https:\/\/tuzlainfo.ba\/index.php\/novosti\/item\/222055-nub-dervis-susic-tuzla-promovisano-27-izdanje-casopisa-bosniaca\/","url":"https:\/\/tuzlainfo.ba\/index.php\/novosti\/item\/222055-nub-dervis-susic-tuzla-promovisano-27-izdanje-casopisa-bosniaca\/","name":"NUB \"Dervi\u0161 Su\u0161i\u0107\" Tuzla: Promovisano 27. izdanje \u010dasopisa \"Bosniaca\" - TuzlaInfo.ba","isPartOf":{"@id":"https:\/\/tuzlainfo.ba\/#website"},"primaryImageOfPage":{"@id":"https:\/\/tuzlainfo.ba\/index.php\/novosti\/item\/222055-nub-dervis-susic-tuzla-promovisano-27-izdanje-casopisa-bosniaca\/#primaryimage"},"image":{"@id":"https:\/\/tuzlainfo.ba\/index.php\/novosti\/item\/222055-nub-dervis-susic-tuzla-promovisano-27-izdanje-casopisa-bosniaca\/#primaryimage"},"thumbnailUrl":"https:\/\/tuzlainfo.ba\/wp-content\/uploads\/2023\/11\/inbound1123108326502259905.jpg","datePublished":"2023-11-09T10:48:39+00:00","dateModified":"2023-11-09T10:49:29+00:00","breadcrumb":{"@id":"https:\/\/tuzlainfo.ba\/index.php\/novosti\/item\/222055-nub-dervis-susic-tuzla-promovisano-27-izdanje-casopisa-bosniaca\/#breadcrumb"},"inLanguage":"bs-BA","potentialAction":[{"@type":"ReadAction","target":["https:\/\/tuzlainfo.ba\/index.php\/novosti\/item\/222055-nub-dervis-susic-tuzla-promovisano-27-izdanje-casopisa-bosniaca\/"]}]},{"@type":"ImageObject","inLanguage":"bs-BA","@id":"https:\/\/tuzlainfo.ba\/index.php\/novosti\/item\/222055-nub-dervis-susic-tuzla-promovisano-27-izdanje-casopisa-bosniaca\/#primaryimage","url":"https:\/\/tuzlainfo.ba\/wp-content\/uploads\/2023\/11\/inbound1123108326502259905.jpg","contentUrl":"https:\/\/tuzlainfo.ba\/wp-content\/uploads\/2023\/11\/inbound1123108326502259905.jpg","width":2346,"height":1296},{"@type":"BreadcrumbList","@id":"https:\/\/tuzlainfo.ba\/index.php\/novosti\/item\/222055-nub-dervis-susic-tuzla-promovisano-27-izdanje-casopisa-bosniaca\/#breadcrumb","itemListElement":[{"@type":"ListItem","position":1,"name":"Home","item":"https:\/\/tuzlainfo.ba\/"},{"@type":"ListItem","position":2,"name":"NUB &#8220;Dervi\u0161 Su\u0161i\u0107&#8221; Tuzla: Promovisano 27. izdanje \u010dasopisa &#8220;Bosniaca&#8221;"}]},{"@type":"WebSite","@id":"https:\/\/tuzlainfo.ba\/#website","url":"https:\/\/tuzlainfo.ba\/","name":"TuzlaInfo.ba","description":"Tuzla info, gradski informator - Tuzla na dlanu","publisher":{"@id":"https:\/\/tuzlainfo.ba\/#organization"},"potentialAction":[{"@type":"SearchAction","target":{"@type":"EntryPoint","urlTemplate":"https:\/\/tuzlainfo.ba\/?s={search_term_string}"},"query-input":{"@type":"PropertyValueSpecification","valueRequired":true,"valueName":"search_term_string"}}],"inLanguage":"bs-BA"},{"@type":"Organization","@id":"https:\/\/tuzlainfo.ba\/#organization","name":"TuzlaInfo.ba","url":"https:\/\/tuzlainfo.ba\/","logo":{"@type":"ImageObject","inLanguage":"bs-BA","@id":"https:\/\/tuzlainfo.ba\/#\/schema\/logo\/image\/","url":"https:\/\/tuzlainfo.ba\/wp-content\/uploads\/2021\/03\/logo-ver-3-1.png","contentUrl":"https:\/\/tuzlainfo.ba\/wp-content\/uploads\/2021\/03\/logo-ver-3-1.png","width":350,"height":95,"caption":"TuzlaInfo.ba"},"image":{"@id":"https:\/\/tuzlainfo.ba\/#\/schema\/logo\/image\/"},"sameAs":["https:\/\/www.facebook.com\/tuzlainfo.ba\/"]},{"@type":"Person","@id":"https:\/\/tuzlainfo.ba\/#\/schema\/person\/46cad4c57790cbc50781edd14870825a","name":"Tuzla Info","image":{"@type":"ImageObject","inLanguage":"bs-BA","@id":"https:\/\/tuzlainfo.ba\/#\/schema\/person\/image\/","url":"https:\/\/tuzlainfo.ba\/wp-content\/litespeed\/avatar\/b6c453a6c38e3654f2e4416c643fc25c.jpg?ver=1777051911","contentUrl":"https:\/\/tuzlainfo.ba\/wp-content\/litespeed\/avatar\/b6c453a6c38e3654f2e4416c643fc25c.jpg?ver=1777051911","caption":"Tuzla Info"}}]}},"_links":{"self":[{"href":"https:\/\/tuzlainfo.ba\/index.php\/wp-json\/wp\/v2\/posts\/222055"}],"collection":[{"href":"https:\/\/tuzlainfo.ba\/index.php\/wp-json\/wp\/v2\/posts"}],"about":[{"href":"https:\/\/tuzlainfo.ba\/index.php\/wp-json\/wp\/v2\/types\/post"}],"author":[{"embeddable":true,"href":"https:\/\/tuzlainfo.ba\/index.php\/wp-json\/wp\/v2\/users\/4"}],"replies":[{"embeddable":true,"href":"https:\/\/tuzlainfo.ba\/index.php\/wp-json\/wp\/v2\/comments?post=222055"}],"version-history":[{"count":1,"href":"https:\/\/tuzlainfo.ba\/index.php\/wp-json\/wp\/v2\/posts\/222055\/revisions"}],"predecessor-version":[{"id":222059,"href":"https:\/\/tuzlainfo.ba\/index.php\/wp-json\/wp\/v2\/posts\/222055\/revisions\/222059"}],"wp:featuredmedia":[{"embeddable":true,"href":"https:\/\/tuzlainfo.ba\/index.php\/wp-json\/wp\/v2\/media\/222058"}],"wp:attachment":[{"href":"https:\/\/tuzlainfo.ba\/index.php\/wp-json\/wp\/v2\/media?parent=222055"}],"wp:term":[{"taxonomy":"category","embeddable":true,"href":"https:\/\/tuzlainfo.ba\/index.php\/wp-json\/wp\/v2\/categories?post=222055"},{"taxonomy":"post_tag","embeddable":true,"href":"https:\/\/tuzlainfo.ba\/index.php\/wp-json\/wp\/v2\/tags?post=222055"}],"curies":[{"name":"wp","href":"https:\/\/api.w.org\/{rel}","templated":true}]}}