{"id":222043,"date":"2023-11-08T22:05:02","date_gmt":"2023-11-08T21:05:02","guid":{"rendered":"https:\/\/tuzlainfo.ba\/?p=222043"},"modified":"2023-11-09T07:29:45","modified_gmt":"2023-11-09T06:29:45","slug":"njemacka-zeli-novu-radnu-snagu-iz-bih-od-2024-dodatno-olaksan-dolazak","status":"publish","type":"post","link":"https:\/\/tuzlainfo.ba\/index.php\/bosna-i-hercegovina\/item\/222043-njemacka-zeli-novu-radnu-snagu-iz-bih-od-2024-dodatno-olaksan-dolazak\/","title":{"rendered":"Njema\u010dka \u017eeli novu radnu snagu iz BiH, od 2024. dodatno olak\u0161an dolazak"},"content":{"rendered":"<p>Migrantska kriza prouzro\u010dila je probleme u brojnim europskim dr\u017eavama, no ni jedna zemlja nije se tako opekla kao Njema\u010dka. Godine 2015. Angela Merkel, tada\u0161nja kancelarka, o\u010dekivala je jeftinu radnu snagu, pa je &#8220;usisala&#8221; milijun migranata, a poruke dobrodo\u0161lice bile su na svakom koraku, pi\u0161e\u00a0<a href=\"https:\/\/www.vecernji.ba\/vijesti\/njemacka-zeli-radnike-iz-bih-od-2024-dodatno-ce-im-olaksati-dolazak-1722336\"><strong>Ve\u010dernji list BiH<\/strong><\/a>.<\/p>\n<p>Namjere su mo\u017eda bile dobre, a to je da se nastavi rast njema\u010dkog gospodarstva. Me\u0111utim, dogodio se obrat. Njema\u010dka je, umjesto radnika, dobila socijalne slu\u010dajeve, \u010dast izuzecima.<\/p>\n<p><strong>Zemlja u krizi<\/strong><\/p>\n<p>Danas je ova zemlja u recesiji, neformalnoj barem, a sve je vi\u0161e onih koji tra\u017ee da se prestane financirati migrante koji ne \u017eele raditi. O\u0161tro upozorenje najja\u010doj europskoj gospodarskoj sili uputio je i austrijski ministar vanjskih poslova Alexander Schallenberg.<\/p>\n<p>&#8211; Neka Njema\u010dka kona\u010dno razgovara o mjerama protiv ilegalne migracije. Jedna stvar je jasna, migracijski pritisak ne\u0107e se smanjiti u idu\u0107ih nekoliko godina &#8211; istaknuo je Schallenberg.<\/p>\n<p>Njema\u010dki kancelar Olaf Scholz, svjestan da mu je ugro\u017eena i dr\u017eava, ali i funkcija, najavio je da \u0107e njegova vlada u velikoj mjeri deportirati one koji nemaju pravo ostati u Njema\u010dkoj. Njegovom SPD-u dramati\u010dno pada popularnost zbog najnovije migrantske krize. Vi\u0161e od pola milijuna ljudi zatra\u017eilo je azil u EU u prvoj polovini ove godine. Me\u0111utim, Njema\u010dka \u0107e taktizirati dokle god bude mogla, odnosno ne\u0107e imati ni\u0161ta protiv kvalitetnih radnika koji su postali dragocjeni.<\/p>\n<p>Primjerice, protiv bh. radnika ili radnika iz Hrvatske u &#8220;obe\u0107anoj zemlji&#8221; nikad nisu imali ni\u0161ta protiv jer se uglavnom radilo o onima koji ili znaju raditi ili brzo u\u010de i prilago\u0111avaju se na\u010dinu \u017eivota kakav tamo vlada, pa su zbog toga i po\u017eeljni. Koliko je situacija te\u0161ka, govori i \u010dinjenica da je potreba za kvalificiranim radnicima u Njema\u010dkoj najve\u0107a u posljednjih deset godina. Gra\u0111evinska industrija u ovom bi trenutku mogla popuniti dvije tre\u0107ine radnih mjesta jer je nevjerojatna potra\u017enja za radnicima svih vrsta u ovom sektoru. Tako\u0111er, nudi se niz poslova u sektoru ugostiteljstva i smje\u0161taja.<\/p>\n<p>Njema\u010dka ve\u0107 sada prati situaciju u zemljama zapadnog Balkana. Svjesni su da su bazen prili\u010dno iscrpili, no isto tako znaju da uvijek ima nekih novih klinaca koji napu\u0161taju \u0161kolske klupe, zavr\u0161avaju fakultete ili su se zasitili dosada\u0161njih poslova pa \u017eele probati ne\u0161to novo, stoga se tra\u017ee na\u010dini da dopru do njih. Nove olak\u0161ice ve\u0107 su uvedene od po\u010detka studenoga, a posebnu liberalizaciju Njema\u010dka planira u o\u017eujku 2024. godine.<\/p>\n<p>Radnici \u0107e u zemlju mo\u0107i u\u0107i \u010dim podnesu zahtjev za vizu i mo\u0107i \u0107e raditi kad se njihove stru\u010dne kvalifikacije priznaju. S obzirom na to koliki su redovi pred veleposlanstvima za vizu, BiH bi se mogla na\u0107i u novim ozbiljnim problemima. Jer Njema\u010dka jasno daje do znanja da \u017eeli isklju\u010divo vrijedne i stru\u010dne radnike, a ne socijalne slu\u010dajeve koji bi joj mogli jo\u0161 stvoriti i probleme u dr\u017eavi.<\/p>\n<p><strong>Poznavanje jezika<\/strong><\/p>\n<p>Na sve ovo dolazi i Bildov manifest. Najutjecajnije njema\u010dke novine objavile su proglas od 50 to\u010daka s naslovom &#8220;Njema\u010dka, mi imamo problem&#8221;.<\/p>\n<p>&#8211; Tko na\u0161 ustav i na\u0161 pravni poredak dr\u017ei za gomilanje neobvezuju\u0107ih savjeta, treba \u0161to je mogu\u0107e prije napustiti Njema\u010dku. Tko kod nas \u017eeli trajno \u017eivjeti, mora nau\u010diti njema\u010dki. Samo ako govorimo isti jezik, mo\u017eemo se razumjeti. Mi se ne maskiramo niti prikrivamo, mi se gledamo u lice (osim ako je karneval ili korona). Ovdje vrijedi da dr\u017eava ima monopol nas nasiljem. Osim nadle\u017enih dr\u017eavnih tijela, nitko nema pravo upotrijebiti silu protiv ljudi i stvari. Mi po\u0161tujemo svaku vjeroispovijest, ali jasno dijelimo vjeru od dr\u017eave &#8211; stoji, me\u0111u ostalim, u proglasu.<\/p>\n<p>Iz svega je vidljivo da je migrantska politika Njema\u010dke do\u017eivjela sna\u017ean krah i opet \u017eeli i\u0107i na sigurno, a to su definitivno radnici sa zapadnog Balkana&#8230;<\/p>\n","protected":false},"excerpt":{"rendered":"<p>Migrantska kriza prouzro\u010dila je probleme u brojnim europskim dr\u017eavama, no ni jedna zemlja nije se&hellip;<\/p>\n","protected":false},"author":2,"featured_media":71431,"comment_status":"open","ping_status":"closed","sticky":false,"template":"","format":"standard","meta":{"_acf_changed":false,"footnotes":""},"categories":[291],"tags":[6778],"acf":[],"yoast_head":"<!-- This site is optimized with the Yoast SEO plugin v23.5 - https:\/\/yoast.com\/wordpress\/plugins\/seo\/ -->\n<title>Njema\u010dka \u017eeli novu radnu snagu iz BiH, od 2024. dodatno olak\u0161an dolazak - TuzlaInfo.ba<\/title>\n<meta name=\"robots\" content=\"index, follow, max-snippet:-1, max-image-preview:large, max-video-preview:-1\" \/>\n<link rel=\"canonical\" href=\"https:\/\/tuzlainfo.ba\/index.php\/bosna-i-hercegovina\/item\/222043-njemacka-zeli-novu-radnu-snagu-iz-bih-od-2024-dodatno-olaksan-dolazak\/\" \/>\n<meta property=\"og:locale\" content=\"bs_BA\" \/>\n<meta property=\"og:type\" content=\"article\" \/>\n<meta property=\"og:title\" content=\"Njema\u010dka \u017eeli novu radnu snagu iz BiH, od 2024. dodatno olak\u0161an dolazak - TuzlaInfo.ba\" \/>\n<meta property=\"og:description\" content=\"Migrantska kriza prouzro\u010dila je probleme u brojnim europskim dr\u017eavama, no ni jedna zemlja nije se&hellip;\" \/>\n<meta property=\"og:url\" content=\"https:\/\/tuzlainfo.ba\/index.php\/bosna-i-hercegovina\/item\/222043-njemacka-zeli-novu-radnu-snagu-iz-bih-od-2024-dodatno-olaksan-dolazak\/\" \/>\n<meta property=\"og:site_name\" content=\"TuzlaInfo.ba\" \/>\n<meta property=\"article:publisher\" content=\"https:\/\/www.facebook.com\/tuzlainfo.ba\/\" \/>\n<meta property=\"article:published_time\" content=\"2023-11-08T21:05:02+00:00\" \/>\n<meta property=\"article:modified_time\" content=\"2023-11-09T06:29:45+00:00\" \/>\n<meta property=\"og:image\" content=\"https:\/\/tuzlainfo.ba\/wp-content\/uploads\/2019\/07\/sadrzaj_2019_20190101_01012019_pasos.jpg\" \/>\n\t<meta property=\"og:image:width\" content=\"770\" \/>\n\t<meta property=\"og:image:height\" content=\"508\" \/>\n\t<meta property=\"og:image:type\" content=\"image\/jpeg\" \/>\n<meta name=\"author\" content=\"nedim\" \/>\n<meta name=\"twitter:card\" content=\"summary_large_image\" \/>\n<meta name=\"twitter:label1\" content=\"Written by\" \/>\n\t<meta name=\"twitter:data1\" content=\"nedim\" \/>\n\t<meta name=\"twitter:label2\" content=\"Est. reading time\" \/>\n\t<meta name=\"twitter:data2\" content=\"3 minute\" \/>\n<script type=\"application\/ld+json\" class=\"yoast-schema-graph\">{\"@context\":\"https:\/\/schema.org\",\"@graph\":[{\"@type\":\"Article\",\"@id\":\"https:\/\/tuzlainfo.ba\/index.php\/bosna-i-hercegovina\/item\/222043-njemacka-zeli-novu-radnu-snagu-iz-bih-od-2024-dodatno-olaksan-dolazak\/#article\",\"isPartOf\":{\"@id\":\"https:\/\/tuzlainfo.ba\/index.php\/bosna-i-hercegovina\/item\/222043-njemacka-zeli-novu-radnu-snagu-iz-bih-od-2024-dodatno-olaksan-dolazak\/\"},\"author\":{\"name\":\"nedim\",\"@id\":\"https:\/\/tuzlainfo.ba\/#\/schema\/person\/f434e20dc27ea133923aab08451b7f7f\"},\"headline\":\"Njema\u010dka \u017eeli novu radnu snagu iz BiH, od 2024. dodatno olak\u0161an dolazak\",\"datePublished\":\"2023-11-08T21:05:02+00:00\",\"dateModified\":\"2023-11-09T06:29:45+00:00\",\"mainEntityOfPage\":{\"@id\":\"https:\/\/tuzlainfo.ba\/index.php\/bosna-i-hercegovina\/item\/222043-njemacka-zeli-novu-radnu-snagu-iz-bih-od-2024-dodatno-olaksan-dolazak\/\"},\"wordCount\":688,\"commentCount\":0,\"publisher\":{\"@id\":\"https:\/\/tuzlainfo.ba\/#organization\"},\"image\":{\"@id\":\"https:\/\/tuzlainfo.ba\/index.php\/bosna-i-hercegovina\/item\/222043-njemacka-zeli-novu-radnu-snagu-iz-bih-od-2024-dodatno-olaksan-dolazak\/#primaryimage\"},\"thumbnailUrl\":\"https:\/\/tuzlainfo.ba\/wp-content\/uploads\/2019\/07\/sadrzaj_2019_20190101_01012019_pasos.jpg\",\"keywords\":[\"rad u njema\u010dkoj\"],\"articleSection\":[\"Bosna i Hercegovina\"],\"inLanguage\":\"bs-BA\"},{\"@type\":\"WebPage\",\"@id\":\"https:\/\/tuzlainfo.ba\/index.php\/bosna-i-hercegovina\/item\/222043-njemacka-zeli-novu-radnu-snagu-iz-bih-od-2024-dodatno-olaksan-dolazak\/\",\"url\":\"https:\/\/tuzlainfo.ba\/index.php\/bosna-i-hercegovina\/item\/222043-njemacka-zeli-novu-radnu-snagu-iz-bih-od-2024-dodatno-olaksan-dolazak\/\",\"name\":\"Njema\u010dka \u017eeli novu radnu snagu iz BiH, od 2024. dodatno olak\u0161an dolazak - TuzlaInfo.ba\",\"isPartOf\":{\"@id\":\"https:\/\/tuzlainfo.ba\/#website\"},\"primaryImageOfPage\":{\"@id\":\"https:\/\/tuzlainfo.ba\/index.php\/bosna-i-hercegovina\/item\/222043-njemacka-zeli-novu-radnu-snagu-iz-bih-od-2024-dodatno-olaksan-dolazak\/#primaryimage\"},\"image\":{\"@id\":\"https:\/\/tuzlainfo.ba\/index.php\/bosna-i-hercegovina\/item\/222043-njemacka-zeli-novu-radnu-snagu-iz-bih-od-2024-dodatno-olaksan-dolazak\/#primaryimage\"},\"thumbnailUrl\":\"https:\/\/tuzlainfo.ba\/wp-content\/uploads\/2019\/07\/sadrzaj_2019_20190101_01012019_pasos.jpg\",\"datePublished\":\"2023-11-08T21:05:02+00:00\",\"dateModified\":\"2023-11-09T06:29:45+00:00\",\"breadcrumb\":{\"@id\":\"https:\/\/tuzlainfo.ba\/index.php\/bosna-i-hercegovina\/item\/222043-njemacka-zeli-novu-radnu-snagu-iz-bih-od-2024-dodatno-olaksan-dolazak\/#breadcrumb\"},\"inLanguage\":\"bs-BA\",\"potentialAction\":[{\"@type\":\"ReadAction\",\"target\":[\"https:\/\/tuzlainfo.ba\/index.php\/bosna-i-hercegovina\/item\/222043-njemacka-zeli-novu-radnu-snagu-iz-bih-od-2024-dodatno-olaksan-dolazak\/\"]}]},{\"@type\":\"ImageObject\",\"inLanguage\":\"bs-BA\",\"@id\":\"https:\/\/tuzlainfo.ba\/index.php\/bosna-i-hercegovina\/item\/222043-njemacka-zeli-novu-radnu-snagu-iz-bih-od-2024-dodatno-olaksan-dolazak\/#primaryimage\",\"url\":\"https:\/\/tuzlainfo.ba\/wp-content\/uploads\/2019\/07\/sadrzaj_2019_20190101_01012019_pasos.jpg\",\"contentUrl\":\"https:\/\/tuzlainfo.ba\/wp-content\/uploads\/2019\/07\/sadrzaj_2019_20190101_01012019_pasos.jpg\",\"width\":770,\"height\":508,\"caption\":\"01012019 paso\u0161\"},{\"@type\":\"BreadcrumbList\",\"@id\":\"https:\/\/tuzlainfo.ba\/index.php\/bosna-i-hercegovina\/item\/222043-njemacka-zeli-novu-radnu-snagu-iz-bih-od-2024-dodatno-olaksan-dolazak\/#breadcrumb\",\"itemListElement\":[{\"@type\":\"ListItem\",\"position\":1,\"name\":\"Home\",\"item\":\"https:\/\/tuzlainfo.ba\/\"},{\"@type\":\"ListItem\",\"position\":2,\"name\":\"Njema\u010dka \u017eeli novu radnu snagu iz BiH, od 2024. dodatno olak\u0161an dolazak\"}]},{\"@type\":\"WebSite\",\"@id\":\"https:\/\/tuzlainfo.ba\/#website\",\"url\":\"https:\/\/tuzlainfo.ba\/\",\"name\":\"TuzlaInfo.ba\",\"description\":\"Tuzla info, gradski informator - Tuzla na dlanu\",\"publisher\":{\"@id\":\"https:\/\/tuzlainfo.ba\/#organization\"},\"potentialAction\":[{\"@type\":\"SearchAction\",\"target\":{\"@type\":\"EntryPoint\",\"urlTemplate\":\"https:\/\/tuzlainfo.ba\/?s={search_term_string}\"},\"query-input\":{\"@type\":\"PropertyValueSpecification\",\"valueRequired\":true,\"valueName\":\"search_term_string\"}}],\"inLanguage\":\"bs-BA\"},{\"@type\":\"Organization\",\"@id\":\"https:\/\/tuzlainfo.ba\/#organization\",\"name\":\"TuzlaInfo.ba\",\"url\":\"https:\/\/tuzlainfo.ba\/\",\"logo\":{\"@type\":\"ImageObject\",\"inLanguage\":\"bs-BA\",\"@id\":\"https:\/\/tuzlainfo.ba\/#\/schema\/logo\/image\/\",\"url\":\"https:\/\/tuzlainfo.ba\/wp-content\/uploads\/2021\/03\/logo-ver-3-1.png\",\"contentUrl\":\"https:\/\/tuzlainfo.ba\/wp-content\/uploads\/2021\/03\/logo-ver-3-1.png\",\"width\":350,\"height\":95,\"caption\":\"TuzlaInfo.ba\"},\"image\":{\"@id\":\"https:\/\/tuzlainfo.ba\/#\/schema\/logo\/image\/\"},\"sameAs\":[\"https:\/\/www.facebook.com\/tuzlainfo.ba\/\"]},{\"@type\":\"Person\",\"@id\":\"https:\/\/tuzlainfo.ba\/#\/schema\/person\/f434e20dc27ea133923aab08451b7f7f\",\"name\":\"nedim\",\"image\":{\"@type\":\"ImageObject\",\"inLanguage\":\"bs-BA\",\"@id\":\"https:\/\/tuzlainfo.ba\/#\/schema\/person\/image\/\",\"url\":\"https:\/\/tuzlainfo.ba\/wp-content\/litespeed\/avatar\/aabad687af24844af817603ac1cbdc4f.jpg?ver=1777306975\",\"contentUrl\":\"https:\/\/tuzlainfo.ba\/wp-content\/litespeed\/avatar\/aabad687af24844af817603ac1cbdc4f.jpg?ver=1777306975\",\"caption\":\"nedim\"},\"description\":\"Tuzlainfo.ba pratite na dru\u0161tvenim mre\u017eama: Facebook, Instagram i Youtube. Svoje pri\u010de, upite i fotografije \u0161aljite na na\u0161u e-mail adresu.\"}]}<\/script>\n<!-- \/ Yoast SEO plugin. -->","yoast_head_json":{"title":"Njema\u010dka \u017eeli novu radnu snagu iz BiH, od 2024. dodatno olak\u0161an dolazak - TuzlaInfo.ba","robots":{"index":"index","follow":"follow","max-snippet":"max-snippet:-1","max-image-preview":"max-image-preview:large","max-video-preview":"max-video-preview:-1"},"canonical":"https:\/\/tuzlainfo.ba\/index.php\/bosna-i-hercegovina\/item\/222043-njemacka-zeli-novu-radnu-snagu-iz-bih-od-2024-dodatno-olaksan-dolazak\/","og_locale":"bs_BA","og_type":"article","og_title":"Njema\u010dka \u017eeli novu radnu snagu iz BiH, od 2024. dodatno olak\u0161an dolazak - TuzlaInfo.ba","og_description":"Migrantska kriza prouzro\u010dila je probleme u brojnim europskim dr\u017eavama, no ni jedna zemlja nije se&hellip;","og_url":"https:\/\/tuzlainfo.ba\/index.php\/bosna-i-hercegovina\/item\/222043-njemacka-zeli-novu-radnu-snagu-iz-bih-od-2024-dodatno-olaksan-dolazak\/","og_site_name":"TuzlaInfo.ba","article_publisher":"https:\/\/www.facebook.com\/tuzlainfo.ba\/","article_published_time":"2023-11-08T21:05:02+00:00","article_modified_time":"2023-11-09T06:29:45+00:00","og_image":[{"width":770,"height":508,"url":"https:\/\/tuzlainfo.ba\/wp-content\/uploads\/2019\/07\/sadrzaj_2019_20190101_01012019_pasos.jpg","type":"image\/jpeg"}],"author":"nedim","twitter_card":"summary_large_image","twitter_misc":{"Written by":"nedim","Est. reading time":"3 minute"},"schema":{"@context":"https:\/\/schema.org","@graph":[{"@type":"Article","@id":"https:\/\/tuzlainfo.ba\/index.php\/bosna-i-hercegovina\/item\/222043-njemacka-zeli-novu-radnu-snagu-iz-bih-od-2024-dodatno-olaksan-dolazak\/#article","isPartOf":{"@id":"https:\/\/tuzlainfo.ba\/index.php\/bosna-i-hercegovina\/item\/222043-njemacka-zeli-novu-radnu-snagu-iz-bih-od-2024-dodatno-olaksan-dolazak\/"},"author":{"name":"nedim","@id":"https:\/\/tuzlainfo.ba\/#\/schema\/person\/f434e20dc27ea133923aab08451b7f7f"},"headline":"Njema\u010dka \u017eeli novu radnu snagu iz BiH, od 2024. dodatno olak\u0161an dolazak","datePublished":"2023-11-08T21:05:02+00:00","dateModified":"2023-11-09T06:29:45+00:00","mainEntityOfPage":{"@id":"https:\/\/tuzlainfo.ba\/index.php\/bosna-i-hercegovina\/item\/222043-njemacka-zeli-novu-radnu-snagu-iz-bih-od-2024-dodatno-olaksan-dolazak\/"},"wordCount":688,"commentCount":0,"publisher":{"@id":"https:\/\/tuzlainfo.ba\/#organization"},"image":{"@id":"https:\/\/tuzlainfo.ba\/index.php\/bosna-i-hercegovina\/item\/222043-njemacka-zeli-novu-radnu-snagu-iz-bih-od-2024-dodatno-olaksan-dolazak\/#primaryimage"},"thumbnailUrl":"https:\/\/tuzlainfo.ba\/wp-content\/uploads\/2019\/07\/sadrzaj_2019_20190101_01012019_pasos.jpg","keywords":["rad u njema\u010dkoj"],"articleSection":["Bosna i Hercegovina"],"inLanguage":"bs-BA"},{"@type":"WebPage","@id":"https:\/\/tuzlainfo.ba\/index.php\/bosna-i-hercegovina\/item\/222043-njemacka-zeli-novu-radnu-snagu-iz-bih-od-2024-dodatno-olaksan-dolazak\/","url":"https:\/\/tuzlainfo.ba\/index.php\/bosna-i-hercegovina\/item\/222043-njemacka-zeli-novu-radnu-snagu-iz-bih-od-2024-dodatno-olaksan-dolazak\/","name":"Njema\u010dka \u017eeli novu radnu snagu iz BiH, od 2024. dodatno olak\u0161an dolazak - TuzlaInfo.ba","isPartOf":{"@id":"https:\/\/tuzlainfo.ba\/#website"},"primaryImageOfPage":{"@id":"https:\/\/tuzlainfo.ba\/index.php\/bosna-i-hercegovina\/item\/222043-njemacka-zeli-novu-radnu-snagu-iz-bih-od-2024-dodatno-olaksan-dolazak\/#primaryimage"},"image":{"@id":"https:\/\/tuzlainfo.ba\/index.php\/bosna-i-hercegovina\/item\/222043-njemacka-zeli-novu-radnu-snagu-iz-bih-od-2024-dodatno-olaksan-dolazak\/#primaryimage"},"thumbnailUrl":"https:\/\/tuzlainfo.ba\/wp-content\/uploads\/2019\/07\/sadrzaj_2019_20190101_01012019_pasos.jpg","datePublished":"2023-11-08T21:05:02+00:00","dateModified":"2023-11-09T06:29:45+00:00","breadcrumb":{"@id":"https:\/\/tuzlainfo.ba\/index.php\/bosna-i-hercegovina\/item\/222043-njemacka-zeli-novu-radnu-snagu-iz-bih-od-2024-dodatno-olaksan-dolazak\/#breadcrumb"},"inLanguage":"bs-BA","potentialAction":[{"@type":"ReadAction","target":["https:\/\/tuzlainfo.ba\/index.php\/bosna-i-hercegovina\/item\/222043-njemacka-zeli-novu-radnu-snagu-iz-bih-od-2024-dodatno-olaksan-dolazak\/"]}]},{"@type":"ImageObject","inLanguage":"bs-BA","@id":"https:\/\/tuzlainfo.ba\/index.php\/bosna-i-hercegovina\/item\/222043-njemacka-zeli-novu-radnu-snagu-iz-bih-od-2024-dodatno-olaksan-dolazak\/#primaryimage","url":"https:\/\/tuzlainfo.ba\/wp-content\/uploads\/2019\/07\/sadrzaj_2019_20190101_01012019_pasos.jpg","contentUrl":"https:\/\/tuzlainfo.ba\/wp-content\/uploads\/2019\/07\/sadrzaj_2019_20190101_01012019_pasos.jpg","width":770,"height":508,"caption":"01012019 paso\u0161"},{"@type":"BreadcrumbList","@id":"https:\/\/tuzlainfo.ba\/index.php\/bosna-i-hercegovina\/item\/222043-njemacka-zeli-novu-radnu-snagu-iz-bih-od-2024-dodatno-olaksan-dolazak\/#breadcrumb","itemListElement":[{"@type":"ListItem","position":1,"name":"Home","item":"https:\/\/tuzlainfo.ba\/"},{"@type":"ListItem","position":2,"name":"Njema\u010dka \u017eeli novu radnu snagu iz BiH, od 2024. dodatno olak\u0161an dolazak"}]},{"@type":"WebSite","@id":"https:\/\/tuzlainfo.ba\/#website","url":"https:\/\/tuzlainfo.ba\/","name":"TuzlaInfo.ba","description":"Tuzla info, gradski informator - Tuzla na dlanu","publisher":{"@id":"https:\/\/tuzlainfo.ba\/#organization"},"potentialAction":[{"@type":"SearchAction","target":{"@type":"EntryPoint","urlTemplate":"https:\/\/tuzlainfo.ba\/?s={search_term_string}"},"query-input":{"@type":"PropertyValueSpecification","valueRequired":true,"valueName":"search_term_string"}}],"inLanguage":"bs-BA"},{"@type":"Organization","@id":"https:\/\/tuzlainfo.ba\/#organization","name":"TuzlaInfo.ba","url":"https:\/\/tuzlainfo.ba\/","logo":{"@type":"ImageObject","inLanguage":"bs-BA","@id":"https:\/\/tuzlainfo.ba\/#\/schema\/logo\/image\/","url":"https:\/\/tuzlainfo.ba\/wp-content\/uploads\/2021\/03\/logo-ver-3-1.png","contentUrl":"https:\/\/tuzlainfo.ba\/wp-content\/uploads\/2021\/03\/logo-ver-3-1.png","width":350,"height":95,"caption":"TuzlaInfo.ba"},"image":{"@id":"https:\/\/tuzlainfo.ba\/#\/schema\/logo\/image\/"},"sameAs":["https:\/\/www.facebook.com\/tuzlainfo.ba\/"]},{"@type":"Person","@id":"https:\/\/tuzlainfo.ba\/#\/schema\/person\/f434e20dc27ea133923aab08451b7f7f","name":"nedim","image":{"@type":"ImageObject","inLanguage":"bs-BA","@id":"https:\/\/tuzlainfo.ba\/#\/schema\/person\/image\/","url":"https:\/\/tuzlainfo.ba\/wp-content\/litespeed\/avatar\/aabad687af24844af817603ac1cbdc4f.jpg?ver=1777306975","contentUrl":"https:\/\/tuzlainfo.ba\/wp-content\/litespeed\/avatar\/aabad687af24844af817603ac1cbdc4f.jpg?ver=1777306975","caption":"nedim"},"description":"Tuzlainfo.ba pratite na dru\u0161tvenim mre\u017eama: Facebook, Instagram i Youtube. Svoje pri\u010de, upite i fotografije \u0161aljite na na\u0161u e-mail adresu."}]}},"_links":{"self":[{"href":"https:\/\/tuzlainfo.ba\/index.php\/wp-json\/wp\/v2\/posts\/222043"}],"collection":[{"href":"https:\/\/tuzlainfo.ba\/index.php\/wp-json\/wp\/v2\/posts"}],"about":[{"href":"https:\/\/tuzlainfo.ba\/index.php\/wp-json\/wp\/v2\/types\/post"}],"author":[{"embeddable":true,"href":"https:\/\/tuzlainfo.ba\/index.php\/wp-json\/wp\/v2\/users\/2"}],"replies":[{"embeddable":true,"href":"https:\/\/tuzlainfo.ba\/index.php\/wp-json\/wp\/v2\/comments?post=222043"}],"version-history":[{"count":1,"href":"https:\/\/tuzlainfo.ba\/index.php\/wp-json\/wp\/v2\/posts\/222043\/revisions"}],"predecessor-version":[{"id":222044,"href":"https:\/\/tuzlainfo.ba\/index.php\/wp-json\/wp\/v2\/posts\/222043\/revisions\/222044"}],"wp:featuredmedia":[{"embeddable":true,"href":"https:\/\/tuzlainfo.ba\/index.php\/wp-json\/wp\/v2\/media\/71431"}],"wp:attachment":[{"href":"https:\/\/tuzlainfo.ba\/index.php\/wp-json\/wp\/v2\/media?parent=222043"}],"wp:term":[{"taxonomy":"category","embeddable":true,"href":"https:\/\/tuzlainfo.ba\/index.php\/wp-json\/wp\/v2\/categories?post=222043"},{"taxonomy":"post_tag","embeddable":true,"href":"https:\/\/tuzlainfo.ba\/index.php\/wp-json\/wp\/v2\/tags?post=222043"}],"curies":[{"name":"wp","href":"https:\/\/api.w.org\/{rel}","templated":true}]}}