{"id":222027,"date":"2023-11-08T18:04:54","date_gmt":"2023-11-08T17:04:54","guid":{"rendered":"https:\/\/tuzlainfo.ba\/?p=222027"},"modified":"2023-11-08T15:20:30","modified_gmt":"2023-11-08T14:20:30","slug":"tk-odrzana-edukacija-u-oblasti-hraniteljstva","status":"publish","type":"post","link":"https:\/\/tuzlainfo.ba\/index.php\/novosti\/item\/222027-tk-odrzana-edukacija-u-oblasti-hraniteljstva\/","title":{"rendered":"TK: Odr\u017eana edukacija u oblasti hraniteljstva"},"content":{"rendered":"<p>U cilju ja\u010danja kapaciteta profesionalaca i hranitelja da pru\u017ee podr\u0161ku i odgovore potrebama djece bez pratnje i tra\u017eioca azila a kroz provedbu programa spcijalizirane edukacije danas je odr\u017ean okrugli sto. Stru\u010dni skup je organizovalo Udru\u017eenje za edukativnu i savjetodavnu podr\u0161ku hraniteljstvu \/ udomiteljstvu u FBiH u saradnji sa Federalnim ministarstvom rada i socijalne politike i Ministarstvom za rad, socijalnu politiku i povratak Tuzlanskog kantona uz podr\u0161ku UNICEF-a Bosne i Hercegovine.<\/p>\n<p>Ovom je prilikom zaklju\u010deno da je potrebno nastaviti multisektorsku saradnju na kreiranju zakonskih i drugih uslova kako bi svako dijete bez roditeljskog staranja odrastalo u porodici, uklju\u010duju\u0107i i djecu bez pratnje i djecu izbjeglice i migrante.<\/p>\n<p>Doga\u0111aj koji je u Tuzli okupio 33 stru\u010dnjaka iz ove oblasti dio je projekta ja\u010danja kapaciteta profesionalaca i hranitelja da pru\u017ee podr\u0161ku i odgovore potrebama djeci bez pratnje i tra\u017eioca azila a kroz provedbu programa specijalizirane edukacije.<\/p>\n<p>Projekat se implementira na podru\u010dju pet kantona: USK, TK, SBK, HNK i KS. U septembru 2023. godine realizirana je specijalizirana edukacija profesionalaca iz centara za socijalni rad kao i 30 hranitelja sa podru\u010dja Tuzlanskog kantona.<\/p>\n","protected":false},"excerpt":{"rendered":"<p>U cilju ja\u010danja kapaciteta profesionalaca i hranitelja da pru\u017ee podr\u0161ku i odgovore potrebama djece bez&hellip;<\/p>\n","protected":false},"author":4,"featured_media":222028,"comment_status":"open","ping_status":"closed","sticky":false,"template":"","format":"standard","meta":{"_acf_changed":false,"footnotes":""},"categories":[12],"tags":[6661,360],"acf":[],"yoast_head":"<!-- This site is optimized with the Yoast SEO plugin v23.5 - https:\/\/yoast.com\/wordpress\/plugins\/seo\/ -->\n<title>TK: Odr\u017eana edukacija u oblasti hraniteljstva - TuzlaInfo.ba<\/title>\n<meta name=\"robots\" content=\"index, follow, max-snippet:-1, max-image-preview:large, max-video-preview:-1\" \/>\n<link rel=\"canonical\" href=\"https:\/\/tuzlainfo.ba\/index.php\/novosti\/item\/222027-tk-odrzana-edukacija-u-oblasti-hraniteljstva\/\" \/>\n<meta property=\"og:locale\" content=\"bs_BA\" \/>\n<meta property=\"og:type\" content=\"article\" \/>\n<meta property=\"og:title\" content=\"TK: Odr\u017eana edukacija u oblasti hraniteljstva - TuzlaInfo.ba\" \/>\n<meta property=\"og:description\" content=\"U cilju ja\u010danja kapaciteta profesionalaca i hranitelja da pru\u017ee podr\u0161ku i odgovore potrebama djece bez&hellip;\" \/>\n<meta property=\"og:url\" content=\"https:\/\/tuzlainfo.ba\/index.php\/novosti\/item\/222027-tk-odrzana-edukacija-u-oblasti-hraniteljstva\/\" \/>\n<meta property=\"og:site_name\" content=\"TuzlaInfo.ba\" \/>\n<meta property=\"article:publisher\" content=\"https:\/\/www.facebook.com\/tuzlainfo.ba\/\" \/>\n<meta property=\"article:published_time\" content=\"2023-11-08T17:04:54+00:00\" \/>\n<meta property=\"article:modified_time\" content=\"2023-11-08T14:20:30+00:00\" \/>\n<meta property=\"og:image\" content=\"https:\/\/tuzlainfo.ba\/wp-content\/uploads\/2023\/11\/okrugli-sto-hraniteljstvo.jpg\" \/>\n\t<meta property=\"og:image:width\" content=\"1600\" \/>\n\t<meta property=\"og:image:height\" content=\"1200\" \/>\n\t<meta property=\"og:image:type\" content=\"image\/jpeg\" \/>\n<meta name=\"author\" content=\"Tuzla Info\" \/>\n<meta name=\"twitter:card\" content=\"summary_large_image\" \/>\n<meta name=\"twitter:label1\" content=\"Written by\" \/>\n\t<meta name=\"twitter:data1\" content=\"Tuzla Info\" \/>\n\t<meta name=\"twitter:label2\" content=\"Est. reading time\" \/>\n\t<meta name=\"twitter:data2\" content=\"1 minuta\" \/>\n<script type=\"application\/ld+json\" class=\"yoast-schema-graph\">{\"@context\":\"https:\/\/schema.org\",\"@graph\":[{\"@type\":\"Article\",\"@id\":\"https:\/\/tuzlainfo.ba\/index.php\/novosti\/item\/222027-tk-odrzana-edukacija-u-oblasti-hraniteljstva\/#article\",\"isPartOf\":{\"@id\":\"https:\/\/tuzlainfo.ba\/index.php\/novosti\/item\/222027-tk-odrzana-edukacija-u-oblasti-hraniteljstva\/\"},\"author\":{\"name\":\"Tuzla Info\",\"@id\":\"https:\/\/tuzlainfo.ba\/#\/schema\/person\/46cad4c57790cbc50781edd14870825a\"},\"headline\":\"TK: Odr\u017eana edukacija u oblasti hraniteljstva\",\"datePublished\":\"2023-11-08T17:04:54+00:00\",\"dateModified\":\"2023-11-08T14:20:30+00:00\",\"mainEntityOfPage\":{\"@id\":\"https:\/\/tuzlainfo.ba\/index.php\/novosti\/item\/222027-tk-odrzana-edukacija-u-oblasti-hraniteljstva\/\"},\"wordCount\":201,\"commentCount\":0,\"publisher\":{\"@id\":\"https:\/\/tuzlainfo.ba\/#organization\"},\"image\":{\"@id\":\"https:\/\/tuzlainfo.ba\/index.php\/novosti\/item\/222027-tk-odrzana-edukacija-u-oblasti-hraniteljstva\/#primaryimage\"},\"thumbnailUrl\":\"https:\/\/tuzlainfo.ba\/wp-content\/uploads\/2023\/11\/okrugli-sto-hraniteljstvo.jpg\",\"keywords\":[\"hraniteljstvo\",\"tuzlanski kanton\"],\"articleSection\":[\"Novosti\"],\"inLanguage\":\"bs-BA\"},{\"@type\":\"WebPage\",\"@id\":\"https:\/\/tuzlainfo.ba\/index.php\/novosti\/item\/222027-tk-odrzana-edukacija-u-oblasti-hraniteljstva\/\",\"url\":\"https:\/\/tuzlainfo.ba\/index.php\/novosti\/item\/222027-tk-odrzana-edukacija-u-oblasti-hraniteljstva\/\",\"name\":\"TK: Odr\u017eana edukacija u oblasti hraniteljstva - TuzlaInfo.ba\",\"isPartOf\":{\"@id\":\"https:\/\/tuzlainfo.ba\/#website\"},\"primaryImageOfPage\":{\"@id\":\"https:\/\/tuzlainfo.ba\/index.php\/novosti\/item\/222027-tk-odrzana-edukacija-u-oblasti-hraniteljstva\/#primaryimage\"},\"image\":{\"@id\":\"https:\/\/tuzlainfo.ba\/index.php\/novosti\/item\/222027-tk-odrzana-edukacija-u-oblasti-hraniteljstva\/#primaryimage\"},\"thumbnailUrl\":\"https:\/\/tuzlainfo.ba\/wp-content\/uploads\/2023\/11\/okrugli-sto-hraniteljstvo.jpg\",\"datePublished\":\"2023-11-08T17:04:54+00:00\",\"dateModified\":\"2023-11-08T14:20:30+00:00\",\"breadcrumb\":{\"@id\":\"https:\/\/tuzlainfo.ba\/index.php\/novosti\/item\/222027-tk-odrzana-edukacija-u-oblasti-hraniteljstva\/#breadcrumb\"},\"inLanguage\":\"bs-BA\",\"potentialAction\":[{\"@type\":\"ReadAction\",\"target\":[\"https:\/\/tuzlainfo.ba\/index.php\/novosti\/item\/222027-tk-odrzana-edukacija-u-oblasti-hraniteljstva\/\"]}]},{\"@type\":\"ImageObject\",\"inLanguage\":\"bs-BA\",\"@id\":\"https:\/\/tuzlainfo.ba\/index.php\/novosti\/item\/222027-tk-odrzana-edukacija-u-oblasti-hraniteljstva\/#primaryimage\",\"url\":\"https:\/\/tuzlainfo.ba\/wp-content\/uploads\/2023\/11\/okrugli-sto-hraniteljstvo.jpg\",\"contentUrl\":\"https:\/\/tuzlainfo.ba\/wp-content\/uploads\/2023\/11\/okrugli-sto-hraniteljstvo.jpg\",\"width\":1600,\"height\":1200},{\"@type\":\"BreadcrumbList\",\"@id\":\"https:\/\/tuzlainfo.ba\/index.php\/novosti\/item\/222027-tk-odrzana-edukacija-u-oblasti-hraniteljstva\/#breadcrumb\",\"itemListElement\":[{\"@type\":\"ListItem\",\"position\":1,\"name\":\"Home\",\"item\":\"https:\/\/tuzlainfo.ba\/\"},{\"@type\":\"ListItem\",\"position\":2,\"name\":\"TK: Odr\u017eana edukacija u oblasti hraniteljstva\"}]},{\"@type\":\"WebSite\",\"@id\":\"https:\/\/tuzlainfo.ba\/#website\",\"url\":\"https:\/\/tuzlainfo.ba\/\",\"name\":\"TuzlaInfo.ba\",\"description\":\"Tuzla info, gradski informator - Tuzla na dlanu\",\"publisher\":{\"@id\":\"https:\/\/tuzlainfo.ba\/#organization\"},\"potentialAction\":[{\"@type\":\"SearchAction\",\"target\":{\"@type\":\"EntryPoint\",\"urlTemplate\":\"https:\/\/tuzlainfo.ba\/?s={search_term_string}\"},\"query-input\":{\"@type\":\"PropertyValueSpecification\",\"valueRequired\":true,\"valueName\":\"search_term_string\"}}],\"inLanguage\":\"bs-BA\"},{\"@type\":\"Organization\",\"@id\":\"https:\/\/tuzlainfo.ba\/#organization\",\"name\":\"TuzlaInfo.ba\",\"url\":\"https:\/\/tuzlainfo.ba\/\",\"logo\":{\"@type\":\"ImageObject\",\"inLanguage\":\"bs-BA\",\"@id\":\"https:\/\/tuzlainfo.ba\/#\/schema\/logo\/image\/\",\"url\":\"https:\/\/tuzlainfo.ba\/wp-content\/uploads\/2021\/03\/logo-ver-3-1.png\",\"contentUrl\":\"https:\/\/tuzlainfo.ba\/wp-content\/uploads\/2021\/03\/logo-ver-3-1.png\",\"width\":350,\"height\":95,\"caption\":\"TuzlaInfo.ba\"},\"image\":{\"@id\":\"https:\/\/tuzlainfo.ba\/#\/schema\/logo\/image\/\"},\"sameAs\":[\"https:\/\/www.facebook.com\/tuzlainfo.ba\/\"]},{\"@type\":\"Person\",\"@id\":\"https:\/\/tuzlainfo.ba\/#\/schema\/person\/46cad4c57790cbc50781edd14870825a\",\"name\":\"Tuzla Info\",\"image\":{\"@type\":\"ImageObject\",\"inLanguage\":\"bs-BA\",\"@id\":\"https:\/\/tuzlainfo.ba\/#\/schema\/person\/image\/\",\"url\":\"https:\/\/tuzlainfo.ba\/wp-content\/litespeed\/avatar\/b6c453a6c38e3654f2e4416c643fc25c.jpg?ver=1777051911\",\"contentUrl\":\"https:\/\/tuzlainfo.ba\/wp-content\/litespeed\/avatar\/b6c453a6c38e3654f2e4416c643fc25c.jpg?ver=1777051911\",\"caption\":\"Tuzla Info\"}}]}<\/script>\n<!-- \/ Yoast SEO plugin. -->","yoast_head_json":{"title":"TK: Odr\u017eana edukacija u oblasti hraniteljstva - TuzlaInfo.ba","robots":{"index":"index","follow":"follow","max-snippet":"max-snippet:-1","max-image-preview":"max-image-preview:large","max-video-preview":"max-video-preview:-1"},"canonical":"https:\/\/tuzlainfo.ba\/index.php\/novosti\/item\/222027-tk-odrzana-edukacija-u-oblasti-hraniteljstva\/","og_locale":"bs_BA","og_type":"article","og_title":"TK: Odr\u017eana edukacija u oblasti hraniteljstva - TuzlaInfo.ba","og_description":"U cilju ja\u010danja kapaciteta profesionalaca i hranitelja da pru\u017ee podr\u0161ku i odgovore potrebama djece bez&hellip;","og_url":"https:\/\/tuzlainfo.ba\/index.php\/novosti\/item\/222027-tk-odrzana-edukacija-u-oblasti-hraniteljstva\/","og_site_name":"TuzlaInfo.ba","article_publisher":"https:\/\/www.facebook.com\/tuzlainfo.ba\/","article_published_time":"2023-11-08T17:04:54+00:00","article_modified_time":"2023-11-08T14:20:30+00:00","og_image":[{"width":1600,"height":1200,"url":"https:\/\/tuzlainfo.ba\/wp-content\/uploads\/2023\/11\/okrugli-sto-hraniteljstvo.jpg","type":"image\/jpeg"}],"author":"Tuzla Info","twitter_card":"summary_large_image","twitter_misc":{"Written by":"Tuzla Info","Est. reading time":"1 minuta"},"schema":{"@context":"https:\/\/schema.org","@graph":[{"@type":"Article","@id":"https:\/\/tuzlainfo.ba\/index.php\/novosti\/item\/222027-tk-odrzana-edukacija-u-oblasti-hraniteljstva\/#article","isPartOf":{"@id":"https:\/\/tuzlainfo.ba\/index.php\/novosti\/item\/222027-tk-odrzana-edukacija-u-oblasti-hraniteljstva\/"},"author":{"name":"Tuzla Info","@id":"https:\/\/tuzlainfo.ba\/#\/schema\/person\/46cad4c57790cbc50781edd14870825a"},"headline":"TK: Odr\u017eana edukacija u oblasti hraniteljstva","datePublished":"2023-11-08T17:04:54+00:00","dateModified":"2023-11-08T14:20:30+00:00","mainEntityOfPage":{"@id":"https:\/\/tuzlainfo.ba\/index.php\/novosti\/item\/222027-tk-odrzana-edukacija-u-oblasti-hraniteljstva\/"},"wordCount":201,"commentCount":0,"publisher":{"@id":"https:\/\/tuzlainfo.ba\/#organization"},"image":{"@id":"https:\/\/tuzlainfo.ba\/index.php\/novosti\/item\/222027-tk-odrzana-edukacija-u-oblasti-hraniteljstva\/#primaryimage"},"thumbnailUrl":"https:\/\/tuzlainfo.ba\/wp-content\/uploads\/2023\/11\/okrugli-sto-hraniteljstvo.jpg","keywords":["hraniteljstvo","tuzlanski kanton"],"articleSection":["Novosti"],"inLanguage":"bs-BA"},{"@type":"WebPage","@id":"https:\/\/tuzlainfo.ba\/index.php\/novosti\/item\/222027-tk-odrzana-edukacija-u-oblasti-hraniteljstva\/","url":"https:\/\/tuzlainfo.ba\/index.php\/novosti\/item\/222027-tk-odrzana-edukacija-u-oblasti-hraniteljstva\/","name":"TK: Odr\u017eana edukacija u oblasti hraniteljstva - TuzlaInfo.ba","isPartOf":{"@id":"https:\/\/tuzlainfo.ba\/#website"},"primaryImageOfPage":{"@id":"https:\/\/tuzlainfo.ba\/index.php\/novosti\/item\/222027-tk-odrzana-edukacija-u-oblasti-hraniteljstva\/#primaryimage"},"image":{"@id":"https:\/\/tuzlainfo.ba\/index.php\/novosti\/item\/222027-tk-odrzana-edukacija-u-oblasti-hraniteljstva\/#primaryimage"},"thumbnailUrl":"https:\/\/tuzlainfo.ba\/wp-content\/uploads\/2023\/11\/okrugli-sto-hraniteljstvo.jpg","datePublished":"2023-11-08T17:04:54+00:00","dateModified":"2023-11-08T14:20:30+00:00","breadcrumb":{"@id":"https:\/\/tuzlainfo.ba\/index.php\/novosti\/item\/222027-tk-odrzana-edukacija-u-oblasti-hraniteljstva\/#breadcrumb"},"inLanguage":"bs-BA","potentialAction":[{"@type":"ReadAction","target":["https:\/\/tuzlainfo.ba\/index.php\/novosti\/item\/222027-tk-odrzana-edukacija-u-oblasti-hraniteljstva\/"]}]},{"@type":"ImageObject","inLanguage":"bs-BA","@id":"https:\/\/tuzlainfo.ba\/index.php\/novosti\/item\/222027-tk-odrzana-edukacija-u-oblasti-hraniteljstva\/#primaryimage","url":"https:\/\/tuzlainfo.ba\/wp-content\/uploads\/2023\/11\/okrugli-sto-hraniteljstvo.jpg","contentUrl":"https:\/\/tuzlainfo.ba\/wp-content\/uploads\/2023\/11\/okrugli-sto-hraniteljstvo.jpg","width":1600,"height":1200},{"@type":"BreadcrumbList","@id":"https:\/\/tuzlainfo.ba\/index.php\/novosti\/item\/222027-tk-odrzana-edukacija-u-oblasti-hraniteljstva\/#breadcrumb","itemListElement":[{"@type":"ListItem","position":1,"name":"Home","item":"https:\/\/tuzlainfo.ba\/"},{"@type":"ListItem","position":2,"name":"TK: Odr\u017eana edukacija u oblasti hraniteljstva"}]},{"@type":"WebSite","@id":"https:\/\/tuzlainfo.ba\/#website","url":"https:\/\/tuzlainfo.ba\/","name":"TuzlaInfo.ba","description":"Tuzla info, gradski informator - Tuzla na dlanu","publisher":{"@id":"https:\/\/tuzlainfo.ba\/#organization"},"potentialAction":[{"@type":"SearchAction","target":{"@type":"EntryPoint","urlTemplate":"https:\/\/tuzlainfo.ba\/?s={search_term_string}"},"query-input":{"@type":"PropertyValueSpecification","valueRequired":true,"valueName":"search_term_string"}}],"inLanguage":"bs-BA"},{"@type":"Organization","@id":"https:\/\/tuzlainfo.ba\/#organization","name":"TuzlaInfo.ba","url":"https:\/\/tuzlainfo.ba\/","logo":{"@type":"ImageObject","inLanguage":"bs-BA","@id":"https:\/\/tuzlainfo.ba\/#\/schema\/logo\/image\/","url":"https:\/\/tuzlainfo.ba\/wp-content\/uploads\/2021\/03\/logo-ver-3-1.png","contentUrl":"https:\/\/tuzlainfo.ba\/wp-content\/uploads\/2021\/03\/logo-ver-3-1.png","width":350,"height":95,"caption":"TuzlaInfo.ba"},"image":{"@id":"https:\/\/tuzlainfo.ba\/#\/schema\/logo\/image\/"},"sameAs":["https:\/\/www.facebook.com\/tuzlainfo.ba\/"]},{"@type":"Person","@id":"https:\/\/tuzlainfo.ba\/#\/schema\/person\/46cad4c57790cbc50781edd14870825a","name":"Tuzla Info","image":{"@type":"ImageObject","inLanguage":"bs-BA","@id":"https:\/\/tuzlainfo.ba\/#\/schema\/person\/image\/","url":"https:\/\/tuzlainfo.ba\/wp-content\/litespeed\/avatar\/b6c453a6c38e3654f2e4416c643fc25c.jpg?ver=1777051911","contentUrl":"https:\/\/tuzlainfo.ba\/wp-content\/litespeed\/avatar\/b6c453a6c38e3654f2e4416c643fc25c.jpg?ver=1777051911","caption":"Tuzla Info"}}]}},"_links":{"self":[{"href":"https:\/\/tuzlainfo.ba\/index.php\/wp-json\/wp\/v2\/posts\/222027"}],"collection":[{"href":"https:\/\/tuzlainfo.ba\/index.php\/wp-json\/wp\/v2\/posts"}],"about":[{"href":"https:\/\/tuzlainfo.ba\/index.php\/wp-json\/wp\/v2\/types\/post"}],"author":[{"embeddable":true,"href":"https:\/\/tuzlainfo.ba\/index.php\/wp-json\/wp\/v2\/users\/4"}],"replies":[{"embeddable":true,"href":"https:\/\/tuzlainfo.ba\/index.php\/wp-json\/wp\/v2\/comments?post=222027"}],"version-history":[{"count":1,"href":"https:\/\/tuzlainfo.ba\/index.php\/wp-json\/wp\/v2\/posts\/222027\/revisions"}],"predecessor-version":[{"id":222029,"href":"https:\/\/tuzlainfo.ba\/index.php\/wp-json\/wp\/v2\/posts\/222027\/revisions\/222029"}],"wp:featuredmedia":[{"embeddable":true,"href":"https:\/\/tuzlainfo.ba\/index.php\/wp-json\/wp\/v2\/media\/222028"}],"wp:attachment":[{"href":"https:\/\/tuzlainfo.ba\/index.php\/wp-json\/wp\/v2\/media?parent=222027"}],"wp:term":[{"taxonomy":"category","embeddable":true,"href":"https:\/\/tuzlainfo.ba\/index.php\/wp-json\/wp\/v2\/categories?post=222027"},{"taxonomy":"post_tag","embeddable":true,"href":"https:\/\/tuzlainfo.ba\/index.php\/wp-json\/wp\/v2\/tags?post=222027"}],"curies":[{"name":"wp","href":"https:\/\/api.w.org\/{rel}","templated":true}]}}