{"id":221992,"date":"2023-11-08T12:40:42","date_gmt":"2023-11-08T11:40:42","guid":{"rendered":"https:\/\/tuzlainfo.ba\/?p=221992"},"modified":"2023-11-08T12:40:42","modified_gmt":"2023-11-08T11:40:42","slug":"evropska-komisija-zeleno-svjetlo-za-bosnu-i-hercegovinu-ali-pod-odredjenim-uvjetima","status":"publish","type":"post","link":"https:\/\/tuzlainfo.ba\/index.php\/bosna-i-hercegovina\/item\/221992-evropska-komisija-zeleno-svjetlo-za-bosnu-i-hercegovinu-ali-pod-odredjenim-uvjetima\/","title":{"rendered":"Evropska komisija: Zeleno svjetlo za Bosnu i Hercegovinu, ali pod odre\u0111enim uvjetima"},"content":{"rendered":"<p>Bosna i Hercegovina dobila je u srijedu zeleno svjetlo za po\u010detak pregovora o \u010dlanstvu u Europsku uniju, ali pod odre\u0111enim uvjetima.<\/p>\n<p>Kolegij komesara Europske unije sastao se jutros kako bi razgovarao o napretku koji su Ukrajina i devet drugih zemalja, me\u0111u kojima i Bosna i Hercegovina, postigle u svojim nastojanjima da se pridru\u017ee EU.<\/p>\n<p>Iako u izvje\u0161\u0107u o napretku BiH nije do\u0161lo do usugla\u0161avanja za otvaranje pregovora, donesena je odluka da BiH dobije zeleno svjetlo, uz nekoliko uvjeta koji trebaju biti ispunjeni do o\u017eujka 2024. godine.<\/p>\n<p>&#8211; Danas je povijesni dan jer Europska komisija predla\u017ee da se otvore pregovori o pristupanju s Ukrajinom i Moldavijom. Isto tako i s BiH, ali onog trenutka kada budu ispunjeni uvjeti. Europska komisija tako\u0111er predla\u017ee da Vije\u0107e EU odobri Gruziji status zemlje kandidata pod uvjetom da se poduzmu odre\u0111eni koraci \u2013 rekla je nakon sastanka predsjednica Europske komisije Ursula von der Leyen.<\/p>\n<p>Kada je u pitanju Bosna i Hercegovina, Von der Leyen je dodala kako su prepoznali cijeli niz poduzetih koraka, poput brzog formiranja Vije\u0107a ministara, kao i predanost svih politi\u010dkih stranaka u cilju pristupanja Europskoj uniji.<\/p>\n<p>&#8211; To je dovelo i do napretka u borbi protiv organiziranog kriminala, terorizma i sli\u010dno. Me\u0111utim, isto tako primje\u0107ujemo da je Republika Srpska donijela niz protuustavnih zakona. Stoga Europska komisija preporu\u010duje Vije\u0107u EU pristupanje pregovorima, ali onda kada se ostvari nu\u017eni stupanj uskla\u0111enosti s kriterijima. Komisija \u0107e izvijestiti Vije\u0107e o napretku u o\u017eujku 2024. godine \u2013 naglasila je ona.<\/p>\n<p>Jo\u0161 je kazala kako je pro\u0161irenje klju\u010d i kompletiranje Europske unije, &#8221;na\u0161a povijesna zada\u0107a&#8221;.<\/p>\n<p>&#8211; Gra\u0111ani zemalja koje \u017eele pristupiti Europskoj uniji jesu Europljani. Ve\u017eu nas geografske, povijesne i vrijednosne veze. Dovr\u0161avanje na\u0161e Unije prati \u010dvrstu ekonomsku i geopoliti\u010dku logiku jer su dosada\u0161nja pro\u0161irenja donijela velike prednosti. Svi smo mi u tome pobjednici \u2013 zaklju\u010dila je ona.<\/p>\n<p>Podsje\u0107amo, napredak Bosne i Hercegovine na europskom putu izazvao je posljednjih dana brojne rasprave i iznjedrio razli\u010dite stavove mnogih zemalja.<\/p>\n<p>Nakon glasina da bi Europska komisija mogla dati zeleno svjetlo Bosni i Hercegovini za otvaranje pregovora, neke zemlje Europske unije tvrdile su da je na\u0161a zemlja nazadovala u pogledu vladavine prava i demokratskih principa. Me\u0111utim, drugi su du\u017enosnici smatrali da bi EK mogla biti optu\u017eena za dvostruke standarde ukoliko otvori pregovore o pridru\u017eivanju s Ukrajinom, ali ne i sa BiH.<\/p>\n<p>Ipak, diplomate su naglasile da je Ukrajina ulo\u017eila napore da se pribli\u017ei standardima EU, dok se situacija u Bosni i Hercegovini pogor\u0161ala i stoga ne treba biti nagra\u0111ena.<\/p>\n<p>Ina\u010de, BiH je u prosincu pro\u0161le godine dobila status kandidata, a u tom procesu treba ispuniti osam uvjeta. Osim toga, Europska komisija je izradila mi\u0161ljenje o spremnosti zemlje da postane kandidat EU s 14 prioriteta koji \u0107e biti na stolu i nakon otvaranja pristupnih pregovora.<\/p>\n","protected":false},"excerpt":{"rendered":"<p>Bosna i Hercegovina dobila je u srijedu zeleno svjetlo za po\u010detak pregovora o \u010dlanstvu u Europsku uniju, ali pod odre\u0111enim uvjetima. Kolegij komesara Europske unije sastao se jutros kako bi razgovarao o napretku koji su Ukrajina i devet drugih zemalja, me\u0111u kojima i Bosna i Hercegovina, postigle u svojim nastojanjima da se pridru\u017ee EU. Iako [&hellip;]<\/p>\n","protected":false},"author":4,"featured_media":85872,"comment_status":"open","ping_status":"closed","sticky":false,"template":"","format":"standard","meta":{"footnotes":""},"categories":[291,304],"tags":[1501,2985],"class_list":["post-221992","post","type-post","status-publish","format-standard","has-post-thumbnail","hentry","category-bosna-i-hercegovina","category-istaknuto","tag-bosna-i-hercegovina","tag-evropska-unija"],"yoast_head":"<!-- This site is optimized with the Yoast SEO plugin v28.3 - https:\/\/yoast.com\/product\/yoast-seo-wordpress\/ -->\n<title>Evropska komisija: Zeleno svjetlo za Bosnu i Hercegovinu, ali pod odre\u0111enim uvjetima<\/title>\n<meta name=\"robots\" content=\"index, follow, max-snippet:-1, max-image-preview:large, max-video-preview:-1\" \/>\n<link rel=\"canonical\" href=\"https:\/\/tuzlainfo.ba\/index.php\/bosna-i-hercegovina\/item\/221992-evropska-komisija-zeleno-svjetlo-za-bosnu-i-hercegovinu-ali-pod-odredjenim-uvjetima\/\" \/>\n<meta property=\"og:locale\" content=\"bs_BA\" \/>\n<meta property=\"og:type\" content=\"article\" \/>\n<meta property=\"og:title\" content=\"Evropska komisija: Zeleno svjetlo za Bosnu i Hercegovinu, ali pod odre\u0111enim uvjetima\" \/>\n<meta property=\"og:description\" content=\"Bosna i Hercegovina dobila je u srijedu zeleno svjetlo za po\u010detak pregovora o \u010dlanstvu u Europsku uniju, ali pod odre\u0111enim uvjetima. Kolegij komesara Europske unije sastao se jutros kako bi razgovarao o napretku koji su Ukrajina i devet drugih zemalja, me\u0111u kojima i Bosna i Hercegovina, postigle u svojim nastojanjima da se pridru\u017ee EU. Iako [&hellip;]\" \/>\n<meta property=\"og:url\" content=\"https:\/\/tuzlainfo.ba\/index.php\/bosna-i-hercegovina\/item\/221992-evropska-komisija-zeleno-svjetlo-za-bosnu-i-hercegovinu-ali-pod-odredjenim-uvjetima\/\" \/>\n<meta property=\"og:site_name\" content=\"TuzlaInfo.ba\" \/>\n<meta property=\"article:publisher\" content=\"https:\/\/www.facebook.com\/tuzlainfo.ba\/\" \/>\n<meta property=\"article:published_time\" content=\"2023-11-08T11:40:42+00:00\" \/>\n<meta property=\"og:image\" content=\"https:\/\/tuzlainfo.ba\/wp-content\/uploads\/2021\/01\/sadrzaj_2021_20210102_2201_eu.jpg\" \/>\n\t<meta property=\"og:image:width\" content=\"770\" \/>\n\t<meta property=\"og:image:height\" content=\"433\" \/>\n\t<meta property=\"og:image:type\" content=\"image\/jpeg\" \/>\n<meta name=\"author\" content=\"Tuzla Info\" \/>\n<meta name=\"twitter:card\" content=\"summary_large_image\" \/>\n<meta name=\"twitter:label1\" content=\"Written by\" \/>\n\t<meta name=\"twitter:data1\" content=\"Tuzla Info\" \/>\n\t<meta name=\"twitter:label2\" content=\"Est. reading time\" \/>\n\t<meta name=\"twitter:data2\" content=\"2 minute\" \/>\n<script type=\"application\/ld+json\" class=\"yoast-schema-graph\">{\"@context\":\"https:\\\/\\\/schema.org\",\"@graph\":[{\"@type\":\"Article\",\"@id\":\"https:\\\/\\\/tuzlainfo.ba\\\/index.php\\\/bosna-i-hercegovina\\\/item\\\/221992-evropska-komisija-zeleno-svjetlo-za-bosnu-i-hercegovinu-ali-pod-odredjenim-uvjetima\\\/#article\",\"isPartOf\":{\"@id\":\"https:\\\/\\\/tuzlainfo.ba\\\/index.php\\\/bosna-i-hercegovina\\\/item\\\/221992-evropska-komisija-zeleno-svjetlo-za-bosnu-i-hercegovinu-ali-pod-odredjenim-uvjetima\\\/\"},\"author\":{\"name\":\"Tuzla Info\",\"@id\":\"https:\\\/\\\/tuzlainfo.ba\\\/#\\\/schema\\\/person\\\/46cad4c57790cbc50781edd14870825a\"},\"headline\":\"Evropska komisija: Zeleno svjetlo za Bosnu i Hercegovinu, ali pod odre\u0111enim uvjetima\",\"datePublished\":\"2023-11-08T11:40:42+00:00\",\"mainEntityOfPage\":{\"@id\":\"https:\\\/\\\/tuzlainfo.ba\\\/index.php\\\/bosna-i-hercegovina\\\/item\\\/221992-evropska-komisija-zeleno-svjetlo-za-bosnu-i-hercegovinu-ali-pod-odredjenim-uvjetima\\\/\"},\"wordCount\":508,\"commentCount\":0,\"publisher\":{\"@id\":\"https:\\\/\\\/tuzlainfo.ba\\\/#organization\"},\"image\":{\"@id\":\"https:\\\/\\\/tuzlainfo.ba\\\/index.php\\\/bosna-i-hercegovina\\\/item\\\/221992-evropska-komisija-zeleno-svjetlo-za-bosnu-i-hercegovinu-ali-pod-odredjenim-uvjetima\\\/#primaryimage\"},\"thumbnailUrl\":\"https:\\\/\\\/tuzlainfo.ba\\\/wp-content\\\/uploads\\\/2021\\\/01\\\/sadrzaj_2021_20210102_2201_eu.jpg\",\"keywords\":[\"bosna i hercegovina\",\"Evropska unija\"],\"articleSection\":[\"Bosna i Hercegovina\",\"Istaknuto\"],\"inLanguage\":\"bs-BA\",\"copyrightYear\":\"2023\",\"copyrightHolder\":{\"@id\":\"https:\\\/\\\/tuzlainfo.ba\\\/#organization\"}},{\"@type\":\"WebPage\",\"@id\":\"https:\\\/\\\/tuzlainfo.ba\\\/index.php\\\/bosna-i-hercegovina\\\/item\\\/221992-evropska-komisija-zeleno-svjetlo-za-bosnu-i-hercegovinu-ali-pod-odredjenim-uvjetima\\\/\",\"url\":\"https:\\\/\\\/tuzlainfo.ba\\\/index.php\\\/bosna-i-hercegovina\\\/item\\\/221992-evropska-komisija-zeleno-svjetlo-za-bosnu-i-hercegovinu-ali-pod-odredjenim-uvjetima\\\/\",\"name\":\"Evropska komisija: Zeleno svjetlo za Bosnu i Hercegovinu, ali pod odre\u0111enim uvjetima\",\"isPartOf\":{\"@id\":\"https:\\\/\\\/tuzlainfo.ba\\\/#website\"},\"primaryImageOfPage\":{\"@id\":\"https:\\\/\\\/tuzlainfo.ba\\\/index.php\\\/bosna-i-hercegovina\\\/item\\\/221992-evropska-komisija-zeleno-svjetlo-za-bosnu-i-hercegovinu-ali-pod-odredjenim-uvjetima\\\/#primaryimage\"},\"image\":{\"@id\":\"https:\\\/\\\/tuzlainfo.ba\\\/index.php\\\/bosna-i-hercegovina\\\/item\\\/221992-evropska-komisija-zeleno-svjetlo-za-bosnu-i-hercegovinu-ali-pod-odredjenim-uvjetima\\\/#primaryimage\"},\"thumbnailUrl\":\"https:\\\/\\\/tuzlainfo.ba\\\/wp-content\\\/uploads\\\/2021\\\/01\\\/sadrzaj_2021_20210102_2201_eu.jpg\",\"datePublished\":\"2023-11-08T11:40:42+00:00\",\"breadcrumb\":{\"@id\":\"https:\\\/\\\/tuzlainfo.ba\\\/index.php\\\/bosna-i-hercegovina\\\/item\\\/221992-evropska-komisija-zeleno-svjetlo-za-bosnu-i-hercegovinu-ali-pod-odredjenim-uvjetima\\\/#breadcrumb\"},\"inLanguage\":\"bs-BA\",\"potentialAction\":[{\"@type\":\"ReadAction\",\"target\":[\"https:\\\/\\\/tuzlainfo.ba\\\/index.php\\\/bosna-i-hercegovina\\\/item\\\/221992-evropska-komisija-zeleno-svjetlo-za-bosnu-i-hercegovinu-ali-pod-odredjenim-uvjetima\\\/\"]}]},{\"@type\":\"ImageObject\",\"inLanguage\":\"bs-BA\",\"@id\":\"https:\\\/\\\/tuzlainfo.ba\\\/index.php\\\/bosna-i-hercegovina\\\/item\\\/221992-evropska-komisija-zeleno-svjetlo-za-bosnu-i-hercegovinu-ali-pod-odredjenim-uvjetima\\\/#primaryimage\",\"url\":\"https:\\\/\\\/tuzlainfo.ba\\\/wp-content\\\/uploads\\\/2021\\\/01\\\/sadrzaj_2021_20210102_2201_eu.jpg\",\"contentUrl\":\"https:\\\/\\\/tuzlainfo.ba\\\/wp-content\\\/uploads\\\/2021\\\/01\\\/sadrzaj_2021_20210102_2201_eu.jpg\",\"width\":770,\"height\":433,\"caption\":\"2201 eu\"},{\"@type\":\"BreadcrumbList\",\"@id\":\"https:\\\/\\\/tuzlainfo.ba\\\/index.php\\\/bosna-i-hercegovina\\\/item\\\/221992-evropska-komisija-zeleno-svjetlo-za-bosnu-i-hercegovinu-ali-pod-odredjenim-uvjetima\\\/#breadcrumb\",\"itemListElement\":[{\"@type\":\"ListItem\",\"position\":1,\"name\":\"Home\",\"item\":\"https:\\\/\\\/tuzlainfo.ba\\\/\"},{\"@type\":\"ListItem\",\"position\":2,\"name\":\"Evropska komisija: Zeleno svjetlo za Bosnu i Hercegovinu, ali pod odre\u0111enim uvjetima\"}]},{\"@type\":\"WebSite\",\"@id\":\"https:\\\/\\\/tuzlainfo.ba\\\/#website\",\"url\":\"https:\\\/\\\/tuzlainfo.ba\\\/\",\"name\":\"TuzlaInfo.ba\",\"description\":\"Tuzla info, gradski informator - Tuzla na dlanu\",\"publisher\":{\"@id\":\"https:\\\/\\\/tuzlainfo.ba\\\/#organization\"},\"potentialAction\":[{\"@type\":\"SearchAction\",\"target\":{\"@type\":\"EntryPoint\",\"urlTemplate\":\"https:\\\/\\\/tuzlainfo.ba\\\/?s={search_term_string}\"},\"query-input\":{\"@type\":\"PropertyValueSpecification\",\"valueRequired\":true,\"valueName\":\"search_term_string\"}}],\"inLanguage\":\"bs-BA\"},{\"@type\":\"Organization\",\"@id\":\"https:\\\/\\\/tuzlainfo.ba\\\/#organization\",\"name\":\"TuzlaInfo.ba\",\"url\":\"https:\\\/\\\/tuzlainfo.ba\\\/\",\"logo\":{\"@type\":\"ImageObject\",\"inLanguage\":\"bs-BA\",\"@id\":\"https:\\\/\\\/tuzlainfo.ba\\\/#\\\/schema\\\/logo\\\/image\\\/\",\"url\":\"https:\\\/\\\/tuzlainfo.ba\\\/wp-content\\\/uploads\\\/2021\\\/03\\\/logo-ver-3-1.png\",\"contentUrl\":\"https:\\\/\\\/tuzlainfo.ba\\\/wp-content\\\/uploads\\\/2021\\\/03\\\/logo-ver-3-1.png\",\"width\":350,\"height\":95,\"caption\":\"TuzlaInfo.ba\"},\"image\":{\"@id\":\"https:\\\/\\\/tuzlainfo.ba\\\/#\\\/schema\\\/logo\\\/image\\\/\"},\"sameAs\":[\"https:\\\/\\\/www.facebook.com\\\/tuzlainfo.ba\\\/\"]},{\"@type\":\"Person\",\"@id\":\"https:\\\/\\\/tuzlainfo.ba\\\/#\\\/schema\\\/person\\\/46cad4c57790cbc50781edd14870825a\",\"name\":\"Tuzla Info\",\"image\":{\"@type\":\"ImageObject\",\"inLanguage\":\"bs-BA\",\"@id\":\"https:\\\/\\\/secure.gravatar.com\\\/avatar\\\/e980921b00fa2e552723a2386544734ce6885d2b2304ccca3f45186f9ca4031d?s=96&d=mm&r=g\",\"url\":\"https:\\\/\\\/secure.gravatar.com\\\/avatar\\\/e980921b00fa2e552723a2386544734ce6885d2b2304ccca3f45186f9ca4031d?s=96&d=mm&r=g\",\"contentUrl\":\"https:\\\/\\\/secure.gravatar.com\\\/avatar\\\/e980921b00fa2e552723a2386544734ce6885d2b2304ccca3f45186f9ca4031d?s=96&d=mm&r=g\",\"caption\":\"Tuzla Info\"}}]}<\/script>\n<!-- \/ Yoast SEO plugin. -->","yoast_head_json":{"title":"Evropska komisija: Zeleno svjetlo za Bosnu i Hercegovinu, ali pod odre\u0111enim uvjetima","robots":{"index":"index","follow":"follow","max-snippet":"max-snippet:-1","max-image-preview":"max-image-preview:large","max-video-preview":"max-video-preview:-1"},"canonical":"https:\/\/tuzlainfo.ba\/index.php\/bosna-i-hercegovina\/item\/221992-evropska-komisija-zeleno-svjetlo-za-bosnu-i-hercegovinu-ali-pod-odredjenim-uvjetima\/","og_locale":"bs_BA","og_type":"article","og_title":"Evropska komisija: Zeleno svjetlo za Bosnu i Hercegovinu, ali pod odre\u0111enim uvjetima","og_description":"Bosna i Hercegovina dobila je u srijedu zeleno svjetlo za po\u010detak pregovora o \u010dlanstvu u Europsku uniju, ali pod odre\u0111enim uvjetima. Kolegij komesara Europske unije sastao se jutros kako bi razgovarao o napretku koji su Ukrajina i devet drugih zemalja, me\u0111u kojima i Bosna i Hercegovina, postigle u svojim nastojanjima da se pridru\u017ee EU. Iako [&hellip;]","og_url":"https:\/\/tuzlainfo.ba\/index.php\/bosna-i-hercegovina\/item\/221992-evropska-komisija-zeleno-svjetlo-za-bosnu-i-hercegovinu-ali-pod-odredjenim-uvjetima\/","og_site_name":"TuzlaInfo.ba","article_publisher":"https:\/\/www.facebook.com\/tuzlainfo.ba\/","article_published_time":"2023-11-08T11:40:42+00:00","og_image":[{"width":770,"height":433,"url":"https:\/\/tuzlainfo.ba\/wp-content\/uploads\/2021\/01\/sadrzaj_2021_20210102_2201_eu.jpg","type":"image\/jpeg"}],"author":"Tuzla Info","twitter_card":"summary_large_image","twitter_misc":{"Written by":"Tuzla Info","Est. reading time":"2 minute"},"schema":{"@context":"https:\/\/schema.org","@graph":[{"@type":"Article","@id":"https:\/\/tuzlainfo.ba\/index.php\/bosna-i-hercegovina\/item\/221992-evropska-komisija-zeleno-svjetlo-za-bosnu-i-hercegovinu-ali-pod-odredjenim-uvjetima\/#article","isPartOf":{"@id":"https:\/\/tuzlainfo.ba\/index.php\/bosna-i-hercegovina\/item\/221992-evropska-komisija-zeleno-svjetlo-za-bosnu-i-hercegovinu-ali-pod-odredjenim-uvjetima\/"},"author":{"name":"Tuzla Info","@id":"https:\/\/tuzlainfo.ba\/#\/schema\/person\/46cad4c57790cbc50781edd14870825a"},"headline":"Evropska komisija: Zeleno svjetlo za Bosnu i Hercegovinu, ali pod odre\u0111enim uvjetima","datePublished":"2023-11-08T11:40:42+00:00","mainEntityOfPage":{"@id":"https:\/\/tuzlainfo.ba\/index.php\/bosna-i-hercegovina\/item\/221992-evropska-komisija-zeleno-svjetlo-za-bosnu-i-hercegovinu-ali-pod-odredjenim-uvjetima\/"},"wordCount":508,"commentCount":0,"publisher":{"@id":"https:\/\/tuzlainfo.ba\/#organization"},"image":{"@id":"https:\/\/tuzlainfo.ba\/index.php\/bosna-i-hercegovina\/item\/221992-evropska-komisija-zeleno-svjetlo-za-bosnu-i-hercegovinu-ali-pod-odredjenim-uvjetima\/#primaryimage"},"thumbnailUrl":"https:\/\/tuzlainfo.ba\/wp-content\/uploads\/2021\/01\/sadrzaj_2021_20210102_2201_eu.jpg","keywords":["bosna i hercegovina","Evropska unija"],"articleSection":["Bosna i Hercegovina","Istaknuto"],"inLanguage":"bs-BA","copyrightYear":"2023","copyrightHolder":{"@id":"https:\/\/tuzlainfo.ba\/#organization"}},{"@type":"WebPage","@id":"https:\/\/tuzlainfo.ba\/index.php\/bosna-i-hercegovina\/item\/221992-evropska-komisija-zeleno-svjetlo-za-bosnu-i-hercegovinu-ali-pod-odredjenim-uvjetima\/","url":"https:\/\/tuzlainfo.ba\/index.php\/bosna-i-hercegovina\/item\/221992-evropska-komisija-zeleno-svjetlo-za-bosnu-i-hercegovinu-ali-pod-odredjenim-uvjetima\/","name":"Evropska komisija: Zeleno svjetlo za Bosnu i Hercegovinu, ali pod odre\u0111enim uvjetima","isPartOf":{"@id":"https:\/\/tuzlainfo.ba\/#website"},"primaryImageOfPage":{"@id":"https:\/\/tuzlainfo.ba\/index.php\/bosna-i-hercegovina\/item\/221992-evropska-komisija-zeleno-svjetlo-za-bosnu-i-hercegovinu-ali-pod-odredjenim-uvjetima\/#primaryimage"},"image":{"@id":"https:\/\/tuzlainfo.ba\/index.php\/bosna-i-hercegovina\/item\/221992-evropska-komisija-zeleno-svjetlo-za-bosnu-i-hercegovinu-ali-pod-odredjenim-uvjetima\/#primaryimage"},"thumbnailUrl":"https:\/\/tuzlainfo.ba\/wp-content\/uploads\/2021\/01\/sadrzaj_2021_20210102_2201_eu.jpg","datePublished":"2023-11-08T11:40:42+00:00","breadcrumb":{"@id":"https:\/\/tuzlainfo.ba\/index.php\/bosna-i-hercegovina\/item\/221992-evropska-komisija-zeleno-svjetlo-za-bosnu-i-hercegovinu-ali-pod-odredjenim-uvjetima\/#breadcrumb"},"inLanguage":"bs-BA","potentialAction":[{"@type":"ReadAction","target":["https:\/\/tuzlainfo.ba\/index.php\/bosna-i-hercegovina\/item\/221992-evropska-komisija-zeleno-svjetlo-za-bosnu-i-hercegovinu-ali-pod-odredjenim-uvjetima\/"]}]},{"@type":"ImageObject","inLanguage":"bs-BA","@id":"https:\/\/tuzlainfo.ba\/index.php\/bosna-i-hercegovina\/item\/221992-evropska-komisija-zeleno-svjetlo-za-bosnu-i-hercegovinu-ali-pod-odredjenim-uvjetima\/#primaryimage","url":"https:\/\/tuzlainfo.ba\/wp-content\/uploads\/2021\/01\/sadrzaj_2021_20210102_2201_eu.jpg","contentUrl":"https:\/\/tuzlainfo.ba\/wp-content\/uploads\/2021\/01\/sadrzaj_2021_20210102_2201_eu.jpg","width":770,"height":433,"caption":"2201 eu"},{"@type":"BreadcrumbList","@id":"https:\/\/tuzlainfo.ba\/index.php\/bosna-i-hercegovina\/item\/221992-evropska-komisija-zeleno-svjetlo-za-bosnu-i-hercegovinu-ali-pod-odredjenim-uvjetima\/#breadcrumb","itemListElement":[{"@type":"ListItem","position":1,"name":"Home","item":"https:\/\/tuzlainfo.ba\/"},{"@type":"ListItem","position":2,"name":"Evropska komisija: Zeleno svjetlo za Bosnu i Hercegovinu, ali pod odre\u0111enim uvjetima"}]},{"@type":"WebSite","@id":"https:\/\/tuzlainfo.ba\/#website","url":"https:\/\/tuzlainfo.ba\/","name":"TuzlaInfo.ba","description":"Tuzla info, gradski informator - Tuzla na dlanu","publisher":{"@id":"https:\/\/tuzlainfo.ba\/#organization"},"potentialAction":[{"@type":"SearchAction","target":{"@type":"EntryPoint","urlTemplate":"https:\/\/tuzlainfo.ba\/?s={search_term_string}"},"query-input":{"@type":"PropertyValueSpecification","valueRequired":true,"valueName":"search_term_string"}}],"inLanguage":"bs-BA"},{"@type":"Organization","@id":"https:\/\/tuzlainfo.ba\/#organization","name":"TuzlaInfo.ba","url":"https:\/\/tuzlainfo.ba\/","logo":{"@type":"ImageObject","inLanguage":"bs-BA","@id":"https:\/\/tuzlainfo.ba\/#\/schema\/logo\/image\/","url":"https:\/\/tuzlainfo.ba\/wp-content\/uploads\/2021\/03\/logo-ver-3-1.png","contentUrl":"https:\/\/tuzlainfo.ba\/wp-content\/uploads\/2021\/03\/logo-ver-3-1.png","width":350,"height":95,"caption":"TuzlaInfo.ba"},"image":{"@id":"https:\/\/tuzlainfo.ba\/#\/schema\/logo\/image\/"},"sameAs":["https:\/\/www.facebook.com\/tuzlainfo.ba\/"]},{"@type":"Person","@id":"https:\/\/tuzlainfo.ba\/#\/schema\/person\/46cad4c57790cbc50781edd14870825a","name":"Tuzla Info","image":{"@type":"ImageObject","inLanguage":"bs-BA","@id":"https:\/\/secure.gravatar.com\/avatar\/e980921b00fa2e552723a2386544734ce6885d2b2304ccca3f45186f9ca4031d?s=96&d=mm&r=g","url":"https:\/\/secure.gravatar.com\/avatar\/e980921b00fa2e552723a2386544734ce6885d2b2304ccca3f45186f9ca4031d?s=96&d=mm&r=g","contentUrl":"https:\/\/secure.gravatar.com\/avatar\/e980921b00fa2e552723a2386544734ce6885d2b2304ccca3f45186f9ca4031d?s=96&d=mm&r=g","caption":"Tuzla Info"}}]}},"_links":{"self":[{"href":"https:\/\/tuzlainfo.ba\/index.php\/wp-json\/wp\/v2\/posts\/221992","targetHints":{"allow":["GET"]}}],"collection":[{"href":"https:\/\/tuzlainfo.ba\/index.php\/wp-json\/wp\/v2\/posts"}],"about":[{"href":"https:\/\/tuzlainfo.ba\/index.php\/wp-json\/wp\/v2\/types\/post"}],"author":[{"embeddable":true,"href":"https:\/\/tuzlainfo.ba\/index.php\/wp-json\/wp\/v2\/users\/4"}],"replies":[{"embeddable":true,"href":"https:\/\/tuzlainfo.ba\/index.php\/wp-json\/wp\/v2\/comments?post=221992"}],"version-history":[{"count":1,"href":"https:\/\/tuzlainfo.ba\/index.php\/wp-json\/wp\/v2\/posts\/221992\/revisions"}],"predecessor-version":[{"id":221993,"href":"https:\/\/tuzlainfo.ba\/index.php\/wp-json\/wp\/v2\/posts\/221992\/revisions\/221993"}],"wp:featuredmedia":[{"embeddable":true,"href":"https:\/\/tuzlainfo.ba\/index.php\/wp-json\/wp\/v2\/media\/85872"}],"wp:attachment":[{"href":"https:\/\/tuzlainfo.ba\/index.php\/wp-json\/wp\/v2\/media?parent=221992"}],"wp:term":[{"taxonomy":"category","embeddable":true,"href":"https:\/\/tuzlainfo.ba\/index.php\/wp-json\/wp\/v2\/categories?post=221992"},{"taxonomy":"post_tag","embeddable":true,"href":"https:\/\/tuzlainfo.ba\/index.php\/wp-json\/wp\/v2\/tags?post=221992"}],"curies":[{"name":"wp","href":"https:\/\/api.w.org\/{rel}","templated":true}]}}