{"id":221702,"date":"2023-11-04T15:02:49","date_gmt":"2023-11-04T14:02:49","guid":{"rendered":"https:\/\/tuzlainfo.ba\/?p=221702"},"modified":"2023-11-04T16:47:07","modified_gmt":"2023-11-04T15:47:07","slug":"jak-vjetar-napravio-stetu-sirom-bih-izdato-novo-upozorenje","status":"publish","type":"post","link":"https:\/\/tuzlainfo.ba\/index.php\/bosna-i-hercegovina\/item\/221702-jak-vjetar-napravio-stetu-sirom-bih-izdato-novo-upozorenje\/","title":{"rendered":"Jak vjetar napravio \u0161tetu \u0161irom BiH, izdato novo upozorenje"},"content":{"rendered":"<p>Jak vjetar prethodne no\u0107i zahvatio ve\u0107i dio Bosne i Hercegovine prouzrokovao je materijalmnu \u0161tetu na stambenim i drugim objektima.<\/p>\n<p>Meteoalrm je izdao za danas i sutra upozorenje na olujni vjetar koji \u0107e imati udare do 90, a na planinama i do 100 kilometara na sat. Za sutra je najavljeno od 3:00 poslije ponoci do 18h poslijepodne.<\/p>\n<p>Ju\u017eni vjetar ve\u010deras \u0107e ja\u010dati na zapadu, a tokom no\u0107i u ve\u0107ini predjela. Tokom no\u0107i bi\u0107e vjetrovito uz olujni vetar na zapadu, do jutra u svim predjelima. Udari \u0107e biti od 40 do 70 kilometara na \u010das zapadu.<\/p>\n<p>Vjetrovito vrijeme uz olujni vjetar u svim predjelima sa udarima od 60 do 90 kilometara na \u010das o\u010dekuje se sutra ujutro i prije podne, a na planinama ponegdje i 100 kilometara na sat.<\/p>\n<p><strong>&#8220;Sredinom dana vjetar \u0107e postepeno slabiti na sjeveru, a do ve\u010deri \u0107e oslabiti u svim predjelima. U nedjelju \u0107e po\u010deti ki\u0161a, prvo na zapadu i jugu, a tokom jutra i prijepodneva \u0107e ja\u010dati i postepeno \u0107e se premje\u0161tati od zapada ka sjeveru i istoku. Bi\u0107e i prolazno ja\u010dih pljuskova sa grmljavinom&#8221;, navedeno je u saop\u0161tenju.<\/strong><\/p>\n<p>Obilnije padavine o\u010dekuju se na jugu, od 30 do 70 litara ki\u0161e po metru kvadratnom.<\/p>\n<p>Jaka ki\u0161a u kratkom periodu mo\u017ee izazvati pojavu ubzranih poplava i probleme sa oborinskim vodama u Hercegovini. Zbog obilnijih padavina u Hrvatskoj i Sloveniji o\u010dekuje se porast vodostaja rijeke Save.<\/p>\n<p>Prema podacima Federalne uprave civilne za\u0161tite najte\u017ea situacija bila je u gradu Biha\u0107u. Jak vjetar pri\u010dinio je ve\u0107u materijalnu \u0161tetu u smislu o\u0161te\u0107enja krovova, crijepova sa poslovnih, stambenih i pomo\u0107nih objekata, kao i uru\u0161avanje stabala koja su prouzrokovala \u0161tetu.<\/p>\n<p>U gradu Cazinu prouzrokovana je manja materijalna \u0161teta o\u0161te\u0107enjem krovova na nekoliko stambenih objekata.<\/p>\n<p>I na podru\u010dju Kantona Sarajevo jaki udari vjetra prouzrokovali su materijalnu \u0161tetu. Jedno drvo je palo na dva automobila u op\u0107ini Stari Grad, a sa krova zgrade Srednje poljoprivredne \u0161kole obru\u0161io se manji dio lima. Tako\u0111er se manji dio lima u op\u0107ini Novi Grad obru\u0161io sa krova zgrade.<\/p>\n<p>Na podru\u010dju Zeni\u010dko-dobojskog kantona zbog udara jakog vjetra do\u0161lo je do o\u0161te\u0107enja krovnih konstrukcija i izvaljivanja stabala u op\u0107inama Zavidovi\u0107i i Kakanj nakon \u010dega su prouzrokovane materijalne \u0161tete na objektima.<\/p>\n<p>U toku protekle no\u0107i podru\u010dje grada Livna zahvatilo je sna\u017eno nevrijeme pra\u0107eno tu\u010dom i ki\u0161om. Prema dostupnim informacijama nisu evidentirane materijalne \u0161tete.<\/p>\n<p>Tako\u0111er je zbog jakog vjetra do\u0161lo do o\u0161te\u0107enja elektri\u010dne mre\u017ee, posebno je u Unsko-sanskom kantonu do\u0161lo do vi\u0161e kvarova \u00a0na dalekovodima i niskonaponskoj mre\u017ei.<\/p>\n<p>Ve\u0107ina kvarova je otklonjena, ali jo\u0161 uvijek bez napona su sljede\u0107i dalekovodi: u gradu Bosanska Krupa dio 10 kv dv Jasenica, u op\u0107ini Sanski Most dio 20 kV dv Dabar i u op\u0107ini Bosanski Petrovac dio 20 kV dv Klenovac.<\/p>\n<p>Na podru\u010dju Srebrenice uklonjeno je drve\u0107e sa puteva, koje je sna\u017ean vjetar polomio i oborio tokom nevremena, te se saobra\u0107aj odvija nesmetano, re\u010deno je Srni u op\u0161tinskoj Civilnoj za\u0161titi.<\/p>\n<p>Tokom ju\u010dera\u0161njeg nevremena uga\u0161en je niski \u0161umski po\u017ear kod sela Bo\u017ei\u0107i, izazvan padom niskonaponske mre\u017ee \u0161to je dovelo do paljenja suve trave i li\u0161\u0107a.<\/p>\n<p>Na brojnim krovovima ku\u0107a i pomo\u0107nih objekata vlasnici sami otklanjaju o\u0161te\u0107enja koja nisu velika, a mijenjaju i stakla na polupanim prozorima i saniraju o\u0161te\u0107ene plastenike.<\/p>\n<p>Najvi\u0161e \u0161tete vjetar je izazvao na \u0161umama u kojima je polomljen i izvaljen veliki broj stabala.<\/p>\n","protected":false},"excerpt":{"rendered":"<p>Jak vjetar prethodne no\u0107i zahvatio ve\u0107i dio Bosne i Hercegovine prouzrokovao je materijalmnu \u0161tetu na stambenim i drugim objektima. Meteoalrm je izdao za danas i sutra upozorenje na olujni vjetar koji \u0107e imati udare do 90, a na planinama i do 100 kilometara na sat. Za sutra je najavljeno od 3:00 poslije ponoci do 18h [&hellip;]<\/p>\n","protected":false},"author":2,"featured_media":211284,"comment_status":"open","ping_status":"closed","sticky":false,"template":"","format":"standard","meta":{"footnotes":""},"categories":[291],"tags":[364,1510,6214],"class_list":["post-221702","post","type-post","status-publish","format-standard","has-post-thumbnail","hentry","category-bosna-i-hercegovina","tag-meteoalarm","tag-nevrijeme","tag-vjetar"],"yoast_head":"<!-- This site is optimized with the Yoast SEO plugin v28.4 - https:\/\/yoast.com\/product\/yoast-seo-wordpress\/ -->\n<title>Jak vjetar napravio \u0161tetu \u0161irom BiH, izdato novo upozorenje<\/title>\n<meta name=\"robots\" content=\"index, follow, max-snippet:-1, max-image-preview:large, max-video-preview:-1\" \/>\n<link rel=\"canonical\" href=\"https:\/\/tuzlainfo.ba\/index.php\/bosna-i-hercegovina\/item\/221702-jak-vjetar-napravio-stetu-sirom-bih-izdato-novo-upozorenje\/\" \/>\n<meta property=\"og:locale\" content=\"bs_BA\" \/>\n<meta property=\"og:type\" content=\"article\" \/>\n<meta property=\"og:title\" content=\"Jak vjetar napravio \u0161tetu \u0161irom BiH, izdato novo upozorenje\" \/>\n<meta property=\"og:description\" content=\"Jak vjetar prethodne no\u0107i zahvatio ve\u0107i dio Bosne i Hercegovine prouzrokovao je materijalmnu \u0161tetu na stambenim i drugim objektima. Meteoalrm je izdao za danas i sutra upozorenje na olujni vjetar koji \u0107e imati udare do 90, a na planinama i do 100 kilometara na sat. Za sutra je najavljeno od 3:00 poslije ponoci do 18h [&hellip;]\" \/>\n<meta property=\"og:url\" content=\"https:\/\/tuzlainfo.ba\/index.php\/bosna-i-hercegovina\/item\/221702-jak-vjetar-napravio-stetu-sirom-bih-izdato-novo-upozorenje\/\" \/>\n<meta property=\"og:site_name\" content=\"TuzlaInfo.ba\" \/>\n<meta property=\"article:publisher\" content=\"https:\/\/www.facebook.com\/tuzlainfo.ba\/\" \/>\n<meta property=\"article:published_time\" content=\"2023-11-04T14:02:49+00:00\" \/>\n<meta property=\"article:modified_time\" content=\"2023-11-04T15:47:07+00:00\" \/>\n<meta property=\"og:image\" content=\"https:\/\/tuzlainfo.ba\/wp-content\/uploads\/2023\/07\/2207_oblacno_nevrijeme.jpg\" \/>\n\t<meta property=\"og:image:width\" content=\"800\" \/>\n\t<meta property=\"og:image:height\" content=\"456\" \/>\n\t<meta property=\"og:image:type\" content=\"image\/jpeg\" \/>\n<meta name=\"author\" content=\"nedim\" \/>\n<meta name=\"twitter:card\" content=\"summary_large_image\" \/>\n<meta name=\"twitter:label1\" content=\"Written by\" \/>\n\t<meta name=\"twitter:data1\" content=\"nedim\" \/>\n\t<meta name=\"twitter:label2\" content=\"Est. reading time\" \/>\n\t<meta name=\"twitter:data2\" content=\"3 minute\" \/>\n<script type=\"application\/ld+json\" class=\"yoast-schema-graph\">{\"@context\":\"https:\\\/\\\/schema.org\",\"@graph\":[{\"@type\":\"Article\",\"@id\":\"https:\\\/\\\/tuzlainfo.ba\\\/index.php\\\/bosna-i-hercegovina\\\/item\\\/221702-jak-vjetar-napravio-stetu-sirom-bih-izdato-novo-upozorenje\\\/#article\",\"isPartOf\":{\"@id\":\"https:\\\/\\\/tuzlainfo.ba\\\/index.php\\\/bosna-i-hercegovina\\\/item\\\/221702-jak-vjetar-napravio-stetu-sirom-bih-izdato-novo-upozorenje\\\/\"},\"author\":{\"name\":\"nedim\",\"@id\":\"https:\\\/\\\/tuzlainfo.ba\\\/#\\\/schema\\\/person\\\/f434e20dc27ea133923aab08451b7f7f\"},\"headline\":\"Jak vjetar napravio \u0161tetu \u0161irom BiH, izdato novo upozorenje\",\"datePublished\":\"2023-11-04T14:02:49+00:00\",\"dateModified\":\"2023-11-04T15:47:07+00:00\",\"mainEntityOfPage\":{\"@id\":\"https:\\\/\\\/tuzlainfo.ba\\\/index.php\\\/bosna-i-hercegovina\\\/item\\\/221702-jak-vjetar-napravio-stetu-sirom-bih-izdato-novo-upozorenje\\\/\"},\"wordCount\":622,\"commentCount\":0,\"publisher\":{\"@id\":\"https:\\\/\\\/tuzlainfo.ba\\\/#organization\"},\"image\":{\"@id\":\"https:\\\/\\\/tuzlainfo.ba\\\/index.php\\\/bosna-i-hercegovina\\\/item\\\/221702-jak-vjetar-napravio-stetu-sirom-bih-izdato-novo-upozorenje\\\/#primaryimage\"},\"thumbnailUrl\":\"https:\\\/\\\/tuzlainfo.ba\\\/wp-content\\\/uploads\\\/2023\\\/07\\\/2207_oblacno_nevrijeme.jpg\",\"keywords\":[\"meteoalarm\",\"nevrijeme\",\"vjetar\"],\"articleSection\":[\"Bosna i Hercegovina\"],\"inLanguage\":\"bs-BA\",\"copyrightYear\":\"2023\",\"copyrightHolder\":{\"@id\":\"https:\\\/\\\/tuzlainfo.ba\\\/#organization\"}},{\"@type\":\"WebPage\",\"@id\":\"https:\\\/\\\/tuzlainfo.ba\\\/index.php\\\/bosna-i-hercegovina\\\/item\\\/221702-jak-vjetar-napravio-stetu-sirom-bih-izdato-novo-upozorenje\\\/\",\"url\":\"https:\\\/\\\/tuzlainfo.ba\\\/index.php\\\/bosna-i-hercegovina\\\/item\\\/221702-jak-vjetar-napravio-stetu-sirom-bih-izdato-novo-upozorenje\\\/\",\"name\":\"Jak vjetar napravio \u0161tetu \u0161irom BiH, izdato novo upozorenje\",\"isPartOf\":{\"@id\":\"https:\\\/\\\/tuzlainfo.ba\\\/#website\"},\"primaryImageOfPage\":{\"@id\":\"https:\\\/\\\/tuzlainfo.ba\\\/index.php\\\/bosna-i-hercegovina\\\/item\\\/221702-jak-vjetar-napravio-stetu-sirom-bih-izdato-novo-upozorenje\\\/#primaryimage\"},\"image\":{\"@id\":\"https:\\\/\\\/tuzlainfo.ba\\\/index.php\\\/bosna-i-hercegovina\\\/item\\\/221702-jak-vjetar-napravio-stetu-sirom-bih-izdato-novo-upozorenje\\\/#primaryimage\"},\"thumbnailUrl\":\"https:\\\/\\\/tuzlainfo.ba\\\/wp-content\\\/uploads\\\/2023\\\/07\\\/2207_oblacno_nevrijeme.jpg\",\"datePublished\":\"2023-11-04T14:02:49+00:00\",\"dateModified\":\"2023-11-04T15:47:07+00:00\",\"breadcrumb\":{\"@id\":\"https:\\\/\\\/tuzlainfo.ba\\\/index.php\\\/bosna-i-hercegovina\\\/item\\\/221702-jak-vjetar-napravio-stetu-sirom-bih-izdato-novo-upozorenje\\\/#breadcrumb\"},\"inLanguage\":\"bs-BA\",\"potentialAction\":[{\"@type\":\"ReadAction\",\"target\":[\"https:\\\/\\\/tuzlainfo.ba\\\/index.php\\\/bosna-i-hercegovina\\\/item\\\/221702-jak-vjetar-napravio-stetu-sirom-bih-izdato-novo-upozorenje\\\/\"]}]},{\"@type\":\"ImageObject\",\"inLanguage\":\"bs-BA\",\"@id\":\"https:\\\/\\\/tuzlainfo.ba\\\/index.php\\\/bosna-i-hercegovina\\\/item\\\/221702-jak-vjetar-napravio-stetu-sirom-bih-izdato-novo-upozorenje\\\/#primaryimage\",\"url\":\"https:\\\/\\\/tuzlainfo.ba\\\/wp-content\\\/uploads\\\/2023\\\/07\\\/2207_oblacno_nevrijeme.jpg\",\"contentUrl\":\"https:\\\/\\\/tuzlainfo.ba\\\/wp-content\\\/uploads\\\/2023\\\/07\\\/2207_oblacno_nevrijeme.jpg\",\"width\":800,\"height\":456},{\"@type\":\"BreadcrumbList\",\"@id\":\"https:\\\/\\\/tuzlainfo.ba\\\/index.php\\\/bosna-i-hercegovina\\\/item\\\/221702-jak-vjetar-napravio-stetu-sirom-bih-izdato-novo-upozorenje\\\/#breadcrumb\",\"itemListElement\":[{\"@type\":\"ListItem\",\"position\":1,\"name\":\"Home\",\"item\":\"https:\\\/\\\/tuzlainfo.ba\\\/\"},{\"@type\":\"ListItem\",\"position\":2,\"name\":\"Jak vjetar napravio \u0161tetu \u0161irom BiH, izdato novo upozorenje\"}]},{\"@type\":\"WebSite\",\"@id\":\"https:\\\/\\\/tuzlainfo.ba\\\/#website\",\"url\":\"https:\\\/\\\/tuzlainfo.ba\\\/\",\"name\":\"TuzlaInfo.ba\",\"description\":\"Tuzla info, gradski informator - Tuzla na dlanu\",\"publisher\":{\"@id\":\"https:\\\/\\\/tuzlainfo.ba\\\/#organization\"},\"potentialAction\":[{\"@type\":\"SearchAction\",\"target\":{\"@type\":\"EntryPoint\",\"urlTemplate\":\"https:\\\/\\\/tuzlainfo.ba\\\/?s={search_term_string}\"},\"query-input\":{\"@type\":\"PropertyValueSpecification\",\"valueRequired\":true,\"valueName\":\"search_term_string\"}}],\"inLanguage\":\"bs-BA\"},{\"@type\":\"Organization\",\"@id\":\"https:\\\/\\\/tuzlainfo.ba\\\/#organization\",\"name\":\"TuzlaInfo.ba\",\"url\":\"https:\\\/\\\/tuzlainfo.ba\\\/\",\"logo\":{\"@type\":\"ImageObject\",\"inLanguage\":\"bs-BA\",\"@id\":\"https:\\\/\\\/tuzlainfo.ba\\\/#\\\/schema\\\/logo\\\/image\\\/\",\"url\":\"https:\\\/\\\/tuzlainfo.ba\\\/wp-content\\\/uploads\\\/2021\\\/03\\\/logo-ver-3-1.png\",\"contentUrl\":\"https:\\\/\\\/tuzlainfo.ba\\\/wp-content\\\/uploads\\\/2021\\\/03\\\/logo-ver-3-1.png\",\"width\":350,\"height\":95,\"caption\":\"TuzlaInfo.ba\"},\"image\":{\"@id\":\"https:\\\/\\\/tuzlainfo.ba\\\/#\\\/schema\\\/logo\\\/image\\\/\"},\"sameAs\":[\"https:\\\/\\\/www.facebook.com\\\/tuzlainfo.ba\\\/\"]},{\"@type\":\"Person\",\"@id\":\"https:\\\/\\\/tuzlainfo.ba\\\/#\\\/schema\\\/person\\\/f434e20dc27ea133923aab08451b7f7f\",\"name\":\"nedim\",\"image\":{\"@type\":\"ImageObject\",\"inLanguage\":\"bs-BA\",\"@id\":\"https:\\\/\\\/secure.gravatar.com\\\/avatar\\\/5b928a2e7e70a54208d2eb6c1edcb75a5350d6ae97d5f0a701203d456823f6f3?s=96&d=mm&r=g\",\"url\":\"https:\\\/\\\/secure.gravatar.com\\\/avatar\\\/5b928a2e7e70a54208d2eb6c1edcb75a5350d6ae97d5f0a701203d456823f6f3?s=96&d=mm&r=g\",\"contentUrl\":\"https:\\\/\\\/secure.gravatar.com\\\/avatar\\\/5b928a2e7e70a54208d2eb6c1edcb75a5350d6ae97d5f0a701203d456823f6f3?s=96&d=mm&r=g\",\"caption\":\"nedim\"},\"description\":\"Tuzlainfo.ba pratite na dru\u0161tvenim mre\u017eama: Facebook, Instagram i Youtube. Svoje pri\u010de, upite i fotografije \u0161aljite na na\u0161u e-mail adresu.\"}]}<\/script>\n<!-- \/ Yoast SEO plugin. -->","yoast_head_json":{"title":"Jak vjetar napravio \u0161tetu \u0161irom BiH, izdato novo upozorenje","robots":{"index":"index","follow":"follow","max-snippet":"max-snippet:-1","max-image-preview":"max-image-preview:large","max-video-preview":"max-video-preview:-1"},"canonical":"https:\/\/tuzlainfo.ba\/index.php\/bosna-i-hercegovina\/item\/221702-jak-vjetar-napravio-stetu-sirom-bih-izdato-novo-upozorenje\/","og_locale":"bs_BA","og_type":"article","og_title":"Jak vjetar napravio \u0161tetu \u0161irom BiH, izdato novo upozorenje","og_description":"Jak vjetar prethodne no\u0107i zahvatio ve\u0107i dio Bosne i Hercegovine prouzrokovao je materijalmnu \u0161tetu na stambenim i drugim objektima. Meteoalrm je izdao za danas i sutra upozorenje na olujni vjetar koji \u0107e imati udare do 90, a na planinama i do 100 kilometara na sat. Za sutra je najavljeno od 3:00 poslije ponoci do 18h [&hellip;]","og_url":"https:\/\/tuzlainfo.ba\/index.php\/bosna-i-hercegovina\/item\/221702-jak-vjetar-napravio-stetu-sirom-bih-izdato-novo-upozorenje\/","og_site_name":"TuzlaInfo.ba","article_publisher":"https:\/\/www.facebook.com\/tuzlainfo.ba\/","article_published_time":"2023-11-04T14:02:49+00:00","article_modified_time":"2023-11-04T15:47:07+00:00","og_image":[{"width":800,"height":456,"url":"https:\/\/tuzlainfo.ba\/wp-content\/uploads\/2023\/07\/2207_oblacno_nevrijeme.jpg","type":"image\/jpeg"}],"author":"nedim","twitter_card":"summary_large_image","twitter_misc":{"Written by":"nedim","Est. reading time":"3 minute"},"schema":{"@context":"https:\/\/schema.org","@graph":[{"@type":"Article","@id":"https:\/\/tuzlainfo.ba\/index.php\/bosna-i-hercegovina\/item\/221702-jak-vjetar-napravio-stetu-sirom-bih-izdato-novo-upozorenje\/#article","isPartOf":{"@id":"https:\/\/tuzlainfo.ba\/index.php\/bosna-i-hercegovina\/item\/221702-jak-vjetar-napravio-stetu-sirom-bih-izdato-novo-upozorenje\/"},"author":{"name":"nedim","@id":"https:\/\/tuzlainfo.ba\/#\/schema\/person\/f434e20dc27ea133923aab08451b7f7f"},"headline":"Jak vjetar napravio \u0161tetu \u0161irom BiH, izdato novo upozorenje","datePublished":"2023-11-04T14:02:49+00:00","dateModified":"2023-11-04T15:47:07+00:00","mainEntityOfPage":{"@id":"https:\/\/tuzlainfo.ba\/index.php\/bosna-i-hercegovina\/item\/221702-jak-vjetar-napravio-stetu-sirom-bih-izdato-novo-upozorenje\/"},"wordCount":622,"commentCount":0,"publisher":{"@id":"https:\/\/tuzlainfo.ba\/#organization"},"image":{"@id":"https:\/\/tuzlainfo.ba\/index.php\/bosna-i-hercegovina\/item\/221702-jak-vjetar-napravio-stetu-sirom-bih-izdato-novo-upozorenje\/#primaryimage"},"thumbnailUrl":"https:\/\/tuzlainfo.ba\/wp-content\/uploads\/2023\/07\/2207_oblacno_nevrijeme.jpg","keywords":["meteoalarm","nevrijeme","vjetar"],"articleSection":["Bosna i Hercegovina"],"inLanguage":"bs-BA","copyrightYear":"2023","copyrightHolder":{"@id":"https:\/\/tuzlainfo.ba\/#organization"}},{"@type":"WebPage","@id":"https:\/\/tuzlainfo.ba\/index.php\/bosna-i-hercegovina\/item\/221702-jak-vjetar-napravio-stetu-sirom-bih-izdato-novo-upozorenje\/","url":"https:\/\/tuzlainfo.ba\/index.php\/bosna-i-hercegovina\/item\/221702-jak-vjetar-napravio-stetu-sirom-bih-izdato-novo-upozorenje\/","name":"Jak vjetar napravio \u0161tetu \u0161irom BiH, izdato novo upozorenje","isPartOf":{"@id":"https:\/\/tuzlainfo.ba\/#website"},"primaryImageOfPage":{"@id":"https:\/\/tuzlainfo.ba\/index.php\/bosna-i-hercegovina\/item\/221702-jak-vjetar-napravio-stetu-sirom-bih-izdato-novo-upozorenje\/#primaryimage"},"image":{"@id":"https:\/\/tuzlainfo.ba\/index.php\/bosna-i-hercegovina\/item\/221702-jak-vjetar-napravio-stetu-sirom-bih-izdato-novo-upozorenje\/#primaryimage"},"thumbnailUrl":"https:\/\/tuzlainfo.ba\/wp-content\/uploads\/2023\/07\/2207_oblacno_nevrijeme.jpg","datePublished":"2023-11-04T14:02:49+00:00","dateModified":"2023-11-04T15:47:07+00:00","breadcrumb":{"@id":"https:\/\/tuzlainfo.ba\/index.php\/bosna-i-hercegovina\/item\/221702-jak-vjetar-napravio-stetu-sirom-bih-izdato-novo-upozorenje\/#breadcrumb"},"inLanguage":"bs-BA","potentialAction":[{"@type":"ReadAction","target":["https:\/\/tuzlainfo.ba\/index.php\/bosna-i-hercegovina\/item\/221702-jak-vjetar-napravio-stetu-sirom-bih-izdato-novo-upozorenje\/"]}]},{"@type":"ImageObject","inLanguage":"bs-BA","@id":"https:\/\/tuzlainfo.ba\/index.php\/bosna-i-hercegovina\/item\/221702-jak-vjetar-napravio-stetu-sirom-bih-izdato-novo-upozorenje\/#primaryimage","url":"https:\/\/tuzlainfo.ba\/wp-content\/uploads\/2023\/07\/2207_oblacno_nevrijeme.jpg","contentUrl":"https:\/\/tuzlainfo.ba\/wp-content\/uploads\/2023\/07\/2207_oblacno_nevrijeme.jpg","width":800,"height":456},{"@type":"BreadcrumbList","@id":"https:\/\/tuzlainfo.ba\/index.php\/bosna-i-hercegovina\/item\/221702-jak-vjetar-napravio-stetu-sirom-bih-izdato-novo-upozorenje\/#breadcrumb","itemListElement":[{"@type":"ListItem","position":1,"name":"Home","item":"https:\/\/tuzlainfo.ba\/"},{"@type":"ListItem","position":2,"name":"Jak vjetar napravio \u0161tetu \u0161irom BiH, izdato novo upozorenje"}]},{"@type":"WebSite","@id":"https:\/\/tuzlainfo.ba\/#website","url":"https:\/\/tuzlainfo.ba\/","name":"TuzlaInfo.ba","description":"Tuzla info, gradski informator - Tuzla na dlanu","publisher":{"@id":"https:\/\/tuzlainfo.ba\/#organization"},"potentialAction":[{"@type":"SearchAction","target":{"@type":"EntryPoint","urlTemplate":"https:\/\/tuzlainfo.ba\/?s={search_term_string}"},"query-input":{"@type":"PropertyValueSpecification","valueRequired":true,"valueName":"search_term_string"}}],"inLanguage":"bs-BA"},{"@type":"Organization","@id":"https:\/\/tuzlainfo.ba\/#organization","name":"TuzlaInfo.ba","url":"https:\/\/tuzlainfo.ba\/","logo":{"@type":"ImageObject","inLanguage":"bs-BA","@id":"https:\/\/tuzlainfo.ba\/#\/schema\/logo\/image\/","url":"https:\/\/tuzlainfo.ba\/wp-content\/uploads\/2021\/03\/logo-ver-3-1.png","contentUrl":"https:\/\/tuzlainfo.ba\/wp-content\/uploads\/2021\/03\/logo-ver-3-1.png","width":350,"height":95,"caption":"TuzlaInfo.ba"},"image":{"@id":"https:\/\/tuzlainfo.ba\/#\/schema\/logo\/image\/"},"sameAs":["https:\/\/www.facebook.com\/tuzlainfo.ba\/"]},{"@type":"Person","@id":"https:\/\/tuzlainfo.ba\/#\/schema\/person\/f434e20dc27ea133923aab08451b7f7f","name":"nedim","image":{"@type":"ImageObject","inLanguage":"bs-BA","@id":"https:\/\/secure.gravatar.com\/avatar\/5b928a2e7e70a54208d2eb6c1edcb75a5350d6ae97d5f0a701203d456823f6f3?s=96&d=mm&r=g","url":"https:\/\/secure.gravatar.com\/avatar\/5b928a2e7e70a54208d2eb6c1edcb75a5350d6ae97d5f0a701203d456823f6f3?s=96&d=mm&r=g","contentUrl":"https:\/\/secure.gravatar.com\/avatar\/5b928a2e7e70a54208d2eb6c1edcb75a5350d6ae97d5f0a701203d456823f6f3?s=96&d=mm&r=g","caption":"nedim"},"description":"Tuzlainfo.ba pratite na dru\u0161tvenim mre\u017eama: Facebook, Instagram i Youtube. Svoje pri\u010de, upite i fotografije \u0161aljite na na\u0161u e-mail adresu."}]}},"_links":{"self":[{"href":"https:\/\/tuzlainfo.ba\/index.php\/wp-json\/wp\/v2\/posts\/221702","targetHints":{"allow":["GET"]}}],"collection":[{"href":"https:\/\/tuzlainfo.ba\/index.php\/wp-json\/wp\/v2\/posts"}],"about":[{"href":"https:\/\/tuzlainfo.ba\/index.php\/wp-json\/wp\/v2\/types\/post"}],"author":[{"embeddable":true,"href":"https:\/\/tuzlainfo.ba\/index.php\/wp-json\/wp\/v2\/users\/2"}],"replies":[{"embeddable":true,"href":"https:\/\/tuzlainfo.ba\/index.php\/wp-json\/wp\/v2\/comments?post=221702"}],"version-history":[{"count":1,"href":"https:\/\/tuzlainfo.ba\/index.php\/wp-json\/wp\/v2\/posts\/221702\/revisions"}],"predecessor-version":[{"id":221703,"href":"https:\/\/tuzlainfo.ba\/index.php\/wp-json\/wp\/v2\/posts\/221702\/revisions\/221703"}],"wp:featuredmedia":[{"embeddable":true,"href":"https:\/\/tuzlainfo.ba\/index.php\/wp-json\/wp\/v2\/media\/211284"}],"wp:attachment":[{"href":"https:\/\/tuzlainfo.ba\/index.php\/wp-json\/wp\/v2\/media?parent=221702"}],"wp:term":[{"taxonomy":"category","embeddable":true,"href":"https:\/\/tuzlainfo.ba\/index.php\/wp-json\/wp\/v2\/categories?post=221702"},{"taxonomy":"post_tag","embeddable":true,"href":"https:\/\/tuzlainfo.ba\/index.php\/wp-json\/wp\/v2\/tags?post=221702"}],"curies":[{"name":"wp","href":"https:\/\/api.w.org\/{rel}","templated":true}]}}