{"id":221630,"date":"2023-11-03T17:07:44","date_gmt":"2023-11-03T16:07:44","guid":{"rendered":"https:\/\/tuzlainfo.ba\/?p=221630"},"modified":"2023-11-03T19:41:26","modified_gmt":"2023-11-03T18:41:26","slug":"lejla-mesalic-izabrana-za-novu-predsjednicu-ljekarske-komore-tk","status":"publish","type":"post","link":"https:\/\/tuzlainfo.ba\/index.php\/novosti\/item\/221630-lejla-mesalic-izabrana-za-novu-predsjednicu-ljekarske-komore-tk\/","title":{"rendered":"Lejla Me\u0161ali\u0107 izabrana za novu predsjednicu Ljekarske komore TK"},"content":{"rendered":"<p>Na Izbornoj sjednici Ljekarske komore Tuzlanskog kantona, odr\u017eanoj danas izabrano je novo rukovodstvo ove Komore. Od ukupno 115 poslanika njih 78 prilikom izbora predsjednika Komore, dalo je svoje povjerenje prof.dr.sc. Lejli Me\u0161ali\u0107, dr.med.prim, specijalisti ginekologije i aku\u0161erstva uposlenici JZNU Dom zdravlja \u201cDr. Mustafa \u0160ehovi\u0107\u201d Tuzla, koja \u0107e u naredne \u010detiri godine predstavljati tuzlansku ljekarsku komoru.<\/p>\n<p><strong>\u201cSmatram da u budu\u0107em radu trebamo raditi na ja\u010danju i u\u010dvr\u0161\u0107ivanju statusa i pozicije doktora medicine i stomatologije kroz aktivnu za\u0161titu i o\u010duvanje digniteta struke i \u010dlanova Komore. Trebamo otvoriti dodatne komunikacijske kanale sa pacijetima, ostvariti bolju komunikaciju me\u0111u \u010dlanovima Komore, redovno a\u017eurirati obavijesti i de\u0161avanja koja se ti\u010du rada Ljekarske komore TK, vratiti povjerenje pacijenata i \u010dlanova u instituciju Ljekarske komore. Nu\u017eno je\u00a0 intenzivirati saradnju sa zdravstvenim institucijama, Ministarstvom zdravstva, vladinim i nevladinim organizacijama i obavje\u0161tavati javnost o pitanjima koja se ti\u010du rada Komore. Ljekarska komora TK \u0107e da insistira na principu da struka odlu\u010duje o stru\u010dnim pitanjima\u201d, \u201cNeophodno je javnosti i institucijama nadle\u017enim za zdravstveni sistem predo\u010diti da je \u201eglas struke\u201c va\u017ean i neophodan prilikom dono\u0161enja va\u017enih odluka, a koje se ti\u010du sistema zdravstvene za\u0161tite. Ljekarska komora mora imati dominantno mjesto u reformi zdravstva koja slijedi. Pri radu Ljekarske komore TK trebamo se nametnuti zvani\u010dnim institucijama u cilju postizanja usvajanja na\u0161ih prijedloga i rje\u0161enja\u201d,\u00a0 kazala\u00a0 je prof. Me\u0161ali\u0107 i poru\u010dila:<\/strong><\/p>\n<p><strong> \u201cMoj cilj je da unaprijedimo saradnju sa drugim ljekarskim komorama u BiH i inostranstvu, da aktivno u\u010destvujemo u formiranju novog cjenovnika zdravstvenih usluga, da ostvarimo ve\u0107u interakciju sa pacijentima preko internet platforme na kojoj \u0107e svaki pacijent imati mogu\u0107nost postaviti pitanje i dati sugestiju, da ostvarimo dobru saradnju sa udru\u017eenjima na\u0161ih pacijenata. \u017delim da mladim doktorima omogu\u0107imo br\u017ee i kvalitetnije dobijanje potrebne dokumentacije za polaganje stru\u010dnih i specijalisti\u010dkih ispita i besplatnu prvu licencu za rad. Planirat \u0107emo redovne sastanke sa Komorom medicinskih sestara i tehni\u010dara i oja\u010dati podr\u0161ku mladim kolegama,\u00a0 te animirati udru\u017eenja studenata medicine da aktivno u\u010destvuju u radu Ljekarske komore TK. \u017delim uspostaviti kvalitetnu profesionalnu saradnju sa medijima radi promovisanja Ljekarske komore TK, njene uloge u dru\u0161tvu, blagovremenog i ta\u010dnog informisanja javnosti o aktuelnostima i aktivnostima Komore\u201d. <\/strong><\/p>\n<p>Privilegija da rukovodi Skup\u0161tinom Ljekarske komore Tuzlanskog kantona koja broji 120 delegata pripala je jo\u0161 jednoj \u017eeni prof. dr. sc. Renati Hod\u017ei\u0107, dr. med., specijalista neuropsihijatrije, uposlenici UKC-a Tuzla koja je sa 94 glasa izabrana na ovu zna\u010dajnu poziciju.<\/p>\n<p>Tajnim glasanjem, poslanici su izabrali i ostala rukovodna tijela Komore pa je tako mr. sc. Aldina Ahmetagi\u0107, dr. med. prim., specijalista klini\u010dke farmakologije, zamjenica predsjednice Skup\u0161tine, te doktori Dr.sc. Suljo Kuni\u0107, Doc.dr. D\u017eenana Ostrvica, Prim.dr. Sanja Ercegovi\u0107, Mr.sc. Dijana Dugonji\u0107 i Dr Mehmed Salki\u0107, \u010dlanovi Nadzornog odbora, Prof.dr. Ervin Alibegovi\u0107, Doc.dr. Senada Selmanovi\u0107 i Dr Mirza Kurti\u0107, \u010dlanovi Suda Ljekarske komore TK,\u00a0 Prof.dr. Goran Krd\u017eali\u0107 i Dr Meliha Divkovi\u0107-Nuriki\u0107 izabrani su za Tu\u017eitelje Komore, a Prof.dr. Nermina Kravi\u0107, Prof.dr. Elvira Konji\u0107, Dr Ahida Suljkanovi\u0107 Mahmutovi\u0107, Dr Igor Peji\u0107 i Dr Emir Terzi\u0107, \u010dlanovi Komisije za izbor i imenovanje.<\/p>\n<p>Ljekarska komora Tuzlanskog kantona broji 1450 aktivnih \u010dlanova ljekara i jedna je od najve\u0107ih komora u Federaciji BiH.<\/p>\n","protected":false},"excerpt":{"rendered":"<p>Na Izbornoj sjednici Ljekarske komore Tuzlanskog kantona, odr\u017eanoj danas izabrano je novo rukovodstvo ove Komore.&hellip;<\/p>\n","protected":false},"author":2,"featured_media":196179,"comment_status":"open","ping_status":"closed","sticky":false,"template":"","format":"standard","meta":{"_acf_changed":false,"footnotes":""},"categories":[304,12,306],"tags":[6206,2665],"acf":[],"yoast_head":"<!-- This site is optimized with the Yoast SEO plugin v23.5 - https:\/\/yoast.com\/wordpress\/plugins\/seo\/ -->\n<title>Lejla Me\u0161ali\u0107 izabrana za novu predsjednicu Ljekarske komore TK - TuzlaInfo.ba<\/title>\n<meta name=\"robots\" content=\"index, follow, max-snippet:-1, max-image-preview:large, max-video-preview:-1\" \/>\n<link rel=\"canonical\" href=\"https:\/\/tuzlainfo.ba\/index.php\/novosti\/item\/221630-lejla-mesalic-izabrana-za-novu-predsjednicu-ljekarske-komore-tk\/\" \/>\n<meta property=\"og:locale\" content=\"bs_BA\" \/>\n<meta property=\"og:type\" content=\"article\" \/>\n<meta property=\"og:title\" content=\"Lejla Me\u0161ali\u0107 izabrana za novu predsjednicu Ljekarske komore TK - TuzlaInfo.ba\" \/>\n<meta property=\"og:description\" content=\"Na Izbornoj sjednici Ljekarske komore Tuzlanskog kantona, odr\u017eanoj danas izabrano je novo rukovodstvo ove Komore.&hellip;\" \/>\n<meta property=\"og:url\" content=\"https:\/\/tuzlainfo.ba\/index.php\/novosti\/item\/221630-lejla-mesalic-izabrana-za-novu-predsjednicu-ljekarske-komore-tk\/\" \/>\n<meta property=\"og:site_name\" content=\"TuzlaInfo.ba\" \/>\n<meta property=\"article:publisher\" content=\"https:\/\/www.facebook.com\/tuzlainfo.ba\/\" \/>\n<meta property=\"article:published_time\" content=\"2023-11-03T16:07:44+00:00\" \/>\n<meta property=\"article:modified_time\" content=\"2023-11-03T18:41:26+00:00\" \/>\n<meta property=\"og:image\" content=\"https:\/\/tuzlainfo.ba\/wp-content\/uploads\/2023\/02\/lejla-mesalic.jpg\" \/>\n\t<meta property=\"og:image:width\" content=\"1024\" \/>\n\t<meta property=\"og:image:height\" content=\"683\" \/>\n\t<meta property=\"og:image:type\" content=\"image\/jpeg\" \/>\n<meta name=\"author\" content=\"nedim\" \/>\n<meta name=\"twitter:card\" content=\"summary_large_image\" \/>\n<meta name=\"twitter:label1\" content=\"Written by\" \/>\n\t<meta name=\"twitter:data1\" content=\"nedim\" \/>\n\t<meta name=\"twitter:label2\" content=\"Est. reading time\" \/>\n\t<meta name=\"twitter:data2\" content=\"3 minute\" \/>\n<script type=\"application\/ld+json\" class=\"yoast-schema-graph\">{\"@context\":\"https:\/\/schema.org\",\"@graph\":[{\"@type\":\"Article\",\"@id\":\"https:\/\/tuzlainfo.ba\/index.php\/novosti\/item\/221630-lejla-mesalic-izabrana-za-novu-predsjednicu-ljekarske-komore-tk\/#article\",\"isPartOf\":{\"@id\":\"https:\/\/tuzlainfo.ba\/index.php\/novosti\/item\/221630-lejla-mesalic-izabrana-za-novu-predsjednicu-ljekarske-komore-tk\/\"},\"author\":{\"name\":\"nedim\",\"@id\":\"https:\/\/tuzlainfo.ba\/#\/schema\/person\/f434e20dc27ea133923aab08451b7f7f\"},\"headline\":\"Lejla Me\u0161ali\u0107 izabrana za novu predsjednicu Ljekarske komore TK\",\"datePublished\":\"2023-11-03T16:07:44+00:00\",\"dateModified\":\"2023-11-03T18:41:26+00:00\",\"mainEntityOfPage\":{\"@id\":\"https:\/\/tuzlainfo.ba\/index.php\/novosti\/item\/221630-lejla-mesalic-izabrana-za-novu-predsjednicu-ljekarske-komore-tk\/\"},\"wordCount\":575,\"commentCount\":0,\"publisher\":{\"@id\":\"https:\/\/tuzlainfo.ba\/#organization\"},\"image\":{\"@id\":\"https:\/\/tuzlainfo.ba\/index.php\/novosti\/item\/221630-lejla-mesalic-izabrana-za-novu-predsjednicu-ljekarske-komore-tk\/#primaryimage\"},\"thumbnailUrl\":\"https:\/\/tuzlainfo.ba\/wp-content\/uploads\/2023\/02\/lejla-mesalic.jpg\",\"keywords\":[\"lejla mesalic\",\"ljekarska komora tk\"],\"articleSection\":[\"Istaknuto\",\"Novosti\",\"Preporu\u010dujemo\"],\"inLanguage\":\"bs-BA\"},{\"@type\":\"WebPage\",\"@id\":\"https:\/\/tuzlainfo.ba\/index.php\/novosti\/item\/221630-lejla-mesalic-izabrana-za-novu-predsjednicu-ljekarske-komore-tk\/\",\"url\":\"https:\/\/tuzlainfo.ba\/index.php\/novosti\/item\/221630-lejla-mesalic-izabrana-za-novu-predsjednicu-ljekarske-komore-tk\/\",\"name\":\"Lejla Me\u0161ali\u0107 izabrana za novu predsjednicu Ljekarske komore TK - TuzlaInfo.ba\",\"isPartOf\":{\"@id\":\"https:\/\/tuzlainfo.ba\/#website\"},\"primaryImageOfPage\":{\"@id\":\"https:\/\/tuzlainfo.ba\/index.php\/novosti\/item\/221630-lejla-mesalic-izabrana-za-novu-predsjednicu-ljekarske-komore-tk\/#primaryimage\"},\"image\":{\"@id\":\"https:\/\/tuzlainfo.ba\/index.php\/novosti\/item\/221630-lejla-mesalic-izabrana-za-novu-predsjednicu-ljekarske-komore-tk\/#primaryimage\"},\"thumbnailUrl\":\"https:\/\/tuzlainfo.ba\/wp-content\/uploads\/2023\/02\/lejla-mesalic.jpg\",\"datePublished\":\"2023-11-03T16:07:44+00:00\",\"dateModified\":\"2023-11-03T18:41:26+00:00\",\"breadcrumb\":{\"@id\":\"https:\/\/tuzlainfo.ba\/index.php\/novosti\/item\/221630-lejla-mesalic-izabrana-za-novu-predsjednicu-ljekarske-komore-tk\/#breadcrumb\"},\"inLanguage\":\"bs-BA\",\"potentialAction\":[{\"@type\":\"ReadAction\",\"target\":[\"https:\/\/tuzlainfo.ba\/index.php\/novosti\/item\/221630-lejla-mesalic-izabrana-za-novu-predsjednicu-ljekarske-komore-tk\/\"]}]},{\"@type\":\"ImageObject\",\"inLanguage\":\"bs-BA\",\"@id\":\"https:\/\/tuzlainfo.ba\/index.php\/novosti\/item\/221630-lejla-mesalic-izabrana-za-novu-predsjednicu-ljekarske-komore-tk\/#primaryimage\",\"url\":\"https:\/\/tuzlainfo.ba\/wp-content\/uploads\/2023\/02\/lejla-mesalic.jpg\",\"contentUrl\":\"https:\/\/tuzlainfo.ba\/wp-content\/uploads\/2023\/02\/lejla-mesalic.jpg\",\"width\":1024,\"height\":683},{\"@type\":\"BreadcrumbList\",\"@id\":\"https:\/\/tuzlainfo.ba\/index.php\/novosti\/item\/221630-lejla-mesalic-izabrana-za-novu-predsjednicu-ljekarske-komore-tk\/#breadcrumb\",\"itemListElement\":[{\"@type\":\"ListItem\",\"position\":1,\"name\":\"Home\",\"item\":\"https:\/\/tuzlainfo.ba\/\"},{\"@type\":\"ListItem\",\"position\":2,\"name\":\"Lejla Me\u0161ali\u0107 izabrana za novu predsjednicu Ljekarske komore TK\"}]},{\"@type\":\"WebSite\",\"@id\":\"https:\/\/tuzlainfo.ba\/#website\",\"url\":\"https:\/\/tuzlainfo.ba\/\",\"name\":\"TuzlaInfo.ba\",\"description\":\"Tuzla info, gradski informator - Tuzla na dlanu\",\"publisher\":{\"@id\":\"https:\/\/tuzlainfo.ba\/#organization\"},\"potentialAction\":[{\"@type\":\"SearchAction\",\"target\":{\"@type\":\"EntryPoint\",\"urlTemplate\":\"https:\/\/tuzlainfo.ba\/?s={search_term_string}\"},\"query-input\":{\"@type\":\"PropertyValueSpecification\",\"valueRequired\":true,\"valueName\":\"search_term_string\"}}],\"inLanguage\":\"bs-BA\"},{\"@type\":\"Organization\",\"@id\":\"https:\/\/tuzlainfo.ba\/#organization\",\"name\":\"TuzlaInfo.ba\",\"url\":\"https:\/\/tuzlainfo.ba\/\",\"logo\":{\"@type\":\"ImageObject\",\"inLanguage\":\"bs-BA\",\"@id\":\"https:\/\/tuzlainfo.ba\/#\/schema\/logo\/image\/\",\"url\":\"https:\/\/tuzlainfo.ba\/wp-content\/uploads\/2021\/03\/logo-ver-3-1.png\",\"contentUrl\":\"https:\/\/tuzlainfo.ba\/wp-content\/uploads\/2021\/03\/logo-ver-3-1.png\",\"width\":350,\"height\":95,\"caption\":\"TuzlaInfo.ba\"},\"image\":{\"@id\":\"https:\/\/tuzlainfo.ba\/#\/schema\/logo\/image\/\"},\"sameAs\":[\"https:\/\/www.facebook.com\/tuzlainfo.ba\/\"]},{\"@type\":\"Person\",\"@id\":\"https:\/\/tuzlainfo.ba\/#\/schema\/person\/f434e20dc27ea133923aab08451b7f7f\",\"name\":\"nedim\",\"image\":{\"@type\":\"ImageObject\",\"inLanguage\":\"bs-BA\",\"@id\":\"https:\/\/tuzlainfo.ba\/#\/schema\/person\/image\/\",\"url\":\"https:\/\/tuzlainfo.ba\/wp-content\/litespeed\/avatar\/aabad687af24844af817603ac1cbdc4f.jpg?ver=1777306975\",\"contentUrl\":\"https:\/\/tuzlainfo.ba\/wp-content\/litespeed\/avatar\/aabad687af24844af817603ac1cbdc4f.jpg?ver=1777306975\",\"caption\":\"nedim\"},\"description\":\"Tuzlainfo.ba pratite na dru\u0161tvenim mre\u017eama: Facebook, Instagram i Youtube. Svoje pri\u010de, upite i fotografije \u0161aljite na na\u0161u e-mail adresu.\"}]}<\/script>\n<!-- \/ Yoast SEO plugin. -->","yoast_head_json":{"title":"Lejla Me\u0161ali\u0107 izabrana za novu predsjednicu Ljekarske komore TK - TuzlaInfo.ba","robots":{"index":"index","follow":"follow","max-snippet":"max-snippet:-1","max-image-preview":"max-image-preview:large","max-video-preview":"max-video-preview:-1"},"canonical":"https:\/\/tuzlainfo.ba\/index.php\/novosti\/item\/221630-lejla-mesalic-izabrana-za-novu-predsjednicu-ljekarske-komore-tk\/","og_locale":"bs_BA","og_type":"article","og_title":"Lejla Me\u0161ali\u0107 izabrana za novu predsjednicu Ljekarske komore TK - TuzlaInfo.ba","og_description":"Na Izbornoj sjednici Ljekarske komore Tuzlanskog kantona, odr\u017eanoj danas izabrano je novo rukovodstvo ove Komore.&hellip;","og_url":"https:\/\/tuzlainfo.ba\/index.php\/novosti\/item\/221630-lejla-mesalic-izabrana-za-novu-predsjednicu-ljekarske-komore-tk\/","og_site_name":"TuzlaInfo.ba","article_publisher":"https:\/\/www.facebook.com\/tuzlainfo.ba\/","article_published_time":"2023-11-03T16:07:44+00:00","article_modified_time":"2023-11-03T18:41:26+00:00","og_image":[{"width":1024,"height":683,"url":"https:\/\/tuzlainfo.ba\/wp-content\/uploads\/2023\/02\/lejla-mesalic.jpg","type":"image\/jpeg"}],"author":"nedim","twitter_card":"summary_large_image","twitter_misc":{"Written by":"nedim","Est. reading time":"3 minute"},"schema":{"@context":"https:\/\/schema.org","@graph":[{"@type":"Article","@id":"https:\/\/tuzlainfo.ba\/index.php\/novosti\/item\/221630-lejla-mesalic-izabrana-za-novu-predsjednicu-ljekarske-komore-tk\/#article","isPartOf":{"@id":"https:\/\/tuzlainfo.ba\/index.php\/novosti\/item\/221630-lejla-mesalic-izabrana-za-novu-predsjednicu-ljekarske-komore-tk\/"},"author":{"name":"nedim","@id":"https:\/\/tuzlainfo.ba\/#\/schema\/person\/f434e20dc27ea133923aab08451b7f7f"},"headline":"Lejla Me\u0161ali\u0107 izabrana za novu predsjednicu Ljekarske komore TK","datePublished":"2023-11-03T16:07:44+00:00","dateModified":"2023-11-03T18:41:26+00:00","mainEntityOfPage":{"@id":"https:\/\/tuzlainfo.ba\/index.php\/novosti\/item\/221630-lejla-mesalic-izabrana-za-novu-predsjednicu-ljekarske-komore-tk\/"},"wordCount":575,"commentCount":0,"publisher":{"@id":"https:\/\/tuzlainfo.ba\/#organization"},"image":{"@id":"https:\/\/tuzlainfo.ba\/index.php\/novosti\/item\/221630-lejla-mesalic-izabrana-za-novu-predsjednicu-ljekarske-komore-tk\/#primaryimage"},"thumbnailUrl":"https:\/\/tuzlainfo.ba\/wp-content\/uploads\/2023\/02\/lejla-mesalic.jpg","keywords":["lejla mesalic","ljekarska komora tk"],"articleSection":["Istaknuto","Novosti","Preporu\u010dujemo"],"inLanguage":"bs-BA"},{"@type":"WebPage","@id":"https:\/\/tuzlainfo.ba\/index.php\/novosti\/item\/221630-lejla-mesalic-izabrana-za-novu-predsjednicu-ljekarske-komore-tk\/","url":"https:\/\/tuzlainfo.ba\/index.php\/novosti\/item\/221630-lejla-mesalic-izabrana-za-novu-predsjednicu-ljekarske-komore-tk\/","name":"Lejla Me\u0161ali\u0107 izabrana za novu predsjednicu Ljekarske komore TK - TuzlaInfo.ba","isPartOf":{"@id":"https:\/\/tuzlainfo.ba\/#website"},"primaryImageOfPage":{"@id":"https:\/\/tuzlainfo.ba\/index.php\/novosti\/item\/221630-lejla-mesalic-izabrana-za-novu-predsjednicu-ljekarske-komore-tk\/#primaryimage"},"image":{"@id":"https:\/\/tuzlainfo.ba\/index.php\/novosti\/item\/221630-lejla-mesalic-izabrana-za-novu-predsjednicu-ljekarske-komore-tk\/#primaryimage"},"thumbnailUrl":"https:\/\/tuzlainfo.ba\/wp-content\/uploads\/2023\/02\/lejla-mesalic.jpg","datePublished":"2023-11-03T16:07:44+00:00","dateModified":"2023-11-03T18:41:26+00:00","breadcrumb":{"@id":"https:\/\/tuzlainfo.ba\/index.php\/novosti\/item\/221630-lejla-mesalic-izabrana-za-novu-predsjednicu-ljekarske-komore-tk\/#breadcrumb"},"inLanguage":"bs-BA","potentialAction":[{"@type":"ReadAction","target":["https:\/\/tuzlainfo.ba\/index.php\/novosti\/item\/221630-lejla-mesalic-izabrana-za-novu-predsjednicu-ljekarske-komore-tk\/"]}]},{"@type":"ImageObject","inLanguage":"bs-BA","@id":"https:\/\/tuzlainfo.ba\/index.php\/novosti\/item\/221630-lejla-mesalic-izabrana-za-novu-predsjednicu-ljekarske-komore-tk\/#primaryimage","url":"https:\/\/tuzlainfo.ba\/wp-content\/uploads\/2023\/02\/lejla-mesalic.jpg","contentUrl":"https:\/\/tuzlainfo.ba\/wp-content\/uploads\/2023\/02\/lejla-mesalic.jpg","width":1024,"height":683},{"@type":"BreadcrumbList","@id":"https:\/\/tuzlainfo.ba\/index.php\/novosti\/item\/221630-lejla-mesalic-izabrana-za-novu-predsjednicu-ljekarske-komore-tk\/#breadcrumb","itemListElement":[{"@type":"ListItem","position":1,"name":"Home","item":"https:\/\/tuzlainfo.ba\/"},{"@type":"ListItem","position":2,"name":"Lejla Me\u0161ali\u0107 izabrana za novu predsjednicu Ljekarske komore TK"}]},{"@type":"WebSite","@id":"https:\/\/tuzlainfo.ba\/#website","url":"https:\/\/tuzlainfo.ba\/","name":"TuzlaInfo.ba","description":"Tuzla info, gradski informator - Tuzla na dlanu","publisher":{"@id":"https:\/\/tuzlainfo.ba\/#organization"},"potentialAction":[{"@type":"SearchAction","target":{"@type":"EntryPoint","urlTemplate":"https:\/\/tuzlainfo.ba\/?s={search_term_string}"},"query-input":{"@type":"PropertyValueSpecification","valueRequired":true,"valueName":"search_term_string"}}],"inLanguage":"bs-BA"},{"@type":"Organization","@id":"https:\/\/tuzlainfo.ba\/#organization","name":"TuzlaInfo.ba","url":"https:\/\/tuzlainfo.ba\/","logo":{"@type":"ImageObject","inLanguage":"bs-BA","@id":"https:\/\/tuzlainfo.ba\/#\/schema\/logo\/image\/","url":"https:\/\/tuzlainfo.ba\/wp-content\/uploads\/2021\/03\/logo-ver-3-1.png","contentUrl":"https:\/\/tuzlainfo.ba\/wp-content\/uploads\/2021\/03\/logo-ver-3-1.png","width":350,"height":95,"caption":"TuzlaInfo.ba"},"image":{"@id":"https:\/\/tuzlainfo.ba\/#\/schema\/logo\/image\/"},"sameAs":["https:\/\/www.facebook.com\/tuzlainfo.ba\/"]},{"@type":"Person","@id":"https:\/\/tuzlainfo.ba\/#\/schema\/person\/f434e20dc27ea133923aab08451b7f7f","name":"nedim","image":{"@type":"ImageObject","inLanguage":"bs-BA","@id":"https:\/\/tuzlainfo.ba\/#\/schema\/person\/image\/","url":"https:\/\/tuzlainfo.ba\/wp-content\/litespeed\/avatar\/aabad687af24844af817603ac1cbdc4f.jpg?ver=1777306975","contentUrl":"https:\/\/tuzlainfo.ba\/wp-content\/litespeed\/avatar\/aabad687af24844af817603ac1cbdc4f.jpg?ver=1777306975","caption":"nedim"},"description":"Tuzlainfo.ba pratite na dru\u0161tvenim mre\u017eama: Facebook, Instagram i Youtube. Svoje pri\u010de, upite i fotografije \u0161aljite na na\u0161u e-mail adresu."}]}},"_links":{"self":[{"href":"https:\/\/tuzlainfo.ba\/index.php\/wp-json\/wp\/v2\/posts\/221630"}],"collection":[{"href":"https:\/\/tuzlainfo.ba\/index.php\/wp-json\/wp\/v2\/posts"}],"about":[{"href":"https:\/\/tuzlainfo.ba\/index.php\/wp-json\/wp\/v2\/types\/post"}],"author":[{"embeddable":true,"href":"https:\/\/tuzlainfo.ba\/index.php\/wp-json\/wp\/v2\/users\/2"}],"replies":[{"embeddable":true,"href":"https:\/\/tuzlainfo.ba\/index.php\/wp-json\/wp\/v2\/comments?post=221630"}],"version-history":[{"count":1,"href":"https:\/\/tuzlainfo.ba\/index.php\/wp-json\/wp\/v2\/posts\/221630\/revisions"}],"predecessor-version":[{"id":221632,"href":"https:\/\/tuzlainfo.ba\/index.php\/wp-json\/wp\/v2\/posts\/221630\/revisions\/221632"}],"wp:featuredmedia":[{"embeddable":true,"href":"https:\/\/tuzlainfo.ba\/index.php\/wp-json\/wp\/v2\/media\/196179"}],"wp:attachment":[{"href":"https:\/\/tuzlainfo.ba\/index.php\/wp-json\/wp\/v2\/media?parent=221630"}],"wp:term":[{"taxonomy":"category","embeddable":true,"href":"https:\/\/tuzlainfo.ba\/index.php\/wp-json\/wp\/v2\/categories?post=221630"},{"taxonomy":"post_tag","embeddable":true,"href":"https:\/\/tuzlainfo.ba\/index.php\/wp-json\/wp\/v2\/tags?post=221630"}],"curies":[{"name":"wp","href":"https:\/\/api.w.org\/{rel}","templated":true}]}}