{"id":221220,"date":"2023-10-30T19:29:19","date_gmt":"2023-10-30T18:29:19","guid":{"rendered":"https:\/\/tuzlainfo.ba\/?p=221220"},"modified":"2023-10-30T19:10:16","modified_gmt":"2023-10-30T18:10:16","slug":"takmicarke-kluba-ritmicke-gimnastiketuzla-uspjesne-na-medjunarodnom-takmicenju-u-zenici","status":"publish","type":"post","link":"https:\/\/tuzlainfo.ba\/index.php\/novosti\/item\/221220-takmicarke-kluba-ritmicke-gimnastiketuzla-uspjesne-na-medjunarodnom-takmicenju-u-zenici\/","title":{"rendered":"Takmi\u010darke Kluba ritmi\u010dke gimnastikeTuzla uspje\u0161ne na me\u0111unarodnom takmi\u010denju u Zenici"},"content":{"rendered":"<p>Proteklog vikenda u Zenici je odr\u017eano je 3. Internacionalno takmi\u010denje u ritmi\u010dkoj gimnastici pod nazivom \u201cSRCE \u010cELIKA&#8221; na kojem u\u010destvovao i Klub Ritmi\u010dke Gimnastike Tuzla sa svojih 70 takmi\u010darki.<\/p>\n<p>Predsatvnice kluba iz Tuzle su na ovom takmi\u010denju osvojile 47 zlatnih, 12 srebrenih i 11 bronzanih medalja, a pod vodstvom trenerica prof. Eme Kasupovi\u0107, prof. mr. Edite Grada\u0161\u010devi\u0107 i prof. Melihe Husanovi\u0107 nastupale su u grupnim i individualnim koreografijama.<\/p>\n<p>U nastavku objavljuemo spisak takmi\u010darki koje su osvojile medalje u obliku kako nam je dostavljeno iz ovog kluba:<\/p>\n<p>Medalje u individualnim nastupima u kategoriji 2015\/16\/17\/18 su osvojile :<br \/>\n1. LORENA SARAFIJANOVIC<br \/>\n2.UNA SALKANOVI\u0106<br \/>\n3. ASJA BE\u0106IROVI\u0106<br \/>\n4.LEJLA KANI\u0106<br \/>\n5.LEA PANTELI\u0106<br \/>\n6.VILMA BUJAKOVI\u0106<br \/>\n7.SARAH SPAHI\u0106<br \/>\n8.DALILA \u0160EHI\u0106<br \/>\n9.ANDREA TRKULJA<br \/>\n10.NED\u017dLA KUNI\u0106<br \/>\n11.HANNA SALIHOVI\u0106<br \/>\n12.MAJA D\u017dAMBI\u0106<br \/>\n13.ESMA AJDASLI\u0106<\/p>\n<p>KATEGORIJA 2010\/11\/12\/13\/14<br \/>\n1.Ema Uvali\u0107 &#8211; lopta 1mjesto<br \/>\n2.Ines Kiti\u0107 &#8211; obru\u010d 2 mjesto<br \/>\n3.Dalia Adilovi\u0107 &#8211; obru\u010d 3mjesto<br \/>\n4.Elma Be\u0107irovi\u0107- obru\u010d 2mjesto<br \/>\n5.Lajla Softi\u0107 3 mjesto<br \/>\n6.SArah Had\u017eimustafi\u0107 2mjesto<br \/>\n7.Nadja Hrusti\u0107 2mjesto<br \/>\n8.Elma Kani\u0107 3 mjesto<br \/>\n9. Amila Buli\u0107 3mjesto<br \/>\n10. Asja Salkanovi\u0107-lopta 1mjesto<br \/>\n11.Ena Omera\u0161evi\u0107-vija\u010da 1mjesto<br \/>\n12.Lamija \u0160ehi\u0107-obru\u010d 2 mjesto<br \/>\n13.Emina Omerovi\u0107-lopta 2mjesto<br \/>\n14 Iman Mezetovi\u0107 -obru\u010d 3mjesto<br \/>\n15.Lejla Beha- lopta 3 mjesto<br \/>\n16.Amina Ibri\u0161kovi\u0107- obru\u010d 1 mjesto<\/p>\n<p>U KATEGORIJI DUO ZLATNE MEDALJE IDU ZA:<br \/>\nDUO Lamija \u0160ehi\u0107 i Emina Omerovi\u0107<br \/>\nDUO Elma Be\u0107irovi\u0107 i Dalia Adilovi\u0107<br \/>\nDUO Asja Salkanovi\u0107 i Ines Kiti\u0107<\/p>\n<p>GRUPNE KOREOGRAFIJE SU OSVOJILE ZLATNE MEDALJE<br \/>\nGRUPA 2017g<br \/>\n1.Una Me\u0161kovi\u0107<br \/>\n2.Ajla Zoni\u0107<br \/>\n3.Ajla Muji\u0107<br \/>\n4.Mia Muji\u0107<br \/>\n5.Dalila D\u017eini\u0107<br \/>\n6.Dorotea \u017depi\u0107<\/p>\n<p>Grupna 2015g<br \/>\n1.Dalal Halilbegovi\u0107<br \/>\n2.Adna Pao\u010di\u0107<br \/>\n3.Sajra Omerovi\u0107<br \/>\n4.Hana Muki\u0107<br \/>\n5.Ajna Poljakovi\u0107<br \/>\n6.Ela Ni\u0161and\u017ei\u0107<br \/>\n7.Adna Suba\u0161i\u0107<\/p>\n<p>EGO GRUPNA 2015<br \/>\n1.Nejla Salihovic<br \/>\n2.Ema Mehmedovi\u0107<br \/>\n3.Lajla Softic<br \/>\n4.Sara Hasamba\u0161i\u0107<br \/>\n5.Asja Poljakovi\u0107<br \/>\n6.Iris A\u0161\u010di\u0107<br \/>\n7.Berfin Salkic<\/p>\n<p>EGO 2016g<br \/>\n1.Esma Ajdasli\u0107<br \/>\n2.Ajla Poljakovi\u0107<br \/>\n3.Lorena Sarafijanovi\u0107<br \/>\n4.Lea Panteli\u0107<br \/>\n5.Asja Be\u0107irovi\u0107<br \/>\n6.Hanna Salihovi<br \/>\n7 Maja D\u017eambi\u0107<\/p>\n<p>Zlatne djevoj\u010dice sa grupnom vjezbom OBRU\u010c<br \/>\n1.Dalila \u0160ehi\u0107<br \/>\n2.Sarah Spahi\u0107<br \/>\n3.Ned\u017ela Kuni\u0107<br \/>\n4.Nadja Hrusti\u0107<br \/>\n5.Vilma Bujakovi\u0107<\/p>\n","protected":false},"excerpt":{"rendered":"<p>Proteklog vikenda u Zenici je odr\u017eano je 3. Internacionalno takmi\u010denje u ritmi\u010dkoj gimnastici pod nazivom&hellip;<\/p>\n","protected":false},"author":2,"featured_media":221221,"comment_status":"open","ping_status":"closed","sticky":false,"template":"","format":"standard","meta":{"_acf_changed":false,"footnotes":""},"categories":[12],"tags":[3641,3169,915],"acf":[],"yoast_head":"<!-- This site is optimized with the Yoast SEO plugin v23.5 - https:\/\/yoast.com\/wordpress\/plugins\/seo\/ -->\n<title>Takmi\u010darke Kluba ritmi\u010dke gimnastikeTuzla uspje\u0161ne na me\u0111unarodnom takmi\u010denju u Zenici - TuzlaInfo.ba<\/title>\n<meta name=\"robots\" content=\"index, follow, max-snippet:-1, max-image-preview:large, max-video-preview:-1\" \/>\n<link rel=\"canonical\" href=\"https:\/\/tuzlainfo.ba\/index.php\/novosti\/item\/221220-takmicarke-kluba-ritmicke-gimnastiketuzla-uspjesne-na-medjunarodnom-takmicenju-u-zenici\/\" \/>\n<meta property=\"og:locale\" content=\"bs_BA\" \/>\n<meta property=\"og:type\" content=\"article\" \/>\n<meta property=\"og:title\" content=\"Takmi\u010darke Kluba ritmi\u010dke gimnastikeTuzla uspje\u0161ne na me\u0111unarodnom takmi\u010denju u Zenici - TuzlaInfo.ba\" \/>\n<meta property=\"og:description\" content=\"Proteklog vikenda u Zenici je odr\u017eano je 3. Internacionalno takmi\u010denje u ritmi\u010dkoj gimnastici pod nazivom&hellip;\" \/>\n<meta property=\"og:url\" content=\"https:\/\/tuzlainfo.ba\/index.php\/novosti\/item\/221220-takmicarke-kluba-ritmicke-gimnastiketuzla-uspjesne-na-medjunarodnom-takmicenju-u-zenici\/\" \/>\n<meta property=\"og:site_name\" content=\"TuzlaInfo.ba\" \/>\n<meta property=\"article:publisher\" content=\"https:\/\/www.facebook.com\/tuzlainfo.ba\/\" \/>\n<meta property=\"article:published_time\" content=\"2023-10-30T18:29:19+00:00\" \/>\n<meta property=\"article:modified_time\" content=\"2023-10-30T18:10:16+00:00\" \/>\n<meta property=\"og:image\" content=\"https:\/\/tuzlainfo.ba\/wp-content\/uploads\/2023\/10\/3010_ritmicka.jpg\" \/>\n\t<meta property=\"og:image:width\" content=\"1000\" \/>\n\t<meta property=\"og:image:height\" content=\"750\" \/>\n\t<meta property=\"og:image:type\" content=\"image\/jpeg\" \/>\n<meta name=\"author\" content=\"nedim\" \/>\n<meta name=\"twitter:card\" content=\"summary_large_image\" \/>\n<meta name=\"twitter:label1\" content=\"Written by\" \/>\n\t<meta name=\"twitter:data1\" content=\"nedim\" \/>\n\t<meta name=\"twitter:label2\" content=\"Est. reading time\" \/>\n\t<meta name=\"twitter:data2\" content=\"2 minute\" \/>\n<script type=\"application\/ld+json\" class=\"yoast-schema-graph\">{\"@context\":\"https:\/\/schema.org\",\"@graph\":[{\"@type\":\"Article\",\"@id\":\"https:\/\/tuzlainfo.ba\/index.php\/novosti\/item\/221220-takmicarke-kluba-ritmicke-gimnastiketuzla-uspjesne-na-medjunarodnom-takmicenju-u-zenici\/#article\",\"isPartOf\":{\"@id\":\"https:\/\/tuzlainfo.ba\/index.php\/novosti\/item\/221220-takmicarke-kluba-ritmicke-gimnastiketuzla-uspjesne-na-medjunarodnom-takmicenju-u-zenici\/\"},\"author\":{\"name\":\"nedim\",\"@id\":\"https:\/\/tuzlainfo.ba\/#\/schema\/person\/f434e20dc27ea133923aab08451b7f7f\"},\"headline\":\"Takmi\u010darke Kluba ritmi\u010dke gimnastikeTuzla uspje\u0161ne na me\u0111unarodnom takmi\u010denju u Zenici\",\"datePublished\":\"2023-10-30T18:29:19+00:00\",\"dateModified\":\"2023-10-30T18:10:16+00:00\",\"mainEntityOfPage\":{\"@id\":\"https:\/\/tuzlainfo.ba\/index.php\/novosti\/item\/221220-takmicarke-kluba-ritmicke-gimnastiketuzla-uspjesne-na-medjunarodnom-takmicenju-u-zenici\/\"},\"wordCount\":334,\"commentCount\":0,\"publisher\":{\"@id\":\"https:\/\/tuzlainfo.ba\/#organization\"},\"image\":{\"@id\":\"https:\/\/tuzlainfo.ba\/index.php\/novosti\/item\/221220-takmicarke-kluba-ritmicke-gimnastiketuzla-uspjesne-na-medjunarodnom-takmicenju-u-zenici\/#primaryimage\"},\"thumbnailUrl\":\"https:\/\/tuzlainfo.ba\/wp-content\/uploads\/2023\/10\/3010_ritmicka.jpg\",\"keywords\":[\"KRG Tuzla\",\"ritmi\u010dka gimnastika\",\"sport\"],\"articleSection\":[\"Novosti\"],\"inLanguage\":\"bs-BA\"},{\"@type\":\"WebPage\",\"@id\":\"https:\/\/tuzlainfo.ba\/index.php\/novosti\/item\/221220-takmicarke-kluba-ritmicke-gimnastiketuzla-uspjesne-na-medjunarodnom-takmicenju-u-zenici\/\",\"url\":\"https:\/\/tuzlainfo.ba\/index.php\/novosti\/item\/221220-takmicarke-kluba-ritmicke-gimnastiketuzla-uspjesne-na-medjunarodnom-takmicenju-u-zenici\/\",\"name\":\"Takmi\u010darke Kluba ritmi\u010dke gimnastikeTuzla uspje\u0161ne na me\u0111unarodnom takmi\u010denju u Zenici - TuzlaInfo.ba\",\"isPartOf\":{\"@id\":\"https:\/\/tuzlainfo.ba\/#website\"},\"primaryImageOfPage\":{\"@id\":\"https:\/\/tuzlainfo.ba\/index.php\/novosti\/item\/221220-takmicarke-kluba-ritmicke-gimnastiketuzla-uspjesne-na-medjunarodnom-takmicenju-u-zenici\/#primaryimage\"},\"image\":{\"@id\":\"https:\/\/tuzlainfo.ba\/index.php\/novosti\/item\/221220-takmicarke-kluba-ritmicke-gimnastiketuzla-uspjesne-na-medjunarodnom-takmicenju-u-zenici\/#primaryimage\"},\"thumbnailUrl\":\"https:\/\/tuzlainfo.ba\/wp-content\/uploads\/2023\/10\/3010_ritmicka.jpg\",\"datePublished\":\"2023-10-30T18:29:19+00:00\",\"dateModified\":\"2023-10-30T18:10:16+00:00\",\"breadcrumb\":{\"@id\":\"https:\/\/tuzlainfo.ba\/index.php\/novosti\/item\/221220-takmicarke-kluba-ritmicke-gimnastiketuzla-uspjesne-na-medjunarodnom-takmicenju-u-zenici\/#breadcrumb\"},\"inLanguage\":\"bs-BA\",\"potentialAction\":[{\"@type\":\"ReadAction\",\"target\":[\"https:\/\/tuzlainfo.ba\/index.php\/novosti\/item\/221220-takmicarke-kluba-ritmicke-gimnastiketuzla-uspjesne-na-medjunarodnom-takmicenju-u-zenici\/\"]}]},{\"@type\":\"ImageObject\",\"inLanguage\":\"bs-BA\",\"@id\":\"https:\/\/tuzlainfo.ba\/index.php\/novosti\/item\/221220-takmicarke-kluba-ritmicke-gimnastiketuzla-uspjesne-na-medjunarodnom-takmicenju-u-zenici\/#primaryimage\",\"url\":\"https:\/\/tuzlainfo.ba\/wp-content\/uploads\/2023\/10\/3010_ritmicka.jpg\",\"contentUrl\":\"https:\/\/tuzlainfo.ba\/wp-content\/uploads\/2023\/10\/3010_ritmicka.jpg\",\"width\":1000,\"height\":750},{\"@type\":\"BreadcrumbList\",\"@id\":\"https:\/\/tuzlainfo.ba\/index.php\/novosti\/item\/221220-takmicarke-kluba-ritmicke-gimnastiketuzla-uspjesne-na-medjunarodnom-takmicenju-u-zenici\/#breadcrumb\",\"itemListElement\":[{\"@type\":\"ListItem\",\"position\":1,\"name\":\"Home\",\"item\":\"https:\/\/tuzlainfo.ba\/\"},{\"@type\":\"ListItem\",\"position\":2,\"name\":\"Takmi\u010darke Kluba ritmi\u010dke gimnastikeTuzla uspje\u0161ne na me\u0111unarodnom takmi\u010denju u Zenici\"}]},{\"@type\":\"WebSite\",\"@id\":\"https:\/\/tuzlainfo.ba\/#website\",\"url\":\"https:\/\/tuzlainfo.ba\/\",\"name\":\"TuzlaInfo.ba\",\"description\":\"Tuzla info, gradski informator - Tuzla na dlanu\",\"publisher\":{\"@id\":\"https:\/\/tuzlainfo.ba\/#organization\"},\"potentialAction\":[{\"@type\":\"SearchAction\",\"target\":{\"@type\":\"EntryPoint\",\"urlTemplate\":\"https:\/\/tuzlainfo.ba\/?s={search_term_string}\"},\"query-input\":{\"@type\":\"PropertyValueSpecification\",\"valueRequired\":true,\"valueName\":\"search_term_string\"}}],\"inLanguage\":\"bs-BA\"},{\"@type\":\"Organization\",\"@id\":\"https:\/\/tuzlainfo.ba\/#organization\",\"name\":\"TuzlaInfo.ba\",\"url\":\"https:\/\/tuzlainfo.ba\/\",\"logo\":{\"@type\":\"ImageObject\",\"inLanguage\":\"bs-BA\",\"@id\":\"https:\/\/tuzlainfo.ba\/#\/schema\/logo\/image\/\",\"url\":\"https:\/\/tuzlainfo.ba\/wp-content\/uploads\/2021\/03\/logo-ver-3-1.png\",\"contentUrl\":\"https:\/\/tuzlainfo.ba\/wp-content\/uploads\/2021\/03\/logo-ver-3-1.png\",\"width\":350,\"height\":95,\"caption\":\"TuzlaInfo.ba\"},\"image\":{\"@id\":\"https:\/\/tuzlainfo.ba\/#\/schema\/logo\/image\/\"},\"sameAs\":[\"https:\/\/www.facebook.com\/tuzlainfo.ba\/\"]},{\"@type\":\"Person\",\"@id\":\"https:\/\/tuzlainfo.ba\/#\/schema\/person\/f434e20dc27ea133923aab08451b7f7f\",\"name\":\"nedim\",\"image\":{\"@type\":\"ImageObject\",\"inLanguage\":\"bs-BA\",\"@id\":\"https:\/\/tuzlainfo.ba\/#\/schema\/person\/image\/\",\"url\":\"https:\/\/tuzlainfo.ba\/wp-content\/litespeed\/avatar\/aabad687af24844af817603ac1cbdc4f.jpg?ver=1777306975\",\"contentUrl\":\"https:\/\/tuzlainfo.ba\/wp-content\/litespeed\/avatar\/aabad687af24844af817603ac1cbdc4f.jpg?ver=1777306975\",\"caption\":\"nedim\"},\"description\":\"Tuzlainfo.ba pratite na dru\u0161tvenim mre\u017eama: Facebook, Instagram i Youtube. Svoje pri\u010de, upite i fotografije \u0161aljite na na\u0161u e-mail adresu.\"}]}<\/script>\n<!-- \/ Yoast SEO plugin. -->","yoast_head_json":{"title":"Takmi\u010darke Kluba ritmi\u010dke gimnastikeTuzla uspje\u0161ne na me\u0111unarodnom takmi\u010denju u Zenici - TuzlaInfo.ba","robots":{"index":"index","follow":"follow","max-snippet":"max-snippet:-1","max-image-preview":"max-image-preview:large","max-video-preview":"max-video-preview:-1"},"canonical":"https:\/\/tuzlainfo.ba\/index.php\/novosti\/item\/221220-takmicarke-kluba-ritmicke-gimnastiketuzla-uspjesne-na-medjunarodnom-takmicenju-u-zenici\/","og_locale":"bs_BA","og_type":"article","og_title":"Takmi\u010darke Kluba ritmi\u010dke gimnastikeTuzla uspje\u0161ne na me\u0111unarodnom takmi\u010denju u Zenici - TuzlaInfo.ba","og_description":"Proteklog vikenda u Zenici je odr\u017eano je 3. Internacionalno takmi\u010denje u ritmi\u010dkoj gimnastici pod nazivom&hellip;","og_url":"https:\/\/tuzlainfo.ba\/index.php\/novosti\/item\/221220-takmicarke-kluba-ritmicke-gimnastiketuzla-uspjesne-na-medjunarodnom-takmicenju-u-zenici\/","og_site_name":"TuzlaInfo.ba","article_publisher":"https:\/\/www.facebook.com\/tuzlainfo.ba\/","article_published_time":"2023-10-30T18:29:19+00:00","article_modified_time":"2023-10-30T18:10:16+00:00","og_image":[{"width":1000,"height":750,"url":"https:\/\/tuzlainfo.ba\/wp-content\/uploads\/2023\/10\/3010_ritmicka.jpg","type":"image\/jpeg"}],"author":"nedim","twitter_card":"summary_large_image","twitter_misc":{"Written by":"nedim","Est. reading time":"2 minute"},"schema":{"@context":"https:\/\/schema.org","@graph":[{"@type":"Article","@id":"https:\/\/tuzlainfo.ba\/index.php\/novosti\/item\/221220-takmicarke-kluba-ritmicke-gimnastiketuzla-uspjesne-na-medjunarodnom-takmicenju-u-zenici\/#article","isPartOf":{"@id":"https:\/\/tuzlainfo.ba\/index.php\/novosti\/item\/221220-takmicarke-kluba-ritmicke-gimnastiketuzla-uspjesne-na-medjunarodnom-takmicenju-u-zenici\/"},"author":{"name":"nedim","@id":"https:\/\/tuzlainfo.ba\/#\/schema\/person\/f434e20dc27ea133923aab08451b7f7f"},"headline":"Takmi\u010darke Kluba ritmi\u010dke gimnastikeTuzla uspje\u0161ne na me\u0111unarodnom takmi\u010denju u Zenici","datePublished":"2023-10-30T18:29:19+00:00","dateModified":"2023-10-30T18:10:16+00:00","mainEntityOfPage":{"@id":"https:\/\/tuzlainfo.ba\/index.php\/novosti\/item\/221220-takmicarke-kluba-ritmicke-gimnastiketuzla-uspjesne-na-medjunarodnom-takmicenju-u-zenici\/"},"wordCount":334,"commentCount":0,"publisher":{"@id":"https:\/\/tuzlainfo.ba\/#organization"},"image":{"@id":"https:\/\/tuzlainfo.ba\/index.php\/novosti\/item\/221220-takmicarke-kluba-ritmicke-gimnastiketuzla-uspjesne-na-medjunarodnom-takmicenju-u-zenici\/#primaryimage"},"thumbnailUrl":"https:\/\/tuzlainfo.ba\/wp-content\/uploads\/2023\/10\/3010_ritmicka.jpg","keywords":["KRG Tuzla","ritmi\u010dka gimnastika","sport"],"articleSection":["Novosti"],"inLanguage":"bs-BA"},{"@type":"WebPage","@id":"https:\/\/tuzlainfo.ba\/index.php\/novosti\/item\/221220-takmicarke-kluba-ritmicke-gimnastiketuzla-uspjesne-na-medjunarodnom-takmicenju-u-zenici\/","url":"https:\/\/tuzlainfo.ba\/index.php\/novosti\/item\/221220-takmicarke-kluba-ritmicke-gimnastiketuzla-uspjesne-na-medjunarodnom-takmicenju-u-zenici\/","name":"Takmi\u010darke Kluba ritmi\u010dke gimnastikeTuzla uspje\u0161ne na me\u0111unarodnom takmi\u010denju u Zenici - TuzlaInfo.ba","isPartOf":{"@id":"https:\/\/tuzlainfo.ba\/#website"},"primaryImageOfPage":{"@id":"https:\/\/tuzlainfo.ba\/index.php\/novosti\/item\/221220-takmicarke-kluba-ritmicke-gimnastiketuzla-uspjesne-na-medjunarodnom-takmicenju-u-zenici\/#primaryimage"},"image":{"@id":"https:\/\/tuzlainfo.ba\/index.php\/novosti\/item\/221220-takmicarke-kluba-ritmicke-gimnastiketuzla-uspjesne-na-medjunarodnom-takmicenju-u-zenici\/#primaryimage"},"thumbnailUrl":"https:\/\/tuzlainfo.ba\/wp-content\/uploads\/2023\/10\/3010_ritmicka.jpg","datePublished":"2023-10-30T18:29:19+00:00","dateModified":"2023-10-30T18:10:16+00:00","breadcrumb":{"@id":"https:\/\/tuzlainfo.ba\/index.php\/novosti\/item\/221220-takmicarke-kluba-ritmicke-gimnastiketuzla-uspjesne-na-medjunarodnom-takmicenju-u-zenici\/#breadcrumb"},"inLanguage":"bs-BA","potentialAction":[{"@type":"ReadAction","target":["https:\/\/tuzlainfo.ba\/index.php\/novosti\/item\/221220-takmicarke-kluba-ritmicke-gimnastiketuzla-uspjesne-na-medjunarodnom-takmicenju-u-zenici\/"]}]},{"@type":"ImageObject","inLanguage":"bs-BA","@id":"https:\/\/tuzlainfo.ba\/index.php\/novosti\/item\/221220-takmicarke-kluba-ritmicke-gimnastiketuzla-uspjesne-na-medjunarodnom-takmicenju-u-zenici\/#primaryimage","url":"https:\/\/tuzlainfo.ba\/wp-content\/uploads\/2023\/10\/3010_ritmicka.jpg","contentUrl":"https:\/\/tuzlainfo.ba\/wp-content\/uploads\/2023\/10\/3010_ritmicka.jpg","width":1000,"height":750},{"@type":"BreadcrumbList","@id":"https:\/\/tuzlainfo.ba\/index.php\/novosti\/item\/221220-takmicarke-kluba-ritmicke-gimnastiketuzla-uspjesne-na-medjunarodnom-takmicenju-u-zenici\/#breadcrumb","itemListElement":[{"@type":"ListItem","position":1,"name":"Home","item":"https:\/\/tuzlainfo.ba\/"},{"@type":"ListItem","position":2,"name":"Takmi\u010darke Kluba ritmi\u010dke gimnastikeTuzla uspje\u0161ne na me\u0111unarodnom takmi\u010denju u Zenici"}]},{"@type":"WebSite","@id":"https:\/\/tuzlainfo.ba\/#website","url":"https:\/\/tuzlainfo.ba\/","name":"TuzlaInfo.ba","description":"Tuzla info, gradski informator - Tuzla na dlanu","publisher":{"@id":"https:\/\/tuzlainfo.ba\/#organization"},"potentialAction":[{"@type":"SearchAction","target":{"@type":"EntryPoint","urlTemplate":"https:\/\/tuzlainfo.ba\/?s={search_term_string}"},"query-input":{"@type":"PropertyValueSpecification","valueRequired":true,"valueName":"search_term_string"}}],"inLanguage":"bs-BA"},{"@type":"Organization","@id":"https:\/\/tuzlainfo.ba\/#organization","name":"TuzlaInfo.ba","url":"https:\/\/tuzlainfo.ba\/","logo":{"@type":"ImageObject","inLanguage":"bs-BA","@id":"https:\/\/tuzlainfo.ba\/#\/schema\/logo\/image\/","url":"https:\/\/tuzlainfo.ba\/wp-content\/uploads\/2021\/03\/logo-ver-3-1.png","contentUrl":"https:\/\/tuzlainfo.ba\/wp-content\/uploads\/2021\/03\/logo-ver-3-1.png","width":350,"height":95,"caption":"TuzlaInfo.ba"},"image":{"@id":"https:\/\/tuzlainfo.ba\/#\/schema\/logo\/image\/"},"sameAs":["https:\/\/www.facebook.com\/tuzlainfo.ba\/"]},{"@type":"Person","@id":"https:\/\/tuzlainfo.ba\/#\/schema\/person\/f434e20dc27ea133923aab08451b7f7f","name":"nedim","image":{"@type":"ImageObject","inLanguage":"bs-BA","@id":"https:\/\/tuzlainfo.ba\/#\/schema\/person\/image\/","url":"https:\/\/tuzlainfo.ba\/wp-content\/litespeed\/avatar\/aabad687af24844af817603ac1cbdc4f.jpg?ver=1777306975","contentUrl":"https:\/\/tuzlainfo.ba\/wp-content\/litespeed\/avatar\/aabad687af24844af817603ac1cbdc4f.jpg?ver=1777306975","caption":"nedim"},"description":"Tuzlainfo.ba pratite na dru\u0161tvenim mre\u017eama: Facebook, Instagram i Youtube. Svoje pri\u010de, upite i fotografije \u0161aljite na na\u0161u e-mail adresu."}]}},"_links":{"self":[{"href":"https:\/\/tuzlainfo.ba\/index.php\/wp-json\/wp\/v2\/posts\/221220"}],"collection":[{"href":"https:\/\/tuzlainfo.ba\/index.php\/wp-json\/wp\/v2\/posts"}],"about":[{"href":"https:\/\/tuzlainfo.ba\/index.php\/wp-json\/wp\/v2\/types\/post"}],"author":[{"embeddable":true,"href":"https:\/\/tuzlainfo.ba\/index.php\/wp-json\/wp\/v2\/users\/2"}],"replies":[{"embeddable":true,"href":"https:\/\/tuzlainfo.ba\/index.php\/wp-json\/wp\/v2\/comments?post=221220"}],"version-history":[{"count":4,"href":"https:\/\/tuzlainfo.ba\/index.php\/wp-json\/wp\/v2\/posts\/221220\/revisions"}],"predecessor-version":[{"id":221225,"href":"https:\/\/tuzlainfo.ba\/index.php\/wp-json\/wp\/v2\/posts\/221220\/revisions\/221225"}],"wp:featuredmedia":[{"embeddable":true,"href":"https:\/\/tuzlainfo.ba\/index.php\/wp-json\/wp\/v2\/media\/221221"}],"wp:attachment":[{"href":"https:\/\/tuzlainfo.ba\/index.php\/wp-json\/wp\/v2\/media?parent=221220"}],"wp:term":[{"taxonomy":"category","embeddable":true,"href":"https:\/\/tuzlainfo.ba\/index.php\/wp-json\/wp\/v2\/categories?post=221220"},{"taxonomy":"post_tag","embeddable":true,"href":"https:\/\/tuzlainfo.ba\/index.php\/wp-json\/wp\/v2\/tags?post=221220"}],"curies":[{"name":"wp","href":"https:\/\/api.w.org\/{rel}","templated":true}]}}