{"id":221013,"date":"2023-10-28T09:05:21","date_gmt":"2023-10-28T07:05:21","guid":{"rendered":"https:\/\/tuzlainfo.ba\/?p=221013"},"modified":"2023-10-27T21:50:24","modified_gmt":"2023-10-27T19:50:24","slug":"evropski-dan-pravde-u-opcinskom-sudu-u-tuzli-odrzani-paneli-za-gradjane-studente-i-ucenike","status":"publish","type":"post","link":"https:\/\/tuzlainfo.ba\/index.php\/novosti\/item\/221013-evropski-dan-pravde-u-opcinskom-sudu-u-tuzli-odrzani-paneli-za-gradjane-studente-i-ucenike\/","title":{"rendered":"&#8220;Evropski dan pravde&#8221; u Op\u0107inskom sudu u Tuzli: Odr\u017eani paneli za gra\u0111ane, studente i u\u010denike"},"content":{"rendered":"<p style=\"text-align: left;\" align=\"justify\">U Op\u0107inskom sudu u Tuzli ju\u010der su u okviru manifestacije obilje\u017eavanja \u201eEvropskog dana pravde\u201c odr\u017eani paneli za gra\u0111ane, studente i u\u010denike osnovnih i srednjih \u0161kola. Nesmetan pristup sudovima i pravdi svim gra\u0111anima je krajnji cilj obilje\u017eavanja Evropskog dana pravde i odr\u017eavanje ove manifestacije je doprinos ostvarenju ovog cilja.<\/p>\n<p style=\"text-align: left;\" align=\"justify\">Gra\u0111ani su imali priliku do\u0107i u prostorije suda i upoznati se sa funkcionisanjem pravosudne institucije, a u okviru panela \u201ePrezentacija gra\u0111anima klju\u010dnih informacija na temu: funkcionisanje pravosudnih institucija; integritet sudija i tu\u017eilaca; eti\u010dki kodeks\u201c gra\u0111anima su se obratili: dr.sci. Muhamed Tulumovi\u0107, predsjednik Op\u0107inskog suda u Tuzli, Svjetlana Mili\u0161i\u0107 Veli\u010dkovski, sutkinja Vrhovnog suda Federacije Bosne i Hercegovine i predstavnica CEPEJ-a za Bosnu i Hercegovinu, Mirza Had\u017eiomerovi\u0107, zamjenik glavne disciplinske tu\u017eiteljice Ureda disciplinskog tu\u017eioca Visokog sudskog i tu\u017eila\u010dkog vije\u0107a Bosne i Hercegovine, Muhamed Su\u0111i\u0107, predstavnik USAID-a, rukovodilac Projekta pravosu\u0111e protiv korupcije i Indira Had\u017eimehmedovi\u0107, predsjednica Kantonalnog suda u Tuzli.<\/p>\n<p style=\"text-align: left;\" align=\"justify\">Sud su danas posjetili i u\u010denici osnovnih i srednjih \u0161kola, koji su se kroz neposredni razgovor s sudijama, tu\u017eiocima i stru\u010dnjacima iz oblasti psihologije imali priliku da se upoznaju s strukturom pravosudnog sistema u Bosni i Hercegovini i razgovaraju o va\u017enim temama &#8211; prevenciji rodno zasnovanog nasilja, nasilja u porodici i vr\u0161nja\u010dkog nasilja, u okviru panela na kojem su govorili moderatorica dr.sci. Katica Artukovi\u0107, predsjednica Kantonalnog suda u \u0160irokom Brijegu i izlaga\u010di: Adisa Zahiragi\u0107, predsjednica Kantonalnog suda u Sarajevu, dr.sc. Majda Halilovi\u0107, predstavnica Atlantske inicijative u Bosni i Hercegovini, Amela Mahmutovi\u0107, sudski psiholog Op\u0107inskog suda u Tuzli i Lejla Gazibegovi\u0107 Begovi\u0107, \u0161efica Odjela za maloljetnike u Kantonalnom tu\u017eila\u0161tvu Tuzlanskog kantona.<\/p>\n","protected":false},"excerpt":{"rendered":"<p>U Op\u0107inskom sudu u Tuzli ju\u010der su u okviru manifestacije obilje\u017eavanja \u201eEvropskog dana pravde\u201c odr\u017eani&hellip;<\/p>\n","protected":false},"author":2,"featured_media":221014,"comment_status":"open","ping_status":"closed","sticky":false,"template":"","format":"standard","meta":{"_acf_changed":false,"footnotes":""},"categories":[304,12],"tags":[7731],"acf":[],"yoast_head":"<!-- This site is optimized with the Yoast SEO plugin v23.5 - https:\/\/yoast.com\/wordpress\/plugins\/seo\/ -->\n<title>&quot;Evropski dan pravde&quot; u Op\u0107inskom sudu u Tuzli: Odr\u017eani paneli za gra\u0111ane, studente i u\u010denike - TuzlaInfo.ba<\/title>\n<meta name=\"robots\" content=\"index, follow, max-snippet:-1, max-image-preview:large, max-video-preview:-1\" \/>\n<link rel=\"canonical\" href=\"https:\/\/tuzlainfo.ba\/index.php\/novosti\/item\/221013-evropski-dan-pravde-u-opcinskom-sudu-u-tuzli-odrzani-paneli-za-gradjane-studente-i-ucenike\/\" \/>\n<meta property=\"og:locale\" content=\"bs_BA\" \/>\n<meta property=\"og:type\" content=\"article\" \/>\n<meta property=\"og:title\" content=\"&quot;Evropski dan pravde&quot; u Op\u0107inskom sudu u Tuzli: Odr\u017eani paneli za gra\u0111ane, studente i u\u010denike - TuzlaInfo.ba\" \/>\n<meta property=\"og:description\" content=\"U Op\u0107inskom sudu u Tuzli ju\u010der su u okviru manifestacije obilje\u017eavanja \u201eEvropskog dana pravde\u201c odr\u017eani&hellip;\" \/>\n<meta property=\"og:url\" content=\"https:\/\/tuzlainfo.ba\/index.php\/novosti\/item\/221013-evropski-dan-pravde-u-opcinskom-sudu-u-tuzli-odrzani-paneli-za-gradjane-studente-i-ucenike\/\" \/>\n<meta property=\"og:site_name\" content=\"TuzlaInfo.ba\" \/>\n<meta property=\"article:publisher\" content=\"https:\/\/www.facebook.com\/tuzlainfo.ba\/\" \/>\n<meta property=\"article:published_time\" content=\"2023-10-28T07:05:21+00:00\" \/>\n<meta property=\"article:modified_time\" content=\"2023-10-27T19:50:24+00:00\" \/>\n<meta property=\"og:image\" content=\"https:\/\/tuzlainfo.ba\/wp-content\/uploads\/2023\/10\/2710_opcinski.jpg\" \/>\n\t<meta property=\"og:image:width\" content=\"800\" \/>\n\t<meta property=\"og:image:height\" content=\"600\" \/>\n\t<meta property=\"og:image:type\" content=\"image\/jpeg\" \/>\n<meta name=\"author\" content=\"nedim\" \/>\n<meta name=\"twitter:card\" content=\"summary_large_image\" \/>\n<meta name=\"twitter:label1\" content=\"Written by\" \/>\n\t<meta name=\"twitter:data1\" content=\"nedim\" \/>\n\t<meta name=\"twitter:label2\" content=\"Est. reading time\" \/>\n\t<meta name=\"twitter:data2\" content=\"1 minuta\" \/>\n<script type=\"application\/ld+json\" class=\"yoast-schema-graph\">{\"@context\":\"https:\/\/schema.org\",\"@graph\":[{\"@type\":\"Article\",\"@id\":\"https:\/\/tuzlainfo.ba\/index.php\/novosti\/item\/221013-evropski-dan-pravde-u-opcinskom-sudu-u-tuzli-odrzani-paneli-za-gradjane-studente-i-ucenike\/#article\",\"isPartOf\":{\"@id\":\"https:\/\/tuzlainfo.ba\/index.php\/novosti\/item\/221013-evropski-dan-pravde-u-opcinskom-sudu-u-tuzli-odrzani-paneli-za-gradjane-studente-i-ucenike\/\"},\"author\":{\"name\":\"nedim\",\"@id\":\"https:\/\/tuzlainfo.ba\/#\/schema\/person\/f434e20dc27ea133923aab08451b7f7f\"},\"headline\":\"&#8220;Evropski dan pravde&#8221; u Op\u0107inskom sudu u Tuzli: Odr\u017eani paneli za gra\u0111ane, studente i u\u010denike\",\"datePublished\":\"2023-10-28T07:05:21+00:00\",\"dateModified\":\"2023-10-27T19:50:24+00:00\",\"mainEntityOfPage\":{\"@id\":\"https:\/\/tuzlainfo.ba\/index.php\/novosti\/item\/221013-evropski-dan-pravde-u-opcinskom-sudu-u-tuzli-odrzani-paneli-za-gradjane-studente-i-ucenike\/\"},\"wordCount\":315,\"commentCount\":0,\"publisher\":{\"@id\":\"https:\/\/tuzlainfo.ba\/#organization\"},\"image\":{\"@id\":\"https:\/\/tuzlainfo.ba\/index.php\/novosti\/item\/221013-evropski-dan-pravde-u-opcinskom-sudu-u-tuzli-odrzani-paneli-za-gradjane-studente-i-ucenike\/#primaryimage\"},\"thumbnailUrl\":\"https:\/\/tuzlainfo.ba\/wp-content\/uploads\/2023\/10\/2710_opcinski.jpg\",\"keywords\":[\"op\u0107inski sud u tuzli\"],\"articleSection\":[\"Istaknuto\",\"Novosti\"],\"inLanguage\":\"bs-BA\"},{\"@type\":\"WebPage\",\"@id\":\"https:\/\/tuzlainfo.ba\/index.php\/novosti\/item\/221013-evropski-dan-pravde-u-opcinskom-sudu-u-tuzli-odrzani-paneli-za-gradjane-studente-i-ucenike\/\",\"url\":\"https:\/\/tuzlainfo.ba\/index.php\/novosti\/item\/221013-evropski-dan-pravde-u-opcinskom-sudu-u-tuzli-odrzani-paneli-za-gradjane-studente-i-ucenike\/\",\"name\":\"\\\"Evropski dan pravde\\\" u Op\u0107inskom sudu u Tuzli: Odr\u017eani paneli za gra\u0111ane, studente i u\u010denike - TuzlaInfo.ba\",\"isPartOf\":{\"@id\":\"https:\/\/tuzlainfo.ba\/#website\"},\"primaryImageOfPage\":{\"@id\":\"https:\/\/tuzlainfo.ba\/index.php\/novosti\/item\/221013-evropski-dan-pravde-u-opcinskom-sudu-u-tuzli-odrzani-paneli-za-gradjane-studente-i-ucenike\/#primaryimage\"},\"image\":{\"@id\":\"https:\/\/tuzlainfo.ba\/index.php\/novosti\/item\/221013-evropski-dan-pravde-u-opcinskom-sudu-u-tuzli-odrzani-paneli-za-gradjane-studente-i-ucenike\/#primaryimage\"},\"thumbnailUrl\":\"https:\/\/tuzlainfo.ba\/wp-content\/uploads\/2023\/10\/2710_opcinski.jpg\",\"datePublished\":\"2023-10-28T07:05:21+00:00\",\"dateModified\":\"2023-10-27T19:50:24+00:00\",\"breadcrumb\":{\"@id\":\"https:\/\/tuzlainfo.ba\/index.php\/novosti\/item\/221013-evropski-dan-pravde-u-opcinskom-sudu-u-tuzli-odrzani-paneli-za-gradjane-studente-i-ucenike\/#breadcrumb\"},\"inLanguage\":\"bs-BA\",\"potentialAction\":[{\"@type\":\"ReadAction\",\"target\":[\"https:\/\/tuzlainfo.ba\/index.php\/novosti\/item\/221013-evropski-dan-pravde-u-opcinskom-sudu-u-tuzli-odrzani-paneli-za-gradjane-studente-i-ucenike\/\"]}]},{\"@type\":\"ImageObject\",\"inLanguage\":\"bs-BA\",\"@id\":\"https:\/\/tuzlainfo.ba\/index.php\/novosti\/item\/221013-evropski-dan-pravde-u-opcinskom-sudu-u-tuzli-odrzani-paneli-za-gradjane-studente-i-ucenike\/#primaryimage\",\"url\":\"https:\/\/tuzlainfo.ba\/wp-content\/uploads\/2023\/10\/2710_opcinski.jpg\",\"contentUrl\":\"https:\/\/tuzlainfo.ba\/wp-content\/uploads\/2023\/10\/2710_opcinski.jpg\",\"width\":800,\"height\":600},{\"@type\":\"BreadcrumbList\",\"@id\":\"https:\/\/tuzlainfo.ba\/index.php\/novosti\/item\/221013-evropski-dan-pravde-u-opcinskom-sudu-u-tuzli-odrzani-paneli-za-gradjane-studente-i-ucenike\/#breadcrumb\",\"itemListElement\":[{\"@type\":\"ListItem\",\"position\":1,\"name\":\"Home\",\"item\":\"https:\/\/tuzlainfo.ba\/\"},{\"@type\":\"ListItem\",\"position\":2,\"name\":\"&#8220;Evropski dan pravde&#8221; u Op\u0107inskom sudu u Tuzli: Odr\u017eani paneli za gra\u0111ane, studente i u\u010denike\"}]},{\"@type\":\"WebSite\",\"@id\":\"https:\/\/tuzlainfo.ba\/#website\",\"url\":\"https:\/\/tuzlainfo.ba\/\",\"name\":\"TuzlaInfo.ba\",\"description\":\"Tuzla info, gradski informator - Tuzla na dlanu\",\"publisher\":{\"@id\":\"https:\/\/tuzlainfo.ba\/#organization\"},\"potentialAction\":[{\"@type\":\"SearchAction\",\"target\":{\"@type\":\"EntryPoint\",\"urlTemplate\":\"https:\/\/tuzlainfo.ba\/?s={search_term_string}\"},\"query-input\":{\"@type\":\"PropertyValueSpecification\",\"valueRequired\":true,\"valueName\":\"search_term_string\"}}],\"inLanguage\":\"bs-BA\"},{\"@type\":\"Organization\",\"@id\":\"https:\/\/tuzlainfo.ba\/#organization\",\"name\":\"TuzlaInfo.ba\",\"url\":\"https:\/\/tuzlainfo.ba\/\",\"logo\":{\"@type\":\"ImageObject\",\"inLanguage\":\"bs-BA\",\"@id\":\"https:\/\/tuzlainfo.ba\/#\/schema\/logo\/image\/\",\"url\":\"https:\/\/tuzlainfo.ba\/wp-content\/uploads\/2021\/03\/logo-ver-3-1.png\",\"contentUrl\":\"https:\/\/tuzlainfo.ba\/wp-content\/uploads\/2021\/03\/logo-ver-3-1.png\",\"width\":350,\"height\":95,\"caption\":\"TuzlaInfo.ba\"},\"image\":{\"@id\":\"https:\/\/tuzlainfo.ba\/#\/schema\/logo\/image\/\"},\"sameAs\":[\"https:\/\/www.facebook.com\/tuzlainfo.ba\/\"]},{\"@type\":\"Person\",\"@id\":\"https:\/\/tuzlainfo.ba\/#\/schema\/person\/f434e20dc27ea133923aab08451b7f7f\",\"name\":\"nedim\",\"image\":{\"@type\":\"ImageObject\",\"inLanguage\":\"bs-BA\",\"@id\":\"https:\/\/tuzlainfo.ba\/#\/schema\/person\/image\/\",\"url\":\"https:\/\/tuzlainfo.ba\/wp-content\/litespeed\/avatar\/aabad687af24844af817603ac1cbdc4f.jpg?ver=1777306975\",\"contentUrl\":\"https:\/\/tuzlainfo.ba\/wp-content\/litespeed\/avatar\/aabad687af24844af817603ac1cbdc4f.jpg?ver=1777306975\",\"caption\":\"nedim\"},\"description\":\"Tuzlainfo.ba pratite na dru\u0161tvenim mre\u017eama: Facebook, Instagram i Youtube. Svoje pri\u010de, upite i fotografije \u0161aljite na na\u0161u e-mail adresu.\"}]}<\/script>\n<!-- \/ Yoast SEO plugin. -->","yoast_head_json":{"title":"\"Evropski dan pravde\" u Op\u0107inskom sudu u Tuzli: Odr\u017eani paneli za gra\u0111ane, studente i u\u010denike - TuzlaInfo.ba","robots":{"index":"index","follow":"follow","max-snippet":"max-snippet:-1","max-image-preview":"max-image-preview:large","max-video-preview":"max-video-preview:-1"},"canonical":"https:\/\/tuzlainfo.ba\/index.php\/novosti\/item\/221013-evropski-dan-pravde-u-opcinskom-sudu-u-tuzli-odrzani-paneli-za-gradjane-studente-i-ucenike\/","og_locale":"bs_BA","og_type":"article","og_title":"\"Evropski dan pravde\" u Op\u0107inskom sudu u Tuzli: Odr\u017eani paneli za gra\u0111ane, studente i u\u010denike - TuzlaInfo.ba","og_description":"U Op\u0107inskom sudu u Tuzli ju\u010der su u okviru manifestacije obilje\u017eavanja \u201eEvropskog dana pravde\u201c odr\u017eani&hellip;","og_url":"https:\/\/tuzlainfo.ba\/index.php\/novosti\/item\/221013-evropski-dan-pravde-u-opcinskom-sudu-u-tuzli-odrzani-paneli-za-gradjane-studente-i-ucenike\/","og_site_name":"TuzlaInfo.ba","article_publisher":"https:\/\/www.facebook.com\/tuzlainfo.ba\/","article_published_time":"2023-10-28T07:05:21+00:00","article_modified_time":"2023-10-27T19:50:24+00:00","og_image":[{"width":800,"height":600,"url":"https:\/\/tuzlainfo.ba\/wp-content\/uploads\/2023\/10\/2710_opcinski.jpg","type":"image\/jpeg"}],"author":"nedim","twitter_card":"summary_large_image","twitter_misc":{"Written by":"nedim","Est. reading time":"1 minuta"},"schema":{"@context":"https:\/\/schema.org","@graph":[{"@type":"Article","@id":"https:\/\/tuzlainfo.ba\/index.php\/novosti\/item\/221013-evropski-dan-pravde-u-opcinskom-sudu-u-tuzli-odrzani-paneli-za-gradjane-studente-i-ucenike\/#article","isPartOf":{"@id":"https:\/\/tuzlainfo.ba\/index.php\/novosti\/item\/221013-evropski-dan-pravde-u-opcinskom-sudu-u-tuzli-odrzani-paneli-za-gradjane-studente-i-ucenike\/"},"author":{"name":"nedim","@id":"https:\/\/tuzlainfo.ba\/#\/schema\/person\/f434e20dc27ea133923aab08451b7f7f"},"headline":"&#8220;Evropski dan pravde&#8221; u Op\u0107inskom sudu u Tuzli: Odr\u017eani paneli za gra\u0111ane, studente i u\u010denike","datePublished":"2023-10-28T07:05:21+00:00","dateModified":"2023-10-27T19:50:24+00:00","mainEntityOfPage":{"@id":"https:\/\/tuzlainfo.ba\/index.php\/novosti\/item\/221013-evropski-dan-pravde-u-opcinskom-sudu-u-tuzli-odrzani-paneli-za-gradjane-studente-i-ucenike\/"},"wordCount":315,"commentCount":0,"publisher":{"@id":"https:\/\/tuzlainfo.ba\/#organization"},"image":{"@id":"https:\/\/tuzlainfo.ba\/index.php\/novosti\/item\/221013-evropski-dan-pravde-u-opcinskom-sudu-u-tuzli-odrzani-paneli-za-gradjane-studente-i-ucenike\/#primaryimage"},"thumbnailUrl":"https:\/\/tuzlainfo.ba\/wp-content\/uploads\/2023\/10\/2710_opcinski.jpg","keywords":["op\u0107inski sud u tuzli"],"articleSection":["Istaknuto","Novosti"],"inLanguage":"bs-BA"},{"@type":"WebPage","@id":"https:\/\/tuzlainfo.ba\/index.php\/novosti\/item\/221013-evropski-dan-pravde-u-opcinskom-sudu-u-tuzli-odrzani-paneli-za-gradjane-studente-i-ucenike\/","url":"https:\/\/tuzlainfo.ba\/index.php\/novosti\/item\/221013-evropski-dan-pravde-u-opcinskom-sudu-u-tuzli-odrzani-paneli-za-gradjane-studente-i-ucenike\/","name":"\"Evropski dan pravde\" u Op\u0107inskom sudu u Tuzli: Odr\u017eani paneli za gra\u0111ane, studente i u\u010denike - TuzlaInfo.ba","isPartOf":{"@id":"https:\/\/tuzlainfo.ba\/#website"},"primaryImageOfPage":{"@id":"https:\/\/tuzlainfo.ba\/index.php\/novosti\/item\/221013-evropski-dan-pravde-u-opcinskom-sudu-u-tuzli-odrzani-paneli-za-gradjane-studente-i-ucenike\/#primaryimage"},"image":{"@id":"https:\/\/tuzlainfo.ba\/index.php\/novosti\/item\/221013-evropski-dan-pravde-u-opcinskom-sudu-u-tuzli-odrzani-paneli-za-gradjane-studente-i-ucenike\/#primaryimage"},"thumbnailUrl":"https:\/\/tuzlainfo.ba\/wp-content\/uploads\/2023\/10\/2710_opcinski.jpg","datePublished":"2023-10-28T07:05:21+00:00","dateModified":"2023-10-27T19:50:24+00:00","breadcrumb":{"@id":"https:\/\/tuzlainfo.ba\/index.php\/novosti\/item\/221013-evropski-dan-pravde-u-opcinskom-sudu-u-tuzli-odrzani-paneli-za-gradjane-studente-i-ucenike\/#breadcrumb"},"inLanguage":"bs-BA","potentialAction":[{"@type":"ReadAction","target":["https:\/\/tuzlainfo.ba\/index.php\/novosti\/item\/221013-evropski-dan-pravde-u-opcinskom-sudu-u-tuzli-odrzani-paneli-za-gradjane-studente-i-ucenike\/"]}]},{"@type":"ImageObject","inLanguage":"bs-BA","@id":"https:\/\/tuzlainfo.ba\/index.php\/novosti\/item\/221013-evropski-dan-pravde-u-opcinskom-sudu-u-tuzli-odrzani-paneli-za-gradjane-studente-i-ucenike\/#primaryimage","url":"https:\/\/tuzlainfo.ba\/wp-content\/uploads\/2023\/10\/2710_opcinski.jpg","contentUrl":"https:\/\/tuzlainfo.ba\/wp-content\/uploads\/2023\/10\/2710_opcinski.jpg","width":800,"height":600},{"@type":"BreadcrumbList","@id":"https:\/\/tuzlainfo.ba\/index.php\/novosti\/item\/221013-evropski-dan-pravde-u-opcinskom-sudu-u-tuzli-odrzani-paneli-za-gradjane-studente-i-ucenike\/#breadcrumb","itemListElement":[{"@type":"ListItem","position":1,"name":"Home","item":"https:\/\/tuzlainfo.ba\/"},{"@type":"ListItem","position":2,"name":"&#8220;Evropski dan pravde&#8221; u Op\u0107inskom sudu u Tuzli: Odr\u017eani paneli za gra\u0111ane, studente i u\u010denike"}]},{"@type":"WebSite","@id":"https:\/\/tuzlainfo.ba\/#website","url":"https:\/\/tuzlainfo.ba\/","name":"TuzlaInfo.ba","description":"Tuzla info, gradski informator - Tuzla na dlanu","publisher":{"@id":"https:\/\/tuzlainfo.ba\/#organization"},"potentialAction":[{"@type":"SearchAction","target":{"@type":"EntryPoint","urlTemplate":"https:\/\/tuzlainfo.ba\/?s={search_term_string}"},"query-input":{"@type":"PropertyValueSpecification","valueRequired":true,"valueName":"search_term_string"}}],"inLanguage":"bs-BA"},{"@type":"Organization","@id":"https:\/\/tuzlainfo.ba\/#organization","name":"TuzlaInfo.ba","url":"https:\/\/tuzlainfo.ba\/","logo":{"@type":"ImageObject","inLanguage":"bs-BA","@id":"https:\/\/tuzlainfo.ba\/#\/schema\/logo\/image\/","url":"https:\/\/tuzlainfo.ba\/wp-content\/uploads\/2021\/03\/logo-ver-3-1.png","contentUrl":"https:\/\/tuzlainfo.ba\/wp-content\/uploads\/2021\/03\/logo-ver-3-1.png","width":350,"height":95,"caption":"TuzlaInfo.ba"},"image":{"@id":"https:\/\/tuzlainfo.ba\/#\/schema\/logo\/image\/"},"sameAs":["https:\/\/www.facebook.com\/tuzlainfo.ba\/"]},{"@type":"Person","@id":"https:\/\/tuzlainfo.ba\/#\/schema\/person\/f434e20dc27ea133923aab08451b7f7f","name":"nedim","image":{"@type":"ImageObject","inLanguage":"bs-BA","@id":"https:\/\/tuzlainfo.ba\/#\/schema\/person\/image\/","url":"https:\/\/tuzlainfo.ba\/wp-content\/litespeed\/avatar\/aabad687af24844af817603ac1cbdc4f.jpg?ver=1777306975","contentUrl":"https:\/\/tuzlainfo.ba\/wp-content\/litespeed\/avatar\/aabad687af24844af817603ac1cbdc4f.jpg?ver=1777306975","caption":"nedim"},"description":"Tuzlainfo.ba pratite na dru\u0161tvenim mre\u017eama: Facebook, Instagram i Youtube. Svoje pri\u010de, upite i fotografije \u0161aljite na na\u0161u e-mail adresu."}]}},"_links":{"self":[{"href":"https:\/\/tuzlainfo.ba\/index.php\/wp-json\/wp\/v2\/posts\/221013"}],"collection":[{"href":"https:\/\/tuzlainfo.ba\/index.php\/wp-json\/wp\/v2\/posts"}],"about":[{"href":"https:\/\/tuzlainfo.ba\/index.php\/wp-json\/wp\/v2\/types\/post"}],"author":[{"embeddable":true,"href":"https:\/\/tuzlainfo.ba\/index.php\/wp-json\/wp\/v2\/users\/2"}],"replies":[{"embeddable":true,"href":"https:\/\/tuzlainfo.ba\/index.php\/wp-json\/wp\/v2\/comments?post=221013"}],"version-history":[{"count":1,"href":"https:\/\/tuzlainfo.ba\/index.php\/wp-json\/wp\/v2\/posts\/221013\/revisions"}],"predecessor-version":[{"id":221015,"href":"https:\/\/tuzlainfo.ba\/index.php\/wp-json\/wp\/v2\/posts\/221013\/revisions\/221015"}],"wp:featuredmedia":[{"embeddable":true,"href":"https:\/\/tuzlainfo.ba\/index.php\/wp-json\/wp\/v2\/media\/221014"}],"wp:attachment":[{"href":"https:\/\/tuzlainfo.ba\/index.php\/wp-json\/wp\/v2\/media?parent=221013"}],"wp:term":[{"taxonomy":"category","embeddable":true,"href":"https:\/\/tuzlainfo.ba\/index.php\/wp-json\/wp\/v2\/categories?post=221013"},{"taxonomy":"post_tag","embeddable":true,"href":"https:\/\/tuzlainfo.ba\/index.php\/wp-json\/wp\/v2\/tags?post=221013"}],"curies":[{"name":"wp","href":"https:\/\/api.w.org\/{rel}","templated":true}]}}