{"id":220797,"date":"2023-10-26T09:15:40","date_gmt":"2023-10-26T07:15:40","guid":{"rendered":"https:\/\/tuzlainfo.ba\/?p=220797"},"modified":"2023-10-26T21:25:33","modified_gmt":"2023-10-26T19:25:33","slug":"bcc-tuzla-slavi-7-rodjendan-najavljen-koncert-za-pamcenje-regionalne-muzicke-zvijezde","status":"publish","type":"post","link":"https:\/\/tuzlainfo.ba\/index.php\/najava-dogadaja-2\/item\/220797-bcc-tuzla-slavi-7-rodjendan-najavljen-koncert-za-pamcenje-regionalne-muzicke-zvijezde\/","title":{"rendered":"BCC Tuzla slavi 7. ro\u0111endan, najavljen koncert za pam\u0107enje regionalne muzi\u010dke zvijezde"},"content":{"rendered":"<p>Bingo City Centar Tuzla u novembru proslavlja sedam godina rada. Kao i svake godine, tuzlanski BCC organizuje muzi\u010dki koncert, a ove \u0107e posjetioce zabavljati Jelena Rozga.<\/p>\n<p>&#8220;Pjeva\u010dka zvijezda regije Jelena Rozga dolazi u na\u0161 grad i svi ste pozvani na ro\u0111endanski koncert za pam\u0107enje 10.11. Pratite nas i otkrijte koje vas sve pogodnosti povodom na\u0161eg 7. ro\u0111endana o\u010dekuju ove godine.\u00a0 Koncert je besplatan&#8221; &#8211; poru\u010dili su iz Bingo City Centra Tuzla.<\/p>\n<p>Najve\u0107i tr\u017eni centar u Tuzli do sada je dovodio velike muzi\u010dke\u00a0 zvijezde na obilje\u017eavanje godi\u0161njice rada, a me\u0111u njima bili su Nata\u0161a Bekvalac, Sa\u0161a Kova\u010devi\u0107, Lexington bend i mnogi drugi&#8230; \/Tuzlainfo\/<\/p>\n<p><img fetchpriority=\"high\" decoding=\"async\" class=\"alignnone wp-image-220798 size-full\" src=\"https:\/\/tuzlainfo.ba\/wp-content\/uploads\/2023\/10\/bcc-rodjendan.jpg\" alt=\"\" width=\"1080\" height=\"1080\" srcset=\"https:\/\/tuzlainfo.ba\/wp-content\/uploads\/2023\/10\/bcc-rodjendan.jpg 1080w, https:\/\/tuzlainfo.ba\/wp-content\/uploads\/2023\/10\/bcc-rodjendan-300x300.jpg 300w, https:\/\/tuzlainfo.ba\/wp-content\/uploads\/2023\/10\/bcc-rodjendan-1024x1024.jpg 1024w, https:\/\/tuzlainfo.ba\/wp-content\/uploads\/2023\/10\/bcc-rodjendan-150x150.jpg 150w, https:\/\/tuzlainfo.ba\/wp-content\/uploads\/2023\/10\/bcc-rodjendan-768x768.jpg 768w, https:\/\/tuzlainfo.ba\/wp-content\/uploads\/2023\/10\/bcc-rodjendan-585x585.jpg 585w, https:\/\/tuzlainfo.ba\/wp-content\/uploads\/2023\/10\/bcc-rodjendan-500x500.jpg 500w, https:\/\/tuzlainfo.ba\/wp-content\/uploads\/2023\/10\/bcc-rodjendan-45x45.jpg 45w\" sizes=\"(max-width: 1080px) 100vw, 1080px\" \/><\/p>\n<div dir=\"auto\"><\/div>\n<div dir=\"auto\"><\/div>\n<div dir=\"auto\"><\/div>\n<div class=\"x11i5rnm xat24cr x1mh8g0r x1vvkbs xtlvy1s x126k92a\">\n<div dir=\"auto\"><\/div>\n<\/div>\n","protected":false},"excerpt":{"rendered":"<p>Bingo City Centar Tuzla u novembru proslavlja sedam godina rada. Kao i svake godine, tuzlanski&hellip;<\/p>\n","protected":false},"author":4,"featured_media":153976,"comment_status":"open","ping_status":"closed","sticky":false,"template":"","format":"standard","meta":{"_acf_changed":false,"footnotes":""},"categories":[304,11,306],"tags":[8628,7322,8629],"acf":[],"yoast_head":"<!-- This site is optimized with the Yoast SEO plugin v23.5 - https:\/\/yoast.com\/wordpress\/plugins\/seo\/ -->\n<title>BCC Tuzla slavi 7. ro\u0111endan, najavljen koncert za pam\u0107enje regionalne muzi\u010dke zvijezde - TuzlaInfo.ba<\/title>\n<meta name=\"robots\" content=\"index, follow, max-snippet:-1, max-image-preview:large, max-video-preview:-1\" \/>\n<link rel=\"canonical\" href=\"https:\/\/tuzlainfo.ba\/index.php\/najava-dogadaja-2\/item\/220797-bcc-tuzla-slavi-7-rodjendan-najavljen-koncert-za-pamcenje-regionalne-muzicke-zvijezde\/\" \/>\n<meta property=\"og:locale\" content=\"bs_BA\" \/>\n<meta property=\"og:type\" content=\"article\" \/>\n<meta property=\"og:title\" content=\"BCC Tuzla slavi 7. ro\u0111endan, najavljen koncert za pam\u0107enje regionalne muzi\u010dke zvijezde - TuzlaInfo.ba\" \/>\n<meta property=\"og:description\" content=\"Bingo City Centar Tuzla u novembru proslavlja sedam godina rada. Kao i svake godine, tuzlanski&hellip;\" \/>\n<meta property=\"og:url\" content=\"https:\/\/tuzlainfo.ba\/index.php\/najava-dogadaja-2\/item\/220797-bcc-tuzla-slavi-7-rodjendan-najavljen-koncert-za-pamcenje-regionalne-muzicke-zvijezde\/\" \/>\n<meta property=\"og:site_name\" content=\"TuzlaInfo.ba\" \/>\n<meta property=\"article:publisher\" content=\"https:\/\/www.facebook.com\/tuzlainfo.ba\/\" \/>\n<meta property=\"article:published_time\" content=\"2023-10-26T07:15:40+00:00\" \/>\n<meta property=\"article:modified_time\" content=\"2023-10-26T19:25:33+00:00\" \/>\n<meta property=\"og:image\" content=\"https:\/\/tuzlainfo.ba\/wp-content\/uploads\/2021\/11\/1011_BCC_rodjendan.jpg\" \/>\n\t<meta property=\"og:image:width\" content=\"1200\" \/>\n\t<meta property=\"og:image:height\" content=\"755\" \/>\n\t<meta property=\"og:image:type\" content=\"image\/jpeg\" \/>\n<meta name=\"author\" content=\"Tuzla Info\" \/>\n<meta name=\"twitter:card\" content=\"summary_large_image\" \/>\n<meta name=\"twitter:label1\" content=\"Written by\" \/>\n\t<meta name=\"twitter:data1\" content=\"Tuzla Info\" \/>\n\t<meta name=\"twitter:label2\" content=\"Est. reading time\" \/>\n\t<meta name=\"twitter:data2\" content=\"1 minuta\" \/>\n<script type=\"application\/ld+json\" class=\"yoast-schema-graph\">{\"@context\":\"https:\/\/schema.org\",\"@graph\":[{\"@type\":\"Article\",\"@id\":\"https:\/\/tuzlainfo.ba\/index.php\/najava-dogadaja-2\/item\/220797-bcc-tuzla-slavi-7-rodjendan-najavljen-koncert-za-pamcenje-regionalne-muzicke-zvijezde\/#article\",\"isPartOf\":{\"@id\":\"https:\/\/tuzlainfo.ba\/index.php\/najava-dogadaja-2\/item\/220797-bcc-tuzla-slavi-7-rodjendan-najavljen-koncert-za-pamcenje-regionalne-muzicke-zvijezde\/\"},\"author\":{\"name\":\"Tuzla Info\",\"@id\":\"https:\/\/tuzlainfo.ba\/#\/schema\/person\/46cad4c57790cbc50781edd14870825a\"},\"headline\":\"BCC Tuzla slavi 7. ro\u0111endan, najavljen koncert za pam\u0107enje regionalne muzi\u010dke zvijezde\",\"datePublished\":\"2023-10-26T07:15:40+00:00\",\"dateModified\":\"2023-10-26T19:25:33+00:00\",\"mainEntityOfPage\":{\"@id\":\"https:\/\/tuzlainfo.ba\/index.php\/najava-dogadaja-2\/item\/220797-bcc-tuzla-slavi-7-rodjendan-najavljen-koncert-za-pamcenje-regionalne-muzicke-zvijezde\/\"},\"wordCount\":131,\"commentCount\":0,\"publisher\":{\"@id\":\"https:\/\/tuzlainfo.ba\/#organization\"},\"image\":{\"@id\":\"https:\/\/tuzlainfo.ba\/index.php\/najava-dogadaja-2\/item\/220797-bcc-tuzla-slavi-7-rodjendan-najavljen-koncert-za-pamcenje-regionalne-muzicke-zvijezde\/#primaryimage\"},\"thumbnailUrl\":\"https:\/\/tuzlainfo.ba\/wp-content\/uploads\/2021\/11\/1011_BCC_rodjendan.jpg\",\"keywords\":[\"bcc tuzla\",\"bingo city center\",\"jelena rozga\"],\"articleSection\":[\"Istaknuto\",\"Najave i doga\u0111aji\",\"Preporu\u010dujemo\"],\"inLanguage\":\"bs-BA\"},{\"@type\":\"WebPage\",\"@id\":\"https:\/\/tuzlainfo.ba\/index.php\/najava-dogadaja-2\/item\/220797-bcc-tuzla-slavi-7-rodjendan-najavljen-koncert-za-pamcenje-regionalne-muzicke-zvijezde\/\",\"url\":\"https:\/\/tuzlainfo.ba\/index.php\/najava-dogadaja-2\/item\/220797-bcc-tuzla-slavi-7-rodjendan-najavljen-koncert-za-pamcenje-regionalne-muzicke-zvijezde\/\",\"name\":\"BCC Tuzla slavi 7. ro\u0111endan, najavljen koncert za pam\u0107enje regionalne muzi\u010dke zvijezde - TuzlaInfo.ba\",\"isPartOf\":{\"@id\":\"https:\/\/tuzlainfo.ba\/#website\"},\"primaryImageOfPage\":{\"@id\":\"https:\/\/tuzlainfo.ba\/index.php\/najava-dogadaja-2\/item\/220797-bcc-tuzla-slavi-7-rodjendan-najavljen-koncert-za-pamcenje-regionalne-muzicke-zvijezde\/#primaryimage\"},\"image\":{\"@id\":\"https:\/\/tuzlainfo.ba\/index.php\/najava-dogadaja-2\/item\/220797-bcc-tuzla-slavi-7-rodjendan-najavljen-koncert-za-pamcenje-regionalne-muzicke-zvijezde\/#primaryimage\"},\"thumbnailUrl\":\"https:\/\/tuzlainfo.ba\/wp-content\/uploads\/2021\/11\/1011_BCC_rodjendan.jpg\",\"datePublished\":\"2023-10-26T07:15:40+00:00\",\"dateModified\":\"2023-10-26T19:25:33+00:00\",\"breadcrumb\":{\"@id\":\"https:\/\/tuzlainfo.ba\/index.php\/najava-dogadaja-2\/item\/220797-bcc-tuzla-slavi-7-rodjendan-najavljen-koncert-za-pamcenje-regionalne-muzicke-zvijezde\/#breadcrumb\"},\"inLanguage\":\"bs-BA\",\"potentialAction\":[{\"@type\":\"ReadAction\",\"target\":[\"https:\/\/tuzlainfo.ba\/index.php\/najava-dogadaja-2\/item\/220797-bcc-tuzla-slavi-7-rodjendan-najavljen-koncert-za-pamcenje-regionalne-muzicke-zvijezde\/\"]}]},{\"@type\":\"ImageObject\",\"inLanguage\":\"bs-BA\",\"@id\":\"https:\/\/tuzlainfo.ba\/index.php\/najava-dogadaja-2\/item\/220797-bcc-tuzla-slavi-7-rodjendan-najavljen-koncert-za-pamcenje-regionalne-muzicke-zvijezde\/#primaryimage\",\"url\":\"https:\/\/tuzlainfo.ba\/wp-content\/uploads\/2021\/11\/1011_BCC_rodjendan.jpg\",\"contentUrl\":\"https:\/\/tuzlainfo.ba\/wp-content\/uploads\/2021\/11\/1011_BCC_rodjendan.jpg\",\"width\":1200,\"height\":755,\"caption\":\"Detalj sa proslave 3. rodjendana Bingo City Centera u Tuzli\"},{\"@type\":\"BreadcrumbList\",\"@id\":\"https:\/\/tuzlainfo.ba\/index.php\/najava-dogadaja-2\/item\/220797-bcc-tuzla-slavi-7-rodjendan-najavljen-koncert-za-pamcenje-regionalne-muzicke-zvijezde\/#breadcrumb\",\"itemListElement\":[{\"@type\":\"ListItem\",\"position\":1,\"name\":\"Home\",\"item\":\"https:\/\/tuzlainfo.ba\/\"},{\"@type\":\"ListItem\",\"position\":2,\"name\":\"BCC Tuzla slavi 7. ro\u0111endan, najavljen koncert za pam\u0107enje regionalne muzi\u010dke zvijezde\"}]},{\"@type\":\"WebSite\",\"@id\":\"https:\/\/tuzlainfo.ba\/#website\",\"url\":\"https:\/\/tuzlainfo.ba\/\",\"name\":\"TuzlaInfo.ba\",\"description\":\"Tuzla info, gradski informator - Tuzla na dlanu\",\"publisher\":{\"@id\":\"https:\/\/tuzlainfo.ba\/#organization\"},\"potentialAction\":[{\"@type\":\"SearchAction\",\"target\":{\"@type\":\"EntryPoint\",\"urlTemplate\":\"https:\/\/tuzlainfo.ba\/?s={search_term_string}\"},\"query-input\":{\"@type\":\"PropertyValueSpecification\",\"valueRequired\":true,\"valueName\":\"search_term_string\"}}],\"inLanguage\":\"bs-BA\"},{\"@type\":\"Organization\",\"@id\":\"https:\/\/tuzlainfo.ba\/#organization\",\"name\":\"TuzlaInfo.ba\",\"url\":\"https:\/\/tuzlainfo.ba\/\",\"logo\":{\"@type\":\"ImageObject\",\"inLanguage\":\"bs-BA\",\"@id\":\"https:\/\/tuzlainfo.ba\/#\/schema\/logo\/image\/\",\"url\":\"https:\/\/tuzlainfo.ba\/wp-content\/uploads\/2021\/03\/logo-ver-3-1.png\",\"contentUrl\":\"https:\/\/tuzlainfo.ba\/wp-content\/uploads\/2021\/03\/logo-ver-3-1.png\",\"width\":350,\"height\":95,\"caption\":\"TuzlaInfo.ba\"},\"image\":{\"@id\":\"https:\/\/tuzlainfo.ba\/#\/schema\/logo\/image\/\"},\"sameAs\":[\"https:\/\/www.facebook.com\/tuzlainfo.ba\/\"]},{\"@type\":\"Person\",\"@id\":\"https:\/\/tuzlainfo.ba\/#\/schema\/person\/46cad4c57790cbc50781edd14870825a\",\"name\":\"Tuzla Info\",\"image\":{\"@type\":\"ImageObject\",\"inLanguage\":\"bs-BA\",\"@id\":\"https:\/\/tuzlainfo.ba\/#\/schema\/person\/image\/\",\"url\":\"https:\/\/tuzlainfo.ba\/wp-content\/litespeed\/avatar\/b6c453a6c38e3654f2e4416c643fc25c.jpg?ver=1777051911\",\"contentUrl\":\"https:\/\/tuzlainfo.ba\/wp-content\/litespeed\/avatar\/b6c453a6c38e3654f2e4416c643fc25c.jpg?ver=1777051911\",\"caption\":\"Tuzla Info\"}}]}<\/script>\n<!-- \/ Yoast SEO plugin. -->","yoast_head_json":{"title":"BCC Tuzla slavi 7. ro\u0111endan, najavljen koncert za pam\u0107enje regionalne muzi\u010dke zvijezde - TuzlaInfo.ba","robots":{"index":"index","follow":"follow","max-snippet":"max-snippet:-1","max-image-preview":"max-image-preview:large","max-video-preview":"max-video-preview:-1"},"canonical":"https:\/\/tuzlainfo.ba\/index.php\/najava-dogadaja-2\/item\/220797-bcc-tuzla-slavi-7-rodjendan-najavljen-koncert-za-pamcenje-regionalne-muzicke-zvijezde\/","og_locale":"bs_BA","og_type":"article","og_title":"BCC Tuzla slavi 7. ro\u0111endan, najavljen koncert za pam\u0107enje regionalne muzi\u010dke zvijezde - TuzlaInfo.ba","og_description":"Bingo City Centar Tuzla u novembru proslavlja sedam godina rada. Kao i svake godine, tuzlanski&hellip;","og_url":"https:\/\/tuzlainfo.ba\/index.php\/najava-dogadaja-2\/item\/220797-bcc-tuzla-slavi-7-rodjendan-najavljen-koncert-za-pamcenje-regionalne-muzicke-zvijezde\/","og_site_name":"TuzlaInfo.ba","article_publisher":"https:\/\/www.facebook.com\/tuzlainfo.ba\/","article_published_time":"2023-10-26T07:15:40+00:00","article_modified_time":"2023-10-26T19:25:33+00:00","og_image":[{"width":1200,"height":755,"url":"https:\/\/tuzlainfo.ba\/wp-content\/uploads\/2021\/11\/1011_BCC_rodjendan.jpg","type":"image\/jpeg"}],"author":"Tuzla Info","twitter_card":"summary_large_image","twitter_misc":{"Written by":"Tuzla Info","Est. reading time":"1 minuta"},"schema":{"@context":"https:\/\/schema.org","@graph":[{"@type":"Article","@id":"https:\/\/tuzlainfo.ba\/index.php\/najava-dogadaja-2\/item\/220797-bcc-tuzla-slavi-7-rodjendan-najavljen-koncert-za-pamcenje-regionalne-muzicke-zvijezde\/#article","isPartOf":{"@id":"https:\/\/tuzlainfo.ba\/index.php\/najava-dogadaja-2\/item\/220797-bcc-tuzla-slavi-7-rodjendan-najavljen-koncert-za-pamcenje-regionalne-muzicke-zvijezde\/"},"author":{"name":"Tuzla Info","@id":"https:\/\/tuzlainfo.ba\/#\/schema\/person\/46cad4c57790cbc50781edd14870825a"},"headline":"BCC Tuzla slavi 7. ro\u0111endan, najavljen koncert za pam\u0107enje regionalne muzi\u010dke zvijezde","datePublished":"2023-10-26T07:15:40+00:00","dateModified":"2023-10-26T19:25:33+00:00","mainEntityOfPage":{"@id":"https:\/\/tuzlainfo.ba\/index.php\/najava-dogadaja-2\/item\/220797-bcc-tuzla-slavi-7-rodjendan-najavljen-koncert-za-pamcenje-regionalne-muzicke-zvijezde\/"},"wordCount":131,"commentCount":0,"publisher":{"@id":"https:\/\/tuzlainfo.ba\/#organization"},"image":{"@id":"https:\/\/tuzlainfo.ba\/index.php\/najava-dogadaja-2\/item\/220797-bcc-tuzla-slavi-7-rodjendan-najavljen-koncert-za-pamcenje-regionalne-muzicke-zvijezde\/#primaryimage"},"thumbnailUrl":"https:\/\/tuzlainfo.ba\/wp-content\/uploads\/2021\/11\/1011_BCC_rodjendan.jpg","keywords":["bcc tuzla","bingo city center","jelena rozga"],"articleSection":["Istaknuto","Najave i doga\u0111aji","Preporu\u010dujemo"],"inLanguage":"bs-BA"},{"@type":"WebPage","@id":"https:\/\/tuzlainfo.ba\/index.php\/najava-dogadaja-2\/item\/220797-bcc-tuzla-slavi-7-rodjendan-najavljen-koncert-za-pamcenje-regionalne-muzicke-zvijezde\/","url":"https:\/\/tuzlainfo.ba\/index.php\/najava-dogadaja-2\/item\/220797-bcc-tuzla-slavi-7-rodjendan-najavljen-koncert-za-pamcenje-regionalne-muzicke-zvijezde\/","name":"BCC Tuzla slavi 7. ro\u0111endan, najavljen koncert za pam\u0107enje regionalne muzi\u010dke zvijezde - TuzlaInfo.ba","isPartOf":{"@id":"https:\/\/tuzlainfo.ba\/#website"},"primaryImageOfPage":{"@id":"https:\/\/tuzlainfo.ba\/index.php\/najava-dogadaja-2\/item\/220797-bcc-tuzla-slavi-7-rodjendan-najavljen-koncert-za-pamcenje-regionalne-muzicke-zvijezde\/#primaryimage"},"image":{"@id":"https:\/\/tuzlainfo.ba\/index.php\/najava-dogadaja-2\/item\/220797-bcc-tuzla-slavi-7-rodjendan-najavljen-koncert-za-pamcenje-regionalne-muzicke-zvijezde\/#primaryimage"},"thumbnailUrl":"https:\/\/tuzlainfo.ba\/wp-content\/uploads\/2021\/11\/1011_BCC_rodjendan.jpg","datePublished":"2023-10-26T07:15:40+00:00","dateModified":"2023-10-26T19:25:33+00:00","breadcrumb":{"@id":"https:\/\/tuzlainfo.ba\/index.php\/najava-dogadaja-2\/item\/220797-bcc-tuzla-slavi-7-rodjendan-najavljen-koncert-za-pamcenje-regionalne-muzicke-zvijezde\/#breadcrumb"},"inLanguage":"bs-BA","potentialAction":[{"@type":"ReadAction","target":["https:\/\/tuzlainfo.ba\/index.php\/najava-dogadaja-2\/item\/220797-bcc-tuzla-slavi-7-rodjendan-najavljen-koncert-za-pamcenje-regionalne-muzicke-zvijezde\/"]}]},{"@type":"ImageObject","inLanguage":"bs-BA","@id":"https:\/\/tuzlainfo.ba\/index.php\/najava-dogadaja-2\/item\/220797-bcc-tuzla-slavi-7-rodjendan-najavljen-koncert-za-pamcenje-regionalne-muzicke-zvijezde\/#primaryimage","url":"https:\/\/tuzlainfo.ba\/wp-content\/uploads\/2021\/11\/1011_BCC_rodjendan.jpg","contentUrl":"https:\/\/tuzlainfo.ba\/wp-content\/uploads\/2021\/11\/1011_BCC_rodjendan.jpg","width":1200,"height":755,"caption":"Detalj sa proslave 3. rodjendana Bingo City Centera u Tuzli"},{"@type":"BreadcrumbList","@id":"https:\/\/tuzlainfo.ba\/index.php\/najava-dogadaja-2\/item\/220797-bcc-tuzla-slavi-7-rodjendan-najavljen-koncert-za-pamcenje-regionalne-muzicke-zvijezde\/#breadcrumb","itemListElement":[{"@type":"ListItem","position":1,"name":"Home","item":"https:\/\/tuzlainfo.ba\/"},{"@type":"ListItem","position":2,"name":"BCC Tuzla slavi 7. ro\u0111endan, najavljen koncert za pam\u0107enje regionalne muzi\u010dke zvijezde"}]},{"@type":"WebSite","@id":"https:\/\/tuzlainfo.ba\/#website","url":"https:\/\/tuzlainfo.ba\/","name":"TuzlaInfo.ba","description":"Tuzla info, gradski informator - Tuzla na dlanu","publisher":{"@id":"https:\/\/tuzlainfo.ba\/#organization"},"potentialAction":[{"@type":"SearchAction","target":{"@type":"EntryPoint","urlTemplate":"https:\/\/tuzlainfo.ba\/?s={search_term_string}"},"query-input":{"@type":"PropertyValueSpecification","valueRequired":true,"valueName":"search_term_string"}}],"inLanguage":"bs-BA"},{"@type":"Organization","@id":"https:\/\/tuzlainfo.ba\/#organization","name":"TuzlaInfo.ba","url":"https:\/\/tuzlainfo.ba\/","logo":{"@type":"ImageObject","inLanguage":"bs-BA","@id":"https:\/\/tuzlainfo.ba\/#\/schema\/logo\/image\/","url":"https:\/\/tuzlainfo.ba\/wp-content\/uploads\/2021\/03\/logo-ver-3-1.png","contentUrl":"https:\/\/tuzlainfo.ba\/wp-content\/uploads\/2021\/03\/logo-ver-3-1.png","width":350,"height":95,"caption":"TuzlaInfo.ba"},"image":{"@id":"https:\/\/tuzlainfo.ba\/#\/schema\/logo\/image\/"},"sameAs":["https:\/\/www.facebook.com\/tuzlainfo.ba\/"]},{"@type":"Person","@id":"https:\/\/tuzlainfo.ba\/#\/schema\/person\/46cad4c57790cbc50781edd14870825a","name":"Tuzla Info","image":{"@type":"ImageObject","inLanguage":"bs-BA","@id":"https:\/\/tuzlainfo.ba\/#\/schema\/person\/image\/","url":"https:\/\/tuzlainfo.ba\/wp-content\/litespeed\/avatar\/b6c453a6c38e3654f2e4416c643fc25c.jpg?ver=1777051911","contentUrl":"https:\/\/tuzlainfo.ba\/wp-content\/litespeed\/avatar\/b6c453a6c38e3654f2e4416c643fc25c.jpg?ver=1777051911","caption":"Tuzla Info"}}]}},"_links":{"self":[{"href":"https:\/\/tuzlainfo.ba\/index.php\/wp-json\/wp\/v2\/posts\/220797"}],"collection":[{"href":"https:\/\/tuzlainfo.ba\/index.php\/wp-json\/wp\/v2\/posts"}],"about":[{"href":"https:\/\/tuzlainfo.ba\/index.php\/wp-json\/wp\/v2\/types\/post"}],"author":[{"embeddable":true,"href":"https:\/\/tuzlainfo.ba\/index.php\/wp-json\/wp\/v2\/users\/4"}],"replies":[{"embeddable":true,"href":"https:\/\/tuzlainfo.ba\/index.php\/wp-json\/wp\/v2\/comments?post=220797"}],"version-history":[{"count":1,"href":"https:\/\/tuzlainfo.ba\/index.php\/wp-json\/wp\/v2\/posts\/220797\/revisions"}],"predecessor-version":[{"id":220799,"href":"https:\/\/tuzlainfo.ba\/index.php\/wp-json\/wp\/v2\/posts\/220797\/revisions\/220799"}],"wp:featuredmedia":[{"embeddable":true,"href":"https:\/\/tuzlainfo.ba\/index.php\/wp-json\/wp\/v2\/media\/153976"}],"wp:attachment":[{"href":"https:\/\/tuzlainfo.ba\/index.php\/wp-json\/wp\/v2\/media?parent=220797"}],"wp:term":[{"taxonomy":"category","embeddable":true,"href":"https:\/\/tuzlainfo.ba\/index.php\/wp-json\/wp\/v2\/categories?post=220797"},{"taxonomy":"post_tag","embeddable":true,"href":"https:\/\/tuzlainfo.ba\/index.php\/wp-json\/wp\/v2\/tags?post=220797"}],"curies":[{"name":"wp","href":"https:\/\/api.w.org\/{rel}","templated":true}]}}