{"id":220640,"date":"2023-10-24T11:49:58","date_gmt":"2023-10-24T09:49:58","guid":{"rendered":"https:\/\/tuzlainfo.ba\/?p=220640"},"modified":"2023-10-24T12:36:09","modified_gmt":"2023-10-24T10:36:09","slug":"uz-muziku-i-cevape-dasak-bosne-i-balkana-u-italijanskom-gradu-reggio-emilia","status":"publish","type":"post","link":"https:\/\/tuzlainfo.ba\/index.php\/clanci\/sa-svih-strana\/item\/220640-uz-muziku-i-cevape-dasak-bosne-i-balkana-u-italijanskom-gradu-reggio-emilia\/","title":{"rendered":"Uz muziku i \u0107evape: Da\u0161ak Bosne i Balkana u italijanskom gradu Reggio Emilia"},"content":{"rendered":"<p>Vi\u0161e od 120 Italijana u nedjelju je u gradu Reggio Emilia u\u017eivalo u balkanskoj muzici koju su za ovu priliku izveo trio &#8220;Bosantikum&#8221; u sastavu Hristina U\u010dur, Maja Buha i Du\u0161ko Suboti\u0107.<\/p>\n<p>Osim toga u sklopu ove ve\u010deri ekipa iz Te\u0161nja sa adresom u Italiji spremila je \u0107evape, a svi prisutni su mogli probati i bosansku baklavu.<\/p>\n<p>&#8211; Radi se o velikoj balkanskoj ve\u010deri gdje smo mogli da \u010dujemo pri\u010de mnogih ljudi koji su iz Italije putovali na podru\u010dje Balkana, od izvi\u0111a\u010da, u\u010denika i drugih. Oni su prezentirali materijale koje su tamo napravili. Imali smo priliku \u010duti i autore knjige &#8220;Hladni mir&#8221; na osnovu kojeg je napravljen dokumentarni film koji je tako\u0111er prikazan &#8211; rekla nam je Tamara Cvetkovi\u0107, koordinatorica Festivala.<\/p>\n<p><iframe title=\"Reggio Emilia - Ve\u010de balkanske muzike i tradiconalne kuhinje\" width=\"1170\" height=\"658\" src=\"https:\/\/www.youtube.com\/embed\/Vuu1Dl6kJHM?feature=oembed\" frameborder=\"0\" allow=\"accelerometer; autoplay; clipboard-write; encrypted-media; gyroscope; picture-in-picture; web-share\" allowfullscreen><\/iframe><\/p>\n<p>Uz ve\u010de balkanske muzike razli\u010ditih \u017eanrova u okviru Festivala Balkanika prisustni su mogli u\u017eivati u specijalitetima bosanske kuhinje za jedno sa hranom iz regije Emilia-Romagna.<\/p>\n<div id=\"penci-post-gallery__95110\" class=\"penci-post-gallery-container masonry grid column-3\" data-height=\"150\" data-margin=\"3\"><div class=\"inner-gallery-masonry-container\"><div class=\"item-gallery-masonry grid\"><a class=\"\" href=\"https:\/\/tuzlainfo.ba\/wp-content\/uploads\/2023\/10\/24_10_regio-9.jpg\"><div class=\"inner-item-masonry-gallery\"><img decoding=\"async\" src=\"https:\/\/tuzlainfo.ba\/wp-content\/uploads\/2023\/10\/24_10_regio-9-585x390.jpg\" alt=\"\" title=\"24_10_regio (9)\"><\/div><\/a><\/div><div class=\"item-gallery-masonry grid\"><a class=\"\" href=\"https:\/\/tuzlainfo.ba\/wp-content\/uploads\/2023\/10\/24_10_regio-7.jpg\"><div class=\"inner-item-masonry-gallery\"><img decoding=\"async\" src=\"https:\/\/tuzlainfo.ba\/wp-content\/uploads\/2023\/10\/24_10_regio-7-585x390.jpg\" alt=\"\" title=\"24_10_regio (7)\"><\/div><\/a><\/div><div class=\"item-gallery-masonry grid\"><a class=\"\" href=\"https:\/\/tuzlainfo.ba\/wp-content\/uploads\/2023\/10\/24_10_regio-4.jpg\"><div class=\"inner-item-masonry-gallery\"><img decoding=\"async\" src=\"https:\/\/tuzlainfo.ba\/wp-content\/uploads\/2023\/10\/24_10_regio-4-585x390.jpg\" alt=\"\" title=\"24_10_regio (4)\"><\/div><\/a><\/div><div class=\"item-gallery-masonry grid\"><a class=\"\" href=\"https:\/\/tuzlainfo.ba\/wp-content\/uploads\/2023\/10\/24_10_regio-2.jpg\"><div class=\"inner-item-masonry-gallery\"><img decoding=\"async\" src=\"https:\/\/tuzlainfo.ba\/wp-content\/uploads\/2023\/10\/24_10_regio-2-585x390.jpg\" alt=\"\" title=\"24_10_regio (2)\"><\/div><\/a><\/div><div class=\"item-gallery-masonry grid\"><a class=\"\" href=\"https:\/\/tuzlainfo.ba\/wp-content\/uploads\/2023\/10\/24_10_regio-3.jpg\"><div class=\"inner-item-masonry-gallery\"><img decoding=\"async\" src=\"https:\/\/tuzlainfo.ba\/wp-content\/uploads\/2023\/10\/24_10_regio-3-585x390.jpg\" alt=\"\" title=\"24_10_regio (3)\"><\/div><\/a><\/div><div class=\"item-gallery-masonry grid\"><a class=\"\" href=\"https:\/\/tuzlainfo.ba\/wp-content\/uploads\/2023\/10\/24_10_regio-6.jpg\"><div class=\"inner-item-masonry-gallery\"><img decoding=\"async\" src=\"https:\/\/tuzlainfo.ba\/wp-content\/uploads\/2023\/10\/24_10_regio-6-585x390.jpg\" alt=\"\" title=\"24_10_regio (6)\"><\/div><\/a><\/div><div class=\"item-gallery-masonry grid\"><a class=\"\" href=\"https:\/\/tuzlainfo.ba\/wp-content\/uploads\/2023\/10\/24_10_regio-8.jpg\"><div class=\"inner-item-masonry-gallery\"><img decoding=\"async\" src=\"https:\/\/tuzlainfo.ba\/wp-content\/uploads\/2023\/10\/24_10_regio-8-585x390.jpg\" alt=\"\" title=\"24_10_regio (8)\"><\/div><\/a><\/div><div class=\"item-gallery-masonry grid\"><a class=\"\" href=\"https:\/\/tuzlainfo.ba\/wp-content\/uploads\/2023\/10\/24_10_regio-10.jpg\"><div class=\"inner-item-masonry-gallery\"><img decoding=\"async\" src=\"https:\/\/tuzlainfo.ba\/wp-content\/uploads\/2023\/10\/24_10_regio-10-585x390.jpg\" alt=\"\" title=\"24_10_regio (10)\"><\/div><\/a><\/div><div class=\"item-gallery-masonry grid\"><a class=\"\" href=\"https:\/\/tuzlainfo.ba\/wp-content\/uploads\/2023\/10\/24_10_regio-1.jpg\"><div class=\"inner-item-masonry-gallery\"><img decoding=\"async\" src=\"https:\/\/tuzlainfo.ba\/wp-content\/uploads\/2023\/10\/24_10_regio-1-585x390.jpg\" alt=\"\" title=\"24_10_regio (1)\"><\/div><\/a><\/div><\/div><\/div>\n<p>Kroz sve aktivnosti i koje su ra\u0111ene u okviru ovog festivala &#8220;SARAJEVO MON AMOUR \u2013 FESTIVAL BALKANIKA 2023&#8221; od 13. do 22 oktobra pro\u0161lo je vi\u0161e od 1.000 ljudi, a organizatori su bili Iscos Emilia Romagna, Istoreco Reggio Emilia, Cisl Emilia Centrale i ostali partneri.<\/p>\n<p>Kompletan program festivala je dostupan <a href=\"https:\/\/eventi.comune.re.it\/wp-content\/uploads\/2023\/10\/2023_Programma-Sarajevo-Mon-Amour-Festival-Balkanika-2023.pdf\"><strong>OVDJE<\/strong><\/a>.<strong>\/Tuzlainfo, S.P.\/<\/strong><\/p>\n","protected":false},"excerpt":{"rendered":"<p>Vi\u0161e od 120 Italijana u nedjelju je u gradu Reggio Emilia u\u017eivalo u balkanskoj muzici&hellip;<\/p>\n","protected":false},"author":2,"featured_media":220646,"comment_status":"open","ping_status":"closed","sticky":false,"template":"","format":"standard","meta":{"_acf_changed":false,"footnotes":""},"categories":[16],"tags":[8610,1500,8609],"acf":[],"yoast_head":"<!-- This site is optimized with the Yoast SEO plugin v23.5 - https:\/\/yoast.com\/wordpress\/plugins\/seo\/ -->\n<title>Uz muziku i \u0107evape: Da\u0161ak Bosne i Balkana u italijanskom gradu Reggio Emilia - TuzlaInfo.ba<\/title>\n<meta name=\"robots\" content=\"index, follow, max-snippet:-1, max-image-preview:large, max-video-preview:-1\" \/>\n<link rel=\"canonical\" href=\"https:\/\/tuzlainfo.ba\/index.php\/clanci\/sa-svih-strana\/item\/220640-uz-muziku-i-cevape-dasak-bosne-i-balkana-u-italijanskom-gradu-reggio-emilia\/\" \/>\n<meta property=\"og:locale\" content=\"bs_BA\" \/>\n<meta property=\"og:type\" content=\"article\" \/>\n<meta property=\"og:title\" content=\"Uz muziku i \u0107evape: Da\u0161ak Bosne i Balkana u italijanskom gradu Reggio Emilia - TuzlaInfo.ba\" \/>\n<meta property=\"og:description\" content=\"Vi\u0161e od 120 Italijana u nedjelju je u gradu Reggio Emilia u\u017eivalo u balkanskoj muzici&hellip;\" \/>\n<meta property=\"og:url\" content=\"https:\/\/tuzlainfo.ba\/index.php\/clanci\/sa-svih-strana\/item\/220640-uz-muziku-i-cevape-dasak-bosne-i-balkana-u-italijanskom-gradu-reggio-emilia\/\" \/>\n<meta property=\"og:site_name\" content=\"TuzlaInfo.ba\" \/>\n<meta property=\"article:publisher\" content=\"https:\/\/www.facebook.com\/tuzlainfo.ba\/\" \/>\n<meta property=\"article:published_time\" content=\"2023-10-24T09:49:58+00:00\" \/>\n<meta property=\"article:modified_time\" content=\"2023-10-24T10:36:09+00:00\" \/>\n<meta property=\"og:image\" content=\"https:\/\/tuzlainfo.ba\/wp-content\/uploads\/2023\/10\/24_10_regio-5.jpg\" \/>\n\t<meta property=\"og:image:width\" content=\"1600\" \/>\n\t<meta property=\"og:image:height\" content=\"1200\" \/>\n\t<meta property=\"og:image:type\" content=\"image\/jpeg\" \/>\n<meta name=\"author\" content=\"nedim\" \/>\n<meta name=\"twitter:card\" content=\"summary_large_image\" \/>\n<meta name=\"twitter:label1\" content=\"Written by\" \/>\n\t<meta name=\"twitter:data1\" content=\"nedim\" \/>\n\t<meta name=\"twitter:label2\" content=\"Est. reading time\" \/>\n\t<meta name=\"twitter:data2\" content=\"1 minuta\" \/>\n<script type=\"application\/ld+json\" class=\"yoast-schema-graph\">{\"@context\":\"https:\/\/schema.org\",\"@graph\":[{\"@type\":\"Article\",\"@id\":\"https:\/\/tuzlainfo.ba\/index.php\/clanci\/sa-svih-strana\/item\/220640-uz-muziku-i-cevape-dasak-bosne-i-balkana-u-italijanskom-gradu-reggio-emilia\/#article\",\"isPartOf\":{\"@id\":\"https:\/\/tuzlainfo.ba\/index.php\/clanci\/sa-svih-strana\/item\/220640-uz-muziku-i-cevape-dasak-bosne-i-balkana-u-italijanskom-gradu-reggio-emilia\/\"},\"author\":{\"name\":\"nedim\",\"@id\":\"https:\/\/tuzlainfo.ba\/#\/schema\/person\/f434e20dc27ea133923aab08451b7f7f\"},\"headline\":\"Uz muziku i \u0107evape: Da\u0161ak Bosne i Balkana u italijanskom gradu Reggio Emilia\",\"datePublished\":\"2023-10-24T09:49:58+00:00\",\"dateModified\":\"2023-10-24T10:36:09+00:00\",\"mainEntityOfPage\":{\"@id\":\"https:\/\/tuzlainfo.ba\/index.php\/clanci\/sa-svih-strana\/item\/220640-uz-muziku-i-cevape-dasak-bosne-i-balkana-u-italijanskom-gradu-reggio-emilia\/\"},\"wordCount\":242,\"commentCount\":0,\"publisher\":{\"@id\":\"https:\/\/tuzlainfo.ba\/#organization\"},\"image\":{\"@id\":\"https:\/\/tuzlainfo.ba\/index.php\/clanci\/sa-svih-strana\/item\/220640-uz-muziku-i-cevape-dasak-bosne-i-balkana-u-italijanskom-gradu-reggio-emilia\/#primaryimage\"},\"thumbnailUrl\":\"https:\/\/tuzlainfo.ba\/wp-content\/uploads\/2023\/10\/24_10_regio-5.jpg\",\"keywords\":[\"festival balkanika\",\"italija\",\"Reggio Emilia\"],\"articleSection\":[\"Sa svih strana\"],\"inLanguage\":\"bs-BA\"},{\"@type\":\"WebPage\",\"@id\":\"https:\/\/tuzlainfo.ba\/index.php\/clanci\/sa-svih-strana\/item\/220640-uz-muziku-i-cevape-dasak-bosne-i-balkana-u-italijanskom-gradu-reggio-emilia\/\",\"url\":\"https:\/\/tuzlainfo.ba\/index.php\/clanci\/sa-svih-strana\/item\/220640-uz-muziku-i-cevape-dasak-bosne-i-balkana-u-italijanskom-gradu-reggio-emilia\/\",\"name\":\"Uz muziku i \u0107evape: Da\u0161ak Bosne i Balkana u italijanskom gradu Reggio Emilia - TuzlaInfo.ba\",\"isPartOf\":{\"@id\":\"https:\/\/tuzlainfo.ba\/#website\"},\"primaryImageOfPage\":{\"@id\":\"https:\/\/tuzlainfo.ba\/index.php\/clanci\/sa-svih-strana\/item\/220640-uz-muziku-i-cevape-dasak-bosne-i-balkana-u-italijanskom-gradu-reggio-emilia\/#primaryimage\"},\"image\":{\"@id\":\"https:\/\/tuzlainfo.ba\/index.php\/clanci\/sa-svih-strana\/item\/220640-uz-muziku-i-cevape-dasak-bosne-i-balkana-u-italijanskom-gradu-reggio-emilia\/#primaryimage\"},\"thumbnailUrl\":\"https:\/\/tuzlainfo.ba\/wp-content\/uploads\/2023\/10\/24_10_regio-5.jpg\",\"datePublished\":\"2023-10-24T09:49:58+00:00\",\"dateModified\":\"2023-10-24T10:36:09+00:00\",\"breadcrumb\":{\"@id\":\"https:\/\/tuzlainfo.ba\/index.php\/clanci\/sa-svih-strana\/item\/220640-uz-muziku-i-cevape-dasak-bosne-i-balkana-u-italijanskom-gradu-reggio-emilia\/#breadcrumb\"},\"inLanguage\":\"bs-BA\",\"potentialAction\":[{\"@type\":\"ReadAction\",\"target\":[\"https:\/\/tuzlainfo.ba\/index.php\/clanci\/sa-svih-strana\/item\/220640-uz-muziku-i-cevape-dasak-bosne-i-balkana-u-italijanskom-gradu-reggio-emilia\/\"]}]},{\"@type\":\"ImageObject\",\"inLanguage\":\"bs-BA\",\"@id\":\"https:\/\/tuzlainfo.ba\/index.php\/clanci\/sa-svih-strana\/item\/220640-uz-muziku-i-cevape-dasak-bosne-i-balkana-u-italijanskom-gradu-reggio-emilia\/#primaryimage\",\"url\":\"https:\/\/tuzlainfo.ba\/wp-content\/uploads\/2023\/10\/24_10_regio-5.jpg\",\"contentUrl\":\"https:\/\/tuzlainfo.ba\/wp-content\/uploads\/2023\/10\/24_10_regio-5.jpg\",\"width\":1600,\"height\":1200},{\"@type\":\"BreadcrumbList\",\"@id\":\"https:\/\/tuzlainfo.ba\/index.php\/clanci\/sa-svih-strana\/item\/220640-uz-muziku-i-cevape-dasak-bosne-i-balkana-u-italijanskom-gradu-reggio-emilia\/#breadcrumb\",\"itemListElement\":[{\"@type\":\"ListItem\",\"position\":1,\"name\":\"Home\",\"item\":\"https:\/\/tuzlainfo.ba\/\"},{\"@type\":\"ListItem\",\"position\":2,\"name\":\"Uz muziku i \u0107evape: Da\u0161ak Bosne i Balkana u italijanskom gradu Reggio Emilia\"}]},{\"@type\":\"WebSite\",\"@id\":\"https:\/\/tuzlainfo.ba\/#website\",\"url\":\"https:\/\/tuzlainfo.ba\/\",\"name\":\"TuzlaInfo.ba\",\"description\":\"Tuzla info, gradski informator - Tuzla na dlanu\",\"publisher\":{\"@id\":\"https:\/\/tuzlainfo.ba\/#organization\"},\"potentialAction\":[{\"@type\":\"SearchAction\",\"target\":{\"@type\":\"EntryPoint\",\"urlTemplate\":\"https:\/\/tuzlainfo.ba\/?s={search_term_string}\"},\"query-input\":{\"@type\":\"PropertyValueSpecification\",\"valueRequired\":true,\"valueName\":\"search_term_string\"}}],\"inLanguage\":\"bs-BA\"},{\"@type\":\"Organization\",\"@id\":\"https:\/\/tuzlainfo.ba\/#organization\",\"name\":\"TuzlaInfo.ba\",\"url\":\"https:\/\/tuzlainfo.ba\/\",\"logo\":{\"@type\":\"ImageObject\",\"inLanguage\":\"bs-BA\",\"@id\":\"https:\/\/tuzlainfo.ba\/#\/schema\/logo\/image\/\",\"url\":\"https:\/\/tuzlainfo.ba\/wp-content\/uploads\/2021\/03\/logo-ver-3-1.png\",\"contentUrl\":\"https:\/\/tuzlainfo.ba\/wp-content\/uploads\/2021\/03\/logo-ver-3-1.png\",\"width\":350,\"height\":95,\"caption\":\"TuzlaInfo.ba\"},\"image\":{\"@id\":\"https:\/\/tuzlainfo.ba\/#\/schema\/logo\/image\/\"},\"sameAs\":[\"https:\/\/www.facebook.com\/tuzlainfo.ba\/\"]},{\"@type\":\"Person\",\"@id\":\"https:\/\/tuzlainfo.ba\/#\/schema\/person\/f434e20dc27ea133923aab08451b7f7f\",\"name\":\"nedim\",\"image\":{\"@type\":\"ImageObject\",\"inLanguage\":\"bs-BA\",\"@id\":\"https:\/\/tuzlainfo.ba\/#\/schema\/person\/image\/\",\"url\":\"https:\/\/tuzlainfo.ba\/wp-content\/litespeed\/avatar\/aabad687af24844af817603ac1cbdc4f.jpg?ver=1777306975\",\"contentUrl\":\"https:\/\/tuzlainfo.ba\/wp-content\/litespeed\/avatar\/aabad687af24844af817603ac1cbdc4f.jpg?ver=1777306975\",\"caption\":\"nedim\"},\"description\":\"Tuzlainfo.ba pratite na dru\u0161tvenim mre\u017eama: Facebook, Instagram i Youtube. Svoje pri\u010de, upite i fotografije \u0161aljite na na\u0161u e-mail adresu.\"}]}<\/script>\n<!-- \/ Yoast SEO plugin. -->","yoast_head_json":{"title":"Uz muziku i \u0107evape: Da\u0161ak Bosne i Balkana u italijanskom gradu Reggio Emilia - TuzlaInfo.ba","robots":{"index":"index","follow":"follow","max-snippet":"max-snippet:-1","max-image-preview":"max-image-preview:large","max-video-preview":"max-video-preview:-1"},"canonical":"https:\/\/tuzlainfo.ba\/index.php\/clanci\/sa-svih-strana\/item\/220640-uz-muziku-i-cevape-dasak-bosne-i-balkana-u-italijanskom-gradu-reggio-emilia\/","og_locale":"bs_BA","og_type":"article","og_title":"Uz muziku i \u0107evape: Da\u0161ak Bosne i Balkana u italijanskom gradu Reggio Emilia - TuzlaInfo.ba","og_description":"Vi\u0161e od 120 Italijana u nedjelju je u gradu Reggio Emilia u\u017eivalo u balkanskoj muzici&hellip;","og_url":"https:\/\/tuzlainfo.ba\/index.php\/clanci\/sa-svih-strana\/item\/220640-uz-muziku-i-cevape-dasak-bosne-i-balkana-u-italijanskom-gradu-reggio-emilia\/","og_site_name":"TuzlaInfo.ba","article_publisher":"https:\/\/www.facebook.com\/tuzlainfo.ba\/","article_published_time":"2023-10-24T09:49:58+00:00","article_modified_time":"2023-10-24T10:36:09+00:00","og_image":[{"width":1600,"height":1200,"url":"https:\/\/tuzlainfo.ba\/wp-content\/uploads\/2023\/10\/24_10_regio-5.jpg","type":"image\/jpeg"}],"author":"nedim","twitter_card":"summary_large_image","twitter_misc":{"Written by":"nedim","Est. reading time":"1 minuta"},"schema":{"@context":"https:\/\/schema.org","@graph":[{"@type":"Article","@id":"https:\/\/tuzlainfo.ba\/index.php\/clanci\/sa-svih-strana\/item\/220640-uz-muziku-i-cevape-dasak-bosne-i-balkana-u-italijanskom-gradu-reggio-emilia\/#article","isPartOf":{"@id":"https:\/\/tuzlainfo.ba\/index.php\/clanci\/sa-svih-strana\/item\/220640-uz-muziku-i-cevape-dasak-bosne-i-balkana-u-italijanskom-gradu-reggio-emilia\/"},"author":{"name":"nedim","@id":"https:\/\/tuzlainfo.ba\/#\/schema\/person\/f434e20dc27ea133923aab08451b7f7f"},"headline":"Uz muziku i \u0107evape: Da\u0161ak Bosne i Balkana u italijanskom gradu Reggio Emilia","datePublished":"2023-10-24T09:49:58+00:00","dateModified":"2023-10-24T10:36:09+00:00","mainEntityOfPage":{"@id":"https:\/\/tuzlainfo.ba\/index.php\/clanci\/sa-svih-strana\/item\/220640-uz-muziku-i-cevape-dasak-bosne-i-balkana-u-italijanskom-gradu-reggio-emilia\/"},"wordCount":242,"commentCount":0,"publisher":{"@id":"https:\/\/tuzlainfo.ba\/#organization"},"image":{"@id":"https:\/\/tuzlainfo.ba\/index.php\/clanci\/sa-svih-strana\/item\/220640-uz-muziku-i-cevape-dasak-bosne-i-balkana-u-italijanskom-gradu-reggio-emilia\/#primaryimage"},"thumbnailUrl":"https:\/\/tuzlainfo.ba\/wp-content\/uploads\/2023\/10\/24_10_regio-5.jpg","keywords":["festival balkanika","italija","Reggio Emilia"],"articleSection":["Sa svih strana"],"inLanguage":"bs-BA"},{"@type":"WebPage","@id":"https:\/\/tuzlainfo.ba\/index.php\/clanci\/sa-svih-strana\/item\/220640-uz-muziku-i-cevape-dasak-bosne-i-balkana-u-italijanskom-gradu-reggio-emilia\/","url":"https:\/\/tuzlainfo.ba\/index.php\/clanci\/sa-svih-strana\/item\/220640-uz-muziku-i-cevape-dasak-bosne-i-balkana-u-italijanskom-gradu-reggio-emilia\/","name":"Uz muziku i \u0107evape: Da\u0161ak Bosne i Balkana u italijanskom gradu Reggio Emilia - TuzlaInfo.ba","isPartOf":{"@id":"https:\/\/tuzlainfo.ba\/#website"},"primaryImageOfPage":{"@id":"https:\/\/tuzlainfo.ba\/index.php\/clanci\/sa-svih-strana\/item\/220640-uz-muziku-i-cevape-dasak-bosne-i-balkana-u-italijanskom-gradu-reggio-emilia\/#primaryimage"},"image":{"@id":"https:\/\/tuzlainfo.ba\/index.php\/clanci\/sa-svih-strana\/item\/220640-uz-muziku-i-cevape-dasak-bosne-i-balkana-u-italijanskom-gradu-reggio-emilia\/#primaryimage"},"thumbnailUrl":"https:\/\/tuzlainfo.ba\/wp-content\/uploads\/2023\/10\/24_10_regio-5.jpg","datePublished":"2023-10-24T09:49:58+00:00","dateModified":"2023-10-24T10:36:09+00:00","breadcrumb":{"@id":"https:\/\/tuzlainfo.ba\/index.php\/clanci\/sa-svih-strana\/item\/220640-uz-muziku-i-cevape-dasak-bosne-i-balkana-u-italijanskom-gradu-reggio-emilia\/#breadcrumb"},"inLanguage":"bs-BA","potentialAction":[{"@type":"ReadAction","target":["https:\/\/tuzlainfo.ba\/index.php\/clanci\/sa-svih-strana\/item\/220640-uz-muziku-i-cevape-dasak-bosne-i-balkana-u-italijanskom-gradu-reggio-emilia\/"]}]},{"@type":"ImageObject","inLanguage":"bs-BA","@id":"https:\/\/tuzlainfo.ba\/index.php\/clanci\/sa-svih-strana\/item\/220640-uz-muziku-i-cevape-dasak-bosne-i-balkana-u-italijanskom-gradu-reggio-emilia\/#primaryimage","url":"https:\/\/tuzlainfo.ba\/wp-content\/uploads\/2023\/10\/24_10_regio-5.jpg","contentUrl":"https:\/\/tuzlainfo.ba\/wp-content\/uploads\/2023\/10\/24_10_regio-5.jpg","width":1600,"height":1200},{"@type":"BreadcrumbList","@id":"https:\/\/tuzlainfo.ba\/index.php\/clanci\/sa-svih-strana\/item\/220640-uz-muziku-i-cevape-dasak-bosne-i-balkana-u-italijanskom-gradu-reggio-emilia\/#breadcrumb","itemListElement":[{"@type":"ListItem","position":1,"name":"Home","item":"https:\/\/tuzlainfo.ba\/"},{"@type":"ListItem","position":2,"name":"Uz muziku i \u0107evape: Da\u0161ak Bosne i Balkana u italijanskom gradu Reggio Emilia"}]},{"@type":"WebSite","@id":"https:\/\/tuzlainfo.ba\/#website","url":"https:\/\/tuzlainfo.ba\/","name":"TuzlaInfo.ba","description":"Tuzla info, gradski informator - Tuzla na dlanu","publisher":{"@id":"https:\/\/tuzlainfo.ba\/#organization"},"potentialAction":[{"@type":"SearchAction","target":{"@type":"EntryPoint","urlTemplate":"https:\/\/tuzlainfo.ba\/?s={search_term_string}"},"query-input":{"@type":"PropertyValueSpecification","valueRequired":true,"valueName":"search_term_string"}}],"inLanguage":"bs-BA"},{"@type":"Organization","@id":"https:\/\/tuzlainfo.ba\/#organization","name":"TuzlaInfo.ba","url":"https:\/\/tuzlainfo.ba\/","logo":{"@type":"ImageObject","inLanguage":"bs-BA","@id":"https:\/\/tuzlainfo.ba\/#\/schema\/logo\/image\/","url":"https:\/\/tuzlainfo.ba\/wp-content\/uploads\/2021\/03\/logo-ver-3-1.png","contentUrl":"https:\/\/tuzlainfo.ba\/wp-content\/uploads\/2021\/03\/logo-ver-3-1.png","width":350,"height":95,"caption":"TuzlaInfo.ba"},"image":{"@id":"https:\/\/tuzlainfo.ba\/#\/schema\/logo\/image\/"},"sameAs":["https:\/\/www.facebook.com\/tuzlainfo.ba\/"]},{"@type":"Person","@id":"https:\/\/tuzlainfo.ba\/#\/schema\/person\/f434e20dc27ea133923aab08451b7f7f","name":"nedim","image":{"@type":"ImageObject","inLanguage":"bs-BA","@id":"https:\/\/tuzlainfo.ba\/#\/schema\/person\/image\/","url":"https:\/\/tuzlainfo.ba\/wp-content\/litespeed\/avatar\/aabad687af24844af817603ac1cbdc4f.jpg?ver=1777306975","contentUrl":"https:\/\/tuzlainfo.ba\/wp-content\/litespeed\/avatar\/aabad687af24844af817603ac1cbdc4f.jpg?ver=1777306975","caption":"nedim"},"description":"Tuzlainfo.ba pratite na dru\u0161tvenim mre\u017eama: Facebook, Instagram i Youtube. Svoje pri\u010de, upite i fotografije \u0161aljite na na\u0161u e-mail adresu."}]}},"_links":{"self":[{"href":"https:\/\/tuzlainfo.ba\/index.php\/wp-json\/wp\/v2\/posts\/220640"}],"collection":[{"href":"https:\/\/tuzlainfo.ba\/index.php\/wp-json\/wp\/v2\/posts"}],"about":[{"href":"https:\/\/tuzlainfo.ba\/index.php\/wp-json\/wp\/v2\/types\/post"}],"author":[{"embeddable":true,"href":"https:\/\/tuzlainfo.ba\/index.php\/wp-json\/wp\/v2\/users\/2"}],"replies":[{"embeddable":true,"href":"https:\/\/tuzlainfo.ba\/index.php\/wp-json\/wp\/v2\/comments?post=220640"}],"version-history":[{"count":3,"href":"https:\/\/tuzlainfo.ba\/index.php\/wp-json\/wp\/v2\/posts\/220640\/revisions"}],"predecessor-version":[{"id":220655,"href":"https:\/\/tuzlainfo.ba\/index.php\/wp-json\/wp\/v2\/posts\/220640\/revisions\/220655"}],"wp:featuredmedia":[{"embeddable":true,"href":"https:\/\/tuzlainfo.ba\/index.php\/wp-json\/wp\/v2\/media\/220646"}],"wp:attachment":[{"href":"https:\/\/tuzlainfo.ba\/index.php\/wp-json\/wp\/v2\/media?parent=220640"}],"wp:term":[{"taxonomy":"category","embeddable":true,"href":"https:\/\/tuzlainfo.ba\/index.php\/wp-json\/wp\/v2\/categories?post=220640"},{"taxonomy":"post_tag","embeddable":true,"href":"https:\/\/tuzlainfo.ba\/index.php\/wp-json\/wp\/v2\/tags?post=220640"}],"curies":[{"name":"wp","href":"https:\/\/api.w.org\/{rel}","templated":true}]}}