{"id":220626,"date":"2023-10-24T12:04:35","date_gmt":"2023-10-24T10:04:35","guid":{"rendered":"https:\/\/tuzlainfo.ba\/?p=220626"},"modified":"2023-10-24T10:26:16","modified_gmt":"2023-10-24T08:26:16","slug":"tuzla-u-cetvrtak-promocija-tri-knjige-o-razvoju-muslimanske-intelektualne-i-duhovne-tradicije","status":"publish","type":"post","link":"https:\/\/tuzlainfo.ba\/index.php\/najava-dogadaja-2\/item\/220626-tuzla-u-cetvrtak-promocija-tri-knjige-o-razvoju-muslimanske-intelektualne-i-duhovne-tradicije\/","title":{"rendered":"Tuzla: U \u010detvrtak promocija tri knjige o razvoju muslimanske intelektualne i duhovne tradicije"},"content":{"rendered":"<p>U \u010detvrtak, 26, oktobra ove godine, u Tuzli \u0107e biti promovirane tri knjige: <em>Ontologija Mulla Sadra \u0160irazija, Uvod u islamsku filozofiju i Znanje u kasnijoj islamskoj filozofiji.<\/em><\/p>\n<p>O knjigama \u0107e govoriti akademik Re\u0161id Hafizovi\u0107, prof. dr. Rusmir \u0160adi\u0107 i doc. dr. Samedin Kadi\u0107.<\/p>\n<p>Rije\u010d je promociji tri, sadr\u017einski vezane studije, koje se u naj\u0161irem smislu bave intelektualnom tradicijom islama, naro\u010dito u njenoj filozofskoj dimenziji. Knjige tematiziraju sredi\u0161nje ontolo\u0161ke probleme unutar kasne islamske filozofije, referiraju\u0107i se na Mulla Sadra \u0160irazija kao najzna\u010dajnijeg predstavnika filozofske misli tog perioda. S druge strane, analizaju \u0160irazijeva djela, primarno se vezuju\u0107i za koncept znanja i pripadaju\u0107i epistemolo\u0161ki okvir, te donose radove koji predstavljaju eksplikaciju nekih od najzna\u010dajnijih kategorija unutar filozofsko-teolo\u0161ke tradicije islama, sa posebnim naglaskom na zna\u010daj ekberijanske \u0161kole.<\/p>\n<p>Sva tri navedena djela bave se pitanjem povijesnog razvoja muslimanske intelektualne i duhovne tradicije, koja se u svom vrhuncu javlja kroz sintezu teologije, filozofije i gnoze.<\/p>\n<p>Promocija \u0107e biti odr\u017eana u amfiteatru Behram-begove medrese u Tuzli, u \u010detvrtak 26. 10. 2023.\u00a0 godine u 18:30 sati. Promociju organiziraju Behram-begova medresa, Institut za dru\u0161tvena i religijska istra\u017eivanja i Med\u017elis Islamske zajednice Tuzla uz podr\u0161ku Muftijstva tuzlanskog,<\/p>\n","protected":false},"excerpt":{"rendered":"<p>U \u010detvrtak, 26, oktobra ove godine, u Tuzli \u0107e biti promovirane tri knjige: Ontologija Mulla&hellip;<\/p>\n","protected":false},"author":4,"featured_media":220627,"comment_status":"open","ping_status":"closed","sticky":false,"template":"","format":"standard","meta":{"_acf_changed":false,"footnotes":""},"categories":[11],"tags":[8606,8607],"acf":[],"yoast_head":"<!-- This site is optimized with the Yoast SEO plugin v23.5 - https:\/\/yoast.com\/wordpress\/plugins\/seo\/ -->\n<title>Tuzla: U \u010detvrtak promocija tri knjige o razvoju muslimanske intelektualne i duhovne tradicije - TuzlaInfo.ba<\/title>\n<meta name=\"robots\" content=\"index, follow, max-snippet:-1, max-image-preview:large, max-video-preview:-1\" \/>\n<link rel=\"canonical\" href=\"https:\/\/tuzlainfo.ba\/index.php\/najava-dogadaja-2\/item\/220626-tuzla-u-cetvrtak-promocija-tri-knjige-o-razvoju-muslimanske-intelektualne-i-duhovne-tradicije\/\" \/>\n<meta property=\"og:locale\" content=\"bs_BA\" \/>\n<meta property=\"og:type\" content=\"article\" \/>\n<meta property=\"og:title\" content=\"Tuzla: U \u010detvrtak promocija tri knjige o razvoju muslimanske intelektualne i duhovne tradicije - TuzlaInfo.ba\" \/>\n<meta property=\"og:description\" content=\"U \u010detvrtak, 26, oktobra ove godine, u Tuzli \u0107e biti promovirane tri knjige: Ontologija Mulla&hellip;\" \/>\n<meta property=\"og:url\" content=\"https:\/\/tuzlainfo.ba\/index.php\/najava-dogadaja-2\/item\/220626-tuzla-u-cetvrtak-promocija-tri-knjige-o-razvoju-muslimanske-intelektualne-i-duhovne-tradicije\/\" \/>\n<meta property=\"og:site_name\" content=\"TuzlaInfo.ba\" \/>\n<meta property=\"article:publisher\" content=\"https:\/\/www.facebook.com\/tuzlainfo.ba\/\" \/>\n<meta property=\"article:published_time\" content=\"2023-10-24T10:04:35+00:00\" \/>\n<meta property=\"article:modified_time\" content=\"2023-10-24T08:26:16+00:00\" \/>\n<meta property=\"og:image\" content=\"https:\/\/tuzlainfo.ba\/wp-content\/uploads\/2023\/10\/promocija-tri-djela.jpg\" \/>\n\t<meta property=\"og:image:width\" content=\"1810\" \/>\n\t<meta property=\"og:image:height\" content=\"834\" \/>\n\t<meta property=\"og:image:type\" content=\"image\/jpeg\" \/>\n<meta name=\"author\" content=\"Tuzla Info\" \/>\n<meta name=\"twitter:card\" content=\"summary_large_image\" \/>\n<meta name=\"twitter:label1\" content=\"Written by\" \/>\n\t<meta name=\"twitter:data1\" content=\"Tuzla Info\" \/>\n\t<meta name=\"twitter:label2\" content=\"Est. reading time\" \/>\n\t<meta name=\"twitter:data2\" content=\"1 minuta\" \/>\n<script type=\"application\/ld+json\" class=\"yoast-schema-graph\">{\"@context\":\"https:\/\/schema.org\",\"@graph\":[{\"@type\":\"Article\",\"@id\":\"https:\/\/tuzlainfo.ba\/index.php\/najava-dogadaja-2\/item\/220626-tuzla-u-cetvrtak-promocija-tri-knjige-o-razvoju-muslimanske-intelektualne-i-duhovne-tradicije\/#article\",\"isPartOf\":{\"@id\":\"https:\/\/tuzlainfo.ba\/index.php\/najava-dogadaja-2\/item\/220626-tuzla-u-cetvrtak-promocija-tri-knjige-o-razvoju-muslimanske-intelektualne-i-duhovne-tradicije\/\"},\"author\":{\"name\":\"Tuzla Info\",\"@id\":\"https:\/\/tuzlainfo.ba\/#\/schema\/person\/46cad4c57790cbc50781edd14870825a\"},\"headline\":\"Tuzla: U \u010detvrtak promocija tri knjige o razvoju muslimanske intelektualne i duhovne tradicije\",\"datePublished\":\"2023-10-24T10:04:35+00:00\",\"dateModified\":\"2023-10-24T08:26:16+00:00\",\"mainEntityOfPage\":{\"@id\":\"https:\/\/tuzlainfo.ba\/index.php\/najava-dogadaja-2\/item\/220626-tuzla-u-cetvrtak-promocija-tri-knjige-o-razvoju-muslimanske-intelektualne-i-duhovne-tradicije\/\"},\"wordCount\":214,\"commentCount\":0,\"publisher\":{\"@id\":\"https:\/\/tuzlainfo.ba\/#organization\"},\"image\":{\"@id\":\"https:\/\/tuzlainfo.ba\/index.php\/najava-dogadaja-2\/item\/220626-tuzla-u-cetvrtak-promocija-tri-knjige-o-razvoju-muslimanske-intelektualne-i-duhovne-tradicije\/#primaryimage\"},\"thumbnailUrl\":\"https:\/\/tuzlainfo.ba\/wp-content\/uploads\/2023\/10\/promocija-tri-djela.jpg\",\"keywords\":[\"Ontologija Mulla Sadra \u0160irazija\",\"Uvod u islamsku filozofiju i Znanje u kasnijoj islamskoj filozofiji.\"],\"articleSection\":[\"Najave i doga\u0111aji\"],\"inLanguage\":\"bs-BA\"},{\"@type\":\"WebPage\",\"@id\":\"https:\/\/tuzlainfo.ba\/index.php\/najava-dogadaja-2\/item\/220626-tuzla-u-cetvrtak-promocija-tri-knjige-o-razvoju-muslimanske-intelektualne-i-duhovne-tradicije\/\",\"url\":\"https:\/\/tuzlainfo.ba\/index.php\/najava-dogadaja-2\/item\/220626-tuzla-u-cetvrtak-promocija-tri-knjige-o-razvoju-muslimanske-intelektualne-i-duhovne-tradicije\/\",\"name\":\"Tuzla: U \u010detvrtak promocija tri knjige o razvoju muslimanske intelektualne i duhovne tradicije - TuzlaInfo.ba\",\"isPartOf\":{\"@id\":\"https:\/\/tuzlainfo.ba\/#website\"},\"primaryImageOfPage\":{\"@id\":\"https:\/\/tuzlainfo.ba\/index.php\/najava-dogadaja-2\/item\/220626-tuzla-u-cetvrtak-promocija-tri-knjige-o-razvoju-muslimanske-intelektualne-i-duhovne-tradicije\/#primaryimage\"},\"image\":{\"@id\":\"https:\/\/tuzlainfo.ba\/index.php\/najava-dogadaja-2\/item\/220626-tuzla-u-cetvrtak-promocija-tri-knjige-o-razvoju-muslimanske-intelektualne-i-duhovne-tradicije\/#primaryimage\"},\"thumbnailUrl\":\"https:\/\/tuzlainfo.ba\/wp-content\/uploads\/2023\/10\/promocija-tri-djela.jpg\",\"datePublished\":\"2023-10-24T10:04:35+00:00\",\"dateModified\":\"2023-10-24T08:26:16+00:00\",\"breadcrumb\":{\"@id\":\"https:\/\/tuzlainfo.ba\/index.php\/najava-dogadaja-2\/item\/220626-tuzla-u-cetvrtak-promocija-tri-knjige-o-razvoju-muslimanske-intelektualne-i-duhovne-tradicije\/#breadcrumb\"},\"inLanguage\":\"bs-BA\",\"potentialAction\":[{\"@type\":\"ReadAction\",\"target\":[\"https:\/\/tuzlainfo.ba\/index.php\/najava-dogadaja-2\/item\/220626-tuzla-u-cetvrtak-promocija-tri-knjige-o-razvoju-muslimanske-intelektualne-i-duhovne-tradicije\/\"]}]},{\"@type\":\"ImageObject\",\"inLanguage\":\"bs-BA\",\"@id\":\"https:\/\/tuzlainfo.ba\/index.php\/najava-dogadaja-2\/item\/220626-tuzla-u-cetvrtak-promocija-tri-knjige-o-razvoju-muslimanske-intelektualne-i-duhovne-tradicije\/#primaryimage\",\"url\":\"https:\/\/tuzlainfo.ba\/wp-content\/uploads\/2023\/10\/promocija-tri-djela.jpg\",\"contentUrl\":\"https:\/\/tuzlainfo.ba\/wp-content\/uploads\/2023\/10\/promocija-tri-djela.jpg\",\"width\":1810,\"height\":834},{\"@type\":\"BreadcrumbList\",\"@id\":\"https:\/\/tuzlainfo.ba\/index.php\/najava-dogadaja-2\/item\/220626-tuzla-u-cetvrtak-promocija-tri-knjige-o-razvoju-muslimanske-intelektualne-i-duhovne-tradicije\/#breadcrumb\",\"itemListElement\":[{\"@type\":\"ListItem\",\"position\":1,\"name\":\"Home\",\"item\":\"https:\/\/tuzlainfo.ba\/\"},{\"@type\":\"ListItem\",\"position\":2,\"name\":\"Tuzla: U \u010detvrtak promocija tri knjige o razvoju muslimanske intelektualne i duhovne tradicije\"}]},{\"@type\":\"WebSite\",\"@id\":\"https:\/\/tuzlainfo.ba\/#website\",\"url\":\"https:\/\/tuzlainfo.ba\/\",\"name\":\"TuzlaInfo.ba\",\"description\":\"Tuzla info, gradski informator - Tuzla na dlanu\",\"publisher\":{\"@id\":\"https:\/\/tuzlainfo.ba\/#organization\"},\"potentialAction\":[{\"@type\":\"SearchAction\",\"target\":{\"@type\":\"EntryPoint\",\"urlTemplate\":\"https:\/\/tuzlainfo.ba\/?s={search_term_string}\"},\"query-input\":{\"@type\":\"PropertyValueSpecification\",\"valueRequired\":true,\"valueName\":\"search_term_string\"}}],\"inLanguage\":\"bs-BA\"},{\"@type\":\"Organization\",\"@id\":\"https:\/\/tuzlainfo.ba\/#organization\",\"name\":\"TuzlaInfo.ba\",\"url\":\"https:\/\/tuzlainfo.ba\/\",\"logo\":{\"@type\":\"ImageObject\",\"inLanguage\":\"bs-BA\",\"@id\":\"https:\/\/tuzlainfo.ba\/#\/schema\/logo\/image\/\",\"url\":\"https:\/\/tuzlainfo.ba\/wp-content\/uploads\/2021\/03\/logo-ver-3-1.png\",\"contentUrl\":\"https:\/\/tuzlainfo.ba\/wp-content\/uploads\/2021\/03\/logo-ver-3-1.png\",\"width\":350,\"height\":95,\"caption\":\"TuzlaInfo.ba\"},\"image\":{\"@id\":\"https:\/\/tuzlainfo.ba\/#\/schema\/logo\/image\/\"},\"sameAs\":[\"https:\/\/www.facebook.com\/tuzlainfo.ba\/\"]},{\"@type\":\"Person\",\"@id\":\"https:\/\/tuzlainfo.ba\/#\/schema\/person\/46cad4c57790cbc50781edd14870825a\",\"name\":\"Tuzla Info\",\"image\":{\"@type\":\"ImageObject\",\"inLanguage\":\"bs-BA\",\"@id\":\"https:\/\/tuzlainfo.ba\/#\/schema\/person\/image\/\",\"url\":\"https:\/\/tuzlainfo.ba\/wp-content\/litespeed\/avatar\/b6c453a6c38e3654f2e4416c643fc25c.jpg?ver=1777656712\",\"contentUrl\":\"https:\/\/tuzlainfo.ba\/wp-content\/litespeed\/avatar\/b6c453a6c38e3654f2e4416c643fc25c.jpg?ver=1777656712\",\"caption\":\"Tuzla Info\"}}]}<\/script>\n<!-- \/ Yoast SEO plugin. -->","yoast_head_json":{"title":"Tuzla: U \u010detvrtak promocija tri knjige o razvoju muslimanske intelektualne i duhovne tradicije - TuzlaInfo.ba","robots":{"index":"index","follow":"follow","max-snippet":"max-snippet:-1","max-image-preview":"max-image-preview:large","max-video-preview":"max-video-preview:-1"},"canonical":"https:\/\/tuzlainfo.ba\/index.php\/najava-dogadaja-2\/item\/220626-tuzla-u-cetvrtak-promocija-tri-knjige-o-razvoju-muslimanske-intelektualne-i-duhovne-tradicije\/","og_locale":"bs_BA","og_type":"article","og_title":"Tuzla: U \u010detvrtak promocija tri knjige o razvoju muslimanske intelektualne i duhovne tradicije - TuzlaInfo.ba","og_description":"U \u010detvrtak, 26, oktobra ove godine, u Tuzli \u0107e biti promovirane tri knjige: Ontologija Mulla&hellip;","og_url":"https:\/\/tuzlainfo.ba\/index.php\/najava-dogadaja-2\/item\/220626-tuzla-u-cetvrtak-promocija-tri-knjige-o-razvoju-muslimanske-intelektualne-i-duhovne-tradicije\/","og_site_name":"TuzlaInfo.ba","article_publisher":"https:\/\/www.facebook.com\/tuzlainfo.ba\/","article_published_time":"2023-10-24T10:04:35+00:00","article_modified_time":"2023-10-24T08:26:16+00:00","og_image":[{"width":1810,"height":834,"url":"https:\/\/tuzlainfo.ba\/wp-content\/uploads\/2023\/10\/promocija-tri-djela.jpg","type":"image\/jpeg"}],"author":"Tuzla Info","twitter_card":"summary_large_image","twitter_misc":{"Written by":"Tuzla Info","Est. reading time":"1 minuta"},"schema":{"@context":"https:\/\/schema.org","@graph":[{"@type":"Article","@id":"https:\/\/tuzlainfo.ba\/index.php\/najava-dogadaja-2\/item\/220626-tuzla-u-cetvrtak-promocija-tri-knjige-o-razvoju-muslimanske-intelektualne-i-duhovne-tradicije\/#article","isPartOf":{"@id":"https:\/\/tuzlainfo.ba\/index.php\/najava-dogadaja-2\/item\/220626-tuzla-u-cetvrtak-promocija-tri-knjige-o-razvoju-muslimanske-intelektualne-i-duhovne-tradicije\/"},"author":{"name":"Tuzla Info","@id":"https:\/\/tuzlainfo.ba\/#\/schema\/person\/46cad4c57790cbc50781edd14870825a"},"headline":"Tuzla: U \u010detvrtak promocija tri knjige o razvoju muslimanske intelektualne i duhovne tradicije","datePublished":"2023-10-24T10:04:35+00:00","dateModified":"2023-10-24T08:26:16+00:00","mainEntityOfPage":{"@id":"https:\/\/tuzlainfo.ba\/index.php\/najava-dogadaja-2\/item\/220626-tuzla-u-cetvrtak-promocija-tri-knjige-o-razvoju-muslimanske-intelektualne-i-duhovne-tradicije\/"},"wordCount":214,"commentCount":0,"publisher":{"@id":"https:\/\/tuzlainfo.ba\/#organization"},"image":{"@id":"https:\/\/tuzlainfo.ba\/index.php\/najava-dogadaja-2\/item\/220626-tuzla-u-cetvrtak-promocija-tri-knjige-o-razvoju-muslimanske-intelektualne-i-duhovne-tradicije\/#primaryimage"},"thumbnailUrl":"https:\/\/tuzlainfo.ba\/wp-content\/uploads\/2023\/10\/promocija-tri-djela.jpg","keywords":["Ontologija Mulla Sadra \u0160irazija","Uvod u islamsku filozofiju i Znanje u kasnijoj islamskoj filozofiji."],"articleSection":["Najave i doga\u0111aji"],"inLanguage":"bs-BA"},{"@type":"WebPage","@id":"https:\/\/tuzlainfo.ba\/index.php\/najava-dogadaja-2\/item\/220626-tuzla-u-cetvrtak-promocija-tri-knjige-o-razvoju-muslimanske-intelektualne-i-duhovne-tradicije\/","url":"https:\/\/tuzlainfo.ba\/index.php\/najava-dogadaja-2\/item\/220626-tuzla-u-cetvrtak-promocija-tri-knjige-o-razvoju-muslimanske-intelektualne-i-duhovne-tradicije\/","name":"Tuzla: U \u010detvrtak promocija tri knjige o razvoju muslimanske intelektualne i duhovne tradicije - TuzlaInfo.ba","isPartOf":{"@id":"https:\/\/tuzlainfo.ba\/#website"},"primaryImageOfPage":{"@id":"https:\/\/tuzlainfo.ba\/index.php\/najava-dogadaja-2\/item\/220626-tuzla-u-cetvrtak-promocija-tri-knjige-o-razvoju-muslimanske-intelektualne-i-duhovne-tradicije\/#primaryimage"},"image":{"@id":"https:\/\/tuzlainfo.ba\/index.php\/najava-dogadaja-2\/item\/220626-tuzla-u-cetvrtak-promocija-tri-knjige-o-razvoju-muslimanske-intelektualne-i-duhovne-tradicije\/#primaryimage"},"thumbnailUrl":"https:\/\/tuzlainfo.ba\/wp-content\/uploads\/2023\/10\/promocija-tri-djela.jpg","datePublished":"2023-10-24T10:04:35+00:00","dateModified":"2023-10-24T08:26:16+00:00","breadcrumb":{"@id":"https:\/\/tuzlainfo.ba\/index.php\/najava-dogadaja-2\/item\/220626-tuzla-u-cetvrtak-promocija-tri-knjige-o-razvoju-muslimanske-intelektualne-i-duhovne-tradicije\/#breadcrumb"},"inLanguage":"bs-BA","potentialAction":[{"@type":"ReadAction","target":["https:\/\/tuzlainfo.ba\/index.php\/najava-dogadaja-2\/item\/220626-tuzla-u-cetvrtak-promocija-tri-knjige-o-razvoju-muslimanske-intelektualne-i-duhovne-tradicije\/"]}]},{"@type":"ImageObject","inLanguage":"bs-BA","@id":"https:\/\/tuzlainfo.ba\/index.php\/najava-dogadaja-2\/item\/220626-tuzla-u-cetvrtak-promocija-tri-knjige-o-razvoju-muslimanske-intelektualne-i-duhovne-tradicije\/#primaryimage","url":"https:\/\/tuzlainfo.ba\/wp-content\/uploads\/2023\/10\/promocija-tri-djela.jpg","contentUrl":"https:\/\/tuzlainfo.ba\/wp-content\/uploads\/2023\/10\/promocija-tri-djela.jpg","width":1810,"height":834},{"@type":"BreadcrumbList","@id":"https:\/\/tuzlainfo.ba\/index.php\/najava-dogadaja-2\/item\/220626-tuzla-u-cetvrtak-promocija-tri-knjige-o-razvoju-muslimanske-intelektualne-i-duhovne-tradicije\/#breadcrumb","itemListElement":[{"@type":"ListItem","position":1,"name":"Home","item":"https:\/\/tuzlainfo.ba\/"},{"@type":"ListItem","position":2,"name":"Tuzla: U \u010detvrtak promocija tri knjige o razvoju muslimanske intelektualne i duhovne tradicije"}]},{"@type":"WebSite","@id":"https:\/\/tuzlainfo.ba\/#website","url":"https:\/\/tuzlainfo.ba\/","name":"TuzlaInfo.ba","description":"Tuzla info, gradski informator - Tuzla na dlanu","publisher":{"@id":"https:\/\/tuzlainfo.ba\/#organization"},"potentialAction":[{"@type":"SearchAction","target":{"@type":"EntryPoint","urlTemplate":"https:\/\/tuzlainfo.ba\/?s={search_term_string}"},"query-input":{"@type":"PropertyValueSpecification","valueRequired":true,"valueName":"search_term_string"}}],"inLanguage":"bs-BA"},{"@type":"Organization","@id":"https:\/\/tuzlainfo.ba\/#organization","name":"TuzlaInfo.ba","url":"https:\/\/tuzlainfo.ba\/","logo":{"@type":"ImageObject","inLanguage":"bs-BA","@id":"https:\/\/tuzlainfo.ba\/#\/schema\/logo\/image\/","url":"https:\/\/tuzlainfo.ba\/wp-content\/uploads\/2021\/03\/logo-ver-3-1.png","contentUrl":"https:\/\/tuzlainfo.ba\/wp-content\/uploads\/2021\/03\/logo-ver-3-1.png","width":350,"height":95,"caption":"TuzlaInfo.ba"},"image":{"@id":"https:\/\/tuzlainfo.ba\/#\/schema\/logo\/image\/"},"sameAs":["https:\/\/www.facebook.com\/tuzlainfo.ba\/"]},{"@type":"Person","@id":"https:\/\/tuzlainfo.ba\/#\/schema\/person\/46cad4c57790cbc50781edd14870825a","name":"Tuzla Info","image":{"@type":"ImageObject","inLanguage":"bs-BA","@id":"https:\/\/tuzlainfo.ba\/#\/schema\/person\/image\/","url":"https:\/\/tuzlainfo.ba\/wp-content\/litespeed\/avatar\/b6c453a6c38e3654f2e4416c643fc25c.jpg?ver=1777656712","contentUrl":"https:\/\/tuzlainfo.ba\/wp-content\/litespeed\/avatar\/b6c453a6c38e3654f2e4416c643fc25c.jpg?ver=1777656712","caption":"Tuzla Info"}}]}},"_links":{"self":[{"href":"https:\/\/tuzlainfo.ba\/index.php\/wp-json\/wp\/v2\/posts\/220626"}],"collection":[{"href":"https:\/\/tuzlainfo.ba\/index.php\/wp-json\/wp\/v2\/posts"}],"about":[{"href":"https:\/\/tuzlainfo.ba\/index.php\/wp-json\/wp\/v2\/types\/post"}],"author":[{"embeddable":true,"href":"https:\/\/tuzlainfo.ba\/index.php\/wp-json\/wp\/v2\/users\/4"}],"replies":[{"embeddable":true,"href":"https:\/\/tuzlainfo.ba\/index.php\/wp-json\/wp\/v2\/comments?post=220626"}],"version-history":[{"count":1,"href":"https:\/\/tuzlainfo.ba\/index.php\/wp-json\/wp\/v2\/posts\/220626\/revisions"}],"predecessor-version":[{"id":220628,"href":"https:\/\/tuzlainfo.ba\/index.php\/wp-json\/wp\/v2\/posts\/220626\/revisions\/220628"}],"wp:featuredmedia":[{"embeddable":true,"href":"https:\/\/tuzlainfo.ba\/index.php\/wp-json\/wp\/v2\/media\/220627"}],"wp:attachment":[{"href":"https:\/\/tuzlainfo.ba\/index.php\/wp-json\/wp\/v2\/media?parent=220626"}],"wp:term":[{"taxonomy":"category","embeddable":true,"href":"https:\/\/tuzlainfo.ba\/index.php\/wp-json\/wp\/v2\/categories?post=220626"},{"taxonomy":"post_tag","embeddable":true,"href":"https:\/\/tuzlainfo.ba\/index.php\/wp-json\/wp\/v2\/tags?post=220626"}],"curies":[{"name":"wp","href":"https:\/\/api.w.org\/{rel}","templated":true}]}}