{"id":220561,"date":"2023-10-23T22:07:58","date_gmt":"2023-10-23T20:07:58","guid":{"rendered":"https:\/\/tuzlainfo.ba\/?p=220561"},"modified":"2023-10-23T20:38:56","modified_gmt":"2023-10-23T18:38:56","slug":"saradnja-dvije-zemlje-objavljen-poziv-za-obuku-mladih-i-nezaposlenih-osoba","status":"publish","type":"post","link":"https:\/\/tuzlainfo.ba\/index.php\/clanci\/berza-rada\/item\/220561-saradnja-dvije-zemlje-objavljen-poziv-za-obuku-mladih-i-nezaposlenih-osoba\/","title":{"rendered":"Saradnja dvije zemlje: Objavljen poziv za obuku mladih i nezaposlenih osoba"},"content":{"rendered":"<p>Centar za omladinski rad (Srbija) u partnerstvu sa Centrom za edukaciju mladih (Bosna i Hercegovina), Udru\u017eenjem mladih \u2013 UM Sremska Mitrovica (Srbija) i Fondacijom Tuzlanske Zajednice (Bosna i Hercegovina) raspisao je poziv za u\u010de\u0161\u0107e u obuci, a u okviru Projekta \u201eSve na jednom mjestu za podr\u0161ku omladinskom poduzetni\u0161tvu i prekograni\u010dnoj saradnji\u201c.<\/p>\n<p>Obuka je idealna za mlade ljude (nezaposlene, one koji nisu u edukaciji, ranjive grupe), jer bi im mogla pomo\u0107i da steknu vje\u0161tine kako bi se istakli na tr\u017ei\u0161tu rada.<\/p>\n<p>Tro\u0161kovi putovanja na obuku \u0107e biti pokriveni, obezbije\u0111eni radni materijali, a na kraju obuke, mlade osobe \u0107e dobiti certifikate.<\/p>\n<p>Potrebno je da zainteresovane mlade osobe popune upitnik prijave na obuku do 31.10.2023. godine. Link za prijavu nalazi se u nastavku: https:\/\/docs.google.com\/forms\/d\/e\/1FAIpQLScTfIJCkrqRx4FG7zAfT0QWXn7_a1y4kSF0ddfz0pWkD5ZU8A\/viewform<\/p>\n<p>Poziv, info i raspored obuke mo\u017eete pogledati u dokumentima na linkovima ispod:<\/p>\n<p><a href=\"http:\/\/szztk.ba\/wp-content\/uploads\/2023\/10\/Poziv-za-obuku_BiH.pdf\" target=\"_blank\" rel=\"noreferrer noopener\">POZIV<\/a><br \/>\n<a href=\"http:\/\/szztk.ba\/wp-content\/uploads\/2023\/10\/Info-o-obuci.pdf\" target=\"_blank\" rel=\"noreferrer noopener\">INFO<\/a><br \/>\n<a href=\"http:\/\/szztk.ba\/wp-content\/uploads\/2023\/10\/Raspored-obuke.pdf\" target=\"_blank\" rel=\"noreferrer noopener\">RASPORED<\/a><\/p>\n<p>Mlade osobe su svakako u mogu\u0107nosti da putem maila ili telefona dobiju vi\u0161e informacija. Broj telefona je: 035 362 831, a kontakt osoba Jasmina Pao\u010di\u0107, Fondacije tuzlanske zajednice.<\/p>\n","protected":false},"excerpt":{"rendered":"<p>Centar za omladinski rad (Srbija) u partnerstvu sa Centrom za edukaciju mladih (Bosna i Hercegovina),&hellip;<\/p>\n","protected":false},"author":4,"featured_media":220562,"comment_status":"open","ping_status":"closed","sticky":false,"template":"","format":"standard","meta":{"_acf_changed":false,"footnotes":""},"categories":[17],"tags":[2993,927],"acf":[],"yoast_head":"<!-- This site is optimized with the Yoast SEO plugin v23.5 - https:\/\/yoast.com\/wordpress\/plugins\/seo\/ -->\n<title>Saradnja dvije zemlje: Objavljen poziv za obuku mladih i nezaposlenih osoba - TuzlaInfo.ba<\/title>\n<meta name=\"robots\" content=\"index, follow, max-snippet:-1, max-image-preview:large, max-video-preview:-1\" \/>\n<link rel=\"canonical\" href=\"https:\/\/tuzlainfo.ba\/index.php\/clanci\/berza-rada\/item\/220561-saradnja-dvije-zemlje-objavljen-poziv-za-obuku-mladih-i-nezaposlenih-osoba\/\" \/>\n<meta property=\"og:locale\" content=\"bs_BA\" \/>\n<meta property=\"og:type\" content=\"article\" \/>\n<meta property=\"og:title\" content=\"Saradnja dvije zemlje: Objavljen poziv za obuku mladih i nezaposlenih osoba - TuzlaInfo.ba\" \/>\n<meta property=\"og:description\" content=\"Centar za omladinski rad (Srbija) u partnerstvu sa Centrom za edukaciju mladih (Bosna i Hercegovina),&hellip;\" \/>\n<meta property=\"og:url\" content=\"https:\/\/tuzlainfo.ba\/index.php\/clanci\/berza-rada\/item\/220561-saradnja-dvije-zemlje-objavljen-poziv-za-obuku-mladih-i-nezaposlenih-osoba\/\" \/>\n<meta property=\"og:site_name\" content=\"TuzlaInfo.ba\" \/>\n<meta property=\"article:publisher\" content=\"https:\/\/www.facebook.com\/tuzlainfo.ba\/\" \/>\n<meta property=\"article:published_time\" content=\"2023-10-23T20:07:58+00:00\" \/>\n<meta property=\"article:modified_time\" content=\"2023-10-23T18:38:56+00:00\" \/>\n<meta property=\"og:image\" content=\"https:\/\/tuzlainfo.ba\/wp-content\/uploads\/2023\/10\/obuka-fondacija.png\" \/>\n\t<meta property=\"og:image:width\" content=\"800\" \/>\n\t<meta property=\"og:image:height\" content=\"458\" \/>\n\t<meta property=\"og:image:type\" content=\"image\/png\" \/>\n<meta name=\"author\" content=\"Tuzla Info\" \/>\n<meta name=\"twitter:card\" content=\"summary_large_image\" \/>\n<meta name=\"twitter:label1\" content=\"Written by\" \/>\n\t<meta name=\"twitter:data1\" content=\"Tuzla Info\" \/>\n\t<meta name=\"twitter:label2\" content=\"Est. reading time\" \/>\n\t<meta name=\"twitter:data2\" content=\"1 minuta\" \/>\n<script type=\"application\/ld+json\" class=\"yoast-schema-graph\">{\"@context\":\"https:\/\/schema.org\",\"@graph\":[{\"@type\":\"Article\",\"@id\":\"https:\/\/tuzlainfo.ba\/index.php\/clanci\/berza-rada\/item\/220561-saradnja-dvije-zemlje-objavljen-poziv-za-obuku-mladih-i-nezaposlenih-osoba\/#article\",\"isPartOf\":{\"@id\":\"https:\/\/tuzlainfo.ba\/index.php\/clanci\/berza-rada\/item\/220561-saradnja-dvije-zemlje-objavljen-poziv-za-obuku-mladih-i-nezaposlenih-osoba\/\"},\"author\":{\"name\":\"Tuzla Info\",\"@id\":\"https:\/\/tuzlainfo.ba\/#\/schema\/person\/46cad4c57790cbc50781edd14870825a\"},\"headline\":\"Saradnja dvije zemlje: Objavljen poziv za obuku mladih i nezaposlenih osoba\",\"datePublished\":\"2023-10-23T20:07:58+00:00\",\"dateModified\":\"2023-10-23T18:38:56+00:00\",\"mainEntityOfPage\":{\"@id\":\"https:\/\/tuzlainfo.ba\/index.php\/clanci\/berza-rada\/item\/220561-saradnja-dvije-zemlje-objavljen-poziv-za-obuku-mladih-i-nezaposlenih-osoba\/\"},\"wordCount\":204,\"commentCount\":0,\"publisher\":{\"@id\":\"https:\/\/tuzlainfo.ba\/#organization\"},\"image\":{\"@id\":\"https:\/\/tuzlainfo.ba\/index.php\/clanci\/berza-rada\/item\/220561-saradnja-dvije-zemlje-objavljen-poziv-za-obuku-mladih-i-nezaposlenih-osoba\/#primaryimage\"},\"thumbnailUrl\":\"https:\/\/tuzlainfo.ba\/wp-content\/uploads\/2023\/10\/obuka-fondacija.png\",\"keywords\":[\"Obuka\",\"SZZTK\"],\"articleSection\":[\"Berza rada\"],\"inLanguage\":\"bs-BA\"},{\"@type\":\"WebPage\",\"@id\":\"https:\/\/tuzlainfo.ba\/index.php\/clanci\/berza-rada\/item\/220561-saradnja-dvije-zemlje-objavljen-poziv-za-obuku-mladih-i-nezaposlenih-osoba\/\",\"url\":\"https:\/\/tuzlainfo.ba\/index.php\/clanci\/berza-rada\/item\/220561-saradnja-dvije-zemlje-objavljen-poziv-za-obuku-mladih-i-nezaposlenih-osoba\/\",\"name\":\"Saradnja dvije zemlje: Objavljen poziv za obuku mladih i nezaposlenih osoba - TuzlaInfo.ba\",\"isPartOf\":{\"@id\":\"https:\/\/tuzlainfo.ba\/#website\"},\"primaryImageOfPage\":{\"@id\":\"https:\/\/tuzlainfo.ba\/index.php\/clanci\/berza-rada\/item\/220561-saradnja-dvije-zemlje-objavljen-poziv-za-obuku-mladih-i-nezaposlenih-osoba\/#primaryimage\"},\"image\":{\"@id\":\"https:\/\/tuzlainfo.ba\/index.php\/clanci\/berza-rada\/item\/220561-saradnja-dvije-zemlje-objavljen-poziv-za-obuku-mladih-i-nezaposlenih-osoba\/#primaryimage\"},\"thumbnailUrl\":\"https:\/\/tuzlainfo.ba\/wp-content\/uploads\/2023\/10\/obuka-fondacija.png\",\"datePublished\":\"2023-10-23T20:07:58+00:00\",\"dateModified\":\"2023-10-23T18:38:56+00:00\",\"breadcrumb\":{\"@id\":\"https:\/\/tuzlainfo.ba\/index.php\/clanci\/berza-rada\/item\/220561-saradnja-dvije-zemlje-objavljen-poziv-za-obuku-mladih-i-nezaposlenih-osoba\/#breadcrumb\"},\"inLanguage\":\"bs-BA\",\"potentialAction\":[{\"@type\":\"ReadAction\",\"target\":[\"https:\/\/tuzlainfo.ba\/index.php\/clanci\/berza-rada\/item\/220561-saradnja-dvije-zemlje-objavljen-poziv-za-obuku-mladih-i-nezaposlenih-osoba\/\"]}]},{\"@type\":\"ImageObject\",\"inLanguage\":\"bs-BA\",\"@id\":\"https:\/\/tuzlainfo.ba\/index.php\/clanci\/berza-rada\/item\/220561-saradnja-dvije-zemlje-objavljen-poziv-za-obuku-mladih-i-nezaposlenih-osoba\/#primaryimage\",\"url\":\"https:\/\/tuzlainfo.ba\/wp-content\/uploads\/2023\/10\/obuka-fondacija.png\",\"contentUrl\":\"https:\/\/tuzlainfo.ba\/wp-content\/uploads\/2023\/10\/obuka-fondacija.png\",\"width\":800,\"height\":458},{\"@type\":\"BreadcrumbList\",\"@id\":\"https:\/\/tuzlainfo.ba\/index.php\/clanci\/berza-rada\/item\/220561-saradnja-dvije-zemlje-objavljen-poziv-za-obuku-mladih-i-nezaposlenih-osoba\/#breadcrumb\",\"itemListElement\":[{\"@type\":\"ListItem\",\"position\":1,\"name\":\"Home\",\"item\":\"https:\/\/tuzlainfo.ba\/\"},{\"@type\":\"ListItem\",\"position\":2,\"name\":\"Saradnja dvije zemlje: Objavljen poziv za obuku mladih i nezaposlenih osoba\"}]},{\"@type\":\"WebSite\",\"@id\":\"https:\/\/tuzlainfo.ba\/#website\",\"url\":\"https:\/\/tuzlainfo.ba\/\",\"name\":\"TuzlaInfo.ba\",\"description\":\"Tuzla info, gradski informator - Tuzla na dlanu\",\"publisher\":{\"@id\":\"https:\/\/tuzlainfo.ba\/#organization\"},\"potentialAction\":[{\"@type\":\"SearchAction\",\"target\":{\"@type\":\"EntryPoint\",\"urlTemplate\":\"https:\/\/tuzlainfo.ba\/?s={search_term_string}\"},\"query-input\":{\"@type\":\"PropertyValueSpecification\",\"valueRequired\":true,\"valueName\":\"search_term_string\"}}],\"inLanguage\":\"bs-BA\"},{\"@type\":\"Organization\",\"@id\":\"https:\/\/tuzlainfo.ba\/#organization\",\"name\":\"TuzlaInfo.ba\",\"url\":\"https:\/\/tuzlainfo.ba\/\",\"logo\":{\"@type\":\"ImageObject\",\"inLanguage\":\"bs-BA\",\"@id\":\"https:\/\/tuzlainfo.ba\/#\/schema\/logo\/image\/\",\"url\":\"https:\/\/tuzlainfo.ba\/wp-content\/uploads\/2021\/03\/logo-ver-3-1.png\",\"contentUrl\":\"https:\/\/tuzlainfo.ba\/wp-content\/uploads\/2021\/03\/logo-ver-3-1.png\",\"width\":350,\"height\":95,\"caption\":\"TuzlaInfo.ba\"},\"image\":{\"@id\":\"https:\/\/tuzlainfo.ba\/#\/schema\/logo\/image\/\"},\"sameAs\":[\"https:\/\/www.facebook.com\/tuzlainfo.ba\/\"]},{\"@type\":\"Person\",\"@id\":\"https:\/\/tuzlainfo.ba\/#\/schema\/person\/46cad4c57790cbc50781edd14870825a\",\"name\":\"Tuzla Info\",\"image\":{\"@type\":\"ImageObject\",\"inLanguage\":\"bs-BA\",\"@id\":\"https:\/\/tuzlainfo.ba\/#\/schema\/person\/image\/\",\"url\":\"https:\/\/tuzlainfo.ba\/wp-content\/litespeed\/avatar\/b6c453a6c38e3654f2e4416c643fc25c.jpg?ver=1777656712\",\"contentUrl\":\"https:\/\/tuzlainfo.ba\/wp-content\/litespeed\/avatar\/b6c453a6c38e3654f2e4416c643fc25c.jpg?ver=1777656712\",\"caption\":\"Tuzla Info\"}}]}<\/script>\n<!-- \/ Yoast SEO plugin. -->","yoast_head_json":{"title":"Saradnja dvije zemlje: Objavljen poziv za obuku mladih i nezaposlenih osoba - TuzlaInfo.ba","robots":{"index":"index","follow":"follow","max-snippet":"max-snippet:-1","max-image-preview":"max-image-preview:large","max-video-preview":"max-video-preview:-1"},"canonical":"https:\/\/tuzlainfo.ba\/index.php\/clanci\/berza-rada\/item\/220561-saradnja-dvije-zemlje-objavljen-poziv-za-obuku-mladih-i-nezaposlenih-osoba\/","og_locale":"bs_BA","og_type":"article","og_title":"Saradnja dvije zemlje: Objavljen poziv za obuku mladih i nezaposlenih osoba - TuzlaInfo.ba","og_description":"Centar za omladinski rad (Srbija) u partnerstvu sa Centrom za edukaciju mladih (Bosna i Hercegovina),&hellip;","og_url":"https:\/\/tuzlainfo.ba\/index.php\/clanci\/berza-rada\/item\/220561-saradnja-dvije-zemlje-objavljen-poziv-za-obuku-mladih-i-nezaposlenih-osoba\/","og_site_name":"TuzlaInfo.ba","article_publisher":"https:\/\/www.facebook.com\/tuzlainfo.ba\/","article_published_time":"2023-10-23T20:07:58+00:00","article_modified_time":"2023-10-23T18:38:56+00:00","og_image":[{"width":800,"height":458,"url":"https:\/\/tuzlainfo.ba\/wp-content\/uploads\/2023\/10\/obuka-fondacija.png","type":"image\/png"}],"author":"Tuzla Info","twitter_card":"summary_large_image","twitter_misc":{"Written by":"Tuzla Info","Est. reading time":"1 minuta"},"schema":{"@context":"https:\/\/schema.org","@graph":[{"@type":"Article","@id":"https:\/\/tuzlainfo.ba\/index.php\/clanci\/berza-rada\/item\/220561-saradnja-dvije-zemlje-objavljen-poziv-za-obuku-mladih-i-nezaposlenih-osoba\/#article","isPartOf":{"@id":"https:\/\/tuzlainfo.ba\/index.php\/clanci\/berza-rada\/item\/220561-saradnja-dvije-zemlje-objavljen-poziv-za-obuku-mladih-i-nezaposlenih-osoba\/"},"author":{"name":"Tuzla Info","@id":"https:\/\/tuzlainfo.ba\/#\/schema\/person\/46cad4c57790cbc50781edd14870825a"},"headline":"Saradnja dvije zemlje: Objavljen poziv za obuku mladih i nezaposlenih osoba","datePublished":"2023-10-23T20:07:58+00:00","dateModified":"2023-10-23T18:38:56+00:00","mainEntityOfPage":{"@id":"https:\/\/tuzlainfo.ba\/index.php\/clanci\/berza-rada\/item\/220561-saradnja-dvije-zemlje-objavljen-poziv-za-obuku-mladih-i-nezaposlenih-osoba\/"},"wordCount":204,"commentCount":0,"publisher":{"@id":"https:\/\/tuzlainfo.ba\/#organization"},"image":{"@id":"https:\/\/tuzlainfo.ba\/index.php\/clanci\/berza-rada\/item\/220561-saradnja-dvije-zemlje-objavljen-poziv-za-obuku-mladih-i-nezaposlenih-osoba\/#primaryimage"},"thumbnailUrl":"https:\/\/tuzlainfo.ba\/wp-content\/uploads\/2023\/10\/obuka-fondacija.png","keywords":["Obuka","SZZTK"],"articleSection":["Berza rada"],"inLanguage":"bs-BA"},{"@type":"WebPage","@id":"https:\/\/tuzlainfo.ba\/index.php\/clanci\/berza-rada\/item\/220561-saradnja-dvije-zemlje-objavljen-poziv-za-obuku-mladih-i-nezaposlenih-osoba\/","url":"https:\/\/tuzlainfo.ba\/index.php\/clanci\/berza-rada\/item\/220561-saradnja-dvije-zemlje-objavljen-poziv-za-obuku-mladih-i-nezaposlenih-osoba\/","name":"Saradnja dvije zemlje: Objavljen poziv za obuku mladih i nezaposlenih osoba - TuzlaInfo.ba","isPartOf":{"@id":"https:\/\/tuzlainfo.ba\/#website"},"primaryImageOfPage":{"@id":"https:\/\/tuzlainfo.ba\/index.php\/clanci\/berza-rada\/item\/220561-saradnja-dvije-zemlje-objavljen-poziv-za-obuku-mladih-i-nezaposlenih-osoba\/#primaryimage"},"image":{"@id":"https:\/\/tuzlainfo.ba\/index.php\/clanci\/berza-rada\/item\/220561-saradnja-dvije-zemlje-objavljen-poziv-za-obuku-mladih-i-nezaposlenih-osoba\/#primaryimage"},"thumbnailUrl":"https:\/\/tuzlainfo.ba\/wp-content\/uploads\/2023\/10\/obuka-fondacija.png","datePublished":"2023-10-23T20:07:58+00:00","dateModified":"2023-10-23T18:38:56+00:00","breadcrumb":{"@id":"https:\/\/tuzlainfo.ba\/index.php\/clanci\/berza-rada\/item\/220561-saradnja-dvije-zemlje-objavljen-poziv-za-obuku-mladih-i-nezaposlenih-osoba\/#breadcrumb"},"inLanguage":"bs-BA","potentialAction":[{"@type":"ReadAction","target":["https:\/\/tuzlainfo.ba\/index.php\/clanci\/berza-rada\/item\/220561-saradnja-dvije-zemlje-objavljen-poziv-za-obuku-mladih-i-nezaposlenih-osoba\/"]}]},{"@type":"ImageObject","inLanguage":"bs-BA","@id":"https:\/\/tuzlainfo.ba\/index.php\/clanci\/berza-rada\/item\/220561-saradnja-dvije-zemlje-objavljen-poziv-za-obuku-mladih-i-nezaposlenih-osoba\/#primaryimage","url":"https:\/\/tuzlainfo.ba\/wp-content\/uploads\/2023\/10\/obuka-fondacija.png","contentUrl":"https:\/\/tuzlainfo.ba\/wp-content\/uploads\/2023\/10\/obuka-fondacija.png","width":800,"height":458},{"@type":"BreadcrumbList","@id":"https:\/\/tuzlainfo.ba\/index.php\/clanci\/berza-rada\/item\/220561-saradnja-dvije-zemlje-objavljen-poziv-za-obuku-mladih-i-nezaposlenih-osoba\/#breadcrumb","itemListElement":[{"@type":"ListItem","position":1,"name":"Home","item":"https:\/\/tuzlainfo.ba\/"},{"@type":"ListItem","position":2,"name":"Saradnja dvije zemlje: Objavljen poziv za obuku mladih i nezaposlenih osoba"}]},{"@type":"WebSite","@id":"https:\/\/tuzlainfo.ba\/#website","url":"https:\/\/tuzlainfo.ba\/","name":"TuzlaInfo.ba","description":"Tuzla info, gradski informator - Tuzla na dlanu","publisher":{"@id":"https:\/\/tuzlainfo.ba\/#organization"},"potentialAction":[{"@type":"SearchAction","target":{"@type":"EntryPoint","urlTemplate":"https:\/\/tuzlainfo.ba\/?s={search_term_string}"},"query-input":{"@type":"PropertyValueSpecification","valueRequired":true,"valueName":"search_term_string"}}],"inLanguage":"bs-BA"},{"@type":"Organization","@id":"https:\/\/tuzlainfo.ba\/#organization","name":"TuzlaInfo.ba","url":"https:\/\/tuzlainfo.ba\/","logo":{"@type":"ImageObject","inLanguage":"bs-BA","@id":"https:\/\/tuzlainfo.ba\/#\/schema\/logo\/image\/","url":"https:\/\/tuzlainfo.ba\/wp-content\/uploads\/2021\/03\/logo-ver-3-1.png","contentUrl":"https:\/\/tuzlainfo.ba\/wp-content\/uploads\/2021\/03\/logo-ver-3-1.png","width":350,"height":95,"caption":"TuzlaInfo.ba"},"image":{"@id":"https:\/\/tuzlainfo.ba\/#\/schema\/logo\/image\/"},"sameAs":["https:\/\/www.facebook.com\/tuzlainfo.ba\/"]},{"@type":"Person","@id":"https:\/\/tuzlainfo.ba\/#\/schema\/person\/46cad4c57790cbc50781edd14870825a","name":"Tuzla Info","image":{"@type":"ImageObject","inLanguage":"bs-BA","@id":"https:\/\/tuzlainfo.ba\/#\/schema\/person\/image\/","url":"https:\/\/tuzlainfo.ba\/wp-content\/litespeed\/avatar\/b6c453a6c38e3654f2e4416c643fc25c.jpg?ver=1777656712","contentUrl":"https:\/\/tuzlainfo.ba\/wp-content\/litespeed\/avatar\/b6c453a6c38e3654f2e4416c643fc25c.jpg?ver=1777656712","caption":"Tuzla Info"}}]}},"_links":{"self":[{"href":"https:\/\/tuzlainfo.ba\/index.php\/wp-json\/wp\/v2\/posts\/220561"}],"collection":[{"href":"https:\/\/tuzlainfo.ba\/index.php\/wp-json\/wp\/v2\/posts"}],"about":[{"href":"https:\/\/tuzlainfo.ba\/index.php\/wp-json\/wp\/v2\/types\/post"}],"author":[{"embeddable":true,"href":"https:\/\/tuzlainfo.ba\/index.php\/wp-json\/wp\/v2\/users\/4"}],"replies":[{"embeddable":true,"href":"https:\/\/tuzlainfo.ba\/index.php\/wp-json\/wp\/v2\/comments?post=220561"}],"version-history":[{"count":1,"href":"https:\/\/tuzlainfo.ba\/index.php\/wp-json\/wp\/v2\/posts\/220561\/revisions"}],"predecessor-version":[{"id":220563,"href":"https:\/\/tuzlainfo.ba\/index.php\/wp-json\/wp\/v2\/posts\/220561\/revisions\/220563"}],"wp:featuredmedia":[{"embeddable":true,"href":"https:\/\/tuzlainfo.ba\/index.php\/wp-json\/wp\/v2\/media\/220562"}],"wp:attachment":[{"href":"https:\/\/tuzlainfo.ba\/index.php\/wp-json\/wp\/v2\/media?parent=220561"}],"wp:term":[{"taxonomy":"category","embeddable":true,"href":"https:\/\/tuzlainfo.ba\/index.php\/wp-json\/wp\/v2\/categories?post=220561"},{"taxonomy":"post_tag","embeddable":true,"href":"https:\/\/tuzlainfo.ba\/index.php\/wp-json\/wp\/v2\/tags?post=220561"}],"curies":[{"name":"wp","href":"https:\/\/api.w.org\/{rel}","templated":true}]}}