{"id":220508,"date":"2023-10-23T12:00:24","date_gmt":"2023-10-23T10:00:24","guid":{"rendered":"https:\/\/tuzlainfo.ba\/?p=220508"},"modified":"2023-10-23T08:42:55","modified_gmt":"2023-10-23T06:42:55","slug":"cijene-ne-prestaju-rati-ali-gradjani-u-bih-se-ne-bune","status":"publish","type":"post","link":"https:\/\/tuzlainfo.ba\/index.php\/bosna-i-hercegovina\/item\/220508-cijene-ne-prestaju-rati-ali-gradjani-u-bih-se-ne-bune\/","title":{"rendered":"Udru\u017eenja potro\u0161a\u010da poru\u010duju: Cijene ne prestaju rasti ali gra\u0111ani u BiH se ne bune"},"content":{"rendered":"<p>Cijene su sve ve\u0107e, gra\u0111anski aktivizam sve manji.<\/p>\n<p><strong>Nama se niko nije \u017ealio na visoke cijene, a ne vidim ni da igdje u Bosni i Hercegovini ima protesta gra\u0111ana, okupljanja. Nisko smo pali&#8221;<\/strong>, kazao je za Faktor Marin Bago, predsjednik Udru\u017eenja potro\u0161a\u010da &#8220;Futura&#8221; iz Mostara.<\/p>\n<p><strong>&#8220;Zato nije dobro govoriti da cijene rastu, a gra\u0111ani se bune. Gra\u0111ani se ne bune. Komentari na dru\u0161tvenim mre\u017eama nisu aktivizam.&#8221;<\/strong>,\u00a0dodao je Bago.<\/p>\n<p>Na pitanje \u0161ta gra\u0111ani mogu poduzeti zbog stalnog rasta cijena, a da ima efekta, Bago je odgovorio da olovka na izborima jeste najelegantniji na\u010din, ali da je potreban protest, bunt na razne na\u010dine.<\/p>\n<p><strong>&#8220;Protest nije agresija, paljenje, nered. Bezbroj je primjera gdje su mirni protesti mijenjali vlade. Mi to ne \u010dinimo. Mi nismo solidarni ni sa svojom djecom ni sa roditeljima, ni sa samim sobom. Pa imali smo da su ljudi su organizirali proteste s pravom temom, a pojavi se 25 ljudi. Pasivni smo. Veliki broj dinami\u010dnih ljudi je i napustilo ovu zemlju u \u017eelji da mijenjaju \u017eivot. Nema ljudi koji bi mogli ne\u0161to organizirati, protest bilo kakve vrste. Ostalo je nas oko dva miliona, 600.000 penzionera. Treba kriti\u010dna masa za promjenu, a mi nemamo ni masu, a ne kriti\u010dnu.&#8221;,<\/strong>\u00a0stava je Bago.<\/p>\n<p>Svoj stav o tome da su potrebni protesti objasnio je i gre\u0161kom koji su napravili kao udru\u017eenje.<\/p>\n<p><strong>&#8220;Mislili smo da se sistem mijenja kroz sistem. Uputili smo brojne krivi\u010dne prijave zbog prekr\u0161aja prava potro\u0161a\u010da vezano za komunalije, zdravstvo\u2026 i pet godina poslije te prijave i dalje stoje u tu\u017eila\u0161tvu. Jednostavno to ne funkcionira.&#8221;,<\/strong>\u00a0dodao je Bago.<\/p>\n<p>Kada su u pitanju prava potro\u0161a\u010da, Bago je kazao da se gra\u0111ani mogu \u017ealiti na bilo koja kolektivna kr\u0161enja potro\u0161a\u010dkih prava kao \u0161to je proizvod s nedostatkom, ali ombudsmen za za\u0161titu potro\u0161a\u010da mo\u017ee dati samo mi\u0161ljenje koje bi se eventualno koristilo na sudu, ali ne mo\u017ee nikome ni\u0161ta narediti i to je primjer lo\u0161eg zakona.<\/p>\n<p>S druge strane, Bago je istakao da ako je ne\u0161to samo skupo, to nije potro\u0161a\u010dki problem.<\/p>\n<p><strong>&#8220;Kada je u pitanju hrana, jasno je do \u010dega je. Mi uvozimo 80 posto hrane i ni\u0161ta se gra\u0111ani ne pitaju. Klju\u010dni uzrok visokih cijena je smanjenje doma\u0107e proizvodnje, zapu\u0161tanje te oblasti. Poljoprivrednicima su prekr\u0161ena prava. Oni o\u010dekuju subvenciju kakva postoji svugdje u svijetu i bez nje ne mogu opstati.&#8221;<\/strong>, rekao je Bago.<\/p>\n","protected":false},"excerpt":{"rendered":"<p>Cijene su sve ve\u0107e, gra\u0111anski aktivizam sve manji. Nama se niko nije \u017ealio na visoke&hellip;<\/p>\n","protected":false},"author":4,"featured_media":141266,"comment_status":"open","ping_status":"closed","sticky":false,"template":"","format":"standard","meta":{"_acf_changed":false,"footnotes":""},"categories":[291,304],"tags":[1369,3765],"acf":[],"yoast_head":"<!-- This site is optimized with the Yoast SEO plugin v23.5 - https:\/\/yoast.com\/wordpress\/plugins\/seo\/ -->\n<title>Udru\u017eenja potro\u0161a\u010da poru\u010duju: Cijene ne prestaju rasti ali gra\u0111ani u BiH se ne bune - TuzlaInfo.ba<\/title>\n<meta name=\"robots\" content=\"index, follow, max-snippet:-1, max-image-preview:large, max-video-preview:-1\" \/>\n<link rel=\"canonical\" href=\"https:\/\/tuzlainfo.ba\/index.php\/bosna-i-hercegovina\/item\/220508-cijene-ne-prestaju-rati-ali-gradjani-u-bih-se-ne-bune\/\" \/>\n<meta property=\"og:locale\" content=\"bs_BA\" \/>\n<meta property=\"og:type\" content=\"article\" \/>\n<meta property=\"og:title\" content=\"Udru\u017eenja potro\u0161a\u010da poru\u010duju: Cijene ne prestaju rasti ali gra\u0111ani u BiH se ne bune - TuzlaInfo.ba\" \/>\n<meta property=\"og:description\" content=\"Cijene su sve ve\u0107e, gra\u0111anski aktivizam sve manji. Nama se niko nije \u017ealio na visoke&hellip;\" \/>\n<meta property=\"og:url\" content=\"https:\/\/tuzlainfo.ba\/index.php\/bosna-i-hercegovina\/item\/220508-cijene-ne-prestaju-rati-ali-gradjani-u-bih-se-ne-bune\/\" \/>\n<meta property=\"og:site_name\" content=\"TuzlaInfo.ba\" \/>\n<meta property=\"article:publisher\" content=\"https:\/\/www.facebook.com\/tuzlainfo.ba\/\" \/>\n<meta property=\"article:published_time\" content=\"2023-10-23T10:00:24+00:00\" \/>\n<meta property=\"article:modified_time\" content=\"2023-10-23T06:42:55+00:00\" \/>\n<meta property=\"og:image\" content=\"https:\/\/tuzlainfo.ba\/wp-content\/uploads\/2021\/07\/0807_potrosacka-korpa.jpeg\" \/>\n\t<meta property=\"og:image:width\" content=\"1044\" \/>\n\t<meta property=\"og:image:height\" content=\"522\" \/>\n\t<meta property=\"og:image:type\" content=\"image\/jpeg\" \/>\n<meta name=\"author\" content=\"Tuzla Info\" \/>\n<meta name=\"twitter:card\" content=\"summary_large_image\" \/>\n<meta name=\"twitter:label1\" content=\"Written by\" \/>\n\t<meta name=\"twitter:data1\" content=\"Tuzla Info\" \/>\n\t<meta name=\"twitter:label2\" content=\"Est. reading time\" \/>\n\t<meta name=\"twitter:data2\" content=\"2 minute\" \/>\n<script type=\"application\/ld+json\" class=\"yoast-schema-graph\">{\"@context\":\"https:\/\/schema.org\",\"@graph\":[{\"@type\":\"Article\",\"@id\":\"https:\/\/tuzlainfo.ba\/index.php\/bosna-i-hercegovina\/item\/220508-cijene-ne-prestaju-rati-ali-gradjani-u-bih-se-ne-bune\/#article\",\"isPartOf\":{\"@id\":\"https:\/\/tuzlainfo.ba\/index.php\/bosna-i-hercegovina\/item\/220508-cijene-ne-prestaju-rati-ali-gradjani-u-bih-se-ne-bune\/\"},\"author\":{\"name\":\"Tuzla Info\",\"@id\":\"https:\/\/tuzlainfo.ba\/#\/schema\/person\/46cad4c57790cbc50781edd14870825a\"},\"headline\":\"Udru\u017eenja potro\u0161a\u010da poru\u010duju: Cijene ne prestaju rasti ali gra\u0111ani u BiH se ne bune\",\"datePublished\":\"2023-10-23T10:00:24+00:00\",\"dateModified\":\"2023-10-23T06:42:55+00:00\",\"mainEntityOfPage\":{\"@id\":\"https:\/\/tuzlainfo.ba\/index.php\/bosna-i-hercegovina\/item\/220508-cijene-ne-prestaju-rati-ali-gradjani-u-bih-se-ne-bune\/\"},\"wordCount\":447,\"commentCount\":0,\"publisher\":{\"@id\":\"https:\/\/tuzlainfo.ba\/#organization\"},\"image\":{\"@id\":\"https:\/\/tuzlainfo.ba\/index.php\/bosna-i-hercegovina\/item\/220508-cijene-ne-prestaju-rati-ali-gradjani-u-bih-se-ne-bune\/#primaryimage\"},\"thumbnailUrl\":\"https:\/\/tuzlainfo.ba\/wp-content\/uploads\/2021\/07\/0807_potrosacka-korpa.jpeg\",\"keywords\":[\"cijene\",\"rast cijena\"],\"articleSection\":[\"Bosna i Hercegovina\",\"Istaknuto\"],\"inLanguage\":\"bs-BA\"},{\"@type\":\"WebPage\",\"@id\":\"https:\/\/tuzlainfo.ba\/index.php\/bosna-i-hercegovina\/item\/220508-cijene-ne-prestaju-rati-ali-gradjani-u-bih-se-ne-bune\/\",\"url\":\"https:\/\/tuzlainfo.ba\/index.php\/bosna-i-hercegovina\/item\/220508-cijene-ne-prestaju-rati-ali-gradjani-u-bih-se-ne-bune\/\",\"name\":\"Udru\u017eenja potro\u0161a\u010da poru\u010duju: Cijene ne prestaju rasti ali gra\u0111ani u BiH se ne bune - TuzlaInfo.ba\",\"isPartOf\":{\"@id\":\"https:\/\/tuzlainfo.ba\/#website\"},\"primaryImageOfPage\":{\"@id\":\"https:\/\/tuzlainfo.ba\/index.php\/bosna-i-hercegovina\/item\/220508-cijene-ne-prestaju-rati-ali-gradjani-u-bih-se-ne-bune\/#primaryimage\"},\"image\":{\"@id\":\"https:\/\/tuzlainfo.ba\/index.php\/bosna-i-hercegovina\/item\/220508-cijene-ne-prestaju-rati-ali-gradjani-u-bih-se-ne-bune\/#primaryimage\"},\"thumbnailUrl\":\"https:\/\/tuzlainfo.ba\/wp-content\/uploads\/2021\/07\/0807_potrosacka-korpa.jpeg\",\"datePublished\":\"2023-10-23T10:00:24+00:00\",\"dateModified\":\"2023-10-23T06:42:55+00:00\",\"breadcrumb\":{\"@id\":\"https:\/\/tuzlainfo.ba\/index.php\/bosna-i-hercegovina\/item\/220508-cijene-ne-prestaju-rati-ali-gradjani-u-bih-se-ne-bune\/#breadcrumb\"},\"inLanguage\":\"bs-BA\",\"potentialAction\":[{\"@type\":\"ReadAction\",\"target\":[\"https:\/\/tuzlainfo.ba\/index.php\/bosna-i-hercegovina\/item\/220508-cijene-ne-prestaju-rati-ali-gradjani-u-bih-se-ne-bune\/\"]}]},{\"@type\":\"ImageObject\",\"inLanguage\":\"bs-BA\",\"@id\":\"https:\/\/tuzlainfo.ba\/index.php\/bosna-i-hercegovina\/item\/220508-cijene-ne-prestaju-rati-ali-gradjani-u-bih-se-ne-bune\/#primaryimage\",\"url\":\"https:\/\/tuzlainfo.ba\/wp-content\/uploads\/2021\/07\/0807_potrosacka-korpa.jpeg\",\"contentUrl\":\"https:\/\/tuzlainfo.ba\/wp-content\/uploads\/2021\/07\/0807_potrosacka-korpa.jpeg\",\"width\":1044,\"height\":522},{\"@type\":\"BreadcrumbList\",\"@id\":\"https:\/\/tuzlainfo.ba\/index.php\/bosna-i-hercegovina\/item\/220508-cijene-ne-prestaju-rati-ali-gradjani-u-bih-se-ne-bune\/#breadcrumb\",\"itemListElement\":[{\"@type\":\"ListItem\",\"position\":1,\"name\":\"Home\",\"item\":\"https:\/\/tuzlainfo.ba\/\"},{\"@type\":\"ListItem\",\"position\":2,\"name\":\"Udru\u017eenja potro\u0161a\u010da poru\u010duju: Cijene ne prestaju rasti ali gra\u0111ani u BiH se ne bune\"}]},{\"@type\":\"WebSite\",\"@id\":\"https:\/\/tuzlainfo.ba\/#website\",\"url\":\"https:\/\/tuzlainfo.ba\/\",\"name\":\"TuzlaInfo.ba\",\"description\":\"Tuzla info, gradski informator - Tuzla na dlanu\",\"publisher\":{\"@id\":\"https:\/\/tuzlainfo.ba\/#organization\"},\"potentialAction\":[{\"@type\":\"SearchAction\",\"target\":{\"@type\":\"EntryPoint\",\"urlTemplate\":\"https:\/\/tuzlainfo.ba\/?s={search_term_string}\"},\"query-input\":{\"@type\":\"PropertyValueSpecification\",\"valueRequired\":true,\"valueName\":\"search_term_string\"}}],\"inLanguage\":\"bs-BA\"},{\"@type\":\"Organization\",\"@id\":\"https:\/\/tuzlainfo.ba\/#organization\",\"name\":\"TuzlaInfo.ba\",\"url\":\"https:\/\/tuzlainfo.ba\/\",\"logo\":{\"@type\":\"ImageObject\",\"inLanguage\":\"bs-BA\",\"@id\":\"https:\/\/tuzlainfo.ba\/#\/schema\/logo\/image\/\",\"url\":\"https:\/\/tuzlainfo.ba\/wp-content\/uploads\/2021\/03\/logo-ver-3-1.png\",\"contentUrl\":\"https:\/\/tuzlainfo.ba\/wp-content\/uploads\/2021\/03\/logo-ver-3-1.png\",\"width\":350,\"height\":95,\"caption\":\"TuzlaInfo.ba\"},\"image\":{\"@id\":\"https:\/\/tuzlainfo.ba\/#\/schema\/logo\/image\/\"},\"sameAs\":[\"https:\/\/www.facebook.com\/tuzlainfo.ba\/\"]},{\"@type\":\"Person\",\"@id\":\"https:\/\/tuzlainfo.ba\/#\/schema\/person\/46cad4c57790cbc50781edd14870825a\",\"name\":\"Tuzla Info\",\"image\":{\"@type\":\"ImageObject\",\"inLanguage\":\"bs-BA\",\"@id\":\"https:\/\/tuzlainfo.ba\/#\/schema\/person\/image\/\",\"url\":\"https:\/\/tuzlainfo.ba\/wp-content\/litespeed\/avatar\/b6c453a6c38e3654f2e4416c643fc25c.jpg?ver=1777051911\",\"contentUrl\":\"https:\/\/tuzlainfo.ba\/wp-content\/litespeed\/avatar\/b6c453a6c38e3654f2e4416c643fc25c.jpg?ver=1777051911\",\"caption\":\"Tuzla Info\"}}]}<\/script>\n<!-- \/ Yoast SEO plugin. -->","yoast_head_json":{"title":"Udru\u017eenja potro\u0161a\u010da poru\u010duju: Cijene ne prestaju rasti ali gra\u0111ani u BiH se ne bune - TuzlaInfo.ba","robots":{"index":"index","follow":"follow","max-snippet":"max-snippet:-1","max-image-preview":"max-image-preview:large","max-video-preview":"max-video-preview:-1"},"canonical":"https:\/\/tuzlainfo.ba\/index.php\/bosna-i-hercegovina\/item\/220508-cijene-ne-prestaju-rati-ali-gradjani-u-bih-se-ne-bune\/","og_locale":"bs_BA","og_type":"article","og_title":"Udru\u017eenja potro\u0161a\u010da poru\u010duju: Cijene ne prestaju rasti ali gra\u0111ani u BiH se ne bune - TuzlaInfo.ba","og_description":"Cijene su sve ve\u0107e, gra\u0111anski aktivizam sve manji. Nama se niko nije \u017ealio na visoke&hellip;","og_url":"https:\/\/tuzlainfo.ba\/index.php\/bosna-i-hercegovina\/item\/220508-cijene-ne-prestaju-rati-ali-gradjani-u-bih-se-ne-bune\/","og_site_name":"TuzlaInfo.ba","article_publisher":"https:\/\/www.facebook.com\/tuzlainfo.ba\/","article_published_time":"2023-10-23T10:00:24+00:00","article_modified_time":"2023-10-23T06:42:55+00:00","og_image":[{"width":1044,"height":522,"url":"https:\/\/tuzlainfo.ba\/wp-content\/uploads\/2021\/07\/0807_potrosacka-korpa.jpeg","type":"image\/jpeg"}],"author":"Tuzla Info","twitter_card":"summary_large_image","twitter_misc":{"Written by":"Tuzla Info","Est. reading time":"2 minute"},"schema":{"@context":"https:\/\/schema.org","@graph":[{"@type":"Article","@id":"https:\/\/tuzlainfo.ba\/index.php\/bosna-i-hercegovina\/item\/220508-cijene-ne-prestaju-rati-ali-gradjani-u-bih-se-ne-bune\/#article","isPartOf":{"@id":"https:\/\/tuzlainfo.ba\/index.php\/bosna-i-hercegovina\/item\/220508-cijene-ne-prestaju-rati-ali-gradjani-u-bih-se-ne-bune\/"},"author":{"name":"Tuzla Info","@id":"https:\/\/tuzlainfo.ba\/#\/schema\/person\/46cad4c57790cbc50781edd14870825a"},"headline":"Udru\u017eenja potro\u0161a\u010da poru\u010duju: Cijene ne prestaju rasti ali gra\u0111ani u BiH se ne bune","datePublished":"2023-10-23T10:00:24+00:00","dateModified":"2023-10-23T06:42:55+00:00","mainEntityOfPage":{"@id":"https:\/\/tuzlainfo.ba\/index.php\/bosna-i-hercegovina\/item\/220508-cijene-ne-prestaju-rati-ali-gradjani-u-bih-se-ne-bune\/"},"wordCount":447,"commentCount":0,"publisher":{"@id":"https:\/\/tuzlainfo.ba\/#organization"},"image":{"@id":"https:\/\/tuzlainfo.ba\/index.php\/bosna-i-hercegovina\/item\/220508-cijene-ne-prestaju-rati-ali-gradjani-u-bih-se-ne-bune\/#primaryimage"},"thumbnailUrl":"https:\/\/tuzlainfo.ba\/wp-content\/uploads\/2021\/07\/0807_potrosacka-korpa.jpeg","keywords":["cijene","rast cijena"],"articleSection":["Bosna i Hercegovina","Istaknuto"],"inLanguage":"bs-BA"},{"@type":"WebPage","@id":"https:\/\/tuzlainfo.ba\/index.php\/bosna-i-hercegovina\/item\/220508-cijene-ne-prestaju-rati-ali-gradjani-u-bih-se-ne-bune\/","url":"https:\/\/tuzlainfo.ba\/index.php\/bosna-i-hercegovina\/item\/220508-cijene-ne-prestaju-rati-ali-gradjani-u-bih-se-ne-bune\/","name":"Udru\u017eenja potro\u0161a\u010da poru\u010duju: Cijene ne prestaju rasti ali gra\u0111ani u BiH se ne bune - TuzlaInfo.ba","isPartOf":{"@id":"https:\/\/tuzlainfo.ba\/#website"},"primaryImageOfPage":{"@id":"https:\/\/tuzlainfo.ba\/index.php\/bosna-i-hercegovina\/item\/220508-cijene-ne-prestaju-rati-ali-gradjani-u-bih-se-ne-bune\/#primaryimage"},"image":{"@id":"https:\/\/tuzlainfo.ba\/index.php\/bosna-i-hercegovina\/item\/220508-cijene-ne-prestaju-rati-ali-gradjani-u-bih-se-ne-bune\/#primaryimage"},"thumbnailUrl":"https:\/\/tuzlainfo.ba\/wp-content\/uploads\/2021\/07\/0807_potrosacka-korpa.jpeg","datePublished":"2023-10-23T10:00:24+00:00","dateModified":"2023-10-23T06:42:55+00:00","breadcrumb":{"@id":"https:\/\/tuzlainfo.ba\/index.php\/bosna-i-hercegovina\/item\/220508-cijene-ne-prestaju-rati-ali-gradjani-u-bih-se-ne-bune\/#breadcrumb"},"inLanguage":"bs-BA","potentialAction":[{"@type":"ReadAction","target":["https:\/\/tuzlainfo.ba\/index.php\/bosna-i-hercegovina\/item\/220508-cijene-ne-prestaju-rati-ali-gradjani-u-bih-se-ne-bune\/"]}]},{"@type":"ImageObject","inLanguage":"bs-BA","@id":"https:\/\/tuzlainfo.ba\/index.php\/bosna-i-hercegovina\/item\/220508-cijene-ne-prestaju-rati-ali-gradjani-u-bih-se-ne-bune\/#primaryimage","url":"https:\/\/tuzlainfo.ba\/wp-content\/uploads\/2021\/07\/0807_potrosacka-korpa.jpeg","contentUrl":"https:\/\/tuzlainfo.ba\/wp-content\/uploads\/2021\/07\/0807_potrosacka-korpa.jpeg","width":1044,"height":522},{"@type":"BreadcrumbList","@id":"https:\/\/tuzlainfo.ba\/index.php\/bosna-i-hercegovina\/item\/220508-cijene-ne-prestaju-rati-ali-gradjani-u-bih-se-ne-bune\/#breadcrumb","itemListElement":[{"@type":"ListItem","position":1,"name":"Home","item":"https:\/\/tuzlainfo.ba\/"},{"@type":"ListItem","position":2,"name":"Udru\u017eenja potro\u0161a\u010da poru\u010duju: Cijene ne prestaju rasti ali gra\u0111ani u BiH se ne bune"}]},{"@type":"WebSite","@id":"https:\/\/tuzlainfo.ba\/#website","url":"https:\/\/tuzlainfo.ba\/","name":"TuzlaInfo.ba","description":"Tuzla info, gradski informator - Tuzla na dlanu","publisher":{"@id":"https:\/\/tuzlainfo.ba\/#organization"},"potentialAction":[{"@type":"SearchAction","target":{"@type":"EntryPoint","urlTemplate":"https:\/\/tuzlainfo.ba\/?s={search_term_string}"},"query-input":{"@type":"PropertyValueSpecification","valueRequired":true,"valueName":"search_term_string"}}],"inLanguage":"bs-BA"},{"@type":"Organization","@id":"https:\/\/tuzlainfo.ba\/#organization","name":"TuzlaInfo.ba","url":"https:\/\/tuzlainfo.ba\/","logo":{"@type":"ImageObject","inLanguage":"bs-BA","@id":"https:\/\/tuzlainfo.ba\/#\/schema\/logo\/image\/","url":"https:\/\/tuzlainfo.ba\/wp-content\/uploads\/2021\/03\/logo-ver-3-1.png","contentUrl":"https:\/\/tuzlainfo.ba\/wp-content\/uploads\/2021\/03\/logo-ver-3-1.png","width":350,"height":95,"caption":"TuzlaInfo.ba"},"image":{"@id":"https:\/\/tuzlainfo.ba\/#\/schema\/logo\/image\/"},"sameAs":["https:\/\/www.facebook.com\/tuzlainfo.ba\/"]},{"@type":"Person","@id":"https:\/\/tuzlainfo.ba\/#\/schema\/person\/46cad4c57790cbc50781edd14870825a","name":"Tuzla Info","image":{"@type":"ImageObject","inLanguage":"bs-BA","@id":"https:\/\/tuzlainfo.ba\/#\/schema\/person\/image\/","url":"https:\/\/tuzlainfo.ba\/wp-content\/litespeed\/avatar\/b6c453a6c38e3654f2e4416c643fc25c.jpg?ver=1777051911","contentUrl":"https:\/\/tuzlainfo.ba\/wp-content\/litespeed\/avatar\/b6c453a6c38e3654f2e4416c643fc25c.jpg?ver=1777051911","caption":"Tuzla Info"}}]}},"_links":{"self":[{"href":"https:\/\/tuzlainfo.ba\/index.php\/wp-json\/wp\/v2\/posts\/220508"}],"collection":[{"href":"https:\/\/tuzlainfo.ba\/index.php\/wp-json\/wp\/v2\/posts"}],"about":[{"href":"https:\/\/tuzlainfo.ba\/index.php\/wp-json\/wp\/v2\/types\/post"}],"author":[{"embeddable":true,"href":"https:\/\/tuzlainfo.ba\/index.php\/wp-json\/wp\/v2\/users\/4"}],"replies":[{"embeddable":true,"href":"https:\/\/tuzlainfo.ba\/index.php\/wp-json\/wp\/v2\/comments?post=220508"}],"version-history":[{"count":2,"href":"https:\/\/tuzlainfo.ba\/index.php\/wp-json\/wp\/v2\/posts\/220508\/revisions"}],"predecessor-version":[{"id":220511,"href":"https:\/\/tuzlainfo.ba\/index.php\/wp-json\/wp\/v2\/posts\/220508\/revisions\/220511"}],"wp:featuredmedia":[{"embeddable":true,"href":"https:\/\/tuzlainfo.ba\/index.php\/wp-json\/wp\/v2\/media\/141266"}],"wp:attachment":[{"href":"https:\/\/tuzlainfo.ba\/index.php\/wp-json\/wp\/v2\/media?parent=220508"}],"wp:term":[{"taxonomy":"category","embeddable":true,"href":"https:\/\/tuzlainfo.ba\/index.php\/wp-json\/wp\/v2\/categories?post=220508"},{"taxonomy":"post_tag","embeddable":true,"href":"https:\/\/tuzlainfo.ba\/index.php\/wp-json\/wp\/v2\/tags?post=220508"}],"curies":[{"name":"wp","href":"https:\/\/api.w.org\/{rel}","templated":true}]}}