{"id":219990,"date":"2023-10-17T09:09:24","date_gmt":"2023-10-17T07:09:24","guid":{"rendered":"https:\/\/tuzlainfo.ba\/?p=219990"},"modified":"2023-10-17T08:51:11","modified_gmt":"2023-10-17T06:51:11","slug":"u-nub-dervis-susic-tuzla-danas-osnivanje-citalackog-kluba","status":"publish","type":"post","link":"https:\/\/tuzlainfo.ba\/index.php\/najava-dogadaja-2\/item\/219990-u-nub-dervis-susic-tuzla-danas-osnivanje-citalackog-kluba\/","title":{"rendered":"U NUB &#8220;Dervi\u0161 Su\u0161i\u0107&#8221; Tuzla danas osnivanje \u010ditala\u010dkog kluba"},"content":{"rendered":"<p dir=\"auto\">U Narodnoj univerzitetskoj biblioteci &#8220;Dervi\u0161 Su\u0161i\u0107&#8221; Tuzla danas \u0107e biti odr\u017eano osnivanje \u010ditala\u010dkog kluba.<\/p>\n<p dir=\"auto\">\n<p dir=\"auto\">&#8220;Obavje\u0161tavamo na\u0161e \u010dlanove i \u010ditaoce, da \u0107e se osnivanje \u010ditala\u010dkog kluba odr\u017eati u utorak, 17. oktobra 2023.godine u 17 sati u na\u0161oj Biblioteci&#8221; &#8211; kazali su iz NUB &#8220;Dervi\u0161 Su\u0161i\u0107&#8221;.<\/p>\n<p>Osnovanjem \u010ditala\u010dkog kluba, \u017eelja nam je da okupimo na\u0161e stalne \u010ditaoce, pove\u017eemo ih i u ugodnom dru\u017eenju, razmijenimo \u010ditala\u010dka iskustva i sugestije, poru\u010duju iz tuzlanske Biblioteke.<\/p>\n","protected":false},"excerpt":{"rendered":"<p>U Narodnoj univerzitetskoj biblioteci &#8220;Dervi\u0161 Su\u0161i\u0107&#8221; Tuzla danas \u0107e biti odr\u017eano osnivanje \u010ditala\u010dkog kluba. &#8220;Obavje\u0161tavamo&hellip;<\/p>\n","protected":false},"author":4,"featured_media":219991,"comment_status":"open","ping_status":"closed","sticky":false,"template":"","format":"standard","meta":{"_acf_changed":false,"footnotes":""},"categories":[304,11],"tags":[8523,1705],"acf":[],"yoast_head":"<!-- This site is optimized with the Yoast SEO plugin v23.5 - https:\/\/yoast.com\/wordpress\/plugins\/seo\/ -->\n<title>U NUB &quot;Dervi\u0161 Su\u0161i\u0107&quot; Tuzla danas osnivanje \u010ditala\u010dkog kluba - TuzlaInfo.ba<\/title>\n<meta name=\"robots\" content=\"index, follow, max-snippet:-1, max-image-preview:large, max-video-preview:-1\" \/>\n<link rel=\"canonical\" href=\"https:\/\/tuzlainfo.ba\/index.php\/najava-dogadaja-2\/item\/219990-u-nub-dervis-susic-tuzla-danas-osnivanje-citalackog-kluba\/\" \/>\n<meta property=\"og:locale\" content=\"bs_BA\" \/>\n<meta property=\"og:type\" content=\"article\" \/>\n<meta property=\"og:title\" content=\"U NUB &quot;Dervi\u0161 Su\u0161i\u0107&quot; Tuzla danas osnivanje \u010ditala\u010dkog kluba - TuzlaInfo.ba\" \/>\n<meta property=\"og:description\" content=\"U Narodnoj univerzitetskoj biblioteci &#8220;Dervi\u0161 Su\u0161i\u0107&#8221; Tuzla danas \u0107e biti odr\u017eano osnivanje \u010ditala\u010dkog kluba. &#8220;Obavje\u0161tavamo&hellip;\" \/>\n<meta property=\"og:url\" content=\"https:\/\/tuzlainfo.ba\/index.php\/najava-dogadaja-2\/item\/219990-u-nub-dervis-susic-tuzla-danas-osnivanje-citalackog-kluba\/\" \/>\n<meta property=\"og:site_name\" content=\"TuzlaInfo.ba\" \/>\n<meta property=\"article:publisher\" content=\"https:\/\/www.facebook.com\/tuzlainfo.ba\/\" \/>\n<meta property=\"article:published_time\" content=\"2023-10-17T07:09:24+00:00\" \/>\n<meta property=\"article:modified_time\" content=\"2023-10-17T06:51:11+00:00\" \/>\n<meta property=\"og:image\" content=\"https:\/\/tuzlainfo.ba\/wp-content\/uploads\/2023\/10\/knjige.jpg\" \/>\n\t<meta property=\"og:image:width\" content=\"2048\" \/>\n\t<meta property=\"og:image:height\" content=\"1536\" \/>\n\t<meta property=\"og:image:type\" content=\"image\/jpeg\" \/>\n<meta name=\"author\" content=\"Tuzla Info\" \/>\n<meta name=\"twitter:card\" content=\"summary_large_image\" \/>\n<meta name=\"twitter:label1\" content=\"Written by\" \/>\n\t<meta name=\"twitter:data1\" content=\"Tuzla Info\" \/>\n<script type=\"application\/ld+json\" class=\"yoast-schema-graph\">{\"@context\":\"https:\/\/schema.org\",\"@graph\":[{\"@type\":\"Article\",\"@id\":\"https:\/\/tuzlainfo.ba\/index.php\/najava-dogadaja-2\/item\/219990-u-nub-dervis-susic-tuzla-danas-osnivanje-citalackog-kluba\/#article\",\"isPartOf\":{\"@id\":\"https:\/\/tuzlainfo.ba\/index.php\/najava-dogadaja-2\/item\/219990-u-nub-dervis-susic-tuzla-danas-osnivanje-citalackog-kluba\/\"},\"author\":{\"name\":\"Tuzla Info\",\"@id\":\"https:\/\/tuzlainfo.ba\/#\/schema\/person\/46cad4c57790cbc50781edd14870825a\"},\"headline\":\"U NUB &#8220;Dervi\u0161 Su\u0161i\u0107&#8221; Tuzla danas osnivanje \u010ditala\u010dkog kluba\",\"datePublished\":\"2023-10-17T07:09:24+00:00\",\"dateModified\":\"2023-10-17T06:51:11+00:00\",\"mainEntityOfPage\":{\"@id\":\"https:\/\/tuzlainfo.ba\/index.php\/najava-dogadaja-2\/item\/219990-u-nub-dervis-susic-tuzla-danas-osnivanje-citalackog-kluba\/\"},\"wordCount\":94,\"commentCount\":0,\"publisher\":{\"@id\":\"https:\/\/tuzlainfo.ba\/#organization\"},\"image\":{\"@id\":\"https:\/\/tuzlainfo.ba\/index.php\/najava-dogadaja-2\/item\/219990-u-nub-dervis-susic-tuzla-danas-osnivanje-citalackog-kluba\/#primaryimage\"},\"thumbnailUrl\":\"https:\/\/tuzlainfo.ba\/wp-content\/uploads\/2023\/10\/knjige.jpg\",\"keywords\":[\"\u010ditala\u010dki klub\",\"nub dervi\u0161 su\u0161i\u0107\"],\"articleSection\":[\"Istaknuto\",\"Najave i doga\u0111aji\"],\"inLanguage\":\"bs-BA\"},{\"@type\":\"WebPage\",\"@id\":\"https:\/\/tuzlainfo.ba\/index.php\/najava-dogadaja-2\/item\/219990-u-nub-dervis-susic-tuzla-danas-osnivanje-citalackog-kluba\/\",\"url\":\"https:\/\/tuzlainfo.ba\/index.php\/najava-dogadaja-2\/item\/219990-u-nub-dervis-susic-tuzla-danas-osnivanje-citalackog-kluba\/\",\"name\":\"U NUB \\\"Dervi\u0161 Su\u0161i\u0107\\\" Tuzla danas osnivanje \u010ditala\u010dkog kluba - TuzlaInfo.ba\",\"isPartOf\":{\"@id\":\"https:\/\/tuzlainfo.ba\/#website\"},\"primaryImageOfPage\":{\"@id\":\"https:\/\/tuzlainfo.ba\/index.php\/najava-dogadaja-2\/item\/219990-u-nub-dervis-susic-tuzla-danas-osnivanje-citalackog-kluba\/#primaryimage\"},\"image\":{\"@id\":\"https:\/\/tuzlainfo.ba\/index.php\/najava-dogadaja-2\/item\/219990-u-nub-dervis-susic-tuzla-danas-osnivanje-citalackog-kluba\/#primaryimage\"},\"thumbnailUrl\":\"https:\/\/tuzlainfo.ba\/wp-content\/uploads\/2023\/10\/knjige.jpg\",\"datePublished\":\"2023-10-17T07:09:24+00:00\",\"dateModified\":\"2023-10-17T06:51:11+00:00\",\"breadcrumb\":{\"@id\":\"https:\/\/tuzlainfo.ba\/index.php\/najava-dogadaja-2\/item\/219990-u-nub-dervis-susic-tuzla-danas-osnivanje-citalackog-kluba\/#breadcrumb\"},\"inLanguage\":\"bs-BA\",\"potentialAction\":[{\"@type\":\"ReadAction\",\"target\":[\"https:\/\/tuzlainfo.ba\/index.php\/najava-dogadaja-2\/item\/219990-u-nub-dervis-susic-tuzla-danas-osnivanje-citalackog-kluba\/\"]}]},{\"@type\":\"ImageObject\",\"inLanguage\":\"bs-BA\",\"@id\":\"https:\/\/tuzlainfo.ba\/index.php\/najava-dogadaja-2\/item\/219990-u-nub-dervis-susic-tuzla-danas-osnivanje-citalackog-kluba\/#primaryimage\",\"url\":\"https:\/\/tuzlainfo.ba\/wp-content\/uploads\/2023\/10\/knjige.jpg\",\"contentUrl\":\"https:\/\/tuzlainfo.ba\/wp-content\/uploads\/2023\/10\/knjige.jpg\",\"width\":2048,\"height\":1536},{\"@type\":\"BreadcrumbList\",\"@id\":\"https:\/\/tuzlainfo.ba\/index.php\/najava-dogadaja-2\/item\/219990-u-nub-dervis-susic-tuzla-danas-osnivanje-citalackog-kluba\/#breadcrumb\",\"itemListElement\":[{\"@type\":\"ListItem\",\"position\":1,\"name\":\"Home\",\"item\":\"https:\/\/tuzlainfo.ba\/\"},{\"@type\":\"ListItem\",\"position\":2,\"name\":\"U NUB &#8220;Dervi\u0161 Su\u0161i\u0107&#8221; Tuzla danas osnivanje \u010ditala\u010dkog kluba\"}]},{\"@type\":\"WebSite\",\"@id\":\"https:\/\/tuzlainfo.ba\/#website\",\"url\":\"https:\/\/tuzlainfo.ba\/\",\"name\":\"TuzlaInfo.ba\",\"description\":\"Tuzla info, gradski informator - Tuzla na dlanu\",\"publisher\":{\"@id\":\"https:\/\/tuzlainfo.ba\/#organization\"},\"potentialAction\":[{\"@type\":\"SearchAction\",\"target\":{\"@type\":\"EntryPoint\",\"urlTemplate\":\"https:\/\/tuzlainfo.ba\/?s={search_term_string}\"},\"query-input\":{\"@type\":\"PropertyValueSpecification\",\"valueRequired\":true,\"valueName\":\"search_term_string\"}}],\"inLanguage\":\"bs-BA\"},{\"@type\":\"Organization\",\"@id\":\"https:\/\/tuzlainfo.ba\/#organization\",\"name\":\"TuzlaInfo.ba\",\"url\":\"https:\/\/tuzlainfo.ba\/\",\"logo\":{\"@type\":\"ImageObject\",\"inLanguage\":\"bs-BA\",\"@id\":\"https:\/\/tuzlainfo.ba\/#\/schema\/logo\/image\/\",\"url\":\"https:\/\/tuzlainfo.ba\/wp-content\/uploads\/2021\/03\/logo-ver-3-1.png\",\"contentUrl\":\"https:\/\/tuzlainfo.ba\/wp-content\/uploads\/2021\/03\/logo-ver-3-1.png\",\"width\":350,\"height\":95,\"caption\":\"TuzlaInfo.ba\"},\"image\":{\"@id\":\"https:\/\/tuzlainfo.ba\/#\/schema\/logo\/image\/\"},\"sameAs\":[\"https:\/\/www.facebook.com\/tuzlainfo.ba\/\"]},{\"@type\":\"Person\",\"@id\":\"https:\/\/tuzlainfo.ba\/#\/schema\/person\/46cad4c57790cbc50781edd14870825a\",\"name\":\"Tuzla Info\",\"image\":{\"@type\":\"ImageObject\",\"inLanguage\":\"bs-BA\",\"@id\":\"https:\/\/tuzlainfo.ba\/#\/schema\/person\/image\/\",\"url\":\"https:\/\/tuzlainfo.ba\/wp-content\/litespeed\/avatar\/b6c453a6c38e3654f2e4416c643fc25c.jpg?ver=1777051911\",\"contentUrl\":\"https:\/\/tuzlainfo.ba\/wp-content\/litespeed\/avatar\/b6c453a6c38e3654f2e4416c643fc25c.jpg?ver=1777051911\",\"caption\":\"Tuzla Info\"}}]}<\/script>\n<!-- \/ Yoast SEO plugin. -->","yoast_head_json":{"title":"U NUB \"Dervi\u0161 Su\u0161i\u0107\" Tuzla danas osnivanje \u010ditala\u010dkog kluba - TuzlaInfo.ba","robots":{"index":"index","follow":"follow","max-snippet":"max-snippet:-1","max-image-preview":"max-image-preview:large","max-video-preview":"max-video-preview:-1"},"canonical":"https:\/\/tuzlainfo.ba\/index.php\/najava-dogadaja-2\/item\/219990-u-nub-dervis-susic-tuzla-danas-osnivanje-citalackog-kluba\/","og_locale":"bs_BA","og_type":"article","og_title":"U NUB \"Dervi\u0161 Su\u0161i\u0107\" Tuzla danas osnivanje \u010ditala\u010dkog kluba - TuzlaInfo.ba","og_description":"U Narodnoj univerzitetskoj biblioteci &#8220;Dervi\u0161 Su\u0161i\u0107&#8221; Tuzla danas \u0107e biti odr\u017eano osnivanje \u010ditala\u010dkog kluba. &#8220;Obavje\u0161tavamo&hellip;","og_url":"https:\/\/tuzlainfo.ba\/index.php\/najava-dogadaja-2\/item\/219990-u-nub-dervis-susic-tuzla-danas-osnivanje-citalackog-kluba\/","og_site_name":"TuzlaInfo.ba","article_publisher":"https:\/\/www.facebook.com\/tuzlainfo.ba\/","article_published_time":"2023-10-17T07:09:24+00:00","article_modified_time":"2023-10-17T06:51:11+00:00","og_image":[{"width":2048,"height":1536,"url":"https:\/\/tuzlainfo.ba\/wp-content\/uploads\/2023\/10\/knjige.jpg","type":"image\/jpeg"}],"author":"Tuzla Info","twitter_card":"summary_large_image","twitter_misc":{"Written by":"Tuzla Info"},"schema":{"@context":"https:\/\/schema.org","@graph":[{"@type":"Article","@id":"https:\/\/tuzlainfo.ba\/index.php\/najava-dogadaja-2\/item\/219990-u-nub-dervis-susic-tuzla-danas-osnivanje-citalackog-kluba\/#article","isPartOf":{"@id":"https:\/\/tuzlainfo.ba\/index.php\/najava-dogadaja-2\/item\/219990-u-nub-dervis-susic-tuzla-danas-osnivanje-citalackog-kluba\/"},"author":{"name":"Tuzla Info","@id":"https:\/\/tuzlainfo.ba\/#\/schema\/person\/46cad4c57790cbc50781edd14870825a"},"headline":"U NUB &#8220;Dervi\u0161 Su\u0161i\u0107&#8221; Tuzla danas osnivanje \u010ditala\u010dkog kluba","datePublished":"2023-10-17T07:09:24+00:00","dateModified":"2023-10-17T06:51:11+00:00","mainEntityOfPage":{"@id":"https:\/\/tuzlainfo.ba\/index.php\/najava-dogadaja-2\/item\/219990-u-nub-dervis-susic-tuzla-danas-osnivanje-citalackog-kluba\/"},"wordCount":94,"commentCount":0,"publisher":{"@id":"https:\/\/tuzlainfo.ba\/#organization"},"image":{"@id":"https:\/\/tuzlainfo.ba\/index.php\/najava-dogadaja-2\/item\/219990-u-nub-dervis-susic-tuzla-danas-osnivanje-citalackog-kluba\/#primaryimage"},"thumbnailUrl":"https:\/\/tuzlainfo.ba\/wp-content\/uploads\/2023\/10\/knjige.jpg","keywords":["\u010ditala\u010dki klub","nub dervi\u0161 su\u0161i\u0107"],"articleSection":["Istaknuto","Najave i doga\u0111aji"],"inLanguage":"bs-BA"},{"@type":"WebPage","@id":"https:\/\/tuzlainfo.ba\/index.php\/najava-dogadaja-2\/item\/219990-u-nub-dervis-susic-tuzla-danas-osnivanje-citalackog-kluba\/","url":"https:\/\/tuzlainfo.ba\/index.php\/najava-dogadaja-2\/item\/219990-u-nub-dervis-susic-tuzla-danas-osnivanje-citalackog-kluba\/","name":"U NUB \"Dervi\u0161 Su\u0161i\u0107\" Tuzla danas osnivanje \u010ditala\u010dkog kluba - TuzlaInfo.ba","isPartOf":{"@id":"https:\/\/tuzlainfo.ba\/#website"},"primaryImageOfPage":{"@id":"https:\/\/tuzlainfo.ba\/index.php\/najava-dogadaja-2\/item\/219990-u-nub-dervis-susic-tuzla-danas-osnivanje-citalackog-kluba\/#primaryimage"},"image":{"@id":"https:\/\/tuzlainfo.ba\/index.php\/najava-dogadaja-2\/item\/219990-u-nub-dervis-susic-tuzla-danas-osnivanje-citalackog-kluba\/#primaryimage"},"thumbnailUrl":"https:\/\/tuzlainfo.ba\/wp-content\/uploads\/2023\/10\/knjige.jpg","datePublished":"2023-10-17T07:09:24+00:00","dateModified":"2023-10-17T06:51:11+00:00","breadcrumb":{"@id":"https:\/\/tuzlainfo.ba\/index.php\/najava-dogadaja-2\/item\/219990-u-nub-dervis-susic-tuzla-danas-osnivanje-citalackog-kluba\/#breadcrumb"},"inLanguage":"bs-BA","potentialAction":[{"@type":"ReadAction","target":["https:\/\/tuzlainfo.ba\/index.php\/najava-dogadaja-2\/item\/219990-u-nub-dervis-susic-tuzla-danas-osnivanje-citalackog-kluba\/"]}]},{"@type":"ImageObject","inLanguage":"bs-BA","@id":"https:\/\/tuzlainfo.ba\/index.php\/najava-dogadaja-2\/item\/219990-u-nub-dervis-susic-tuzla-danas-osnivanje-citalackog-kluba\/#primaryimage","url":"https:\/\/tuzlainfo.ba\/wp-content\/uploads\/2023\/10\/knjige.jpg","contentUrl":"https:\/\/tuzlainfo.ba\/wp-content\/uploads\/2023\/10\/knjige.jpg","width":2048,"height":1536},{"@type":"BreadcrumbList","@id":"https:\/\/tuzlainfo.ba\/index.php\/najava-dogadaja-2\/item\/219990-u-nub-dervis-susic-tuzla-danas-osnivanje-citalackog-kluba\/#breadcrumb","itemListElement":[{"@type":"ListItem","position":1,"name":"Home","item":"https:\/\/tuzlainfo.ba\/"},{"@type":"ListItem","position":2,"name":"U NUB &#8220;Dervi\u0161 Su\u0161i\u0107&#8221; Tuzla danas osnivanje \u010ditala\u010dkog kluba"}]},{"@type":"WebSite","@id":"https:\/\/tuzlainfo.ba\/#website","url":"https:\/\/tuzlainfo.ba\/","name":"TuzlaInfo.ba","description":"Tuzla info, gradski informator - Tuzla na dlanu","publisher":{"@id":"https:\/\/tuzlainfo.ba\/#organization"},"potentialAction":[{"@type":"SearchAction","target":{"@type":"EntryPoint","urlTemplate":"https:\/\/tuzlainfo.ba\/?s={search_term_string}"},"query-input":{"@type":"PropertyValueSpecification","valueRequired":true,"valueName":"search_term_string"}}],"inLanguage":"bs-BA"},{"@type":"Organization","@id":"https:\/\/tuzlainfo.ba\/#organization","name":"TuzlaInfo.ba","url":"https:\/\/tuzlainfo.ba\/","logo":{"@type":"ImageObject","inLanguage":"bs-BA","@id":"https:\/\/tuzlainfo.ba\/#\/schema\/logo\/image\/","url":"https:\/\/tuzlainfo.ba\/wp-content\/uploads\/2021\/03\/logo-ver-3-1.png","contentUrl":"https:\/\/tuzlainfo.ba\/wp-content\/uploads\/2021\/03\/logo-ver-3-1.png","width":350,"height":95,"caption":"TuzlaInfo.ba"},"image":{"@id":"https:\/\/tuzlainfo.ba\/#\/schema\/logo\/image\/"},"sameAs":["https:\/\/www.facebook.com\/tuzlainfo.ba\/"]},{"@type":"Person","@id":"https:\/\/tuzlainfo.ba\/#\/schema\/person\/46cad4c57790cbc50781edd14870825a","name":"Tuzla Info","image":{"@type":"ImageObject","inLanguage":"bs-BA","@id":"https:\/\/tuzlainfo.ba\/#\/schema\/person\/image\/","url":"https:\/\/tuzlainfo.ba\/wp-content\/litespeed\/avatar\/b6c453a6c38e3654f2e4416c643fc25c.jpg?ver=1777051911","contentUrl":"https:\/\/tuzlainfo.ba\/wp-content\/litespeed\/avatar\/b6c453a6c38e3654f2e4416c643fc25c.jpg?ver=1777051911","caption":"Tuzla Info"}}]}},"_links":{"self":[{"href":"https:\/\/tuzlainfo.ba\/index.php\/wp-json\/wp\/v2\/posts\/219990"}],"collection":[{"href":"https:\/\/tuzlainfo.ba\/index.php\/wp-json\/wp\/v2\/posts"}],"about":[{"href":"https:\/\/tuzlainfo.ba\/index.php\/wp-json\/wp\/v2\/types\/post"}],"author":[{"embeddable":true,"href":"https:\/\/tuzlainfo.ba\/index.php\/wp-json\/wp\/v2\/users\/4"}],"replies":[{"embeddable":true,"href":"https:\/\/tuzlainfo.ba\/index.php\/wp-json\/wp\/v2\/comments?post=219990"}],"version-history":[{"count":1,"href":"https:\/\/tuzlainfo.ba\/index.php\/wp-json\/wp\/v2\/posts\/219990\/revisions"}],"predecessor-version":[{"id":219992,"href":"https:\/\/tuzlainfo.ba\/index.php\/wp-json\/wp\/v2\/posts\/219990\/revisions\/219992"}],"wp:featuredmedia":[{"embeddable":true,"href":"https:\/\/tuzlainfo.ba\/index.php\/wp-json\/wp\/v2\/media\/219991"}],"wp:attachment":[{"href":"https:\/\/tuzlainfo.ba\/index.php\/wp-json\/wp\/v2\/media?parent=219990"}],"wp:term":[{"taxonomy":"category","embeddable":true,"href":"https:\/\/tuzlainfo.ba\/index.php\/wp-json\/wp\/v2\/categories?post=219990"},{"taxonomy":"post_tag","embeddable":true,"href":"https:\/\/tuzlainfo.ba\/index.php\/wp-json\/wp\/v2\/tags?post=219990"}],"curies":[{"name":"wp","href":"https:\/\/api.w.org\/{rel}","templated":true}]}}