{"id":219790,"date":"2023-10-14T12:16:27","date_gmt":"2023-10-14T10:16:27","guid":{"rendered":"https:\/\/tuzlainfo.ba\/?p=219790"},"modified":"2023-10-14T12:17:36","modified_gmt":"2023-10-14T10:17:36","slug":"foto-tuzlanski-vatrogasci-prezentirali-opremu-i-vjestine-poseban-program-za-malisane","status":"publish","type":"post","link":"https:\/\/tuzlainfo.ba\/index.php\/novosti\/item\/219790-foto-tuzlanski-vatrogasci-prezentirali-opremu-i-vjestine-poseban-program-za-malisane\/","title":{"rendered":"FOTO \/ Tuzlanski vatrogasci prezentirali opremu i vje\u0161tine, poseban program za mali\u0161ane"},"content":{"rendered":"<p>Danas je na Trgu slobode odr\u017ean, sada ve\u0107 tradicionalni Dan otvorenih vrata Profesionalne vatrogasne jedinice Tuzla.<\/p>\n<p dir=\"auto\">Bila je ovo prilika da gra\u0111anima predstave svoj rad, opremu sa kojom rade, te uka\u017eu na izazove sa kojima se susre\u0107u svakodnevno.<\/p>\n<p dir=\"auto\">Ova aktivnost organizovana je ciljano u oktobru koji je mjesec za\u0161tite od po\u017eara.<\/p>\n<div id='gallery-1' class='gallery galleryid-219790 gallery-columns-5 gallery-size-thumbnail'><figure class='gallery-item'>\n\t\t\t<div class='gallery-icon landscape'>\n\t\t\t\t<a href='https:\/\/tuzlainfo.ba\/index.php\/novosti\/item\/219790-foto-tuzlanski-vatrogasci-prezentirali-opremu-i-vjestine-poseban-program-za-malisane\/attachment\/1410_vatrogasci_danotvorenihvrata-2\/'><img decoding=\"async\" width=\"150\" height=\"150\" src=\"https:\/\/tuzlainfo.ba\/wp-content\/uploads\/2023\/10\/1410_vatrogasci_danotvorenihvrata-2-150x150.jpg\" class=\"attachment-thumbnail size-thumbnail\" alt=\"\" srcset=\"https:\/\/tuzlainfo.ba\/wp-content\/uploads\/2023\/10\/1410_vatrogasci_danotvorenihvrata-2-150x150.jpg 150w, https:\/\/tuzlainfo.ba\/wp-content\/uploads\/2023\/10\/1410_vatrogasci_danotvorenihvrata-2-585x585.jpg 585w, https:\/\/tuzlainfo.ba\/wp-content\/uploads\/2023\/10\/1410_vatrogasci_danotvorenihvrata-2-45x45.jpg 45w\" sizes=\"(max-width: 150px) 100vw, 150px\" \/><\/a>\n\t\t\t<\/div><\/figure><figure class='gallery-item'>\n\t\t\t<div class='gallery-icon landscape'>\n\t\t\t\t<a href='https:\/\/tuzlainfo.ba\/index.php\/novosti\/item\/219790-foto-tuzlanski-vatrogasci-prezentirali-opremu-i-vjestine-poseban-program-za-malisane\/attachment\/1410_vatrogasci_danotvorenihvrata-3\/'><img decoding=\"async\" width=\"150\" height=\"150\" src=\"https:\/\/tuzlainfo.ba\/wp-content\/uploads\/2023\/10\/1410_vatrogasci_danotvorenihvrata-3-150x150.jpg\" class=\"attachment-thumbnail size-thumbnail\" alt=\"\" srcset=\"https:\/\/tuzlainfo.ba\/wp-content\/uploads\/2023\/10\/1410_vatrogasci_danotvorenihvrata-3-150x150.jpg 150w, https:\/\/tuzlainfo.ba\/wp-content\/uploads\/2023\/10\/1410_vatrogasci_danotvorenihvrata-3-585x585.jpg 585w, https:\/\/tuzlainfo.ba\/wp-content\/uploads\/2023\/10\/1410_vatrogasci_danotvorenihvrata-3-45x45.jpg 45w\" sizes=\"(max-width: 150px) 100vw, 150px\" \/><\/a>\n\t\t\t<\/div><\/figure><figure class='gallery-item'>\n\t\t\t<div class='gallery-icon landscape'>\n\t\t\t\t<a href='https:\/\/tuzlainfo.ba\/index.php\/novosti\/item\/219790-foto-tuzlanski-vatrogasci-prezentirali-opremu-i-vjestine-poseban-program-za-malisane\/attachment\/1410_vatrogasci_danotvorenihvrata-4\/'><img decoding=\"async\" width=\"150\" height=\"150\" src=\"https:\/\/tuzlainfo.ba\/wp-content\/uploads\/2023\/10\/1410_vatrogasci_danotvorenihvrata-4-150x150.jpg\" class=\"attachment-thumbnail size-thumbnail\" alt=\"\" srcset=\"https:\/\/tuzlainfo.ba\/wp-content\/uploads\/2023\/10\/1410_vatrogasci_danotvorenihvrata-4-150x150.jpg 150w, https:\/\/tuzlainfo.ba\/wp-content\/uploads\/2023\/10\/1410_vatrogasci_danotvorenihvrata-4-585x585.jpg 585w, https:\/\/tuzlainfo.ba\/wp-content\/uploads\/2023\/10\/1410_vatrogasci_danotvorenihvrata-4-45x45.jpg 45w\" sizes=\"(max-width: 150px) 100vw, 150px\" \/><\/a>\n\t\t\t<\/div><\/figure><figure class='gallery-item'>\n\t\t\t<div class='gallery-icon landscape'>\n\t\t\t\t<a href='https:\/\/tuzlainfo.ba\/index.php\/novosti\/item\/219790-foto-tuzlanski-vatrogasci-prezentirali-opremu-i-vjestine-poseban-program-za-malisane\/attachment\/1410_vatrogasci_danotvorenihvrata-5\/'><img loading=\"lazy\" decoding=\"async\" width=\"150\" height=\"150\" src=\"https:\/\/tuzlainfo.ba\/wp-content\/uploads\/2023\/10\/1410_vatrogasci_danotvorenihvrata-5-150x150.jpg\" class=\"attachment-thumbnail size-thumbnail\" alt=\"\" srcset=\"https:\/\/tuzlainfo.ba\/wp-content\/uploads\/2023\/10\/1410_vatrogasci_danotvorenihvrata-5-150x150.jpg 150w, https:\/\/tuzlainfo.ba\/wp-content\/uploads\/2023\/10\/1410_vatrogasci_danotvorenihvrata-5-585x585.jpg 585w, https:\/\/tuzlainfo.ba\/wp-content\/uploads\/2023\/10\/1410_vatrogasci_danotvorenihvrata-5-45x45.jpg 45w\" sizes=\"(max-width: 150px) 100vw, 150px\" \/><\/a>\n\t\t\t<\/div><\/figure><figure class='gallery-item'>\n\t\t\t<div class='gallery-icon landscape'>\n\t\t\t\t<a href='https:\/\/tuzlainfo.ba\/index.php\/novosti\/item\/219790-foto-tuzlanski-vatrogasci-prezentirali-opremu-i-vjestine-poseban-program-za-malisane\/attachment\/1410_vatrogasci_danotvorenihvrata-1\/'><img loading=\"lazy\" decoding=\"async\" width=\"150\" height=\"150\" src=\"https:\/\/tuzlainfo.ba\/wp-content\/uploads\/2023\/10\/1410_vatrogasci_danotvorenihvrata-1-150x150.jpg\" class=\"attachment-thumbnail size-thumbnail\" alt=\"\" srcset=\"https:\/\/tuzlainfo.ba\/wp-content\/uploads\/2023\/10\/1410_vatrogasci_danotvorenihvrata-1-150x150.jpg 150w, https:\/\/tuzlainfo.ba\/wp-content\/uploads\/2023\/10\/1410_vatrogasci_danotvorenihvrata-1-585x585.jpg 585w, https:\/\/tuzlainfo.ba\/wp-content\/uploads\/2023\/10\/1410_vatrogasci_danotvorenihvrata-1-45x45.jpg 45w\" sizes=\"(max-width: 150px) 100vw, 150px\" \/><\/a>\n\t\t\t<\/div><\/figure>\n\t\t<\/div>\n\n<p dir=\"auto\">I ovaj put na\u0161i vatrogasci su su pokazali su da gra\u0111ani na njih mogu ra\u010dunati 24 sata na dan. Posebno je prezentacija opreme bila zanimljiva najmla\u0111im sugra\u0111anima, za koje pripremljen i poseban program.<\/p>\n<p>Aktivnosti u okviru Dana otvorenih vrata po\u010dele u 10 sati, a trajat \u0107e do 14 sati.<strong>\/Tuzlainfo\/<\/strong><\/p>\n","protected":false},"excerpt":{"rendered":"<p>Danas je na Trgu slobode odr\u017ean, sada ve\u0107 tradicionalni Dan otvorenih vrata Profesionalne vatrogasne jedinice Tuzla. Bila je ovo prilika da gra\u0111anima predstave svoj rad, opremu sa kojom rade, te uka\u017eu na izazove sa kojima se susre\u0107u svakodnevno. Ova aktivnost organizovana je ciljano u oktobru koji je mjesec za\u0161tite od po\u017eara. I ovaj put na\u0161i [&hellip;]<\/p>\n","protected":false},"author":2,"featured_media":219796,"comment_status":"open","ping_status":"closed","sticky":false,"template":"","format":"standard","meta":{"footnotes":""},"categories":[304,12],"tags":[3636,1073,5326],"class_list":["post-219790","post","type-post","status-publish","format-standard","has-post-thumbnail","hentry","category-istaknuto","category-novosti","tag-pvj-tuzla","tag-trg-slobode","tag-tuzlanski-vatrogasci"],"yoast_head":"<!-- This site is optimized with the Yoast SEO plugin v28.3 - https:\/\/yoast.com\/product\/yoast-seo-wordpress\/ -->\n<title>FOTO \/ Tuzlanski vatrogasci prezentirali opremu i vje\u0161tine, poseban program za mali\u0161ane<\/title>\n<meta name=\"robots\" content=\"index, follow, max-snippet:-1, max-image-preview:large, max-video-preview:-1\" \/>\n<link rel=\"canonical\" href=\"https:\/\/tuzlainfo.ba\/index.php\/novosti\/item\/219790-foto-tuzlanski-vatrogasci-prezentirali-opremu-i-vjestine-poseban-program-za-malisane\/\" \/>\n<meta property=\"og:locale\" content=\"bs_BA\" \/>\n<meta property=\"og:type\" content=\"article\" \/>\n<meta property=\"og:title\" content=\"FOTO \/ Tuzlanski vatrogasci prezentirali opremu i vje\u0161tine, poseban program za mali\u0161ane\" \/>\n<meta property=\"og:description\" content=\"Danas je na Trgu slobode odr\u017ean, sada ve\u0107 tradicionalni Dan otvorenih vrata Profesionalne vatrogasne jedinice Tuzla. Bila je ovo prilika da gra\u0111anima predstave svoj rad, opremu sa kojom rade, te uka\u017eu na izazove sa kojima se susre\u0107u svakodnevno. Ova aktivnost organizovana je ciljano u oktobru koji je mjesec za\u0161tite od po\u017eara. I ovaj put na\u0161i [&hellip;]\" \/>\n<meta property=\"og:url\" content=\"https:\/\/tuzlainfo.ba\/index.php\/novosti\/item\/219790-foto-tuzlanski-vatrogasci-prezentirali-opremu-i-vjestine-poseban-program-za-malisane\/\" \/>\n<meta property=\"og:site_name\" content=\"TuzlaInfo.ba\" \/>\n<meta property=\"article:publisher\" content=\"https:\/\/www.facebook.com\/tuzlainfo.ba\/\" \/>\n<meta property=\"article:published_time\" content=\"2023-10-14T10:16:27+00:00\" \/>\n<meta property=\"article:modified_time\" content=\"2023-10-14T10:17:36+00:00\" \/>\n<meta property=\"og:image\" content=\"https:\/\/tuzlainfo.ba\/wp-content\/uploads\/2023\/10\/1410_kolaz_vatrogasci.jpg\" \/>\n\t<meta property=\"og:image:width\" content=\"1000\" \/>\n\t<meta property=\"og:image:height\" content=\"633\" \/>\n\t<meta property=\"og:image:type\" content=\"image\/jpeg\" \/>\n<meta name=\"author\" content=\"nedim\" \/>\n<meta name=\"twitter:card\" content=\"summary_large_image\" \/>\n<meta name=\"twitter:label1\" content=\"Written by\" \/>\n\t<meta name=\"twitter:data1\" content=\"nedim\" \/>\n\t<meta name=\"twitter:label2\" content=\"Est. reading time\" \/>\n\t<meta name=\"twitter:data2\" content=\"1 minuta\" \/>\n<script type=\"application\/ld+json\" class=\"yoast-schema-graph\">{\"@context\":\"https:\\\/\\\/schema.org\",\"@graph\":[{\"@type\":\"Article\",\"@id\":\"https:\\\/\\\/tuzlainfo.ba\\\/index.php\\\/novosti\\\/item\\\/219790-foto-tuzlanski-vatrogasci-prezentirali-opremu-i-vjestine-poseban-program-za-malisane\\\/#article\",\"isPartOf\":{\"@id\":\"https:\\\/\\\/tuzlainfo.ba\\\/index.php\\\/novosti\\\/item\\\/219790-foto-tuzlanski-vatrogasci-prezentirali-opremu-i-vjestine-poseban-program-za-malisane\\\/\"},\"author\":{\"name\":\"nedim\",\"@id\":\"https:\\\/\\\/tuzlainfo.ba\\\/#\\\/schema\\\/person\\\/f434e20dc27ea133923aab08451b7f7f\"},\"headline\":\"FOTO \\\/ Tuzlanski vatrogasci prezentirali opremu i vje\u0161tine, poseban program za mali\u0161ane\",\"datePublished\":\"2023-10-14T10:16:27+00:00\",\"dateModified\":\"2023-10-14T10:17:36+00:00\",\"mainEntityOfPage\":{\"@id\":\"https:\\\/\\\/tuzlainfo.ba\\\/index.php\\\/novosti\\\/item\\\/219790-foto-tuzlanski-vatrogasci-prezentirali-opremu-i-vjestine-poseban-program-za-malisane\\\/\"},\"wordCount\":128,\"commentCount\":0,\"publisher\":{\"@id\":\"https:\\\/\\\/tuzlainfo.ba\\\/#organization\"},\"image\":{\"@id\":\"https:\\\/\\\/tuzlainfo.ba\\\/index.php\\\/novosti\\\/item\\\/219790-foto-tuzlanski-vatrogasci-prezentirali-opremu-i-vjestine-poseban-program-za-malisane\\\/#primaryimage\"},\"thumbnailUrl\":\"https:\\\/\\\/tuzlainfo.ba\\\/wp-content\\\/uploads\\\/2023\\\/10\\\/1410_kolaz_vatrogasci.jpg\",\"keywords\":[\"PVJ Tuzla\",\"trg slobode\",\"Tuzlanski vatrogasci\"],\"articleSection\":[\"Istaknuto\",\"Novosti\"],\"inLanguage\":\"bs-BA\",\"copyrightYear\":\"2023\",\"copyrightHolder\":{\"@id\":\"https:\\\/\\\/tuzlainfo.ba\\\/#organization\"}},{\"@type\":\"WebPage\",\"@id\":\"https:\\\/\\\/tuzlainfo.ba\\\/index.php\\\/novosti\\\/item\\\/219790-foto-tuzlanski-vatrogasci-prezentirali-opremu-i-vjestine-poseban-program-za-malisane\\\/\",\"url\":\"https:\\\/\\\/tuzlainfo.ba\\\/index.php\\\/novosti\\\/item\\\/219790-foto-tuzlanski-vatrogasci-prezentirali-opremu-i-vjestine-poseban-program-za-malisane\\\/\",\"name\":\"FOTO \\\/ Tuzlanski vatrogasci prezentirali opremu i vje\u0161tine, poseban program za mali\u0161ane\",\"isPartOf\":{\"@id\":\"https:\\\/\\\/tuzlainfo.ba\\\/#website\"},\"primaryImageOfPage\":{\"@id\":\"https:\\\/\\\/tuzlainfo.ba\\\/index.php\\\/novosti\\\/item\\\/219790-foto-tuzlanski-vatrogasci-prezentirali-opremu-i-vjestine-poseban-program-za-malisane\\\/#primaryimage\"},\"image\":{\"@id\":\"https:\\\/\\\/tuzlainfo.ba\\\/index.php\\\/novosti\\\/item\\\/219790-foto-tuzlanski-vatrogasci-prezentirali-opremu-i-vjestine-poseban-program-za-malisane\\\/#primaryimage\"},\"thumbnailUrl\":\"https:\\\/\\\/tuzlainfo.ba\\\/wp-content\\\/uploads\\\/2023\\\/10\\\/1410_kolaz_vatrogasci.jpg\",\"datePublished\":\"2023-10-14T10:16:27+00:00\",\"dateModified\":\"2023-10-14T10:17:36+00:00\",\"breadcrumb\":{\"@id\":\"https:\\\/\\\/tuzlainfo.ba\\\/index.php\\\/novosti\\\/item\\\/219790-foto-tuzlanski-vatrogasci-prezentirali-opremu-i-vjestine-poseban-program-za-malisane\\\/#breadcrumb\"},\"inLanguage\":\"bs-BA\",\"potentialAction\":[{\"@type\":\"ReadAction\",\"target\":[\"https:\\\/\\\/tuzlainfo.ba\\\/index.php\\\/novosti\\\/item\\\/219790-foto-tuzlanski-vatrogasci-prezentirali-opremu-i-vjestine-poseban-program-za-malisane\\\/\"]}]},{\"@type\":\"ImageObject\",\"inLanguage\":\"bs-BA\",\"@id\":\"https:\\\/\\\/tuzlainfo.ba\\\/index.php\\\/novosti\\\/item\\\/219790-foto-tuzlanski-vatrogasci-prezentirali-opremu-i-vjestine-poseban-program-za-malisane\\\/#primaryimage\",\"url\":\"https:\\\/\\\/tuzlainfo.ba\\\/wp-content\\\/uploads\\\/2023\\\/10\\\/1410_kolaz_vatrogasci.jpg\",\"contentUrl\":\"https:\\\/\\\/tuzlainfo.ba\\\/wp-content\\\/uploads\\\/2023\\\/10\\\/1410_kolaz_vatrogasci.jpg\",\"width\":1000,\"height\":633},{\"@type\":\"BreadcrumbList\",\"@id\":\"https:\\\/\\\/tuzlainfo.ba\\\/index.php\\\/novosti\\\/item\\\/219790-foto-tuzlanski-vatrogasci-prezentirali-opremu-i-vjestine-poseban-program-za-malisane\\\/#breadcrumb\",\"itemListElement\":[{\"@type\":\"ListItem\",\"position\":1,\"name\":\"Home\",\"item\":\"https:\\\/\\\/tuzlainfo.ba\\\/\"},{\"@type\":\"ListItem\",\"position\":2,\"name\":\"FOTO \\\/ Tuzlanski vatrogasci prezentirali opremu i vje\u0161tine, poseban program za mali\u0161ane\"}]},{\"@type\":\"WebSite\",\"@id\":\"https:\\\/\\\/tuzlainfo.ba\\\/#website\",\"url\":\"https:\\\/\\\/tuzlainfo.ba\\\/\",\"name\":\"TuzlaInfo.ba\",\"description\":\"Tuzla info, gradski informator - Tuzla na dlanu\",\"publisher\":{\"@id\":\"https:\\\/\\\/tuzlainfo.ba\\\/#organization\"},\"potentialAction\":[{\"@type\":\"SearchAction\",\"target\":{\"@type\":\"EntryPoint\",\"urlTemplate\":\"https:\\\/\\\/tuzlainfo.ba\\\/?s={search_term_string}\"},\"query-input\":{\"@type\":\"PropertyValueSpecification\",\"valueRequired\":true,\"valueName\":\"search_term_string\"}}],\"inLanguage\":\"bs-BA\"},{\"@type\":\"Organization\",\"@id\":\"https:\\\/\\\/tuzlainfo.ba\\\/#organization\",\"name\":\"TuzlaInfo.ba\",\"url\":\"https:\\\/\\\/tuzlainfo.ba\\\/\",\"logo\":{\"@type\":\"ImageObject\",\"inLanguage\":\"bs-BA\",\"@id\":\"https:\\\/\\\/tuzlainfo.ba\\\/#\\\/schema\\\/logo\\\/image\\\/\",\"url\":\"https:\\\/\\\/tuzlainfo.ba\\\/wp-content\\\/uploads\\\/2021\\\/03\\\/logo-ver-3-1.png\",\"contentUrl\":\"https:\\\/\\\/tuzlainfo.ba\\\/wp-content\\\/uploads\\\/2021\\\/03\\\/logo-ver-3-1.png\",\"width\":350,\"height\":95,\"caption\":\"TuzlaInfo.ba\"},\"image\":{\"@id\":\"https:\\\/\\\/tuzlainfo.ba\\\/#\\\/schema\\\/logo\\\/image\\\/\"},\"sameAs\":[\"https:\\\/\\\/www.facebook.com\\\/tuzlainfo.ba\\\/\"]},{\"@type\":\"Person\",\"@id\":\"https:\\\/\\\/tuzlainfo.ba\\\/#\\\/schema\\\/person\\\/f434e20dc27ea133923aab08451b7f7f\",\"name\":\"nedim\",\"image\":{\"@type\":\"ImageObject\",\"inLanguage\":\"bs-BA\",\"@id\":\"https:\\\/\\\/secure.gravatar.com\\\/avatar\\\/5b928a2e7e70a54208d2eb6c1edcb75a5350d6ae97d5f0a701203d456823f6f3?s=96&d=mm&r=g\",\"url\":\"https:\\\/\\\/secure.gravatar.com\\\/avatar\\\/5b928a2e7e70a54208d2eb6c1edcb75a5350d6ae97d5f0a701203d456823f6f3?s=96&d=mm&r=g\",\"contentUrl\":\"https:\\\/\\\/secure.gravatar.com\\\/avatar\\\/5b928a2e7e70a54208d2eb6c1edcb75a5350d6ae97d5f0a701203d456823f6f3?s=96&d=mm&r=g\",\"caption\":\"nedim\"},\"description\":\"Tuzlainfo.ba pratite na dru\u0161tvenim mre\u017eama: Facebook, Instagram i Youtube. Svoje pri\u010de, upite i fotografije \u0161aljite na na\u0161u e-mail adresu.\"}]}<\/script>\n<!-- \/ Yoast SEO plugin. -->","yoast_head_json":{"title":"FOTO \/ Tuzlanski vatrogasci prezentirali opremu i vje\u0161tine, poseban program za mali\u0161ane","robots":{"index":"index","follow":"follow","max-snippet":"max-snippet:-1","max-image-preview":"max-image-preview:large","max-video-preview":"max-video-preview:-1"},"canonical":"https:\/\/tuzlainfo.ba\/index.php\/novosti\/item\/219790-foto-tuzlanski-vatrogasci-prezentirali-opremu-i-vjestine-poseban-program-za-malisane\/","og_locale":"bs_BA","og_type":"article","og_title":"FOTO \/ Tuzlanski vatrogasci prezentirali opremu i vje\u0161tine, poseban program za mali\u0161ane","og_description":"Danas je na Trgu slobode odr\u017ean, sada ve\u0107 tradicionalni Dan otvorenih vrata Profesionalne vatrogasne jedinice Tuzla. Bila je ovo prilika da gra\u0111anima predstave svoj rad, opremu sa kojom rade, te uka\u017eu na izazove sa kojima se susre\u0107u svakodnevno. Ova aktivnost organizovana je ciljano u oktobru koji je mjesec za\u0161tite od po\u017eara. I ovaj put na\u0161i [&hellip;]","og_url":"https:\/\/tuzlainfo.ba\/index.php\/novosti\/item\/219790-foto-tuzlanski-vatrogasci-prezentirali-opremu-i-vjestine-poseban-program-za-malisane\/","og_site_name":"TuzlaInfo.ba","article_publisher":"https:\/\/www.facebook.com\/tuzlainfo.ba\/","article_published_time":"2023-10-14T10:16:27+00:00","article_modified_time":"2023-10-14T10:17:36+00:00","og_image":[{"width":1000,"height":633,"url":"https:\/\/tuzlainfo.ba\/wp-content\/uploads\/2023\/10\/1410_kolaz_vatrogasci.jpg","type":"image\/jpeg"}],"author":"nedim","twitter_card":"summary_large_image","twitter_misc":{"Written by":"nedim","Est. reading time":"1 minuta"},"schema":{"@context":"https:\/\/schema.org","@graph":[{"@type":"Article","@id":"https:\/\/tuzlainfo.ba\/index.php\/novosti\/item\/219790-foto-tuzlanski-vatrogasci-prezentirali-opremu-i-vjestine-poseban-program-za-malisane\/#article","isPartOf":{"@id":"https:\/\/tuzlainfo.ba\/index.php\/novosti\/item\/219790-foto-tuzlanski-vatrogasci-prezentirali-opremu-i-vjestine-poseban-program-za-malisane\/"},"author":{"name":"nedim","@id":"https:\/\/tuzlainfo.ba\/#\/schema\/person\/f434e20dc27ea133923aab08451b7f7f"},"headline":"FOTO \/ Tuzlanski vatrogasci prezentirali opremu i vje\u0161tine, poseban program za mali\u0161ane","datePublished":"2023-10-14T10:16:27+00:00","dateModified":"2023-10-14T10:17:36+00:00","mainEntityOfPage":{"@id":"https:\/\/tuzlainfo.ba\/index.php\/novosti\/item\/219790-foto-tuzlanski-vatrogasci-prezentirali-opremu-i-vjestine-poseban-program-za-malisane\/"},"wordCount":128,"commentCount":0,"publisher":{"@id":"https:\/\/tuzlainfo.ba\/#organization"},"image":{"@id":"https:\/\/tuzlainfo.ba\/index.php\/novosti\/item\/219790-foto-tuzlanski-vatrogasci-prezentirali-opremu-i-vjestine-poseban-program-za-malisane\/#primaryimage"},"thumbnailUrl":"https:\/\/tuzlainfo.ba\/wp-content\/uploads\/2023\/10\/1410_kolaz_vatrogasci.jpg","keywords":["PVJ Tuzla","trg slobode","Tuzlanski vatrogasci"],"articleSection":["Istaknuto","Novosti"],"inLanguage":"bs-BA","copyrightYear":"2023","copyrightHolder":{"@id":"https:\/\/tuzlainfo.ba\/#organization"}},{"@type":"WebPage","@id":"https:\/\/tuzlainfo.ba\/index.php\/novosti\/item\/219790-foto-tuzlanski-vatrogasci-prezentirali-opremu-i-vjestine-poseban-program-za-malisane\/","url":"https:\/\/tuzlainfo.ba\/index.php\/novosti\/item\/219790-foto-tuzlanski-vatrogasci-prezentirali-opremu-i-vjestine-poseban-program-za-malisane\/","name":"FOTO \/ Tuzlanski vatrogasci prezentirali opremu i vje\u0161tine, poseban program za mali\u0161ane","isPartOf":{"@id":"https:\/\/tuzlainfo.ba\/#website"},"primaryImageOfPage":{"@id":"https:\/\/tuzlainfo.ba\/index.php\/novosti\/item\/219790-foto-tuzlanski-vatrogasci-prezentirali-opremu-i-vjestine-poseban-program-za-malisane\/#primaryimage"},"image":{"@id":"https:\/\/tuzlainfo.ba\/index.php\/novosti\/item\/219790-foto-tuzlanski-vatrogasci-prezentirali-opremu-i-vjestine-poseban-program-za-malisane\/#primaryimage"},"thumbnailUrl":"https:\/\/tuzlainfo.ba\/wp-content\/uploads\/2023\/10\/1410_kolaz_vatrogasci.jpg","datePublished":"2023-10-14T10:16:27+00:00","dateModified":"2023-10-14T10:17:36+00:00","breadcrumb":{"@id":"https:\/\/tuzlainfo.ba\/index.php\/novosti\/item\/219790-foto-tuzlanski-vatrogasci-prezentirali-opremu-i-vjestine-poseban-program-za-malisane\/#breadcrumb"},"inLanguage":"bs-BA","potentialAction":[{"@type":"ReadAction","target":["https:\/\/tuzlainfo.ba\/index.php\/novosti\/item\/219790-foto-tuzlanski-vatrogasci-prezentirali-opremu-i-vjestine-poseban-program-za-malisane\/"]}]},{"@type":"ImageObject","inLanguage":"bs-BA","@id":"https:\/\/tuzlainfo.ba\/index.php\/novosti\/item\/219790-foto-tuzlanski-vatrogasci-prezentirali-opremu-i-vjestine-poseban-program-za-malisane\/#primaryimage","url":"https:\/\/tuzlainfo.ba\/wp-content\/uploads\/2023\/10\/1410_kolaz_vatrogasci.jpg","contentUrl":"https:\/\/tuzlainfo.ba\/wp-content\/uploads\/2023\/10\/1410_kolaz_vatrogasci.jpg","width":1000,"height":633},{"@type":"BreadcrumbList","@id":"https:\/\/tuzlainfo.ba\/index.php\/novosti\/item\/219790-foto-tuzlanski-vatrogasci-prezentirali-opremu-i-vjestine-poseban-program-za-malisane\/#breadcrumb","itemListElement":[{"@type":"ListItem","position":1,"name":"Home","item":"https:\/\/tuzlainfo.ba\/"},{"@type":"ListItem","position":2,"name":"FOTO \/ Tuzlanski vatrogasci prezentirali opremu i vje\u0161tine, poseban program za mali\u0161ane"}]},{"@type":"WebSite","@id":"https:\/\/tuzlainfo.ba\/#website","url":"https:\/\/tuzlainfo.ba\/","name":"TuzlaInfo.ba","description":"Tuzla info, gradski informator - Tuzla na dlanu","publisher":{"@id":"https:\/\/tuzlainfo.ba\/#organization"},"potentialAction":[{"@type":"SearchAction","target":{"@type":"EntryPoint","urlTemplate":"https:\/\/tuzlainfo.ba\/?s={search_term_string}"},"query-input":{"@type":"PropertyValueSpecification","valueRequired":true,"valueName":"search_term_string"}}],"inLanguage":"bs-BA"},{"@type":"Organization","@id":"https:\/\/tuzlainfo.ba\/#organization","name":"TuzlaInfo.ba","url":"https:\/\/tuzlainfo.ba\/","logo":{"@type":"ImageObject","inLanguage":"bs-BA","@id":"https:\/\/tuzlainfo.ba\/#\/schema\/logo\/image\/","url":"https:\/\/tuzlainfo.ba\/wp-content\/uploads\/2021\/03\/logo-ver-3-1.png","contentUrl":"https:\/\/tuzlainfo.ba\/wp-content\/uploads\/2021\/03\/logo-ver-3-1.png","width":350,"height":95,"caption":"TuzlaInfo.ba"},"image":{"@id":"https:\/\/tuzlainfo.ba\/#\/schema\/logo\/image\/"},"sameAs":["https:\/\/www.facebook.com\/tuzlainfo.ba\/"]},{"@type":"Person","@id":"https:\/\/tuzlainfo.ba\/#\/schema\/person\/f434e20dc27ea133923aab08451b7f7f","name":"nedim","image":{"@type":"ImageObject","inLanguage":"bs-BA","@id":"https:\/\/secure.gravatar.com\/avatar\/5b928a2e7e70a54208d2eb6c1edcb75a5350d6ae97d5f0a701203d456823f6f3?s=96&d=mm&r=g","url":"https:\/\/secure.gravatar.com\/avatar\/5b928a2e7e70a54208d2eb6c1edcb75a5350d6ae97d5f0a701203d456823f6f3?s=96&d=mm&r=g","contentUrl":"https:\/\/secure.gravatar.com\/avatar\/5b928a2e7e70a54208d2eb6c1edcb75a5350d6ae97d5f0a701203d456823f6f3?s=96&d=mm&r=g","caption":"nedim"},"description":"Tuzlainfo.ba pratite na dru\u0161tvenim mre\u017eama: Facebook, Instagram i Youtube. Svoje pri\u010de, upite i fotografije \u0161aljite na na\u0161u e-mail adresu."}]}},"_links":{"self":[{"href":"https:\/\/tuzlainfo.ba\/index.php\/wp-json\/wp\/v2\/posts\/219790","targetHints":{"allow":["GET"]}}],"collection":[{"href":"https:\/\/tuzlainfo.ba\/index.php\/wp-json\/wp\/v2\/posts"}],"about":[{"href":"https:\/\/tuzlainfo.ba\/index.php\/wp-json\/wp\/v2\/types\/post"}],"author":[{"embeddable":true,"href":"https:\/\/tuzlainfo.ba\/index.php\/wp-json\/wp\/v2\/users\/2"}],"replies":[{"embeddable":true,"href":"https:\/\/tuzlainfo.ba\/index.php\/wp-json\/wp\/v2\/comments?post=219790"}],"version-history":[{"count":1,"href":"https:\/\/tuzlainfo.ba\/index.php\/wp-json\/wp\/v2\/posts\/219790\/revisions"}],"predecessor-version":[{"id":219797,"href":"https:\/\/tuzlainfo.ba\/index.php\/wp-json\/wp\/v2\/posts\/219790\/revisions\/219797"}],"wp:featuredmedia":[{"embeddable":true,"href":"https:\/\/tuzlainfo.ba\/index.php\/wp-json\/wp\/v2\/media\/219796"}],"wp:attachment":[{"href":"https:\/\/tuzlainfo.ba\/index.php\/wp-json\/wp\/v2\/media?parent=219790"}],"wp:term":[{"taxonomy":"category","embeddable":true,"href":"https:\/\/tuzlainfo.ba\/index.php\/wp-json\/wp\/v2\/categories?post=219790"},{"taxonomy":"post_tag","embeddable":true,"href":"https:\/\/tuzlainfo.ba\/index.php\/wp-json\/wp\/v2\/tags?post=219790"}],"curies":[{"name":"wp","href":"https:\/\/api.w.org\/{rel}","templated":true}]}}