{"id":219582,"date":"2023-10-12T10:35:54","date_gmt":"2023-10-12T08:35:54","guid":{"rendered":"https:\/\/tuzlainfo.ba\/?p=219582"},"modified":"2023-10-12T10:35:54","modified_gmt":"2023-10-12T08:35:54","slug":"slusni-aparati-iz-neurotha-sada-i-u-tuzli","status":"publish","type":"post","link":"https:\/\/tuzlainfo.ba\/index.php\/novosti\/item\/219582-slusni-aparati-iz-neurotha-sada-i-u-tuzli\/","title":{"rendered":"Slu\u0161ni aparati iz Neurotha sada i u Tuzli"},"content":{"rendered":"<p><strong><em>U Tuzli je ju\u010de otvoren Neuroth slu\u0161ni centar na adresi 1. tuzlanske brigade 9, sa kojim ova austrijska kompanija nastavlja \u0161irenje u Bosni i Hercegovini. Bolji sluh iz Neurotha sada je dostupan stanovnicima Tuzle i okoline, po istom standardu kao u Be\u010du, \u017denevi, Gracu\u2026 U ponudi su najnoviji slu\u0161ni aparati dostupni na tr\u017ei\u0161tu koji se uz besplatnu provjeru sluha mogu besplatno isprobati do 14 dana. <\/em><\/strong><\/p>\n<p>Dinami\u010dnu ekspanziju Neurotha na teritoriju Bosne i Hercegovine dodatno je osna\u017eila nedavna akvizicija firme Plus &#8211; druge po veli\u010dini slu\u0161ne ku\u0107e na BIH tr\u017ei\u0161tu. Zahvaljuju\u0107i tome adresa dobrog sluha u Tuzli i dalje ostaje nepromjenjena: 1. tuzlanske brigade 9, gdje se od danas nalazi Neuroth slu\u0161ni centar. Iz Neurotha navode da su izuzetno sretni \u0161to integracija preuzete kompanije Plus te\u010de jako dobro i \u0161to su Neuroth i Plus postali jedna velika porodica. Postoje\u0107e klijente Plusa i sve novozainteresovane, na poznatoj lokaciji, ali u redizaniranom prostoru opremljenom po Neuroth standardima, do\u010dekat \u0107e poznato lice akusti\u010darke Sunite Ivojevi\u0107 \u017div\u010di\u0107, koja je kao i sve kolege iz Plusa sada \u010dlan Neuroth tima.<\/p>\n<p><em>&#8220;Na\u0161a sveobuhvatna usluga najvi\u0161ih standarda \u010dini Neuroth jedinstvenim i prepoznatljivim u Evropi. Po kvalitetu opreme i najnovijoj tehnologiji slu\u0161ni centar u Tuzli identi\u010dan je sa ostalih 270 Neuroth centara za sluh \u0161irom Evrope. U BIH planiramo otvaranje jo\u0161 3 nova slu\u0161na centra u narednoj poslovnoj godini. Zahvalan sam cijelom timu Neuroth jugoisto\u010dna Evropa te preduze\u0107u Plus na sjajnoj saradnji i svom trudu i zalaganju da se na\u0161i planovi ujedine i ostvare<\/em>\u201c, dodao je Peter Jagodi\u010d, regionalni direktor Neurotha za Jugoisto\u010dnu Evropu.<\/p>\n<p>\u201c<em>Drago mi je da danas otvaramo 5. po redu slu\u0161ni centar u Bosni i Hercegovini, nakon Sarajeva, Banja Luke, Mostara i Bijeljine.<\/em> <em>Ovdje se, u sklopu slo\u017eene procedure ispitivanja sluha, uz tonsku audiometriju izvodi i govorna audiometrija u slobodnom polju, \u0161to je jedinstvena usluga ne samo u Bosni i Hercegovini, ve\u0107 i u cijelom regionu. Ve\u0107 od sutra, otvoreni smo za besplatne testove sluha i besplatne probe slu\u0161nih aparata. Bolji sluh nije luksuz, ve\u0107 normalnost i nu\u017enost koja bi trebala biti dostupna svima \u2013 zato smo obezbijedili Neuroth finansiranje \u2013 pla\u0107anje do 48 mjese\u010dnih rata<\/em>\u201c, isti\u010de Anita Arnautovi\u0107, direktorica Neurotha Bosna i Hercegovina.<\/p>\n<div id=\"penci-post-gallery__4314\" class=\"penci-post-gallery-container masonry grid column-3\" data-height=\"150\" data-margin=\"3\"><div class=\"inner-gallery-masonry-container\"><div class=\"item-gallery-masonry grid\"><a class=\"\" href=\"https:\/\/tuzlainfo.ba\/wp-content\/uploads\/2023\/10\/Neuroth-2.jpeg\"><div class=\"inner-item-masonry-gallery\"><img decoding=\"async\" src=\"https:\/\/tuzlainfo.ba\/wp-content\/uploads\/2023\/10\/Neuroth-2-585x390.jpeg\" alt=\"\" title=\"Neuroth (2)\"><\/div><\/a><\/div><div class=\"item-gallery-masonry grid\"><a class=\"\" href=\"https:\/\/tuzlainfo.ba\/wp-content\/uploads\/2023\/10\/Neuroth-3.jpeg\"><div class=\"inner-item-masonry-gallery\"><img decoding=\"async\" src=\"https:\/\/tuzlainfo.ba\/wp-content\/uploads\/2023\/10\/Neuroth-3-585x390.jpeg\" alt=\"\" title=\"Neuroth (3)\"><\/div><\/a><\/div><div class=\"item-gallery-masonry grid\"><a class=\"\" href=\"https:\/\/tuzlainfo.ba\/wp-content\/uploads\/2023\/10\/Neuroth-1.jpeg\"><div class=\"inner-item-masonry-gallery\"><img decoding=\"async\" src=\"https:\/\/tuzlainfo.ba\/wp-content\/uploads\/2023\/10\/Neuroth-1-585x390.jpeg\" alt=\"\" title=\"Neuroth (1)\"><\/div><\/a><\/div><\/div><\/div>\n<p>Provjere sluha obavljaju profesionalni akusti\u010dari u posebno dizajniranim zvu\u010dno izoliranim kabinama uz kori\u0161tenje audiometara najnovije generacije. Nakon testiranja, Neuroth slu\u0161ni aparati se individualno prilago\u0111avaju uhu korisnika i daju na <a href=\"https:\/\/ba.neuroth.com\/isprobajte-besplatno-slusne-aparate\/\">besplatno probno no\u0161enje do 14 dana<\/a>. Garancija do dvije godine, redovno odr\u017eavanje i servis su obezbije\u0111eni.<\/p>\n<p>Dobar sluh ne bi trebao biti pitanje cijene, zato Neuroth nudi modele slu\u0161nih aparata u razli\u010ditim cjenovnim kategorijama &#8211; za svaki d\u017eep, uz fleksibilne uslove <a href=\"https:\/\/ba.neuroth.com\/slusni-aparati\/kupovina-slusnih-aparata\/\">kupovine na do 48 mjese\u010dnih rata<\/a> sa ili bez doplate uz FZO\/ZZO nalog.<\/p>\n<p>Svi koji \u017eele provjeriti svoj sluh mogu zakazati besplatan test sluha na telefon 035 257 200 ili online na <a href=\"http:\/\/www.neuroth.com\">https:\/\/ba.neuroth.com\/termin\/<\/a>. Radno vrijeme centra je svakog radnog dana od 8 do 16 sati.<\/p>\n<p><strong><em>\u00a0<\/em><\/strong><strong><em>O Neurothu:<\/em><\/strong><\/p>\n<p><em>Sa vi\u0161e od 115 godina iskustva, Neuroth je vode\u0107i austrijski pru\u017ealac usluga na polju sluha i slu\u0161nih aparata. Neuroth Group zapo\u0161ljava oko 1.200 zaposlenika i ima preko 260 slu\u0161nih centara \u0161irom Evrope. Prodaja u finansijskoj 2021\/2022 godini iznosila je 144 miliona eura. Sjedi\u0161te kompanije nalazi se u Gracu, a njome upravlja \u010detvrta generacija obitelji \u2013 gdin. Lukas Schinko, CEO Neuroth Grupe. Vi\u0161e informacija na: <\/em><a href=\"http:\/\/www.neuroth.com\"><em>www.neuroth.com<\/em><\/a>. <em>\/Tuzlainfo\/Promo\/<\/em><\/p>\n","protected":false},"excerpt":{"rendered":"<p>U Tuzli je ju\u010de otvoren Neuroth slu\u0161ni centar na adresi 1. tuzlanske brigade 9, sa&hellip;<\/p>\n","protected":false},"author":2,"featured_media":219587,"comment_status":"open","ping_status":"closed","sticky":false,"template":"","format":"standard","meta":{"_acf_changed":false,"footnotes":""},"categories":[304,12,306,13],"tags":[8483,8482,42],"acf":[],"yoast_head":"<!-- This site is optimized with the Yoast SEO plugin v23.5 - https:\/\/yoast.com\/wordpress\/plugins\/seo\/ -->\n<title>Slu\u0161ni aparati iz Neurotha sada i u Tuzli - TuzlaInfo.ba<\/title>\n<meta name=\"robots\" content=\"index, follow, max-snippet:-1, max-image-preview:large, max-video-preview:-1\" \/>\n<link rel=\"canonical\" href=\"https:\/\/tuzlainfo.ba\/index.php\/novosti\/item\/219582-slusni-aparati-iz-neurotha-sada-i-u-tuzli\/\" \/>\n<meta property=\"og:locale\" content=\"bs_BA\" \/>\n<meta property=\"og:type\" content=\"article\" \/>\n<meta property=\"og:title\" content=\"Slu\u0161ni aparati iz Neurotha sada i u Tuzli - TuzlaInfo.ba\" \/>\n<meta property=\"og:description\" content=\"U Tuzli je ju\u010de otvoren Neuroth slu\u0161ni centar na adresi 1. tuzlanske brigade 9, sa&hellip;\" \/>\n<meta property=\"og:url\" content=\"https:\/\/tuzlainfo.ba\/index.php\/novosti\/item\/219582-slusni-aparati-iz-neurotha-sada-i-u-tuzli\/\" \/>\n<meta property=\"og:site_name\" content=\"TuzlaInfo.ba\" \/>\n<meta property=\"article:publisher\" content=\"https:\/\/www.facebook.com\/tuzlainfo.ba\/\" \/>\n<meta property=\"article:published_time\" content=\"2023-10-12T08:35:54+00:00\" \/>\n<meta property=\"og:image\" content=\"https:\/\/tuzlainfo.ba\/wp-content\/uploads\/2023\/10\/Neuroth-2.jpeg\" \/>\n\t<meta property=\"og:image:width\" content=\"1600\" \/>\n\t<meta property=\"og:image:height\" content=\"1200\" \/>\n\t<meta property=\"og:image:type\" content=\"image\/jpeg\" \/>\n<meta name=\"author\" content=\"nedim\" \/>\n<meta name=\"twitter:card\" content=\"summary_large_image\" \/>\n<meta name=\"twitter:label1\" content=\"Written by\" \/>\n\t<meta name=\"twitter:data1\" content=\"nedim\" \/>\n\t<meta name=\"twitter:label2\" content=\"Est. reading time\" \/>\n\t<meta name=\"twitter:data2\" content=\"3 minute\" \/>\n<script type=\"application\/ld+json\" class=\"yoast-schema-graph\">{\"@context\":\"https:\/\/schema.org\",\"@graph\":[{\"@type\":\"Article\",\"@id\":\"https:\/\/tuzlainfo.ba\/index.php\/novosti\/item\/219582-slusni-aparati-iz-neurotha-sada-i-u-tuzli\/#article\",\"isPartOf\":{\"@id\":\"https:\/\/tuzlainfo.ba\/index.php\/novosti\/item\/219582-slusni-aparati-iz-neurotha-sada-i-u-tuzli\/\"},\"author\":{\"name\":\"nedim\",\"@id\":\"https:\/\/tuzlainfo.ba\/#\/schema\/person\/f434e20dc27ea133923aab08451b7f7f\"},\"headline\":\"Slu\u0161ni aparati iz Neurotha sada i u Tuzli\",\"datePublished\":\"2023-10-12T08:35:54+00:00\",\"dateModified\":\"2023-10-12T08:35:54+00:00\",\"mainEntityOfPage\":{\"@id\":\"https:\/\/tuzlainfo.ba\/index.php\/novosti\/item\/219582-slusni-aparati-iz-neurotha-sada-i-u-tuzli\/\"},\"wordCount\":594,\"commentCount\":0,\"publisher\":{\"@id\":\"https:\/\/tuzlainfo.ba\/#organization\"},\"image\":{\"@id\":\"https:\/\/tuzlainfo.ba\/index.php\/novosti\/item\/219582-slusni-aparati-iz-neurotha-sada-i-u-tuzli\/#primaryimage\"},\"thumbnailUrl\":\"https:\/\/tuzlainfo.ba\/wp-content\/uploads\/2023\/10\/Neuroth-2.jpeg\",\"keywords\":[\"Neuroth\",\"slu\u0161ni aparati\",\"tuzla\"],\"articleSection\":[\"Istaknuto\",\"Novosti\",\"Preporu\u010dujemo\",\"Promo info\"],\"inLanguage\":\"bs-BA\"},{\"@type\":\"WebPage\",\"@id\":\"https:\/\/tuzlainfo.ba\/index.php\/novosti\/item\/219582-slusni-aparati-iz-neurotha-sada-i-u-tuzli\/\",\"url\":\"https:\/\/tuzlainfo.ba\/index.php\/novosti\/item\/219582-slusni-aparati-iz-neurotha-sada-i-u-tuzli\/\",\"name\":\"Slu\u0161ni aparati iz Neurotha sada i u Tuzli - TuzlaInfo.ba\",\"isPartOf\":{\"@id\":\"https:\/\/tuzlainfo.ba\/#website\"},\"primaryImageOfPage\":{\"@id\":\"https:\/\/tuzlainfo.ba\/index.php\/novosti\/item\/219582-slusni-aparati-iz-neurotha-sada-i-u-tuzli\/#primaryimage\"},\"image\":{\"@id\":\"https:\/\/tuzlainfo.ba\/index.php\/novosti\/item\/219582-slusni-aparati-iz-neurotha-sada-i-u-tuzli\/#primaryimage\"},\"thumbnailUrl\":\"https:\/\/tuzlainfo.ba\/wp-content\/uploads\/2023\/10\/Neuroth-2.jpeg\",\"datePublished\":\"2023-10-12T08:35:54+00:00\",\"dateModified\":\"2023-10-12T08:35:54+00:00\",\"breadcrumb\":{\"@id\":\"https:\/\/tuzlainfo.ba\/index.php\/novosti\/item\/219582-slusni-aparati-iz-neurotha-sada-i-u-tuzli\/#breadcrumb\"},\"inLanguage\":\"bs-BA\",\"potentialAction\":[{\"@type\":\"ReadAction\",\"target\":[\"https:\/\/tuzlainfo.ba\/index.php\/novosti\/item\/219582-slusni-aparati-iz-neurotha-sada-i-u-tuzli\/\"]}]},{\"@type\":\"ImageObject\",\"inLanguage\":\"bs-BA\",\"@id\":\"https:\/\/tuzlainfo.ba\/index.php\/novosti\/item\/219582-slusni-aparati-iz-neurotha-sada-i-u-tuzli\/#primaryimage\",\"url\":\"https:\/\/tuzlainfo.ba\/wp-content\/uploads\/2023\/10\/Neuroth-2.jpeg\",\"contentUrl\":\"https:\/\/tuzlainfo.ba\/wp-content\/uploads\/2023\/10\/Neuroth-2.jpeg\",\"width\":1600,\"height\":1200},{\"@type\":\"BreadcrumbList\",\"@id\":\"https:\/\/tuzlainfo.ba\/index.php\/novosti\/item\/219582-slusni-aparati-iz-neurotha-sada-i-u-tuzli\/#breadcrumb\",\"itemListElement\":[{\"@type\":\"ListItem\",\"position\":1,\"name\":\"Home\",\"item\":\"https:\/\/tuzlainfo.ba\/\"},{\"@type\":\"ListItem\",\"position\":2,\"name\":\"Slu\u0161ni aparati iz Neurotha sada i u Tuzli\"}]},{\"@type\":\"WebSite\",\"@id\":\"https:\/\/tuzlainfo.ba\/#website\",\"url\":\"https:\/\/tuzlainfo.ba\/\",\"name\":\"TuzlaInfo.ba\",\"description\":\"Tuzla info, gradski informator - Tuzla na dlanu\",\"publisher\":{\"@id\":\"https:\/\/tuzlainfo.ba\/#organization\"},\"potentialAction\":[{\"@type\":\"SearchAction\",\"target\":{\"@type\":\"EntryPoint\",\"urlTemplate\":\"https:\/\/tuzlainfo.ba\/?s={search_term_string}\"},\"query-input\":{\"@type\":\"PropertyValueSpecification\",\"valueRequired\":true,\"valueName\":\"search_term_string\"}}],\"inLanguage\":\"bs-BA\"},{\"@type\":\"Organization\",\"@id\":\"https:\/\/tuzlainfo.ba\/#organization\",\"name\":\"TuzlaInfo.ba\",\"url\":\"https:\/\/tuzlainfo.ba\/\",\"logo\":{\"@type\":\"ImageObject\",\"inLanguage\":\"bs-BA\",\"@id\":\"https:\/\/tuzlainfo.ba\/#\/schema\/logo\/image\/\",\"url\":\"https:\/\/tuzlainfo.ba\/wp-content\/uploads\/2021\/03\/logo-ver-3-1.png\",\"contentUrl\":\"https:\/\/tuzlainfo.ba\/wp-content\/uploads\/2021\/03\/logo-ver-3-1.png\",\"width\":350,\"height\":95,\"caption\":\"TuzlaInfo.ba\"},\"image\":{\"@id\":\"https:\/\/tuzlainfo.ba\/#\/schema\/logo\/image\/\"},\"sameAs\":[\"https:\/\/www.facebook.com\/tuzlainfo.ba\/\"]},{\"@type\":\"Person\",\"@id\":\"https:\/\/tuzlainfo.ba\/#\/schema\/person\/f434e20dc27ea133923aab08451b7f7f\",\"name\":\"nedim\",\"image\":{\"@type\":\"ImageObject\",\"inLanguage\":\"bs-BA\",\"@id\":\"https:\/\/tuzlainfo.ba\/#\/schema\/person\/image\/\",\"url\":\"https:\/\/tuzlainfo.ba\/wp-content\/litespeed\/avatar\/aabad687af24844af817603ac1cbdc4f.jpg?ver=1777306975\",\"contentUrl\":\"https:\/\/tuzlainfo.ba\/wp-content\/litespeed\/avatar\/aabad687af24844af817603ac1cbdc4f.jpg?ver=1777306975\",\"caption\":\"nedim\"},\"description\":\"Tuzlainfo.ba pratite na dru\u0161tvenim mre\u017eama: Facebook, Instagram i Youtube. Svoje pri\u010de, upite i fotografije \u0161aljite na na\u0161u e-mail adresu.\"}]}<\/script>\n<!-- \/ Yoast SEO plugin. -->","yoast_head_json":{"title":"Slu\u0161ni aparati iz Neurotha sada i u Tuzli - TuzlaInfo.ba","robots":{"index":"index","follow":"follow","max-snippet":"max-snippet:-1","max-image-preview":"max-image-preview:large","max-video-preview":"max-video-preview:-1"},"canonical":"https:\/\/tuzlainfo.ba\/index.php\/novosti\/item\/219582-slusni-aparati-iz-neurotha-sada-i-u-tuzli\/","og_locale":"bs_BA","og_type":"article","og_title":"Slu\u0161ni aparati iz Neurotha sada i u Tuzli - TuzlaInfo.ba","og_description":"U Tuzli je ju\u010de otvoren Neuroth slu\u0161ni centar na adresi 1. tuzlanske brigade 9, sa&hellip;","og_url":"https:\/\/tuzlainfo.ba\/index.php\/novosti\/item\/219582-slusni-aparati-iz-neurotha-sada-i-u-tuzli\/","og_site_name":"TuzlaInfo.ba","article_publisher":"https:\/\/www.facebook.com\/tuzlainfo.ba\/","article_published_time":"2023-10-12T08:35:54+00:00","og_image":[{"width":1600,"height":1200,"url":"https:\/\/tuzlainfo.ba\/wp-content\/uploads\/2023\/10\/Neuroth-2.jpeg","type":"image\/jpeg"}],"author":"nedim","twitter_card":"summary_large_image","twitter_misc":{"Written by":"nedim","Est. reading time":"3 minute"},"schema":{"@context":"https:\/\/schema.org","@graph":[{"@type":"Article","@id":"https:\/\/tuzlainfo.ba\/index.php\/novosti\/item\/219582-slusni-aparati-iz-neurotha-sada-i-u-tuzli\/#article","isPartOf":{"@id":"https:\/\/tuzlainfo.ba\/index.php\/novosti\/item\/219582-slusni-aparati-iz-neurotha-sada-i-u-tuzli\/"},"author":{"name":"nedim","@id":"https:\/\/tuzlainfo.ba\/#\/schema\/person\/f434e20dc27ea133923aab08451b7f7f"},"headline":"Slu\u0161ni aparati iz Neurotha sada i u Tuzli","datePublished":"2023-10-12T08:35:54+00:00","dateModified":"2023-10-12T08:35:54+00:00","mainEntityOfPage":{"@id":"https:\/\/tuzlainfo.ba\/index.php\/novosti\/item\/219582-slusni-aparati-iz-neurotha-sada-i-u-tuzli\/"},"wordCount":594,"commentCount":0,"publisher":{"@id":"https:\/\/tuzlainfo.ba\/#organization"},"image":{"@id":"https:\/\/tuzlainfo.ba\/index.php\/novosti\/item\/219582-slusni-aparati-iz-neurotha-sada-i-u-tuzli\/#primaryimage"},"thumbnailUrl":"https:\/\/tuzlainfo.ba\/wp-content\/uploads\/2023\/10\/Neuroth-2.jpeg","keywords":["Neuroth","slu\u0161ni aparati","tuzla"],"articleSection":["Istaknuto","Novosti","Preporu\u010dujemo","Promo info"],"inLanguage":"bs-BA"},{"@type":"WebPage","@id":"https:\/\/tuzlainfo.ba\/index.php\/novosti\/item\/219582-slusni-aparati-iz-neurotha-sada-i-u-tuzli\/","url":"https:\/\/tuzlainfo.ba\/index.php\/novosti\/item\/219582-slusni-aparati-iz-neurotha-sada-i-u-tuzli\/","name":"Slu\u0161ni aparati iz Neurotha sada i u Tuzli - TuzlaInfo.ba","isPartOf":{"@id":"https:\/\/tuzlainfo.ba\/#website"},"primaryImageOfPage":{"@id":"https:\/\/tuzlainfo.ba\/index.php\/novosti\/item\/219582-slusni-aparati-iz-neurotha-sada-i-u-tuzli\/#primaryimage"},"image":{"@id":"https:\/\/tuzlainfo.ba\/index.php\/novosti\/item\/219582-slusni-aparati-iz-neurotha-sada-i-u-tuzli\/#primaryimage"},"thumbnailUrl":"https:\/\/tuzlainfo.ba\/wp-content\/uploads\/2023\/10\/Neuroth-2.jpeg","datePublished":"2023-10-12T08:35:54+00:00","dateModified":"2023-10-12T08:35:54+00:00","breadcrumb":{"@id":"https:\/\/tuzlainfo.ba\/index.php\/novosti\/item\/219582-slusni-aparati-iz-neurotha-sada-i-u-tuzli\/#breadcrumb"},"inLanguage":"bs-BA","potentialAction":[{"@type":"ReadAction","target":["https:\/\/tuzlainfo.ba\/index.php\/novosti\/item\/219582-slusni-aparati-iz-neurotha-sada-i-u-tuzli\/"]}]},{"@type":"ImageObject","inLanguage":"bs-BA","@id":"https:\/\/tuzlainfo.ba\/index.php\/novosti\/item\/219582-slusni-aparati-iz-neurotha-sada-i-u-tuzli\/#primaryimage","url":"https:\/\/tuzlainfo.ba\/wp-content\/uploads\/2023\/10\/Neuroth-2.jpeg","contentUrl":"https:\/\/tuzlainfo.ba\/wp-content\/uploads\/2023\/10\/Neuroth-2.jpeg","width":1600,"height":1200},{"@type":"BreadcrumbList","@id":"https:\/\/tuzlainfo.ba\/index.php\/novosti\/item\/219582-slusni-aparati-iz-neurotha-sada-i-u-tuzli\/#breadcrumb","itemListElement":[{"@type":"ListItem","position":1,"name":"Home","item":"https:\/\/tuzlainfo.ba\/"},{"@type":"ListItem","position":2,"name":"Slu\u0161ni aparati iz Neurotha sada i u Tuzli"}]},{"@type":"WebSite","@id":"https:\/\/tuzlainfo.ba\/#website","url":"https:\/\/tuzlainfo.ba\/","name":"TuzlaInfo.ba","description":"Tuzla info, gradski informator - Tuzla na dlanu","publisher":{"@id":"https:\/\/tuzlainfo.ba\/#organization"},"potentialAction":[{"@type":"SearchAction","target":{"@type":"EntryPoint","urlTemplate":"https:\/\/tuzlainfo.ba\/?s={search_term_string}"},"query-input":{"@type":"PropertyValueSpecification","valueRequired":true,"valueName":"search_term_string"}}],"inLanguage":"bs-BA"},{"@type":"Organization","@id":"https:\/\/tuzlainfo.ba\/#organization","name":"TuzlaInfo.ba","url":"https:\/\/tuzlainfo.ba\/","logo":{"@type":"ImageObject","inLanguage":"bs-BA","@id":"https:\/\/tuzlainfo.ba\/#\/schema\/logo\/image\/","url":"https:\/\/tuzlainfo.ba\/wp-content\/uploads\/2021\/03\/logo-ver-3-1.png","contentUrl":"https:\/\/tuzlainfo.ba\/wp-content\/uploads\/2021\/03\/logo-ver-3-1.png","width":350,"height":95,"caption":"TuzlaInfo.ba"},"image":{"@id":"https:\/\/tuzlainfo.ba\/#\/schema\/logo\/image\/"},"sameAs":["https:\/\/www.facebook.com\/tuzlainfo.ba\/"]},{"@type":"Person","@id":"https:\/\/tuzlainfo.ba\/#\/schema\/person\/f434e20dc27ea133923aab08451b7f7f","name":"nedim","image":{"@type":"ImageObject","inLanguage":"bs-BA","@id":"https:\/\/tuzlainfo.ba\/#\/schema\/person\/image\/","url":"https:\/\/tuzlainfo.ba\/wp-content\/litespeed\/avatar\/aabad687af24844af817603ac1cbdc4f.jpg?ver=1777306975","contentUrl":"https:\/\/tuzlainfo.ba\/wp-content\/litespeed\/avatar\/aabad687af24844af817603ac1cbdc4f.jpg?ver=1777306975","caption":"nedim"},"description":"Tuzlainfo.ba pratite na dru\u0161tvenim mre\u017eama: Facebook, Instagram i Youtube. Svoje pri\u010de, upite i fotografije \u0161aljite na na\u0161u e-mail adresu."}]}},"_links":{"self":[{"href":"https:\/\/tuzlainfo.ba\/index.php\/wp-json\/wp\/v2\/posts\/219582"}],"collection":[{"href":"https:\/\/tuzlainfo.ba\/index.php\/wp-json\/wp\/v2\/posts"}],"about":[{"href":"https:\/\/tuzlainfo.ba\/index.php\/wp-json\/wp\/v2\/types\/post"}],"author":[{"embeddable":true,"href":"https:\/\/tuzlainfo.ba\/index.php\/wp-json\/wp\/v2\/users\/2"}],"replies":[{"embeddable":true,"href":"https:\/\/tuzlainfo.ba\/index.php\/wp-json\/wp\/v2\/comments?post=219582"}],"version-history":[{"count":1,"href":"https:\/\/tuzlainfo.ba\/index.php\/wp-json\/wp\/v2\/posts\/219582\/revisions"}],"predecessor-version":[{"id":219588,"href":"https:\/\/tuzlainfo.ba\/index.php\/wp-json\/wp\/v2\/posts\/219582\/revisions\/219588"}],"wp:featuredmedia":[{"embeddable":true,"href":"https:\/\/tuzlainfo.ba\/index.php\/wp-json\/wp\/v2\/media\/219587"}],"wp:attachment":[{"href":"https:\/\/tuzlainfo.ba\/index.php\/wp-json\/wp\/v2\/media?parent=219582"}],"wp:term":[{"taxonomy":"category","embeddable":true,"href":"https:\/\/tuzlainfo.ba\/index.php\/wp-json\/wp\/v2\/categories?post=219582"},{"taxonomy":"post_tag","embeddable":true,"href":"https:\/\/tuzlainfo.ba\/index.php\/wp-json\/wp\/v2\/tags?post=219582"}],"curies":[{"name":"wp","href":"https:\/\/api.w.org\/{rel}","templated":true}]}}