{"id":219352,"date":"2023-10-10T09:00:29","date_gmt":"2023-10-10T07:00:29","guid":{"rendered":"https:\/\/tuzlainfo.ba\/?p=219352"},"modified":"2023-10-10T08:12:27","modified_gmt":"2023-10-10T06:12:27","slug":"islamska-zajednica-bih-podrzava-prijedlog-becirovica-i-komsica-za-rjesavanje-pitanja-drzavne-imovine","status":"publish","type":"post","link":"https:\/\/tuzlainfo.ba\/index.php\/bosna-i-hercegovina\/item\/219352-islamska-zajednica-bih-podrzava-prijedlog-becirovica-i-komsica-za-rjesavanje-pitanja-drzavne-imovine\/","title":{"rendered":"Islamska zajednica BiH podr\u017eava prijedlog Be\u0107irovi\u0107a i Kom\u0161i\u0107a za rje\u0161avanje pitanja dr\u017eavne imovine"},"content":{"rendered":"<p>Islamska zajednica (IZ) u Bosni i Hercegovini podr\u017eava inicijativu \u010dlanova Predsjedni\u0161tva Bosne i Hercegovine Denisa Be\u0107irovi\u0107a i \u017deljka Kom\u0161i\u0107a da se napokon usvajanjem dr\u017eavnog zakona rije\u0161i pitanje dr\u017eavne imovine.<\/p>\n<p>&#8220;Kao vjerska zajednica zainteresovani smo za rje\u0161avanje ovog pitanja koje optere\u0107uje ukupne odnose u dru\u0161tvu i dr\u017eavi na na\u010din koji \u0107e osigurati da dr\u017eavna imovina bude kori\u0161tena u korist svih gra\u0111ana Bosne i Hercegovine na svakom njenom dijelu&#8221;, izjavio je za Agenciju MINA direktor Uprave za vanjske poslove i dijasporu Rijaseta Islamske zajednice u BiH Muhamed Jusi\u0107.<\/p>\n<p>U komentaru rje\u0161enja koje su predlo\u017eili \u010dlanovi Predsjedni\u0161tva BiH, Jusi\u0107 je istakao da se Islamska zajednica nada da \u0107e usvajanjem zakona o dr\u017eavnoj imovini biti postavljene osnove da se pravedno pristupi i rje\u0161avanju pitanja restitucije.<\/p>\n<p>&#8220;Neprihvatljivo je da od svih zemalja nastalih raspadom Jugoslavije sve ove godine samo u Bosni i Hercegovini nije rije\u0161eno pitanje restitucije imovine vjerskih zajednica i svih drugih obespravljenih vlasnika. Nadamo se da \u0107e se rje\u0161avanjem ovog pitanja u demokratskoj proceduri i na ustavnim principima, uz podr\u0161ku svih doma\u0107ih i me\u0111unarodnih aktera, rasteretiti ukupni odnosi u dr\u017eavi i jo\u0161 jednom potvrditi suverenitet dr\u017eave, \u0161to \u0107e bez sumnje doprinijeti ukupnoj relaksaciji politi\u010dkih, ali i dru\u0161tvenih odnosa za koje je Islamska zajednica u Bosni i Hercegovini zainteresovana&#8221;, poru\u010dio je Jusi\u0107.<\/p>\n<p>Prema unutra\u0161njem ure\u0111enju Rijaseta Islamske zajednice u BiH, Uprava za vanjske poslove i dijasporu obavlja upravne i druge poslove Rijaseta na podru\u010dju odnosa s drugim vjerskim zajednicama, dr\u017eavnim i me\u0111unarodnim institucijama, drugim islamskim zajednicama i predstavljanja Islamske zajednice, koji se odnose, izme\u0111u ostalog, i na saradnju s institucijama Bosne i Hercegovine, saradnju s parlamentarnim i drugim politi\u010dkim strankama u BiH, saradnju s me\u0111unarodnim predstavnicima u Bosni i Hercegovini i saradnju s nevladinim organizacijama u Bosni i Hercegovini.<\/p>\n<p>&nbsp;<\/p>\n","protected":false},"excerpt":{"rendered":"<p>Islamska zajednica (IZ) u Bosni i Hercegovini podr\u017eava inicijativu \u010dlanova Predsjedni\u0161tva Bosne i Hercegovine Denisa&hellip;<\/p>\n","protected":false},"author":3,"featured_media":211060,"comment_status":"open","ping_status":"closed","sticky":false,"template":"","format":"standard","meta":{"_acf_changed":false,"footnotes":""},"categories":[291],"tags":[7513,863],"acf":[],"yoast_head":"<!-- This site is optimized with the Yoast SEO plugin v23.5 - https:\/\/yoast.com\/wordpress\/plugins\/seo\/ -->\n<title>Islamska zajednica BiH podr\u017eava prijedlog Be\u0107irovi\u0107a i Kom\u0161i\u0107a za rje\u0161avanje pitanja dr\u017eavne imovine - TuzlaInfo.ba<\/title>\n<meta name=\"robots\" content=\"index, follow, max-snippet:-1, max-image-preview:large, max-video-preview:-1\" \/>\n<link rel=\"canonical\" href=\"https:\/\/tuzlainfo.ba\/index.php\/bosna-i-hercegovina\/item\/219352-islamska-zajednica-bih-podrzava-prijedlog-becirovica-i-komsica-za-rjesavanje-pitanja-drzavne-imovine\/\" \/>\n<meta property=\"og:locale\" content=\"bs_BA\" \/>\n<meta property=\"og:type\" content=\"article\" \/>\n<meta property=\"og:title\" content=\"Islamska zajednica BiH podr\u017eava prijedlog Be\u0107irovi\u0107a i Kom\u0161i\u0107a za rje\u0161avanje pitanja dr\u017eavne imovine - TuzlaInfo.ba\" \/>\n<meta property=\"og:description\" content=\"Islamska zajednica (IZ) u Bosni i Hercegovini podr\u017eava inicijativu \u010dlanova Predsjedni\u0161tva Bosne i Hercegovine Denisa&hellip;\" \/>\n<meta property=\"og:url\" content=\"https:\/\/tuzlainfo.ba\/index.php\/bosna-i-hercegovina\/item\/219352-islamska-zajednica-bih-podrzava-prijedlog-becirovica-i-komsica-za-rjesavanje-pitanja-drzavne-imovine\/\" \/>\n<meta property=\"og:site_name\" content=\"TuzlaInfo.ba\" \/>\n<meta property=\"article:publisher\" content=\"https:\/\/www.facebook.com\/tuzlainfo.ba\/\" \/>\n<meta property=\"article:published_time\" content=\"2023-10-10T07:00:29+00:00\" \/>\n<meta property=\"article:modified_time\" content=\"2023-10-10T06:12:27+00:00\" \/>\n<meta property=\"og:image\" content=\"https:\/\/tuzlainfo.ba\/wp-content\/uploads\/2023\/07\/2007_denis_becirovic.jpg\" \/>\n\t<meta property=\"og:image:width\" content=\"800\" \/>\n\t<meta property=\"og:image:height\" content=\"602\" \/>\n\t<meta property=\"og:image:type\" content=\"image\/jpeg\" \/>\n<meta name=\"author\" content=\"admin2\" \/>\n<meta name=\"twitter:card\" content=\"summary_large_image\" \/>\n<meta name=\"twitter:label1\" content=\"Written by\" \/>\n\t<meta name=\"twitter:data1\" content=\"admin2\" \/>\n\t<meta name=\"twitter:label2\" content=\"Est. reading time\" \/>\n\t<meta name=\"twitter:data2\" content=\"2 minute\" \/>\n<script type=\"application\/ld+json\" class=\"yoast-schema-graph\">{\"@context\":\"https:\/\/schema.org\",\"@graph\":[{\"@type\":\"Article\",\"@id\":\"https:\/\/tuzlainfo.ba\/index.php\/bosna-i-hercegovina\/item\/219352-islamska-zajednica-bih-podrzava-prijedlog-becirovica-i-komsica-za-rjesavanje-pitanja-drzavne-imovine\/#article\",\"isPartOf\":{\"@id\":\"https:\/\/tuzlainfo.ba\/index.php\/bosna-i-hercegovina\/item\/219352-islamska-zajednica-bih-podrzava-prijedlog-becirovica-i-komsica-za-rjesavanje-pitanja-drzavne-imovine\/\"},\"author\":{\"name\":\"admin2\",\"@id\":\"https:\/\/tuzlainfo.ba\/#\/schema\/person\/f4ebe4fff27e68efb65fa7e18f8af372\"},\"headline\":\"Islamska zajednica BiH podr\u017eava prijedlog Be\u0107irovi\u0107a i Kom\u0161i\u0107a za rje\u0161avanje pitanja dr\u017eavne imovine\",\"datePublished\":\"2023-10-10T07:00:29+00:00\",\"dateModified\":\"2023-10-10T06:12:27+00:00\",\"mainEntityOfPage\":{\"@id\":\"https:\/\/tuzlainfo.ba\/index.php\/bosna-i-hercegovina\/item\/219352-islamska-zajednica-bih-podrzava-prijedlog-becirovica-i-komsica-za-rjesavanje-pitanja-drzavne-imovine\/\"},\"wordCount\":346,\"commentCount\":0,\"publisher\":{\"@id\":\"https:\/\/tuzlainfo.ba\/#organization\"},\"image\":{\"@id\":\"https:\/\/tuzlainfo.ba\/index.php\/bosna-i-hercegovina\/item\/219352-islamska-zajednica-bih-podrzava-prijedlog-becirovica-i-komsica-za-rjesavanje-pitanja-drzavne-imovine\/#primaryimage\"},\"thumbnailUrl\":\"https:\/\/tuzlainfo.ba\/wp-content\/uploads\/2023\/07\/2007_denis_becirovic.jpg\",\"keywords\":[\"denis becirevic\",\"\u017eeljko kom\u0161i\u0107\"],\"articleSection\":[\"Bosna i Hercegovina\"],\"inLanguage\":\"bs-BA\"},{\"@type\":\"WebPage\",\"@id\":\"https:\/\/tuzlainfo.ba\/index.php\/bosna-i-hercegovina\/item\/219352-islamska-zajednica-bih-podrzava-prijedlog-becirovica-i-komsica-za-rjesavanje-pitanja-drzavne-imovine\/\",\"url\":\"https:\/\/tuzlainfo.ba\/index.php\/bosna-i-hercegovina\/item\/219352-islamska-zajednica-bih-podrzava-prijedlog-becirovica-i-komsica-za-rjesavanje-pitanja-drzavne-imovine\/\",\"name\":\"Islamska zajednica BiH podr\u017eava prijedlog Be\u0107irovi\u0107a i Kom\u0161i\u0107a za rje\u0161avanje pitanja dr\u017eavne imovine - TuzlaInfo.ba\",\"isPartOf\":{\"@id\":\"https:\/\/tuzlainfo.ba\/#website\"},\"primaryImageOfPage\":{\"@id\":\"https:\/\/tuzlainfo.ba\/index.php\/bosna-i-hercegovina\/item\/219352-islamska-zajednica-bih-podrzava-prijedlog-becirovica-i-komsica-za-rjesavanje-pitanja-drzavne-imovine\/#primaryimage\"},\"image\":{\"@id\":\"https:\/\/tuzlainfo.ba\/index.php\/bosna-i-hercegovina\/item\/219352-islamska-zajednica-bih-podrzava-prijedlog-becirovica-i-komsica-za-rjesavanje-pitanja-drzavne-imovine\/#primaryimage\"},\"thumbnailUrl\":\"https:\/\/tuzlainfo.ba\/wp-content\/uploads\/2023\/07\/2007_denis_becirovic.jpg\",\"datePublished\":\"2023-10-10T07:00:29+00:00\",\"dateModified\":\"2023-10-10T06:12:27+00:00\",\"breadcrumb\":{\"@id\":\"https:\/\/tuzlainfo.ba\/index.php\/bosna-i-hercegovina\/item\/219352-islamska-zajednica-bih-podrzava-prijedlog-becirovica-i-komsica-za-rjesavanje-pitanja-drzavne-imovine\/#breadcrumb\"},\"inLanguage\":\"bs-BA\",\"potentialAction\":[{\"@type\":\"ReadAction\",\"target\":[\"https:\/\/tuzlainfo.ba\/index.php\/bosna-i-hercegovina\/item\/219352-islamska-zajednica-bih-podrzava-prijedlog-becirovica-i-komsica-za-rjesavanje-pitanja-drzavne-imovine\/\"]}]},{\"@type\":\"ImageObject\",\"inLanguage\":\"bs-BA\",\"@id\":\"https:\/\/tuzlainfo.ba\/index.php\/bosna-i-hercegovina\/item\/219352-islamska-zajednica-bih-podrzava-prijedlog-becirovica-i-komsica-za-rjesavanje-pitanja-drzavne-imovine\/#primaryimage\",\"url\":\"https:\/\/tuzlainfo.ba\/wp-content\/uploads\/2023\/07\/2007_denis_becirovic.jpg\",\"contentUrl\":\"https:\/\/tuzlainfo.ba\/wp-content\/uploads\/2023\/07\/2007_denis_becirovic.jpg\",\"width\":800,\"height\":602},{\"@type\":\"BreadcrumbList\",\"@id\":\"https:\/\/tuzlainfo.ba\/index.php\/bosna-i-hercegovina\/item\/219352-islamska-zajednica-bih-podrzava-prijedlog-becirovica-i-komsica-za-rjesavanje-pitanja-drzavne-imovine\/#breadcrumb\",\"itemListElement\":[{\"@type\":\"ListItem\",\"position\":1,\"name\":\"Home\",\"item\":\"https:\/\/tuzlainfo.ba\/\"},{\"@type\":\"ListItem\",\"position\":2,\"name\":\"Islamska zajednica BiH podr\u017eava prijedlog Be\u0107irovi\u0107a i Kom\u0161i\u0107a za rje\u0161avanje pitanja dr\u017eavne imovine\"}]},{\"@type\":\"WebSite\",\"@id\":\"https:\/\/tuzlainfo.ba\/#website\",\"url\":\"https:\/\/tuzlainfo.ba\/\",\"name\":\"TuzlaInfo.ba\",\"description\":\"Tuzla info, gradski informator - Tuzla na dlanu\",\"publisher\":{\"@id\":\"https:\/\/tuzlainfo.ba\/#organization\"},\"potentialAction\":[{\"@type\":\"SearchAction\",\"target\":{\"@type\":\"EntryPoint\",\"urlTemplate\":\"https:\/\/tuzlainfo.ba\/?s={search_term_string}\"},\"query-input\":{\"@type\":\"PropertyValueSpecification\",\"valueRequired\":true,\"valueName\":\"search_term_string\"}}],\"inLanguage\":\"bs-BA\"},{\"@type\":\"Organization\",\"@id\":\"https:\/\/tuzlainfo.ba\/#organization\",\"name\":\"TuzlaInfo.ba\",\"url\":\"https:\/\/tuzlainfo.ba\/\",\"logo\":{\"@type\":\"ImageObject\",\"inLanguage\":\"bs-BA\",\"@id\":\"https:\/\/tuzlainfo.ba\/#\/schema\/logo\/image\/\",\"url\":\"https:\/\/tuzlainfo.ba\/wp-content\/uploads\/2021\/03\/logo-ver-3-1.png\",\"contentUrl\":\"https:\/\/tuzlainfo.ba\/wp-content\/uploads\/2021\/03\/logo-ver-3-1.png\",\"width\":350,\"height\":95,\"caption\":\"TuzlaInfo.ba\"},\"image\":{\"@id\":\"https:\/\/tuzlainfo.ba\/#\/schema\/logo\/image\/\"},\"sameAs\":[\"https:\/\/www.facebook.com\/tuzlainfo.ba\/\"]},{\"@type\":\"Person\",\"@id\":\"https:\/\/tuzlainfo.ba\/#\/schema\/person\/f4ebe4fff27e68efb65fa7e18f8af372\",\"name\":\"admin2\",\"image\":{\"@type\":\"ImageObject\",\"inLanguage\":\"bs-BA\",\"@id\":\"https:\/\/tuzlainfo.ba\/#\/schema\/person\/image\/\",\"url\":\"https:\/\/tuzlainfo.ba\/wp-content\/litespeed\/avatar\/8219eeb9a43cff2d096e773737736f62.jpg?ver=1776704580\",\"contentUrl\":\"https:\/\/tuzlainfo.ba\/wp-content\/litespeed\/avatar\/8219eeb9a43cff2d096e773737736f62.jpg?ver=1776704580\",\"caption\":\"admin2\"},\"description\":\"Tuzlainfo.ba pratite na dru\u0161tvenim mre\u017eama: Facebook, Instagram i Youtube. Svoje pri\u010de, upite i fotografije \u0161aljite na na\u0161u e-mail adresu.\",\"sameAs\":[\"admin\"]}]}<\/script>\n<!-- \/ Yoast SEO plugin. -->","yoast_head_json":{"title":"Islamska zajednica BiH podr\u017eava prijedlog Be\u0107irovi\u0107a i Kom\u0161i\u0107a za rje\u0161avanje pitanja dr\u017eavne imovine - TuzlaInfo.ba","robots":{"index":"index","follow":"follow","max-snippet":"max-snippet:-1","max-image-preview":"max-image-preview:large","max-video-preview":"max-video-preview:-1"},"canonical":"https:\/\/tuzlainfo.ba\/index.php\/bosna-i-hercegovina\/item\/219352-islamska-zajednica-bih-podrzava-prijedlog-becirovica-i-komsica-za-rjesavanje-pitanja-drzavne-imovine\/","og_locale":"bs_BA","og_type":"article","og_title":"Islamska zajednica BiH podr\u017eava prijedlog Be\u0107irovi\u0107a i Kom\u0161i\u0107a za rje\u0161avanje pitanja dr\u017eavne imovine - TuzlaInfo.ba","og_description":"Islamska zajednica (IZ) u Bosni i Hercegovini podr\u017eava inicijativu \u010dlanova Predsjedni\u0161tva Bosne i Hercegovine Denisa&hellip;","og_url":"https:\/\/tuzlainfo.ba\/index.php\/bosna-i-hercegovina\/item\/219352-islamska-zajednica-bih-podrzava-prijedlog-becirovica-i-komsica-za-rjesavanje-pitanja-drzavne-imovine\/","og_site_name":"TuzlaInfo.ba","article_publisher":"https:\/\/www.facebook.com\/tuzlainfo.ba\/","article_published_time":"2023-10-10T07:00:29+00:00","article_modified_time":"2023-10-10T06:12:27+00:00","og_image":[{"width":800,"height":602,"url":"https:\/\/tuzlainfo.ba\/wp-content\/uploads\/2023\/07\/2007_denis_becirovic.jpg","type":"image\/jpeg"}],"author":"admin2","twitter_card":"summary_large_image","twitter_misc":{"Written by":"admin2","Est. reading time":"2 minute"},"schema":{"@context":"https:\/\/schema.org","@graph":[{"@type":"Article","@id":"https:\/\/tuzlainfo.ba\/index.php\/bosna-i-hercegovina\/item\/219352-islamska-zajednica-bih-podrzava-prijedlog-becirovica-i-komsica-za-rjesavanje-pitanja-drzavne-imovine\/#article","isPartOf":{"@id":"https:\/\/tuzlainfo.ba\/index.php\/bosna-i-hercegovina\/item\/219352-islamska-zajednica-bih-podrzava-prijedlog-becirovica-i-komsica-za-rjesavanje-pitanja-drzavne-imovine\/"},"author":{"name":"admin2","@id":"https:\/\/tuzlainfo.ba\/#\/schema\/person\/f4ebe4fff27e68efb65fa7e18f8af372"},"headline":"Islamska zajednica BiH podr\u017eava prijedlog Be\u0107irovi\u0107a i Kom\u0161i\u0107a za rje\u0161avanje pitanja dr\u017eavne imovine","datePublished":"2023-10-10T07:00:29+00:00","dateModified":"2023-10-10T06:12:27+00:00","mainEntityOfPage":{"@id":"https:\/\/tuzlainfo.ba\/index.php\/bosna-i-hercegovina\/item\/219352-islamska-zajednica-bih-podrzava-prijedlog-becirovica-i-komsica-za-rjesavanje-pitanja-drzavne-imovine\/"},"wordCount":346,"commentCount":0,"publisher":{"@id":"https:\/\/tuzlainfo.ba\/#organization"},"image":{"@id":"https:\/\/tuzlainfo.ba\/index.php\/bosna-i-hercegovina\/item\/219352-islamska-zajednica-bih-podrzava-prijedlog-becirovica-i-komsica-za-rjesavanje-pitanja-drzavne-imovine\/#primaryimage"},"thumbnailUrl":"https:\/\/tuzlainfo.ba\/wp-content\/uploads\/2023\/07\/2007_denis_becirovic.jpg","keywords":["denis becirevic","\u017eeljko kom\u0161i\u0107"],"articleSection":["Bosna i Hercegovina"],"inLanguage":"bs-BA"},{"@type":"WebPage","@id":"https:\/\/tuzlainfo.ba\/index.php\/bosna-i-hercegovina\/item\/219352-islamska-zajednica-bih-podrzava-prijedlog-becirovica-i-komsica-za-rjesavanje-pitanja-drzavne-imovine\/","url":"https:\/\/tuzlainfo.ba\/index.php\/bosna-i-hercegovina\/item\/219352-islamska-zajednica-bih-podrzava-prijedlog-becirovica-i-komsica-za-rjesavanje-pitanja-drzavne-imovine\/","name":"Islamska zajednica BiH podr\u017eava prijedlog Be\u0107irovi\u0107a i Kom\u0161i\u0107a za rje\u0161avanje pitanja dr\u017eavne imovine - TuzlaInfo.ba","isPartOf":{"@id":"https:\/\/tuzlainfo.ba\/#website"},"primaryImageOfPage":{"@id":"https:\/\/tuzlainfo.ba\/index.php\/bosna-i-hercegovina\/item\/219352-islamska-zajednica-bih-podrzava-prijedlog-becirovica-i-komsica-za-rjesavanje-pitanja-drzavne-imovine\/#primaryimage"},"image":{"@id":"https:\/\/tuzlainfo.ba\/index.php\/bosna-i-hercegovina\/item\/219352-islamska-zajednica-bih-podrzava-prijedlog-becirovica-i-komsica-za-rjesavanje-pitanja-drzavne-imovine\/#primaryimage"},"thumbnailUrl":"https:\/\/tuzlainfo.ba\/wp-content\/uploads\/2023\/07\/2007_denis_becirovic.jpg","datePublished":"2023-10-10T07:00:29+00:00","dateModified":"2023-10-10T06:12:27+00:00","breadcrumb":{"@id":"https:\/\/tuzlainfo.ba\/index.php\/bosna-i-hercegovina\/item\/219352-islamska-zajednica-bih-podrzava-prijedlog-becirovica-i-komsica-za-rjesavanje-pitanja-drzavne-imovine\/#breadcrumb"},"inLanguage":"bs-BA","potentialAction":[{"@type":"ReadAction","target":["https:\/\/tuzlainfo.ba\/index.php\/bosna-i-hercegovina\/item\/219352-islamska-zajednica-bih-podrzava-prijedlog-becirovica-i-komsica-za-rjesavanje-pitanja-drzavne-imovine\/"]}]},{"@type":"ImageObject","inLanguage":"bs-BA","@id":"https:\/\/tuzlainfo.ba\/index.php\/bosna-i-hercegovina\/item\/219352-islamska-zajednica-bih-podrzava-prijedlog-becirovica-i-komsica-za-rjesavanje-pitanja-drzavne-imovine\/#primaryimage","url":"https:\/\/tuzlainfo.ba\/wp-content\/uploads\/2023\/07\/2007_denis_becirovic.jpg","contentUrl":"https:\/\/tuzlainfo.ba\/wp-content\/uploads\/2023\/07\/2007_denis_becirovic.jpg","width":800,"height":602},{"@type":"BreadcrumbList","@id":"https:\/\/tuzlainfo.ba\/index.php\/bosna-i-hercegovina\/item\/219352-islamska-zajednica-bih-podrzava-prijedlog-becirovica-i-komsica-za-rjesavanje-pitanja-drzavne-imovine\/#breadcrumb","itemListElement":[{"@type":"ListItem","position":1,"name":"Home","item":"https:\/\/tuzlainfo.ba\/"},{"@type":"ListItem","position":2,"name":"Islamska zajednica BiH podr\u017eava prijedlog Be\u0107irovi\u0107a i Kom\u0161i\u0107a za rje\u0161avanje pitanja dr\u017eavne imovine"}]},{"@type":"WebSite","@id":"https:\/\/tuzlainfo.ba\/#website","url":"https:\/\/tuzlainfo.ba\/","name":"TuzlaInfo.ba","description":"Tuzla info, gradski informator - Tuzla na dlanu","publisher":{"@id":"https:\/\/tuzlainfo.ba\/#organization"},"potentialAction":[{"@type":"SearchAction","target":{"@type":"EntryPoint","urlTemplate":"https:\/\/tuzlainfo.ba\/?s={search_term_string}"},"query-input":{"@type":"PropertyValueSpecification","valueRequired":true,"valueName":"search_term_string"}}],"inLanguage":"bs-BA"},{"@type":"Organization","@id":"https:\/\/tuzlainfo.ba\/#organization","name":"TuzlaInfo.ba","url":"https:\/\/tuzlainfo.ba\/","logo":{"@type":"ImageObject","inLanguage":"bs-BA","@id":"https:\/\/tuzlainfo.ba\/#\/schema\/logo\/image\/","url":"https:\/\/tuzlainfo.ba\/wp-content\/uploads\/2021\/03\/logo-ver-3-1.png","contentUrl":"https:\/\/tuzlainfo.ba\/wp-content\/uploads\/2021\/03\/logo-ver-3-1.png","width":350,"height":95,"caption":"TuzlaInfo.ba"},"image":{"@id":"https:\/\/tuzlainfo.ba\/#\/schema\/logo\/image\/"},"sameAs":["https:\/\/www.facebook.com\/tuzlainfo.ba\/"]},{"@type":"Person","@id":"https:\/\/tuzlainfo.ba\/#\/schema\/person\/f4ebe4fff27e68efb65fa7e18f8af372","name":"admin2","image":{"@type":"ImageObject","inLanguage":"bs-BA","@id":"https:\/\/tuzlainfo.ba\/#\/schema\/person\/image\/","url":"https:\/\/tuzlainfo.ba\/wp-content\/litespeed\/avatar\/8219eeb9a43cff2d096e773737736f62.jpg?ver=1776704580","contentUrl":"https:\/\/tuzlainfo.ba\/wp-content\/litespeed\/avatar\/8219eeb9a43cff2d096e773737736f62.jpg?ver=1776704580","caption":"admin2"},"description":"Tuzlainfo.ba pratite na dru\u0161tvenim mre\u017eama: Facebook, Instagram i Youtube. Svoje pri\u010de, upite i fotografije \u0161aljite na na\u0161u e-mail adresu.","sameAs":["admin"]}]}},"_links":{"self":[{"href":"https:\/\/tuzlainfo.ba\/index.php\/wp-json\/wp\/v2\/posts\/219352"}],"collection":[{"href":"https:\/\/tuzlainfo.ba\/index.php\/wp-json\/wp\/v2\/posts"}],"about":[{"href":"https:\/\/tuzlainfo.ba\/index.php\/wp-json\/wp\/v2\/types\/post"}],"author":[{"embeddable":true,"href":"https:\/\/tuzlainfo.ba\/index.php\/wp-json\/wp\/v2\/users\/3"}],"replies":[{"embeddable":true,"href":"https:\/\/tuzlainfo.ba\/index.php\/wp-json\/wp\/v2\/comments?post=219352"}],"version-history":[{"count":1,"href":"https:\/\/tuzlainfo.ba\/index.php\/wp-json\/wp\/v2\/posts\/219352\/revisions"}],"predecessor-version":[{"id":219353,"href":"https:\/\/tuzlainfo.ba\/index.php\/wp-json\/wp\/v2\/posts\/219352\/revisions\/219353"}],"wp:featuredmedia":[{"embeddable":true,"href":"https:\/\/tuzlainfo.ba\/index.php\/wp-json\/wp\/v2\/media\/211060"}],"wp:attachment":[{"href":"https:\/\/tuzlainfo.ba\/index.php\/wp-json\/wp\/v2\/media?parent=219352"}],"wp:term":[{"taxonomy":"category","embeddable":true,"href":"https:\/\/tuzlainfo.ba\/index.php\/wp-json\/wp\/v2\/categories?post=219352"},{"taxonomy":"post_tag","embeddable":true,"href":"https:\/\/tuzlainfo.ba\/index.php\/wp-json\/wp\/v2\/tags?post=219352"}],"curies":[{"name":"wp","href":"https:\/\/api.w.org\/{rel}","templated":true}]}}