{"id":219053,"date":"2023-10-06T20:00:10","date_gmt":"2023-10-06T18:00:10","guid":{"rendered":"https:\/\/tuzlainfo.ba\/?p=219053"},"modified":"2023-10-06T18:25:44","modified_gmt":"2023-10-06T16:25:44","slug":"u-narodnom-pozoristu-u-tuzli-odrzana-komemoracija-asimu-horozicu","status":"publish","type":"post","link":"https:\/\/tuzlainfo.ba\/index.php\/novosti\/item\/219053-u-narodnom-pozoristu-u-tuzli-odrzana-komemoracija-asimu-horozicu\/","title":{"rendered":"U Narodnom pozori\u0161tu u Tuzli odr\u017eana komemoracija Asimu Horozi\u0107u"},"content":{"rendered":"<p>U Narodnom pozori\u0161tu u Tuzli, odr\u017eana je komemoracija u \u010dast istaknutog kompozitora Asima Horozi\u0107a, koji je nedavno preminuo. Na komemoraciji su se okupili brojni prijatelji, kolege i po\u0161tovaoci Horozi\u0107eve izuzetne muzi\u010dke karijere i doprinosa umjetnosti.<\/p>\n<p>Na ovom emotivnom doga\u0111aju prisutnima se obratio \u00a0gradona\u010delnik Tuzle,\u00a0 Zijad Lugavi\u0107, koji je izrazio duboko saosje\u0107anje sa porodicom Horozi\u0107 i istakao Asimovu va\u017enu ulogu u kulturnom \u017eivotu grada Tuzle. Naglasio je da \u0107e Horozi\u0107eva muzika i doprinos umjetnosti ostati neizbrisiv dio kulturne ba\u0161tine ovog grada.\u201d Jedno od njegovih najzna\u010dajnijih djela, koncertni stav za klarinet i orkestar nazvan \u201cKapija,\u201d ostaje svjedo\u010danstvo o njegovoj dubokoj povezanosti s na\u0161im gradom. To je muzi\u010dka kompozicija koja izra\u017eava bol i tugu koju smo svi osje\u0107ali 25. maja 1995. godine, kada je tuzlanska mladost tragi\u010dno izgubila svoje \u017eivote. Asim je svojom muzikom uspio izraziti ono \u0161to se rije\u010dima ne mo\u017ee. Njegove kompozicije \u0107e nadahnjivati generacije koje dolaze, a njegova umjetni\u010dka ostav\u0161tina \u0107e \u017eivjeti kroz njegove predivne melodije.\u201d kazao je gradona\u010delnik Lugavi\u0107.<\/p>\n<p>Rektorica Univerziteta u Tuzli, prof.dr. Nermina Had\u017eigrahi\u0107, istakla je zna\u010daj Asima Horozi\u0107a, kao profesora na Univerzitetu u Tuzli, kao i njegov uticaj na generacije mladih muzi\u010dara, te kazala da je bila \u010dast biti dio kolektiva kojem je pripadao Asim Horozi\u0107.<\/p>\n<p>Tako\u0111er, na komemoraciji su se obratili i dekan Muzi\u010dke akademije u Sarajevu, prof. mr. Ali\u0161er Sijari\u0107, koji je podsjetio na Horozi\u0107evu izvanrednu muzi\u010dku karijeru i doprinos razvoju muzi\u010dke umjetnosti u Bosni i Hercegovini obrazovanju mladih i njegovoj ulozi kao mentoru brojnih talentiranih u\u010denika.<\/p>\n<p>Na kraju se obratio knji\u017eevnik i dramaturg, Nijaz Alispahi\u0107, bliski prijatelj Asima Horozi\u0107a, podijeliv\u0161i li\u010dne uspomene i pri\u010de o njihovom dugogodi\u0161njem prijateljstvu, isti\u010du\u0107i njegovu strast prema muzici i neizmjerne kvalitete kao osobe.<\/p>\n<p>Komemoracija je bila prilika za zajedni\u010dko sje\u0107anje na Asima Horozi\u0107a i njegove nevjerojatne doprinose svijetu umjetnosti i muzike. Njegova muzika \u0107e zauvijek ostati \u017eiva, a njegova posve\u0107enost muzi\u010dkom naslje\u0111u \u0107e nastaviti inspirisati mnoge.<\/p>\n","protected":false},"excerpt":{"rendered":"<p>U Narodnom pozori\u0161tu u Tuzli, odr\u017eana je komemoracija u \u010dast istaknutog kompozitora Asima Horozi\u0107a, koji&hellip;<\/p>\n","protected":false},"author":4,"featured_media":219054,"comment_status":"open","ping_status":"closed","sticky":false,"template":"","format":"standard","meta":{"_acf_changed":false,"footnotes":""},"categories":[304,12],"tags":[8359,1336],"acf":[],"yoast_head":"<!-- This site is optimized with the Yoast SEO plugin v23.5 - https:\/\/yoast.com\/wordpress\/plugins\/seo\/ -->\n<title>U Narodnom pozori\u0161tu u Tuzli odr\u017eana komemoracija Asimu Horozi\u0107u - TuzlaInfo.ba<\/title>\n<meta name=\"robots\" content=\"index, follow, max-snippet:-1, max-image-preview:large, max-video-preview:-1\" \/>\n<link rel=\"canonical\" href=\"https:\/\/tuzlainfo.ba\/index.php\/novosti\/item\/219053-u-narodnom-pozoristu-u-tuzli-odrzana-komemoracija-asimu-horozicu\/\" \/>\n<meta property=\"og:locale\" content=\"bs_BA\" \/>\n<meta property=\"og:type\" content=\"article\" \/>\n<meta property=\"og:title\" content=\"U Narodnom pozori\u0161tu u Tuzli odr\u017eana komemoracija Asimu Horozi\u0107u - TuzlaInfo.ba\" \/>\n<meta property=\"og:description\" content=\"U Narodnom pozori\u0161tu u Tuzli, odr\u017eana je komemoracija u \u010dast istaknutog kompozitora Asima Horozi\u0107a, koji&hellip;\" \/>\n<meta property=\"og:url\" content=\"https:\/\/tuzlainfo.ba\/index.php\/novosti\/item\/219053-u-narodnom-pozoristu-u-tuzli-odrzana-komemoracija-asimu-horozicu\/\" \/>\n<meta property=\"og:site_name\" content=\"TuzlaInfo.ba\" \/>\n<meta property=\"article:publisher\" content=\"https:\/\/www.facebook.com\/tuzlainfo.ba\/\" \/>\n<meta property=\"article:published_time\" content=\"2023-10-06T18:00:10+00:00\" \/>\n<meta property=\"article:modified_time\" content=\"2023-10-06T16:25:44+00:00\" \/>\n<meta property=\"og:image\" content=\"https:\/\/tuzlainfo.ba\/wp-content\/uploads\/2023\/10\/IMG_3553-scaled-1.jpg\" \/>\n\t<meta property=\"og:image:width\" content=\"2560\" \/>\n\t<meta property=\"og:image:height\" content=\"1707\" \/>\n\t<meta property=\"og:image:type\" content=\"image\/jpeg\" \/>\n<meta name=\"author\" content=\"Tuzla Info\" \/>\n<meta name=\"twitter:card\" content=\"summary_large_image\" \/>\n<meta name=\"twitter:label1\" content=\"Written by\" \/>\n\t<meta name=\"twitter:data1\" content=\"Tuzla Info\" \/>\n\t<meta name=\"twitter:label2\" content=\"Est. reading time\" \/>\n\t<meta name=\"twitter:data2\" content=\"2 minute\" \/>\n<script type=\"application\/ld+json\" class=\"yoast-schema-graph\">{\"@context\":\"https:\/\/schema.org\",\"@graph\":[{\"@type\":\"Article\",\"@id\":\"https:\/\/tuzlainfo.ba\/index.php\/novosti\/item\/219053-u-narodnom-pozoristu-u-tuzli-odrzana-komemoracija-asimu-horozicu\/#article\",\"isPartOf\":{\"@id\":\"https:\/\/tuzlainfo.ba\/index.php\/novosti\/item\/219053-u-narodnom-pozoristu-u-tuzli-odrzana-komemoracija-asimu-horozicu\/\"},\"author\":{\"name\":\"Tuzla Info\",\"@id\":\"https:\/\/tuzlainfo.ba\/#\/schema\/person\/46cad4c57790cbc50781edd14870825a\"},\"headline\":\"U Narodnom pozori\u0161tu u Tuzli odr\u017eana komemoracija Asimu Horozi\u0107u\",\"datePublished\":\"2023-10-06T18:00:10+00:00\",\"dateModified\":\"2023-10-06T16:25:44+00:00\",\"mainEntityOfPage\":{\"@id\":\"https:\/\/tuzlainfo.ba\/index.php\/novosti\/item\/219053-u-narodnom-pozoristu-u-tuzli-odrzana-komemoracija-asimu-horozicu\/\"},\"wordCount\":368,\"commentCount\":0,\"publisher\":{\"@id\":\"https:\/\/tuzlainfo.ba\/#organization\"},\"image\":{\"@id\":\"https:\/\/tuzlainfo.ba\/index.php\/novosti\/item\/219053-u-narodnom-pozoristu-u-tuzli-odrzana-komemoracija-asimu-horozicu\/#primaryimage\"},\"thumbnailUrl\":\"https:\/\/tuzlainfo.ba\/wp-content\/uploads\/2023\/10\/IMG_3553-scaled-1.jpg\",\"keywords\":[\"Asim Horozi\u0107\",\"komemoracija\"],\"articleSection\":[\"Istaknuto\",\"Novosti\"],\"inLanguage\":\"bs-BA\"},{\"@type\":\"WebPage\",\"@id\":\"https:\/\/tuzlainfo.ba\/index.php\/novosti\/item\/219053-u-narodnom-pozoristu-u-tuzli-odrzana-komemoracija-asimu-horozicu\/\",\"url\":\"https:\/\/tuzlainfo.ba\/index.php\/novosti\/item\/219053-u-narodnom-pozoristu-u-tuzli-odrzana-komemoracija-asimu-horozicu\/\",\"name\":\"U Narodnom pozori\u0161tu u Tuzli odr\u017eana komemoracija Asimu Horozi\u0107u - TuzlaInfo.ba\",\"isPartOf\":{\"@id\":\"https:\/\/tuzlainfo.ba\/#website\"},\"primaryImageOfPage\":{\"@id\":\"https:\/\/tuzlainfo.ba\/index.php\/novosti\/item\/219053-u-narodnom-pozoristu-u-tuzli-odrzana-komemoracija-asimu-horozicu\/#primaryimage\"},\"image\":{\"@id\":\"https:\/\/tuzlainfo.ba\/index.php\/novosti\/item\/219053-u-narodnom-pozoristu-u-tuzli-odrzana-komemoracija-asimu-horozicu\/#primaryimage\"},\"thumbnailUrl\":\"https:\/\/tuzlainfo.ba\/wp-content\/uploads\/2023\/10\/IMG_3553-scaled-1.jpg\",\"datePublished\":\"2023-10-06T18:00:10+00:00\",\"dateModified\":\"2023-10-06T16:25:44+00:00\",\"breadcrumb\":{\"@id\":\"https:\/\/tuzlainfo.ba\/index.php\/novosti\/item\/219053-u-narodnom-pozoristu-u-tuzli-odrzana-komemoracija-asimu-horozicu\/#breadcrumb\"},\"inLanguage\":\"bs-BA\",\"potentialAction\":[{\"@type\":\"ReadAction\",\"target\":[\"https:\/\/tuzlainfo.ba\/index.php\/novosti\/item\/219053-u-narodnom-pozoristu-u-tuzli-odrzana-komemoracija-asimu-horozicu\/\"]}]},{\"@type\":\"ImageObject\",\"inLanguage\":\"bs-BA\",\"@id\":\"https:\/\/tuzlainfo.ba\/index.php\/novosti\/item\/219053-u-narodnom-pozoristu-u-tuzli-odrzana-komemoracija-asimu-horozicu\/#primaryimage\",\"url\":\"https:\/\/tuzlainfo.ba\/wp-content\/uploads\/2023\/10\/IMG_3553-scaled-1.jpg\",\"contentUrl\":\"https:\/\/tuzlainfo.ba\/wp-content\/uploads\/2023\/10\/IMG_3553-scaled-1.jpg\",\"width\":2560,\"height\":1707},{\"@type\":\"BreadcrumbList\",\"@id\":\"https:\/\/tuzlainfo.ba\/index.php\/novosti\/item\/219053-u-narodnom-pozoristu-u-tuzli-odrzana-komemoracija-asimu-horozicu\/#breadcrumb\",\"itemListElement\":[{\"@type\":\"ListItem\",\"position\":1,\"name\":\"Home\",\"item\":\"https:\/\/tuzlainfo.ba\/\"},{\"@type\":\"ListItem\",\"position\":2,\"name\":\"U Narodnom pozori\u0161tu u Tuzli odr\u017eana komemoracija Asimu Horozi\u0107u\"}]},{\"@type\":\"WebSite\",\"@id\":\"https:\/\/tuzlainfo.ba\/#website\",\"url\":\"https:\/\/tuzlainfo.ba\/\",\"name\":\"TuzlaInfo.ba\",\"description\":\"Tuzla info, gradski informator - Tuzla na dlanu\",\"publisher\":{\"@id\":\"https:\/\/tuzlainfo.ba\/#organization\"},\"potentialAction\":[{\"@type\":\"SearchAction\",\"target\":{\"@type\":\"EntryPoint\",\"urlTemplate\":\"https:\/\/tuzlainfo.ba\/?s={search_term_string}\"},\"query-input\":{\"@type\":\"PropertyValueSpecification\",\"valueRequired\":true,\"valueName\":\"search_term_string\"}}],\"inLanguage\":\"bs-BA\"},{\"@type\":\"Organization\",\"@id\":\"https:\/\/tuzlainfo.ba\/#organization\",\"name\":\"TuzlaInfo.ba\",\"url\":\"https:\/\/tuzlainfo.ba\/\",\"logo\":{\"@type\":\"ImageObject\",\"inLanguage\":\"bs-BA\",\"@id\":\"https:\/\/tuzlainfo.ba\/#\/schema\/logo\/image\/\",\"url\":\"https:\/\/tuzlainfo.ba\/wp-content\/uploads\/2021\/03\/logo-ver-3-1.png\",\"contentUrl\":\"https:\/\/tuzlainfo.ba\/wp-content\/uploads\/2021\/03\/logo-ver-3-1.png\",\"width\":350,\"height\":95,\"caption\":\"TuzlaInfo.ba\"},\"image\":{\"@id\":\"https:\/\/tuzlainfo.ba\/#\/schema\/logo\/image\/\"},\"sameAs\":[\"https:\/\/www.facebook.com\/tuzlainfo.ba\/\"]},{\"@type\":\"Person\",\"@id\":\"https:\/\/tuzlainfo.ba\/#\/schema\/person\/46cad4c57790cbc50781edd14870825a\",\"name\":\"Tuzla Info\",\"image\":{\"@type\":\"ImageObject\",\"inLanguage\":\"bs-BA\",\"@id\":\"https:\/\/tuzlainfo.ba\/#\/schema\/person\/image\/\",\"url\":\"https:\/\/tuzlainfo.ba\/wp-content\/litespeed\/avatar\/b6c453a6c38e3654f2e4416c643fc25c.jpg?ver=1777656712\",\"contentUrl\":\"https:\/\/tuzlainfo.ba\/wp-content\/litespeed\/avatar\/b6c453a6c38e3654f2e4416c643fc25c.jpg?ver=1777656712\",\"caption\":\"Tuzla Info\"}}]}<\/script>\n<!-- \/ Yoast SEO plugin. -->","yoast_head_json":{"title":"U Narodnom pozori\u0161tu u Tuzli odr\u017eana komemoracija Asimu Horozi\u0107u - TuzlaInfo.ba","robots":{"index":"index","follow":"follow","max-snippet":"max-snippet:-1","max-image-preview":"max-image-preview:large","max-video-preview":"max-video-preview:-1"},"canonical":"https:\/\/tuzlainfo.ba\/index.php\/novosti\/item\/219053-u-narodnom-pozoristu-u-tuzli-odrzana-komemoracija-asimu-horozicu\/","og_locale":"bs_BA","og_type":"article","og_title":"U Narodnom pozori\u0161tu u Tuzli odr\u017eana komemoracija Asimu Horozi\u0107u - TuzlaInfo.ba","og_description":"U Narodnom pozori\u0161tu u Tuzli, odr\u017eana je komemoracija u \u010dast istaknutog kompozitora Asima Horozi\u0107a, koji&hellip;","og_url":"https:\/\/tuzlainfo.ba\/index.php\/novosti\/item\/219053-u-narodnom-pozoristu-u-tuzli-odrzana-komemoracija-asimu-horozicu\/","og_site_name":"TuzlaInfo.ba","article_publisher":"https:\/\/www.facebook.com\/tuzlainfo.ba\/","article_published_time":"2023-10-06T18:00:10+00:00","article_modified_time":"2023-10-06T16:25:44+00:00","og_image":[{"width":2560,"height":1707,"url":"https:\/\/tuzlainfo.ba\/wp-content\/uploads\/2023\/10\/IMG_3553-scaled-1.jpg","type":"image\/jpeg"}],"author":"Tuzla Info","twitter_card":"summary_large_image","twitter_misc":{"Written by":"Tuzla Info","Est. reading time":"2 minute"},"schema":{"@context":"https:\/\/schema.org","@graph":[{"@type":"Article","@id":"https:\/\/tuzlainfo.ba\/index.php\/novosti\/item\/219053-u-narodnom-pozoristu-u-tuzli-odrzana-komemoracija-asimu-horozicu\/#article","isPartOf":{"@id":"https:\/\/tuzlainfo.ba\/index.php\/novosti\/item\/219053-u-narodnom-pozoristu-u-tuzli-odrzana-komemoracija-asimu-horozicu\/"},"author":{"name":"Tuzla Info","@id":"https:\/\/tuzlainfo.ba\/#\/schema\/person\/46cad4c57790cbc50781edd14870825a"},"headline":"U Narodnom pozori\u0161tu u Tuzli odr\u017eana komemoracija Asimu Horozi\u0107u","datePublished":"2023-10-06T18:00:10+00:00","dateModified":"2023-10-06T16:25:44+00:00","mainEntityOfPage":{"@id":"https:\/\/tuzlainfo.ba\/index.php\/novosti\/item\/219053-u-narodnom-pozoristu-u-tuzli-odrzana-komemoracija-asimu-horozicu\/"},"wordCount":368,"commentCount":0,"publisher":{"@id":"https:\/\/tuzlainfo.ba\/#organization"},"image":{"@id":"https:\/\/tuzlainfo.ba\/index.php\/novosti\/item\/219053-u-narodnom-pozoristu-u-tuzli-odrzana-komemoracija-asimu-horozicu\/#primaryimage"},"thumbnailUrl":"https:\/\/tuzlainfo.ba\/wp-content\/uploads\/2023\/10\/IMG_3553-scaled-1.jpg","keywords":["Asim Horozi\u0107","komemoracija"],"articleSection":["Istaknuto","Novosti"],"inLanguage":"bs-BA"},{"@type":"WebPage","@id":"https:\/\/tuzlainfo.ba\/index.php\/novosti\/item\/219053-u-narodnom-pozoristu-u-tuzli-odrzana-komemoracija-asimu-horozicu\/","url":"https:\/\/tuzlainfo.ba\/index.php\/novosti\/item\/219053-u-narodnom-pozoristu-u-tuzli-odrzana-komemoracija-asimu-horozicu\/","name":"U Narodnom pozori\u0161tu u Tuzli odr\u017eana komemoracija Asimu Horozi\u0107u - TuzlaInfo.ba","isPartOf":{"@id":"https:\/\/tuzlainfo.ba\/#website"},"primaryImageOfPage":{"@id":"https:\/\/tuzlainfo.ba\/index.php\/novosti\/item\/219053-u-narodnom-pozoristu-u-tuzli-odrzana-komemoracija-asimu-horozicu\/#primaryimage"},"image":{"@id":"https:\/\/tuzlainfo.ba\/index.php\/novosti\/item\/219053-u-narodnom-pozoristu-u-tuzli-odrzana-komemoracija-asimu-horozicu\/#primaryimage"},"thumbnailUrl":"https:\/\/tuzlainfo.ba\/wp-content\/uploads\/2023\/10\/IMG_3553-scaled-1.jpg","datePublished":"2023-10-06T18:00:10+00:00","dateModified":"2023-10-06T16:25:44+00:00","breadcrumb":{"@id":"https:\/\/tuzlainfo.ba\/index.php\/novosti\/item\/219053-u-narodnom-pozoristu-u-tuzli-odrzana-komemoracija-asimu-horozicu\/#breadcrumb"},"inLanguage":"bs-BA","potentialAction":[{"@type":"ReadAction","target":["https:\/\/tuzlainfo.ba\/index.php\/novosti\/item\/219053-u-narodnom-pozoristu-u-tuzli-odrzana-komemoracija-asimu-horozicu\/"]}]},{"@type":"ImageObject","inLanguage":"bs-BA","@id":"https:\/\/tuzlainfo.ba\/index.php\/novosti\/item\/219053-u-narodnom-pozoristu-u-tuzli-odrzana-komemoracija-asimu-horozicu\/#primaryimage","url":"https:\/\/tuzlainfo.ba\/wp-content\/uploads\/2023\/10\/IMG_3553-scaled-1.jpg","contentUrl":"https:\/\/tuzlainfo.ba\/wp-content\/uploads\/2023\/10\/IMG_3553-scaled-1.jpg","width":2560,"height":1707},{"@type":"BreadcrumbList","@id":"https:\/\/tuzlainfo.ba\/index.php\/novosti\/item\/219053-u-narodnom-pozoristu-u-tuzli-odrzana-komemoracija-asimu-horozicu\/#breadcrumb","itemListElement":[{"@type":"ListItem","position":1,"name":"Home","item":"https:\/\/tuzlainfo.ba\/"},{"@type":"ListItem","position":2,"name":"U Narodnom pozori\u0161tu u Tuzli odr\u017eana komemoracija Asimu Horozi\u0107u"}]},{"@type":"WebSite","@id":"https:\/\/tuzlainfo.ba\/#website","url":"https:\/\/tuzlainfo.ba\/","name":"TuzlaInfo.ba","description":"Tuzla info, gradski informator - Tuzla na dlanu","publisher":{"@id":"https:\/\/tuzlainfo.ba\/#organization"},"potentialAction":[{"@type":"SearchAction","target":{"@type":"EntryPoint","urlTemplate":"https:\/\/tuzlainfo.ba\/?s={search_term_string}"},"query-input":{"@type":"PropertyValueSpecification","valueRequired":true,"valueName":"search_term_string"}}],"inLanguage":"bs-BA"},{"@type":"Organization","@id":"https:\/\/tuzlainfo.ba\/#organization","name":"TuzlaInfo.ba","url":"https:\/\/tuzlainfo.ba\/","logo":{"@type":"ImageObject","inLanguage":"bs-BA","@id":"https:\/\/tuzlainfo.ba\/#\/schema\/logo\/image\/","url":"https:\/\/tuzlainfo.ba\/wp-content\/uploads\/2021\/03\/logo-ver-3-1.png","contentUrl":"https:\/\/tuzlainfo.ba\/wp-content\/uploads\/2021\/03\/logo-ver-3-1.png","width":350,"height":95,"caption":"TuzlaInfo.ba"},"image":{"@id":"https:\/\/tuzlainfo.ba\/#\/schema\/logo\/image\/"},"sameAs":["https:\/\/www.facebook.com\/tuzlainfo.ba\/"]},{"@type":"Person","@id":"https:\/\/tuzlainfo.ba\/#\/schema\/person\/46cad4c57790cbc50781edd14870825a","name":"Tuzla Info","image":{"@type":"ImageObject","inLanguage":"bs-BA","@id":"https:\/\/tuzlainfo.ba\/#\/schema\/person\/image\/","url":"https:\/\/tuzlainfo.ba\/wp-content\/litespeed\/avatar\/b6c453a6c38e3654f2e4416c643fc25c.jpg?ver=1777656712","contentUrl":"https:\/\/tuzlainfo.ba\/wp-content\/litespeed\/avatar\/b6c453a6c38e3654f2e4416c643fc25c.jpg?ver=1777656712","caption":"Tuzla Info"}}]}},"_links":{"self":[{"href":"https:\/\/tuzlainfo.ba\/index.php\/wp-json\/wp\/v2\/posts\/219053"}],"collection":[{"href":"https:\/\/tuzlainfo.ba\/index.php\/wp-json\/wp\/v2\/posts"}],"about":[{"href":"https:\/\/tuzlainfo.ba\/index.php\/wp-json\/wp\/v2\/types\/post"}],"author":[{"embeddable":true,"href":"https:\/\/tuzlainfo.ba\/index.php\/wp-json\/wp\/v2\/users\/4"}],"replies":[{"embeddable":true,"href":"https:\/\/tuzlainfo.ba\/index.php\/wp-json\/wp\/v2\/comments?post=219053"}],"version-history":[{"count":1,"href":"https:\/\/tuzlainfo.ba\/index.php\/wp-json\/wp\/v2\/posts\/219053\/revisions"}],"predecessor-version":[{"id":219055,"href":"https:\/\/tuzlainfo.ba\/index.php\/wp-json\/wp\/v2\/posts\/219053\/revisions\/219055"}],"wp:featuredmedia":[{"embeddable":true,"href":"https:\/\/tuzlainfo.ba\/index.php\/wp-json\/wp\/v2\/media\/219054"}],"wp:attachment":[{"href":"https:\/\/tuzlainfo.ba\/index.php\/wp-json\/wp\/v2\/media?parent=219053"}],"wp:term":[{"taxonomy":"category","embeddable":true,"href":"https:\/\/tuzlainfo.ba\/index.php\/wp-json\/wp\/v2\/categories?post=219053"},{"taxonomy":"post_tag","embeddable":true,"href":"https:\/\/tuzlainfo.ba\/index.php\/wp-json\/wp\/v2\/tags?post=219053"}],"curies":[{"name":"wp","href":"https:\/\/api.w.org\/{rel}","templated":true}]}}