{"id":218986,"date":"2023-10-06T08:57:15","date_gmt":"2023-10-06T06:57:15","guid":{"rendered":"https:\/\/tuzlainfo.ba\/?p=218986"},"modified":"2023-10-06T08:57:15","modified_gmt":"2023-10-06T06:57:15","slug":"vllasi-oruzje-teroristicke-grupe-nije-iz-tuzle-vec-iz-vojnog-arsenala-sve-je-pripremao-stab","status":"publish","type":"post","link":"https:\/\/tuzlainfo.ba\/index.php\/bosna-i-hercegovina\/item\/218986-vllasi-oruzje-teroristicke-grupe-nije-iz-tuzle-vec-iz-vojnog-arsenala-sve-je-pripremao-stab\/","title":{"rendered":"Vllasi: Oru\u017eje teroristi\u010dke grupe nije iz Tuzle, ve\u0107 iz vojnog arsenala; sve je pripremao \u0161tab"},"content":{"rendered":"<p>Ni\u0161ta od onoga \u0161to je za javnost re\u010deno preko advokata i kod tu\u017eioca nije Radoi\u010di\u0107evo, ka\u017ee u izjavi za portal Radiosarajevo.ba kosovski advokat, politi\u010dki analiti\u010dar i politi\u010dar iz vremena biv\u0161e Jugoslavije, nakon tvrdnji Vi\u0161eg javnog tu\u017eila\u0161tva u Beogradu da je iz Tuzle stiglo oru\u017eje koje je kori\u0161teno 24. septembra 2023. u teroristi\u010dkom napadu na kosovsku policiju u Banjskoj, tokom kojeg je ubijen kosovski policajac.<\/p>\n<p>&#8220;Ni ono o navodnoj nabavci oru\u017eja iz Tuzle. To \u0161to \u0107e se javno saop\u0161titi kao Radoi\u010di\u0107eva izjava je dva-tri dana pripremao poseban \u0161tab! Oru\u017eje zaplijenjeno od teroristi\u010dke grupe u dvori\u0161tu manastira Banjske o\u010digledno je iz vojnog arsenala. Garnizon u Ra\u0161koj je pun takvog oru\u017eja, a to je uz samu granicu sa Kosovom na sjeveru&#8221;, ka\u017ee Vllasi za Radiosarajevo.ba.<\/p>\n<p>Prema njegovim rije\u010dima, pri\u010dom o Tuzli \u017eeli se re\u0107i da je Bosna pogodno ilegalno tr\u017ei\u0161te oru\u017ejem.<\/p>\n<p>&#8220;I da se skrene pa\u017enja od uloge vojske Srbije u ovome \u0161to se desilo&#8221;, upozorio je Vllasi.<\/p>\n<p>Vllasi je\u00a0 ranije u izjavi za N1 ocijenio da su informacije o nabavljanju oru\u017eja u BiH za potrebe operacija na Kosovu &#8220;la\u017ei koje su &#8216;pakovane&#8217;, to jeste izmi\u0161ljene u Vojno-obavje\u0161tajnoj slu\u017ebi Srbije&#8221;.<\/p>\n<p>Institucije Srbije ni dalje ne obja\u0161njavaju na temelju \u010dega Vi\u0161e javno tu\u017eila\u0161tvo u Beogradu tvrdi da je iz Tuzle stiglo oru\u017eje koje je kori\u0161teno napadu na kosovsku policiju u Banjskoj. Stru\u010dnjaci za sigurnost i vojno naoru\u017eanje u Bosni i Hercegovini ka\u017eu za Radio Slobodna Evropa (RSE) da ovo oru\u017eje nije moglo biti ni legalno ni ilegalno kupljeno u Bosni i Hercegovini.<\/p>\n<p>Milan Radoi\u010di\u0107 je preuzeo odgovornost za organizaciju napada u Banjskoj a isti dan je dao ostavku na poziciji potpredsjednika Srpske liste, najve\u0107e stranke kosovskih Srba koja ima podr\u0161ku Beograda.<\/p>\n<p>Tu\u017eila\u0161tvo u Beogradu Radoi\u010di\u0107a tereti za udru\u017eivanje radi vr\u0161enja krivi\u010dnih djela, nedozvoljenu proizvodnju, dr\u017eanje, no\u0161enje i promet vatrenog oru\u017eja i eksplozivnih materija i te\u0161ka djela protiv op\u0161te sigurnosti. Radoi\u010di\u0107 je negirao izvr\u0161enje ovih krivi\u010dnih djela ali je, navodno, izjavio da je od januara do 24. septembra ove godine na sjeveroistoku BiH nabavljao oru\u017eje, municiju i eksplozivna sredstva velike razorne mo\u0107i, koje je kasnije upotrijebio na sjeveru Kosova.<\/p>\n<p>Vi\u0161e javno tu\u017eila\u0161tvo u Beogradu nije odgovorilo na upit RSE da li postoje dokazi da je oru\u017eje zaista nabavljano u Tuzli, te ko je eventualno pomagao Radoi\u010di\u0107u u transportu.<\/p>\n<p>&nbsp;<\/p>\n","protected":false},"excerpt":{"rendered":"<p>Ni\u0161ta od onoga \u0161to je za javnost re\u010deno preko advokata i kod tu\u017eioca nije Radoi\u010di\u0107evo,&hellip;<\/p>\n","protected":false},"author":3,"featured_media":136196,"comment_status":"open","ping_status":"closed","sticky":false,"template":"","format":"standard","meta":{"_acf_changed":false,"footnotes":""},"categories":[291],"tags":[821],"acf":[],"yoast_head":"<!-- This site is optimized with the Yoast SEO plugin v23.5 - https:\/\/yoast.com\/wordpress\/plugins\/seo\/ -->\n<title>Vllasi: Oru\u017eje teroristi\u010dke grupe nije iz Tuzle, ve\u0107 iz vojnog arsenala; sve je pripremao \u0161tab - TuzlaInfo.ba<\/title>\n<meta name=\"robots\" content=\"index, follow, max-snippet:-1, max-image-preview:large, max-video-preview:-1\" \/>\n<link rel=\"canonical\" href=\"https:\/\/tuzlainfo.ba\/index.php\/bosna-i-hercegovina\/item\/218986-vllasi-oruzje-teroristicke-grupe-nije-iz-tuzle-vec-iz-vojnog-arsenala-sve-je-pripremao-stab\/\" \/>\n<meta property=\"og:locale\" content=\"bs_BA\" \/>\n<meta property=\"og:type\" content=\"article\" \/>\n<meta property=\"og:title\" content=\"Vllasi: Oru\u017eje teroristi\u010dke grupe nije iz Tuzle, ve\u0107 iz vojnog arsenala; sve je pripremao \u0161tab - TuzlaInfo.ba\" \/>\n<meta property=\"og:description\" content=\"Ni\u0161ta od onoga \u0161to je za javnost re\u010deno preko advokata i kod tu\u017eioca nije Radoi\u010di\u0107evo,&hellip;\" \/>\n<meta property=\"og:url\" content=\"https:\/\/tuzlainfo.ba\/index.php\/bosna-i-hercegovina\/item\/218986-vllasi-oruzje-teroristicke-grupe-nije-iz-tuzle-vec-iz-vojnog-arsenala-sve-je-pripremao-stab\/\" \/>\n<meta property=\"og:site_name\" content=\"TuzlaInfo.ba\" \/>\n<meta property=\"article:publisher\" content=\"https:\/\/www.facebook.com\/tuzlainfo.ba\/\" \/>\n<meta property=\"article:published_time\" content=\"2023-10-06T06:57:15+00:00\" \/>\n<meta property=\"og:image\" content=\"https:\/\/tuzlainfo.ba\/wp-content\/uploads\/2021\/04\/2404_azem_vlasi.jpg\" \/>\n\t<meta property=\"og:image:width\" content=\"800\" \/>\n\t<meta property=\"og:image:height\" content=\"523\" \/>\n\t<meta property=\"og:image:type\" content=\"image\/jpeg\" \/>\n<meta name=\"author\" content=\"admin2\" \/>\n<meta name=\"twitter:card\" content=\"summary_large_image\" \/>\n<meta name=\"twitter:label1\" content=\"Written by\" \/>\n\t<meta name=\"twitter:data1\" content=\"admin2\" \/>\n\t<meta name=\"twitter:label2\" content=\"Est. reading time\" \/>\n\t<meta name=\"twitter:data2\" content=\"2 minute\" \/>\n<script type=\"application\/ld+json\" class=\"yoast-schema-graph\">{\"@context\":\"https:\/\/schema.org\",\"@graph\":[{\"@type\":\"Article\",\"@id\":\"https:\/\/tuzlainfo.ba\/index.php\/bosna-i-hercegovina\/item\/218986-vllasi-oruzje-teroristicke-grupe-nije-iz-tuzle-vec-iz-vojnog-arsenala-sve-je-pripremao-stab\/#article\",\"isPartOf\":{\"@id\":\"https:\/\/tuzlainfo.ba\/index.php\/bosna-i-hercegovina\/item\/218986-vllasi-oruzje-teroristicke-grupe-nije-iz-tuzle-vec-iz-vojnog-arsenala-sve-je-pripremao-stab\/\"},\"author\":{\"name\":\"admin2\",\"@id\":\"https:\/\/tuzlainfo.ba\/#\/schema\/person\/f4ebe4fff27e68efb65fa7e18f8af372\"},\"headline\":\"Vllasi: Oru\u017eje teroristi\u010dke grupe nije iz Tuzle, ve\u0107 iz vojnog arsenala; sve je pripremao \u0161tab\",\"datePublished\":\"2023-10-06T06:57:15+00:00\",\"dateModified\":\"2023-10-06T06:57:15+00:00\",\"mainEntityOfPage\":{\"@id\":\"https:\/\/tuzlainfo.ba\/index.php\/bosna-i-hercegovina\/item\/218986-vllasi-oruzje-teroristicke-grupe-nije-iz-tuzle-vec-iz-vojnog-arsenala-sve-je-pripremao-stab\/\"},\"wordCount\":465,\"commentCount\":0,\"publisher\":{\"@id\":\"https:\/\/tuzlainfo.ba\/#organization\"},\"image\":{\"@id\":\"https:\/\/tuzlainfo.ba\/index.php\/bosna-i-hercegovina\/item\/218986-vllasi-oruzje-teroristicke-grupe-nije-iz-tuzle-vec-iz-vojnog-arsenala-sve-je-pripremao-stab\/#primaryimage\"},\"thumbnailUrl\":\"https:\/\/tuzlainfo.ba\/wp-content\/uploads\/2021\/04\/2404_azem_vlasi.jpg\",\"keywords\":[\"azem vlasi\"],\"articleSection\":[\"Bosna i Hercegovina\"],\"inLanguage\":\"bs-BA\"},{\"@type\":\"WebPage\",\"@id\":\"https:\/\/tuzlainfo.ba\/index.php\/bosna-i-hercegovina\/item\/218986-vllasi-oruzje-teroristicke-grupe-nije-iz-tuzle-vec-iz-vojnog-arsenala-sve-je-pripremao-stab\/\",\"url\":\"https:\/\/tuzlainfo.ba\/index.php\/bosna-i-hercegovina\/item\/218986-vllasi-oruzje-teroristicke-grupe-nije-iz-tuzle-vec-iz-vojnog-arsenala-sve-je-pripremao-stab\/\",\"name\":\"Vllasi: Oru\u017eje teroristi\u010dke grupe nije iz Tuzle, ve\u0107 iz vojnog arsenala; sve je pripremao \u0161tab - TuzlaInfo.ba\",\"isPartOf\":{\"@id\":\"https:\/\/tuzlainfo.ba\/#website\"},\"primaryImageOfPage\":{\"@id\":\"https:\/\/tuzlainfo.ba\/index.php\/bosna-i-hercegovina\/item\/218986-vllasi-oruzje-teroristicke-grupe-nije-iz-tuzle-vec-iz-vojnog-arsenala-sve-je-pripremao-stab\/#primaryimage\"},\"image\":{\"@id\":\"https:\/\/tuzlainfo.ba\/index.php\/bosna-i-hercegovina\/item\/218986-vllasi-oruzje-teroristicke-grupe-nije-iz-tuzle-vec-iz-vojnog-arsenala-sve-je-pripremao-stab\/#primaryimage\"},\"thumbnailUrl\":\"https:\/\/tuzlainfo.ba\/wp-content\/uploads\/2021\/04\/2404_azem_vlasi.jpg\",\"datePublished\":\"2023-10-06T06:57:15+00:00\",\"dateModified\":\"2023-10-06T06:57:15+00:00\",\"breadcrumb\":{\"@id\":\"https:\/\/tuzlainfo.ba\/index.php\/bosna-i-hercegovina\/item\/218986-vllasi-oruzje-teroristicke-grupe-nije-iz-tuzle-vec-iz-vojnog-arsenala-sve-je-pripremao-stab\/#breadcrumb\"},\"inLanguage\":\"bs-BA\",\"potentialAction\":[{\"@type\":\"ReadAction\",\"target\":[\"https:\/\/tuzlainfo.ba\/index.php\/bosna-i-hercegovina\/item\/218986-vllasi-oruzje-teroristicke-grupe-nije-iz-tuzle-vec-iz-vojnog-arsenala-sve-je-pripremao-stab\/\"]}]},{\"@type\":\"ImageObject\",\"inLanguage\":\"bs-BA\",\"@id\":\"https:\/\/tuzlainfo.ba\/index.php\/bosna-i-hercegovina\/item\/218986-vllasi-oruzje-teroristicke-grupe-nije-iz-tuzle-vec-iz-vojnog-arsenala-sve-je-pripremao-stab\/#primaryimage\",\"url\":\"https:\/\/tuzlainfo.ba\/wp-content\/uploads\/2021\/04\/2404_azem_vlasi.jpg\",\"contentUrl\":\"https:\/\/tuzlainfo.ba\/wp-content\/uploads\/2021\/04\/2404_azem_vlasi.jpg\",\"width\":800,\"height\":523},{\"@type\":\"BreadcrumbList\",\"@id\":\"https:\/\/tuzlainfo.ba\/index.php\/bosna-i-hercegovina\/item\/218986-vllasi-oruzje-teroristicke-grupe-nije-iz-tuzle-vec-iz-vojnog-arsenala-sve-je-pripremao-stab\/#breadcrumb\",\"itemListElement\":[{\"@type\":\"ListItem\",\"position\":1,\"name\":\"Home\",\"item\":\"https:\/\/tuzlainfo.ba\/\"},{\"@type\":\"ListItem\",\"position\":2,\"name\":\"Vllasi: Oru\u017eje teroristi\u010dke grupe nije iz Tuzle, ve\u0107 iz vojnog arsenala; sve je pripremao \u0161tab\"}]},{\"@type\":\"WebSite\",\"@id\":\"https:\/\/tuzlainfo.ba\/#website\",\"url\":\"https:\/\/tuzlainfo.ba\/\",\"name\":\"TuzlaInfo.ba\",\"description\":\"Tuzla info, gradski informator - Tuzla na dlanu\",\"publisher\":{\"@id\":\"https:\/\/tuzlainfo.ba\/#organization\"},\"potentialAction\":[{\"@type\":\"SearchAction\",\"target\":{\"@type\":\"EntryPoint\",\"urlTemplate\":\"https:\/\/tuzlainfo.ba\/?s={search_term_string}\"},\"query-input\":{\"@type\":\"PropertyValueSpecification\",\"valueRequired\":true,\"valueName\":\"search_term_string\"}}],\"inLanguage\":\"bs-BA\"},{\"@type\":\"Organization\",\"@id\":\"https:\/\/tuzlainfo.ba\/#organization\",\"name\":\"TuzlaInfo.ba\",\"url\":\"https:\/\/tuzlainfo.ba\/\",\"logo\":{\"@type\":\"ImageObject\",\"inLanguage\":\"bs-BA\",\"@id\":\"https:\/\/tuzlainfo.ba\/#\/schema\/logo\/image\/\",\"url\":\"https:\/\/tuzlainfo.ba\/wp-content\/uploads\/2021\/03\/logo-ver-3-1.png\",\"contentUrl\":\"https:\/\/tuzlainfo.ba\/wp-content\/uploads\/2021\/03\/logo-ver-3-1.png\",\"width\":350,\"height\":95,\"caption\":\"TuzlaInfo.ba\"},\"image\":{\"@id\":\"https:\/\/tuzlainfo.ba\/#\/schema\/logo\/image\/\"},\"sameAs\":[\"https:\/\/www.facebook.com\/tuzlainfo.ba\/\"]},{\"@type\":\"Person\",\"@id\":\"https:\/\/tuzlainfo.ba\/#\/schema\/person\/f4ebe4fff27e68efb65fa7e18f8af372\",\"name\":\"admin2\",\"image\":{\"@type\":\"ImageObject\",\"inLanguage\":\"bs-BA\",\"@id\":\"https:\/\/tuzlainfo.ba\/#\/schema\/person\/image\/\",\"url\":\"https:\/\/tuzlainfo.ba\/wp-content\/litespeed\/avatar\/8219eeb9a43cff2d096e773737736f62.jpg?ver=1777309398\",\"contentUrl\":\"https:\/\/tuzlainfo.ba\/wp-content\/litespeed\/avatar\/8219eeb9a43cff2d096e773737736f62.jpg?ver=1777309398\",\"caption\":\"admin2\"},\"description\":\"Tuzlainfo.ba pratite na dru\u0161tvenim mre\u017eama: Facebook, Instagram i Youtube. Svoje pri\u010de, upite i fotografije \u0161aljite na na\u0161u e-mail adresu.\",\"sameAs\":[\"admin\"]}]}<\/script>\n<!-- \/ Yoast SEO plugin. -->","yoast_head_json":{"title":"Vllasi: Oru\u017eje teroristi\u010dke grupe nije iz Tuzle, ve\u0107 iz vojnog arsenala; sve je pripremao \u0161tab - TuzlaInfo.ba","robots":{"index":"index","follow":"follow","max-snippet":"max-snippet:-1","max-image-preview":"max-image-preview:large","max-video-preview":"max-video-preview:-1"},"canonical":"https:\/\/tuzlainfo.ba\/index.php\/bosna-i-hercegovina\/item\/218986-vllasi-oruzje-teroristicke-grupe-nije-iz-tuzle-vec-iz-vojnog-arsenala-sve-je-pripremao-stab\/","og_locale":"bs_BA","og_type":"article","og_title":"Vllasi: Oru\u017eje teroristi\u010dke grupe nije iz Tuzle, ve\u0107 iz vojnog arsenala; sve je pripremao \u0161tab - TuzlaInfo.ba","og_description":"Ni\u0161ta od onoga \u0161to je za javnost re\u010deno preko advokata i kod tu\u017eioca nije Radoi\u010di\u0107evo,&hellip;","og_url":"https:\/\/tuzlainfo.ba\/index.php\/bosna-i-hercegovina\/item\/218986-vllasi-oruzje-teroristicke-grupe-nije-iz-tuzle-vec-iz-vojnog-arsenala-sve-je-pripremao-stab\/","og_site_name":"TuzlaInfo.ba","article_publisher":"https:\/\/www.facebook.com\/tuzlainfo.ba\/","article_published_time":"2023-10-06T06:57:15+00:00","og_image":[{"width":800,"height":523,"url":"https:\/\/tuzlainfo.ba\/wp-content\/uploads\/2021\/04\/2404_azem_vlasi.jpg","type":"image\/jpeg"}],"author":"admin2","twitter_card":"summary_large_image","twitter_misc":{"Written by":"admin2","Est. reading time":"2 minute"},"schema":{"@context":"https:\/\/schema.org","@graph":[{"@type":"Article","@id":"https:\/\/tuzlainfo.ba\/index.php\/bosna-i-hercegovina\/item\/218986-vllasi-oruzje-teroristicke-grupe-nije-iz-tuzle-vec-iz-vojnog-arsenala-sve-je-pripremao-stab\/#article","isPartOf":{"@id":"https:\/\/tuzlainfo.ba\/index.php\/bosna-i-hercegovina\/item\/218986-vllasi-oruzje-teroristicke-grupe-nije-iz-tuzle-vec-iz-vojnog-arsenala-sve-je-pripremao-stab\/"},"author":{"name":"admin2","@id":"https:\/\/tuzlainfo.ba\/#\/schema\/person\/f4ebe4fff27e68efb65fa7e18f8af372"},"headline":"Vllasi: Oru\u017eje teroristi\u010dke grupe nije iz Tuzle, ve\u0107 iz vojnog arsenala; sve je pripremao \u0161tab","datePublished":"2023-10-06T06:57:15+00:00","dateModified":"2023-10-06T06:57:15+00:00","mainEntityOfPage":{"@id":"https:\/\/tuzlainfo.ba\/index.php\/bosna-i-hercegovina\/item\/218986-vllasi-oruzje-teroristicke-grupe-nije-iz-tuzle-vec-iz-vojnog-arsenala-sve-je-pripremao-stab\/"},"wordCount":465,"commentCount":0,"publisher":{"@id":"https:\/\/tuzlainfo.ba\/#organization"},"image":{"@id":"https:\/\/tuzlainfo.ba\/index.php\/bosna-i-hercegovina\/item\/218986-vllasi-oruzje-teroristicke-grupe-nije-iz-tuzle-vec-iz-vojnog-arsenala-sve-je-pripremao-stab\/#primaryimage"},"thumbnailUrl":"https:\/\/tuzlainfo.ba\/wp-content\/uploads\/2021\/04\/2404_azem_vlasi.jpg","keywords":["azem vlasi"],"articleSection":["Bosna i Hercegovina"],"inLanguage":"bs-BA"},{"@type":"WebPage","@id":"https:\/\/tuzlainfo.ba\/index.php\/bosna-i-hercegovina\/item\/218986-vllasi-oruzje-teroristicke-grupe-nije-iz-tuzle-vec-iz-vojnog-arsenala-sve-je-pripremao-stab\/","url":"https:\/\/tuzlainfo.ba\/index.php\/bosna-i-hercegovina\/item\/218986-vllasi-oruzje-teroristicke-grupe-nije-iz-tuzle-vec-iz-vojnog-arsenala-sve-je-pripremao-stab\/","name":"Vllasi: Oru\u017eje teroristi\u010dke grupe nije iz Tuzle, ve\u0107 iz vojnog arsenala; sve je pripremao \u0161tab - TuzlaInfo.ba","isPartOf":{"@id":"https:\/\/tuzlainfo.ba\/#website"},"primaryImageOfPage":{"@id":"https:\/\/tuzlainfo.ba\/index.php\/bosna-i-hercegovina\/item\/218986-vllasi-oruzje-teroristicke-grupe-nije-iz-tuzle-vec-iz-vojnog-arsenala-sve-je-pripremao-stab\/#primaryimage"},"image":{"@id":"https:\/\/tuzlainfo.ba\/index.php\/bosna-i-hercegovina\/item\/218986-vllasi-oruzje-teroristicke-grupe-nije-iz-tuzle-vec-iz-vojnog-arsenala-sve-je-pripremao-stab\/#primaryimage"},"thumbnailUrl":"https:\/\/tuzlainfo.ba\/wp-content\/uploads\/2021\/04\/2404_azem_vlasi.jpg","datePublished":"2023-10-06T06:57:15+00:00","dateModified":"2023-10-06T06:57:15+00:00","breadcrumb":{"@id":"https:\/\/tuzlainfo.ba\/index.php\/bosna-i-hercegovina\/item\/218986-vllasi-oruzje-teroristicke-grupe-nije-iz-tuzle-vec-iz-vojnog-arsenala-sve-je-pripremao-stab\/#breadcrumb"},"inLanguage":"bs-BA","potentialAction":[{"@type":"ReadAction","target":["https:\/\/tuzlainfo.ba\/index.php\/bosna-i-hercegovina\/item\/218986-vllasi-oruzje-teroristicke-grupe-nije-iz-tuzle-vec-iz-vojnog-arsenala-sve-je-pripremao-stab\/"]}]},{"@type":"ImageObject","inLanguage":"bs-BA","@id":"https:\/\/tuzlainfo.ba\/index.php\/bosna-i-hercegovina\/item\/218986-vllasi-oruzje-teroristicke-grupe-nije-iz-tuzle-vec-iz-vojnog-arsenala-sve-je-pripremao-stab\/#primaryimage","url":"https:\/\/tuzlainfo.ba\/wp-content\/uploads\/2021\/04\/2404_azem_vlasi.jpg","contentUrl":"https:\/\/tuzlainfo.ba\/wp-content\/uploads\/2021\/04\/2404_azem_vlasi.jpg","width":800,"height":523},{"@type":"BreadcrumbList","@id":"https:\/\/tuzlainfo.ba\/index.php\/bosna-i-hercegovina\/item\/218986-vllasi-oruzje-teroristicke-grupe-nije-iz-tuzle-vec-iz-vojnog-arsenala-sve-je-pripremao-stab\/#breadcrumb","itemListElement":[{"@type":"ListItem","position":1,"name":"Home","item":"https:\/\/tuzlainfo.ba\/"},{"@type":"ListItem","position":2,"name":"Vllasi: Oru\u017eje teroristi\u010dke grupe nije iz Tuzle, ve\u0107 iz vojnog arsenala; sve je pripremao \u0161tab"}]},{"@type":"WebSite","@id":"https:\/\/tuzlainfo.ba\/#website","url":"https:\/\/tuzlainfo.ba\/","name":"TuzlaInfo.ba","description":"Tuzla info, gradski informator - Tuzla na dlanu","publisher":{"@id":"https:\/\/tuzlainfo.ba\/#organization"},"potentialAction":[{"@type":"SearchAction","target":{"@type":"EntryPoint","urlTemplate":"https:\/\/tuzlainfo.ba\/?s={search_term_string}"},"query-input":{"@type":"PropertyValueSpecification","valueRequired":true,"valueName":"search_term_string"}}],"inLanguage":"bs-BA"},{"@type":"Organization","@id":"https:\/\/tuzlainfo.ba\/#organization","name":"TuzlaInfo.ba","url":"https:\/\/tuzlainfo.ba\/","logo":{"@type":"ImageObject","inLanguage":"bs-BA","@id":"https:\/\/tuzlainfo.ba\/#\/schema\/logo\/image\/","url":"https:\/\/tuzlainfo.ba\/wp-content\/uploads\/2021\/03\/logo-ver-3-1.png","contentUrl":"https:\/\/tuzlainfo.ba\/wp-content\/uploads\/2021\/03\/logo-ver-3-1.png","width":350,"height":95,"caption":"TuzlaInfo.ba"},"image":{"@id":"https:\/\/tuzlainfo.ba\/#\/schema\/logo\/image\/"},"sameAs":["https:\/\/www.facebook.com\/tuzlainfo.ba\/"]},{"@type":"Person","@id":"https:\/\/tuzlainfo.ba\/#\/schema\/person\/f4ebe4fff27e68efb65fa7e18f8af372","name":"admin2","image":{"@type":"ImageObject","inLanguage":"bs-BA","@id":"https:\/\/tuzlainfo.ba\/#\/schema\/person\/image\/","url":"https:\/\/tuzlainfo.ba\/wp-content\/litespeed\/avatar\/8219eeb9a43cff2d096e773737736f62.jpg?ver=1777309398","contentUrl":"https:\/\/tuzlainfo.ba\/wp-content\/litespeed\/avatar\/8219eeb9a43cff2d096e773737736f62.jpg?ver=1777309398","caption":"admin2"},"description":"Tuzlainfo.ba pratite na dru\u0161tvenim mre\u017eama: Facebook, Instagram i Youtube. Svoje pri\u010de, upite i fotografije \u0161aljite na na\u0161u e-mail adresu.","sameAs":["admin"]}]}},"_links":{"self":[{"href":"https:\/\/tuzlainfo.ba\/index.php\/wp-json\/wp\/v2\/posts\/218986"}],"collection":[{"href":"https:\/\/tuzlainfo.ba\/index.php\/wp-json\/wp\/v2\/posts"}],"about":[{"href":"https:\/\/tuzlainfo.ba\/index.php\/wp-json\/wp\/v2\/types\/post"}],"author":[{"embeddable":true,"href":"https:\/\/tuzlainfo.ba\/index.php\/wp-json\/wp\/v2\/users\/3"}],"replies":[{"embeddable":true,"href":"https:\/\/tuzlainfo.ba\/index.php\/wp-json\/wp\/v2\/comments?post=218986"}],"version-history":[{"count":1,"href":"https:\/\/tuzlainfo.ba\/index.php\/wp-json\/wp\/v2\/posts\/218986\/revisions"}],"predecessor-version":[{"id":218988,"href":"https:\/\/tuzlainfo.ba\/index.php\/wp-json\/wp\/v2\/posts\/218986\/revisions\/218988"}],"wp:featuredmedia":[{"embeddable":true,"href":"https:\/\/tuzlainfo.ba\/index.php\/wp-json\/wp\/v2\/media\/136196"}],"wp:attachment":[{"href":"https:\/\/tuzlainfo.ba\/index.php\/wp-json\/wp\/v2\/media?parent=218986"}],"wp:term":[{"taxonomy":"category","embeddable":true,"href":"https:\/\/tuzlainfo.ba\/index.php\/wp-json\/wp\/v2\/categories?post=218986"},{"taxonomy":"post_tag","embeddable":true,"href":"https:\/\/tuzlainfo.ba\/index.php\/wp-json\/wp\/v2\/tags?post=218986"}],"curies":[{"name":"wp","href":"https:\/\/api.w.org\/{rel}","templated":true}]}}