{"id":218963,"date":"2023-10-05T21:28:59","date_gmt":"2023-10-05T19:28:59","guid":{"rendered":"https:\/\/tuzlainfo.ba\/?p=218963"},"modified":"2023-10-05T21:28:59","modified_gmt":"2023-10-05T19:28:59","slug":"novi-ustupak-trojke-i-u-menadzmentu-jp-ceste-fbih-jedan-bosnjak-manje","status":"publish","type":"post","link":"https:\/\/tuzlainfo.ba\/index.php\/bosna-i-hercegovina\/item\/218963-novi-ustupak-trojke-i-u-menadzmentu-jp-ceste-fbih-jedan-bosnjak-manje\/","title":{"rendered":"Novi ustupak &#8220;Trojke&#8221;: I u menad\u017ementu JP Ceste FBiH jedan Bo\u0161njak manje"},"content":{"rendered":"<p>Iako su iz stranaka \u201eTrojke\u201c najavljivali da \u0107e u zamjenu za prepu\u0161tenu poziciju direktora JP Autoceste FBiH od HDZ-a dobiti na upravljanje drugo preduze\u0107e iz istog resora, JP Ceste FBiH, na posljednjoj sjednici Vlade FBiH su se te najave ispostavile kao neta\u010dne.<\/p>\n<p>HDZ-ov direktor JP Ceste FBiH\u00a0<strong>Ljubo Pravdi\u0107<\/strong>, prema odluci Vlade Nermina Nik\u0161i\u0107a, ostaje na poziciji koju je do sada obna\u0161ao,\u00a0<strong>te \u0107e u ovom mandatu Dragan \u010covi\u0107 upravljati cjelokupnim sektorom izgradnje saobra\u0107ajne infrastrukture,<\/strong>\u00a0s obzirom da,<strong> pored Autocesta i Cesta, HDZ rukovodi i resornim Ministarstvom prometa i komunikacija FBiH.<\/strong><\/p>\n<p>Me\u0111utim, u JP Ceste FBiH do\u0161lo je do promjena, pa \u0107e na poziciji izvr\u0161nog direktora za ekonomske i pravne poslove\u00a0<strong>Bekira Isakovi\u0107a, Bo\u0161njaka iz Stoca,<\/strong>\u00a0zamijeniti njegov sugra\u0111anin,\u00a0<strong>Hrvat Luka Ragu\u017e.<\/strong><\/p>\n<p><strong>Time je dodatno reduciran broj rukovode\u0107ih pozicija na dr\u017eavnom i federalnom nivou koje obna\u0161aju pripadnici bo\u0161nja\u010dkog naroda<\/strong>, na \u0161to je na dana\u0161njoj sjednici Doma naroda Parlamenta FBiH jo\u0161 jednom upozorio \u0161ef Kluba Bo\u0161njaka\u00a0<strong>Muamer Zuki\u0107.<\/strong><\/p>\n<p>Novi izvr\u0161ni direktor JP Ceste FBiH Luka Ragu\u017e je od ranije poznat javnosti, a u fokus je dospio nakon \u0161to je njegova kompanija\u00a0<strong>Mil Company od Fonda za zapo\u0161ljavanje i profesionalnu rehabilitaciju osoba sa invaliditetom dobijala ve\u0107e iznose novca i to po odluci Komisije za vrednovanje programa \u010diji je \u010dlan bio Ragu\u017eov sugra\u0111anin i strana\u010dki kolega Nerin Dizdar<\/strong>, aktuelni federalni ministar raseljenih osoba i izbjeglica.<\/p>\n<p>Ragu\u017eova kompanija je od Fonda 2018. godine dobila 21.000 KM za nabavku vozila marke Mercedes Benz Sprinter, 2.000 KM za nabavku repromaterijala za uzgoj povr\u0107a u plasteniku, 23.020 KM za nabavku greda i panela, te 1.979 KM za nabavku armaturne \u0161ipke. Prema pisanju medija, ista kompanija je 2017. godine dobila preko 100.000 KM.<\/p>\n<p>Biv\u0161i predsjednik Op\u0107inskog odbora SDP-a Stolac\u00a0<strong>Timur Hara\u010di\u0107<\/strong>\u00a0je krajem 2020. godine napustio tu stranku, a pri napu\u0161tanju je u saop\u0107enju za javnost\u00a0<strong>iznio niz optu\u017ebi na ra\u010dun rukovodstva SDP-a, ali i na ra\u010dun upravo Luke Ragu\u017ea<\/strong>, za kojeg je ustvrdio da je na Lokalnim izborima te godine radio u interesu HDZ-a BiH.<\/p>\n<p>Nakon \u0161to je imao \u201esre\u0107e\u201c sa javnim pozivima za dodjelu bud\u017eetskog novca u institucijama kojima su rukovodile njegove strana\u010dke kolege i kom\u0161ije,\u00a0<strong>Ragu\u017eu se ponovo posre\u0107ilo i to ba\u0161 u vlasti sa HDZ-om BiH, pa \u0107e u narednom mandatu kao kadar \u201eTrojke\u201c i HDZ-a upravljati ekonomskim i pravnim poslovima u JP Ceste FBiH.<\/strong>\/Slobodna Bosna\/<\/p>\n","protected":false},"excerpt":{"rendered":"<p>Iako su iz stranaka \u201eTrojke\u201c najavljivali da \u0107e u zamjenu za prepu\u0161tenu poziciju direktora JP&hellip;<\/p>\n","protected":false},"author":2,"featured_media":200507,"comment_status":"open","ping_status":"closed","sticky":false,"template":"","format":"standard","meta":{"_acf_changed":false,"footnotes":""},"categories":[291],"tags":[8416,542,2784],"acf":[],"yoast_head":"<!-- This site is optimized with the Yoast SEO plugin v23.5 - https:\/\/yoast.com\/wordpress\/plugins\/seo\/ -->\n<title>Novi ustupak &quot;Trojke&quot;: I u menad\u017ementu JP Ceste FBiH jedan Bo\u0161njak manje - TuzlaInfo.ba<\/title>\n<meta name=\"robots\" content=\"index, follow, max-snippet:-1, max-image-preview:large, max-video-preview:-1\" \/>\n<link rel=\"canonical\" href=\"https:\/\/tuzlainfo.ba\/index.php\/bosna-i-hercegovina\/item\/218963-novi-ustupak-trojke-i-u-menadzmentu-jp-ceste-fbih-jedan-bosnjak-manje\/\" \/>\n<meta property=\"og:locale\" content=\"bs_BA\" \/>\n<meta property=\"og:type\" content=\"article\" \/>\n<meta property=\"og:title\" content=\"Novi ustupak &quot;Trojke&quot;: I u menad\u017ementu JP Ceste FBiH jedan Bo\u0161njak manje - TuzlaInfo.ba\" \/>\n<meta property=\"og:description\" content=\"Iako su iz stranaka \u201eTrojke\u201c najavljivali da \u0107e u zamjenu za prepu\u0161tenu poziciju direktora JP&hellip;\" \/>\n<meta property=\"og:url\" content=\"https:\/\/tuzlainfo.ba\/index.php\/bosna-i-hercegovina\/item\/218963-novi-ustupak-trojke-i-u-menadzmentu-jp-ceste-fbih-jedan-bosnjak-manje\/\" \/>\n<meta property=\"og:site_name\" content=\"TuzlaInfo.ba\" \/>\n<meta property=\"article:publisher\" content=\"https:\/\/www.facebook.com\/tuzlainfo.ba\/\" \/>\n<meta property=\"article:published_time\" content=\"2023-10-05T19:28:59+00:00\" \/>\n<meta property=\"og:image\" content=\"https:\/\/tuzlainfo.ba\/wp-content\/uploads\/2023\/03\/2403_covic_niksic.jpg\" \/>\n\t<meta property=\"og:image:width\" content=\"1000\" \/>\n\t<meta property=\"og:image:height\" content=\"666\" \/>\n\t<meta property=\"og:image:type\" content=\"image\/jpeg\" \/>\n<meta name=\"author\" content=\"nedim\" \/>\n<meta name=\"twitter:card\" content=\"summary_large_image\" \/>\n<meta name=\"twitter:label1\" content=\"Written by\" \/>\n\t<meta name=\"twitter:data1\" content=\"nedim\" \/>\n\t<meta name=\"twitter:label2\" content=\"Est. reading time\" \/>\n\t<meta name=\"twitter:data2\" content=\"2 minute\" \/>\n<script type=\"application\/ld+json\" class=\"yoast-schema-graph\">{\"@context\":\"https:\/\/schema.org\",\"@graph\":[{\"@type\":\"Article\",\"@id\":\"https:\/\/tuzlainfo.ba\/index.php\/bosna-i-hercegovina\/item\/218963-novi-ustupak-trojke-i-u-menadzmentu-jp-ceste-fbih-jedan-bosnjak-manje\/#article\",\"isPartOf\":{\"@id\":\"https:\/\/tuzlainfo.ba\/index.php\/bosna-i-hercegovina\/item\/218963-novi-ustupak-trojke-i-u-menadzmentu-jp-ceste-fbih-jedan-bosnjak-manje\/\"},\"author\":{\"name\":\"nedim\",\"@id\":\"https:\/\/tuzlainfo.ba\/#\/schema\/person\/f434e20dc27ea133923aab08451b7f7f\"},\"headline\":\"Novi ustupak &#8220;Trojke&#8221;: I u menad\u017ementu JP Ceste FBiH jedan Bo\u0161njak manje\",\"datePublished\":\"2023-10-05T19:28:59+00:00\",\"dateModified\":\"2023-10-05T19:28:59+00:00\",\"mainEntityOfPage\":{\"@id\":\"https:\/\/tuzlainfo.ba\/index.php\/bosna-i-hercegovina\/item\/218963-novi-ustupak-trojke-i-u-menadzmentu-jp-ceste-fbih-jedan-bosnjak-manje\/\"},\"wordCount\":432,\"commentCount\":0,\"publisher\":{\"@id\":\"https:\/\/tuzlainfo.ba\/#organization\"},\"image\":{\"@id\":\"https:\/\/tuzlainfo.ba\/index.php\/bosna-i-hercegovina\/item\/218963-novi-ustupak-trojke-i-u-menadzmentu-jp-ceste-fbih-jedan-bosnjak-manje\/#primaryimage\"},\"thumbnailUrl\":\"https:\/\/tuzlainfo.ba\/wp-content\/uploads\/2023\/03\/2403_covic_niksic.jpg\",\"keywords\":[\"JP Ceste FBiH\",\"nermin nik\u0161i\u0107\",\"trojka\"],\"articleSection\":[\"Bosna i Hercegovina\"],\"inLanguage\":\"bs-BA\"},{\"@type\":\"WebPage\",\"@id\":\"https:\/\/tuzlainfo.ba\/index.php\/bosna-i-hercegovina\/item\/218963-novi-ustupak-trojke-i-u-menadzmentu-jp-ceste-fbih-jedan-bosnjak-manje\/\",\"url\":\"https:\/\/tuzlainfo.ba\/index.php\/bosna-i-hercegovina\/item\/218963-novi-ustupak-trojke-i-u-menadzmentu-jp-ceste-fbih-jedan-bosnjak-manje\/\",\"name\":\"Novi ustupak \\\"Trojke\\\": I u menad\u017ementu JP Ceste FBiH jedan Bo\u0161njak manje - TuzlaInfo.ba\",\"isPartOf\":{\"@id\":\"https:\/\/tuzlainfo.ba\/#website\"},\"primaryImageOfPage\":{\"@id\":\"https:\/\/tuzlainfo.ba\/index.php\/bosna-i-hercegovina\/item\/218963-novi-ustupak-trojke-i-u-menadzmentu-jp-ceste-fbih-jedan-bosnjak-manje\/#primaryimage\"},\"image\":{\"@id\":\"https:\/\/tuzlainfo.ba\/index.php\/bosna-i-hercegovina\/item\/218963-novi-ustupak-trojke-i-u-menadzmentu-jp-ceste-fbih-jedan-bosnjak-manje\/#primaryimage\"},\"thumbnailUrl\":\"https:\/\/tuzlainfo.ba\/wp-content\/uploads\/2023\/03\/2403_covic_niksic.jpg\",\"datePublished\":\"2023-10-05T19:28:59+00:00\",\"dateModified\":\"2023-10-05T19:28:59+00:00\",\"breadcrumb\":{\"@id\":\"https:\/\/tuzlainfo.ba\/index.php\/bosna-i-hercegovina\/item\/218963-novi-ustupak-trojke-i-u-menadzmentu-jp-ceste-fbih-jedan-bosnjak-manje\/#breadcrumb\"},\"inLanguage\":\"bs-BA\",\"potentialAction\":[{\"@type\":\"ReadAction\",\"target\":[\"https:\/\/tuzlainfo.ba\/index.php\/bosna-i-hercegovina\/item\/218963-novi-ustupak-trojke-i-u-menadzmentu-jp-ceste-fbih-jedan-bosnjak-manje\/\"]}]},{\"@type\":\"ImageObject\",\"inLanguage\":\"bs-BA\",\"@id\":\"https:\/\/tuzlainfo.ba\/index.php\/bosna-i-hercegovina\/item\/218963-novi-ustupak-trojke-i-u-menadzmentu-jp-ceste-fbih-jedan-bosnjak-manje\/#primaryimage\",\"url\":\"https:\/\/tuzlainfo.ba\/wp-content\/uploads\/2023\/03\/2403_covic_niksic.jpg\",\"contentUrl\":\"https:\/\/tuzlainfo.ba\/wp-content\/uploads\/2023\/03\/2403_covic_niksic.jpg\",\"width\":1000,\"height\":666},{\"@type\":\"BreadcrumbList\",\"@id\":\"https:\/\/tuzlainfo.ba\/index.php\/bosna-i-hercegovina\/item\/218963-novi-ustupak-trojke-i-u-menadzmentu-jp-ceste-fbih-jedan-bosnjak-manje\/#breadcrumb\",\"itemListElement\":[{\"@type\":\"ListItem\",\"position\":1,\"name\":\"Home\",\"item\":\"https:\/\/tuzlainfo.ba\/\"},{\"@type\":\"ListItem\",\"position\":2,\"name\":\"Novi ustupak &#8220;Trojke&#8221;: I u menad\u017ementu JP Ceste FBiH jedan Bo\u0161njak manje\"}]},{\"@type\":\"WebSite\",\"@id\":\"https:\/\/tuzlainfo.ba\/#website\",\"url\":\"https:\/\/tuzlainfo.ba\/\",\"name\":\"TuzlaInfo.ba\",\"description\":\"Tuzla info, gradski informator - Tuzla na dlanu\",\"publisher\":{\"@id\":\"https:\/\/tuzlainfo.ba\/#organization\"},\"potentialAction\":[{\"@type\":\"SearchAction\",\"target\":{\"@type\":\"EntryPoint\",\"urlTemplate\":\"https:\/\/tuzlainfo.ba\/?s={search_term_string}\"},\"query-input\":{\"@type\":\"PropertyValueSpecification\",\"valueRequired\":true,\"valueName\":\"search_term_string\"}}],\"inLanguage\":\"bs-BA\"},{\"@type\":\"Organization\",\"@id\":\"https:\/\/tuzlainfo.ba\/#organization\",\"name\":\"TuzlaInfo.ba\",\"url\":\"https:\/\/tuzlainfo.ba\/\",\"logo\":{\"@type\":\"ImageObject\",\"inLanguage\":\"bs-BA\",\"@id\":\"https:\/\/tuzlainfo.ba\/#\/schema\/logo\/image\/\",\"url\":\"https:\/\/tuzlainfo.ba\/wp-content\/uploads\/2021\/03\/logo-ver-3-1.png\",\"contentUrl\":\"https:\/\/tuzlainfo.ba\/wp-content\/uploads\/2021\/03\/logo-ver-3-1.png\",\"width\":350,\"height\":95,\"caption\":\"TuzlaInfo.ba\"},\"image\":{\"@id\":\"https:\/\/tuzlainfo.ba\/#\/schema\/logo\/image\/\"},\"sameAs\":[\"https:\/\/www.facebook.com\/tuzlainfo.ba\/\"]},{\"@type\":\"Person\",\"@id\":\"https:\/\/tuzlainfo.ba\/#\/schema\/person\/f434e20dc27ea133923aab08451b7f7f\",\"name\":\"nedim\",\"image\":{\"@type\":\"ImageObject\",\"inLanguage\":\"bs-BA\",\"@id\":\"https:\/\/tuzlainfo.ba\/#\/schema\/person\/image\/\",\"url\":\"https:\/\/tuzlainfo.ba\/wp-content\/litespeed\/avatar\/aabad687af24844af817603ac1cbdc4f.jpg?ver=1776702173\",\"contentUrl\":\"https:\/\/tuzlainfo.ba\/wp-content\/litespeed\/avatar\/aabad687af24844af817603ac1cbdc4f.jpg?ver=1776702173\",\"caption\":\"nedim\"},\"description\":\"Tuzlainfo.ba pratite na dru\u0161tvenim mre\u017eama: Facebook, Instagram i Youtube. Svoje pri\u010de, upite i fotografije \u0161aljite na na\u0161u e-mail adresu.\"}]}<\/script>\n<!-- \/ Yoast SEO plugin. -->","yoast_head_json":{"title":"Novi ustupak \"Trojke\": I u menad\u017ementu JP Ceste FBiH jedan Bo\u0161njak manje - TuzlaInfo.ba","robots":{"index":"index","follow":"follow","max-snippet":"max-snippet:-1","max-image-preview":"max-image-preview:large","max-video-preview":"max-video-preview:-1"},"canonical":"https:\/\/tuzlainfo.ba\/index.php\/bosna-i-hercegovina\/item\/218963-novi-ustupak-trojke-i-u-menadzmentu-jp-ceste-fbih-jedan-bosnjak-manje\/","og_locale":"bs_BA","og_type":"article","og_title":"Novi ustupak \"Trojke\": I u menad\u017ementu JP Ceste FBiH jedan Bo\u0161njak manje - TuzlaInfo.ba","og_description":"Iako su iz stranaka \u201eTrojke\u201c najavljivali da \u0107e u zamjenu za prepu\u0161tenu poziciju direktora JP&hellip;","og_url":"https:\/\/tuzlainfo.ba\/index.php\/bosna-i-hercegovina\/item\/218963-novi-ustupak-trojke-i-u-menadzmentu-jp-ceste-fbih-jedan-bosnjak-manje\/","og_site_name":"TuzlaInfo.ba","article_publisher":"https:\/\/www.facebook.com\/tuzlainfo.ba\/","article_published_time":"2023-10-05T19:28:59+00:00","og_image":[{"width":1000,"height":666,"url":"https:\/\/tuzlainfo.ba\/wp-content\/uploads\/2023\/03\/2403_covic_niksic.jpg","type":"image\/jpeg"}],"author":"nedim","twitter_card":"summary_large_image","twitter_misc":{"Written by":"nedim","Est. reading time":"2 minute"},"schema":{"@context":"https:\/\/schema.org","@graph":[{"@type":"Article","@id":"https:\/\/tuzlainfo.ba\/index.php\/bosna-i-hercegovina\/item\/218963-novi-ustupak-trojke-i-u-menadzmentu-jp-ceste-fbih-jedan-bosnjak-manje\/#article","isPartOf":{"@id":"https:\/\/tuzlainfo.ba\/index.php\/bosna-i-hercegovina\/item\/218963-novi-ustupak-trojke-i-u-menadzmentu-jp-ceste-fbih-jedan-bosnjak-manje\/"},"author":{"name":"nedim","@id":"https:\/\/tuzlainfo.ba\/#\/schema\/person\/f434e20dc27ea133923aab08451b7f7f"},"headline":"Novi ustupak &#8220;Trojke&#8221;: I u menad\u017ementu JP Ceste FBiH jedan Bo\u0161njak manje","datePublished":"2023-10-05T19:28:59+00:00","dateModified":"2023-10-05T19:28:59+00:00","mainEntityOfPage":{"@id":"https:\/\/tuzlainfo.ba\/index.php\/bosna-i-hercegovina\/item\/218963-novi-ustupak-trojke-i-u-menadzmentu-jp-ceste-fbih-jedan-bosnjak-manje\/"},"wordCount":432,"commentCount":0,"publisher":{"@id":"https:\/\/tuzlainfo.ba\/#organization"},"image":{"@id":"https:\/\/tuzlainfo.ba\/index.php\/bosna-i-hercegovina\/item\/218963-novi-ustupak-trojke-i-u-menadzmentu-jp-ceste-fbih-jedan-bosnjak-manje\/#primaryimage"},"thumbnailUrl":"https:\/\/tuzlainfo.ba\/wp-content\/uploads\/2023\/03\/2403_covic_niksic.jpg","keywords":["JP Ceste FBiH","nermin nik\u0161i\u0107","trojka"],"articleSection":["Bosna i Hercegovina"],"inLanguage":"bs-BA"},{"@type":"WebPage","@id":"https:\/\/tuzlainfo.ba\/index.php\/bosna-i-hercegovina\/item\/218963-novi-ustupak-trojke-i-u-menadzmentu-jp-ceste-fbih-jedan-bosnjak-manje\/","url":"https:\/\/tuzlainfo.ba\/index.php\/bosna-i-hercegovina\/item\/218963-novi-ustupak-trojke-i-u-menadzmentu-jp-ceste-fbih-jedan-bosnjak-manje\/","name":"Novi ustupak \"Trojke\": I u menad\u017ementu JP Ceste FBiH jedan Bo\u0161njak manje - TuzlaInfo.ba","isPartOf":{"@id":"https:\/\/tuzlainfo.ba\/#website"},"primaryImageOfPage":{"@id":"https:\/\/tuzlainfo.ba\/index.php\/bosna-i-hercegovina\/item\/218963-novi-ustupak-trojke-i-u-menadzmentu-jp-ceste-fbih-jedan-bosnjak-manje\/#primaryimage"},"image":{"@id":"https:\/\/tuzlainfo.ba\/index.php\/bosna-i-hercegovina\/item\/218963-novi-ustupak-trojke-i-u-menadzmentu-jp-ceste-fbih-jedan-bosnjak-manje\/#primaryimage"},"thumbnailUrl":"https:\/\/tuzlainfo.ba\/wp-content\/uploads\/2023\/03\/2403_covic_niksic.jpg","datePublished":"2023-10-05T19:28:59+00:00","dateModified":"2023-10-05T19:28:59+00:00","breadcrumb":{"@id":"https:\/\/tuzlainfo.ba\/index.php\/bosna-i-hercegovina\/item\/218963-novi-ustupak-trojke-i-u-menadzmentu-jp-ceste-fbih-jedan-bosnjak-manje\/#breadcrumb"},"inLanguage":"bs-BA","potentialAction":[{"@type":"ReadAction","target":["https:\/\/tuzlainfo.ba\/index.php\/bosna-i-hercegovina\/item\/218963-novi-ustupak-trojke-i-u-menadzmentu-jp-ceste-fbih-jedan-bosnjak-manje\/"]}]},{"@type":"ImageObject","inLanguage":"bs-BA","@id":"https:\/\/tuzlainfo.ba\/index.php\/bosna-i-hercegovina\/item\/218963-novi-ustupak-trojke-i-u-menadzmentu-jp-ceste-fbih-jedan-bosnjak-manje\/#primaryimage","url":"https:\/\/tuzlainfo.ba\/wp-content\/uploads\/2023\/03\/2403_covic_niksic.jpg","contentUrl":"https:\/\/tuzlainfo.ba\/wp-content\/uploads\/2023\/03\/2403_covic_niksic.jpg","width":1000,"height":666},{"@type":"BreadcrumbList","@id":"https:\/\/tuzlainfo.ba\/index.php\/bosna-i-hercegovina\/item\/218963-novi-ustupak-trojke-i-u-menadzmentu-jp-ceste-fbih-jedan-bosnjak-manje\/#breadcrumb","itemListElement":[{"@type":"ListItem","position":1,"name":"Home","item":"https:\/\/tuzlainfo.ba\/"},{"@type":"ListItem","position":2,"name":"Novi ustupak &#8220;Trojke&#8221;: I u menad\u017ementu JP Ceste FBiH jedan Bo\u0161njak manje"}]},{"@type":"WebSite","@id":"https:\/\/tuzlainfo.ba\/#website","url":"https:\/\/tuzlainfo.ba\/","name":"TuzlaInfo.ba","description":"Tuzla info, gradski informator - Tuzla na dlanu","publisher":{"@id":"https:\/\/tuzlainfo.ba\/#organization"},"potentialAction":[{"@type":"SearchAction","target":{"@type":"EntryPoint","urlTemplate":"https:\/\/tuzlainfo.ba\/?s={search_term_string}"},"query-input":{"@type":"PropertyValueSpecification","valueRequired":true,"valueName":"search_term_string"}}],"inLanguage":"bs-BA"},{"@type":"Organization","@id":"https:\/\/tuzlainfo.ba\/#organization","name":"TuzlaInfo.ba","url":"https:\/\/tuzlainfo.ba\/","logo":{"@type":"ImageObject","inLanguage":"bs-BA","@id":"https:\/\/tuzlainfo.ba\/#\/schema\/logo\/image\/","url":"https:\/\/tuzlainfo.ba\/wp-content\/uploads\/2021\/03\/logo-ver-3-1.png","contentUrl":"https:\/\/tuzlainfo.ba\/wp-content\/uploads\/2021\/03\/logo-ver-3-1.png","width":350,"height":95,"caption":"TuzlaInfo.ba"},"image":{"@id":"https:\/\/tuzlainfo.ba\/#\/schema\/logo\/image\/"},"sameAs":["https:\/\/www.facebook.com\/tuzlainfo.ba\/"]},{"@type":"Person","@id":"https:\/\/tuzlainfo.ba\/#\/schema\/person\/f434e20dc27ea133923aab08451b7f7f","name":"nedim","image":{"@type":"ImageObject","inLanguage":"bs-BA","@id":"https:\/\/tuzlainfo.ba\/#\/schema\/person\/image\/","url":"https:\/\/tuzlainfo.ba\/wp-content\/litespeed\/avatar\/aabad687af24844af817603ac1cbdc4f.jpg?ver=1776702173","contentUrl":"https:\/\/tuzlainfo.ba\/wp-content\/litespeed\/avatar\/aabad687af24844af817603ac1cbdc4f.jpg?ver=1776702173","caption":"nedim"},"description":"Tuzlainfo.ba pratite na dru\u0161tvenim mre\u017eama: Facebook, Instagram i Youtube. Svoje pri\u010de, upite i fotografije \u0161aljite na na\u0161u e-mail adresu."}]}},"_links":{"self":[{"href":"https:\/\/tuzlainfo.ba\/index.php\/wp-json\/wp\/v2\/posts\/218963"}],"collection":[{"href":"https:\/\/tuzlainfo.ba\/index.php\/wp-json\/wp\/v2\/posts"}],"about":[{"href":"https:\/\/tuzlainfo.ba\/index.php\/wp-json\/wp\/v2\/types\/post"}],"author":[{"embeddable":true,"href":"https:\/\/tuzlainfo.ba\/index.php\/wp-json\/wp\/v2\/users\/2"}],"replies":[{"embeddable":true,"href":"https:\/\/tuzlainfo.ba\/index.php\/wp-json\/wp\/v2\/comments?post=218963"}],"version-history":[{"count":1,"href":"https:\/\/tuzlainfo.ba\/index.php\/wp-json\/wp\/v2\/posts\/218963\/revisions"}],"predecessor-version":[{"id":218964,"href":"https:\/\/tuzlainfo.ba\/index.php\/wp-json\/wp\/v2\/posts\/218963\/revisions\/218964"}],"wp:featuredmedia":[{"embeddable":true,"href":"https:\/\/tuzlainfo.ba\/index.php\/wp-json\/wp\/v2\/media\/200507"}],"wp:attachment":[{"href":"https:\/\/tuzlainfo.ba\/index.php\/wp-json\/wp\/v2\/media?parent=218963"}],"wp:term":[{"taxonomy":"category","embeddable":true,"href":"https:\/\/tuzlainfo.ba\/index.php\/wp-json\/wp\/v2\/categories?post=218963"},{"taxonomy":"post_tag","embeddable":true,"href":"https:\/\/tuzlainfo.ba\/index.php\/wp-json\/wp\/v2\/tags?post=218963"}],"curies":[{"name":"wp","href":"https:\/\/api.w.org\/{rel}","templated":true}]}}