{"id":218943,"date":"2023-10-05T16:56:50","date_gmt":"2023-10-05T14:56:50","guid":{"rendered":"https:\/\/tuzlainfo.ba\/?p=218943"},"modified":"2023-10-05T18:46:05","modified_gmt":"2023-10-05T16:46:05","slug":"otkriveno-ko-je-lijepio-plakate-podijeljene-bosne-i-hercegovine","status":"publish","type":"post","link":"https:\/\/tuzlainfo.ba\/index.php\/novosti\/item\/218943-otkriveno-ko-je-lijepio-plakate-podijeljene-bosne-i-hercegovine\/","title":{"rendered":"Otkriveno ko je lijepio plakate podijeljene Bosne i Hercegovine"},"content":{"rendered":"<p>U nekoliko bh. gradova, me\u0111u kojima je i Tuzla, pojavili su se plakati sa ilustracijom karte Bosne i Hercegovine preko koje je ucrtana linija podjele. Isti plakati su osvanuli i u Bijeljini i Br\u010dkom.<\/p>\n<p>Kasno poslijepodne otkriveno je ko je autor ilustracije. Naime, aktivisti Karton revolucije priznali su da su oni polijepili ove plakate.<\/p>\n<div>&#8220;Aktivisti pokreta Karton revolucija su sino\u0107 na ulicama Br\u010dkog, Bijeljine i Tuzle zalijepili plakate &#8220;Podjela za koju se borimo&#8221;.\u00a0 Linija koja se nalazi na fotografiji ne predstavlja podjelu Bosne i Hercegovine po dogovoru Cvetkovi\u0107-Ma\u010dek. Linija koja je predstavljena je trasa autoputa koridor Vc, generacijskog projekta koji \u0107e ujediniti \u010ditavu dr\u017eavu.<\/div>\n<div><\/div>\n<div>Ovom akcijom smo \u017eeljeli skrenuti pa\u017enju \u010ditavog regiona na \u010dinjenicu koliko smo zatrovano dru\u0161tvo. Karton revolucija je \u017eeljela dokazati da politi\u010dari nemaju pojma \u0161ta vide zato \u0161to je njihov pogled usmjeren isklju\u010divo ka pro\u0161losti umjesto ka budu\u0107nosti. \u017deljeli smo dokazati kako se truje narod, kako se izmi\u0161ljaju tenzije i da apsolutno niko, od onih koji nas predstavljaju, ne zna prepoznati ono \u0161to je o\u010digledno, najve\u0107i ekonomski projekat u dr\u017eavi. <b>Gerila marketingom smo \u017eeljeli dobiti pa\u017enju medija a koliko narod podr\u017eava stavove Karton revolucije mo\u017eete vidjeti na na\u0161em video sadr\u017eaju na dru\u0161tvenim mre\u017eama. Takvu podr\u0161ku nema nijedan politi\u010dar!\u00a0\u00a0<\/b><a href=\"https:\/\/www.facebook.com\/reel\/996643741560334\">https:\/\/www.facebook.com\/reel\/996643741560334<\/a><\/div>\n<div><\/div>\n<div>Od mr\u017enje i trovanja niko ne vidi budu\u0107nost. Kada na\u0161a dr\u017eava dobije ovu liniju, odnosno autoput, milioni turista iz centralne Evrope \u0107e ka Jadranu prolaziti od Doboja preko Sarajeva do Ljubu\u0161kog. Milioni ljudi nose milijarde eura a na\u0161e crkve, d\u017eamije, planine, kanjoni i rijeke su jako dobar mamac da ih ovdje ostave.<\/div>\n<div><\/div>\n<p>Ova linija \u0107e dalje &#8220;naljutiti&#8221; Tuzlu i Bijeljinu pa \u0107e je napasti sa novim brzim cestama, \u0161oping centrima i aerodromima kako bi i sebi uzeli koji milion. A Biha\u0107 i Krajina \u0107e odlu\u010dno probiti kanjon ka Prijedoru kako bi u Doboju postavili barikade sa plakatima Une u nadi da \u0107e \u0161to vi\u0161e Nijemaca i \u010ceha na putu do Sanskog Mosta ili Krupe preno\u0107ti u Banja Luci, dok \u0107e \u010ditavo Podrinje lagano trljati ruke prodavaju\u0107i zrak i vodu, bukvalno prodavaju\u0107i zrak.<\/p>\n<div>Mi smo zagovornici ove podjele Bosne i Hercegovine, jer jedina ne govori mi ili oni, nego govori i mi i oni. Svi oni koji su u ovome vidjeli neku drugu podjelu trebaju se zapitati.<br \/>\nOvo je jedina podjela koja je izvjesna da \u0107e se desiti a mi biramo da li \u0107e to biti za 5, 10 ili 50 godina.<b>Tako\u0111er, Karton revolucija \u017eeli na ovaj na\u010din napomenuti da regija sjeveroisto\u010dne Bosne nema nijedan kilometar autoputa&#8221; &#8211;\u00a0<\/b>stoji u saop\u0107enju Karton revolucije.<\/div>\n","protected":false},"excerpt":{"rendered":"<p>U nekoliko bh. gradova, me\u0111u kojima je i Tuzla, pojavili su se plakati sa ilustracijom karte Bosne i Hercegovine preko koje je ucrtana linija podjele. Isti plakati su osvanuli i u Bijeljini i Br\u010dkom. Kasno poslijepodne otkriveno je ko je autor ilustracije. Naime, aktivisti Karton revolucije priznali su da su oni polijepili ove plakate. &#8220;Aktivisti [&hellip;]<\/p>\n","protected":false},"author":4,"featured_media":218878,"comment_status":"open","ping_status":"closed","sticky":false,"template":"","format":"standard","meta":{"footnotes":""},"categories":[304,12,306],"tags":[4314],"class_list":["post-218943","post","type-post","status-publish","format-standard","has-post-thumbnail","hentry","category-istaknuto","category-novosti","category-preporucujemo","tag-karton-revolucija"],"yoast_head":"<!-- This site is optimized with the Yoast SEO plugin v28.4 - https:\/\/yoast.com\/product\/yoast-seo-wordpress\/ -->\n<title>Otkriveno ko je lijepio plakate podijeljene Bosne i Hercegovine<\/title>\n<meta name=\"robots\" content=\"index, follow, max-snippet:-1, max-image-preview:large, max-video-preview:-1\" \/>\n<link rel=\"canonical\" href=\"https:\/\/tuzlainfo.ba\/index.php\/novosti\/item\/218943-otkriveno-ko-je-lijepio-plakate-podijeljene-bosne-i-hercegovine\/\" \/>\n<meta property=\"og:locale\" content=\"bs_BA\" \/>\n<meta property=\"og:type\" content=\"article\" \/>\n<meta property=\"og:title\" content=\"Otkriveno ko je lijepio plakate podijeljene Bosne i Hercegovine\" \/>\n<meta property=\"og:description\" content=\"U nekoliko bh. gradova, me\u0111u kojima je i Tuzla, pojavili su se plakati sa ilustracijom karte Bosne i Hercegovine preko koje je ucrtana linija podjele. Isti plakati su osvanuli i u Bijeljini i Br\u010dkom. Kasno poslijepodne otkriveno je ko je autor ilustracije. Naime, aktivisti Karton revolucije priznali su da su oni polijepili ove plakate. &#8220;Aktivisti [&hellip;]\" \/>\n<meta property=\"og:url\" content=\"https:\/\/tuzlainfo.ba\/index.php\/novosti\/item\/218943-otkriveno-ko-je-lijepio-plakate-podijeljene-bosne-i-hercegovine\/\" \/>\n<meta property=\"og:site_name\" content=\"TuzlaInfo.ba\" \/>\n<meta property=\"article:publisher\" content=\"https:\/\/www.facebook.com\/tuzlainfo.ba\/\" \/>\n<meta property=\"article:published_time\" content=\"2023-10-05T14:56:50+00:00\" \/>\n<meta property=\"article:modified_time\" content=\"2023-10-05T16:46:05+00:00\" \/>\n<meta property=\"og:image\" content=\"https:\/\/tuzlainfo.ba\/wp-content\/uploads\/2023\/10\/0510_plakat_podjela.jpeg\" \/>\n\t<meta property=\"og:image:width\" content=\"900\" \/>\n\t<meta property=\"og:image:height\" content=\"625\" \/>\n\t<meta property=\"og:image:type\" content=\"image\/jpeg\" \/>\n<meta name=\"author\" content=\"Tuzla Info\" \/>\n<meta name=\"twitter:card\" content=\"summary_large_image\" \/>\n<meta name=\"twitter:label1\" content=\"Written by\" \/>\n\t<meta name=\"twitter:data1\" content=\"Tuzla Info\" \/>\n\t<meta name=\"twitter:label2\" content=\"Est. reading time\" \/>\n\t<meta name=\"twitter:data2\" content=\"2 minute\" \/>\n<script type=\"application\/ld+json\" class=\"yoast-schema-graph\">{\"@context\":\"https:\\\/\\\/schema.org\",\"@graph\":[{\"@type\":\"Article\",\"@id\":\"https:\\\/\\\/tuzlainfo.ba\\\/index.php\\\/novosti\\\/item\\\/218943-otkriveno-ko-je-lijepio-plakate-podijeljene-bosne-i-hercegovine\\\/#article\",\"isPartOf\":{\"@id\":\"https:\\\/\\\/tuzlainfo.ba\\\/index.php\\\/novosti\\\/item\\\/218943-otkriveno-ko-je-lijepio-plakate-podijeljene-bosne-i-hercegovine\\\/\"},\"author\":{\"name\":\"Tuzla Info\",\"@id\":\"https:\\\/\\\/tuzlainfo.ba\\\/#\\\/schema\\\/person\\\/46cad4c57790cbc50781edd14870825a\"},\"headline\":\"Otkriveno ko je lijepio plakate podijeljene Bosne i Hercegovine\",\"datePublished\":\"2023-10-05T14:56:50+00:00\",\"dateModified\":\"2023-10-05T16:46:05+00:00\",\"mainEntityOfPage\":{\"@id\":\"https:\\\/\\\/tuzlainfo.ba\\\/index.php\\\/novosti\\\/item\\\/218943-otkriveno-ko-je-lijepio-plakate-podijeljene-bosne-i-hercegovine\\\/\"},\"wordCount\":466,\"commentCount\":0,\"publisher\":{\"@id\":\"https:\\\/\\\/tuzlainfo.ba\\\/#organization\"},\"image\":{\"@id\":\"https:\\\/\\\/tuzlainfo.ba\\\/index.php\\\/novosti\\\/item\\\/218943-otkriveno-ko-je-lijepio-plakate-podijeljene-bosne-i-hercegovine\\\/#primaryimage\"},\"thumbnailUrl\":\"https:\\\/\\\/tuzlainfo.ba\\\/wp-content\\\/uploads\\\/2023\\\/10\\\/0510_plakat_podjela.jpeg\",\"keywords\":[\"karton revolucija\"],\"articleSection\":[\"Istaknuto\",\"Novosti\",\"Preporu\u010dujemo\"],\"inLanguage\":\"bs-BA\",\"copyrightYear\":\"2023\",\"copyrightHolder\":{\"@id\":\"https:\\\/\\\/tuzlainfo.ba\\\/#organization\"}},{\"@type\":\"WebPage\",\"@id\":\"https:\\\/\\\/tuzlainfo.ba\\\/index.php\\\/novosti\\\/item\\\/218943-otkriveno-ko-je-lijepio-plakate-podijeljene-bosne-i-hercegovine\\\/\",\"url\":\"https:\\\/\\\/tuzlainfo.ba\\\/index.php\\\/novosti\\\/item\\\/218943-otkriveno-ko-je-lijepio-plakate-podijeljene-bosne-i-hercegovine\\\/\",\"name\":\"Otkriveno ko je lijepio plakate podijeljene Bosne i Hercegovine\",\"isPartOf\":{\"@id\":\"https:\\\/\\\/tuzlainfo.ba\\\/#website\"},\"primaryImageOfPage\":{\"@id\":\"https:\\\/\\\/tuzlainfo.ba\\\/index.php\\\/novosti\\\/item\\\/218943-otkriveno-ko-je-lijepio-plakate-podijeljene-bosne-i-hercegovine\\\/#primaryimage\"},\"image\":{\"@id\":\"https:\\\/\\\/tuzlainfo.ba\\\/index.php\\\/novosti\\\/item\\\/218943-otkriveno-ko-je-lijepio-plakate-podijeljene-bosne-i-hercegovine\\\/#primaryimage\"},\"thumbnailUrl\":\"https:\\\/\\\/tuzlainfo.ba\\\/wp-content\\\/uploads\\\/2023\\\/10\\\/0510_plakat_podjela.jpeg\",\"datePublished\":\"2023-10-05T14:56:50+00:00\",\"dateModified\":\"2023-10-05T16:46:05+00:00\",\"breadcrumb\":{\"@id\":\"https:\\\/\\\/tuzlainfo.ba\\\/index.php\\\/novosti\\\/item\\\/218943-otkriveno-ko-je-lijepio-plakate-podijeljene-bosne-i-hercegovine\\\/#breadcrumb\"},\"inLanguage\":\"bs-BA\",\"potentialAction\":[{\"@type\":\"ReadAction\",\"target\":[\"https:\\\/\\\/tuzlainfo.ba\\\/index.php\\\/novosti\\\/item\\\/218943-otkriveno-ko-je-lijepio-plakate-podijeljene-bosne-i-hercegovine\\\/\"]}]},{\"@type\":\"ImageObject\",\"inLanguage\":\"bs-BA\",\"@id\":\"https:\\\/\\\/tuzlainfo.ba\\\/index.php\\\/novosti\\\/item\\\/218943-otkriveno-ko-je-lijepio-plakate-podijeljene-bosne-i-hercegovine\\\/#primaryimage\",\"url\":\"https:\\\/\\\/tuzlainfo.ba\\\/wp-content\\\/uploads\\\/2023\\\/10\\\/0510_plakat_podjela.jpeg\",\"contentUrl\":\"https:\\\/\\\/tuzlainfo.ba\\\/wp-content\\\/uploads\\\/2023\\\/10\\\/0510_plakat_podjela.jpeg\",\"width\":900,\"height\":625},{\"@type\":\"BreadcrumbList\",\"@id\":\"https:\\\/\\\/tuzlainfo.ba\\\/index.php\\\/novosti\\\/item\\\/218943-otkriveno-ko-je-lijepio-plakate-podijeljene-bosne-i-hercegovine\\\/#breadcrumb\",\"itemListElement\":[{\"@type\":\"ListItem\",\"position\":1,\"name\":\"Home\",\"item\":\"https:\\\/\\\/tuzlainfo.ba\\\/\"},{\"@type\":\"ListItem\",\"position\":2,\"name\":\"Otkriveno ko je lijepio plakate podijeljene Bosne i Hercegovine\"}]},{\"@type\":\"WebSite\",\"@id\":\"https:\\\/\\\/tuzlainfo.ba\\\/#website\",\"url\":\"https:\\\/\\\/tuzlainfo.ba\\\/\",\"name\":\"TuzlaInfo.ba\",\"description\":\"Tuzla info, gradski informator - Tuzla na dlanu\",\"publisher\":{\"@id\":\"https:\\\/\\\/tuzlainfo.ba\\\/#organization\"},\"potentialAction\":[{\"@type\":\"SearchAction\",\"target\":{\"@type\":\"EntryPoint\",\"urlTemplate\":\"https:\\\/\\\/tuzlainfo.ba\\\/?s={search_term_string}\"},\"query-input\":{\"@type\":\"PropertyValueSpecification\",\"valueRequired\":true,\"valueName\":\"search_term_string\"}}],\"inLanguage\":\"bs-BA\"},{\"@type\":\"Organization\",\"@id\":\"https:\\\/\\\/tuzlainfo.ba\\\/#organization\",\"name\":\"TuzlaInfo.ba\",\"url\":\"https:\\\/\\\/tuzlainfo.ba\\\/\",\"logo\":{\"@type\":\"ImageObject\",\"inLanguage\":\"bs-BA\",\"@id\":\"https:\\\/\\\/tuzlainfo.ba\\\/#\\\/schema\\\/logo\\\/image\\\/\",\"url\":\"https:\\\/\\\/tuzlainfo.ba\\\/wp-content\\\/uploads\\\/2021\\\/03\\\/logo-ver-3-1.png\",\"contentUrl\":\"https:\\\/\\\/tuzlainfo.ba\\\/wp-content\\\/uploads\\\/2021\\\/03\\\/logo-ver-3-1.png\",\"width\":350,\"height\":95,\"caption\":\"TuzlaInfo.ba\"},\"image\":{\"@id\":\"https:\\\/\\\/tuzlainfo.ba\\\/#\\\/schema\\\/logo\\\/image\\\/\"},\"sameAs\":[\"https:\\\/\\\/www.facebook.com\\\/tuzlainfo.ba\\\/\"]},{\"@type\":\"Person\",\"@id\":\"https:\\\/\\\/tuzlainfo.ba\\\/#\\\/schema\\\/person\\\/46cad4c57790cbc50781edd14870825a\",\"name\":\"Tuzla Info\",\"image\":{\"@type\":\"ImageObject\",\"inLanguage\":\"bs-BA\",\"@id\":\"https:\\\/\\\/secure.gravatar.com\\\/avatar\\\/e980921b00fa2e552723a2386544734ce6885d2b2304ccca3f45186f9ca4031d?s=96&d=mm&r=g\",\"url\":\"https:\\\/\\\/secure.gravatar.com\\\/avatar\\\/e980921b00fa2e552723a2386544734ce6885d2b2304ccca3f45186f9ca4031d?s=96&d=mm&r=g\",\"contentUrl\":\"https:\\\/\\\/secure.gravatar.com\\\/avatar\\\/e980921b00fa2e552723a2386544734ce6885d2b2304ccca3f45186f9ca4031d?s=96&d=mm&r=g\",\"caption\":\"Tuzla Info\"}}]}<\/script>\n<!-- \/ Yoast SEO plugin. -->","yoast_head_json":{"title":"Otkriveno ko je lijepio plakate podijeljene Bosne i Hercegovine","robots":{"index":"index","follow":"follow","max-snippet":"max-snippet:-1","max-image-preview":"max-image-preview:large","max-video-preview":"max-video-preview:-1"},"canonical":"https:\/\/tuzlainfo.ba\/index.php\/novosti\/item\/218943-otkriveno-ko-je-lijepio-plakate-podijeljene-bosne-i-hercegovine\/","og_locale":"bs_BA","og_type":"article","og_title":"Otkriveno ko je lijepio plakate podijeljene Bosne i Hercegovine","og_description":"U nekoliko bh. gradova, me\u0111u kojima je i Tuzla, pojavili su se plakati sa ilustracijom karte Bosne i Hercegovine preko koje je ucrtana linija podjele. Isti plakati su osvanuli i u Bijeljini i Br\u010dkom. Kasno poslijepodne otkriveno je ko je autor ilustracije. Naime, aktivisti Karton revolucije priznali su da su oni polijepili ove plakate. &#8220;Aktivisti [&hellip;]","og_url":"https:\/\/tuzlainfo.ba\/index.php\/novosti\/item\/218943-otkriveno-ko-je-lijepio-plakate-podijeljene-bosne-i-hercegovine\/","og_site_name":"TuzlaInfo.ba","article_publisher":"https:\/\/www.facebook.com\/tuzlainfo.ba\/","article_published_time":"2023-10-05T14:56:50+00:00","article_modified_time":"2023-10-05T16:46:05+00:00","og_image":[{"width":900,"height":625,"url":"https:\/\/tuzlainfo.ba\/wp-content\/uploads\/2023\/10\/0510_plakat_podjela.jpeg","type":"image\/jpeg"}],"author":"Tuzla Info","twitter_card":"summary_large_image","twitter_misc":{"Written by":"Tuzla Info","Est. reading time":"2 minute"},"schema":{"@context":"https:\/\/schema.org","@graph":[{"@type":"Article","@id":"https:\/\/tuzlainfo.ba\/index.php\/novosti\/item\/218943-otkriveno-ko-je-lijepio-plakate-podijeljene-bosne-i-hercegovine\/#article","isPartOf":{"@id":"https:\/\/tuzlainfo.ba\/index.php\/novosti\/item\/218943-otkriveno-ko-je-lijepio-plakate-podijeljene-bosne-i-hercegovine\/"},"author":{"name":"Tuzla Info","@id":"https:\/\/tuzlainfo.ba\/#\/schema\/person\/46cad4c57790cbc50781edd14870825a"},"headline":"Otkriveno ko je lijepio plakate podijeljene Bosne i Hercegovine","datePublished":"2023-10-05T14:56:50+00:00","dateModified":"2023-10-05T16:46:05+00:00","mainEntityOfPage":{"@id":"https:\/\/tuzlainfo.ba\/index.php\/novosti\/item\/218943-otkriveno-ko-je-lijepio-plakate-podijeljene-bosne-i-hercegovine\/"},"wordCount":466,"commentCount":0,"publisher":{"@id":"https:\/\/tuzlainfo.ba\/#organization"},"image":{"@id":"https:\/\/tuzlainfo.ba\/index.php\/novosti\/item\/218943-otkriveno-ko-je-lijepio-plakate-podijeljene-bosne-i-hercegovine\/#primaryimage"},"thumbnailUrl":"https:\/\/tuzlainfo.ba\/wp-content\/uploads\/2023\/10\/0510_plakat_podjela.jpeg","keywords":["karton revolucija"],"articleSection":["Istaknuto","Novosti","Preporu\u010dujemo"],"inLanguage":"bs-BA","copyrightYear":"2023","copyrightHolder":{"@id":"https:\/\/tuzlainfo.ba\/#organization"}},{"@type":"WebPage","@id":"https:\/\/tuzlainfo.ba\/index.php\/novosti\/item\/218943-otkriveno-ko-je-lijepio-plakate-podijeljene-bosne-i-hercegovine\/","url":"https:\/\/tuzlainfo.ba\/index.php\/novosti\/item\/218943-otkriveno-ko-je-lijepio-plakate-podijeljene-bosne-i-hercegovine\/","name":"Otkriveno ko je lijepio plakate podijeljene Bosne i Hercegovine","isPartOf":{"@id":"https:\/\/tuzlainfo.ba\/#website"},"primaryImageOfPage":{"@id":"https:\/\/tuzlainfo.ba\/index.php\/novosti\/item\/218943-otkriveno-ko-je-lijepio-plakate-podijeljene-bosne-i-hercegovine\/#primaryimage"},"image":{"@id":"https:\/\/tuzlainfo.ba\/index.php\/novosti\/item\/218943-otkriveno-ko-je-lijepio-plakate-podijeljene-bosne-i-hercegovine\/#primaryimage"},"thumbnailUrl":"https:\/\/tuzlainfo.ba\/wp-content\/uploads\/2023\/10\/0510_plakat_podjela.jpeg","datePublished":"2023-10-05T14:56:50+00:00","dateModified":"2023-10-05T16:46:05+00:00","breadcrumb":{"@id":"https:\/\/tuzlainfo.ba\/index.php\/novosti\/item\/218943-otkriveno-ko-je-lijepio-plakate-podijeljene-bosne-i-hercegovine\/#breadcrumb"},"inLanguage":"bs-BA","potentialAction":[{"@type":"ReadAction","target":["https:\/\/tuzlainfo.ba\/index.php\/novosti\/item\/218943-otkriveno-ko-je-lijepio-plakate-podijeljene-bosne-i-hercegovine\/"]}]},{"@type":"ImageObject","inLanguage":"bs-BA","@id":"https:\/\/tuzlainfo.ba\/index.php\/novosti\/item\/218943-otkriveno-ko-je-lijepio-plakate-podijeljene-bosne-i-hercegovine\/#primaryimage","url":"https:\/\/tuzlainfo.ba\/wp-content\/uploads\/2023\/10\/0510_plakat_podjela.jpeg","contentUrl":"https:\/\/tuzlainfo.ba\/wp-content\/uploads\/2023\/10\/0510_plakat_podjela.jpeg","width":900,"height":625},{"@type":"BreadcrumbList","@id":"https:\/\/tuzlainfo.ba\/index.php\/novosti\/item\/218943-otkriveno-ko-je-lijepio-plakate-podijeljene-bosne-i-hercegovine\/#breadcrumb","itemListElement":[{"@type":"ListItem","position":1,"name":"Home","item":"https:\/\/tuzlainfo.ba\/"},{"@type":"ListItem","position":2,"name":"Otkriveno ko je lijepio plakate podijeljene Bosne i Hercegovine"}]},{"@type":"WebSite","@id":"https:\/\/tuzlainfo.ba\/#website","url":"https:\/\/tuzlainfo.ba\/","name":"TuzlaInfo.ba","description":"Tuzla info, gradski informator - Tuzla na dlanu","publisher":{"@id":"https:\/\/tuzlainfo.ba\/#organization"},"potentialAction":[{"@type":"SearchAction","target":{"@type":"EntryPoint","urlTemplate":"https:\/\/tuzlainfo.ba\/?s={search_term_string}"},"query-input":{"@type":"PropertyValueSpecification","valueRequired":true,"valueName":"search_term_string"}}],"inLanguage":"bs-BA"},{"@type":"Organization","@id":"https:\/\/tuzlainfo.ba\/#organization","name":"TuzlaInfo.ba","url":"https:\/\/tuzlainfo.ba\/","logo":{"@type":"ImageObject","inLanguage":"bs-BA","@id":"https:\/\/tuzlainfo.ba\/#\/schema\/logo\/image\/","url":"https:\/\/tuzlainfo.ba\/wp-content\/uploads\/2021\/03\/logo-ver-3-1.png","contentUrl":"https:\/\/tuzlainfo.ba\/wp-content\/uploads\/2021\/03\/logo-ver-3-1.png","width":350,"height":95,"caption":"TuzlaInfo.ba"},"image":{"@id":"https:\/\/tuzlainfo.ba\/#\/schema\/logo\/image\/"},"sameAs":["https:\/\/www.facebook.com\/tuzlainfo.ba\/"]},{"@type":"Person","@id":"https:\/\/tuzlainfo.ba\/#\/schema\/person\/46cad4c57790cbc50781edd14870825a","name":"Tuzla Info","image":{"@type":"ImageObject","inLanguage":"bs-BA","@id":"https:\/\/secure.gravatar.com\/avatar\/e980921b00fa2e552723a2386544734ce6885d2b2304ccca3f45186f9ca4031d?s=96&d=mm&r=g","url":"https:\/\/secure.gravatar.com\/avatar\/e980921b00fa2e552723a2386544734ce6885d2b2304ccca3f45186f9ca4031d?s=96&d=mm&r=g","contentUrl":"https:\/\/secure.gravatar.com\/avatar\/e980921b00fa2e552723a2386544734ce6885d2b2304ccca3f45186f9ca4031d?s=96&d=mm&r=g","caption":"Tuzla Info"}}]}},"_links":{"self":[{"href":"https:\/\/tuzlainfo.ba\/index.php\/wp-json\/wp\/v2\/posts\/218943","targetHints":{"allow":["GET"]}}],"collection":[{"href":"https:\/\/tuzlainfo.ba\/index.php\/wp-json\/wp\/v2\/posts"}],"about":[{"href":"https:\/\/tuzlainfo.ba\/index.php\/wp-json\/wp\/v2\/types\/post"}],"author":[{"embeddable":true,"href":"https:\/\/tuzlainfo.ba\/index.php\/wp-json\/wp\/v2\/users\/4"}],"replies":[{"embeddable":true,"href":"https:\/\/tuzlainfo.ba\/index.php\/wp-json\/wp\/v2\/comments?post=218943"}],"version-history":[{"count":1,"href":"https:\/\/tuzlainfo.ba\/index.php\/wp-json\/wp\/v2\/posts\/218943\/revisions"}],"predecessor-version":[{"id":218944,"href":"https:\/\/tuzlainfo.ba\/index.php\/wp-json\/wp\/v2\/posts\/218943\/revisions\/218944"}],"wp:featuredmedia":[{"embeddable":true,"href":"https:\/\/tuzlainfo.ba\/index.php\/wp-json\/wp\/v2\/media\/218878"}],"wp:attachment":[{"href":"https:\/\/tuzlainfo.ba\/index.php\/wp-json\/wp\/v2\/media?parent=218943"}],"wp:term":[{"taxonomy":"category","embeddable":true,"href":"https:\/\/tuzlainfo.ba\/index.php\/wp-json\/wp\/v2\/categories?post=218943"},{"taxonomy":"post_tag","embeddable":true,"href":"https:\/\/tuzlainfo.ba\/index.php\/wp-json\/wp\/v2\/tags?post=218943"}],"curies":[{"name":"wp","href":"https:\/\/api.w.org\/{rel}","templated":true}]}}