{"id":218887,"date":"2023-10-05T12:34:30","date_gmt":"2023-10-05T10:34:30","guid":{"rendered":"https:\/\/tuzlainfo.ba\/?p=218887"},"modified":"2023-10-05T19:22:01","modified_gmt":"2023-10-05T17:22:01","slug":"foto-svjetski-dan-ucitelja-priznanja-za-zivotno-djelo-dobilo-20-prosvjetnih-radnika-iz-tk","status":"publish","type":"post","link":"https:\/\/tuzlainfo.ba\/index.php\/novosti\/item\/218887-foto-svjetski-dan-ucitelja-priznanja-za-zivotno-djelo-dobilo-20-prosvjetnih-radnika-iz-tk\/","title":{"rendered":"\/FOTO\/ Svjetski dan u\u010ditelja: Priznanja za \u017eivotno djelo dobilo 20 prosvjetnih radnika iz TK"},"content":{"rendered":"<p>U povodu 5. oktobra, Svjetskog dana u\u010ditelja, danas je u Bosanskom kulturnom centru u Tuzli uprili\u010dena Sve\u010dana akademija, na kojoj su uru\u010dene nagrade i priznanja za \u017eivotno djelo nastavnicima osnovnih i srednjih \u0161kola i pred\u0161kolskih ustanova.<\/p>\n<p>Na skupu su govorili i prosvjetnim radnicima \u010destitali Dan u\u010ditelja, ministar obrazovanja i nauke TK Ahmed Omerovi\u0107, direktor Pedago\u0161kog zavoda TK Nikola \u010ci\u010da i Admir Terzi\u0107 predsjednik Sindiakta srednjeg i osnovnog obrazovanja TK, a akademiju su organizirali Ministarstvo obrazovanja i nauke Tuzlanskog kantona, Pedago\u0161ki zavod TK te samostalni sindikati radnika osnovnog i srednjeg obrazovanja i odgoja TK. \u0160kola doma\u0107ini doga\u0111aja bila je O\u0160 &#8220;Novi Grad&#8221; Tuzla.<\/p>\n<p>U\u00a0 muzi\u010dkom dijelu programu su u\u010destvovali Sarah Skopljak, Elvis Siv\u010devi\u0107, Darija Kadri\u0107 i jasmina Kasumovi\u0107, profesori u Srednjoj muzi\u010dkoj \u0161koli &#8220;\u010cestmi Mirko Du\u0161ek.<\/p>\n<p>U ime lauerata obratila se Mersija Sarajli\u0107 iz O\u0160 &#8220;Sjenjak&#8221; Tuzla.<\/p>\n<div id=\"penci-post-gallery__23352\" class=\"penci-post-gallery-container masonry grid column-3\" data-height=\"150\" data-margin=\"3\"><div class=\"inner-gallery-masonry-container\"><div class=\"item-gallery-masonry grid\"><a class=\"\" href=\"https:\/\/tuzlainfo.ba\/wp-content\/uploads\/2023\/10\/P1050693.jpg\"><div class=\"inner-item-masonry-gallery\"><img decoding=\"async\" src=\"https:\/\/tuzlainfo.ba\/wp-content\/uploads\/2023\/10\/P1050693-585x390.jpg\" alt=\"\" title=\"P1050693\"><\/div><\/a><\/div><div class=\"item-gallery-masonry grid\"><a class=\"\" href=\"https:\/\/tuzlainfo.ba\/wp-content\/uploads\/2023\/10\/P1050685.jpg\"><div class=\"inner-item-masonry-gallery\"><img decoding=\"async\" src=\"https:\/\/tuzlainfo.ba\/wp-content\/uploads\/2023\/10\/P1050685-585x390.jpg\" alt=\"\" title=\"P1050685\"><\/div><\/a><\/div><div class=\"item-gallery-masonry grid\"><a class=\"\" href=\"https:\/\/tuzlainfo.ba\/wp-content\/uploads\/2023\/10\/P1050671.jpg\"><div class=\"inner-item-masonry-gallery\"><img decoding=\"async\" src=\"https:\/\/tuzlainfo.ba\/wp-content\/uploads\/2023\/10\/P1050671-585x390.jpg\" alt=\"\" title=\"P1050671\"><\/div><\/a><\/div><div class=\"item-gallery-masonry grid\"><a class=\"\" href=\"https:\/\/tuzlainfo.ba\/wp-content\/uploads\/2023\/10\/P1050663.jpg\"><div class=\"inner-item-masonry-gallery\"><img decoding=\"async\" src=\"https:\/\/tuzlainfo.ba\/wp-content\/uploads\/2023\/10\/P1050663-585x390.jpg\" alt=\"\" title=\"P1050663\"><\/div><\/a><\/div><div class=\"item-gallery-masonry grid\"><a class=\"\" href=\"https:\/\/tuzlainfo.ba\/wp-content\/uploads\/2023\/10\/P1050652.jpg\"><div class=\"inner-item-masonry-gallery\"><img decoding=\"async\" src=\"https:\/\/tuzlainfo.ba\/wp-content\/uploads\/2023\/10\/P1050652-585x390.jpg\" alt=\"\" title=\"P1050652\"><\/div><\/a><\/div><div class=\"item-gallery-masonry grid\"><a class=\"\" href=\"https:\/\/tuzlainfo.ba\/wp-content\/uploads\/2023\/10\/P1050633.jpg\"><div class=\"inner-item-masonry-gallery\"><img decoding=\"async\" src=\"https:\/\/tuzlainfo.ba\/wp-content\/uploads\/2023\/10\/P1050633-585x390.jpg\" alt=\"\" title=\"P1050633\"><\/div><\/a><\/div><\/div><\/div>\n<p><em><b><span lang=\"EN-US\">Laureati priznanja i nagrada za \u017eivotno djelo su:<\/span><\/b><\/em><\/p>\n<p><strong><span lang=\"EN-US\">Miladinka Gajer<\/span><\/strong><span lang=\"EN-US\">, JU &#8220;Na\u0161e dijete&#8221; Tuzla,<\/span><\/p>\n<p><strong><span lang=\"EN-US\">Esad Mujanovi\u0107<\/span><\/strong><span lang=\"EN-US\">, O\u0160 &#8220;Musa \u0106azim \u0106ati\u0107&#8221;, Grada\u010dac<\/span><\/p>\n<p><strong><span lang=\"EN-US\">Mirsada Kari\u0107<\/span><\/strong><span lang=\"EN-US\">, O\u0160 &#8220;Ivan Goran Kova\u010di\u0107&#8221;<\/span><\/p>\n<p><strong><span lang=\"EN-US\">Amir Grbi\u0107<\/span><\/strong><span lang=\"EN-US\">, O\u0160 &#8220;Lipnica&#8221;<\/span><\/p>\n<p><strong><span lang=\"EN-US\">Ljiljana Hod\u017ei\u0107<\/span><\/strong><span lang=\"EN-US\">, Prva O\u0160 Srebrenik,<\/span><\/p>\n<p><strong><span lang=\"EN-US\">Zijad Alajmovi\u0107<\/span><\/strong><span lang=\"EN-US\">, O\u0160 &#8220;Grivice&#8221; Banovi\u0107i,<\/span><\/p>\n<p><strong><span lang=\"EN-US\">Jasmina Kurti\u0107<\/span><\/strong><span lang=\"EN-US\">, Prva Osnovna \u0161kola \u017divinice,<\/span><\/p>\n<p><strong><span lang=\"EN-US\">Esed Kari\u0107<\/span><\/strong><span lang=\"EN-US\">, O\u0160 &#8220;Dr. Safvet-beg Ba\u0161agi\u0107&#8221; Grada\u010dac,<\/span><\/p>\n<p><strong><span lang=\"EN-US\">Ana \u0106osi\u0107,<\/span><\/strong><span lang=\"EN-US\"> O\u0160 &#8220;Sveti Franjo&#8221; Tuzla,<\/span><\/p>\n<p><strong><span lang=\"EN-US\">Nihad Vejzovi\u0107<\/span><\/strong><span lang=\"EN-US\">, O\u0160 &#8220;Edhem Mulabdi\u0107&#8221; Me\u0111i\u0111a Donja, Grada\u010dac,<\/span><\/p>\n<p><strong><span lang=\"EN-US\">Mersija Sarajli\u0107<\/span><\/strong><span lang=\"EN-US\">, O\u0160 &#8220;Sjenjak&#8221; Tuzla,<\/span><\/p>\n<p><strong><span lang=\"EN-US\">Nusreta Deli\u0107<\/span><\/strong><span lang=\"EN-US\">, O\u0160 &#8220;Banovi\u0107i Selo&#8221;<\/span><\/p>\n<p><strong><span lang=\"EN-US\">Ramiz Ni\u0161i\u0107<\/span><\/strong><span lang=\"EN-US\">, O\u0160 &#8220;\u0110ur\u0111evik&#8221;<\/span><\/p>\n<p><strong><span lang=\"EN-US\">Nizama Ad\u017eemovi\u0107<\/span><\/strong><span lang=\"EN-US\">, JU Gimnazija &#8220;Me\u0161a Selimovi\u0107&#8221;,<\/span><\/p>\n<p><strong><span lang=\"EN-US\">Faketa D\u017eini\u0107<\/span><\/strong><span lang=\"EN-US\">, JU MS\u0160 \u010celi\u0107,<\/span><\/p>\n<p><strong><span lang=\"EN-US\">Hamdo Gazibegovi\u0107<\/span><\/strong><span lang=\"EN-US\">, JU MS\u0160 Banovi\u0107i,<\/span><\/p>\n<p><strong><span lang=\"EN-US\">Nazifa Sarajli\u0107<\/span><\/strong><span lang=\"EN-US\">, JU MS\u0160 &#8220;Hasan Kiki\u0107&#8221; Grada\u010dac,<\/span><\/p>\n<p><strong><span lang=\"EN-US\">Ulfeta Imamovi\u0107<\/span><\/strong><span lang=\"EN-US\">, JU MS\u0160 &#8220;Musa \u0106azim \u0106ati\u0107&#8221; Kladanj,<\/span><\/p>\n<p><strong><span lang=\"EN-US\">Damir Pao\u010di\u0107<\/span><\/strong><span lang=\"EN-US\">, JU MS\u0160 \u017divinice,<\/span><\/p>\n<p><strong><span lang=\"EN-US\">Alija \u0106ori\u0107<\/span><\/strong><span lang=\"EN-US\">, JU MS\u0160 Gra\u010danica.<\/span><\/p>\n<p>Ovogodi\u0161nji UNESCO-ov slogan Svjetskog dana u\u010ditelja glasi: &#8220;Nastavnici kakve trebamo za obrazovanje koje \u017eelimo&#8221;.<\/p>\n<p>U okviru dana\u0161nje sve\u010danosti uprili\u010deno i otvaranje izlo\u017ebe JU Muzej isto\u010dna Bosna Tuzla pod nazivom \u201cZnanjem u odbrani domovine Bosne i Hercegovine\u201d autora Nermina Ibri\u0107a. Rije\u010d je o izlo\u017ebi o organizovanju nastave 1993. godine, na podru\u010dju Sapne i slobodne teritorije op\u0107ine Zvornik a prisutnima se obratio i nastavnik Jusuf Gu\u0161i\u0107, najzaslu\u017eniji pojedinac za organizovanje obrazovanja u Sapni 1993. godine.<strong> \/Tuzlainfo\/<\/strong><\/p>\n<p>&nbsp;<\/p>\n<p>&nbsp;<\/p>\n","protected":false},"excerpt":{"rendered":"<p>U povodu 5. oktobra, Svjetskog dana u\u010ditelja, danas je u Bosanskom kulturnom centru u Tuzli&hellip;<\/p>\n","protected":false},"author":2,"featured_media":218894,"comment_status":"open","ping_status":"closed","sticky":false,"template":"","format":"standard","meta":{"_acf_changed":false,"footnotes":""},"categories":[304,12,306],"tags":[8405,8406],"acf":[],"yoast_head":"<!-- This site is optimized with the Yoast SEO plugin v23.5 - https:\/\/yoast.com\/wordpress\/plugins\/seo\/ -->\n<title>\/FOTO\/ Svjetski dan u\u010ditelja: Priznanja za \u017eivotno djelo dobilo 20 prosvjetnih radnika iz TK - TuzlaInfo.ba<\/title>\n<meta name=\"robots\" content=\"index, follow, max-snippet:-1, max-image-preview:large, max-video-preview:-1\" \/>\n<link rel=\"canonical\" href=\"https:\/\/tuzlainfo.ba\/index.php\/novosti\/item\/218887-foto-svjetski-dan-ucitelja-priznanja-za-zivotno-djelo-dobilo-20-prosvjetnih-radnika-iz-tk\/\" \/>\n<meta property=\"og:locale\" content=\"bs_BA\" \/>\n<meta property=\"og:type\" content=\"article\" \/>\n<meta property=\"og:title\" content=\"\/FOTO\/ Svjetski dan u\u010ditelja: Priznanja za \u017eivotno djelo dobilo 20 prosvjetnih radnika iz TK - TuzlaInfo.ba\" \/>\n<meta property=\"og:description\" content=\"U povodu 5. oktobra, Svjetskog dana u\u010ditelja, danas je u Bosanskom kulturnom centru u Tuzli&hellip;\" \/>\n<meta property=\"og:url\" content=\"https:\/\/tuzlainfo.ba\/index.php\/novosti\/item\/218887-foto-svjetski-dan-ucitelja-priznanja-za-zivotno-djelo-dobilo-20-prosvjetnih-radnika-iz-tk\/\" \/>\n<meta property=\"og:site_name\" content=\"TuzlaInfo.ba\" \/>\n<meta property=\"article:publisher\" content=\"https:\/\/www.facebook.com\/tuzlainfo.ba\/\" \/>\n<meta property=\"article:published_time\" content=\"2023-10-05T10:34:30+00:00\" \/>\n<meta property=\"article:modified_time\" content=\"2023-10-05T17:22:01+00:00\" \/>\n<meta property=\"og:image\" content=\"https:\/\/tuzlainfo.ba\/wp-content\/uploads\/2023\/10\/P1050693.jpg\" \/>\n\t<meta property=\"og:image:width\" content=\"1200\" \/>\n\t<meta property=\"og:image:height\" content=\"605\" \/>\n\t<meta property=\"og:image:type\" content=\"image\/jpeg\" \/>\n<meta name=\"author\" content=\"nedim\" \/>\n<meta name=\"twitter:card\" content=\"summary_large_image\" \/>\n<meta name=\"twitter:label1\" content=\"Written by\" \/>\n\t<meta name=\"twitter:data1\" content=\"nedim\" \/>\n\t<meta name=\"twitter:label2\" content=\"Est. reading time\" \/>\n\t<meta name=\"twitter:data2\" content=\"2 minute\" \/>\n<script type=\"application\/ld+json\" class=\"yoast-schema-graph\">{\"@context\":\"https:\/\/schema.org\",\"@graph\":[{\"@type\":\"Article\",\"@id\":\"https:\/\/tuzlainfo.ba\/index.php\/novosti\/item\/218887-foto-svjetski-dan-ucitelja-priznanja-za-zivotno-djelo-dobilo-20-prosvjetnih-radnika-iz-tk\/#article\",\"isPartOf\":{\"@id\":\"https:\/\/tuzlainfo.ba\/index.php\/novosti\/item\/218887-foto-svjetski-dan-ucitelja-priznanja-za-zivotno-djelo-dobilo-20-prosvjetnih-radnika-iz-tk\/\"},\"author\":{\"name\":\"nedim\",\"@id\":\"https:\/\/tuzlainfo.ba\/#\/schema\/person\/f434e20dc27ea133923aab08451b7f7f\"},\"headline\":\"\/FOTO\/ Svjetski dan u\u010ditelja: Priznanja za \u017eivotno djelo dobilo 20 prosvjetnih radnika iz TK\",\"datePublished\":\"2023-10-05T10:34:30+00:00\",\"dateModified\":\"2023-10-05T17:22:01+00:00\",\"mainEntityOfPage\":{\"@id\":\"https:\/\/tuzlainfo.ba\/index.php\/novosti\/item\/218887-foto-svjetski-dan-ucitelja-priznanja-za-zivotno-djelo-dobilo-20-prosvjetnih-radnika-iz-tk\/\"},\"wordCount\":400,\"commentCount\":0,\"publisher\":{\"@id\":\"https:\/\/tuzlainfo.ba\/#organization\"},\"image\":{\"@id\":\"https:\/\/tuzlainfo.ba\/index.php\/novosti\/item\/218887-foto-svjetski-dan-ucitelja-priznanja-za-zivotno-djelo-dobilo-20-prosvjetnih-radnika-iz-tk\/#primaryimage\"},\"thumbnailUrl\":\"https:\/\/tuzlainfo.ba\/wp-content\/uploads\/2023\/10\/P1050693.jpg\",\"keywords\":[\"dan u\u010ditelja\",\"nagrade za \u017eivotno djelo\"],\"articleSection\":[\"Istaknuto\",\"Novosti\",\"Preporu\u010dujemo\"],\"inLanguage\":\"bs-BA\"},{\"@type\":\"WebPage\",\"@id\":\"https:\/\/tuzlainfo.ba\/index.php\/novosti\/item\/218887-foto-svjetski-dan-ucitelja-priznanja-za-zivotno-djelo-dobilo-20-prosvjetnih-radnika-iz-tk\/\",\"url\":\"https:\/\/tuzlainfo.ba\/index.php\/novosti\/item\/218887-foto-svjetski-dan-ucitelja-priznanja-za-zivotno-djelo-dobilo-20-prosvjetnih-radnika-iz-tk\/\",\"name\":\"\/FOTO\/ Svjetski dan u\u010ditelja: Priznanja za \u017eivotno djelo dobilo 20 prosvjetnih radnika iz TK - TuzlaInfo.ba\",\"isPartOf\":{\"@id\":\"https:\/\/tuzlainfo.ba\/#website\"},\"primaryImageOfPage\":{\"@id\":\"https:\/\/tuzlainfo.ba\/index.php\/novosti\/item\/218887-foto-svjetski-dan-ucitelja-priznanja-za-zivotno-djelo-dobilo-20-prosvjetnih-radnika-iz-tk\/#primaryimage\"},\"image\":{\"@id\":\"https:\/\/tuzlainfo.ba\/index.php\/novosti\/item\/218887-foto-svjetski-dan-ucitelja-priznanja-za-zivotno-djelo-dobilo-20-prosvjetnih-radnika-iz-tk\/#primaryimage\"},\"thumbnailUrl\":\"https:\/\/tuzlainfo.ba\/wp-content\/uploads\/2023\/10\/P1050693.jpg\",\"datePublished\":\"2023-10-05T10:34:30+00:00\",\"dateModified\":\"2023-10-05T17:22:01+00:00\",\"breadcrumb\":{\"@id\":\"https:\/\/tuzlainfo.ba\/index.php\/novosti\/item\/218887-foto-svjetski-dan-ucitelja-priznanja-za-zivotno-djelo-dobilo-20-prosvjetnih-radnika-iz-tk\/#breadcrumb\"},\"inLanguage\":\"bs-BA\",\"potentialAction\":[{\"@type\":\"ReadAction\",\"target\":[\"https:\/\/tuzlainfo.ba\/index.php\/novosti\/item\/218887-foto-svjetski-dan-ucitelja-priznanja-za-zivotno-djelo-dobilo-20-prosvjetnih-radnika-iz-tk\/\"]}]},{\"@type\":\"ImageObject\",\"inLanguage\":\"bs-BA\",\"@id\":\"https:\/\/tuzlainfo.ba\/index.php\/novosti\/item\/218887-foto-svjetski-dan-ucitelja-priznanja-za-zivotno-djelo-dobilo-20-prosvjetnih-radnika-iz-tk\/#primaryimage\",\"url\":\"https:\/\/tuzlainfo.ba\/wp-content\/uploads\/2023\/10\/P1050693.jpg\",\"contentUrl\":\"https:\/\/tuzlainfo.ba\/wp-content\/uploads\/2023\/10\/P1050693.jpg\",\"width\":1200,\"height\":605},{\"@type\":\"BreadcrumbList\",\"@id\":\"https:\/\/tuzlainfo.ba\/index.php\/novosti\/item\/218887-foto-svjetski-dan-ucitelja-priznanja-za-zivotno-djelo-dobilo-20-prosvjetnih-radnika-iz-tk\/#breadcrumb\",\"itemListElement\":[{\"@type\":\"ListItem\",\"position\":1,\"name\":\"Home\",\"item\":\"https:\/\/tuzlainfo.ba\/\"},{\"@type\":\"ListItem\",\"position\":2,\"name\":\"\/FOTO\/ Svjetski dan u\u010ditelja: Priznanja za \u017eivotno djelo dobilo 20 prosvjetnih radnika iz TK\"}]},{\"@type\":\"WebSite\",\"@id\":\"https:\/\/tuzlainfo.ba\/#website\",\"url\":\"https:\/\/tuzlainfo.ba\/\",\"name\":\"TuzlaInfo.ba\",\"description\":\"Tuzla info, gradski informator - Tuzla na dlanu\",\"publisher\":{\"@id\":\"https:\/\/tuzlainfo.ba\/#organization\"},\"potentialAction\":[{\"@type\":\"SearchAction\",\"target\":{\"@type\":\"EntryPoint\",\"urlTemplate\":\"https:\/\/tuzlainfo.ba\/?s={search_term_string}\"},\"query-input\":{\"@type\":\"PropertyValueSpecification\",\"valueRequired\":true,\"valueName\":\"search_term_string\"}}],\"inLanguage\":\"bs-BA\"},{\"@type\":\"Organization\",\"@id\":\"https:\/\/tuzlainfo.ba\/#organization\",\"name\":\"TuzlaInfo.ba\",\"url\":\"https:\/\/tuzlainfo.ba\/\",\"logo\":{\"@type\":\"ImageObject\",\"inLanguage\":\"bs-BA\",\"@id\":\"https:\/\/tuzlainfo.ba\/#\/schema\/logo\/image\/\",\"url\":\"https:\/\/tuzlainfo.ba\/wp-content\/uploads\/2021\/03\/logo-ver-3-1.png\",\"contentUrl\":\"https:\/\/tuzlainfo.ba\/wp-content\/uploads\/2021\/03\/logo-ver-3-1.png\",\"width\":350,\"height\":95,\"caption\":\"TuzlaInfo.ba\"},\"image\":{\"@id\":\"https:\/\/tuzlainfo.ba\/#\/schema\/logo\/image\/\"},\"sameAs\":[\"https:\/\/www.facebook.com\/tuzlainfo.ba\/\"]},{\"@type\":\"Person\",\"@id\":\"https:\/\/tuzlainfo.ba\/#\/schema\/person\/f434e20dc27ea133923aab08451b7f7f\",\"name\":\"nedim\",\"image\":{\"@type\":\"ImageObject\",\"inLanguage\":\"bs-BA\",\"@id\":\"https:\/\/tuzlainfo.ba\/#\/schema\/person\/image\/\",\"url\":\"https:\/\/tuzlainfo.ba\/wp-content\/litespeed\/avatar\/aabad687af24844af817603ac1cbdc4f.jpg?ver=1777306975\",\"contentUrl\":\"https:\/\/tuzlainfo.ba\/wp-content\/litespeed\/avatar\/aabad687af24844af817603ac1cbdc4f.jpg?ver=1777306975\",\"caption\":\"nedim\"},\"description\":\"Tuzlainfo.ba pratite na dru\u0161tvenim mre\u017eama: Facebook, Instagram i Youtube. Svoje pri\u010de, upite i fotografije \u0161aljite na na\u0161u e-mail adresu.\"}]}<\/script>\n<!-- \/ Yoast SEO plugin. -->","yoast_head_json":{"title":"\/FOTO\/ Svjetski dan u\u010ditelja: Priznanja za \u017eivotno djelo dobilo 20 prosvjetnih radnika iz TK - TuzlaInfo.ba","robots":{"index":"index","follow":"follow","max-snippet":"max-snippet:-1","max-image-preview":"max-image-preview:large","max-video-preview":"max-video-preview:-1"},"canonical":"https:\/\/tuzlainfo.ba\/index.php\/novosti\/item\/218887-foto-svjetski-dan-ucitelja-priznanja-za-zivotno-djelo-dobilo-20-prosvjetnih-radnika-iz-tk\/","og_locale":"bs_BA","og_type":"article","og_title":"\/FOTO\/ Svjetski dan u\u010ditelja: Priznanja za \u017eivotno djelo dobilo 20 prosvjetnih radnika iz TK - TuzlaInfo.ba","og_description":"U povodu 5. oktobra, Svjetskog dana u\u010ditelja, danas je u Bosanskom kulturnom centru u Tuzli&hellip;","og_url":"https:\/\/tuzlainfo.ba\/index.php\/novosti\/item\/218887-foto-svjetski-dan-ucitelja-priznanja-za-zivotno-djelo-dobilo-20-prosvjetnih-radnika-iz-tk\/","og_site_name":"TuzlaInfo.ba","article_publisher":"https:\/\/www.facebook.com\/tuzlainfo.ba\/","article_published_time":"2023-10-05T10:34:30+00:00","article_modified_time":"2023-10-05T17:22:01+00:00","og_image":[{"width":1200,"height":605,"url":"https:\/\/tuzlainfo.ba\/wp-content\/uploads\/2023\/10\/P1050693.jpg","type":"image\/jpeg"}],"author":"nedim","twitter_card":"summary_large_image","twitter_misc":{"Written by":"nedim","Est. reading time":"2 minute"},"schema":{"@context":"https:\/\/schema.org","@graph":[{"@type":"Article","@id":"https:\/\/tuzlainfo.ba\/index.php\/novosti\/item\/218887-foto-svjetski-dan-ucitelja-priznanja-za-zivotno-djelo-dobilo-20-prosvjetnih-radnika-iz-tk\/#article","isPartOf":{"@id":"https:\/\/tuzlainfo.ba\/index.php\/novosti\/item\/218887-foto-svjetski-dan-ucitelja-priznanja-za-zivotno-djelo-dobilo-20-prosvjetnih-radnika-iz-tk\/"},"author":{"name":"nedim","@id":"https:\/\/tuzlainfo.ba\/#\/schema\/person\/f434e20dc27ea133923aab08451b7f7f"},"headline":"\/FOTO\/ Svjetski dan u\u010ditelja: Priznanja za \u017eivotno djelo dobilo 20 prosvjetnih radnika iz TK","datePublished":"2023-10-05T10:34:30+00:00","dateModified":"2023-10-05T17:22:01+00:00","mainEntityOfPage":{"@id":"https:\/\/tuzlainfo.ba\/index.php\/novosti\/item\/218887-foto-svjetski-dan-ucitelja-priznanja-za-zivotno-djelo-dobilo-20-prosvjetnih-radnika-iz-tk\/"},"wordCount":400,"commentCount":0,"publisher":{"@id":"https:\/\/tuzlainfo.ba\/#organization"},"image":{"@id":"https:\/\/tuzlainfo.ba\/index.php\/novosti\/item\/218887-foto-svjetski-dan-ucitelja-priznanja-za-zivotno-djelo-dobilo-20-prosvjetnih-radnika-iz-tk\/#primaryimage"},"thumbnailUrl":"https:\/\/tuzlainfo.ba\/wp-content\/uploads\/2023\/10\/P1050693.jpg","keywords":["dan u\u010ditelja","nagrade za \u017eivotno djelo"],"articleSection":["Istaknuto","Novosti","Preporu\u010dujemo"],"inLanguage":"bs-BA"},{"@type":"WebPage","@id":"https:\/\/tuzlainfo.ba\/index.php\/novosti\/item\/218887-foto-svjetski-dan-ucitelja-priznanja-za-zivotno-djelo-dobilo-20-prosvjetnih-radnika-iz-tk\/","url":"https:\/\/tuzlainfo.ba\/index.php\/novosti\/item\/218887-foto-svjetski-dan-ucitelja-priznanja-za-zivotno-djelo-dobilo-20-prosvjetnih-radnika-iz-tk\/","name":"\/FOTO\/ Svjetski dan u\u010ditelja: Priznanja za \u017eivotno djelo dobilo 20 prosvjetnih radnika iz TK - TuzlaInfo.ba","isPartOf":{"@id":"https:\/\/tuzlainfo.ba\/#website"},"primaryImageOfPage":{"@id":"https:\/\/tuzlainfo.ba\/index.php\/novosti\/item\/218887-foto-svjetski-dan-ucitelja-priznanja-za-zivotno-djelo-dobilo-20-prosvjetnih-radnika-iz-tk\/#primaryimage"},"image":{"@id":"https:\/\/tuzlainfo.ba\/index.php\/novosti\/item\/218887-foto-svjetski-dan-ucitelja-priznanja-za-zivotno-djelo-dobilo-20-prosvjetnih-radnika-iz-tk\/#primaryimage"},"thumbnailUrl":"https:\/\/tuzlainfo.ba\/wp-content\/uploads\/2023\/10\/P1050693.jpg","datePublished":"2023-10-05T10:34:30+00:00","dateModified":"2023-10-05T17:22:01+00:00","breadcrumb":{"@id":"https:\/\/tuzlainfo.ba\/index.php\/novosti\/item\/218887-foto-svjetski-dan-ucitelja-priznanja-za-zivotno-djelo-dobilo-20-prosvjetnih-radnika-iz-tk\/#breadcrumb"},"inLanguage":"bs-BA","potentialAction":[{"@type":"ReadAction","target":["https:\/\/tuzlainfo.ba\/index.php\/novosti\/item\/218887-foto-svjetski-dan-ucitelja-priznanja-za-zivotno-djelo-dobilo-20-prosvjetnih-radnika-iz-tk\/"]}]},{"@type":"ImageObject","inLanguage":"bs-BA","@id":"https:\/\/tuzlainfo.ba\/index.php\/novosti\/item\/218887-foto-svjetski-dan-ucitelja-priznanja-za-zivotno-djelo-dobilo-20-prosvjetnih-radnika-iz-tk\/#primaryimage","url":"https:\/\/tuzlainfo.ba\/wp-content\/uploads\/2023\/10\/P1050693.jpg","contentUrl":"https:\/\/tuzlainfo.ba\/wp-content\/uploads\/2023\/10\/P1050693.jpg","width":1200,"height":605},{"@type":"BreadcrumbList","@id":"https:\/\/tuzlainfo.ba\/index.php\/novosti\/item\/218887-foto-svjetski-dan-ucitelja-priznanja-za-zivotno-djelo-dobilo-20-prosvjetnih-radnika-iz-tk\/#breadcrumb","itemListElement":[{"@type":"ListItem","position":1,"name":"Home","item":"https:\/\/tuzlainfo.ba\/"},{"@type":"ListItem","position":2,"name":"\/FOTO\/ Svjetski dan u\u010ditelja: Priznanja za \u017eivotno djelo dobilo 20 prosvjetnih radnika iz TK"}]},{"@type":"WebSite","@id":"https:\/\/tuzlainfo.ba\/#website","url":"https:\/\/tuzlainfo.ba\/","name":"TuzlaInfo.ba","description":"Tuzla info, gradski informator - Tuzla na dlanu","publisher":{"@id":"https:\/\/tuzlainfo.ba\/#organization"},"potentialAction":[{"@type":"SearchAction","target":{"@type":"EntryPoint","urlTemplate":"https:\/\/tuzlainfo.ba\/?s={search_term_string}"},"query-input":{"@type":"PropertyValueSpecification","valueRequired":true,"valueName":"search_term_string"}}],"inLanguage":"bs-BA"},{"@type":"Organization","@id":"https:\/\/tuzlainfo.ba\/#organization","name":"TuzlaInfo.ba","url":"https:\/\/tuzlainfo.ba\/","logo":{"@type":"ImageObject","inLanguage":"bs-BA","@id":"https:\/\/tuzlainfo.ba\/#\/schema\/logo\/image\/","url":"https:\/\/tuzlainfo.ba\/wp-content\/uploads\/2021\/03\/logo-ver-3-1.png","contentUrl":"https:\/\/tuzlainfo.ba\/wp-content\/uploads\/2021\/03\/logo-ver-3-1.png","width":350,"height":95,"caption":"TuzlaInfo.ba"},"image":{"@id":"https:\/\/tuzlainfo.ba\/#\/schema\/logo\/image\/"},"sameAs":["https:\/\/www.facebook.com\/tuzlainfo.ba\/"]},{"@type":"Person","@id":"https:\/\/tuzlainfo.ba\/#\/schema\/person\/f434e20dc27ea133923aab08451b7f7f","name":"nedim","image":{"@type":"ImageObject","inLanguage":"bs-BA","@id":"https:\/\/tuzlainfo.ba\/#\/schema\/person\/image\/","url":"https:\/\/tuzlainfo.ba\/wp-content\/litespeed\/avatar\/aabad687af24844af817603ac1cbdc4f.jpg?ver=1777306975","contentUrl":"https:\/\/tuzlainfo.ba\/wp-content\/litespeed\/avatar\/aabad687af24844af817603ac1cbdc4f.jpg?ver=1777306975","caption":"nedim"},"description":"Tuzlainfo.ba pratite na dru\u0161tvenim mre\u017eama: Facebook, Instagram i Youtube. Svoje pri\u010de, upite i fotografije \u0161aljite na na\u0161u e-mail adresu."}]}},"_links":{"self":[{"href":"https:\/\/tuzlainfo.ba\/index.php\/wp-json\/wp\/v2\/posts\/218887"}],"collection":[{"href":"https:\/\/tuzlainfo.ba\/index.php\/wp-json\/wp\/v2\/posts"}],"about":[{"href":"https:\/\/tuzlainfo.ba\/index.php\/wp-json\/wp\/v2\/types\/post"}],"author":[{"embeddable":true,"href":"https:\/\/tuzlainfo.ba\/index.php\/wp-json\/wp\/v2\/users\/2"}],"replies":[{"embeddable":true,"href":"https:\/\/tuzlainfo.ba\/index.php\/wp-json\/wp\/v2\/comments?post=218887"}],"version-history":[{"count":6,"href":"https:\/\/tuzlainfo.ba\/index.php\/wp-json\/wp\/v2\/posts\/218887\/revisions"}],"predecessor-version":[{"id":218949,"href":"https:\/\/tuzlainfo.ba\/index.php\/wp-json\/wp\/v2\/posts\/218887\/revisions\/218949"}],"wp:featuredmedia":[{"embeddable":true,"href":"https:\/\/tuzlainfo.ba\/index.php\/wp-json\/wp\/v2\/media\/218894"}],"wp:attachment":[{"href":"https:\/\/tuzlainfo.ba\/index.php\/wp-json\/wp\/v2\/media?parent=218887"}],"wp:term":[{"taxonomy":"category","embeddable":true,"href":"https:\/\/tuzlainfo.ba\/index.php\/wp-json\/wp\/v2\/categories?post=218887"},{"taxonomy":"post_tag","embeddable":true,"href":"https:\/\/tuzlainfo.ba\/index.php\/wp-json\/wp\/v2\/tags?post=218887"}],"curies":[{"name":"wp","href":"https:\/\/api.w.org\/{rel}","templated":true}]}}