{"id":218833,"date":"2023-10-04T21:59:53","date_gmt":"2023-10-04T19:59:53","guid":{"rendered":"https:\/\/tuzlainfo.ba\/?p=218833"},"modified":"2023-10-04T21:59:53","modified_gmt":"2023-10-04T19:59:53","slug":"vlasi-tvrdi-radoicic-je-vucicev-opunomocenik-na-kosovu-nista-ne-radi-bez-njegovog-znanja","status":"publish","type":"post","link":"https:\/\/tuzlainfo.ba\/index.php\/clanci\/sa-svih-strana\/item\/218833-vlasi-tvrdi-radoicic-je-vucicev-opunomocenik-na-kosovu-nista-ne-radi-bez-njegovog-znanja\/","title":{"rendered":"Vlasi tvrdi: &#8220;Radoi\u010di\u0107 je Vu\u010di\u0107ev opunomo\u0107enik na Kosovu, ni\u0161ta ne radi bez njegovog znanja&#8221;"},"content":{"rendered":"<p>Azem Vllasi, visoki dr\u017eavni i partijski funkcioner iz doba Jugoslavije, u Pressingu na\u00a0<a href=\"https:\/\/n1info.ba\/vijesti\/vlasi-radoicic-vucicev-opunomocenik-na-kosovu-nista-ne-radi-bez-njegovog-znanja\/\">N1<\/a>\u00a0kazao je kako je Milan Radoi\u010di\u0107 &#8220;Vu\u010di\u0107ev opunomo\u0107enik i de\u017eurni kad je u pitanju Kosovo&#8221;. Kada je propao napad u Banjskoj kako bi se &#8220;odvojio sjever Kosova&#8221;, dodao je Vlasi, &#8220;Vu\u010di\u0107 ima potrebe da opere ruke od toga, i zato se \u017ertvuje Radoi\u010di\u0107&#8221;.<\/p>\n<p><strong>Kako Washington i ameri\u010dki mediji gledaju na zbivanja na Kosovu?<\/strong><\/p>\n<p>To se pa\u017eljivo pomatra u Americi, vidi se da se radi o jednoj dubokoj i organizovanoj teroristi\u010dkoj akciji kojoj je bio cilj da se izvr\u0161i aneksija sjevera Kosova. Po prvim reakcijam je jasna \u0161ta stoji iza toga \u2013 da je to djelo organizovano od vrha srbijanske vlasti. Takvu akciju da organizuje Radoi\u010di\u0107 na svoju ruku je apsolutno nemogu\u0107e i to je isklju\u010deno. Iz SAD-a se poziva na smirivanje situacije.<\/p>\n<p><strong>Da li su SAD i NATO glavni garanti mira nas Balkanu?<\/strong><\/p>\n<p>Jesu. Zapad, a najvi\u0161e Amerika, najvi\u0161e su investirala na zaustavljanje tih tragedija na Balkanu. Akcijom NATO-a je zaustavljena ratna ma\u0161inerija Beograda. I sigurno da SAD ne\u0107e okenuti le\u0111a miru kojem su sami doprinijeli. Dolazak novih vojnika NATO-a dovoljno govori da se posve\u0107uje jaka pa\u017enja ovoj situacija na Kosovu. Sre\u0107mo, Srbija nema vi\u0161e snage ni mogu\u0107nosti da \u010dini ono \u0161to je radila prije 30 godina, ali nastavljaju politiku velike Srbije iz Memoranduma 2 SANU-a. Srbija zveckanjem oru\u017eja poku\u0161ava zastra\u0161iti svoje susjede: Bosnu i Hercegovinu, Crnu Goru i Kosovo. Ni Kosovo nije kao devedestih, ima snage da sprije\u010di napade.<\/p>\n<p>\u017delim dodati da je Vu\u010di\u0107 krenuo u jednu takvu akciju kada je zaklju\u010dio da je u boljoj poziciji u dijalogu od Kurtija koji je kritikovan zbog sukoba sa Laj\u010dakom, kojeg je kosovski premijer optu\u017eio za pristrasnost. I onda je vlast u Srbiji nakon teroristi\u010dkog napada danima pripremala Radoi\u010di\u0107a \u0161ta \u0107e kazati, da Srbija nema veze sa napadom, iako se odavno zna da je Radoi\u010di\u0107 Vu\u010di\u0107ev opunomo\u0107enik i de\u017eurni kad je u pitanju Kosovo. Ni\u0161ta Radoi\u010di\u0107 nije radio bez znanja Vu\u010di\u0107a. Ta zami\u0161ljena akcija da se odvoji sjever Kosova je propala i sada Vu\u010di\u0107 ima potrebe da opere ruke od toga. I zato se \u017ertvuje Radoi\u010di\u0107.<\/p>\n","protected":false},"excerpt":{"rendered":"<p>Azem Vllasi, visoki dr\u017eavni i partijski funkcioner iz doba Jugoslavije, u Pressingu na\u00a0N1\u00a0kazao je kako&hellip;<\/p>\n","protected":false},"author":2,"featured_media":189714,"comment_status":"open","ping_status":"closed","sticky":false,"template":"","format":"standard","meta":{"_acf_changed":false,"footnotes":""},"categories":[16],"tags":[821,8383],"acf":[],"yoast_head":"<!-- This site is optimized with the Yoast SEO plugin v23.5 - https:\/\/yoast.com\/wordpress\/plugins\/seo\/ -->\n<title>Vlasi tvrdi: &quot;Radoi\u010di\u0107 je Vu\u010di\u0107ev opunomo\u0107enik na Kosovu, ni\u0161ta ne radi bez njegovog znanja&quot; - TuzlaInfo.ba<\/title>\n<meta name=\"robots\" content=\"index, follow, max-snippet:-1, max-image-preview:large, max-video-preview:-1\" \/>\n<link rel=\"canonical\" href=\"https:\/\/tuzlainfo.ba\/index.php\/clanci\/sa-svih-strana\/item\/218833-vlasi-tvrdi-radoicic-je-vucicev-opunomocenik-na-kosovu-nista-ne-radi-bez-njegovog-znanja\/\" \/>\n<meta property=\"og:locale\" content=\"bs_BA\" \/>\n<meta property=\"og:type\" content=\"article\" \/>\n<meta property=\"og:title\" content=\"Vlasi tvrdi: &quot;Radoi\u010di\u0107 je Vu\u010di\u0107ev opunomo\u0107enik na Kosovu, ni\u0161ta ne radi bez njegovog znanja&quot; - TuzlaInfo.ba\" \/>\n<meta property=\"og:description\" content=\"Azem Vllasi, visoki dr\u017eavni i partijski funkcioner iz doba Jugoslavije, u Pressingu na\u00a0N1\u00a0kazao je kako&hellip;\" \/>\n<meta property=\"og:url\" content=\"https:\/\/tuzlainfo.ba\/index.php\/clanci\/sa-svih-strana\/item\/218833-vlasi-tvrdi-radoicic-je-vucicev-opunomocenik-na-kosovu-nista-ne-radi-bez-njegovog-znanja\/\" \/>\n<meta property=\"og:site_name\" content=\"TuzlaInfo.ba\" \/>\n<meta property=\"article:publisher\" content=\"https:\/\/www.facebook.com\/tuzlainfo.ba\/\" \/>\n<meta property=\"article:published_time\" content=\"2023-10-04T19:59:53+00:00\" \/>\n<meta property=\"og:image\" content=\"https:\/\/tuzlainfo.ba\/wp-content\/uploads\/2022\/11\/1811_Tribina_BKCTK-azem_vlasi-6.jpg\" \/>\n\t<meta property=\"og:image:width\" content=\"2048\" \/>\n\t<meta property=\"og:image:height\" content=\"1152\" \/>\n\t<meta property=\"og:image:type\" content=\"image\/jpeg\" \/>\n<meta name=\"author\" content=\"nedim\" \/>\n<meta name=\"twitter:card\" content=\"summary_large_image\" \/>\n<meta name=\"twitter:label1\" content=\"Written by\" \/>\n\t<meta name=\"twitter:data1\" content=\"nedim\" \/>\n\t<meta name=\"twitter:label2\" content=\"Est. reading time\" \/>\n\t<meta name=\"twitter:data2\" content=\"2 minute\" \/>\n<script type=\"application\/ld+json\" class=\"yoast-schema-graph\">{\"@context\":\"https:\/\/schema.org\",\"@graph\":[{\"@type\":\"Article\",\"@id\":\"https:\/\/tuzlainfo.ba\/index.php\/clanci\/sa-svih-strana\/item\/218833-vlasi-tvrdi-radoicic-je-vucicev-opunomocenik-na-kosovu-nista-ne-radi-bez-njegovog-znanja\/#article\",\"isPartOf\":{\"@id\":\"https:\/\/tuzlainfo.ba\/index.php\/clanci\/sa-svih-strana\/item\/218833-vlasi-tvrdi-radoicic-je-vucicev-opunomocenik-na-kosovu-nista-ne-radi-bez-njegovog-znanja\/\"},\"author\":{\"name\":\"nedim\",\"@id\":\"https:\/\/tuzlainfo.ba\/#\/schema\/person\/f434e20dc27ea133923aab08451b7f7f\"},\"headline\":\"Vlasi tvrdi: &#8220;Radoi\u010di\u0107 je Vu\u010di\u0107ev opunomo\u0107enik na Kosovu, ni\u0161ta ne radi bez njegovog znanja&#8221;\",\"datePublished\":\"2023-10-04T19:59:53+00:00\",\"dateModified\":\"2023-10-04T19:59:53+00:00\",\"mainEntityOfPage\":{\"@id\":\"https:\/\/tuzlainfo.ba\/index.php\/clanci\/sa-svih-strana\/item\/218833-vlasi-tvrdi-radoicic-je-vucicev-opunomocenik-na-kosovu-nista-ne-radi-bez-njegovog-znanja\/\"},\"wordCount\":413,\"commentCount\":0,\"publisher\":{\"@id\":\"https:\/\/tuzlainfo.ba\/#organization\"},\"image\":{\"@id\":\"https:\/\/tuzlainfo.ba\/index.php\/clanci\/sa-svih-strana\/item\/218833-vlasi-tvrdi-radoicic-je-vucicev-opunomocenik-na-kosovu-nista-ne-radi-bez-njegovog-znanja\/#primaryimage\"},\"thumbnailUrl\":\"https:\/\/tuzlainfo.ba\/wp-content\/uploads\/2022\/11\/1811_Tribina_BKCTK-azem_vlasi-6.jpg\",\"keywords\":[\"azem vlasi\",\"Milan Radoi\u010di\u0107\"],\"articleSection\":[\"Sa svih strana\"],\"inLanguage\":\"bs-BA\"},{\"@type\":\"WebPage\",\"@id\":\"https:\/\/tuzlainfo.ba\/index.php\/clanci\/sa-svih-strana\/item\/218833-vlasi-tvrdi-radoicic-je-vucicev-opunomocenik-na-kosovu-nista-ne-radi-bez-njegovog-znanja\/\",\"url\":\"https:\/\/tuzlainfo.ba\/index.php\/clanci\/sa-svih-strana\/item\/218833-vlasi-tvrdi-radoicic-je-vucicev-opunomocenik-na-kosovu-nista-ne-radi-bez-njegovog-znanja\/\",\"name\":\"Vlasi tvrdi: \\\"Radoi\u010di\u0107 je Vu\u010di\u0107ev opunomo\u0107enik na Kosovu, ni\u0161ta ne radi bez njegovog znanja\\\" - TuzlaInfo.ba\",\"isPartOf\":{\"@id\":\"https:\/\/tuzlainfo.ba\/#website\"},\"primaryImageOfPage\":{\"@id\":\"https:\/\/tuzlainfo.ba\/index.php\/clanci\/sa-svih-strana\/item\/218833-vlasi-tvrdi-radoicic-je-vucicev-opunomocenik-na-kosovu-nista-ne-radi-bez-njegovog-znanja\/#primaryimage\"},\"image\":{\"@id\":\"https:\/\/tuzlainfo.ba\/index.php\/clanci\/sa-svih-strana\/item\/218833-vlasi-tvrdi-radoicic-je-vucicev-opunomocenik-na-kosovu-nista-ne-radi-bez-njegovog-znanja\/#primaryimage\"},\"thumbnailUrl\":\"https:\/\/tuzlainfo.ba\/wp-content\/uploads\/2022\/11\/1811_Tribina_BKCTK-azem_vlasi-6.jpg\",\"datePublished\":\"2023-10-04T19:59:53+00:00\",\"dateModified\":\"2023-10-04T19:59:53+00:00\",\"breadcrumb\":{\"@id\":\"https:\/\/tuzlainfo.ba\/index.php\/clanci\/sa-svih-strana\/item\/218833-vlasi-tvrdi-radoicic-je-vucicev-opunomocenik-na-kosovu-nista-ne-radi-bez-njegovog-znanja\/#breadcrumb\"},\"inLanguage\":\"bs-BA\",\"potentialAction\":[{\"@type\":\"ReadAction\",\"target\":[\"https:\/\/tuzlainfo.ba\/index.php\/clanci\/sa-svih-strana\/item\/218833-vlasi-tvrdi-radoicic-je-vucicev-opunomocenik-na-kosovu-nista-ne-radi-bez-njegovog-znanja\/\"]}]},{\"@type\":\"ImageObject\",\"inLanguage\":\"bs-BA\",\"@id\":\"https:\/\/tuzlainfo.ba\/index.php\/clanci\/sa-svih-strana\/item\/218833-vlasi-tvrdi-radoicic-je-vucicev-opunomocenik-na-kosovu-nista-ne-radi-bez-njegovog-znanja\/#primaryimage\",\"url\":\"https:\/\/tuzlainfo.ba\/wp-content\/uploads\/2022\/11\/1811_Tribina_BKCTK-azem_vlasi-6.jpg\",\"contentUrl\":\"https:\/\/tuzlainfo.ba\/wp-content\/uploads\/2022\/11\/1811_Tribina_BKCTK-azem_vlasi-6.jpg\",\"width\":2048,\"height\":1152},{\"@type\":\"BreadcrumbList\",\"@id\":\"https:\/\/tuzlainfo.ba\/index.php\/clanci\/sa-svih-strana\/item\/218833-vlasi-tvrdi-radoicic-je-vucicev-opunomocenik-na-kosovu-nista-ne-radi-bez-njegovog-znanja\/#breadcrumb\",\"itemListElement\":[{\"@type\":\"ListItem\",\"position\":1,\"name\":\"Home\",\"item\":\"https:\/\/tuzlainfo.ba\/\"},{\"@type\":\"ListItem\",\"position\":2,\"name\":\"Vlasi tvrdi: &#8220;Radoi\u010di\u0107 je Vu\u010di\u0107ev opunomo\u0107enik na Kosovu, ni\u0161ta ne radi bez njegovog znanja&#8221;\"}]},{\"@type\":\"WebSite\",\"@id\":\"https:\/\/tuzlainfo.ba\/#website\",\"url\":\"https:\/\/tuzlainfo.ba\/\",\"name\":\"TuzlaInfo.ba\",\"description\":\"Tuzla info, gradski informator - Tuzla na dlanu\",\"publisher\":{\"@id\":\"https:\/\/tuzlainfo.ba\/#organization\"},\"potentialAction\":[{\"@type\":\"SearchAction\",\"target\":{\"@type\":\"EntryPoint\",\"urlTemplate\":\"https:\/\/tuzlainfo.ba\/?s={search_term_string}\"},\"query-input\":{\"@type\":\"PropertyValueSpecification\",\"valueRequired\":true,\"valueName\":\"search_term_string\"}}],\"inLanguage\":\"bs-BA\"},{\"@type\":\"Organization\",\"@id\":\"https:\/\/tuzlainfo.ba\/#organization\",\"name\":\"TuzlaInfo.ba\",\"url\":\"https:\/\/tuzlainfo.ba\/\",\"logo\":{\"@type\":\"ImageObject\",\"inLanguage\":\"bs-BA\",\"@id\":\"https:\/\/tuzlainfo.ba\/#\/schema\/logo\/image\/\",\"url\":\"https:\/\/tuzlainfo.ba\/wp-content\/uploads\/2021\/03\/logo-ver-3-1.png\",\"contentUrl\":\"https:\/\/tuzlainfo.ba\/wp-content\/uploads\/2021\/03\/logo-ver-3-1.png\",\"width\":350,\"height\":95,\"caption\":\"TuzlaInfo.ba\"},\"image\":{\"@id\":\"https:\/\/tuzlainfo.ba\/#\/schema\/logo\/image\/\"},\"sameAs\":[\"https:\/\/www.facebook.com\/tuzlainfo.ba\/\"]},{\"@type\":\"Person\",\"@id\":\"https:\/\/tuzlainfo.ba\/#\/schema\/person\/f434e20dc27ea133923aab08451b7f7f\",\"name\":\"nedim\",\"image\":{\"@type\":\"ImageObject\",\"inLanguage\":\"bs-BA\",\"@id\":\"https:\/\/tuzlainfo.ba\/#\/schema\/person\/image\/\",\"url\":\"https:\/\/tuzlainfo.ba\/wp-content\/litespeed\/avatar\/aabad687af24844af817603ac1cbdc4f.jpg?ver=1777306975\",\"contentUrl\":\"https:\/\/tuzlainfo.ba\/wp-content\/litespeed\/avatar\/aabad687af24844af817603ac1cbdc4f.jpg?ver=1777306975\",\"caption\":\"nedim\"},\"description\":\"Tuzlainfo.ba pratite na dru\u0161tvenim mre\u017eama: Facebook, Instagram i Youtube. Svoje pri\u010de, upite i fotografije \u0161aljite na na\u0161u e-mail adresu.\"}]}<\/script>\n<!-- \/ Yoast SEO plugin. -->","yoast_head_json":{"title":"Vlasi tvrdi: \"Radoi\u010di\u0107 je Vu\u010di\u0107ev opunomo\u0107enik na Kosovu, ni\u0161ta ne radi bez njegovog znanja\" - TuzlaInfo.ba","robots":{"index":"index","follow":"follow","max-snippet":"max-snippet:-1","max-image-preview":"max-image-preview:large","max-video-preview":"max-video-preview:-1"},"canonical":"https:\/\/tuzlainfo.ba\/index.php\/clanci\/sa-svih-strana\/item\/218833-vlasi-tvrdi-radoicic-je-vucicev-opunomocenik-na-kosovu-nista-ne-radi-bez-njegovog-znanja\/","og_locale":"bs_BA","og_type":"article","og_title":"Vlasi tvrdi: \"Radoi\u010di\u0107 je Vu\u010di\u0107ev opunomo\u0107enik na Kosovu, ni\u0161ta ne radi bez njegovog znanja\" - TuzlaInfo.ba","og_description":"Azem Vllasi, visoki dr\u017eavni i partijski funkcioner iz doba Jugoslavije, u Pressingu na\u00a0N1\u00a0kazao je kako&hellip;","og_url":"https:\/\/tuzlainfo.ba\/index.php\/clanci\/sa-svih-strana\/item\/218833-vlasi-tvrdi-radoicic-je-vucicev-opunomocenik-na-kosovu-nista-ne-radi-bez-njegovog-znanja\/","og_site_name":"TuzlaInfo.ba","article_publisher":"https:\/\/www.facebook.com\/tuzlainfo.ba\/","article_published_time":"2023-10-04T19:59:53+00:00","og_image":[{"width":2048,"height":1152,"url":"https:\/\/tuzlainfo.ba\/wp-content\/uploads\/2022\/11\/1811_Tribina_BKCTK-azem_vlasi-6.jpg","type":"image\/jpeg"}],"author":"nedim","twitter_card":"summary_large_image","twitter_misc":{"Written by":"nedim","Est. reading time":"2 minute"},"schema":{"@context":"https:\/\/schema.org","@graph":[{"@type":"Article","@id":"https:\/\/tuzlainfo.ba\/index.php\/clanci\/sa-svih-strana\/item\/218833-vlasi-tvrdi-radoicic-je-vucicev-opunomocenik-na-kosovu-nista-ne-radi-bez-njegovog-znanja\/#article","isPartOf":{"@id":"https:\/\/tuzlainfo.ba\/index.php\/clanci\/sa-svih-strana\/item\/218833-vlasi-tvrdi-radoicic-je-vucicev-opunomocenik-na-kosovu-nista-ne-radi-bez-njegovog-znanja\/"},"author":{"name":"nedim","@id":"https:\/\/tuzlainfo.ba\/#\/schema\/person\/f434e20dc27ea133923aab08451b7f7f"},"headline":"Vlasi tvrdi: &#8220;Radoi\u010di\u0107 je Vu\u010di\u0107ev opunomo\u0107enik na Kosovu, ni\u0161ta ne radi bez njegovog znanja&#8221;","datePublished":"2023-10-04T19:59:53+00:00","dateModified":"2023-10-04T19:59:53+00:00","mainEntityOfPage":{"@id":"https:\/\/tuzlainfo.ba\/index.php\/clanci\/sa-svih-strana\/item\/218833-vlasi-tvrdi-radoicic-je-vucicev-opunomocenik-na-kosovu-nista-ne-radi-bez-njegovog-znanja\/"},"wordCount":413,"commentCount":0,"publisher":{"@id":"https:\/\/tuzlainfo.ba\/#organization"},"image":{"@id":"https:\/\/tuzlainfo.ba\/index.php\/clanci\/sa-svih-strana\/item\/218833-vlasi-tvrdi-radoicic-je-vucicev-opunomocenik-na-kosovu-nista-ne-radi-bez-njegovog-znanja\/#primaryimage"},"thumbnailUrl":"https:\/\/tuzlainfo.ba\/wp-content\/uploads\/2022\/11\/1811_Tribina_BKCTK-azem_vlasi-6.jpg","keywords":["azem vlasi","Milan Radoi\u010di\u0107"],"articleSection":["Sa svih strana"],"inLanguage":"bs-BA"},{"@type":"WebPage","@id":"https:\/\/tuzlainfo.ba\/index.php\/clanci\/sa-svih-strana\/item\/218833-vlasi-tvrdi-radoicic-je-vucicev-opunomocenik-na-kosovu-nista-ne-radi-bez-njegovog-znanja\/","url":"https:\/\/tuzlainfo.ba\/index.php\/clanci\/sa-svih-strana\/item\/218833-vlasi-tvrdi-radoicic-je-vucicev-opunomocenik-na-kosovu-nista-ne-radi-bez-njegovog-znanja\/","name":"Vlasi tvrdi: \"Radoi\u010di\u0107 je Vu\u010di\u0107ev opunomo\u0107enik na Kosovu, ni\u0161ta ne radi bez njegovog znanja\" - TuzlaInfo.ba","isPartOf":{"@id":"https:\/\/tuzlainfo.ba\/#website"},"primaryImageOfPage":{"@id":"https:\/\/tuzlainfo.ba\/index.php\/clanci\/sa-svih-strana\/item\/218833-vlasi-tvrdi-radoicic-je-vucicev-opunomocenik-na-kosovu-nista-ne-radi-bez-njegovog-znanja\/#primaryimage"},"image":{"@id":"https:\/\/tuzlainfo.ba\/index.php\/clanci\/sa-svih-strana\/item\/218833-vlasi-tvrdi-radoicic-je-vucicev-opunomocenik-na-kosovu-nista-ne-radi-bez-njegovog-znanja\/#primaryimage"},"thumbnailUrl":"https:\/\/tuzlainfo.ba\/wp-content\/uploads\/2022\/11\/1811_Tribina_BKCTK-azem_vlasi-6.jpg","datePublished":"2023-10-04T19:59:53+00:00","dateModified":"2023-10-04T19:59:53+00:00","breadcrumb":{"@id":"https:\/\/tuzlainfo.ba\/index.php\/clanci\/sa-svih-strana\/item\/218833-vlasi-tvrdi-radoicic-je-vucicev-opunomocenik-na-kosovu-nista-ne-radi-bez-njegovog-znanja\/#breadcrumb"},"inLanguage":"bs-BA","potentialAction":[{"@type":"ReadAction","target":["https:\/\/tuzlainfo.ba\/index.php\/clanci\/sa-svih-strana\/item\/218833-vlasi-tvrdi-radoicic-je-vucicev-opunomocenik-na-kosovu-nista-ne-radi-bez-njegovog-znanja\/"]}]},{"@type":"ImageObject","inLanguage":"bs-BA","@id":"https:\/\/tuzlainfo.ba\/index.php\/clanci\/sa-svih-strana\/item\/218833-vlasi-tvrdi-radoicic-je-vucicev-opunomocenik-na-kosovu-nista-ne-radi-bez-njegovog-znanja\/#primaryimage","url":"https:\/\/tuzlainfo.ba\/wp-content\/uploads\/2022\/11\/1811_Tribina_BKCTK-azem_vlasi-6.jpg","contentUrl":"https:\/\/tuzlainfo.ba\/wp-content\/uploads\/2022\/11\/1811_Tribina_BKCTK-azem_vlasi-6.jpg","width":2048,"height":1152},{"@type":"BreadcrumbList","@id":"https:\/\/tuzlainfo.ba\/index.php\/clanci\/sa-svih-strana\/item\/218833-vlasi-tvrdi-radoicic-je-vucicev-opunomocenik-na-kosovu-nista-ne-radi-bez-njegovog-znanja\/#breadcrumb","itemListElement":[{"@type":"ListItem","position":1,"name":"Home","item":"https:\/\/tuzlainfo.ba\/"},{"@type":"ListItem","position":2,"name":"Vlasi tvrdi: &#8220;Radoi\u010di\u0107 je Vu\u010di\u0107ev opunomo\u0107enik na Kosovu, ni\u0161ta ne radi bez njegovog znanja&#8221;"}]},{"@type":"WebSite","@id":"https:\/\/tuzlainfo.ba\/#website","url":"https:\/\/tuzlainfo.ba\/","name":"TuzlaInfo.ba","description":"Tuzla info, gradski informator - Tuzla na dlanu","publisher":{"@id":"https:\/\/tuzlainfo.ba\/#organization"},"potentialAction":[{"@type":"SearchAction","target":{"@type":"EntryPoint","urlTemplate":"https:\/\/tuzlainfo.ba\/?s={search_term_string}"},"query-input":{"@type":"PropertyValueSpecification","valueRequired":true,"valueName":"search_term_string"}}],"inLanguage":"bs-BA"},{"@type":"Organization","@id":"https:\/\/tuzlainfo.ba\/#organization","name":"TuzlaInfo.ba","url":"https:\/\/tuzlainfo.ba\/","logo":{"@type":"ImageObject","inLanguage":"bs-BA","@id":"https:\/\/tuzlainfo.ba\/#\/schema\/logo\/image\/","url":"https:\/\/tuzlainfo.ba\/wp-content\/uploads\/2021\/03\/logo-ver-3-1.png","contentUrl":"https:\/\/tuzlainfo.ba\/wp-content\/uploads\/2021\/03\/logo-ver-3-1.png","width":350,"height":95,"caption":"TuzlaInfo.ba"},"image":{"@id":"https:\/\/tuzlainfo.ba\/#\/schema\/logo\/image\/"},"sameAs":["https:\/\/www.facebook.com\/tuzlainfo.ba\/"]},{"@type":"Person","@id":"https:\/\/tuzlainfo.ba\/#\/schema\/person\/f434e20dc27ea133923aab08451b7f7f","name":"nedim","image":{"@type":"ImageObject","inLanguage":"bs-BA","@id":"https:\/\/tuzlainfo.ba\/#\/schema\/person\/image\/","url":"https:\/\/tuzlainfo.ba\/wp-content\/litespeed\/avatar\/aabad687af24844af817603ac1cbdc4f.jpg?ver=1777306975","contentUrl":"https:\/\/tuzlainfo.ba\/wp-content\/litespeed\/avatar\/aabad687af24844af817603ac1cbdc4f.jpg?ver=1777306975","caption":"nedim"},"description":"Tuzlainfo.ba pratite na dru\u0161tvenim mre\u017eama: Facebook, Instagram i Youtube. Svoje pri\u010de, upite i fotografije \u0161aljite na na\u0161u e-mail adresu."}]}},"_links":{"self":[{"href":"https:\/\/tuzlainfo.ba\/index.php\/wp-json\/wp\/v2\/posts\/218833"}],"collection":[{"href":"https:\/\/tuzlainfo.ba\/index.php\/wp-json\/wp\/v2\/posts"}],"about":[{"href":"https:\/\/tuzlainfo.ba\/index.php\/wp-json\/wp\/v2\/types\/post"}],"author":[{"embeddable":true,"href":"https:\/\/tuzlainfo.ba\/index.php\/wp-json\/wp\/v2\/users\/2"}],"replies":[{"embeddable":true,"href":"https:\/\/tuzlainfo.ba\/index.php\/wp-json\/wp\/v2\/comments?post=218833"}],"version-history":[{"count":1,"href":"https:\/\/tuzlainfo.ba\/index.php\/wp-json\/wp\/v2\/posts\/218833\/revisions"}],"predecessor-version":[{"id":218834,"href":"https:\/\/tuzlainfo.ba\/index.php\/wp-json\/wp\/v2\/posts\/218833\/revisions\/218834"}],"wp:featuredmedia":[{"embeddable":true,"href":"https:\/\/tuzlainfo.ba\/index.php\/wp-json\/wp\/v2\/media\/189714"}],"wp:attachment":[{"href":"https:\/\/tuzlainfo.ba\/index.php\/wp-json\/wp\/v2\/media?parent=218833"}],"wp:term":[{"taxonomy":"category","embeddable":true,"href":"https:\/\/tuzlainfo.ba\/index.php\/wp-json\/wp\/v2\/categories?post=218833"},{"taxonomy":"post_tag","embeddable":true,"href":"https:\/\/tuzlainfo.ba\/index.php\/wp-json\/wp\/v2\/tags?post=218833"}],"curies":[{"name":"wp","href":"https:\/\/api.w.org\/{rel}","templated":true}]}}